{"id":2549537,"date":"2024-09-23T19:10:22","date_gmt":"2024-09-23T18:10:22","guid":{"rendered":"https:\/\/www.pressenza.com\/?p=2549537"},"modified":"2024-09-24T16:54:30","modified_gmt":"2024-09-24T15:54:30","slug":"per-kitim-omar-e-tutti-gli-altri","status":"publish","type":"post","link":"https:\/\/www.pressenza.com\/it\/2024\/09\/per-kitim-omar-e-tutti-gli-altri\/","title":{"rendered":"Per Kitim, Omar e tutti gli altri"},"content":{"rendered":"<p>Ci siamo incontrati questo luned\u00ec 23 a fianco della cattedrale di Palermo, in mezzo a turisti di tutto il mondo che, incuriositi, ci chiedevano perch\u00e9 fossimo l\u00ec con i cartelloni \u201cBlack lives matter\u201d e \u201cNo justice no peace\u201d e si fermavano ad ascoltare la storia di Kitim Ceesay, ragazzo gambiano poco pi\u00f9 che ventenne ucciso sei mesi fa per accoltellamento e poi travolto da un\u2019auto a porta Sant\u2019Agata nel quartiere proletario di Ballar\u00f2.<\/p>\n<p>Siamo tornati qui &#8211; l\u2019associazione dei Giovani Gambiani, l\u2019Arci, Refugees Welcome, la Biblioteca delle Donne dell\u2019UdiPalermo, il Forum Antirazzista, il collettivo universitario Scirocco, Moltivolti, l\u2019associazione palestinese Voci dal Silenzio e tanti altri ancora &#8211; per chiedere innanzi tutto che vengano resi noti i risultati dell\u2019autopsia svolta a marzo e ancora celati, in modo da individuare cause e responsabilit\u00e0 dell\u2019assassinio.<\/p>\n<p>Molteplici gli interventi che si sono susseguiti lungo il percorso nel centro storico, fino al luogo del delitto. Tutti hanno sottolineato che volere giustizia per Kitim, il quale ha lasciato una giovane compagna e due figli piccolissimi, significa esigere rispetto e dignit\u00e0 per ogni cittadino di uno Stato che non pu\u00f2 dirsi retto e imparziale se pecca di reticenza, omert\u00e0 e complicit\u00e0 con gli assassini.<\/p>\n<p>Questi ragazzi venuti dall\u2019Africa, che stasera sfilano determinati e orgogliosi, si fidavano della democrazia europea e della sua proclamata tutela dei diritti umani; ora si sentono giustamente delusi.<\/p>\n<p>Perci\u00f2 ribadiscono di essere qui anche per testimoniare solidariet\u00e0 agli altri migranti sfruttati, al popolo palestinese impegnato per la sua liberazione, ai lavoratori tutti offesi da ogni forma di repressione.<\/p>\n<p>E ci ricordano il prossimo appuntamento, il 30 settembre, a Campobello di Mazara, dove gi\u00e0 lo scorso anno si \u00e8 svolta una manifestazione di antimafia sociale in memoria di Omar Baldeh, morto il 30 settembre 2021 nell\u2019incendio in cui \u00e8 bruciato il ghetto all&#8217;ex cementificio Calcestruzzi, dove vivevano i braccianti impegnati nella raccolta delle olive.<\/p>\n<div class=\"post-gallery\">\n\t\t\t<figure class=\"post-gallery-item\">\n\t\t\t\t<img decoding=\"async\" src=\"https:\/\/www.pressenza.com\/wp-content\/uploads\/2024\/09\/bici.jpg\" loading=\"lazy\">\n\t\t\t\t<figcaption>\n\t\t\t\t\t\n\t\t\t\t<\/figcaption>\n\t\t\t<\/figure>\n\t\t\t<figure class=\"post-gallery-item\">\n\t\t\t\t<img decoding=\"async\" src=\"https:\/\/www.pressenza.com\/wp-content\/uploads\/2024\/09\/black-lives-matter.jpg\" loading=\"lazy\">\n\t\t\t\t<figcaption>\n\t\t\t\t\t\n\t\t\t\t<\/figcaption>\n\t\t\t<\/figure>\n\t\t\t<figure class=\"post-gallery-item\">\n\t\t\t\t<img decoding=\"async\" src=\"https:\/\/www.pressenza.com\/wp-content\/uploads\/2024\/09\/compagne.jpg\" loading=\"lazy\">\n\t\t\t\t<figcaption>\n\t\t\t\t\t\n\t\t\t\t<\/figcaption>\n\t\t\t<\/figure>\n\t\t\t<figure class=\"post-gallery-item\">\n\t\t\t\t<img decoding=\"async\" src=\"https:\/\/www.pressenza.com\/wp-content\/uploads\/2024\/09\/cordone.jpg\" loading=\"lazy\">\n\t\t\t\t<figcaption>\n\t\t\t\t\t\n\t\t\t\t<\/figcaption>\n\t\t\t<\/figure>\n\t\t\t<figure class=\"post-gallery-item\">\n\t\t\t\t<img decoding=\"async\" src=\"https:\/\/www.pressenza.com\/wp-content\/uploads\/2024\/09\/fausto-2.jpg\" loading=\"lazy\">\n\t\t\t\t<figcaption>\n\t\t\t\t\t\n\t\t\t\t<\/figcaption>\n\t\t\t<\/figure>\n\t\t\t<figure class=\"post-gallery-item\">\n\t\t\t\t<img decoding=\"async\" src=\"https:\/\/www.pressenza.com\/wp-content\/uploads\/2024\/09\/fausto.jpg\" loading=\"lazy\">\n\t\t\t\t<figcaption>\n\t\t\t\t\t\n\t\t\t\t<\/figcaption>\n\t\t\t<\/figure>\n\t\t\t<figure class=\"post-gallery-item\">\n\t\t\t\t<img decoding=\"async\" src=\"https:\/\/www.pressenza.com\/wp-content\/uploads\/2024\/09\/incontri.jpg\" loading=\"lazy\">\n\t\t\t\t<figcaption>\n\t\t\t\t\t\n\t\t\t\t<\/figcaption>\n\t\t\t<\/figure>\n\t\t\t<figure class=\"post-gallery-item\">\n\t\t\t\t<img decoding=\"async\" src=\"https:\/\/www.pressenza.com\/wp-content\/uploads\/2024\/09\/testa-del-corteo.jpg\" loading=\"lazy\">\n\t\t\t\t<figcaption>\n\t\t\t\t\t\n\t\t\t\t<\/figcaption>\n\t\t\t<\/figure><\/div>\n","protected":false},"excerpt":{"rendered":"<p>Ci siamo incontrati questo luned\u00ec 23 a fianco della cattedrale di Palermo, in mezzo a turisti di tutto il mondo che, incuriositi, ci chiedevano perch\u00e9 fossimo l\u00ec con i cartelloni \u201cBlack lives matter\u201d e \u201cNo justice no peace\u201d e si&hellip;<\/p>\n","protected":false},"author":2071,"featured_media":2549540,"comment_status":"closed","ping_status":"closed","sticky":false,"template":"","format":"standard","meta":{"footnotes":""},"categories":[60,5677,54572,1261],"tags":[127017,2980,126824,127016],"class_list":["post-2549537","post","type-post","status-publish","format-standard","has-post-thumbnail","hentry","category-diritti-umani","category-fotoreportages","category-migranti","category-diversita","tag-antimafia-sociale","tag-antirazzismo","tag-kitim-ceesay","tag-omar-baldeh"],"yoast_head":"<!-- This site is optimized with the Yoast SEO plugin v27.1.1 - https:\/\/yoast.com\/product\/yoast-seo-wordpress\/ -->\n<title>Per Kitim, Omar e tutti gli altri<\/title>\n<meta name=\"description\" content=\"Ci siamo incontrati questo luned\u00ec 23 a fianco della cattedrale di Palermo, in mezzo a turisti di tutto il mondo che, incuriositi, ci chiedevano perch\u00e9\" \/>\n<meta name=\"robots\" content=\"index, follow, max-snippet:-1, max-image-preview:large, max-video-preview:-1\" \/>\n<link rel=\"canonical\" href=\"https:\/\/www.pressenza.com\/it\/2024\/09\/per-kitim-omar-e-tutti-gli-altri\/\" \/>\n<meta property=\"og:locale\" content=\"it_IT\" \/>\n<meta property=\"og:type\" content=\"article\" \/>\n<meta property=\"og:title\" content=\"Per Kitim, Omar e tutti gli altri\" \/>\n<meta property=\"og:description\" content=\"Ci siamo incontrati questo luned\u00ec 23 a fianco della cattedrale di Palermo, in mezzo a turisti di tutto il mondo che, incuriositi, ci chiedevano perch\u00e9\" \/>\n<meta property=\"og:url\" content=\"https:\/\/www.pressenza.com\/it\/2024\/09\/per-kitim-omar-e-tutti-gli-altri\/\" \/>\n<meta property=\"og:site_name\" content=\"Pressenza\" \/>\n<meta property=\"article:publisher\" content=\"https:\/\/www.facebook.com\/PressenzaItalia\" \/>\n<meta property=\"article:published_time\" content=\"2024-09-23T18:10:22+00:00\" \/>\n<meta property=\"article:modified_time\" content=\"2024-09-24T15:54:30+00:00\" \/>\n<meta property=\"og:image\" content=\"https:\/\/www.pressenza.com\/wp-content\/uploads\/2024\/09\/amici.jpg\" \/>\n\t<meta property=\"og:image:width\" content=\"800\" \/>\n\t<meta property=\"og:image:height\" content=\"600\" \/>\n\t<meta property=\"og:image:type\" content=\"image\/jpeg\" \/>\n<meta name=\"author\" content=\"Daniela Musumeci\" \/>\n<meta name=\"twitter:card\" content=\"summary_large_image\" \/>\n<meta name=\"twitter:creator\" content=\"@PressenzaIPA\" \/>\n<meta name=\"twitter:site\" content=\"@PressenzaIPA\" \/>\n<meta name=\"twitter:label1\" content=\"Scritto da\" \/>\n\t<meta name=\"twitter:data1\" content=\"Daniela Musumeci\" \/>\n\t<meta name=\"twitter:label2\" content=\"Tempo di lettura stimato\" \/>\n\t<meta name=\"twitter:data2\" content=\"2 minuti\" \/>\n<script type=\"application\/ld+json\" class=\"yoast-schema-graph\">{\"@context\":\"https:\/\/schema.org\",\"@graph\":[{\"@type\":\"Article\",\"@id\":\"https:\/\/www.pressenza.com\/it\/2024\/09\/per-kitim-omar-e-tutti-gli-altri\/#article\",\"isPartOf\":{\"@id\":\"https:\/\/www.pressenza.com\/it\/2024\/09\/per-kitim-omar-e-tutti-gli-altri\/\"},\"author\":{\"name\":\"Daniela Musumeci\",\"@id\":\"https:\/\/www.pressenza.com\/it\/#\/schema\/person\/0572f6ebe44be483ac92970960e293ad\"},\"headline\":\"Per Kitim, Omar e tutti gli altri\",\"datePublished\":\"2024-09-23T18:10:22+00:00\",\"dateModified\":\"2024-09-24T15:54:30+00:00\",\"mainEntityOfPage\":{\"@id\":\"https:\/\/www.pressenza.com\/it\/2024\/09\/per-kitim-omar-e-tutti-gli-altri\/\"},\"wordCount\":324,\"publisher\":{\"@id\":\"https:\/\/www.pressenza.com\/it\/#organization\"},\"image\":{\"@id\":\"https:\/\/www.pressenza.com\/it\/2024\/09\/per-kitim-omar-e-tutti-gli-altri\/#primaryimage\"},\"thumbnailUrl\":\"https:\/\/www.pressenza.com\/wp-content\/uploads\/2024\/09\/amici.jpg\",\"keywords\":[\"antimafia sociale\",\"antirazzismo\",\"Kitim Ceesay\",\"Omar Baldeh\"],\"articleSection\":[\"Diritti Umani\",\"Fotoreportages\",\"Migranti\",\"Non discriminazione\"],\"inLanguage\":\"it-IT\"},{\"@type\":\"WebPage\",\"@id\":\"https:\/\/www.pressenza.com\/it\/2024\/09\/per-kitim-omar-e-tutti-gli-altri\/\",\"url\":\"https:\/\/www.pressenza.com\/it\/2024\/09\/per-kitim-omar-e-tutti-gli-altri\/\",\"name\":\"Per Kitim, Omar e tutti gli altri\",\"isPartOf\":{\"@id\":\"https:\/\/www.pressenza.com\/it\/#website\"},\"primaryImageOfPage\":{\"@id\":\"https:\/\/www.pressenza.com\/it\/2024\/09\/per-kitim-omar-e-tutti-gli-altri\/#primaryimage\"},\"image\":{\"@id\":\"https:\/\/www.pressenza.com\/it\/2024\/09\/per-kitim-omar-e-tutti-gli-altri\/#primaryimage\"},\"thumbnailUrl\":\"https:\/\/www.pressenza.com\/wp-content\/uploads\/2024\/09\/amici.jpg\",\"datePublished\":\"2024-09-23T18:10:22+00:00\",\"dateModified\":\"2024-09-24T15:54:30+00:00\",\"description\":\"Ci siamo incontrati questo luned\u00ec 23 a fianco della cattedrale di Palermo, in mezzo a turisti di tutto il mondo che, incuriositi, ci chiedevano perch\u00e9\",\"breadcrumb\":{\"@id\":\"https:\/\/www.pressenza.com\/it\/2024\/09\/per-kitim-omar-e-tutti-gli-altri\/#breadcrumb\"},\"inLanguage\":\"it-IT\",\"potentialAction\":[{\"@type\":\"ReadAction\",\"target\":[\"https:\/\/www.pressenza.com\/it\/2024\/09\/per-kitim-omar-e-tutti-gli-altri\/\"]}]},{\"@type\":\"ImageObject\",\"inLanguage\":\"it-IT\",\"@id\":\"https:\/\/www.pressenza.com\/it\/2024\/09\/per-kitim-omar-e-tutti-gli-altri\/#primaryimage\",\"url\":\"https:\/\/www.pressenza.com\/wp-content\/uploads\/2024\/09\/amici.jpg\",\"contentUrl\":\"https:\/\/www.pressenza.com\/wp-content\/uploads\/2024\/09\/amici.jpg\",\"width\":800,\"height\":600},{\"@type\":\"BreadcrumbList\",\"@id\":\"https:\/\/www.pressenza.com\/it\/2024\/09\/per-kitim-omar-e-tutti-gli-altri\/#breadcrumb\",\"itemListElement\":[{\"@type\":\"ListItem\",\"position\":1,\"name\":\"Accueil\",\"item\":\"https:\/\/www.pressenza.com\/it\/\"},{\"@type\":\"ListItem\",\"position\":2,\"name\":\"Per Kitim, Omar e tutti gli altri\"}]},{\"@type\":\"WebSite\",\"@id\":\"https:\/\/www.pressenza.com\/it\/#website\",\"url\":\"https:\/\/www.pressenza.com\/it\/\",\"name\":\"Pressenza\",\"description\":\"Agenzia di Stampa Internazionale\",\"publisher\":{\"@id\":\"https:\/\/www.pressenza.com\/it\/#organization\"},\"potentialAction\":[{\"@type\":\"SearchAction\",\"target\":{\"@type\":\"EntryPoint\",\"urlTemplate\":\"https:\/\/www.pressenza.com\/it\/?s={search_term_string}\"},\"query-input\":{\"@type\":\"PropertyValueSpecification\",\"valueRequired\":true,\"valueName\":\"search_term_string\"}}],\"inLanguage\":\"it-IT\"},{\"@type\":\"Organization\",\"@id\":\"https:\/\/www.pressenza.com\/it\/#organization\",\"name\":\"Pressenza\",\"url\":\"https:\/\/www.pressenza.com\/it\/\",\"logo\":{\"@type\":\"ImageObject\",\"inLanguage\":\"it-IT\",\"@id\":\"https:\/\/www.pressenza.com\/it\/#\/schema\/logo\/image\/\",\"url\":\"https:\/\/www.pressenza.com\/wp-content\/uploads\/2022\/10\/pressenza_logo_200x200.jpg\",\"contentUrl\":\"https:\/\/www.pressenza.com\/wp-content\/uploads\/2022\/10\/pressenza_logo_200x200.jpg\",\"width\":200,\"height\":200,\"caption\":\"Pressenza\"},\"image\":{\"@id\":\"https:\/\/www.pressenza.com\/it\/#\/schema\/logo\/image\/\"},\"sameAs\":[\"https:\/\/www.facebook.com\/PressenzaItalia\",\"https:\/\/x.com\/PressenzaIPA\"]},{\"@type\":\"Person\",\"@id\":\"https:\/\/www.pressenza.com\/it\/#\/schema\/person\/0572f6ebe44be483ac92970960e293ad\",\"name\":\"Daniela Musumeci\",\"description\":\"Daniela Musumeci \u00e8 nata nel 1953 a Palermo, dove ha insegnato filosofia e storia nei licei, scientifico e classico, occupandosi tra l\u2019altro di educazione alla interculturalit\u00e0, didattica antimafia e pedagogia della differenza. Ha pubblicato diverse raccolte di poesie e collaborato con la rivista \u201cMezzocielo\u201d e l\u2019associazione \u201cLuminaria\u201d. Attualmente partecipa alle attivit\u00e0 del No Mafia Memorial, del Caff\u00e8 Filosofico \u201cB. Bonetti\u201d e alla redazione di Palermo di Pressenza. \u00c8 volontaria di Refugees Welcome Italia. Ha curato con altre autrici un\u2019antologia di scrittrici e scrittori siciliani di ogni tempo.\",\"url\":\"https:\/\/www.pressenza.com\/it\/author\/daniela-musumeci\/\"}]}<\/script>\n<!-- \/ Yoast SEO plugin. -->","yoast_head_json":{"title":"Per Kitim, Omar e tutti gli altri","description":"Ci siamo incontrati questo luned\u00ec 23 a fianco della cattedrale di Palermo, in mezzo a turisti di tutto il mondo che, incuriositi, ci chiedevano perch\u00e9","robots":{"index":"index","follow":"follow","max-snippet":"max-snippet:-1","max-image-preview":"max-image-preview:large","max-video-preview":"max-video-preview:-1"},"canonical":"https:\/\/www.pressenza.com\/it\/2024\/09\/per-kitim-omar-e-tutti-gli-altri\/","og_locale":"it_IT","og_type":"article","og_title":"Per Kitim, Omar e tutti gli altri","og_description":"Ci siamo incontrati questo luned\u00ec 23 a fianco della cattedrale di Palermo, in mezzo a turisti di tutto il mondo che, incuriositi, ci chiedevano perch\u00e9","og_url":"https:\/\/www.pressenza.com\/it\/2024\/09\/per-kitim-omar-e-tutti-gli-altri\/","og_site_name":"Pressenza","article_publisher":"https:\/\/www.facebook.com\/PressenzaItalia","article_published_time":"2024-09-23T18:10:22+00:00","article_modified_time":"2024-09-24T15:54:30+00:00","og_image":[{"width":800,"height":600,"url":"https:\/\/www.pressenza.com\/wp-content\/uploads\/2024\/09\/amici.jpg","type":"image\/jpeg"}],"author":"Daniela Musumeci","twitter_card":"summary_large_image","twitter_creator":"@PressenzaIPA","twitter_site":"@PressenzaIPA","twitter_misc":{"Scritto da":"Daniela Musumeci","Tempo di lettura stimato":"2 minuti"},"schema":{"@context":"https:\/\/schema.org","@graph":[{"@type":"Article","@id":"https:\/\/www.pressenza.com\/it\/2024\/09\/per-kitim-omar-e-tutti-gli-altri\/#article","isPartOf":{"@id":"https:\/\/www.pressenza.com\/it\/2024\/09\/per-kitim-omar-e-tutti-gli-altri\/"},"author":{"name":"Daniela Musumeci","@id":"https:\/\/www.pressenza.com\/it\/#\/schema\/person\/0572f6ebe44be483ac92970960e293ad"},"headline":"Per Kitim, Omar e tutti gli altri","datePublished":"2024-09-23T18:10:22+00:00","dateModified":"2024-09-24T15:54:30+00:00","mainEntityOfPage":{"@id":"https:\/\/www.pressenza.com\/it\/2024\/09\/per-kitim-omar-e-tutti-gli-altri\/"},"wordCount":324,"publisher":{"@id":"https:\/\/www.pressenza.com\/it\/#organization"},"image":{"@id":"https:\/\/www.pressenza.com\/it\/2024\/09\/per-kitim-omar-e-tutti-gli-altri\/#primaryimage"},"thumbnailUrl":"https:\/\/www.pressenza.com\/wp-content\/uploads\/2024\/09\/amici.jpg","keywords":["antimafia sociale","antirazzismo","Kitim Ceesay","Omar Baldeh"],"articleSection":["Diritti Umani","Fotoreportages","Migranti","Non discriminazione"],"inLanguage":"it-IT"},{"@type":"WebPage","@id":"https:\/\/www.pressenza.com\/it\/2024\/09\/per-kitim-omar-e-tutti-gli-altri\/","url":"https:\/\/www.pressenza.com\/it\/2024\/09\/per-kitim-omar-e-tutti-gli-altri\/","name":"Per Kitim, Omar e tutti gli altri","isPartOf":{"@id":"https:\/\/www.pressenza.com\/it\/#website"},"primaryImageOfPage":{"@id":"https:\/\/www.pressenza.com\/it\/2024\/09\/per-kitim-omar-e-tutti-gli-altri\/#primaryimage"},"image":{"@id":"https:\/\/www.pressenza.com\/it\/2024\/09\/per-kitim-omar-e-tutti-gli-altri\/#primaryimage"},"thumbnailUrl":"https:\/\/www.pressenza.com\/wp-content\/uploads\/2024\/09\/amici.jpg","datePublished":"2024-09-23T18:10:22+00:00","dateModified":"2024-09-24T15:54:30+00:00","description":"Ci siamo incontrati questo luned\u00ec 23 a fianco della cattedrale di Palermo, in mezzo a turisti di tutto il mondo che, incuriositi, ci chiedevano perch\u00e9","breadcrumb":{"@id":"https:\/\/www.pressenza.com\/it\/2024\/09\/per-kitim-omar-e-tutti-gli-altri\/#breadcrumb"},"inLanguage":"it-IT","potentialAction":[{"@type":"ReadAction","target":["https:\/\/www.pressenza.com\/it\/2024\/09\/per-kitim-omar-e-tutti-gli-altri\/"]}]},{"@type":"ImageObject","inLanguage":"it-IT","@id":"https:\/\/www.pressenza.com\/it\/2024\/09\/per-kitim-omar-e-tutti-gli-altri\/#primaryimage","url":"https:\/\/www.pressenza.com\/wp-content\/uploads\/2024\/09\/amici.jpg","contentUrl":"https:\/\/www.pressenza.com\/wp-content\/uploads\/2024\/09\/amici.jpg","width":800,"height":600},{"@type":"BreadcrumbList","@id":"https:\/\/www.pressenza.com\/it\/2024\/09\/per-kitim-omar-e-tutti-gli-altri\/#breadcrumb","itemListElement":[{"@type":"ListItem","position":1,"name":"Accueil","item":"https:\/\/www.pressenza.com\/it\/"},{"@type":"ListItem","position":2,"name":"Per Kitim, Omar e tutti gli altri"}]},{"@type":"WebSite","@id":"https:\/\/www.pressenza.com\/it\/#website","url":"https:\/\/www.pressenza.com\/it\/","name":"Pressenza","description":"Agenzia di Stampa Internazionale","publisher":{"@id":"https:\/\/www.pressenza.com\/it\/#organization"},"potentialAction":[{"@type":"SearchAction","target":{"@type":"EntryPoint","urlTemplate":"https:\/\/www.pressenza.com\/it\/?s={search_term_string}"},"query-input":{"@type":"PropertyValueSpecification","valueRequired":true,"valueName":"search_term_string"}}],"inLanguage":"it-IT"},{"@type":"Organization","@id":"https:\/\/www.pressenza.com\/it\/#organization","name":"Pressenza","url":"https:\/\/www.pressenza.com\/it\/","logo":{"@type":"ImageObject","inLanguage":"it-IT","@id":"https:\/\/www.pressenza.com\/it\/#\/schema\/logo\/image\/","url":"https:\/\/www.pressenza.com\/wp-content\/uploads\/2022\/10\/pressenza_logo_200x200.jpg","contentUrl":"https:\/\/www.pressenza.com\/wp-content\/uploads\/2022\/10\/pressenza_logo_200x200.jpg","width":200,"height":200,"caption":"Pressenza"},"image":{"@id":"https:\/\/www.pressenza.com\/it\/#\/schema\/logo\/image\/"},"sameAs":["https:\/\/www.facebook.com\/PressenzaItalia","https:\/\/x.com\/PressenzaIPA"]},{"@type":"Person","@id":"https:\/\/www.pressenza.com\/it\/#\/schema\/person\/0572f6ebe44be483ac92970960e293ad","name":"Daniela Musumeci","description":"Daniela Musumeci \u00e8 nata nel 1953 a Palermo, dove ha insegnato filosofia e storia nei licei, scientifico e classico, occupandosi tra l\u2019altro di educazione alla interculturalit\u00e0, didattica antimafia e pedagogia della differenza. Ha pubblicato diverse raccolte di poesie e collaborato con la rivista \u201cMezzocielo\u201d e l\u2019associazione \u201cLuminaria\u201d. Attualmente partecipa alle attivit\u00e0 del No Mafia Memorial, del Caff\u00e8 Filosofico \u201cB. Bonetti\u201d e alla redazione di Palermo di Pressenza. \u00c8 volontaria di Refugees Welcome Italia. Ha curato con altre autrici un\u2019antologia di scrittrici e scrittori siciliani di ogni tempo.","url":"https:\/\/www.pressenza.com\/it\/author\/daniela-musumeci\/"}]}},"place":"","original_article_url":"","_links":{"self":[{"href":"https:\/\/www.pressenza.com\/it\/wp-json\/wp\/v2\/posts\/2549537","targetHints":{"allow":["GET"]}}],"collection":[{"href":"https:\/\/www.pressenza.com\/it\/wp-json\/wp\/v2\/posts"}],"about":[{"href":"https:\/\/www.pressenza.com\/it\/wp-json\/wp\/v2\/types\/post"}],"author":[{"embeddable":true,"href":"https:\/\/www.pressenza.com\/it\/wp-json\/wp\/v2\/users\/2071"}],"replies":[{"embeddable":true,"href":"https:\/\/www.pressenza.com\/it\/wp-json\/wp\/v2\/comments?post=2549537"}],"version-history":[{"count":0,"href":"https:\/\/www.pressenza.com\/it\/wp-json\/wp\/v2\/posts\/2549537\/revisions"}],"wp:featuredmedia":[{"embeddable":true,"href":"https:\/\/www.pressenza.com\/it\/wp-json\/wp\/v2\/media\/2549540"}],"wp:attachment":[{"href":"https:\/\/www.pressenza.com\/it\/wp-json\/wp\/v2\/media?parent=2549537"}],"wp:term":[{"taxonomy":"category","embeddable":true,"href":"https:\/\/www.pressenza.com\/it\/wp-json\/wp\/v2\/categories?post=2549537"},{"taxonomy":"post_tag","embeddable":true,"href":"https:\/\/www.pressenza.com\/it\/wp-json\/wp\/v2\/tags?post=2549537"}],"curies":[{"name":"wp","href":"https:\/\/api.w.org\/{rel}","templated":true}]}}