{"id":2549262,"date":"2024-09-22T11:08:37","date_gmt":"2024-09-22T10:08:37","guid":{"rendered":"https:\/\/www.pressenza.com\/?p=2549262"},"modified":"2024-09-22T11:08:37","modified_gmt":"2024-09-22T10:08:37","slug":"venezia-riprendiamoci-le-citta","status":"publish","type":"post","link":"https:\/\/www.pressenza.com\/it\/2024\/09\/venezia-riprendiamoci-le-citta\/","title":{"rendered":"Venezia: riprendiamoci le citt\u00e0"},"content":{"rendered":"<p><span style=\"font-weight: 400;\">Diversi anni fa quando le strade e le piazze di questo Paese erano piene di manifestanti dei nuovi movimenti nati tra la fine del vecchio millennio e il nuovoebbi un breve colloquio, ad un corteo ad Ancona, con un funzionario della Digos che conoscevo da quando anche lui negli anni Settanta, giovanissimo, frequentava la piazza abitualmente meta di noi militanti extraparlamentari, prima di fare la scelta che inevitabilmente lo allontan\u00f2. Ad un certo punto parlando dei centri sociali mi disse una frase sorprendente per un poliziotto. \u201cSono presidi di democrazia\u201d. Magari fu una ruffianata, per\u00f2 ogni tanto ripenso a quel commento e mi sembra una sintesi perfetta e inevitabilmente mi \u00e8 tornata in mente dopo la drammatica vicenda veneziana dove Giacomo,\u00a0 giovane compagno dello storico centro sociale Rivolta, \u00e8 stato ucciso per salvare una ragazza da un borseggio, e Sebastiano \u00e8 stato ferito ad una gamba.\u00a0<\/span><\/p>\n<p><span style=\"font-weight: 400;\">Perch\u00e9 da sempre i centri sociali sono nel mirino della canea reazionaria e anche di regime.\u00a0<\/span><\/p>\n<p><span style=\"font-weight: 400;\">Non si perde occasione per dipingerli come \u201cviolenti\u201d, \u201cillegali\u201d e tutte le stupidaggini e calunnie possibili, ignorando che, pur con tutti gli inevitabili difetti e anche limiti, sono appunto un \u201cpresidio di democrazia\u201d, oggi pi\u00f9 che mai.<\/span><\/p>\n<p><span style=\"font-weight: 400;\">Il Manifesto di oggi nell\u2019articolo di cronaca ricorda, insieme ad un ottimo editoriale di Gianfranco Bettin, come anche a Venezia da alcuni anni siano state applicate quelle politiche securitarie, in sintonia con buona parte delle nostre citt\u00e0, piccole o grandi, di cui il gravissimo decreto governativo \u201csicurezza\u201d in dirittura d\u2019arrivo, ne \u00e8 in qualche modo emblematico e criminale simbolo, e si evidenzia che di fronte alle solite logiche fascistoidi contro il \u201cdegrado\u201d,\u00a0 anche nella citt\u00e0 della laguna si \u00e8 formato una articolato fronte sociale che si \u00e8 dato un nome che a quelli della mia generazione evoca una delle fasi pi\u00f9 felici e feconde dei vituperati anni Settanta: \u201cRiprendiamoci la citt\u00e0\u201d, probabilmente un parola d\u2019ordine che, nonostante siano passati pi\u00f9 di mezzo secolo,\u00a0 mantiene ancora tutta la sua attualit\u00e0, oggi ancora pi\u00f9 di ieri. Giacomo insieme ai compagni del Rivolta, in buona e generosa compagnia con altre associazioni,\u00a0 faceva di tutto per contrastare l\u2019unico e vero degrado, quello delle politiche autoritarie e vessatorie che le varie amministrazioni comunali, spesso senza distinzione di collocazione partitica,\u00a0 attuano da diverso tempo. Appunto cercavano di riprendersi la citt\u00e0, rivendicando un tessuto urbano solidale, inclusivo, dove i principali diritti sociali, a partire da quello fondamentale della casa, siano rispettati e attuati. E i centri sociali, pur con tutte le difficolt\u00e0 del contesto attuale, con il governo probabilmente pi\u00f9 becero e fascista della storia della Repubblica, sono il fulcro di questa resistenza, il soggetto che nelle grandi metropoli come nei centri minori cercano appunto, insieme ad altri, di \u201criprendersi la citt\u00e0\u201d.\u00a0<\/span><\/p>\n<p><span style=\"font-weight: 400;\">In questo momento abbiamo le lacrime agli occhi e siamo vicini come non mai ai familiari di Giacomo e ai compagni del Rivolta. Anche nel suo ricordo andremo avanti non arretrando di un millimetro. Perch\u00e9, a proposito di vecchi slogans, la lotta continua.<\/span><\/p>\n<p>&nbsp;<\/p>\n","protected":false},"excerpt":{"rendered":"<p>Diversi anni fa quando le strade e le piazze di questo Paese erano piene di manifestanti dei nuovi movimenti nati tra la fine del vecchio millennio e il nuovoebbi un breve colloquio, ad un corteo ad Ancona, con un funzionario&hellip;<\/p>\n","protected":false},"author":2112,"featured_media":2549263,"comment_status":"closed","ping_status":"closed","sticky":false,"template":"","format":"standard","meta":{"footnotes":""},"categories":[11388,162,55],"tags":[7889,15077,126985,4206],"class_list":["post-2549262","post","type-post","status-publish","format-standard","has-post-thumbnail","hentry","category-contenuti-originali","category-opinioni","category-politica","tag-centri-sociali","tag-citta","tag-giacomo-gobbato","tag-venezia"],"yoast_head":"<!-- This site is optimized with the Yoast SEO plugin v27.1.1 - https:\/\/yoast.com\/product\/yoast-seo-wordpress\/ -->\n<title>Venezia: riprendiamoci le citt\u00e0<\/title>\n<meta name=\"description\" content=\"Diversi anni fa quando le strade e le piazze di questo Paese erano piene di manifestanti dei nuovi movimenti nati tra la fine del vecchio millennio e il\" \/>\n<meta name=\"robots\" content=\"index, follow, max-snippet:-1, max-image-preview:large, max-video-preview:-1\" \/>\n<link rel=\"canonical\" href=\"https:\/\/www.pressenza.com\/it\/2024\/09\/venezia-riprendiamoci-le-citta\/\" \/>\n<meta property=\"og:locale\" content=\"it_IT\" \/>\n<meta property=\"og:type\" content=\"article\" \/>\n<meta property=\"og:title\" content=\"Venezia: riprendiamoci le citt\u00e0\" \/>\n<meta property=\"og:description\" content=\"Diversi anni fa quando le strade e le piazze di questo Paese erano piene di manifestanti dei nuovi movimenti nati tra la fine del vecchio millennio e il\" \/>\n<meta property=\"og:url\" content=\"https:\/\/www.pressenza.com\/it\/2024\/09\/venezia-riprendiamoci-le-citta\/\" \/>\n<meta property=\"og:site_name\" content=\"Pressenza\" \/>\n<meta property=\"article:publisher\" content=\"https:\/\/www.facebook.com\/PressenzaItalia\" \/>\n<meta property=\"article:published_time\" content=\"2024-09-22T10:08:37+00:00\" \/>\n<meta property=\"og:image\" content=\"https:\/\/www.pressenza.com\/wp-content\/uploads\/2024\/09\/giacomo-gobbato-centro-sociale-rivolta.jpg\" \/>\n\t<meta property=\"og:image:width\" content=\"1080\" \/>\n\t<meta property=\"og:image:height\" content=\"716\" \/>\n\t<meta property=\"og:image:type\" content=\"image\/jpeg\" \/>\n<meta name=\"author\" content=\"Sergio Sinigaglia\" \/>\n<meta name=\"twitter:card\" content=\"summary_large_image\" \/>\n<meta name=\"twitter:creator\" content=\"@PressenzaIPA\" \/>\n<meta name=\"twitter:site\" content=\"@PressenzaIPA\" \/>\n<meta name=\"twitter:label1\" content=\"Scritto da\" \/>\n\t<meta name=\"twitter:data1\" content=\"Sergio Sinigaglia\" \/>\n\t<meta name=\"twitter:label2\" content=\"Tempo di lettura stimato\" \/>\n\t<meta name=\"twitter:data2\" content=\"3 minuti\" \/>\n<script type=\"application\/ld+json\" class=\"yoast-schema-graph\">{\"@context\":\"https:\/\/schema.org\",\"@graph\":[{\"@type\":\"Article\",\"@id\":\"https:\/\/www.pressenza.com\/it\/2024\/09\/venezia-riprendiamoci-le-citta\/#article\",\"isPartOf\":{\"@id\":\"https:\/\/www.pressenza.com\/it\/2024\/09\/venezia-riprendiamoci-le-citta\/\"},\"author\":{\"name\":\"Sergio Sinigaglia\",\"@id\":\"https:\/\/www.pressenza.com\/it\/#\/schema\/person\/a1e9a2c1532b36b29d4776bb9701d842\"},\"headline\":\"Venezia: riprendiamoci le citt\u00e0\",\"datePublished\":\"2024-09-22T10:08:37+00:00\",\"mainEntityOfPage\":{\"@id\":\"https:\/\/www.pressenza.com\/it\/2024\/09\/venezia-riprendiamoci-le-citta\/\"},\"wordCount\":500,\"publisher\":{\"@id\":\"https:\/\/www.pressenza.com\/it\/#organization\"},\"image\":{\"@id\":\"https:\/\/www.pressenza.com\/it\/2024\/09\/venezia-riprendiamoci-le-citta\/#primaryimage\"},\"thumbnailUrl\":\"https:\/\/www.pressenza.com\/wp-content\/uploads\/2024\/09\/giacomo-gobbato-centro-sociale-rivolta.jpg\",\"keywords\":[\"centri sociali\",\"citt\u00e0\",\"Giacomo Gobbato\",\"Venezia\"],\"articleSection\":[\"contenuti originali\",\"Opinioni\",\"Politica\"],\"inLanguage\":\"it-IT\"},{\"@type\":\"WebPage\",\"@id\":\"https:\/\/www.pressenza.com\/it\/2024\/09\/venezia-riprendiamoci-le-citta\/\",\"url\":\"https:\/\/www.pressenza.com\/it\/2024\/09\/venezia-riprendiamoci-le-citta\/\",\"name\":\"Venezia: riprendiamoci le citt\u00e0\",\"isPartOf\":{\"@id\":\"https:\/\/www.pressenza.com\/it\/#website\"},\"primaryImageOfPage\":{\"@id\":\"https:\/\/www.pressenza.com\/it\/2024\/09\/venezia-riprendiamoci-le-citta\/#primaryimage\"},\"image\":{\"@id\":\"https:\/\/www.pressenza.com\/it\/2024\/09\/venezia-riprendiamoci-le-citta\/#primaryimage\"},\"thumbnailUrl\":\"https:\/\/www.pressenza.com\/wp-content\/uploads\/2024\/09\/giacomo-gobbato-centro-sociale-rivolta.jpg\",\"datePublished\":\"2024-09-22T10:08:37+00:00\",\"description\":\"Diversi anni fa quando le strade e le piazze di questo Paese erano piene di manifestanti dei nuovi movimenti nati tra la fine del vecchio millennio e il\",\"breadcrumb\":{\"@id\":\"https:\/\/www.pressenza.com\/it\/2024\/09\/venezia-riprendiamoci-le-citta\/#breadcrumb\"},\"inLanguage\":\"it-IT\",\"potentialAction\":[{\"@type\":\"ReadAction\",\"target\":[\"https:\/\/www.pressenza.com\/it\/2024\/09\/venezia-riprendiamoci-le-citta\/\"]}]},{\"@type\":\"ImageObject\",\"inLanguage\":\"it-IT\",\"@id\":\"https:\/\/www.pressenza.com\/it\/2024\/09\/venezia-riprendiamoci-le-citta\/#primaryimage\",\"url\":\"https:\/\/www.pressenza.com\/wp-content\/uploads\/2024\/09\/giacomo-gobbato-centro-sociale-rivolta.jpg\",\"contentUrl\":\"https:\/\/www.pressenza.com\/wp-content\/uploads\/2024\/09\/giacomo-gobbato-centro-sociale-rivolta.jpg\",\"width\":1080,\"height\":716},{\"@type\":\"BreadcrumbList\",\"@id\":\"https:\/\/www.pressenza.com\/it\/2024\/09\/venezia-riprendiamoci-le-citta\/#breadcrumb\",\"itemListElement\":[{\"@type\":\"ListItem\",\"position\":1,\"name\":\"Accueil\",\"item\":\"https:\/\/www.pressenza.com\/it\/\"},{\"@type\":\"ListItem\",\"position\":2,\"name\":\"Venezia: riprendiamoci le citt\u00e0\"}]},{\"@type\":\"WebSite\",\"@id\":\"https:\/\/www.pressenza.com\/it\/#website\",\"url\":\"https:\/\/www.pressenza.com\/it\/\",\"name\":\"Pressenza\",\"description\":\"Agenzia di Stampa Internazionale\",\"publisher\":{\"@id\":\"https:\/\/www.pressenza.com\/it\/#organization\"},\"potentialAction\":[{\"@type\":\"SearchAction\",\"target\":{\"@type\":\"EntryPoint\",\"urlTemplate\":\"https:\/\/www.pressenza.com\/it\/?s={search_term_string}\"},\"query-input\":{\"@type\":\"PropertyValueSpecification\",\"valueRequired\":true,\"valueName\":\"search_term_string\"}}],\"inLanguage\":\"it-IT\"},{\"@type\":\"Organization\",\"@id\":\"https:\/\/www.pressenza.com\/it\/#organization\",\"name\":\"Pressenza\",\"url\":\"https:\/\/www.pressenza.com\/it\/\",\"logo\":{\"@type\":\"ImageObject\",\"inLanguage\":\"it-IT\",\"@id\":\"https:\/\/www.pressenza.com\/it\/#\/schema\/logo\/image\/\",\"url\":\"https:\/\/www.pressenza.com\/wp-content\/uploads\/2022\/10\/pressenza_logo_200x200.jpg\",\"contentUrl\":\"https:\/\/www.pressenza.com\/wp-content\/uploads\/2022\/10\/pressenza_logo_200x200.jpg\",\"width\":200,\"height\":200,\"caption\":\"Pressenza\"},\"image\":{\"@id\":\"https:\/\/www.pressenza.com\/it\/#\/schema\/logo\/image\/\"},\"sameAs\":[\"https:\/\/www.facebook.com\/PressenzaItalia\",\"https:\/\/x.com\/PressenzaIPA\"]},{\"@type\":\"Person\",\"@id\":\"https:\/\/www.pressenza.com\/it\/#\/schema\/person\/a1e9a2c1532b36b29d4776bb9701d842\",\"name\":\"Sergio Sinigaglia\",\"url\":\"https:\/\/www.pressenza.com\/it\/author\/sergio-sinigaglia\/\"}]}<\/script>\n<!-- \/ Yoast SEO plugin. -->","yoast_head_json":{"title":"Venezia: riprendiamoci le citt\u00e0","description":"Diversi anni fa quando le strade e le piazze di questo Paese erano piene di manifestanti dei nuovi movimenti nati tra la fine del vecchio millennio e il","robots":{"index":"index","follow":"follow","max-snippet":"max-snippet:-1","max-image-preview":"max-image-preview:large","max-video-preview":"max-video-preview:-1"},"canonical":"https:\/\/www.pressenza.com\/it\/2024\/09\/venezia-riprendiamoci-le-citta\/","og_locale":"it_IT","og_type":"article","og_title":"Venezia: riprendiamoci le citt\u00e0","og_description":"Diversi anni fa quando le strade e le piazze di questo Paese erano piene di manifestanti dei nuovi movimenti nati tra la fine del vecchio millennio e il","og_url":"https:\/\/www.pressenza.com\/it\/2024\/09\/venezia-riprendiamoci-le-citta\/","og_site_name":"Pressenza","article_publisher":"https:\/\/www.facebook.com\/PressenzaItalia","article_published_time":"2024-09-22T10:08:37+00:00","og_image":[{"width":1080,"height":716,"url":"https:\/\/www.pressenza.com\/wp-content\/uploads\/2024\/09\/giacomo-gobbato-centro-sociale-rivolta.jpg","type":"image\/jpeg"}],"author":"Sergio Sinigaglia","twitter_card":"summary_large_image","twitter_creator":"@PressenzaIPA","twitter_site":"@PressenzaIPA","twitter_misc":{"Scritto da":"Sergio Sinigaglia","Tempo di lettura stimato":"3 minuti"},"schema":{"@context":"https:\/\/schema.org","@graph":[{"@type":"Article","@id":"https:\/\/www.pressenza.com\/it\/2024\/09\/venezia-riprendiamoci-le-citta\/#article","isPartOf":{"@id":"https:\/\/www.pressenza.com\/it\/2024\/09\/venezia-riprendiamoci-le-citta\/"},"author":{"name":"Sergio Sinigaglia","@id":"https:\/\/www.pressenza.com\/it\/#\/schema\/person\/a1e9a2c1532b36b29d4776bb9701d842"},"headline":"Venezia: riprendiamoci le citt\u00e0","datePublished":"2024-09-22T10:08:37+00:00","mainEntityOfPage":{"@id":"https:\/\/www.pressenza.com\/it\/2024\/09\/venezia-riprendiamoci-le-citta\/"},"wordCount":500,"publisher":{"@id":"https:\/\/www.pressenza.com\/it\/#organization"},"image":{"@id":"https:\/\/www.pressenza.com\/it\/2024\/09\/venezia-riprendiamoci-le-citta\/#primaryimage"},"thumbnailUrl":"https:\/\/www.pressenza.com\/wp-content\/uploads\/2024\/09\/giacomo-gobbato-centro-sociale-rivolta.jpg","keywords":["centri sociali","citt\u00e0","Giacomo Gobbato","Venezia"],"articleSection":["contenuti originali","Opinioni","Politica"],"inLanguage":"it-IT"},{"@type":"WebPage","@id":"https:\/\/www.pressenza.com\/it\/2024\/09\/venezia-riprendiamoci-le-citta\/","url":"https:\/\/www.pressenza.com\/it\/2024\/09\/venezia-riprendiamoci-le-citta\/","name":"Venezia: riprendiamoci le citt\u00e0","isPartOf":{"@id":"https:\/\/www.pressenza.com\/it\/#website"},"primaryImageOfPage":{"@id":"https:\/\/www.pressenza.com\/it\/2024\/09\/venezia-riprendiamoci-le-citta\/#primaryimage"},"image":{"@id":"https:\/\/www.pressenza.com\/it\/2024\/09\/venezia-riprendiamoci-le-citta\/#primaryimage"},"thumbnailUrl":"https:\/\/www.pressenza.com\/wp-content\/uploads\/2024\/09\/giacomo-gobbato-centro-sociale-rivolta.jpg","datePublished":"2024-09-22T10:08:37+00:00","description":"Diversi anni fa quando le strade e le piazze di questo Paese erano piene di manifestanti dei nuovi movimenti nati tra la fine del vecchio millennio e il","breadcrumb":{"@id":"https:\/\/www.pressenza.com\/it\/2024\/09\/venezia-riprendiamoci-le-citta\/#breadcrumb"},"inLanguage":"it-IT","potentialAction":[{"@type":"ReadAction","target":["https:\/\/www.pressenza.com\/it\/2024\/09\/venezia-riprendiamoci-le-citta\/"]}]},{"@type":"ImageObject","inLanguage":"it-IT","@id":"https:\/\/www.pressenza.com\/it\/2024\/09\/venezia-riprendiamoci-le-citta\/#primaryimage","url":"https:\/\/www.pressenza.com\/wp-content\/uploads\/2024\/09\/giacomo-gobbato-centro-sociale-rivolta.jpg","contentUrl":"https:\/\/www.pressenza.com\/wp-content\/uploads\/2024\/09\/giacomo-gobbato-centro-sociale-rivolta.jpg","width":1080,"height":716},{"@type":"BreadcrumbList","@id":"https:\/\/www.pressenza.com\/it\/2024\/09\/venezia-riprendiamoci-le-citta\/#breadcrumb","itemListElement":[{"@type":"ListItem","position":1,"name":"Accueil","item":"https:\/\/www.pressenza.com\/it\/"},{"@type":"ListItem","position":2,"name":"Venezia: riprendiamoci le citt\u00e0"}]},{"@type":"WebSite","@id":"https:\/\/www.pressenza.com\/it\/#website","url":"https:\/\/www.pressenza.com\/it\/","name":"Pressenza","description":"Agenzia di Stampa Internazionale","publisher":{"@id":"https:\/\/www.pressenza.com\/it\/#organization"},"potentialAction":[{"@type":"SearchAction","target":{"@type":"EntryPoint","urlTemplate":"https:\/\/www.pressenza.com\/it\/?s={search_term_string}"},"query-input":{"@type":"PropertyValueSpecification","valueRequired":true,"valueName":"search_term_string"}}],"inLanguage":"it-IT"},{"@type":"Organization","@id":"https:\/\/www.pressenza.com\/it\/#organization","name":"Pressenza","url":"https:\/\/www.pressenza.com\/it\/","logo":{"@type":"ImageObject","inLanguage":"it-IT","@id":"https:\/\/www.pressenza.com\/it\/#\/schema\/logo\/image\/","url":"https:\/\/www.pressenza.com\/wp-content\/uploads\/2022\/10\/pressenza_logo_200x200.jpg","contentUrl":"https:\/\/www.pressenza.com\/wp-content\/uploads\/2022\/10\/pressenza_logo_200x200.jpg","width":200,"height":200,"caption":"Pressenza"},"image":{"@id":"https:\/\/www.pressenza.com\/it\/#\/schema\/logo\/image\/"},"sameAs":["https:\/\/www.facebook.com\/PressenzaItalia","https:\/\/x.com\/PressenzaIPA"]},{"@type":"Person","@id":"https:\/\/www.pressenza.com\/it\/#\/schema\/person\/a1e9a2c1532b36b29d4776bb9701d842","name":"Sergio Sinigaglia","url":"https:\/\/www.pressenza.com\/it\/author\/sergio-sinigaglia\/"}]}},"place":"","original_article_url":"","_links":{"self":[{"href":"https:\/\/www.pressenza.com\/it\/wp-json\/wp\/v2\/posts\/2549262","targetHints":{"allow":["GET"]}}],"collection":[{"href":"https:\/\/www.pressenza.com\/it\/wp-json\/wp\/v2\/posts"}],"about":[{"href":"https:\/\/www.pressenza.com\/it\/wp-json\/wp\/v2\/types\/post"}],"author":[{"embeddable":true,"href":"https:\/\/www.pressenza.com\/it\/wp-json\/wp\/v2\/users\/2112"}],"replies":[{"embeddable":true,"href":"https:\/\/www.pressenza.com\/it\/wp-json\/wp\/v2\/comments?post=2549262"}],"version-history":[{"count":0,"href":"https:\/\/www.pressenza.com\/it\/wp-json\/wp\/v2\/posts\/2549262\/revisions"}],"wp:featuredmedia":[{"embeddable":true,"href":"https:\/\/www.pressenza.com\/it\/wp-json\/wp\/v2\/media\/2549263"}],"wp:attachment":[{"href":"https:\/\/www.pressenza.com\/it\/wp-json\/wp\/v2\/media?parent=2549262"}],"wp:term":[{"taxonomy":"category","embeddable":true,"href":"https:\/\/www.pressenza.com\/it\/wp-json\/wp\/v2\/categories?post=2549262"},{"taxonomy":"post_tag","embeddable":true,"href":"https:\/\/www.pressenza.com\/it\/wp-json\/wp\/v2\/tags?post=2549262"}],"curies":[{"name":"wp","href":"https:\/\/api.w.org\/{rel}","templated":true}]}}