{"id":2549224,"date":"2024-09-22T09:10:30","date_gmt":"2024-09-22T08:10:30","guid":{"rendered":"https:\/\/www.pressenza.com\/?p=2549224"},"modified":"2024-09-22T09:10:30","modified_gmt":"2024-09-22T08:10:30","slug":"i-numeri-della-scuola-ad-avvio-dellanno-scolastico-2024-2025","status":"publish","type":"post","link":"https:\/\/www.pressenza.com\/it\/2024\/09\/i-numeri-della-scuola-ad-avvio-dellanno-scolastico-2024-2025\/","title":{"rendered":"I numeri della Scuola ad avvio dell\u2019anno scolastico 2024-2025"},"content":{"rendered":"<p><span style=\"font-weight: 400;\">Il numero di Istituzioni principali sedi di direttivo \u00e8 pari a 7.600, distinte in 127 Centri Provinciali per l\u2019Istruzione degli Adulti e 7.473 Istituzioni scolastiche. Le Istituzioni scolastiche a loro volta si ripartiscono in 150 Direzioni Didattiche, 4.684 Istituti Comprensivi, 56 Istituti principali di I grado e 2.583 Istituzioni del II ciclo. Lombardia, Campania e Sicilia si confermano le regioni con il maggior numero di istituzioni scolastiche e, dunque, con il maggior numero di insegnanti. Per quanto riguarda la popolazione studentesca, invece, sono Lombardia, Campania e Lazio a contare il maggior numero di alunni. Sono questi alcuni dei dati del <\/span><b>Focus \u201cPrincipali dati della scuola \u2013Avvio Anno Scolastico 2024\/2025\u201d dell\u2019Ufficio Statistica del Ministero dell\u2019Istruzione e del Merito<\/b><span style=\"font-weight: 400;\">, che rende pubblica una sintesi dei principali dati relativi alla scuola statale in merito a sedi scolastiche, alunni e classi, dotazioni organiche del personale docente, sia su posti comuni sia su posti di sostegno.<\/span><\/p>\n<p><span style=\"font-weight: 400;\">Le sedi scolastiche che compongono le istituzioni sono invece 40.076, il 69% delle quali \u00e8 dedicato all\u2019infanzia e all\u2019istruzione primaria. <\/span><b>Nell\u2019anno scolastico appena iniziato 362.115 classi di scuola statale accoglieranno 7.073.587 studenti, di cui 331.124 con disabilit\u00e0<\/b><span style=\"font-weight: 400;\">. Le bambine e i bambini che quest\u2019anno frequentano la Scuola dell\u2019Infanzia sono 785.056 e 2.170.746 quelli che frequentano invece la Primaria. Frequentano la Scuola secondaria di I grado 1.498.498 studenti, mentre le ragazze e i ragazzi della Secondaria di II grado sono 2.619.287 e di questi, il 51,4% frequenta un Liceo, il 31,8% un Istituto tecnico e il 16,8% un Istituto professionale.\u00a0<\/span><\/p>\n<p><span style=\"font-weight: 400;\">Per quanto riguarda il personale docente, i posti istituiti per l\u2019anno scolastico 2024\/2025 sono complessivamente 684.583 posti comuni e 205.253 posti di sostegno. I posti comprendono sia l\u2019organico dell\u2019autonomia sia l\u2019adeguamento di detto organico alle situazioni di fatto; per il sostegno sono compresi anche i posti in deroga. Degli oltre 684mila posti comuni, 14.142 sono \u201cposti per l\u2019adeguamento\u201d, mentre, dei 205.253 posti di sostegno, 79.083 sono \u201cposti di sostegno in deroga\u201d.<\/span><\/p>\n<p><span style=\"font-weight: 400;\">In particolare, in Lombardia sono stati istituiti 102.774 posti comuni, di cui 2.992 per adeguamento, mentre in Campania il totale dei posti comuni \u00e8 78.750, con 326 posti per l\u2019adeguamento, mentre la Sicilia ha in totale 64.188 posti, con 696 per l\u2019adeguamento. In ordine, invece, ai posti di sostegno, la Lombardia \u00e8 la regione con il maggior numero di posti, con 26.118 posti totali, inclusi 7.146 in deroga, mentre la Campania ne ha 17.619, di cui 1.854 in deroga e la Sicilia ha 25.549 posti di sostegno, di cui 11.595 in deroga.<\/span><\/p>\n<p><span style=\"font-weight: 400;\">Il <\/span>focu<span style=\"font-weight: 400;\">s del MIM considera anche le scuole paritarie con dati per\u00f2 che si riferiscono all\u2019anno scolastico 2023\/2024, elaborati utilizzando le informazioni acquisite dalle Rilevazioni sulle scuole. Nell\u2019anno scolastico appena concluso le scuole paritarie erano 11.765 e gli studenti frequentanti 790.460. La scuola dell\u2019infanzia si conferma, bench\u00e9 in decrescita, il settore educativo in cui si concentra il maggior numero di alunni (in valore assoluto) delle scuole paritarie: 433.583 bambini distribuiti in 8.166 scuole.<\/span><\/p>\n<p><span style=\"font-weight: 400;\">Se questi sono i numeri del nuovo anno scolastico 2024-2025, i problemi della scuola restano quelli di sempre, a partire dal sottofinanziamento dell\u2019istruzione: il nostro Paese, ultimo in Europa, destina l\u20198% della spesa pubblica contro una media Ue27 pari al 10%. Come ha scritto il <\/span><b>Forum Disuguaglianze e Diversit\u00e0<\/b><span style=\"font-weight: 400;\">: \u201c<\/span><i><span style=\"font-weight: 400;\">Il progressivo disinvestimento dalla filiera dell\u2019istruzione ha interessato soprattutto le regioni del Sud. Tra il 2008 e il 2020, la spesa complessiva in termini reali si \u00e8 ridotta del 19,5% al Sud, oltre 8 punti percentuali in pi\u00f9 del Centro-Nord (-11,2). Ancora pi\u00f9 marcato il differenziale a svantaggio del Sud nel calo della spesa per investimenti, calati di quasi un terzo contro \u201csolo\u201d il 23% nel resto del Paese<\/span><\/i><span style=\"font-weight: 400;\">.\u201d Una situazione di disparit\u00e0 territoriale destinata ad aumentare con l\u2019<\/span><b>Autonomia differenziata <\/b><span style=\"font-weight: 400;\">che porterebbe ad una regionalizzazione della la scuola con la disgregazione del sistema nazionale dell\u2019istruzione, pervenendo a programmi diversi nei diversi territori e a sistemi diversi di reclutamento degli insegnanti, facendo perdere alla scuola la sua funzione principale che \u00e8 quella di generare uguaglianza.<\/span><\/p>\n<p><b>Qui<\/b><span style=\"font-weight: 400;\"> per scaricare il <\/span><i><span style=\"font-weight: 400;\">focus<\/span><\/i><span style=\"font-weight: 400;\"> del Ministero dell\u2019Istruzione e del Merito: <\/span><a href=\"https:\/\/www.miur.gov.it\/pubblicazioni\/-\/asset_publisher\/6Ya1FS4E4QJw\/content\/focus-principali-dati-della-scuola-avvio-anno-scolastico-2024-2025-\"><span style=\"font-weight: 400;\">https:\/\/www.miur.gov.it\/pubblicazioni\/-\/asset_publisher\/6Ya1FS4E4QJw\/content\/focus-principali-dati-della-scuola-avvio-anno-scolastico-2024-2025-<\/span><\/a><span style=\"font-weight: 400;\">.\u00a0<\/span><\/p>\n<p>&nbsp;<\/p>\n","protected":false},"excerpt":{"rendered":"<p>Il numero di Istituzioni principali sedi di direttivo \u00e8 pari a 7.600, distinte in 127 Centri Provinciali per l\u2019Istruzione degli Adulti e 7.473 Istituzioni scolastiche. Le Istituzioni scolastiche a loro volta si ripartiscono in 150 Direzioni Didattiche, 4.684 Istituti Comprensivi,&hellip;<\/p>\n","protected":false},"author":2106,"featured_media":2549226,"comment_status":"closed","ping_status":"closed","sticky":false,"template":"","format":"standard","meta":{"footnotes":""},"categories":[11388,1258,55],"tags":[101611,124425,1414],"class_list":["post-2549224","post","type-post","status-publish","format-standard","has-post-thumbnail","hentry","category-contenuti-originali","category-educazione","category-politica","tag-forum-disuguaglianze-e-diversita","tag-ministero-dellistruzione-e-del-merito","tag-scuola-pubblica"],"yoast_head":"<!-- This site is optimized with the Yoast SEO plugin v27.1.1 - https:\/\/yoast.com\/product\/yoast-seo-wordpress\/ -->\n<title>I numeri della Scuola ad avvio dell\u2019anno scolastico 2024-2025<\/title>\n<meta name=\"description\" content=\"Il numero di Istituzioni principali sedi di direttivo \u00e8 pari a 7.600, distinte in 127 Centri Provinciali per l\u2019Istruzione degli Adulti e 7.473 Istituzioni\" \/>\n<meta name=\"robots\" content=\"index, follow, max-snippet:-1, max-image-preview:large, max-video-preview:-1\" \/>\n<link rel=\"canonical\" href=\"https:\/\/www.pressenza.com\/it\/2024\/09\/i-numeri-della-scuola-ad-avvio-dellanno-scolastico-2024-2025\/\" \/>\n<meta property=\"og:locale\" content=\"it_IT\" \/>\n<meta property=\"og:type\" content=\"article\" \/>\n<meta property=\"og:title\" content=\"I numeri della Scuola ad avvio dell\u2019anno scolastico 2024-2025\" \/>\n<meta property=\"og:description\" content=\"Il numero di Istituzioni principali sedi di direttivo \u00e8 pari a 7.600, distinte in 127 Centri Provinciali per l\u2019Istruzione degli Adulti e 7.473 Istituzioni\" \/>\n<meta property=\"og:url\" content=\"https:\/\/www.pressenza.com\/it\/2024\/09\/i-numeri-della-scuola-ad-avvio-dellanno-scolastico-2024-2025\/\" \/>\n<meta property=\"og:site_name\" content=\"Pressenza\" \/>\n<meta property=\"article:publisher\" content=\"https:\/\/www.facebook.com\/PressenzaItalia\" \/>\n<meta property=\"article:published_time\" content=\"2024-09-22T08:10:30+00:00\" \/>\n<meta property=\"og:image\" content=\"https:\/\/www.pressenza.com\/wp-content\/uploads\/2024\/09\/scuola-in-classe-ANCI.jpg\" \/>\n\t<meta property=\"og:image:width\" content=\"850\" \/>\n\t<meta property=\"og:image:height\" content=\"566\" \/>\n\t<meta property=\"og:image:type\" content=\"image\/jpeg\" \/>\n<meta name=\"author\" content=\"Giovanni Caprio\" \/>\n<meta name=\"twitter:card\" content=\"summary_large_image\" \/>\n<meta name=\"twitter:creator\" content=\"@PressenzaIPA\" \/>\n<meta name=\"twitter:site\" content=\"@PressenzaIPA\" \/>\n<meta name=\"twitter:label1\" content=\"Scritto da\" \/>\n\t<meta name=\"twitter:data1\" content=\"Giovanni Caprio\" \/>\n\t<meta name=\"twitter:label2\" content=\"Tempo di lettura stimato\" \/>\n\t<meta name=\"twitter:data2\" content=\"4 minuti\" \/>\n<script type=\"application\/ld+json\" class=\"yoast-schema-graph\">{\"@context\":\"https:\/\/schema.org\",\"@graph\":[{\"@type\":\"Article\",\"@id\":\"https:\/\/www.pressenza.com\/it\/2024\/09\/i-numeri-della-scuola-ad-avvio-dellanno-scolastico-2024-2025\/#article\",\"isPartOf\":{\"@id\":\"https:\/\/www.pressenza.com\/it\/2024\/09\/i-numeri-della-scuola-ad-avvio-dellanno-scolastico-2024-2025\/\"},\"author\":{\"name\":\"Giovanni Caprio\",\"@id\":\"https:\/\/www.pressenza.com\/it\/#\/schema\/person\/841c36a613f4f6e80f5fbc9c1f8c32c8\"},\"headline\":\"I numeri della Scuola ad avvio dell\u2019anno scolastico 2024-2025\",\"datePublished\":\"2024-09-22T08:10:30+00:00\",\"mainEntityOfPage\":{\"@id\":\"https:\/\/www.pressenza.com\/it\/2024\/09\/i-numeri-della-scuola-ad-avvio-dellanno-scolastico-2024-2025\/\"},\"wordCount\":666,\"publisher\":{\"@id\":\"https:\/\/www.pressenza.com\/it\/#organization\"},\"image\":{\"@id\":\"https:\/\/www.pressenza.com\/it\/2024\/09\/i-numeri-della-scuola-ad-avvio-dellanno-scolastico-2024-2025\/#primaryimage\"},\"thumbnailUrl\":\"https:\/\/www.pressenza.com\/wp-content\/uploads\/2024\/09\/scuola-in-classe-ANCI.jpg\",\"keywords\":[\"Forum Disuguaglianze e Diversit\u00e0\",\"Ministero dell'Istruzione e del Merito\",\"scuola pubblica\"],\"articleSection\":[\"contenuti originali\",\"Educazione\",\"Politica\"],\"inLanguage\":\"it-IT\"},{\"@type\":\"WebPage\",\"@id\":\"https:\/\/www.pressenza.com\/it\/2024\/09\/i-numeri-della-scuola-ad-avvio-dellanno-scolastico-2024-2025\/\",\"url\":\"https:\/\/www.pressenza.com\/it\/2024\/09\/i-numeri-della-scuola-ad-avvio-dellanno-scolastico-2024-2025\/\",\"name\":\"I numeri della Scuola ad avvio dell\u2019anno scolastico 2024-2025\",\"isPartOf\":{\"@id\":\"https:\/\/www.pressenza.com\/it\/#website\"},\"primaryImageOfPage\":{\"@id\":\"https:\/\/www.pressenza.com\/it\/2024\/09\/i-numeri-della-scuola-ad-avvio-dellanno-scolastico-2024-2025\/#primaryimage\"},\"image\":{\"@id\":\"https:\/\/www.pressenza.com\/it\/2024\/09\/i-numeri-della-scuola-ad-avvio-dellanno-scolastico-2024-2025\/#primaryimage\"},\"thumbnailUrl\":\"https:\/\/www.pressenza.com\/wp-content\/uploads\/2024\/09\/scuola-in-classe-ANCI.jpg\",\"datePublished\":\"2024-09-22T08:10:30+00:00\",\"description\":\"Il numero di Istituzioni principali sedi di direttivo \u00e8 pari a 7.600, distinte in 127 Centri Provinciali per l\u2019Istruzione degli Adulti e 7.473 Istituzioni\",\"breadcrumb\":{\"@id\":\"https:\/\/www.pressenza.com\/it\/2024\/09\/i-numeri-della-scuola-ad-avvio-dellanno-scolastico-2024-2025\/#breadcrumb\"},\"inLanguage\":\"it-IT\",\"potentialAction\":[{\"@type\":\"ReadAction\",\"target\":[\"https:\/\/www.pressenza.com\/it\/2024\/09\/i-numeri-della-scuola-ad-avvio-dellanno-scolastico-2024-2025\/\"]}]},{\"@type\":\"ImageObject\",\"inLanguage\":\"it-IT\",\"@id\":\"https:\/\/www.pressenza.com\/it\/2024\/09\/i-numeri-della-scuola-ad-avvio-dellanno-scolastico-2024-2025\/#primaryimage\",\"url\":\"https:\/\/www.pressenza.com\/wp-content\/uploads\/2024\/09\/scuola-in-classe-ANCI.jpg\",\"contentUrl\":\"https:\/\/www.pressenza.com\/wp-content\/uploads\/2024\/09\/scuola-in-classe-ANCI.jpg\",\"width\":850,\"height\":566},{\"@type\":\"BreadcrumbList\",\"@id\":\"https:\/\/www.pressenza.com\/it\/2024\/09\/i-numeri-della-scuola-ad-avvio-dellanno-scolastico-2024-2025\/#breadcrumb\",\"itemListElement\":[{\"@type\":\"ListItem\",\"position\":1,\"name\":\"Accueil\",\"item\":\"https:\/\/www.pressenza.com\/it\/\"},{\"@type\":\"ListItem\",\"position\":2,\"name\":\"I numeri della Scuola ad avvio dell\u2019anno scolastico 2024-2025\"}]},{\"@type\":\"WebSite\",\"@id\":\"https:\/\/www.pressenza.com\/it\/#website\",\"url\":\"https:\/\/www.pressenza.com\/it\/\",\"name\":\"Pressenza\",\"description\":\"Agenzia di Stampa Internazionale\",\"publisher\":{\"@id\":\"https:\/\/www.pressenza.com\/it\/#organization\"},\"potentialAction\":[{\"@type\":\"SearchAction\",\"target\":{\"@type\":\"EntryPoint\",\"urlTemplate\":\"https:\/\/www.pressenza.com\/it\/?s={search_term_string}\"},\"query-input\":{\"@type\":\"PropertyValueSpecification\",\"valueRequired\":true,\"valueName\":\"search_term_string\"}}],\"inLanguage\":\"it-IT\"},{\"@type\":\"Organization\",\"@id\":\"https:\/\/www.pressenza.com\/it\/#organization\",\"name\":\"Pressenza\",\"url\":\"https:\/\/www.pressenza.com\/it\/\",\"logo\":{\"@type\":\"ImageObject\",\"inLanguage\":\"it-IT\",\"@id\":\"https:\/\/www.pressenza.com\/it\/#\/schema\/logo\/image\/\",\"url\":\"https:\/\/www.pressenza.com\/wp-content\/uploads\/2022\/10\/pressenza_logo_200x200.jpg\",\"contentUrl\":\"https:\/\/www.pressenza.com\/wp-content\/uploads\/2022\/10\/pressenza_logo_200x200.jpg\",\"width\":200,\"height\":200,\"caption\":\"Pressenza\"},\"image\":{\"@id\":\"https:\/\/www.pressenza.com\/it\/#\/schema\/logo\/image\/\"},\"sameAs\":[\"https:\/\/www.facebook.com\/PressenzaItalia\",\"https:\/\/x.com\/PressenzaIPA\"]},{\"@type\":\"Person\",\"@id\":\"https:\/\/www.pressenza.com\/it\/#\/schema\/person\/841c36a613f4f6e80f5fbc9c1f8c32c8\",\"name\":\"Giovanni Caprio\",\"description\":\"Pubblicista, gi\u00e0 dirigente di istituzioni pubbliche e di fondazioni private. Si occupa di beni comuni, partecipazione e governo del territorio.\",\"url\":\"https:\/\/www.pressenza.com\/it\/author\/giovanni-caprio\/\"}]}<\/script>\n<!-- \/ Yoast SEO plugin. -->","yoast_head_json":{"title":"I numeri della Scuola ad avvio dell\u2019anno scolastico 2024-2025","description":"Il numero di Istituzioni principali sedi di direttivo \u00e8 pari a 7.600, distinte in 127 Centri Provinciali per l\u2019Istruzione degli Adulti e 7.473 Istituzioni","robots":{"index":"index","follow":"follow","max-snippet":"max-snippet:-1","max-image-preview":"max-image-preview:large","max-video-preview":"max-video-preview:-1"},"canonical":"https:\/\/www.pressenza.com\/it\/2024\/09\/i-numeri-della-scuola-ad-avvio-dellanno-scolastico-2024-2025\/","og_locale":"it_IT","og_type":"article","og_title":"I numeri della Scuola ad avvio dell\u2019anno scolastico 2024-2025","og_description":"Il numero di Istituzioni principali sedi di direttivo \u00e8 pari a 7.600, distinte in 127 Centri Provinciali per l\u2019Istruzione degli Adulti e 7.473 Istituzioni","og_url":"https:\/\/www.pressenza.com\/it\/2024\/09\/i-numeri-della-scuola-ad-avvio-dellanno-scolastico-2024-2025\/","og_site_name":"Pressenza","article_publisher":"https:\/\/www.facebook.com\/PressenzaItalia","article_published_time":"2024-09-22T08:10:30+00:00","og_image":[{"width":850,"height":566,"url":"https:\/\/www.pressenza.com\/wp-content\/uploads\/2024\/09\/scuola-in-classe-ANCI.jpg","type":"image\/jpeg"}],"author":"Giovanni Caprio","twitter_card":"summary_large_image","twitter_creator":"@PressenzaIPA","twitter_site":"@PressenzaIPA","twitter_misc":{"Scritto da":"Giovanni Caprio","Tempo di lettura stimato":"4 minuti"},"schema":{"@context":"https:\/\/schema.org","@graph":[{"@type":"Article","@id":"https:\/\/www.pressenza.com\/it\/2024\/09\/i-numeri-della-scuola-ad-avvio-dellanno-scolastico-2024-2025\/#article","isPartOf":{"@id":"https:\/\/www.pressenza.com\/it\/2024\/09\/i-numeri-della-scuola-ad-avvio-dellanno-scolastico-2024-2025\/"},"author":{"name":"Giovanni Caprio","@id":"https:\/\/www.pressenza.com\/it\/#\/schema\/person\/841c36a613f4f6e80f5fbc9c1f8c32c8"},"headline":"I numeri della Scuola ad avvio dell\u2019anno scolastico 2024-2025","datePublished":"2024-09-22T08:10:30+00:00","mainEntityOfPage":{"@id":"https:\/\/www.pressenza.com\/it\/2024\/09\/i-numeri-della-scuola-ad-avvio-dellanno-scolastico-2024-2025\/"},"wordCount":666,"publisher":{"@id":"https:\/\/www.pressenza.com\/it\/#organization"},"image":{"@id":"https:\/\/www.pressenza.com\/it\/2024\/09\/i-numeri-della-scuola-ad-avvio-dellanno-scolastico-2024-2025\/#primaryimage"},"thumbnailUrl":"https:\/\/www.pressenza.com\/wp-content\/uploads\/2024\/09\/scuola-in-classe-ANCI.jpg","keywords":["Forum Disuguaglianze e Diversit\u00e0","Ministero dell'Istruzione e del Merito","scuola pubblica"],"articleSection":["contenuti originali","Educazione","Politica"],"inLanguage":"it-IT"},{"@type":"WebPage","@id":"https:\/\/www.pressenza.com\/it\/2024\/09\/i-numeri-della-scuola-ad-avvio-dellanno-scolastico-2024-2025\/","url":"https:\/\/www.pressenza.com\/it\/2024\/09\/i-numeri-della-scuola-ad-avvio-dellanno-scolastico-2024-2025\/","name":"I numeri della Scuola ad avvio dell\u2019anno scolastico 2024-2025","isPartOf":{"@id":"https:\/\/www.pressenza.com\/it\/#website"},"primaryImageOfPage":{"@id":"https:\/\/www.pressenza.com\/it\/2024\/09\/i-numeri-della-scuola-ad-avvio-dellanno-scolastico-2024-2025\/#primaryimage"},"image":{"@id":"https:\/\/www.pressenza.com\/it\/2024\/09\/i-numeri-della-scuola-ad-avvio-dellanno-scolastico-2024-2025\/#primaryimage"},"thumbnailUrl":"https:\/\/www.pressenza.com\/wp-content\/uploads\/2024\/09\/scuola-in-classe-ANCI.jpg","datePublished":"2024-09-22T08:10:30+00:00","description":"Il numero di Istituzioni principali sedi di direttivo \u00e8 pari a 7.600, distinte in 127 Centri Provinciali per l\u2019Istruzione degli Adulti e 7.473 Istituzioni","breadcrumb":{"@id":"https:\/\/www.pressenza.com\/it\/2024\/09\/i-numeri-della-scuola-ad-avvio-dellanno-scolastico-2024-2025\/#breadcrumb"},"inLanguage":"it-IT","potentialAction":[{"@type":"ReadAction","target":["https:\/\/www.pressenza.com\/it\/2024\/09\/i-numeri-della-scuola-ad-avvio-dellanno-scolastico-2024-2025\/"]}]},{"@type":"ImageObject","inLanguage":"it-IT","@id":"https:\/\/www.pressenza.com\/it\/2024\/09\/i-numeri-della-scuola-ad-avvio-dellanno-scolastico-2024-2025\/#primaryimage","url":"https:\/\/www.pressenza.com\/wp-content\/uploads\/2024\/09\/scuola-in-classe-ANCI.jpg","contentUrl":"https:\/\/www.pressenza.com\/wp-content\/uploads\/2024\/09\/scuola-in-classe-ANCI.jpg","width":850,"height":566},{"@type":"BreadcrumbList","@id":"https:\/\/www.pressenza.com\/it\/2024\/09\/i-numeri-della-scuola-ad-avvio-dellanno-scolastico-2024-2025\/#breadcrumb","itemListElement":[{"@type":"ListItem","position":1,"name":"Accueil","item":"https:\/\/www.pressenza.com\/it\/"},{"@type":"ListItem","position":2,"name":"I numeri della Scuola ad avvio dell\u2019anno scolastico 2024-2025"}]},{"@type":"WebSite","@id":"https:\/\/www.pressenza.com\/it\/#website","url":"https:\/\/www.pressenza.com\/it\/","name":"Pressenza","description":"Agenzia di Stampa Internazionale","publisher":{"@id":"https:\/\/www.pressenza.com\/it\/#organization"},"potentialAction":[{"@type":"SearchAction","target":{"@type":"EntryPoint","urlTemplate":"https:\/\/www.pressenza.com\/it\/?s={search_term_string}"},"query-input":{"@type":"PropertyValueSpecification","valueRequired":true,"valueName":"search_term_string"}}],"inLanguage":"it-IT"},{"@type":"Organization","@id":"https:\/\/www.pressenza.com\/it\/#organization","name":"Pressenza","url":"https:\/\/www.pressenza.com\/it\/","logo":{"@type":"ImageObject","inLanguage":"it-IT","@id":"https:\/\/www.pressenza.com\/it\/#\/schema\/logo\/image\/","url":"https:\/\/www.pressenza.com\/wp-content\/uploads\/2022\/10\/pressenza_logo_200x200.jpg","contentUrl":"https:\/\/www.pressenza.com\/wp-content\/uploads\/2022\/10\/pressenza_logo_200x200.jpg","width":200,"height":200,"caption":"Pressenza"},"image":{"@id":"https:\/\/www.pressenza.com\/it\/#\/schema\/logo\/image\/"},"sameAs":["https:\/\/www.facebook.com\/PressenzaItalia","https:\/\/x.com\/PressenzaIPA"]},{"@type":"Person","@id":"https:\/\/www.pressenza.com\/it\/#\/schema\/person\/841c36a613f4f6e80f5fbc9c1f8c32c8","name":"Giovanni Caprio","description":"Pubblicista, gi\u00e0 dirigente di istituzioni pubbliche e di fondazioni private. Si occupa di beni comuni, partecipazione e governo del territorio.","url":"https:\/\/www.pressenza.com\/it\/author\/giovanni-caprio\/"}]}},"place":"","original_article_url":"","_links":{"self":[{"href":"https:\/\/www.pressenza.com\/it\/wp-json\/wp\/v2\/posts\/2549224","targetHints":{"allow":["GET"]}}],"collection":[{"href":"https:\/\/www.pressenza.com\/it\/wp-json\/wp\/v2\/posts"}],"about":[{"href":"https:\/\/www.pressenza.com\/it\/wp-json\/wp\/v2\/types\/post"}],"author":[{"embeddable":true,"href":"https:\/\/www.pressenza.com\/it\/wp-json\/wp\/v2\/users\/2106"}],"replies":[{"embeddable":true,"href":"https:\/\/www.pressenza.com\/it\/wp-json\/wp\/v2\/comments?post=2549224"}],"version-history":[{"count":0,"href":"https:\/\/www.pressenza.com\/it\/wp-json\/wp\/v2\/posts\/2549224\/revisions"}],"wp:featuredmedia":[{"embeddable":true,"href":"https:\/\/www.pressenza.com\/it\/wp-json\/wp\/v2\/media\/2549226"}],"wp:attachment":[{"href":"https:\/\/www.pressenza.com\/it\/wp-json\/wp\/v2\/media?parent=2549224"}],"wp:term":[{"taxonomy":"category","embeddable":true,"href":"https:\/\/www.pressenza.com\/it\/wp-json\/wp\/v2\/categories?post=2549224"},{"taxonomy":"post_tag","embeddable":true,"href":"https:\/\/www.pressenza.com\/it\/wp-json\/wp\/v2\/tags?post=2549224"}],"curies":[{"name":"wp","href":"https:\/\/api.w.org\/{rel}","templated":true}]}}