{"id":2549142,"date":"2024-09-21T19:17:05","date_gmt":"2024-09-21T18:17:05","guid":{"rendered":"https:\/\/www.pressenza.com\/?p=2549142"},"modified":"2024-09-21T19:24:35","modified_gmt":"2024-09-21T18:24:35","slug":"milano-presentazioni-latorre","status":"publish","type":"post","link":"https:\/\/www.pressenza.com\/it\/2024\/09\/milano-presentazioni-latorre\/","title":{"rendered":"Inizia da Milano il giro di presentazioni del libro &#8220;C&#8217;\u00e8 un mondo dentro&#8221; di Marcela Latorre"},"content":{"rendered":"<p>Venerd\u00ec 20 settembre si \u00e8 svolta la presentazione del libro della cilena Marcela Latorre Robles <em>C&#8217;\u00e8 un mondo dentro<\/em>, pubblicato da Multimage Editrice, che vuole essere uno strumento per le persone coinvolte nell&#8217;educazione di bambini e adolescenti.<\/p>\n<p>L&#8217;autrice ha svolto persso il Centro Nonviolenza Attiva di Milano\u00a0 un workshop in cui ha approfondito i contenuti della pubblicazione, ha presentato contributi su come collaborare per aiutare lo sviluppo integrale, considerando il mondo interiore dell&#8217;essere umano, invitando gli adulti ad accompagnare le nuove generazioni a connettersi con la loro spiritualit\u00e0 per scoprire dal profondo il senso della loro vita.<\/p>\n<p>Latorre ha fornito risorse per comprendere il paesaggio di formazione, come avviene l&#8217;apprendimento, qual \u00e8 il ruolo degli adulti che accompagnano questo processo e ha mostrato il manuale delle attivit\u00e0 e dei laboratori contenuti nel libro.<\/p>\n<p>Infine, ha interscambiato con il pubblico pubblico.<\/p>\n<p>Marcela Latorre sar\u00e0 a Bologna Luned\u00ec 23 alle 17 presso la Casa di Quartiere Montanari e Marted\u00ec 24 a Roma alle 19 presso la Casa Umanista in Via dei Latini 12 per poi partecipare con due eventi all&#8217;<a href=\"https:\/\/www.eirenefest.it\/programma-firenze-2024\/\">Eirenefest<\/a> di Firenze il 28 e 29 Settembre<\/p>\n","protected":false},"excerpt":{"rendered":"<p>Venerd\u00ec 20 settembre si \u00e8 svolta la presentazione del libro della cilena Marcela Latorre Robles C&#8217;\u00e8 un mondo dentro, pubblicato da Multimage Editrice, che vuole essere uno strumento per le persone coinvolte nell&#8217;educazione di bambini e adolescenti. L&#8217;autrice ha svolto&hellip;<\/p>\n","protected":false},"author":1722,"featured_media":2549143,"comment_status":"closed","ping_status":"closed","sticky":false,"template":"","format":"standard","meta":{"footnotes":""},"categories":[11388,107392,56,1258],"tags":[20102,8519,370,126974,286],"class_list":["post-2549142","post","type-post","status-publish","format-standard","has-post-thumbnail","hentry","category-contenuti-originali","category-noticia-it","category-cultura","category-educazione","tag-centro-di-nonviolenza-attiva","tag-educazione-umanista","tag-italia","tag-marcela-latorre-it","tag-milano"],"yoast_head":"<!-- This site is optimized with the Yoast SEO plugin v27.1.1 - https:\/\/yoast.com\/product\/yoast-seo-wordpress\/ -->\n<title>Inizia da Milano il giro di presentazioni del libro &quot;C&#039;\u00e8 un mondo dentro&quot; di Marcela Latorre<\/title>\n<meta name=\"description\" content=\"Venerd\u00ec 20 settembre si \u00e8 svolta la presentazione del libro della cilena Marcela Latorre Robles C&#039;\u00e8 un mondo dentro, pubblicato da Multimage Editrice, che\" \/>\n<meta name=\"robots\" content=\"index, follow, max-snippet:-1, max-image-preview:large, max-video-preview:-1\" \/>\n<link rel=\"canonical\" href=\"https:\/\/www.pressenza.com\/it\/2024\/09\/milano-presentazioni-latorre\/\" \/>\n<meta property=\"og:locale\" content=\"it_IT\" \/>\n<meta property=\"og:type\" content=\"article\" \/>\n<meta property=\"og:title\" content=\"Inizia da Milano il giro di presentazioni del libro &quot;C&#039;\u00e8 un mondo dentro&quot; di Marcela Latorre\" \/>\n<meta property=\"og:description\" content=\"Venerd\u00ec 20 settembre si \u00e8 svolta la presentazione del libro della cilena Marcela Latorre Robles C&#039;\u00e8 un mondo dentro, pubblicato da Multimage Editrice, che\" \/>\n<meta property=\"og:url\" content=\"https:\/\/www.pressenza.com\/it\/2024\/09\/milano-presentazioni-latorre\/\" \/>\n<meta property=\"og:site_name\" content=\"Pressenza\" \/>\n<meta property=\"article:publisher\" content=\"https:\/\/www.facebook.com\/PressenzaItalia\" \/>\n<meta property=\"article:published_time\" content=\"2024-09-21T18:17:05+00:00\" \/>\n<meta property=\"article:modified_time\" content=\"2024-09-21T18:24:35+00:00\" \/>\n<meta property=\"og:image\" content=\"https:\/\/www.pressenza.com\/wp-content\/uploads\/2024\/09\/Marcela-Latorre-milan.jpg\" \/>\n\t<meta property=\"og:image:width\" content=\"850\" \/>\n\t<meta property=\"og:image:height\" content=\"575\" \/>\n\t<meta property=\"og:image:type\" content=\"image\/jpeg\" \/>\n<meta name=\"author\" content=\"Redazione Milano\" \/>\n<meta name=\"twitter:card\" content=\"summary_large_image\" \/>\n<meta name=\"twitter:creator\" content=\"@PressenzaIPA\" \/>\n<meta name=\"twitter:site\" content=\"@PressenzaIPA\" \/>\n<meta name=\"twitter:label1\" content=\"Scritto da\" \/>\n\t<meta name=\"twitter:data1\" content=\"Redazione Milano\" \/>\n\t<meta name=\"twitter:label2\" content=\"Tempo di lettura stimato\" \/>\n\t<meta name=\"twitter:data2\" content=\"1 minuto\" \/>\n<script type=\"application\/ld+json\" class=\"yoast-schema-graph\">{\"@context\":\"https:\/\/schema.org\",\"@graph\":[{\"@type\":\"Article\",\"@id\":\"https:\/\/www.pressenza.com\/it\/2024\/09\/milano-presentazioni-latorre\/#article\",\"isPartOf\":{\"@id\":\"https:\/\/www.pressenza.com\/it\/2024\/09\/milano-presentazioni-latorre\/\"},\"author\":{\"name\":\"Redazione Milano\",\"@id\":\"https:\/\/www.pressenza.com\/it\/#\/schema\/person\/746fc8cdd6c8e3d918fb5714b3583e41\"},\"headline\":\"Inizia da Milano il giro di presentazioni del libro &#8220;C&#8217;\u00e8 un mondo dentro&#8221; di Marcela Latorre\",\"datePublished\":\"2024-09-21T18:17:05+00:00\",\"dateModified\":\"2024-09-21T18:24:35+00:00\",\"mainEntityOfPage\":{\"@id\":\"https:\/\/www.pressenza.com\/it\/2024\/09\/milano-presentazioni-latorre\/\"},\"wordCount\":196,\"publisher\":{\"@id\":\"https:\/\/www.pressenza.com\/it\/#organization\"},\"image\":{\"@id\":\"https:\/\/www.pressenza.com\/it\/2024\/09\/milano-presentazioni-latorre\/#primaryimage\"},\"thumbnailUrl\":\"https:\/\/www.pressenza.com\/wp-content\/uploads\/2024\/09\/Marcela-Latorre-milan.jpg\",\"keywords\":[\"Centro di Nonviolenza Attiva\",\"educazione umanista\",\"Italia\",\"Marcela Latorre\",\"Milano\"],\"articleSection\":[\"contenuti originali\",\"Cronaca\",\"Cultura e Media\",\"Educazione\"],\"inLanguage\":\"it-IT\"},{\"@type\":\"WebPage\",\"@id\":\"https:\/\/www.pressenza.com\/it\/2024\/09\/milano-presentazioni-latorre\/\",\"url\":\"https:\/\/www.pressenza.com\/it\/2024\/09\/milano-presentazioni-latorre\/\",\"name\":\"Inizia da Milano il giro di presentazioni del libro \\\"C'\u00e8 un mondo dentro\\\" di Marcela Latorre\",\"isPartOf\":{\"@id\":\"https:\/\/www.pressenza.com\/it\/#website\"},\"primaryImageOfPage\":{\"@id\":\"https:\/\/www.pressenza.com\/it\/2024\/09\/milano-presentazioni-latorre\/#primaryimage\"},\"image\":{\"@id\":\"https:\/\/www.pressenza.com\/it\/2024\/09\/milano-presentazioni-latorre\/#primaryimage\"},\"thumbnailUrl\":\"https:\/\/www.pressenza.com\/wp-content\/uploads\/2024\/09\/Marcela-Latorre-milan.jpg\",\"datePublished\":\"2024-09-21T18:17:05+00:00\",\"dateModified\":\"2024-09-21T18:24:35+00:00\",\"description\":\"Venerd\u00ec 20 settembre si \u00e8 svolta la presentazione del libro della cilena Marcela Latorre Robles C'\u00e8 un mondo dentro, pubblicato da Multimage Editrice, che\",\"breadcrumb\":{\"@id\":\"https:\/\/www.pressenza.com\/it\/2024\/09\/milano-presentazioni-latorre\/#breadcrumb\"},\"inLanguage\":\"it-IT\",\"potentialAction\":[{\"@type\":\"ReadAction\",\"target\":[\"https:\/\/www.pressenza.com\/it\/2024\/09\/milano-presentazioni-latorre\/\"]}]},{\"@type\":\"ImageObject\",\"inLanguage\":\"it-IT\",\"@id\":\"https:\/\/www.pressenza.com\/it\/2024\/09\/milano-presentazioni-latorre\/#primaryimage\",\"url\":\"https:\/\/www.pressenza.com\/wp-content\/uploads\/2024\/09\/Marcela-Latorre-milan.jpg\",\"contentUrl\":\"https:\/\/www.pressenza.com\/wp-content\/uploads\/2024\/09\/Marcela-Latorre-milan.jpg\",\"width\":850,\"height\":575},{\"@type\":\"BreadcrumbList\",\"@id\":\"https:\/\/www.pressenza.com\/it\/2024\/09\/milano-presentazioni-latorre\/#breadcrumb\",\"itemListElement\":[{\"@type\":\"ListItem\",\"position\":1,\"name\":\"Accueil\",\"item\":\"https:\/\/www.pressenza.com\/it\/\"},{\"@type\":\"ListItem\",\"position\":2,\"name\":\"Inizia da Milano il giro di presentazioni del libro &#8220;C&#8217;\u00e8 un mondo dentro&#8221; di Marcela Latorre\"}]},{\"@type\":\"WebSite\",\"@id\":\"https:\/\/www.pressenza.com\/it\/#website\",\"url\":\"https:\/\/www.pressenza.com\/it\/\",\"name\":\"Pressenza\",\"description\":\"Agenzia di Stampa Internazionale\",\"publisher\":{\"@id\":\"https:\/\/www.pressenza.com\/it\/#organization\"},\"potentialAction\":[{\"@type\":\"SearchAction\",\"target\":{\"@type\":\"EntryPoint\",\"urlTemplate\":\"https:\/\/www.pressenza.com\/it\/?s={search_term_string}\"},\"query-input\":{\"@type\":\"PropertyValueSpecification\",\"valueRequired\":true,\"valueName\":\"search_term_string\"}}],\"inLanguage\":\"it-IT\"},{\"@type\":\"Organization\",\"@id\":\"https:\/\/www.pressenza.com\/it\/#organization\",\"name\":\"Pressenza\",\"url\":\"https:\/\/www.pressenza.com\/it\/\",\"logo\":{\"@type\":\"ImageObject\",\"inLanguage\":\"it-IT\",\"@id\":\"https:\/\/www.pressenza.com\/it\/#\/schema\/logo\/image\/\",\"url\":\"https:\/\/www.pressenza.com\/wp-content\/uploads\/2022\/10\/pressenza_logo_200x200.jpg\",\"contentUrl\":\"https:\/\/www.pressenza.com\/wp-content\/uploads\/2022\/10\/pressenza_logo_200x200.jpg\",\"width\":200,\"height\":200,\"caption\":\"Pressenza\"},\"image\":{\"@id\":\"https:\/\/www.pressenza.com\/it\/#\/schema\/logo\/image\/\"},\"sameAs\":[\"https:\/\/www.facebook.com\/PressenzaItalia\",\"https:\/\/x.com\/PressenzaIPA\"]},{\"@type\":\"Person\",\"@id\":\"https:\/\/www.pressenza.com\/it\/#\/schema\/person\/746fc8cdd6c8e3d918fb5714b3583e41\",\"name\":\"Redazione Milano\",\"description\":\"News from the Pressenza Bureau in Milan, Italy\",\"url\":\"https:\/\/www.pressenza.com\/it\/author\/redazione-milano\/\"}]}<\/script>\n<!-- \/ Yoast SEO plugin. -->","yoast_head_json":{"title":"Inizia da Milano il giro di presentazioni del libro \"C'\u00e8 un mondo dentro\" di Marcela Latorre","description":"Venerd\u00ec 20 settembre si \u00e8 svolta la presentazione del libro della cilena Marcela Latorre Robles C'\u00e8 un mondo dentro, pubblicato da Multimage Editrice, che","robots":{"index":"index","follow":"follow","max-snippet":"max-snippet:-1","max-image-preview":"max-image-preview:large","max-video-preview":"max-video-preview:-1"},"canonical":"https:\/\/www.pressenza.com\/it\/2024\/09\/milano-presentazioni-latorre\/","og_locale":"it_IT","og_type":"article","og_title":"Inizia da Milano il giro di presentazioni del libro \"C'\u00e8 un mondo dentro\" di Marcela Latorre","og_description":"Venerd\u00ec 20 settembre si \u00e8 svolta la presentazione del libro della cilena Marcela Latorre Robles C'\u00e8 un mondo dentro, pubblicato da Multimage Editrice, che","og_url":"https:\/\/www.pressenza.com\/it\/2024\/09\/milano-presentazioni-latorre\/","og_site_name":"Pressenza","article_publisher":"https:\/\/www.facebook.com\/PressenzaItalia","article_published_time":"2024-09-21T18:17:05+00:00","article_modified_time":"2024-09-21T18:24:35+00:00","og_image":[{"width":850,"height":575,"url":"https:\/\/www.pressenza.com\/wp-content\/uploads\/2024\/09\/Marcela-Latorre-milan.jpg","type":"image\/jpeg"}],"author":"Redazione Milano","twitter_card":"summary_large_image","twitter_creator":"@PressenzaIPA","twitter_site":"@PressenzaIPA","twitter_misc":{"Scritto da":"Redazione Milano","Tempo di lettura stimato":"1 minuto"},"schema":{"@context":"https:\/\/schema.org","@graph":[{"@type":"Article","@id":"https:\/\/www.pressenza.com\/it\/2024\/09\/milano-presentazioni-latorre\/#article","isPartOf":{"@id":"https:\/\/www.pressenza.com\/it\/2024\/09\/milano-presentazioni-latorre\/"},"author":{"name":"Redazione Milano","@id":"https:\/\/www.pressenza.com\/it\/#\/schema\/person\/746fc8cdd6c8e3d918fb5714b3583e41"},"headline":"Inizia da Milano il giro di presentazioni del libro &#8220;C&#8217;\u00e8 un mondo dentro&#8221; di Marcela Latorre","datePublished":"2024-09-21T18:17:05+00:00","dateModified":"2024-09-21T18:24:35+00:00","mainEntityOfPage":{"@id":"https:\/\/www.pressenza.com\/it\/2024\/09\/milano-presentazioni-latorre\/"},"wordCount":196,"publisher":{"@id":"https:\/\/www.pressenza.com\/it\/#organization"},"image":{"@id":"https:\/\/www.pressenza.com\/it\/2024\/09\/milano-presentazioni-latorre\/#primaryimage"},"thumbnailUrl":"https:\/\/www.pressenza.com\/wp-content\/uploads\/2024\/09\/Marcela-Latorre-milan.jpg","keywords":["Centro di Nonviolenza Attiva","educazione umanista","Italia","Marcela Latorre","Milano"],"articleSection":["contenuti originali","Cronaca","Cultura e Media","Educazione"],"inLanguage":"it-IT"},{"@type":"WebPage","@id":"https:\/\/www.pressenza.com\/it\/2024\/09\/milano-presentazioni-latorre\/","url":"https:\/\/www.pressenza.com\/it\/2024\/09\/milano-presentazioni-latorre\/","name":"Inizia da Milano il giro di presentazioni del libro \"C'\u00e8 un mondo dentro\" di Marcela Latorre","isPartOf":{"@id":"https:\/\/www.pressenza.com\/it\/#website"},"primaryImageOfPage":{"@id":"https:\/\/www.pressenza.com\/it\/2024\/09\/milano-presentazioni-latorre\/#primaryimage"},"image":{"@id":"https:\/\/www.pressenza.com\/it\/2024\/09\/milano-presentazioni-latorre\/#primaryimage"},"thumbnailUrl":"https:\/\/www.pressenza.com\/wp-content\/uploads\/2024\/09\/Marcela-Latorre-milan.jpg","datePublished":"2024-09-21T18:17:05+00:00","dateModified":"2024-09-21T18:24:35+00:00","description":"Venerd\u00ec 20 settembre si \u00e8 svolta la presentazione del libro della cilena Marcela Latorre Robles C'\u00e8 un mondo dentro, pubblicato da Multimage Editrice, che","breadcrumb":{"@id":"https:\/\/www.pressenza.com\/it\/2024\/09\/milano-presentazioni-latorre\/#breadcrumb"},"inLanguage":"it-IT","potentialAction":[{"@type":"ReadAction","target":["https:\/\/www.pressenza.com\/it\/2024\/09\/milano-presentazioni-latorre\/"]}]},{"@type":"ImageObject","inLanguage":"it-IT","@id":"https:\/\/www.pressenza.com\/it\/2024\/09\/milano-presentazioni-latorre\/#primaryimage","url":"https:\/\/www.pressenza.com\/wp-content\/uploads\/2024\/09\/Marcela-Latorre-milan.jpg","contentUrl":"https:\/\/www.pressenza.com\/wp-content\/uploads\/2024\/09\/Marcela-Latorre-milan.jpg","width":850,"height":575},{"@type":"BreadcrumbList","@id":"https:\/\/www.pressenza.com\/it\/2024\/09\/milano-presentazioni-latorre\/#breadcrumb","itemListElement":[{"@type":"ListItem","position":1,"name":"Accueil","item":"https:\/\/www.pressenza.com\/it\/"},{"@type":"ListItem","position":2,"name":"Inizia da Milano il giro di presentazioni del libro &#8220;C&#8217;\u00e8 un mondo dentro&#8221; di Marcela Latorre"}]},{"@type":"WebSite","@id":"https:\/\/www.pressenza.com\/it\/#website","url":"https:\/\/www.pressenza.com\/it\/","name":"Pressenza","description":"Agenzia di Stampa Internazionale","publisher":{"@id":"https:\/\/www.pressenza.com\/it\/#organization"},"potentialAction":[{"@type":"SearchAction","target":{"@type":"EntryPoint","urlTemplate":"https:\/\/www.pressenza.com\/it\/?s={search_term_string}"},"query-input":{"@type":"PropertyValueSpecification","valueRequired":true,"valueName":"search_term_string"}}],"inLanguage":"it-IT"},{"@type":"Organization","@id":"https:\/\/www.pressenza.com\/it\/#organization","name":"Pressenza","url":"https:\/\/www.pressenza.com\/it\/","logo":{"@type":"ImageObject","inLanguage":"it-IT","@id":"https:\/\/www.pressenza.com\/it\/#\/schema\/logo\/image\/","url":"https:\/\/www.pressenza.com\/wp-content\/uploads\/2022\/10\/pressenza_logo_200x200.jpg","contentUrl":"https:\/\/www.pressenza.com\/wp-content\/uploads\/2022\/10\/pressenza_logo_200x200.jpg","width":200,"height":200,"caption":"Pressenza"},"image":{"@id":"https:\/\/www.pressenza.com\/it\/#\/schema\/logo\/image\/"},"sameAs":["https:\/\/www.facebook.com\/PressenzaItalia","https:\/\/x.com\/PressenzaIPA"]},{"@type":"Person","@id":"https:\/\/www.pressenza.com\/it\/#\/schema\/person\/746fc8cdd6c8e3d918fb5714b3583e41","name":"Redazione Milano","description":"News from the Pressenza Bureau in Milan, Italy","url":"https:\/\/www.pressenza.com\/it\/author\/redazione-milano\/"}]}},"place":"Milano","original_article_url":"","_links":{"self":[{"href":"https:\/\/www.pressenza.com\/it\/wp-json\/wp\/v2\/posts\/2549142","targetHints":{"allow":["GET"]}}],"collection":[{"href":"https:\/\/www.pressenza.com\/it\/wp-json\/wp\/v2\/posts"}],"about":[{"href":"https:\/\/www.pressenza.com\/it\/wp-json\/wp\/v2\/types\/post"}],"author":[{"embeddable":true,"href":"https:\/\/www.pressenza.com\/it\/wp-json\/wp\/v2\/users\/1722"}],"replies":[{"embeddable":true,"href":"https:\/\/www.pressenza.com\/it\/wp-json\/wp\/v2\/comments?post=2549142"}],"version-history":[{"count":0,"href":"https:\/\/www.pressenza.com\/it\/wp-json\/wp\/v2\/posts\/2549142\/revisions"}],"wp:featuredmedia":[{"embeddable":true,"href":"https:\/\/www.pressenza.com\/it\/wp-json\/wp\/v2\/media\/2549143"}],"wp:attachment":[{"href":"https:\/\/www.pressenza.com\/it\/wp-json\/wp\/v2\/media?parent=2549142"}],"wp:term":[{"taxonomy":"category","embeddable":true,"href":"https:\/\/www.pressenza.com\/it\/wp-json\/wp\/v2\/categories?post=2549142"},{"taxonomy":"post_tag","embeddable":true,"href":"https:\/\/www.pressenza.com\/it\/wp-json\/wp\/v2\/tags?post=2549142"}],"curies":[{"name":"wp","href":"https:\/\/api.w.org\/{rel}","templated":true}]}}