{"id":2544908,"date":"2024-08-29T11:55:59","date_gmt":"2024-08-29T10:55:59","guid":{"rendered":"https:\/\/www.pressenza.com\/?p=2544908"},"modified":"2024-08-29T11:59:25","modified_gmt":"2024-08-29T10:59:25","slug":"cisgiordania-esportazioni-di-armi-e-solidarieta-internazionale","status":"publish","type":"post","link":"https:\/\/www.pressenza.com\/it\/2024\/08\/cisgiordania-esportazioni-di-armi-e-solidarieta-internazionale\/","title":{"rendered":"Cisgiordania, esportazioni di armi e solidariet\u00e0 internazionale"},"content":{"rendered":"<p><strong>Esercito contro civili<\/strong><\/p>\n<p>\u00c8 questa la guerra di Israele in Cisgiordania. Rastrellamenti, bombardamenti e ordini di deportazione. Citt\u00e0 assediate da giorni senza la possibilit\u00e0 di movimento per la popolazione. Le politiche dell\u2019esercito israeliano in Cisgiordania sono sintetizzate nelle dichiarazioni del Ministro degli Esteri Katz: \u201cLa Cisgiordania deve diventare come Gaza. Bisogna ordinare alla popolazione di sfollare\u201d. In effetti, ieri l\u2019esercito israeliano ha ordinato con messaggi sms e annunci dai megafoni ai 10 mila abitanti del campo profughi di Nour Shams di andarsene entro quattro ore. Ha installato posti di blocco per il controllo dei documenti degli sfollati. Un\u2019azione punitiva, come ai tempi delle vendette naziste contro la popolazione civile, nella seconda guerra mondiale.<\/p>\n<p>Il governo israeliano nega che ci sia un ordine obbligatorio di evacuazione, ma solo un consiglio alla popolazione per non rischiare la vita. In ebraico si chiama Hasbar\u00e0, cio\u00e8 come dribblare le notizie scomode con una valanga di spiegazioni fuori contesto e devianti.<\/p>\n<p>Il campo profughi Nour Shams, nei pressi di Tulkarem, \u00e8 tuttora assediato. L\u2019esercito ha interrotto le forniture elettriche e idriche e bloccato la telefonia fissa e cellulare.<\/p>\n<p>Ipocritamente l\u2019UE condanna a parole queste dichiarazioni e minacce, ma non fa nulla per impedirle. Il rappresentante europeo per la politica estera ha dichiarato che \u201cqueste parole di Katz minacciano ogni possibile composizione pacifica futura della questione mediorientale\u201d.<\/p>\n<p>No, signor Borrell, queste parole sono una dichiarazione di guerra contro la popolazione civile palestinese e un incitamento alla deportazione di massa, un crimine di guerra.<\/p>\n<p><strong>Esportazioni di armi<\/strong><\/p>\n<p>Amnesty International ha contestato l\u2019annuncio del governo danese, secondo cui non avrebbe ammesso ai tribunali di condizionare la politica estera del Paese in materia di esportazioni di armi. Quattro organizzazioni per i diritti umani hanno denunciato il governo di fronte alla magistratura per le esportazioni verso Israele di pezzi di ricambio dei caccia F-35. Lo scorso 16 agosto, il Ministro degli Esteri danese Rasmussen ha dichiarato che il governo non avrebbe permesso che i tribunali interferissero nella politica estera.<\/p>\n<p>Secondo Amnesty International, le leggi danesi vietano le esportazioni di armi ai Paesi in guerra. \u201cGaza non pu\u00f2 aspettare. Le esportazioni danesi di armi verso Israele sono complici del genocidio. In un Paese democratico, la separazione dei poteri \u00e8 fondamentale per difendere la libert\u00e0\u201d, ha dichiarato un\u2019esponente di AI.<\/p>\n<p><strong>Solidariet\u00e0 internazionale<\/strong><\/p>\n<p>La Namibia ha vietato a una nave di attraccare nei porti del Paese perch\u00e9 \u201ctrasporta armi dirette in Israele\u201d.\u00a0\u00a0Il divieto di approdo nel porto della citt\u00e0 di Walvisbaai riguarda una nave cargo che, secondo un\u2019indagine della polizia, trasporterebbe \u00abmateriale esplosivo destinato a Israele\u00bb.<\/p>\n<p>A chiedere alle autorit\u00e0 competenti il divieto di approdo era stata la Ministra della Giustizia Yvonne Dausab, che ritiene la decisione un modo per rispettare gli obblighi internazionali della Namibia e per dimostrare sostegno al popolo palestinese. La Namibia \u00e8 tra i Paesi che hanno appoggiato la\u00a0decisione del Sudafrica\u00a0di intentare una causa per genocidio contro Israele per la guerra contro la popolazione di Gaza ed \u00e8 anche uno dei Paesi firmatari della convenzione sul genocidio, un trattato internazionale approvato dall\u2019Assemblea generale dell\u2019ONU nel 1948.<\/p>\n<p>La nave si chiama Kathrin, era partita dal Vietnam ed era diretta verso il Mediterraneo attraverso lo stretto di Gibilterra.<\/p>\n<p>&nbsp;<\/p>\n<p>&nbsp;<\/p>\n<p>&nbsp;<\/p>\n","protected":false},"excerpt":{"rendered":"<p>Esercito contro civili \u00c8 questa la guerra di Israele in Cisgiordania. Rastrellamenti, bombardamenti e ordini di deportazione. Citt\u00e0 assediate da giorni senza la possibilit\u00e0 di movimento per la popolazione. Le politiche dell\u2019esercito israeliano in Cisgiordania sono sintetizzate nelle dichiarazioni del&hellip;<\/p>\n","protected":false},"author":2080,"featured_media":2544910,"comment_status":"closed","ping_status":"closed","sticky":false,"template":"","format":"standard","meta":{"footnotes":""},"categories":[60,52,1263],"tags":[1120,8238,87290,126099,778,14879,1227,3421],"class_list":["post-2544908","post","type-post","status-publish","format-standard","has-post-thumbnail","hentry","category-diritti-umani","category-medio-oriente","category-pace-disarmo","tag-amnesty-international-2","tag-cisgiordania","tag-esportazioni-di-armi","tag-governo-danese","tag-israele","tag-namibia","tag-palestina-it","tag-sfollati"],"yoast_head":"<!-- This site is optimized with the Yoast SEO plugin v27.1.1 - https:\/\/yoast.com\/product\/yoast-seo-wordpress\/ -->\n<title>Cisgiordania, esportazioni di armi e solidariet\u00e0 internazionale<\/title>\n<meta name=\"description\" content=\"Esercito contro civili \u00c8 questa la guerra di Israele in Cisgiordania. Rastrellamenti, bombardamenti e ordini di deportazione. Citt\u00e0 assediate da giorni\" \/>\n<meta name=\"robots\" content=\"index, follow, max-snippet:-1, max-image-preview:large, max-video-preview:-1\" \/>\n<link rel=\"canonical\" href=\"https:\/\/www.pressenza.com\/it\/2024\/08\/cisgiordania-esportazioni-di-armi-e-solidarieta-internazionale\/\" \/>\n<meta property=\"og:locale\" content=\"it_IT\" \/>\n<meta property=\"og:type\" content=\"article\" \/>\n<meta property=\"og:title\" content=\"Cisgiordania, esportazioni di armi e solidariet\u00e0 internazionale\" \/>\n<meta property=\"og:description\" content=\"Esercito contro civili \u00c8 questa la guerra di Israele in Cisgiordania. Rastrellamenti, bombardamenti e ordini di deportazione. Citt\u00e0 assediate da giorni\" \/>\n<meta property=\"og:url\" content=\"https:\/\/www.pressenza.com\/it\/2024\/08\/cisgiordania-esportazioni-di-armi-e-solidarieta-internazionale\/\" \/>\n<meta property=\"og:site_name\" content=\"Pressenza\" \/>\n<meta property=\"article:publisher\" content=\"https:\/\/www.facebook.com\/PressenzaItalia\" \/>\n<meta property=\"article:published_time\" content=\"2024-08-29T10:55:59+00:00\" \/>\n<meta property=\"article:modified_time\" content=\"2024-08-29T10:59:25+00:00\" \/>\n<meta property=\"og:image\" content=\"https:\/\/www.pressenza.com\/wp-content\/uploads\/2024\/08\/sfollati-Gaza-agosto-2024.jpg\" \/>\n\t<meta property=\"og:image:width\" content=\"1920\" \/>\n\t<meta property=\"og:image:height\" content=\"1280\" \/>\n\t<meta property=\"og:image:type\" content=\"image\/jpeg\" \/>\n<meta name=\"author\" content=\"ANBAMED\" \/>\n<meta name=\"twitter:card\" content=\"summary_large_image\" \/>\n<meta name=\"twitter:creator\" content=\"@PressenzaIPA\" \/>\n<meta name=\"twitter:site\" content=\"@PressenzaIPA\" \/>\n<meta name=\"twitter:label1\" content=\"Scritto da\" \/>\n\t<meta name=\"twitter:data1\" content=\"ANBAMED\" \/>\n\t<meta name=\"twitter:label2\" content=\"Tempo di lettura stimato\" \/>\n\t<meta name=\"twitter:data2\" content=\"3 minuti\" \/>\n<script type=\"application\/ld+json\" class=\"yoast-schema-graph\">{\"@context\":\"https:\/\/schema.org\",\"@graph\":[{\"@type\":\"Article\",\"@id\":\"https:\/\/www.pressenza.com\/it\/2024\/08\/cisgiordania-esportazioni-di-armi-e-solidarieta-internazionale\/#article\",\"isPartOf\":{\"@id\":\"https:\/\/www.pressenza.com\/it\/2024\/08\/cisgiordania-esportazioni-di-armi-e-solidarieta-internazionale\/\"},\"author\":{\"name\":\"ANBAMED\",\"@id\":\"https:\/\/www.pressenza.com\/it\/#\/schema\/person\/9f05db79ca2872d8e94cb459a93831e4\"},\"headline\":\"Cisgiordania, esportazioni di armi e solidariet\u00e0 internazionale\",\"datePublished\":\"2024-08-29T10:55:59+00:00\",\"dateModified\":\"2024-08-29T10:59:25+00:00\",\"mainEntityOfPage\":{\"@id\":\"https:\/\/www.pressenza.com\/it\/2024\/08\/cisgiordania-esportazioni-di-armi-e-solidarieta-internazionale\/\"},\"wordCount\":542,\"publisher\":{\"@id\":\"https:\/\/www.pressenza.com\/it\/#organization\"},\"image\":{\"@id\":\"https:\/\/www.pressenza.com\/it\/2024\/08\/cisgiordania-esportazioni-di-armi-e-solidarieta-internazionale\/#primaryimage\"},\"thumbnailUrl\":\"https:\/\/www.pressenza.com\/wp-content\/uploads\/2024\/08\/sfollati-Gaza-agosto-2024.jpg\",\"keywords\":[\"Amnesty International\",\"Cisgiordania\",\"esportazioni di armi\",\"governo danese\",\"Israele\",\"Namibia\",\"Palestina\",\"sfollati\"],\"articleSection\":[\"Diritti Umani\",\"Medio Oriente\",\"Pace e Disarmo\"],\"inLanguage\":\"it-IT\"},{\"@type\":\"WebPage\",\"@id\":\"https:\/\/www.pressenza.com\/it\/2024\/08\/cisgiordania-esportazioni-di-armi-e-solidarieta-internazionale\/\",\"url\":\"https:\/\/www.pressenza.com\/it\/2024\/08\/cisgiordania-esportazioni-di-armi-e-solidarieta-internazionale\/\",\"name\":\"Cisgiordania, esportazioni di armi e solidariet\u00e0 internazionale\",\"isPartOf\":{\"@id\":\"https:\/\/www.pressenza.com\/it\/#website\"},\"primaryImageOfPage\":{\"@id\":\"https:\/\/www.pressenza.com\/it\/2024\/08\/cisgiordania-esportazioni-di-armi-e-solidarieta-internazionale\/#primaryimage\"},\"image\":{\"@id\":\"https:\/\/www.pressenza.com\/it\/2024\/08\/cisgiordania-esportazioni-di-armi-e-solidarieta-internazionale\/#primaryimage\"},\"thumbnailUrl\":\"https:\/\/www.pressenza.com\/wp-content\/uploads\/2024\/08\/sfollati-Gaza-agosto-2024.jpg\",\"datePublished\":\"2024-08-29T10:55:59+00:00\",\"dateModified\":\"2024-08-29T10:59:25+00:00\",\"description\":\"Esercito contro civili \u00c8 questa la guerra di Israele in Cisgiordania. Rastrellamenti, bombardamenti e ordini di deportazione. Citt\u00e0 assediate da giorni\",\"breadcrumb\":{\"@id\":\"https:\/\/www.pressenza.com\/it\/2024\/08\/cisgiordania-esportazioni-di-armi-e-solidarieta-internazionale\/#breadcrumb\"},\"inLanguage\":\"it-IT\",\"potentialAction\":[{\"@type\":\"ReadAction\",\"target\":[\"https:\/\/www.pressenza.com\/it\/2024\/08\/cisgiordania-esportazioni-di-armi-e-solidarieta-internazionale\/\"]}]},{\"@type\":\"ImageObject\",\"inLanguage\":\"it-IT\",\"@id\":\"https:\/\/www.pressenza.com\/it\/2024\/08\/cisgiordania-esportazioni-di-armi-e-solidarieta-internazionale\/#primaryimage\",\"url\":\"https:\/\/www.pressenza.com\/wp-content\/uploads\/2024\/08\/sfollati-Gaza-agosto-2024.jpg\",\"contentUrl\":\"https:\/\/www.pressenza.com\/wp-content\/uploads\/2024\/08\/sfollati-Gaza-agosto-2024.jpg\",\"width\":1920,\"height\":1280},{\"@type\":\"BreadcrumbList\",\"@id\":\"https:\/\/www.pressenza.com\/it\/2024\/08\/cisgiordania-esportazioni-di-armi-e-solidarieta-internazionale\/#breadcrumb\",\"itemListElement\":[{\"@type\":\"ListItem\",\"position\":1,\"name\":\"Accueil\",\"item\":\"https:\/\/www.pressenza.com\/it\/\"},{\"@type\":\"ListItem\",\"position\":2,\"name\":\"Cisgiordania, esportazioni di armi e solidariet\u00e0 internazionale\"}]},{\"@type\":\"WebSite\",\"@id\":\"https:\/\/www.pressenza.com\/it\/#website\",\"url\":\"https:\/\/www.pressenza.com\/it\/\",\"name\":\"Pressenza\",\"description\":\"Agenzia di Stampa Internazionale\",\"publisher\":{\"@id\":\"https:\/\/www.pressenza.com\/it\/#organization\"},\"potentialAction\":[{\"@type\":\"SearchAction\",\"target\":{\"@type\":\"EntryPoint\",\"urlTemplate\":\"https:\/\/www.pressenza.com\/it\/?s={search_term_string}\"},\"query-input\":{\"@type\":\"PropertyValueSpecification\",\"valueRequired\":true,\"valueName\":\"search_term_string\"}}],\"inLanguage\":\"it-IT\"},{\"@type\":\"Organization\",\"@id\":\"https:\/\/www.pressenza.com\/it\/#organization\",\"name\":\"Pressenza\",\"url\":\"https:\/\/www.pressenza.com\/it\/\",\"logo\":{\"@type\":\"ImageObject\",\"inLanguage\":\"it-IT\",\"@id\":\"https:\/\/www.pressenza.com\/it\/#\/schema\/logo\/image\/\",\"url\":\"https:\/\/www.pressenza.com\/wp-content\/uploads\/2022\/10\/pressenza_logo_200x200.jpg\",\"contentUrl\":\"https:\/\/www.pressenza.com\/wp-content\/uploads\/2022\/10\/pressenza_logo_200x200.jpg\",\"width\":200,\"height\":200,\"caption\":\"Pressenza\"},\"image\":{\"@id\":\"https:\/\/www.pressenza.com\/it\/#\/schema\/logo\/image\/\"},\"sameAs\":[\"https:\/\/www.facebook.com\/PressenzaItalia\",\"https:\/\/x.com\/PressenzaIPA\"]},{\"@type\":\"Person\",\"@id\":\"https:\/\/www.pressenza.com\/it\/#\/schema\/person\/9f05db79ca2872d8e94cb459a93831e4\",\"name\":\"ANBAMED\",\"description\":\"Notizie dal Sud Est del Mediterraneo\",\"sameAs\":[\"https:\/\/www.anbamed.it\/\"],\"url\":\"https:\/\/www.pressenza.com\/it\/author\/anbamed\/\"}]}<\/script>\n<!-- \/ Yoast SEO plugin. -->","yoast_head_json":{"title":"Cisgiordania, esportazioni di armi e solidariet\u00e0 internazionale","description":"Esercito contro civili \u00c8 questa la guerra di Israele in Cisgiordania. Rastrellamenti, bombardamenti e ordini di deportazione. Citt\u00e0 assediate da giorni","robots":{"index":"index","follow":"follow","max-snippet":"max-snippet:-1","max-image-preview":"max-image-preview:large","max-video-preview":"max-video-preview:-1"},"canonical":"https:\/\/www.pressenza.com\/it\/2024\/08\/cisgiordania-esportazioni-di-armi-e-solidarieta-internazionale\/","og_locale":"it_IT","og_type":"article","og_title":"Cisgiordania, esportazioni di armi e solidariet\u00e0 internazionale","og_description":"Esercito contro civili \u00c8 questa la guerra di Israele in Cisgiordania. Rastrellamenti, bombardamenti e ordini di deportazione. Citt\u00e0 assediate da giorni","og_url":"https:\/\/www.pressenza.com\/it\/2024\/08\/cisgiordania-esportazioni-di-armi-e-solidarieta-internazionale\/","og_site_name":"Pressenza","article_publisher":"https:\/\/www.facebook.com\/PressenzaItalia","article_published_time":"2024-08-29T10:55:59+00:00","article_modified_time":"2024-08-29T10:59:25+00:00","og_image":[{"width":1920,"height":1280,"url":"https:\/\/www.pressenza.com\/wp-content\/uploads\/2024\/08\/sfollati-Gaza-agosto-2024.jpg","type":"image\/jpeg"}],"author":"ANBAMED","twitter_card":"summary_large_image","twitter_creator":"@PressenzaIPA","twitter_site":"@PressenzaIPA","twitter_misc":{"Scritto da":"ANBAMED","Tempo di lettura stimato":"3 minuti"},"schema":{"@context":"https:\/\/schema.org","@graph":[{"@type":"Article","@id":"https:\/\/www.pressenza.com\/it\/2024\/08\/cisgiordania-esportazioni-di-armi-e-solidarieta-internazionale\/#article","isPartOf":{"@id":"https:\/\/www.pressenza.com\/it\/2024\/08\/cisgiordania-esportazioni-di-armi-e-solidarieta-internazionale\/"},"author":{"name":"ANBAMED","@id":"https:\/\/www.pressenza.com\/it\/#\/schema\/person\/9f05db79ca2872d8e94cb459a93831e4"},"headline":"Cisgiordania, esportazioni di armi e solidariet\u00e0 internazionale","datePublished":"2024-08-29T10:55:59+00:00","dateModified":"2024-08-29T10:59:25+00:00","mainEntityOfPage":{"@id":"https:\/\/www.pressenza.com\/it\/2024\/08\/cisgiordania-esportazioni-di-armi-e-solidarieta-internazionale\/"},"wordCount":542,"publisher":{"@id":"https:\/\/www.pressenza.com\/it\/#organization"},"image":{"@id":"https:\/\/www.pressenza.com\/it\/2024\/08\/cisgiordania-esportazioni-di-armi-e-solidarieta-internazionale\/#primaryimage"},"thumbnailUrl":"https:\/\/www.pressenza.com\/wp-content\/uploads\/2024\/08\/sfollati-Gaza-agosto-2024.jpg","keywords":["Amnesty International","Cisgiordania","esportazioni di armi","governo danese","Israele","Namibia","Palestina","sfollati"],"articleSection":["Diritti Umani","Medio Oriente","Pace e Disarmo"],"inLanguage":"it-IT"},{"@type":"WebPage","@id":"https:\/\/www.pressenza.com\/it\/2024\/08\/cisgiordania-esportazioni-di-armi-e-solidarieta-internazionale\/","url":"https:\/\/www.pressenza.com\/it\/2024\/08\/cisgiordania-esportazioni-di-armi-e-solidarieta-internazionale\/","name":"Cisgiordania, esportazioni di armi e solidariet\u00e0 internazionale","isPartOf":{"@id":"https:\/\/www.pressenza.com\/it\/#website"},"primaryImageOfPage":{"@id":"https:\/\/www.pressenza.com\/it\/2024\/08\/cisgiordania-esportazioni-di-armi-e-solidarieta-internazionale\/#primaryimage"},"image":{"@id":"https:\/\/www.pressenza.com\/it\/2024\/08\/cisgiordania-esportazioni-di-armi-e-solidarieta-internazionale\/#primaryimage"},"thumbnailUrl":"https:\/\/www.pressenza.com\/wp-content\/uploads\/2024\/08\/sfollati-Gaza-agosto-2024.jpg","datePublished":"2024-08-29T10:55:59+00:00","dateModified":"2024-08-29T10:59:25+00:00","description":"Esercito contro civili \u00c8 questa la guerra di Israele in Cisgiordania. Rastrellamenti, bombardamenti e ordini di deportazione. Citt\u00e0 assediate da giorni","breadcrumb":{"@id":"https:\/\/www.pressenza.com\/it\/2024\/08\/cisgiordania-esportazioni-di-armi-e-solidarieta-internazionale\/#breadcrumb"},"inLanguage":"it-IT","potentialAction":[{"@type":"ReadAction","target":["https:\/\/www.pressenza.com\/it\/2024\/08\/cisgiordania-esportazioni-di-armi-e-solidarieta-internazionale\/"]}]},{"@type":"ImageObject","inLanguage":"it-IT","@id":"https:\/\/www.pressenza.com\/it\/2024\/08\/cisgiordania-esportazioni-di-armi-e-solidarieta-internazionale\/#primaryimage","url":"https:\/\/www.pressenza.com\/wp-content\/uploads\/2024\/08\/sfollati-Gaza-agosto-2024.jpg","contentUrl":"https:\/\/www.pressenza.com\/wp-content\/uploads\/2024\/08\/sfollati-Gaza-agosto-2024.jpg","width":1920,"height":1280},{"@type":"BreadcrumbList","@id":"https:\/\/www.pressenza.com\/it\/2024\/08\/cisgiordania-esportazioni-di-armi-e-solidarieta-internazionale\/#breadcrumb","itemListElement":[{"@type":"ListItem","position":1,"name":"Accueil","item":"https:\/\/www.pressenza.com\/it\/"},{"@type":"ListItem","position":2,"name":"Cisgiordania, esportazioni di armi e solidariet\u00e0 internazionale"}]},{"@type":"WebSite","@id":"https:\/\/www.pressenza.com\/it\/#website","url":"https:\/\/www.pressenza.com\/it\/","name":"Pressenza","description":"Agenzia di Stampa Internazionale","publisher":{"@id":"https:\/\/www.pressenza.com\/it\/#organization"},"potentialAction":[{"@type":"SearchAction","target":{"@type":"EntryPoint","urlTemplate":"https:\/\/www.pressenza.com\/it\/?s={search_term_string}"},"query-input":{"@type":"PropertyValueSpecification","valueRequired":true,"valueName":"search_term_string"}}],"inLanguage":"it-IT"},{"@type":"Organization","@id":"https:\/\/www.pressenza.com\/it\/#organization","name":"Pressenza","url":"https:\/\/www.pressenza.com\/it\/","logo":{"@type":"ImageObject","inLanguage":"it-IT","@id":"https:\/\/www.pressenza.com\/it\/#\/schema\/logo\/image\/","url":"https:\/\/www.pressenza.com\/wp-content\/uploads\/2022\/10\/pressenza_logo_200x200.jpg","contentUrl":"https:\/\/www.pressenza.com\/wp-content\/uploads\/2022\/10\/pressenza_logo_200x200.jpg","width":200,"height":200,"caption":"Pressenza"},"image":{"@id":"https:\/\/www.pressenza.com\/it\/#\/schema\/logo\/image\/"},"sameAs":["https:\/\/www.facebook.com\/PressenzaItalia","https:\/\/x.com\/PressenzaIPA"]},{"@type":"Person","@id":"https:\/\/www.pressenza.com\/it\/#\/schema\/person\/9f05db79ca2872d8e94cb459a93831e4","name":"ANBAMED","description":"Notizie dal Sud Est del Mediterraneo","sameAs":["https:\/\/www.anbamed.it\/"],"url":"https:\/\/www.pressenza.com\/it\/author\/anbamed\/"}]}},"place":"","original_article_url":"","_links":{"self":[{"href":"https:\/\/www.pressenza.com\/it\/wp-json\/wp\/v2\/posts\/2544908","targetHints":{"allow":["GET"]}}],"collection":[{"href":"https:\/\/www.pressenza.com\/it\/wp-json\/wp\/v2\/posts"}],"about":[{"href":"https:\/\/www.pressenza.com\/it\/wp-json\/wp\/v2\/types\/post"}],"author":[{"embeddable":true,"href":"https:\/\/www.pressenza.com\/it\/wp-json\/wp\/v2\/users\/2080"}],"replies":[{"embeddable":true,"href":"https:\/\/www.pressenza.com\/it\/wp-json\/wp\/v2\/comments?post=2544908"}],"version-history":[{"count":0,"href":"https:\/\/www.pressenza.com\/it\/wp-json\/wp\/v2\/posts\/2544908\/revisions"}],"wp:featuredmedia":[{"embeddable":true,"href":"https:\/\/www.pressenza.com\/it\/wp-json\/wp\/v2\/media\/2544910"}],"wp:attachment":[{"href":"https:\/\/www.pressenza.com\/it\/wp-json\/wp\/v2\/media?parent=2544908"}],"wp:term":[{"taxonomy":"category","embeddable":true,"href":"https:\/\/www.pressenza.com\/it\/wp-json\/wp\/v2\/categories?post=2544908"},{"taxonomy":"post_tag","embeddable":true,"href":"https:\/\/www.pressenza.com\/it\/wp-json\/wp\/v2\/tags?post=2544908"}],"curies":[{"name":"wp","href":"https:\/\/api.w.org\/{rel}","templated":true}]}}