{"id":254413,"date":"2015-12-07T14:45:46","date_gmt":"2015-12-07T14:45:46","guid":{"rendered":"http:\/\/www.pressenza.com\/it\/?p=254413"},"modified":"2015-12-07T14:45:46","modified_gmt":"2015-12-07T14:45:46","slug":"myanmar-via-libera-dei-militari-aung-san-suu-kyi-potra-guidare-il-paese","status":"publish","type":"post","link":"https:\/\/www.pressenza.com\/it\/2015\/12\/myanmar-via-libera-dei-militari-aung-san-suu-kyi-potra-guidare-il-paese\/","title":{"rendered":"Myanmar: via libera dei militari, Aung San Suu Kyi potr\u00e0 guidare il paese"},"content":{"rendered":"<p style=\"text-align: justify;\">Prosegue il cammino di Aung San Suu Kyi, premio Nobel per la Pace e presidente del partito vincitore delle lezioni parlamentari di novembre, verso la guida del paese.<\/p>\n<p style=\"text-align: justify;\">Dopo avere incassato l&#8217;accettazione del responso elettorale da parte militare e dopo avere incontrato la scorsa settimana il presidente uscente e ex generale Thein Sein e il comandante supremo delle forze armate, generale Min Aung Hlaing, Aung San Suu Kyi ha avuto nel fine settimana un colloquio faccia a faccia con l&#8217;uomo che l&#8217;ha costretta per 15 anni dal 1989 in una condizione di mancanza di libert\u00e0, a volte parziale a volte totale, in carcere o nella propria abitazione.<\/p>\n<p style=\"text-align: justify;\">Con Than Shwe, il capo della giunta militare dal 1992 al 2011 e oggi pensionato con garanzie di libert\u00e0 e ricchezza, la leader democratica si \u00e8 incontrata per due ore venerd\u00ec scorso, in un meeting che &#8211; come ha confermato il nipote di Than Shwe, mediatore dell&#8217;iniziativa &#8211; l&#8217;ex uomo forte del regime \u201cha accettato che sia lei a guidare il paese\u201d.<\/p>\n<p style=\"text-align: justify;\">Un&#8217;accettazione di tutto rilievo, in particolare per l&#8217;intenzione di Aung San Suu Kyi di volere, da premier, controllare la futura presidenza. Un ruolo a lei negato dalla Costituzione perch\u00e9 vedova e madre di cittadini stranieri.<\/p>\n","protected":false},"excerpt":{"rendered":"<p>Prosegue il cammino di Aung San Suu Kyi, premio Nobel per la Pace e presidente del partito vincitore delle lezioni parlamentari di novembre, verso la guida del paese. Dopo avere incassato l&#8217;accettazione del responso elettorale da parte militare e dopo&hellip;<\/p>\n","protected":false},"author":580,"featured_media":254422,"comment_status":"closed","ping_status":"open","sticky":false,"template":"","format":"standard","meta":{"footnotes":""},"categories":[46,150,60,1262],"tags":[6098,897,1150,460,4485,22346],"class_list":["post-254413","post","type-post","status-publish","format-standard","has-post-thumbnail","hentry","category-asia-it","category-comunicati-stampa","category-diritti-umani","category-nonviolenza-argomento","tag-aung-san-suu-kyi","tag-diritti-umani","tag-myanmar","tag-nonviolenza","tag-premio-nobel-per-la-pace","tag-than-shwe"],"yoast_head":"<!-- This site is optimized with the Yoast SEO plugin v27.1.1 - https:\/\/yoast.com\/product\/yoast-seo-wordpress\/ -->\n<title>Myanmar: via libera dei militari, Aung San Suu Kyi potr\u00e0 guidare il paese<\/title>\n<meta name=\"description\" content=\"Prosegue il cammino di Aung San Suu Kyi, premio Nobel per la Pace e presidente del partito vincitore delle lezioni parlamentari di novembre, verso la\" \/>\n<meta name=\"robots\" content=\"index, follow, max-snippet:-1, max-image-preview:large, max-video-preview:-1\" \/>\n<link rel=\"canonical\" href=\"https:\/\/www.pressenza.com\/it\/2015\/12\/myanmar-via-libera-dei-militari-aung-san-suu-kyi-potra-guidare-il-paese\/\" \/>\n<meta property=\"og:locale\" content=\"it_IT\" \/>\n<meta property=\"og:type\" content=\"article\" \/>\n<meta property=\"og:title\" content=\"Myanmar: via libera dei militari, Aung San Suu Kyi potr\u00e0 guidare il paese\" \/>\n<meta property=\"og:description\" content=\"Prosegue il cammino di Aung San Suu Kyi, premio Nobel per la Pace e presidente del partito vincitore delle lezioni parlamentari di novembre, verso la\" \/>\n<meta property=\"og:url\" content=\"https:\/\/www.pressenza.com\/it\/2015\/12\/myanmar-via-libera-dei-militari-aung-san-suu-kyi-potra-guidare-il-paese\/\" \/>\n<meta property=\"og:site_name\" content=\"Pressenza\" \/>\n<meta property=\"article:publisher\" content=\"https:\/\/www.facebook.com\/PressenzaItalia\" \/>\n<meta property=\"article:published_time\" content=\"2015-12-07T14:45:46+00:00\" \/>\n<meta property=\"og:image\" content=\"https:\/\/www.pressenza.com\/wp-content\/uploads\/2015\/12\/Aung_San_Suu_Kyi.jpg\" \/>\n\t<meta property=\"og:image:width\" content=\"3412\" \/>\n\t<meta property=\"og:image:height\" content=\"2275\" \/>\n\t<meta property=\"og:image:type\" content=\"image\/jpeg\" \/>\n<meta name=\"author\" content=\"MISNA Missionary International Service News Agency\" \/>\n<meta name=\"twitter:card\" content=\"summary_large_image\" \/>\n<meta name=\"twitter:creator\" content=\"@PressenzaIPA\" \/>\n<meta name=\"twitter:site\" content=\"@PressenzaIPA\" \/>\n<meta name=\"twitter:label1\" content=\"Scritto da\" \/>\n\t<meta name=\"twitter:data1\" content=\"MISNA Missionary International Service News Agency\" \/>\n\t<meta name=\"twitter:label2\" content=\"Tempo di lettura stimato\" \/>\n\t<meta name=\"twitter:data2\" content=\"1 minuto\" \/>\n<script type=\"application\/ld+json\" class=\"yoast-schema-graph\">{\"@context\":\"https:\/\/schema.org\",\"@graph\":[{\"@type\":\"Article\",\"@id\":\"https:\/\/www.pressenza.com\/it\/2015\/12\/myanmar-via-libera-dei-militari-aung-san-suu-kyi-potra-guidare-il-paese\/#article\",\"isPartOf\":{\"@id\":\"https:\/\/www.pressenza.com\/it\/2015\/12\/myanmar-via-libera-dei-militari-aung-san-suu-kyi-potra-guidare-il-paese\/\"},\"author\":{\"name\":\"MISNA Missionary International Service News Agency\",\"@id\":\"https:\/\/www.pressenza.com\/it\/#\/schema\/person\/a05953ce4428948e6c771c047027fecc\"},\"headline\":\"Myanmar: via libera dei militari, Aung San Suu Kyi potr\u00e0 guidare il paese\",\"datePublished\":\"2015-12-07T14:45:46+00:00\",\"mainEntityOfPage\":{\"@id\":\"https:\/\/www.pressenza.com\/it\/2015\/12\/myanmar-via-libera-dei-militari-aung-san-suu-kyi-potra-guidare-il-paese\/\"},\"wordCount\":219,\"publisher\":{\"@id\":\"https:\/\/www.pressenza.com\/it\/#organization\"},\"image\":{\"@id\":\"https:\/\/www.pressenza.com\/it\/2015\/12\/myanmar-via-libera-dei-militari-aung-san-suu-kyi-potra-guidare-il-paese\/#primaryimage\"},\"thumbnailUrl\":\"https:\/\/www.pressenza.com\/wp-content\/uploads\/2015\/12\/Aung_San_Suu_Kyi.jpg\",\"keywords\":[\"Aung San Suu Kyi\",\"diritti umani\",\"Myanmar\",\"nonviolenza\",\"Premio Nobel per la Pace\",\"Than Shwe\"],\"articleSection\":[\"Asia\",\"Comunicati Stampa\",\"Diritti Umani\",\"Nonviolenza\"],\"inLanguage\":\"it-IT\"},{\"@type\":\"WebPage\",\"@id\":\"https:\/\/www.pressenza.com\/it\/2015\/12\/myanmar-via-libera-dei-militari-aung-san-suu-kyi-potra-guidare-il-paese\/\",\"url\":\"https:\/\/www.pressenza.com\/it\/2015\/12\/myanmar-via-libera-dei-militari-aung-san-suu-kyi-potra-guidare-il-paese\/\",\"name\":\"Myanmar: via libera dei militari, Aung San Suu Kyi potr\u00e0 guidare il paese\",\"isPartOf\":{\"@id\":\"https:\/\/www.pressenza.com\/it\/#website\"},\"primaryImageOfPage\":{\"@id\":\"https:\/\/www.pressenza.com\/it\/2015\/12\/myanmar-via-libera-dei-militari-aung-san-suu-kyi-potra-guidare-il-paese\/#primaryimage\"},\"image\":{\"@id\":\"https:\/\/www.pressenza.com\/it\/2015\/12\/myanmar-via-libera-dei-militari-aung-san-suu-kyi-potra-guidare-il-paese\/#primaryimage\"},\"thumbnailUrl\":\"https:\/\/www.pressenza.com\/wp-content\/uploads\/2015\/12\/Aung_San_Suu_Kyi.jpg\",\"datePublished\":\"2015-12-07T14:45:46+00:00\",\"description\":\"Prosegue il cammino di Aung San Suu Kyi, premio Nobel per la Pace e presidente del partito vincitore delle lezioni parlamentari di novembre, verso la\",\"breadcrumb\":{\"@id\":\"https:\/\/www.pressenza.com\/it\/2015\/12\/myanmar-via-libera-dei-militari-aung-san-suu-kyi-potra-guidare-il-paese\/#breadcrumb\"},\"inLanguage\":\"it-IT\",\"potentialAction\":[{\"@type\":\"ReadAction\",\"target\":[\"https:\/\/www.pressenza.com\/it\/2015\/12\/myanmar-via-libera-dei-militari-aung-san-suu-kyi-potra-guidare-il-paese\/\"]}]},{\"@type\":\"ImageObject\",\"inLanguage\":\"it-IT\",\"@id\":\"https:\/\/www.pressenza.com\/it\/2015\/12\/myanmar-via-libera-dei-militari-aung-san-suu-kyi-potra-guidare-il-paese\/#primaryimage\",\"url\":\"https:\/\/www.pressenza.com\/wp-content\/uploads\/2015\/12\/Aung_San_Suu_Kyi.jpg\",\"contentUrl\":\"https:\/\/www.pressenza.com\/wp-content\/uploads\/2015\/12\/Aung_San_Suu_Kyi.jpg\",\"width\":3412,\"height\":2275},{\"@type\":\"BreadcrumbList\",\"@id\":\"https:\/\/www.pressenza.com\/it\/2015\/12\/myanmar-via-libera-dei-militari-aung-san-suu-kyi-potra-guidare-il-paese\/#breadcrumb\",\"itemListElement\":[{\"@type\":\"ListItem\",\"position\":1,\"name\":\"Accueil\",\"item\":\"https:\/\/www.pressenza.com\/it\/\"},{\"@type\":\"ListItem\",\"position\":2,\"name\":\"Myanmar: via libera dei militari, Aung San Suu Kyi potr\u00e0 guidare il paese\"}]},{\"@type\":\"WebSite\",\"@id\":\"https:\/\/www.pressenza.com\/it\/#website\",\"url\":\"https:\/\/www.pressenza.com\/it\/\",\"name\":\"Pressenza\",\"description\":\"Agenzia di Stampa Internazionale\",\"publisher\":{\"@id\":\"https:\/\/www.pressenza.com\/it\/#organization\"},\"potentialAction\":[{\"@type\":\"SearchAction\",\"target\":{\"@type\":\"EntryPoint\",\"urlTemplate\":\"https:\/\/www.pressenza.com\/it\/?s={search_term_string}\"},\"query-input\":{\"@type\":\"PropertyValueSpecification\",\"valueRequired\":true,\"valueName\":\"search_term_string\"}}],\"inLanguage\":\"it-IT\"},{\"@type\":\"Organization\",\"@id\":\"https:\/\/www.pressenza.com\/it\/#organization\",\"name\":\"Pressenza\",\"url\":\"https:\/\/www.pressenza.com\/it\/\",\"logo\":{\"@type\":\"ImageObject\",\"inLanguage\":\"it-IT\",\"@id\":\"https:\/\/www.pressenza.com\/it\/#\/schema\/logo\/image\/\",\"url\":\"https:\/\/www.pressenza.com\/wp-content\/uploads\/2022\/10\/pressenza_logo_200x200.jpg\",\"contentUrl\":\"https:\/\/www.pressenza.com\/wp-content\/uploads\/2022\/10\/pressenza_logo_200x200.jpg\",\"width\":200,\"height\":200,\"caption\":\"Pressenza\"},\"image\":{\"@id\":\"https:\/\/www.pressenza.com\/it\/#\/schema\/logo\/image\/\"},\"sameAs\":[\"https:\/\/www.facebook.com\/PressenzaItalia\",\"https:\/\/x.com\/PressenzaIPA\"]},{\"@type\":\"Person\",\"@id\":\"https:\/\/www.pressenza.com\/it\/#\/schema\/person\/a05953ce4428948e6c771c047027fecc\",\"name\":\"MISNA Missionary International Service News Agency\",\"description\":\"www.misna.org\",\"url\":\"https:\/\/www.pressenza.com\/it\/author\/misna\/\"}]}<\/script>\n<!-- \/ Yoast SEO plugin. -->","yoast_head_json":{"title":"Myanmar: via libera dei militari, Aung San Suu Kyi potr\u00e0 guidare il paese","description":"Prosegue il cammino di Aung San Suu Kyi, premio Nobel per la Pace e presidente del partito vincitore delle lezioni parlamentari di novembre, verso la","robots":{"index":"index","follow":"follow","max-snippet":"max-snippet:-1","max-image-preview":"max-image-preview:large","max-video-preview":"max-video-preview:-1"},"canonical":"https:\/\/www.pressenza.com\/it\/2015\/12\/myanmar-via-libera-dei-militari-aung-san-suu-kyi-potra-guidare-il-paese\/","og_locale":"it_IT","og_type":"article","og_title":"Myanmar: via libera dei militari, Aung San Suu Kyi potr\u00e0 guidare il paese","og_description":"Prosegue il cammino di Aung San Suu Kyi, premio Nobel per la Pace e presidente del partito vincitore delle lezioni parlamentari di novembre, verso la","og_url":"https:\/\/www.pressenza.com\/it\/2015\/12\/myanmar-via-libera-dei-militari-aung-san-suu-kyi-potra-guidare-il-paese\/","og_site_name":"Pressenza","article_publisher":"https:\/\/www.facebook.com\/PressenzaItalia","article_published_time":"2015-12-07T14:45:46+00:00","og_image":[{"width":3412,"height":2275,"url":"https:\/\/www.pressenza.com\/wp-content\/uploads\/2015\/12\/Aung_San_Suu_Kyi.jpg","type":"image\/jpeg"}],"author":"MISNA Missionary International Service News Agency","twitter_card":"summary_large_image","twitter_creator":"@PressenzaIPA","twitter_site":"@PressenzaIPA","twitter_misc":{"Scritto da":"MISNA Missionary International Service News Agency","Tempo di lettura stimato":"1 minuto"},"schema":{"@context":"https:\/\/schema.org","@graph":[{"@type":"Article","@id":"https:\/\/www.pressenza.com\/it\/2015\/12\/myanmar-via-libera-dei-militari-aung-san-suu-kyi-potra-guidare-il-paese\/#article","isPartOf":{"@id":"https:\/\/www.pressenza.com\/it\/2015\/12\/myanmar-via-libera-dei-militari-aung-san-suu-kyi-potra-guidare-il-paese\/"},"author":{"name":"MISNA Missionary International Service News Agency","@id":"https:\/\/www.pressenza.com\/it\/#\/schema\/person\/a05953ce4428948e6c771c047027fecc"},"headline":"Myanmar: via libera dei militari, Aung San Suu Kyi potr\u00e0 guidare il paese","datePublished":"2015-12-07T14:45:46+00:00","mainEntityOfPage":{"@id":"https:\/\/www.pressenza.com\/it\/2015\/12\/myanmar-via-libera-dei-militari-aung-san-suu-kyi-potra-guidare-il-paese\/"},"wordCount":219,"publisher":{"@id":"https:\/\/www.pressenza.com\/it\/#organization"},"image":{"@id":"https:\/\/www.pressenza.com\/it\/2015\/12\/myanmar-via-libera-dei-militari-aung-san-suu-kyi-potra-guidare-il-paese\/#primaryimage"},"thumbnailUrl":"https:\/\/www.pressenza.com\/wp-content\/uploads\/2015\/12\/Aung_San_Suu_Kyi.jpg","keywords":["Aung San Suu Kyi","diritti umani","Myanmar","nonviolenza","Premio Nobel per la Pace","Than Shwe"],"articleSection":["Asia","Comunicati Stampa","Diritti Umani","Nonviolenza"],"inLanguage":"it-IT"},{"@type":"WebPage","@id":"https:\/\/www.pressenza.com\/it\/2015\/12\/myanmar-via-libera-dei-militari-aung-san-suu-kyi-potra-guidare-il-paese\/","url":"https:\/\/www.pressenza.com\/it\/2015\/12\/myanmar-via-libera-dei-militari-aung-san-suu-kyi-potra-guidare-il-paese\/","name":"Myanmar: via libera dei militari, Aung San Suu Kyi potr\u00e0 guidare il paese","isPartOf":{"@id":"https:\/\/www.pressenza.com\/it\/#website"},"primaryImageOfPage":{"@id":"https:\/\/www.pressenza.com\/it\/2015\/12\/myanmar-via-libera-dei-militari-aung-san-suu-kyi-potra-guidare-il-paese\/#primaryimage"},"image":{"@id":"https:\/\/www.pressenza.com\/it\/2015\/12\/myanmar-via-libera-dei-militari-aung-san-suu-kyi-potra-guidare-il-paese\/#primaryimage"},"thumbnailUrl":"https:\/\/www.pressenza.com\/wp-content\/uploads\/2015\/12\/Aung_San_Suu_Kyi.jpg","datePublished":"2015-12-07T14:45:46+00:00","description":"Prosegue il cammino di Aung San Suu Kyi, premio Nobel per la Pace e presidente del partito vincitore delle lezioni parlamentari di novembre, verso la","breadcrumb":{"@id":"https:\/\/www.pressenza.com\/it\/2015\/12\/myanmar-via-libera-dei-militari-aung-san-suu-kyi-potra-guidare-il-paese\/#breadcrumb"},"inLanguage":"it-IT","potentialAction":[{"@type":"ReadAction","target":["https:\/\/www.pressenza.com\/it\/2015\/12\/myanmar-via-libera-dei-militari-aung-san-suu-kyi-potra-guidare-il-paese\/"]}]},{"@type":"ImageObject","inLanguage":"it-IT","@id":"https:\/\/www.pressenza.com\/it\/2015\/12\/myanmar-via-libera-dei-militari-aung-san-suu-kyi-potra-guidare-il-paese\/#primaryimage","url":"https:\/\/www.pressenza.com\/wp-content\/uploads\/2015\/12\/Aung_San_Suu_Kyi.jpg","contentUrl":"https:\/\/www.pressenza.com\/wp-content\/uploads\/2015\/12\/Aung_San_Suu_Kyi.jpg","width":3412,"height":2275},{"@type":"BreadcrumbList","@id":"https:\/\/www.pressenza.com\/it\/2015\/12\/myanmar-via-libera-dei-militari-aung-san-suu-kyi-potra-guidare-il-paese\/#breadcrumb","itemListElement":[{"@type":"ListItem","position":1,"name":"Accueil","item":"https:\/\/www.pressenza.com\/it\/"},{"@type":"ListItem","position":2,"name":"Myanmar: via libera dei militari, Aung San Suu Kyi potr\u00e0 guidare il paese"}]},{"@type":"WebSite","@id":"https:\/\/www.pressenza.com\/it\/#website","url":"https:\/\/www.pressenza.com\/it\/","name":"Pressenza","description":"Agenzia di Stampa Internazionale","publisher":{"@id":"https:\/\/www.pressenza.com\/it\/#organization"},"potentialAction":[{"@type":"SearchAction","target":{"@type":"EntryPoint","urlTemplate":"https:\/\/www.pressenza.com\/it\/?s={search_term_string}"},"query-input":{"@type":"PropertyValueSpecification","valueRequired":true,"valueName":"search_term_string"}}],"inLanguage":"it-IT"},{"@type":"Organization","@id":"https:\/\/www.pressenza.com\/it\/#organization","name":"Pressenza","url":"https:\/\/www.pressenza.com\/it\/","logo":{"@type":"ImageObject","inLanguage":"it-IT","@id":"https:\/\/www.pressenza.com\/it\/#\/schema\/logo\/image\/","url":"https:\/\/www.pressenza.com\/wp-content\/uploads\/2022\/10\/pressenza_logo_200x200.jpg","contentUrl":"https:\/\/www.pressenza.com\/wp-content\/uploads\/2022\/10\/pressenza_logo_200x200.jpg","width":200,"height":200,"caption":"Pressenza"},"image":{"@id":"https:\/\/www.pressenza.com\/it\/#\/schema\/logo\/image\/"},"sameAs":["https:\/\/www.facebook.com\/PressenzaItalia","https:\/\/x.com\/PressenzaIPA"]},{"@type":"Person","@id":"https:\/\/www.pressenza.com\/it\/#\/schema\/person\/a05953ce4428948e6c771c047027fecc","name":"MISNA Missionary International Service News Agency","description":"www.misna.org","url":"https:\/\/www.pressenza.com\/it\/author\/misna\/"}]}},"place":"","original_article_url":"http:\/\/www.misna.org\/economia-e-politica\/via-libera-dei-militari-aung-san-suu-kyi-potra-guidare-il-paese-07-12-2015-813.html","_links":{"self":[{"href":"https:\/\/www.pressenza.com\/it\/wp-json\/wp\/v2\/posts\/254413","targetHints":{"allow":["GET"]}}],"collection":[{"href":"https:\/\/www.pressenza.com\/it\/wp-json\/wp\/v2\/posts"}],"about":[{"href":"https:\/\/www.pressenza.com\/it\/wp-json\/wp\/v2\/types\/post"}],"author":[{"embeddable":true,"href":"https:\/\/www.pressenza.com\/it\/wp-json\/wp\/v2\/users\/580"}],"replies":[{"embeddable":true,"href":"https:\/\/www.pressenza.com\/it\/wp-json\/wp\/v2\/comments?post=254413"}],"version-history":[{"count":0,"href":"https:\/\/www.pressenza.com\/it\/wp-json\/wp\/v2\/posts\/254413\/revisions"}],"wp:featuredmedia":[{"embeddable":true,"href":"https:\/\/www.pressenza.com\/it\/wp-json\/wp\/v2\/media\/254422"}],"wp:attachment":[{"href":"https:\/\/www.pressenza.com\/it\/wp-json\/wp\/v2\/media?parent=254413"}],"wp:term":[{"taxonomy":"category","embeddable":true,"href":"https:\/\/www.pressenza.com\/it\/wp-json\/wp\/v2\/categories?post=254413"},{"taxonomy":"post_tag","embeddable":true,"href":"https:\/\/www.pressenza.com\/it\/wp-json\/wp\/v2\/tags?post=254413"}],"curies":[{"name":"wp","href":"https:\/\/api.w.org\/{rel}","templated":true}]}}