{"id":2543922,"date":"2024-08-23T17:44:13","date_gmt":"2024-08-23T16:44:13","guid":{"rendered":"https:\/\/www.pressenza.com\/?p=2543922"},"modified":"2024-08-23T17:53:44","modified_gmt":"2024-08-23T16:53:44","slug":"e-ora-vogliono-i-nostri-voti-discorso-di-eman-abdelhadi-alla-manifestazione-del-18-agosto-a-chicago","status":"publish","type":"post","link":"https:\/\/www.pressenza.com\/it\/2024\/08\/e-ora-vogliono-i-nostri-voti-discorso-di-eman-abdelhadi-alla-manifestazione-del-18-agosto-a-chicago\/","title":{"rendered":"&#8220;E ora vogliono i nostri voti&#8221;. Discorso di Eman Abdelhadi alla manifestazione del 18 agosto a Chicago"},"content":{"rendered":"<p><em>Eman Abdelhadi \u00e8 un&#8217;accademica, attivista e scrittrice che pensa all&#8217;intersezione tra genere, sessualit\u00e0, religione e politica. \u00c8 professoressa associata e sociologa presso l&#8217;Universit\u00e0 di Chicago, dove studia le comunit\u00e0 musulmane americane. <\/em><em>\u00c8 co-autrice di Everything for Everyone: An Oral History of the New York Commune, 2052 \u2013 2072.<\/em><\/p>\n<p>Chicago, sappiamo tutti perch\u00e9 siamo qui.<\/p>\n<p>Stiamo annegando e i nostri cuori sono spezzati.<\/p>\n<p>Stiamo annegando nei debiti. Nelle spese mediche. Negli affitti in aumento. Nell&#8217;inflazione.<\/p>\n<p>Siamo sotto attacco in questo Paese. La destra ha dichiarato guerra alle persone di colore, alle persone trans, alle donne. Stanno cercando di smantellare i nostri sistemi educativi, cercando di criminalizzare l&#8217;insegnamento della storia nera e le realt\u00e0 del razzismo, dell&#8217;oppressione e dello sfruttamento in questo Paese.<\/p>\n<p>Chiedono apertamente deportazioni di massa e vogliono privare i neri del diritto di voto.<\/p>\n<p>Ogni anno, la crisi climatica uccide pi\u00f9 persone per il caldo, le inondazioni, gli incendi. Ogni anno, il numero di rifugiati climatici in patria e all&#8217;estero aumenta sempre di pi\u00f9.<\/p>\n<p>E in questo momento di assoluto disastro, di assoluta crisi la classe dirigente americana, ovvero le persone che si sono riversate in questa citt\u00e0 per la Convention Nazionale Democratica, ha ritenuto opportuno spendere i nostri soldi per uccidere i bambini a Gaza.<\/p>\n<p>Hanno fornito una scorta infinita di bombe per distruggere le case di Gaza, le sue scuole, i suoi ospedali, i suoi parchi giochi, le sue moschee, le sue chiese, i suoi terreni coltivati, le sue infrastrutture.<\/p>\n<p>Essendo il Paese pi\u00f9 potente al mondo, hanno intimidito il resto del mondo in nome della protezione di un governo di estrema destra che stava apertamente commettendo un genocidio.<\/p>\n<p>E adesso\u2026<\/p>\n<p>Adesso vogliono i nostri voti.<\/p>\n<p>Dicono di averli guadagnati dimostrando un po&#8217; pi\u00f9 di empatia verso quei poveri palestinesi che hanno ucciso.<\/p>\n<p>Vicepresidente Harris, sentiamo il suo cambio di tono.<\/p>\n<p>Ma \u2026<\/p>\n<p>Il suo tono non resusciter\u00e0 i morti.<\/p>\n<p>Il suo tono non protegger\u00e0 i vivi.<\/p>\n<p>Il suo tono non tirer\u00e0 gi\u00f9 le bombe dal cielo.<\/p>\n<p>Il suo tono non \u00e8 sufficiente.<\/p>\n<p>Genocide Joe sarebbe ancora sulla lista se non fosse per questo movimento, per tutti noi. Il nostro movimento \u00e8 una delle ragioni principali per cui ora sei il candidato democratico alla presidenza nel Paese pi\u00f9 potente del pianeta.<\/p>\n<p>Lei, Vicepresidente Harris, pu\u00f2 candidarsi alle elezioni perch\u00e9 abbiamo cacciato il suo predecessore proprio qui, in queste strade. Ma non si \u00e8 mai trattato solo di lui. Si \u00e8 trattato dei 40.000 palestinesi che ha contribuito a uccidere.<\/p>\n<p>E ora vi diciamo che &#8220;Non quell&#8217;altro&#8221; non \u00e8 una piattaforma.<\/p>\n<p>Vi stiamo dicendo che dovrete guadagnarvi i nostri voti.<\/p>\n<p>E vi spieghiamo esattamente come guadagnarli.<\/p>\n<p>Vi stiamo dicendo che vogliamo un embargo sulle armi.<\/p>\n<p>Vi stiamo dicendo che vogliamo un cessate il fuoco permanente.<\/p>\n<p>E vi diciamo che li vogliamo ADESSO.<\/p>\n<p>Continua a dirci che la democrazia stessa \u00e8 in gioco.<\/p>\n<p>Continua a dirci che il fascismo bussa alla porta.<\/p>\n<p>Continua a dirci che Trump sarebbe peggio.<\/p>\n<p>Ma la maggioranza degli americani, sondaggio dopo sondaggio, afferma di disapprovare le azioni di Israele a Gaza. Studio dopo studio dimostra che un embargo sulle armi vi farebbe guadagnare pi\u00f9 voti, vi garantirebbe queste elezioni.<\/p>\n<p>Vicepresidente Harris, perch\u00e9 rischia la fine della democrazia, l&#8217;ascesa del fascismo, il ritorno di Trump per proteggere la guerra di Netenyahu contro i bambini?<\/p>\n<p>Non \u00e8 il protettore della democrazia.<\/p>\n<p>Noi siamo i protettori della democrazia.<\/p>\n<p>Se volete vedere la democrazia, guardate le strade di Chicago questa settimana. Siamo la democrazia che risponde al potere, dicendo che non saremo ignorati.<\/p>\n<p>Vogliamo dare una casa ai nostri senzatetto.<\/p>\n<p>Vogliamo saziare i nostri affamati.<\/p>\n<p>Vogliamo curare i nostri malati.<\/p>\n<p>Vogliamo proteggere il nostro pianeta.<\/p>\n<p>Vogliamo costruire il nostro futuro, non derubare i bambini di Gaza del loro.<\/p>\n<p>Si potrebbe pensare che le persone che oggi entrano a far parte dell\u2019United Center siano quelle che potranno dare forma al futuro di questo Paese.<\/p>\n<p>Non \u00e8 vero.<\/p>\n<p>Noi creiamo il futuro di questo Paese. Lo creiamo dove lo abbiamo sempre fatto, proprio qui sulle strade.<\/p>\n<p>Vicepresidente Harris, ha una scelta. Pu\u00f2 unirsi a un movimento per la giustizia. Pu\u00f2 crearsi un posto nella storia. Pu\u00f2 essere un leader che ha scelto di ascoltare il suo popolo piuttosto che gli interessi dei fabbricanti di guerra. Oppure pu\u00f2 aiutare e favorire un criminale di guerra.<\/p>\n<p>Vicepresidente Harris, se vuole che Donald Trump vinca, allora lo dica. Altrimenti, PARLIAMO NOI.<\/p>\n<p>Ascoltateci. Non ci faremo placare dai toni.<\/p>\n<p>Abbiamo bisogno che voi agiate e non lasceremo le strade finch\u00e9 non lo farete.<\/p>\n","protected":false},"excerpt":{"rendered":"<p>Eman Abdelhadi \u00e8 un&#8217;accademica, attivista e scrittrice che pensa all&#8217;intersezione tra genere, sessualit\u00e0, religione e politica. \u00c8 professoressa associata e sociologa presso l&#8217;Universit\u00e0 di Chicago, dove studia le comunit\u00e0 musulmane americane. \u00c8 co-autrice di Everything for Everyone: An Oral History&hellip;<\/p>\n","protected":false},"author":594,"featured_media":2543923,"comment_status":"closed","ping_status":"closed","sticky":false,"template":"","format":"standard","meta":{"footnotes":""},"categories":[107392,52,49,1263,55],"tags":[1554,125830,14282,125915,90686,1005,778,80237,1453],"class_list":["post-2543922","post","type-post","status-publish","format-standard","has-post-thumbnail","hentry","category-noticia-it","category-medio-oriente","category-nord-america","category-pace-disarmo","category-politica","tag-cessate-il-fuoco","tag-convention-democratica","tag-discorso","tag-eman-abdelhadi","tag-embargo-sulle-armi","tag-gaza","tag-israele","tag-kamala-harris-it","tag-usa-it"],"yoast_head":"<!-- This site is optimized with the Yoast SEO plugin v27.1.1 - https:\/\/yoast.com\/product\/yoast-seo-wordpress\/ -->\n<title>&quot;E ora vogliono i nostri voti&quot;. Discorso di Eman Abdelhadi alla manifestazione del 18 agosto a Chicago<\/title>\n<meta name=\"description\" content=\"Eman Abdelhadi \u00e8 un&#039;accademica, attivista e scrittrice che pensa all&#039;intersezione tra genere, sessualit\u00e0, religione e politica. \u00c8 professoressa associata\" \/>\n<meta name=\"robots\" content=\"index, follow, max-snippet:-1, max-image-preview:large, max-video-preview:-1\" \/>\n<link rel=\"canonical\" href=\"https:\/\/www.pressenza.com\/it\/2024\/08\/e-ora-vogliono-i-nostri-voti-discorso-di-eman-abdelhadi-alla-manifestazione-del-18-agosto-a-chicago\/\" \/>\n<meta property=\"og:locale\" content=\"it_IT\" \/>\n<meta property=\"og:type\" content=\"article\" \/>\n<meta property=\"og:title\" content=\"&quot;E ora vogliono i nostri voti&quot;. Discorso di Eman Abdelhadi alla manifestazione del 18 agosto a Chicago\" \/>\n<meta property=\"og:description\" content=\"Eman Abdelhadi \u00e8 un&#039;accademica, attivista e scrittrice che pensa all&#039;intersezione tra genere, sessualit\u00e0, religione e politica. \u00c8 professoressa associata\" \/>\n<meta property=\"og:url\" content=\"https:\/\/www.pressenza.com\/it\/2024\/08\/e-ora-vogliono-i-nostri-voti-discorso-di-eman-abdelhadi-alla-manifestazione-del-18-agosto-a-chicago\/\" \/>\n<meta property=\"og:site_name\" content=\"Pressenza\" \/>\n<meta property=\"article:publisher\" content=\"https:\/\/www.facebook.com\/PressenzaItalia\" \/>\n<meta property=\"article:author\" content=\"https:\/\/www.facebook.com\/PressenzaItalia\" \/>\n<meta property=\"article:published_time\" content=\"2024-08-23T16:44:13+00:00\" \/>\n<meta property=\"article:modified_time\" content=\"2024-08-23T16:53:44+00:00\" \/>\n<meta property=\"og:image\" content=\"https:\/\/www.pressenza.com\/wp-content\/uploads\/2024\/08\/Eman-Abdelhadi-Chicago-foto-Steel-Brooks.jpg\" \/>\n\t<meta property=\"og:image:width\" content=\"1600\" \/>\n\t<meta property=\"og:image:height\" content=\"1067\" \/>\n\t<meta property=\"og:image:type\" content=\"image\/jpeg\" \/>\n<meta name=\"author\" content=\"Redazione Italia\" \/>\n<meta name=\"twitter:card\" content=\"summary_large_image\" \/>\n<meta name=\"twitter:creator\" content=\"@pressenza_it\" \/>\n<meta name=\"twitter:site\" content=\"@PressenzaIPA\" \/>\n<meta name=\"twitter:label1\" content=\"Scritto da\" \/>\n\t<meta name=\"twitter:data1\" content=\"Redazione Italia\" \/>\n\t<meta name=\"twitter:label2\" content=\"Tempo di lettura stimato\" \/>\n\t<meta name=\"twitter:data2\" content=\"4 minuti\" \/>\n<script type=\"application\/ld+json\" class=\"yoast-schema-graph\">{\"@context\":\"https:\/\/schema.org\",\"@graph\":[{\"@type\":\"Article\",\"@id\":\"https:\/\/www.pressenza.com\/it\/2024\/08\/e-ora-vogliono-i-nostri-voti-discorso-di-eman-abdelhadi-alla-manifestazione-del-18-agosto-a-chicago\/#article\",\"isPartOf\":{\"@id\":\"https:\/\/www.pressenza.com\/it\/2024\/08\/e-ora-vogliono-i-nostri-voti-discorso-di-eman-abdelhadi-alla-manifestazione-del-18-agosto-a-chicago\/\"},\"author\":{\"name\":\"Redazione Italia\",\"@id\":\"https:\/\/www.pressenza.com\/it\/#\/schema\/person\/d983e81827ae24f2c7b1a2123d197f8d\"},\"headline\":\"&#8220;E ora vogliono i nostri voti&#8221;. Discorso di Eman Abdelhadi alla manifestazione del 18 agosto a Chicago\",\"datePublished\":\"2024-08-23T16:44:13+00:00\",\"dateModified\":\"2024-08-23T16:53:44+00:00\",\"mainEntityOfPage\":{\"@id\":\"https:\/\/www.pressenza.com\/it\/2024\/08\/e-ora-vogliono-i-nostri-voti-discorso-di-eman-abdelhadi-alla-manifestazione-del-18-agosto-a-chicago\/\"},\"wordCount\":759,\"publisher\":{\"@id\":\"https:\/\/www.pressenza.com\/it\/#organization\"},\"image\":{\"@id\":\"https:\/\/www.pressenza.com\/it\/2024\/08\/e-ora-vogliono-i-nostri-voti-discorso-di-eman-abdelhadi-alla-manifestazione-del-18-agosto-a-chicago\/#primaryimage\"},\"thumbnailUrl\":\"https:\/\/www.pressenza.com\/wp-content\/uploads\/2024\/08\/Eman-Abdelhadi-Chicago-foto-Steel-Brooks.jpg\",\"keywords\":[\"cessate il fuoco\",\"Convention democratica\",\"discorso\",\"Eman Abdelhadi\",\"embargo sulle armi\",\"Gaza\",\"Israele\",\"Kamala Harris\",\"USA\"],\"articleSection\":[\"Cronaca\",\"Medio Oriente\",\"Nord America\",\"Pace e Disarmo\",\"Politica\"],\"inLanguage\":\"it-IT\"},{\"@type\":\"WebPage\",\"@id\":\"https:\/\/www.pressenza.com\/it\/2024\/08\/e-ora-vogliono-i-nostri-voti-discorso-di-eman-abdelhadi-alla-manifestazione-del-18-agosto-a-chicago\/\",\"url\":\"https:\/\/www.pressenza.com\/it\/2024\/08\/e-ora-vogliono-i-nostri-voti-discorso-di-eman-abdelhadi-alla-manifestazione-del-18-agosto-a-chicago\/\",\"name\":\"\\\"E ora vogliono i nostri voti\\\". Discorso di Eman Abdelhadi alla manifestazione del 18 agosto a Chicago\",\"isPartOf\":{\"@id\":\"https:\/\/www.pressenza.com\/it\/#website\"},\"primaryImageOfPage\":{\"@id\":\"https:\/\/www.pressenza.com\/it\/2024\/08\/e-ora-vogliono-i-nostri-voti-discorso-di-eman-abdelhadi-alla-manifestazione-del-18-agosto-a-chicago\/#primaryimage\"},\"image\":{\"@id\":\"https:\/\/www.pressenza.com\/it\/2024\/08\/e-ora-vogliono-i-nostri-voti-discorso-di-eman-abdelhadi-alla-manifestazione-del-18-agosto-a-chicago\/#primaryimage\"},\"thumbnailUrl\":\"https:\/\/www.pressenza.com\/wp-content\/uploads\/2024\/08\/Eman-Abdelhadi-Chicago-foto-Steel-Brooks.jpg\",\"datePublished\":\"2024-08-23T16:44:13+00:00\",\"dateModified\":\"2024-08-23T16:53:44+00:00\",\"description\":\"Eman Abdelhadi \u00e8 un'accademica, attivista e scrittrice che pensa all'intersezione tra genere, sessualit\u00e0, religione e politica. \u00c8 professoressa associata\",\"breadcrumb\":{\"@id\":\"https:\/\/www.pressenza.com\/it\/2024\/08\/e-ora-vogliono-i-nostri-voti-discorso-di-eman-abdelhadi-alla-manifestazione-del-18-agosto-a-chicago\/#breadcrumb\"},\"inLanguage\":\"it-IT\",\"potentialAction\":[{\"@type\":\"ReadAction\",\"target\":[\"https:\/\/www.pressenza.com\/it\/2024\/08\/e-ora-vogliono-i-nostri-voti-discorso-di-eman-abdelhadi-alla-manifestazione-del-18-agosto-a-chicago\/\"]}]},{\"@type\":\"ImageObject\",\"inLanguage\":\"it-IT\",\"@id\":\"https:\/\/www.pressenza.com\/it\/2024\/08\/e-ora-vogliono-i-nostri-voti-discorso-di-eman-abdelhadi-alla-manifestazione-del-18-agosto-a-chicago\/#primaryimage\",\"url\":\"https:\/\/www.pressenza.com\/wp-content\/uploads\/2024\/08\/Eman-Abdelhadi-Chicago-foto-Steel-Brooks.jpg\",\"contentUrl\":\"https:\/\/www.pressenza.com\/wp-content\/uploads\/2024\/08\/Eman-Abdelhadi-Chicago-foto-Steel-Brooks.jpg\",\"width\":1600,\"height\":1067},{\"@type\":\"BreadcrumbList\",\"@id\":\"https:\/\/www.pressenza.com\/it\/2024\/08\/e-ora-vogliono-i-nostri-voti-discorso-di-eman-abdelhadi-alla-manifestazione-del-18-agosto-a-chicago\/#breadcrumb\",\"itemListElement\":[{\"@type\":\"ListItem\",\"position\":1,\"name\":\"Accueil\",\"item\":\"https:\/\/www.pressenza.com\/it\/\"},{\"@type\":\"ListItem\",\"position\":2,\"name\":\"&#8220;E ora vogliono i nostri voti&#8221;. Discorso di Eman Abdelhadi alla manifestazione del 18 agosto a Chicago\"}]},{\"@type\":\"WebSite\",\"@id\":\"https:\/\/www.pressenza.com\/it\/#website\",\"url\":\"https:\/\/www.pressenza.com\/it\/\",\"name\":\"Pressenza\",\"description\":\"Agenzia di Stampa Internazionale\",\"publisher\":{\"@id\":\"https:\/\/www.pressenza.com\/it\/#organization\"},\"potentialAction\":[{\"@type\":\"SearchAction\",\"target\":{\"@type\":\"EntryPoint\",\"urlTemplate\":\"https:\/\/www.pressenza.com\/it\/?s={search_term_string}\"},\"query-input\":{\"@type\":\"PropertyValueSpecification\",\"valueRequired\":true,\"valueName\":\"search_term_string\"}}],\"inLanguage\":\"it-IT\"},{\"@type\":\"Organization\",\"@id\":\"https:\/\/www.pressenza.com\/it\/#organization\",\"name\":\"Pressenza\",\"url\":\"https:\/\/www.pressenza.com\/it\/\",\"logo\":{\"@type\":\"ImageObject\",\"inLanguage\":\"it-IT\",\"@id\":\"https:\/\/www.pressenza.com\/it\/#\/schema\/logo\/image\/\",\"url\":\"https:\/\/www.pressenza.com\/wp-content\/uploads\/2022\/10\/pressenza_logo_200x200.jpg\",\"contentUrl\":\"https:\/\/www.pressenza.com\/wp-content\/uploads\/2022\/10\/pressenza_logo_200x200.jpg\",\"width\":200,\"height\":200,\"caption\":\"Pressenza\"},\"image\":{\"@id\":\"https:\/\/www.pressenza.com\/it\/#\/schema\/logo\/image\/\"},\"sameAs\":[\"https:\/\/www.facebook.com\/PressenzaItalia\",\"https:\/\/x.com\/PressenzaIPA\"]},{\"@type\":\"Person\",\"@id\":\"https:\/\/www.pressenza.com\/it\/#\/schema\/person\/d983e81827ae24f2c7b1a2123d197f8d\",\"name\":\"Redazione Italia\",\"description\":\"News from the Pressenza Bureau in Italy\",\"sameAs\":[\"https:\/\/www.pressenza.com\/it\/author\/redazione-italia\/\",\"https:\/\/www.facebook.com\/PressenzaItalia\",\"https:\/\/www.instagram.com\/pressenza_italia\/\",\"https:\/\/x.com\/pressenza_it\",\"https:\/\/www.youtube.com\/channel\/UCSalEIWjE1RSxkwjfftFuqg\"],\"url\":\"https:\/\/www.pressenza.com\/it\/author\/redazione-italia\/\"}]}<\/script>\n<!-- \/ Yoast SEO plugin. -->","yoast_head_json":{"title":"\"E ora vogliono i nostri voti\". Discorso di Eman Abdelhadi alla manifestazione del 18 agosto a Chicago","description":"Eman Abdelhadi \u00e8 un'accademica, attivista e scrittrice che pensa all'intersezione tra genere, sessualit\u00e0, religione e politica. \u00c8 professoressa associata","robots":{"index":"index","follow":"follow","max-snippet":"max-snippet:-1","max-image-preview":"max-image-preview:large","max-video-preview":"max-video-preview:-1"},"canonical":"https:\/\/www.pressenza.com\/it\/2024\/08\/e-ora-vogliono-i-nostri-voti-discorso-di-eman-abdelhadi-alla-manifestazione-del-18-agosto-a-chicago\/","og_locale":"it_IT","og_type":"article","og_title":"\"E ora vogliono i nostri voti\". Discorso di Eman Abdelhadi alla manifestazione del 18 agosto a Chicago","og_description":"Eman Abdelhadi \u00e8 un'accademica, attivista e scrittrice che pensa all'intersezione tra genere, sessualit\u00e0, religione e politica. \u00c8 professoressa associata","og_url":"https:\/\/www.pressenza.com\/it\/2024\/08\/e-ora-vogliono-i-nostri-voti-discorso-di-eman-abdelhadi-alla-manifestazione-del-18-agosto-a-chicago\/","og_site_name":"Pressenza","article_publisher":"https:\/\/www.facebook.com\/PressenzaItalia","article_author":"https:\/\/www.facebook.com\/PressenzaItalia","article_published_time":"2024-08-23T16:44:13+00:00","article_modified_time":"2024-08-23T16:53:44+00:00","og_image":[{"width":1600,"height":1067,"url":"https:\/\/www.pressenza.com\/wp-content\/uploads\/2024\/08\/Eman-Abdelhadi-Chicago-foto-Steel-Brooks.jpg","type":"image\/jpeg"}],"author":"Redazione Italia","twitter_card":"summary_large_image","twitter_creator":"@pressenza_it","twitter_site":"@PressenzaIPA","twitter_misc":{"Scritto da":"Redazione Italia","Tempo di lettura stimato":"4 minuti"},"schema":{"@context":"https:\/\/schema.org","@graph":[{"@type":"Article","@id":"https:\/\/www.pressenza.com\/it\/2024\/08\/e-ora-vogliono-i-nostri-voti-discorso-di-eman-abdelhadi-alla-manifestazione-del-18-agosto-a-chicago\/#article","isPartOf":{"@id":"https:\/\/www.pressenza.com\/it\/2024\/08\/e-ora-vogliono-i-nostri-voti-discorso-di-eman-abdelhadi-alla-manifestazione-del-18-agosto-a-chicago\/"},"author":{"name":"Redazione Italia","@id":"https:\/\/www.pressenza.com\/it\/#\/schema\/person\/d983e81827ae24f2c7b1a2123d197f8d"},"headline":"&#8220;E ora vogliono i nostri voti&#8221;. Discorso di Eman Abdelhadi alla manifestazione del 18 agosto a Chicago","datePublished":"2024-08-23T16:44:13+00:00","dateModified":"2024-08-23T16:53:44+00:00","mainEntityOfPage":{"@id":"https:\/\/www.pressenza.com\/it\/2024\/08\/e-ora-vogliono-i-nostri-voti-discorso-di-eman-abdelhadi-alla-manifestazione-del-18-agosto-a-chicago\/"},"wordCount":759,"publisher":{"@id":"https:\/\/www.pressenza.com\/it\/#organization"},"image":{"@id":"https:\/\/www.pressenza.com\/it\/2024\/08\/e-ora-vogliono-i-nostri-voti-discorso-di-eman-abdelhadi-alla-manifestazione-del-18-agosto-a-chicago\/#primaryimage"},"thumbnailUrl":"https:\/\/www.pressenza.com\/wp-content\/uploads\/2024\/08\/Eman-Abdelhadi-Chicago-foto-Steel-Brooks.jpg","keywords":["cessate il fuoco","Convention democratica","discorso","Eman Abdelhadi","embargo sulle armi","Gaza","Israele","Kamala Harris","USA"],"articleSection":["Cronaca","Medio Oriente","Nord America","Pace e Disarmo","Politica"],"inLanguage":"it-IT"},{"@type":"WebPage","@id":"https:\/\/www.pressenza.com\/it\/2024\/08\/e-ora-vogliono-i-nostri-voti-discorso-di-eman-abdelhadi-alla-manifestazione-del-18-agosto-a-chicago\/","url":"https:\/\/www.pressenza.com\/it\/2024\/08\/e-ora-vogliono-i-nostri-voti-discorso-di-eman-abdelhadi-alla-manifestazione-del-18-agosto-a-chicago\/","name":"\"E ora vogliono i nostri voti\". Discorso di Eman Abdelhadi alla manifestazione del 18 agosto a Chicago","isPartOf":{"@id":"https:\/\/www.pressenza.com\/it\/#website"},"primaryImageOfPage":{"@id":"https:\/\/www.pressenza.com\/it\/2024\/08\/e-ora-vogliono-i-nostri-voti-discorso-di-eman-abdelhadi-alla-manifestazione-del-18-agosto-a-chicago\/#primaryimage"},"image":{"@id":"https:\/\/www.pressenza.com\/it\/2024\/08\/e-ora-vogliono-i-nostri-voti-discorso-di-eman-abdelhadi-alla-manifestazione-del-18-agosto-a-chicago\/#primaryimage"},"thumbnailUrl":"https:\/\/www.pressenza.com\/wp-content\/uploads\/2024\/08\/Eman-Abdelhadi-Chicago-foto-Steel-Brooks.jpg","datePublished":"2024-08-23T16:44:13+00:00","dateModified":"2024-08-23T16:53:44+00:00","description":"Eman Abdelhadi \u00e8 un'accademica, attivista e scrittrice che pensa all'intersezione tra genere, sessualit\u00e0, religione e politica. \u00c8 professoressa associata","breadcrumb":{"@id":"https:\/\/www.pressenza.com\/it\/2024\/08\/e-ora-vogliono-i-nostri-voti-discorso-di-eman-abdelhadi-alla-manifestazione-del-18-agosto-a-chicago\/#breadcrumb"},"inLanguage":"it-IT","potentialAction":[{"@type":"ReadAction","target":["https:\/\/www.pressenza.com\/it\/2024\/08\/e-ora-vogliono-i-nostri-voti-discorso-di-eman-abdelhadi-alla-manifestazione-del-18-agosto-a-chicago\/"]}]},{"@type":"ImageObject","inLanguage":"it-IT","@id":"https:\/\/www.pressenza.com\/it\/2024\/08\/e-ora-vogliono-i-nostri-voti-discorso-di-eman-abdelhadi-alla-manifestazione-del-18-agosto-a-chicago\/#primaryimage","url":"https:\/\/www.pressenza.com\/wp-content\/uploads\/2024\/08\/Eman-Abdelhadi-Chicago-foto-Steel-Brooks.jpg","contentUrl":"https:\/\/www.pressenza.com\/wp-content\/uploads\/2024\/08\/Eman-Abdelhadi-Chicago-foto-Steel-Brooks.jpg","width":1600,"height":1067},{"@type":"BreadcrumbList","@id":"https:\/\/www.pressenza.com\/it\/2024\/08\/e-ora-vogliono-i-nostri-voti-discorso-di-eman-abdelhadi-alla-manifestazione-del-18-agosto-a-chicago\/#breadcrumb","itemListElement":[{"@type":"ListItem","position":1,"name":"Accueil","item":"https:\/\/www.pressenza.com\/it\/"},{"@type":"ListItem","position":2,"name":"&#8220;E ora vogliono i nostri voti&#8221;. Discorso di Eman Abdelhadi alla manifestazione del 18 agosto a Chicago"}]},{"@type":"WebSite","@id":"https:\/\/www.pressenza.com\/it\/#website","url":"https:\/\/www.pressenza.com\/it\/","name":"Pressenza","description":"Agenzia di Stampa Internazionale","publisher":{"@id":"https:\/\/www.pressenza.com\/it\/#organization"},"potentialAction":[{"@type":"SearchAction","target":{"@type":"EntryPoint","urlTemplate":"https:\/\/www.pressenza.com\/it\/?s={search_term_string}"},"query-input":{"@type":"PropertyValueSpecification","valueRequired":true,"valueName":"search_term_string"}}],"inLanguage":"it-IT"},{"@type":"Organization","@id":"https:\/\/www.pressenza.com\/it\/#organization","name":"Pressenza","url":"https:\/\/www.pressenza.com\/it\/","logo":{"@type":"ImageObject","inLanguage":"it-IT","@id":"https:\/\/www.pressenza.com\/it\/#\/schema\/logo\/image\/","url":"https:\/\/www.pressenza.com\/wp-content\/uploads\/2022\/10\/pressenza_logo_200x200.jpg","contentUrl":"https:\/\/www.pressenza.com\/wp-content\/uploads\/2022\/10\/pressenza_logo_200x200.jpg","width":200,"height":200,"caption":"Pressenza"},"image":{"@id":"https:\/\/www.pressenza.com\/it\/#\/schema\/logo\/image\/"},"sameAs":["https:\/\/www.facebook.com\/PressenzaItalia","https:\/\/x.com\/PressenzaIPA"]},{"@type":"Person","@id":"https:\/\/www.pressenza.com\/it\/#\/schema\/person\/d983e81827ae24f2c7b1a2123d197f8d","name":"Redazione Italia","description":"News from the Pressenza Bureau in Italy","sameAs":["https:\/\/www.pressenza.com\/it\/author\/redazione-italia\/","https:\/\/www.facebook.com\/PressenzaItalia","https:\/\/www.instagram.com\/pressenza_italia\/","https:\/\/x.com\/pressenza_it","https:\/\/www.youtube.com\/channel\/UCSalEIWjE1RSxkwjfftFuqg"],"url":"https:\/\/www.pressenza.com\/it\/author\/redazione-italia\/"}]}},"place":"Chicago, USA","original_article_url":"https:\/\/inthesetimes.com\/article\/harris-votes-abdelhadi-dnc","_links":{"self":[{"href":"https:\/\/www.pressenza.com\/it\/wp-json\/wp\/v2\/posts\/2543922","targetHints":{"allow":["GET"]}}],"collection":[{"href":"https:\/\/www.pressenza.com\/it\/wp-json\/wp\/v2\/posts"}],"about":[{"href":"https:\/\/www.pressenza.com\/it\/wp-json\/wp\/v2\/types\/post"}],"author":[{"embeddable":true,"href":"https:\/\/www.pressenza.com\/it\/wp-json\/wp\/v2\/users\/594"}],"replies":[{"embeddable":true,"href":"https:\/\/www.pressenza.com\/it\/wp-json\/wp\/v2\/comments?post=2543922"}],"version-history":[{"count":0,"href":"https:\/\/www.pressenza.com\/it\/wp-json\/wp\/v2\/posts\/2543922\/revisions"}],"wp:featuredmedia":[{"embeddable":true,"href":"https:\/\/www.pressenza.com\/it\/wp-json\/wp\/v2\/media\/2543923"}],"wp:attachment":[{"href":"https:\/\/www.pressenza.com\/it\/wp-json\/wp\/v2\/media?parent=2543922"}],"wp:term":[{"taxonomy":"category","embeddable":true,"href":"https:\/\/www.pressenza.com\/it\/wp-json\/wp\/v2\/categories?post=2543922"},{"taxonomy":"post_tag","embeddable":true,"href":"https:\/\/www.pressenza.com\/it\/wp-json\/wp\/v2\/tags?post=2543922"}],"curies":[{"name":"wp","href":"https:\/\/api.w.org\/{rel}","templated":true}]}}