{"id":2543528,"date":"2024-08-21T18:34:20","date_gmt":"2024-08-21T17:34:20","guid":{"rendered":"https:\/\/www.pressenza.com\/?p=2543528"},"modified":"2024-08-21T19:05:36","modified_gmt":"2024-08-21T18:05:36","slug":"lonu-svela-sulla-libia-quello-che-si-vuole-nascondere-dietro-il-piano-mattei-per-lafrica","status":"publish","type":"post","link":"https:\/\/www.pressenza.com\/it\/2024\/08\/lonu-svela-sulla-libia-quello-che-si-vuole-nascondere-dietro-il-piano-mattei-per-lafrica\/","title":{"rendered":"L\u2019ONU svela sulla Libia quello che si vuole nascondere dietro il Piano Mattei per l\u2019Africa"},"content":{"rendered":"<p><strong>1.<\/strong> Sono mesi ormai che il governo italiano, e i gruppi energetici e finanziari che ne condividono l\u2019impegno nelle politiche di esternalizzazione, cercano di trovare<strong style=\"font-style: inherit;\">rapporti pi\u00f9 funzionali con i diversi protagonisti politici e militari\u00a0<\/strong>che si continuano a contendere la Libia e le sue enormi risorse.\u00a0<strong style=\"font-style: inherit;\"><a style=\"font-style: inherit; font-weight: inherit;\" href=\"https:\/\/newlinesmag.com\/spotlight\/libyas-struggles-empower-clan\/\">Anche con il generale Haftar dunque, ago della bilancia, con il suo clan,<\/a><\/strong>sostenuto dai suoi potenti alleati russi e egiziani. Ed \u00e8 proprio con Bengasi che si stanno intensificando i contatti dall\u2019Italia,\u00a0<strong style=\"font-style: inherit;\"><a style=\"font-style: inherit; font-weight: inherit;\" href=\"https:\/\/pagineesteri.it\/2024\/08\/21\/africa\/escalation-del-conflitto-libico-marina-militare-usa-e-forze-armate-italiane-in-prima-linea\/\">mentre si assiste ad un avvitamento dello scontro politico-militare, gi\u00e0 a carattere globale, in atto nel Mediterraneo.<\/a><\/strong><\/p>\n<p style=\"font-style: inherit; font-weight: inherit;\">Un tentativo che Giorgia Meloni,\u00a0<strong style=\"font-style: inherit;\"><a style=\"font-style: inherit; font-weight: inherit;\" href=\"https:\/\/www.mimit.gov.it\/it\/notizie-stampa\/piano-mattei-urso-a-tripoli-firma-dichiarazione-italia-libia\">con i suoi ministri<\/a><\/strong>, impegnati\u00a0<strong style=\"font-style: inherit;\"><a style=\"font-style: inherit; font-weight: inherit;\" href=\"https:\/\/www.youtube.com\/watch?v=-oQq5L0CXWo\">in diversi viaggi in Libia<\/a><\/strong>, ha pi\u00f9 volte legato alla implementazione del cd.\u00a0<strong style=\"font-style: inherit;\"><a style=\"font-style: inherit; font-weight: inherit;\" href=\"https:\/\/www.rivistaenergia.it\/2024\/08\/libia-petrolio-italia-haftar\/\">Piano Mattei per l\u2019Africa<\/a><\/strong>, basato su un rilancio degli scambi commerciali, mentre non ha mai fornito una spiegazione sulle diverse operazioni di\u00a0<strong style=\"font-style: inherit;\"><a style=\"font-style: inherit; font-weight: inherit;\" href=\"https:\/\/www.analisidifesa.it\/2024\/07\/erano-wing-loong-ii-cinesi-i-droni-per-haftar-sequestrati-a-gioia-tauro\/\">sequestro di armamenti\u00a0<\/a><\/strong>che dal nostro paese continuano ad essere esportati in Libia,\u00a0<strong style=\"font-style: inherit;\"><a style=\"font-style: inherit; font-weight: inherit;\" href=\"https:\/\/m.dagospia.com\/che-e-successo-davvero-a-saddam-haftar-in-italia-il-figlio-del-generale-khalifa-ricercato-403994\">anche verso la Cirenaica degli Haftar.<\/a><\/strong>\u00a0E cos\u00ec si sono moltiplicate le notizie sulle prospettive economiche aperte dalla\u00a0<strong style=\"font-style: inherit;\">collaborazione con le diverse \u201centit\u00e0\u201d libiche<\/strong>, in realt\u00e0 mediate dalle milizie armate e condizionate da evidenti legami politico mafiosi, e il rafforzamento del sostegno, anche operativo, garantito alla sedicente guardia costiera \u201clibica\u201d per le\u00a0<strong style=\"font-style: inherit;\"><a style=\"font-style: inherit; font-weight: inherit;\" href=\"https:\/\/reliefweb.int\/report\/libya\/eu-sponsored-shameful-abuse-central-mediterranean-must-end-enar\">operazioni di intercettazioni in acque internazional<\/a><\/strong>i, con la riconduzione a terra di migliaia di persone che finiscono in centri di detenzione.\u00a0<strong style=\"font-style: inherit;\"><a style=\"font-style: inherit; font-weight: inherit;\" href=\"https:\/\/www.avvenire.it\/attualita\/pagine\/libia-gli-esperti-onu-denunciano-la-collusione-tra-guardia-costiera-e-trafficanti-di-uomini\">Centri che, anche se definiti come \u201cgovernativi\u201d, in realt\u00e0 sono sotto il controllo di criminali e di miliziani corrotti\u00a0<\/a><\/strong>che torturano ed estorcono coloro ai quali non sono date altre prospettive di vita. Come copertura di questo autentico gioco al massacro sulla pelle dei pi\u00f9 deboli, il sistema dei cd. rimpatri volontari assistiti, organizzati dall\u2019OIM, e\u00a0<strong style=\"font-style: inherit;\"><a style=\"font-style: inherit; font-weight: inherit;\" href=\"https:\/\/www.esteri.it\/it\/sala_stampa\/archivionotizie\/approfondimenti\/2019\/07\/la-farnesina-contribuisce-ai-rimpatri-volontari-assistiti-da-libia-niger-burkina-faso-e-ciad\/\">sostenuti da tempo dall\u2019Italia, con fondi del Piano Africa,<\/a><\/strong>\u00a0verso alcuni paesi di origine nei quali le persone, dopo il fallimento del loro progetto migratorio, dovrebbero reinserirsi,\u00a0<strong style=\"font-style: inherit;\"><a style=\"font-style: inherit; font-weight: inherit;\" href=\"https:\/\/www.eurac.edu\/en\/blogs\/mobile-people-and-diverse-societies\/rimpatrio-volontario-assistito-e-reintegrazione-\">ma nei quali spesso sprofondano nei debiti e nella depressione definitiva, quando non ritrovano guerra e fame.<\/a><\/strong><\/p>\n<p><strong>2.<\/strong> Il senso dominante della narrazione delle vicende libiche parte sempre da una valutazione di un paese che sta per superare divisioni ormai croniche, oggettivamente percepibili dalla crescente mobilitazione militare e dal fallimento dei processi democratici che avrebbero dovuto portare ad elezioni politiche nazionali. Una narrazione fin troppo rassicurante, veicolata da quasi tutti i media, funzionale alla politica del governo Meloni sulla \u201cLibia\u201d, ma che non corrisponde al vero, come adesso \u00e8 documentato dalla <strong style=\"font-style: inherit;\"><a style=\"font-style: inherit; font-weight: inherit;\" href=\"https:\/\/unsmil.unmissions.org\/dsrsg-kourys-remarks-un-security-council-20-august-2024\">relazione al Consiglio di sicurezza delle Nazioni Unite della Delegata dell\u2019ONU (missione UNSMIL) per la Libia<\/a><\/strong>Il calo degli arrivi in Italia dalla Libia corrisponde al deterioramento della situazione sul territorio, sul quale i migranti rischiano la vita ad ogni spostamento, ed al maggiore controllo delle frontiere meridionali del paese,\u00a0<strong style=\"font-style: inherit;\"><a style=\"font-style: inherit; font-weight: inherit;\" href=\"https:\/\/x.com\/LibyaReview\/status\/1825928252658995349?t=KXTHHSaeGwChQKFjUB0A4Q&amp;s=08\">soprattutto nella zona di confine con il Niger e l\u2019Algeria,<\/a><\/strong>effetto degli scontri tra milizie e gruppi tribali, che da sud si infiltrano in Libia, piuttosto che delle politiche di deterrenza praticate dal governo italiano.<\/p>\n<p style=\"font-style: inherit; font-weight: inherit;\">L\u2019inviata in Libia ad interim delle Nazioni Unite Stephanie Koury ha dichiarato marted\u00ec 20 agosto nel suo briefing al Consiglio di Sicurezza che negli ultimi due mesi la situazione in Libia si \u00e8 deteriorata abbastanza rapidamente in termini di stabilit\u00e0 politica, economica e di sicurezza.\u00a0<strong style=\"font-style: inherit;\"><a style=\"font-style: inherit; font-weight: inherit;\" href=\"https:\/\/unsmil.unmissions.org\/dsrsg-kourys-remarks-un-security-council-20-august-2024\">Secondo la delegata ONU per la missione UNSMIL\u00a0<\/a><\/strong>\u00a0le azioni unilaterali da parte di esponenti politici e della sicurezza stanno minando la stabilit\u00e0 della Libia. \u201cIl 13 agosto alcuni membri della Camera dei Rappresentanti si sono riuniti a Bengasi e hanno votato per porre fine al mandato del Governo di Unit\u00e0 Nazionale e del Consiglio di Presidenza e per trasferire il ruolo di Comandante Supremo delle Forze Armate al Presidente della Camera dei Rappresentanti . Questi membri hanno anche approvato il governo designato dalla<em style=\"font-weight: inherit;\">\u00a0HoR\u00a0<\/em>(Camera dei Rappresentanti) in Oriente come unico esecutivo legittimo. I leader occidentali hanno rifiutato queste azioni\u201d.<\/p>\n<p style=\"font-style: inherit; font-weight: inherit;\">In particolare, oltre allo scontro politico-militare, \u00e8 in atto una vera e propria\u00a0<strong style=\"font-style: inherit;\"><a style=\"font-style: inherit; font-weight: inherit;\" href=\"https:\/\/www.ilpost.it\/2024\/08\/18\/banca-centrale-libia-rapimento\/\">guerriglia, caratterizzata anche da rapimenti,<\/a><\/strong>\u00a0per il controllo dell\u2019unica istituzione nazionale libica, la Banca centrale. Per la delegata ONU, \u201cI tentativi unilaterali di spodestare il governatore della Banca Centrale si scontrano con tentativi contrastanti di mantenerlo. I tentativi di spodestare il primo ministro Dbeibah e il suo governo si scontrano con i tentativi di mantenerli. Il 14 agosto, le tensioni sono aumentate e gruppi armati si sono mobilitati nel Souk Al Jumma, a Tripoli, a causa delle notizie secondo cui alcuni movimenti armati cercavano di prendere il controllo della Banca Centrale\u201d.<\/p>\n<p style=\"font-style: inherit; font-weight: inherit;\"><strong style=\"font-style: inherit;\"><a style=\"font-style: inherit; font-weight: inherit;\" href=\"https:\/\/reliefweb.int\/report\/libya\/libya-briefing-and-consultations\">La stessa \u00a0Stephanie Koury\u00a0in rappresentanza della missione UNSMIL<\/a><\/strong>\u00a0ha poi aggiunto che il 9 agosto, l\u2019Esercito nazionale libico (LNA \u2013 forze di Haftar) si \u00e8 mosso unilateralmente verso le parti sud-occidentali della Libia, spingendo le forze e i gruppi occidentali a mobilitarsi e ad affermare la loro disponibilit\u00e0 a rispondere a qualsiasi attacco. \u201cMentre l\u2019LNA ha successivamente chiarito che lo scopo dello spostamento di queste forze era quello di proteggere il confine sud-occidentale, questa mossa ha generato tensioni in Occidente e ha sollevato preoccupazioni con la vicina Algeria\u201d. Ha aggiunto, affermando che questi tipi di mosse unilaterali per la sicurezza non si limitano solo ai movimenti delle forze Est-Ovest, ma si verificano anche tra le forze occidentali e i gruppi armati..\u201dIl 23 luglio, le forze affiliate alla GNU si sono spostate verso ovest, innescando la mobilitazione dell\u2019LNA e dei gruppi armati della zona. Il 9 agosto sono scoppiati pesanti scontri armati a Tajoura, a est di Tripoli, tra due gruppi armati che hanno provocato vittime. lesioni ai civili e distruzione di propriet\u00e0. Gli sforzi di mediazione locale hanno disinnescato la situazione.\u201d<\/p>\n<p style=\"font-style: inherit; font-weight: inherit;\">In risposta a queste e ad altre azioni unilaterali, l\u2019UNSMIL ha ribadito a tutti i leader politici e alle istituzioni i loro impegni e obblighi ai sensi dell\u2019Accordo politico libico e dei suoi emendamenti, in linea con tutte le risoluzioni pertinenti del Consiglio di Sicurezza, in particolare la risoluzione 2702 (2023).<\/p>\n<p style=\"font-style: inherit; font-weight: inherit;\">Malgrado l\u2019impegno delle Nazioni unite con i principali attori politici e militari, e parziali risultati positivi, con il rilascio di cittadini libici vittime di sequestro, \u201d le sfide sono immense: in tutta la Libia continuano a verificarsi restrizioni continue allo spazio civico, continue detenzioni arbitrarie, anche di donne e bambini, rapimenti, sparizioni forzate, torture, morti in custodia e \u201cconfessioni forzate\u201d. L\u2019UNSMIL continuer\u00e0 a chiedere il rilascio immediato e incondizionato di tutti coloro che sono detenuti arbitrariamente e indagini trasparenti e indipendenti su tali casi\u201d.<strong style=\"font-style: inherit;\"><a style=\"font-style: inherit; font-weight: inherit;\" href=\"https:\/\/libyaobserver.ly\/news\/60-political-parties-libya-decry-forced-disappearance-cases\">\u00a0In Libia non esiste dunque neppure la parvenza dello Stato di diritto, come denunciano anche le associazioni della societ\u00e0 civile,\u00a0<\/a><\/strong>e tutti i rapporti economici e politici sono mediati con la forza delle armi, anche all\u2019interno della capitale Tripoli, dove gli scontri tra milizie sono sempre pi\u00f9 frequenti.<\/p>\n<p style=\"font-style: inherit; font-weight: inherit;\">Si pu\u00f2 osservare come la crescente implementazione degli accordi per intercettare migranti in acque internazionali, che il governo di Tripoli ha concluso con italiani e maltesi, corrisponde, quantomeno da un punto di vista cronologico, ad un periodo di ulteriori scontri in Libia per la spartizione dei profitti derivanti dal petrolio, ma anche di qualunque risorsa finanziaria, e militare, proveniente dall\u2019Unione europea per bloccare le partenze e incentivare le intercettazioni in alto mare.<\/p>\n<p>&nbsp;<\/p>\n<p><strong>3.<\/strong> Con riferimento ai migranti intrappolati in Libia, la delegata ONU Stephanie Koury\u00a0 ricorda che \u201cdallo scoppio dei combattimenti in Sudan nel 2023, il numero di rifugiati sudanesi in Libia \u00e8 salito a 97.000 all\u201911 agosto. La maggior parte arriva a Kufrah dove affronta condizioni difficili. Il pieno accesso ai rifugiati \u00e8 essenziale per fornire un\u2019assistenza umanitaria efficace e maggiore in coordinamento con le autorit\u00e0 locali.\u201d E sono anche migliaia le persone che vengono respinte o espulse collettivamente dalla Tunisia verso il confine libico, in pieno deserto, ed anche per loro non si sono speranze di ottenere uno status legale, o di transitare verso un paese sicuro. In Libia non ci sono possibilit\u00e0 di riconoscimento del diritto di asilo, anche perch\u00e8 il paese non aderisce alla Convenzione di Ginevra del 1951 sui rifugiati.<\/p>\n<p style=\"font-style: inherit; font-weight: inherit;\">La relazione esposta al Consiglio di sicurezza da Stephanie Koury,delegata ONU per la Libia risulta alquanto sintetica sulla situazione delle persone migranti stritolate in Libia da isituzioni statali che si avvalgono di milizie sempre pi\u00f9 violente e corrotte. Ma\u00a0<strong style=\"font-style: inherit;\"><a style=\"font-style: inherit; font-weight: inherit;\" href=\"https:\/\/digitallibrary.un.org\/record\/4058990?ln=en&amp;v=pdf\">i pi\u00f9 recenti rapporti della missione ONU per la Libia UNSMIL<\/a><\/strong>\u00a0confermano il livello di violenze alle quali rimangono esposti tutti i migranti in transito in Libia, compresi quelli che una volta erano arrivati dall\u2019estremo oriente\u00a0<strong style=\"font-style: inherit;\"><a style=\"font-style: inherit; font-weight: inherit;\" href=\"https:\/\/www.ilsole24ore.com\/art\/migranti-crollano-sbarchi-ma-preoccupano-arrivi-bangladesh-AFPwjoKD\">(Bangladesh in particolare)<\/a><\/strong>\u00a0per ragioni economiche, ma sono ridotti oggi in una condizione di schiavit\u00f9, che li spinge a tentare la traversata del Mediterraneo verso l\u2019Europa.<\/p>\n<p style=\"font-style: inherit; font-weight: inherit;\">Secondo l\u2019ultimo\u00a0<strong style=\"font-style: inherit;\"><a style=\"font-style: inherit; font-weight: inherit;\" href=\"https:\/\/digitallibrary.un.org\/record\/4058990?ln=en&amp;v=pdf\">Rapporto UNSMIL (p.10) datato 8 agosto 2024<\/a><\/strong>, \u201cLa Libia \u00e8 rimasta un paese di destinazione e transito per migranti e rifugiati. Secondo l\u2019Organizzazione internazionale per le migrazioni, il numero di migranti in Libia era di 725.304 a maggio 2024.\u00a0<strong style=\"font-style: inherit;\">Dal 1\u00b0 gennaio al 13 luglio 2024, la Guardia costiera libica ha intercettato 10.463 migranti e rifugiati in mare e li ha riportati in Libia, con 401 persone dichiarate morte.<\/strong><br \/>\nI migranti e i rifugiati sbarcati nei porti libici a cui hanno accesso le agenzie umanitarie delle Nazioni Unite hanno ricevuto assistenza umanitaria salvavita.<strong style=\"font-style: inherit;\">\u00a0Al 14 luglio, 4.331 migranti e rifugiati, tra cui 183 bambini (152 maschi, 31 femmine), erano detenuti arbitrariamente nei centri di detenzione ufficiali in tutta la Libia.<\/strong>\u00a0A luglio 2024, i gruppi armati gestivano sei centri di detenzione non ufficiali in cui si stima che oltre 3.000 persone siano state arbitrariamente detenute e a cui le Nazioni Unite non hanno accesso\u201d. Dunque le Nazioni unite, anche se presenti in alcuni punti di sbarco, non hanno accesso nei centri di detenzione cd. informali, e si pu\u00f2 ritenere che si tratti di dati sottostimati,<strong style=\"font-style: inherit;\"><a style=\"font-style: inherit; font-weight: inherit;\" href=\"https:\/\/www.a-dif.org\/2024\/06\/09\/i-cadaveri-in-mare-svelano-la-funzione-di-deterrenza-della-zona-sar-libica\/\">\u00a0perch\u00e8 i libici abbandonano i cadaveri dei migranti in mare.<\/a><\/strong><\/p>\n<p style=\"font-style: inherit; font-weight: inherit;\">Sempre seondo lo stesso\u00a0<strong style=\"font-style: inherit;\"><a style=\"font-style: inherit; font-weight: inherit;\" href=\"https:\/\/digitallibrary.un.org\/record\/4058990?ln=en&amp;v=pdf\">Rapporto UNSMIL<\/a><\/strong>\u00a0<strong style=\"font-style: inherit;\">\u201cMigranti e richiedenti asilo hanno continuato a essere espulsi dalla Tunisia<\/strong>\u00a0vicino alle aree di Nalut, Tiji e Ghadamis in Libia. Da giugno 2023 a luglio 2024, un totale di 10.925 migranti e rifugiati sono stati intercettati al confine con la Tunisia dal Ministero degli Interni della Libia e dalla Guardia di frontiera libica, con 29 decessi registrati e almeno 80 individui ancora dispersi.\u00a0<strong style=\"font-style: inherit;\">Le autorit\u00e0 libiche hanno continuato a trasferire le persone in strutture dove vengono arbitrariamente detenute e sottoposte a violazioni dei diritti umani.<\/strong>\u00a0Tali strutture includono il centro di detenzione di Assah gestito dalla Guardia di frontiera libica, i centri di detenzione gestiti dalla Direzione per la lotta all\u2019immigrazione illegale a Tripoli e Bi\u2019r al-Ghanam, un centro di detenzione non ufficiale. Al 1\u00b0 agosto, la Guardia di frontiera libica aveva intercettato 450 migranti e rifugiati al confine tra Libia e Algeria che erano stati espulsi dall\u2019Algeria\u201d.<\/p>\n<p style=\"font-style: inherit; font-weight: inherit;\"><strong style=\"font-style: inherit;\">\u201cLe violazioni dei diritti umani contro migranti e rifugiati, in particolare quelli in stato di detenzione, hanno continuato a verificarsi<\/strong>. Circa 39 ragazzi provenienti da Somalia, Sudan, Niger e Nigeria hanno continuato a essere detenuti in condizioni terribili nel centro di detenzione di Dhaman. L\u2019UNSMIL ha anche ricevuto segnalazioni di migranti e richiedenti asilo arrestati arbitrariamente e detenuti in condizioni abominevoli a Bi\u2019r al-Ghanam, con guardie impegnate in modelli persistenti di abuso, sfruttamento, lavoro forzato, estorsione, tortura e altre forme di maltrattamento. Sono continuate gravi violazioni dei diritti umani contro migranti e rifugiati detenuti arbitrariamente in una struttura utilizzata per la tratta di esseri umani vicino a Sabha.<strong style=\"font-style: inherit;\">\u00a0La struttura, precedentemente nota come Jabal Hotel, sarebbe gestita da guardie affiliate all\u2019Esercito nazionale libico\u201d.<\/strong><\/p>\n<p style=\"font-style: inherit; font-weight: inherit;\">Secondo un\u00a0<strong style=\"font-style: inherit;\"><a style=\"font-style: inherit; font-weight: inherit;\" href=\"https:\/\/www.iom.int\/news\/new-unhcr-iom-mmc-report-highlights-extreme-horrors-faced-migrants-and-refugees-land-routes-africas-mediterranean-coast\">rapporto<\/a>\u00a0<\/strong>dell\u2019UNHCR dell\u2019 OIM e del MMC (Mixe migration center), tra il 2020 e il 2023 le morti di migranti e rifugiati nel deserto sahariano sarebbero almeno il doppio rispetto a quelle che avvengono nel Mediterraneo.<\/p>\n<p>&nbsp;<\/p>\n<p><strong>4.<\/strong> Alla luce di questo quadro della situazione in Libia, <strong style=\"font-style: inherit;\"><a style=\"font-style: inherit; font-weight: inherit;\" href=\"https:\/\/digitallibrary.un.org\/record\/4058990?ln=en&amp;v=pdf\">documentata ancora pochi giorni fa, dalle Nazioni unite,<\/a><\/strong>emerge tutto il disvalore morale, lo sprezzo per la vita e la contrariet\u00e0 ai principi cardine dei diritti umani, di quegli accordi di collaborazione con il governo provvisorio di Tripoli, ed anche delle intese informali, come nel caso delle autorit\u00e0 di Bengasi, che mirano soprattutto a bloccare le partenze ed a\u00a0<strong style=\"font-style: inherit;\"><a style=\"font-style: inherit; font-weight: inherit;\" href=\"https:\/\/www.a-dif.org\/2024\/03\/04\/la-svolta-letale-delle-politiche-di-abbandono-in-mare\/\">rinforzare le operazioni di intercettazione in acque internazionali. <\/a><\/strong>Operazioni illegali, anche se si svolgono<strong style=\"font-style: inherit;\"><a style=\"font-style: inherit; font-weight: inherit;\" href=\"https:\/\/eu-libya.info\/\"> in una area SAR (ricrca e soccorso), in acque internazionali, formalmente riconosciuta alle autorit\u00e0 di Tripoli,<\/a><\/strong>\u00a0che vengono definite come attivit\u00e0 di contrasto dell\u2019immigrazione irregolare.\u00a0<strong style=\"font-style: inherit;\"><a style=\"font-style: inherit; font-weight: inherit;\" href=\"https:\/\/www.vita.it\/la-libia-ha-dichiarato-la-sua-zona-sar-lo-conferma-limo\/\">Perch\u00e8 affidate alla sedicente guardia costiera libica. che notoriamente non garantisce lo sbarco in un porto sicuro<\/a>,<\/strong>\u00a0o ad altre entit\u00e0 militari variamente denominate, che hanno assunto il controllo delle coste, anche per garantire i traffici di armi e di petrolio dai quali ricavano proventi maggiori di quelli che incassano dalla gestione della detenzione delle persone migranti e dai tentativi di traversata. Che sempre pi\u00e0 spesso si concludono con un naufragio,<strong style=\"font-style: inherit;\"><a style=\"font-style: inherit; font-weight: inherit;\" href=\"https:\/\/srdefenders.org\/italy-administrative-detention-of-civilian-search-and-rescue-ships-in-the-central-mediterranean-joint-communication\/\">\u00a0per l\u2019allontanamento forzato delle navi del soccorso civile<\/a><\/strong>\u00a0e per il\u00a0<strong style=\"font-style: inherit;\"><a style=\"font-style: inherit; font-weight: inherit;\" href=\"https:\/\/www.a-dif.org\/2024\/04\/16\/dalla-guardia-costiera-una-smentita-che-non-convince-noi-non-dimentichiamo\/\">ritiro delle guardie costiere degli stati europei\u00a0<\/a><\/strong>pi\u00f9 vicini ( Italia e Malta), che ormai, in acque internazionali, si limitano a comunicare alle navi commerciali in transito gli eventi di soccorso\u00a0<strong style=\"font-style: inherit;\"><a style=\"font-style: inherit; font-weight: inherit;\" href=\"https:\/\/irpimedia.irpi.eu\/en-how-italy-built-libyas-maritime-forces\/\"><em style=\"font-weight: inherit;\">\u201con behalf\u201d<\/em>\u00a0a nome, su incarico, delle autorit\u00e0 libiche.<\/a><\/strong>\u00a0Con le quali collaborano quotidianamente,\u00a0<strong style=\"font-style: inherit;\"><a style=\"font-style: inherit; font-weight: inherit;\" href=\"https:\/\/www.hrw.org\/it\/news\/2022\/12\/12\/eu-frontex-complicit-abuse-libya\">anche attraverso l\u2019agenzia europea Frontex<\/a><\/strong>,\u00a0<strong style=\"font-style: inherit;\"><a style=\"font-style: inherit; font-weight: inherit;\" href=\"https:\/\/comune-info.net\/le-responsabilita-di-ue-e-italia-per-gli-abusi-in-libia\/\">e con le quali condividono quindi la responsabilit\u00e0,<\/a><\/strong>\u00a0non solo morale, per tutti i crimini commessi ogni giorno contro le persone migranti in territorio libico e\u00a0<strong style=\"font-style: inherit;\"><a style=\"font-style: inherit; font-weight: inherit;\" href=\"https:\/\/eu-libya.info\/\">nella zona SAR riconosciuta al governo di Tripoli.<\/a><\/strong><\/p>\n<h6>pubblicato in contemporanea anche su ADIF<\/h6>\n<blockquote class=\"wp-embedded-content\" data-secret=\"QdCrGz3i44\"><p><a href=\"https:\/\/www.a-dif.org\/2024\/08\/21\/lonu-svela-sulla-libia-quello-che-si-vuole-nascondere-dietro-il-piano-mattei-per-lafrica\/\">L&#8217;ONU svela sulla Libia quello che si vuole nascondere dietro il Piano Mattei per l&#8217;Africa.<\/a><\/p><\/blockquote>\n<p><iframe loading=\"lazy\" class=\"wp-embedded-content\" sandbox=\"allow-scripts\" security=\"restricted\" style=\"position: absolute; visibility: hidden;\" title=\"&#8220;L&#8217;ONU svela sulla Libia quello che si vuole nascondere dietro il Piano Mattei per l&#8217;Africa.&#8221; &#8212; ADIF\" src=\"https:\/\/www.a-dif.org\/2024\/08\/21\/lonu-svela-sulla-libia-quello-che-si-vuole-nascondere-dietro-il-piano-mattei-per-lafrica\/embed\/#?secret=FMxoreoMsY#?secret=QdCrGz3i44\" data-secret=\"QdCrGz3i44\" width=\"500\" height=\"282\" frameborder=\"0\" marginwidth=\"0\" marginheight=\"0\" scrolling=\"no\"><\/iframe><\/p>\n","protected":false},"excerpt":{"rendered":"<p>1. Sono mesi ormai che il governo italiano, e i gruppi energetici e finanziari che ne condividono l\u2019impegno nelle politiche di esternalizzazione, cercano di trovarerapporti pi\u00f9 funzionali con i diversi protagonisti politici e militari\u00a0che si continuano a contendere la Libia&hellip;<\/p>\n","protected":false},"author":1771,"featured_media":2543532,"comment_status":"closed","ping_status":"closed","sticky":false,"template":"","format":"standard","meta":{"footnotes":""},"categories":[45,60,54572,1261,162],"tags":[22535,125845,4441,112374,125846],"class_list":["post-2543528","post","type-post","status-publish","format-standard","has-post-thumbnail","hentry","category-africa-it","category-diritti-umani","category-migranti","category-diversita","category-opinioni","tag-consiglio-di-sicurezza-onu","tag-guerra-e-fame","tag-mediterraneo","tag-piano-mattei","tag-rapporto-unsmil"],"yoast_head":"<!-- This site is optimized with the Yoast SEO plugin v27.1.1 - https:\/\/yoast.com\/product\/yoast-seo-wordpress\/ -->\n<title>L\u2019ONU svela sulla Libia quello che si vuole nascondere dietro il Piano Mattei per l\u2019Africa<\/title>\n<meta name=\"description\" content=\"1. Sono mesi ormai che il governo italiano, e i gruppi energetici e finanziari che ne condividono l\u2019impegno nelle politiche di esternalizzazione, cercano\" \/>\n<meta name=\"robots\" content=\"index, follow, max-snippet:-1, max-image-preview:large, max-video-preview:-1\" \/>\n<link rel=\"canonical\" href=\"https:\/\/www.pressenza.com\/it\/2024\/08\/lonu-svela-sulla-libia-quello-che-si-vuole-nascondere-dietro-il-piano-mattei-per-lafrica\/\" \/>\n<meta property=\"og:locale\" content=\"it_IT\" \/>\n<meta property=\"og:type\" content=\"article\" \/>\n<meta property=\"og:title\" content=\"L\u2019ONU svela sulla Libia quello che si vuole nascondere dietro il Piano Mattei per l\u2019Africa\" \/>\n<meta property=\"og:description\" content=\"1. Sono mesi ormai che il governo italiano, e i gruppi energetici e finanziari che ne condividono l\u2019impegno nelle politiche di esternalizzazione, cercano\" \/>\n<meta property=\"og:url\" content=\"https:\/\/www.pressenza.com\/it\/2024\/08\/lonu-svela-sulla-libia-quello-che-si-vuole-nascondere-dietro-il-piano-mattei-per-lafrica\/\" \/>\n<meta property=\"og:site_name\" content=\"Pressenza\" \/>\n<meta property=\"article:publisher\" content=\"https:\/\/www.facebook.com\/PressenzaItalia\" \/>\n<meta property=\"article:published_time\" content=\"2024-08-21T17:34:20+00:00\" \/>\n<meta property=\"article:modified_time\" content=\"2024-08-21T18:05:36+00:00\" \/>\n<meta property=\"og:image\" content=\"https:\/\/www.pressenza.com\/wp-content\/uploads\/2024\/08\/16432376395162184412_rid.jpg\" \/>\n\t<meta property=\"og:image:width\" content=\"1000\" \/>\n\t<meta property=\"og:image:height\" content=\"522\" \/>\n\t<meta property=\"og:image:type\" content=\"image\/jpeg\" \/>\n<meta name=\"author\" content=\"Fulvio Vassallo Paleologo\" \/>\n<meta name=\"twitter:card\" content=\"summary_large_image\" \/>\n<meta name=\"twitter:creator\" content=\"@PressenzaIPA\" \/>\n<meta name=\"twitter:site\" content=\"@PressenzaIPA\" \/>\n<meta name=\"twitter:label1\" content=\"Scritto da\" \/>\n\t<meta name=\"twitter:data1\" content=\"Fulvio Vassallo Paleologo\" \/>\n\t<meta name=\"twitter:label2\" content=\"Tempo di lettura stimato\" \/>\n\t<meta name=\"twitter:data2\" content=\"12 minuti\" \/>\n<script type=\"application\/ld+json\" class=\"yoast-schema-graph\">{\"@context\":\"https:\/\/schema.org\",\"@graph\":[{\"@type\":\"Article\",\"@id\":\"https:\/\/www.pressenza.com\/it\/2024\/08\/lonu-svela-sulla-libia-quello-che-si-vuole-nascondere-dietro-il-piano-mattei-per-lafrica\/#article\",\"isPartOf\":{\"@id\":\"https:\/\/www.pressenza.com\/it\/2024\/08\/lonu-svela-sulla-libia-quello-che-si-vuole-nascondere-dietro-il-piano-mattei-per-lafrica\/\"},\"author\":{\"name\":\"Fulvio Vassallo Paleologo\",\"@id\":\"https:\/\/www.pressenza.com\/it\/#\/schema\/person\/dd04c605b89e1d80cb77dfdce7137315\"},\"headline\":\"L\u2019ONU svela sulla Libia quello che si vuole nascondere dietro il Piano Mattei per l\u2019Africa\",\"datePublished\":\"2024-08-21T17:34:20+00:00\",\"dateModified\":\"2024-08-21T18:05:36+00:00\",\"mainEntityOfPage\":{\"@id\":\"https:\/\/www.pressenza.com\/it\/2024\/08\/lonu-svela-sulla-libia-quello-che-si-vuole-nascondere-dietro-il-piano-mattei-per-lafrica\/\"},\"wordCount\":2207,\"publisher\":{\"@id\":\"https:\/\/www.pressenza.com\/it\/#organization\"},\"image\":{\"@id\":\"https:\/\/www.pressenza.com\/it\/2024\/08\/lonu-svela-sulla-libia-quello-che-si-vuole-nascondere-dietro-il-piano-mattei-per-lafrica\/#primaryimage\"},\"thumbnailUrl\":\"https:\/\/www.pressenza.com\/wp-content\/uploads\/2024\/08\/16432376395162184412_rid.jpg\",\"keywords\":[\"Consiglio di Sicurezza Onu\",\"guerra e fame\",\"Mediterraneo\",\"Piano Mattei\",\"Rapporto UNSMIL\"],\"articleSection\":[\"Africa\",\"Diritti Umani\",\"Migranti\",\"Non discriminazione\",\"Opinioni\"],\"inLanguage\":\"it-IT\"},{\"@type\":\"WebPage\",\"@id\":\"https:\/\/www.pressenza.com\/it\/2024\/08\/lonu-svela-sulla-libia-quello-che-si-vuole-nascondere-dietro-il-piano-mattei-per-lafrica\/\",\"url\":\"https:\/\/www.pressenza.com\/it\/2024\/08\/lonu-svela-sulla-libia-quello-che-si-vuole-nascondere-dietro-il-piano-mattei-per-lafrica\/\",\"name\":\"L\u2019ONU svela sulla Libia quello che si vuole nascondere dietro il Piano Mattei per l\u2019Africa\",\"isPartOf\":{\"@id\":\"https:\/\/www.pressenza.com\/it\/#website\"},\"primaryImageOfPage\":{\"@id\":\"https:\/\/www.pressenza.com\/it\/2024\/08\/lonu-svela-sulla-libia-quello-che-si-vuole-nascondere-dietro-il-piano-mattei-per-lafrica\/#primaryimage\"},\"image\":{\"@id\":\"https:\/\/www.pressenza.com\/it\/2024\/08\/lonu-svela-sulla-libia-quello-che-si-vuole-nascondere-dietro-il-piano-mattei-per-lafrica\/#primaryimage\"},\"thumbnailUrl\":\"https:\/\/www.pressenza.com\/wp-content\/uploads\/2024\/08\/16432376395162184412_rid.jpg\",\"datePublished\":\"2024-08-21T17:34:20+00:00\",\"dateModified\":\"2024-08-21T18:05:36+00:00\",\"description\":\"1. Sono mesi ormai che il governo italiano, e i gruppi energetici e finanziari che ne condividono l\u2019impegno nelle politiche di esternalizzazione, cercano\",\"breadcrumb\":{\"@id\":\"https:\/\/www.pressenza.com\/it\/2024\/08\/lonu-svela-sulla-libia-quello-che-si-vuole-nascondere-dietro-il-piano-mattei-per-lafrica\/#breadcrumb\"},\"inLanguage\":\"it-IT\",\"potentialAction\":[{\"@type\":\"ReadAction\",\"target\":[\"https:\/\/www.pressenza.com\/it\/2024\/08\/lonu-svela-sulla-libia-quello-che-si-vuole-nascondere-dietro-il-piano-mattei-per-lafrica\/\"]}]},{\"@type\":\"ImageObject\",\"inLanguage\":\"it-IT\",\"@id\":\"https:\/\/www.pressenza.com\/it\/2024\/08\/lonu-svela-sulla-libia-quello-che-si-vuole-nascondere-dietro-il-piano-mattei-per-lafrica\/#primaryimage\",\"url\":\"https:\/\/www.pressenza.com\/wp-content\/uploads\/2024\/08\/16432376395162184412_rid.jpg\",\"contentUrl\":\"https:\/\/www.pressenza.com\/wp-content\/uploads\/2024\/08\/16432376395162184412_rid.jpg\",\"width\":1000,\"height\":522},{\"@type\":\"BreadcrumbList\",\"@id\":\"https:\/\/www.pressenza.com\/it\/2024\/08\/lonu-svela-sulla-libia-quello-che-si-vuole-nascondere-dietro-il-piano-mattei-per-lafrica\/#breadcrumb\",\"itemListElement\":[{\"@type\":\"ListItem\",\"position\":1,\"name\":\"Accueil\",\"item\":\"https:\/\/www.pressenza.com\/it\/\"},{\"@type\":\"ListItem\",\"position\":2,\"name\":\"L\u2019ONU svela sulla Libia quello che si vuole nascondere dietro il Piano Mattei per l\u2019Africa\"}]},{\"@type\":\"WebSite\",\"@id\":\"https:\/\/www.pressenza.com\/it\/#website\",\"url\":\"https:\/\/www.pressenza.com\/it\/\",\"name\":\"Pressenza\",\"description\":\"Agenzia di Stampa Internazionale\",\"publisher\":{\"@id\":\"https:\/\/www.pressenza.com\/it\/#organization\"},\"potentialAction\":[{\"@type\":\"SearchAction\",\"target\":{\"@type\":\"EntryPoint\",\"urlTemplate\":\"https:\/\/www.pressenza.com\/it\/?s={search_term_string}\"},\"query-input\":{\"@type\":\"PropertyValueSpecification\",\"valueRequired\":true,\"valueName\":\"search_term_string\"}}],\"inLanguage\":\"it-IT\"},{\"@type\":\"Organization\",\"@id\":\"https:\/\/www.pressenza.com\/it\/#organization\",\"name\":\"Pressenza\",\"url\":\"https:\/\/www.pressenza.com\/it\/\",\"logo\":{\"@type\":\"ImageObject\",\"inLanguage\":\"it-IT\",\"@id\":\"https:\/\/www.pressenza.com\/it\/#\/schema\/logo\/image\/\",\"url\":\"https:\/\/www.pressenza.com\/wp-content\/uploads\/2022\/10\/pressenza_logo_200x200.jpg\",\"contentUrl\":\"https:\/\/www.pressenza.com\/wp-content\/uploads\/2022\/10\/pressenza_logo_200x200.jpg\",\"width\":200,\"height\":200,\"caption\":\"Pressenza\"},\"image\":{\"@id\":\"https:\/\/www.pressenza.com\/it\/#\/schema\/logo\/image\/\"},\"sameAs\":[\"https:\/\/www.facebook.com\/PressenzaItalia\",\"https:\/\/x.com\/PressenzaIPA\"]},{\"@type\":\"Person\",\"@id\":\"https:\/\/www.pressenza.com\/it\/#\/schema\/person\/dd04c605b89e1d80cb77dfdce7137315\",\"name\":\"Fulvio Vassallo Paleologo\",\"url\":\"https:\/\/www.pressenza.com\/it\/author\/fulvio-vassallo-paleologo\/\"}]}<\/script>\n<!-- \/ Yoast SEO plugin. -->","yoast_head_json":{"title":"L\u2019ONU svela sulla Libia quello che si vuole nascondere dietro il Piano Mattei per l\u2019Africa","description":"1. Sono mesi ormai che il governo italiano, e i gruppi energetici e finanziari che ne condividono l\u2019impegno nelle politiche di esternalizzazione, cercano","robots":{"index":"index","follow":"follow","max-snippet":"max-snippet:-1","max-image-preview":"max-image-preview:large","max-video-preview":"max-video-preview:-1"},"canonical":"https:\/\/www.pressenza.com\/it\/2024\/08\/lonu-svela-sulla-libia-quello-che-si-vuole-nascondere-dietro-il-piano-mattei-per-lafrica\/","og_locale":"it_IT","og_type":"article","og_title":"L\u2019ONU svela sulla Libia quello che si vuole nascondere dietro il Piano Mattei per l\u2019Africa","og_description":"1. Sono mesi ormai che il governo italiano, e i gruppi energetici e finanziari che ne condividono l\u2019impegno nelle politiche di esternalizzazione, cercano","og_url":"https:\/\/www.pressenza.com\/it\/2024\/08\/lonu-svela-sulla-libia-quello-che-si-vuole-nascondere-dietro-il-piano-mattei-per-lafrica\/","og_site_name":"Pressenza","article_publisher":"https:\/\/www.facebook.com\/PressenzaItalia","article_published_time":"2024-08-21T17:34:20+00:00","article_modified_time":"2024-08-21T18:05:36+00:00","og_image":[{"width":1000,"height":522,"url":"https:\/\/www.pressenza.com\/wp-content\/uploads\/2024\/08\/16432376395162184412_rid.jpg","type":"image\/jpeg"}],"author":"Fulvio Vassallo Paleologo","twitter_card":"summary_large_image","twitter_creator":"@PressenzaIPA","twitter_site":"@PressenzaIPA","twitter_misc":{"Scritto da":"Fulvio Vassallo Paleologo","Tempo di lettura stimato":"12 minuti"},"schema":{"@context":"https:\/\/schema.org","@graph":[{"@type":"Article","@id":"https:\/\/www.pressenza.com\/it\/2024\/08\/lonu-svela-sulla-libia-quello-che-si-vuole-nascondere-dietro-il-piano-mattei-per-lafrica\/#article","isPartOf":{"@id":"https:\/\/www.pressenza.com\/it\/2024\/08\/lonu-svela-sulla-libia-quello-che-si-vuole-nascondere-dietro-il-piano-mattei-per-lafrica\/"},"author":{"name":"Fulvio Vassallo Paleologo","@id":"https:\/\/www.pressenza.com\/it\/#\/schema\/person\/dd04c605b89e1d80cb77dfdce7137315"},"headline":"L\u2019ONU svela sulla Libia quello che si vuole nascondere dietro il Piano Mattei per l\u2019Africa","datePublished":"2024-08-21T17:34:20+00:00","dateModified":"2024-08-21T18:05:36+00:00","mainEntityOfPage":{"@id":"https:\/\/www.pressenza.com\/it\/2024\/08\/lonu-svela-sulla-libia-quello-che-si-vuole-nascondere-dietro-il-piano-mattei-per-lafrica\/"},"wordCount":2207,"publisher":{"@id":"https:\/\/www.pressenza.com\/it\/#organization"},"image":{"@id":"https:\/\/www.pressenza.com\/it\/2024\/08\/lonu-svela-sulla-libia-quello-che-si-vuole-nascondere-dietro-il-piano-mattei-per-lafrica\/#primaryimage"},"thumbnailUrl":"https:\/\/www.pressenza.com\/wp-content\/uploads\/2024\/08\/16432376395162184412_rid.jpg","keywords":["Consiglio di Sicurezza Onu","guerra e fame","Mediterraneo","Piano Mattei","Rapporto UNSMIL"],"articleSection":["Africa","Diritti Umani","Migranti","Non discriminazione","Opinioni"],"inLanguage":"it-IT"},{"@type":"WebPage","@id":"https:\/\/www.pressenza.com\/it\/2024\/08\/lonu-svela-sulla-libia-quello-che-si-vuole-nascondere-dietro-il-piano-mattei-per-lafrica\/","url":"https:\/\/www.pressenza.com\/it\/2024\/08\/lonu-svela-sulla-libia-quello-che-si-vuole-nascondere-dietro-il-piano-mattei-per-lafrica\/","name":"L\u2019ONU svela sulla Libia quello che si vuole nascondere dietro il Piano Mattei per l\u2019Africa","isPartOf":{"@id":"https:\/\/www.pressenza.com\/it\/#website"},"primaryImageOfPage":{"@id":"https:\/\/www.pressenza.com\/it\/2024\/08\/lonu-svela-sulla-libia-quello-che-si-vuole-nascondere-dietro-il-piano-mattei-per-lafrica\/#primaryimage"},"image":{"@id":"https:\/\/www.pressenza.com\/it\/2024\/08\/lonu-svela-sulla-libia-quello-che-si-vuole-nascondere-dietro-il-piano-mattei-per-lafrica\/#primaryimage"},"thumbnailUrl":"https:\/\/www.pressenza.com\/wp-content\/uploads\/2024\/08\/16432376395162184412_rid.jpg","datePublished":"2024-08-21T17:34:20+00:00","dateModified":"2024-08-21T18:05:36+00:00","description":"1. Sono mesi ormai che il governo italiano, e i gruppi energetici e finanziari che ne condividono l\u2019impegno nelle politiche di esternalizzazione, cercano","breadcrumb":{"@id":"https:\/\/www.pressenza.com\/it\/2024\/08\/lonu-svela-sulla-libia-quello-che-si-vuole-nascondere-dietro-il-piano-mattei-per-lafrica\/#breadcrumb"},"inLanguage":"it-IT","potentialAction":[{"@type":"ReadAction","target":["https:\/\/www.pressenza.com\/it\/2024\/08\/lonu-svela-sulla-libia-quello-che-si-vuole-nascondere-dietro-il-piano-mattei-per-lafrica\/"]}]},{"@type":"ImageObject","inLanguage":"it-IT","@id":"https:\/\/www.pressenza.com\/it\/2024\/08\/lonu-svela-sulla-libia-quello-che-si-vuole-nascondere-dietro-il-piano-mattei-per-lafrica\/#primaryimage","url":"https:\/\/www.pressenza.com\/wp-content\/uploads\/2024\/08\/16432376395162184412_rid.jpg","contentUrl":"https:\/\/www.pressenza.com\/wp-content\/uploads\/2024\/08\/16432376395162184412_rid.jpg","width":1000,"height":522},{"@type":"BreadcrumbList","@id":"https:\/\/www.pressenza.com\/it\/2024\/08\/lonu-svela-sulla-libia-quello-che-si-vuole-nascondere-dietro-il-piano-mattei-per-lafrica\/#breadcrumb","itemListElement":[{"@type":"ListItem","position":1,"name":"Accueil","item":"https:\/\/www.pressenza.com\/it\/"},{"@type":"ListItem","position":2,"name":"L\u2019ONU svela sulla Libia quello che si vuole nascondere dietro il Piano Mattei per l\u2019Africa"}]},{"@type":"WebSite","@id":"https:\/\/www.pressenza.com\/it\/#website","url":"https:\/\/www.pressenza.com\/it\/","name":"Pressenza","description":"Agenzia di Stampa Internazionale","publisher":{"@id":"https:\/\/www.pressenza.com\/it\/#organization"},"potentialAction":[{"@type":"SearchAction","target":{"@type":"EntryPoint","urlTemplate":"https:\/\/www.pressenza.com\/it\/?s={search_term_string}"},"query-input":{"@type":"PropertyValueSpecification","valueRequired":true,"valueName":"search_term_string"}}],"inLanguage":"it-IT"},{"@type":"Organization","@id":"https:\/\/www.pressenza.com\/it\/#organization","name":"Pressenza","url":"https:\/\/www.pressenza.com\/it\/","logo":{"@type":"ImageObject","inLanguage":"it-IT","@id":"https:\/\/www.pressenza.com\/it\/#\/schema\/logo\/image\/","url":"https:\/\/www.pressenza.com\/wp-content\/uploads\/2022\/10\/pressenza_logo_200x200.jpg","contentUrl":"https:\/\/www.pressenza.com\/wp-content\/uploads\/2022\/10\/pressenza_logo_200x200.jpg","width":200,"height":200,"caption":"Pressenza"},"image":{"@id":"https:\/\/www.pressenza.com\/it\/#\/schema\/logo\/image\/"},"sameAs":["https:\/\/www.facebook.com\/PressenzaItalia","https:\/\/x.com\/PressenzaIPA"]},{"@type":"Person","@id":"https:\/\/www.pressenza.com\/it\/#\/schema\/person\/dd04c605b89e1d80cb77dfdce7137315","name":"Fulvio Vassallo Paleologo","url":"https:\/\/www.pressenza.com\/it\/author\/fulvio-vassallo-paleologo\/"}]}},"place":"","original_article_url":"","_links":{"self":[{"href":"https:\/\/www.pressenza.com\/it\/wp-json\/wp\/v2\/posts\/2543528","targetHints":{"allow":["GET"]}}],"collection":[{"href":"https:\/\/www.pressenza.com\/it\/wp-json\/wp\/v2\/posts"}],"about":[{"href":"https:\/\/www.pressenza.com\/it\/wp-json\/wp\/v2\/types\/post"}],"author":[{"embeddable":true,"href":"https:\/\/www.pressenza.com\/it\/wp-json\/wp\/v2\/users\/1771"}],"replies":[{"embeddable":true,"href":"https:\/\/www.pressenza.com\/it\/wp-json\/wp\/v2\/comments?post=2543528"}],"version-history":[{"count":0,"href":"https:\/\/www.pressenza.com\/it\/wp-json\/wp\/v2\/posts\/2543528\/revisions"}],"wp:featuredmedia":[{"embeddable":true,"href":"https:\/\/www.pressenza.com\/it\/wp-json\/wp\/v2\/media\/2543532"}],"wp:attachment":[{"href":"https:\/\/www.pressenza.com\/it\/wp-json\/wp\/v2\/media?parent=2543528"}],"wp:term":[{"taxonomy":"category","embeddable":true,"href":"https:\/\/www.pressenza.com\/it\/wp-json\/wp\/v2\/categories?post=2543528"},{"taxonomy":"post_tag","embeddable":true,"href":"https:\/\/www.pressenza.com\/it\/wp-json\/wp\/v2\/tags?post=2543528"}],"curies":[{"name":"wp","href":"https:\/\/api.w.org\/{rel}","templated":true}]}}