{"id":2543079,"date":"2024-08-19T11:43:00","date_gmt":"2024-08-19T10:43:00","guid":{"rendered":"https:\/\/www.pressenza.com\/?p=2543079"},"modified":"2024-08-19T11:43:00","modified_gmt":"2024-08-19T10:43:00","slug":"un-paese-senza-piu-artigiani","status":"publish","type":"post","link":"https:\/\/www.pressenza.com\/it\/2024\/08\/un-paese-senza-piu-artigiani\/","title":{"rendered":"Un Paese senza pi\u00f9 artigiani"},"content":{"rendered":"<p>Il numero complessivo degli artigiani presenti nel nostro Paese continua inesorabilmente a scendere. <\/p>\n<p>Stiamo parlando di persone che in qualit\u00e0 di titolari, soci o collaboratori familiari svolgono un\u2019attivit\u00e0 lavorativa prevalentemente manuale. Pertanto, per poter contare sulla copertura previdenziale devono iscriversi nella gestione artigiani dell\u2019Inps. <\/p>\n<p>Se nel 2012 erano poco meno di 1.867.000 unit\u00e0, nel 2023 la platea complessiva \u00e8 crollata di quasi 410mila soggetti (-73mila solo nell\u2019ultimo anno); ora il numero totale sfiora quota 1.457.000. In questi undici anni abbiamo assistito a una caduta verticale che si \u00e8 interrotta solo nell\u2019anno post Covid (+2.325 tra il 2021 e il 2020). E se questa tendenza non sar\u00e0 invertita stabilmente, non \u00e8 da escludere che entro una decina d\u2019anni sar\u00e0 molto difficile trovare un idraulico, un fabbro, un elettricista o un serramentista in grado di eseguire un intervento di riparazione\/manutenzione presso la nostra abitazione o nel luogo dove lavoriamo.<br \/>\nA lanciare l&#8217;allarme \u00e8 l\u2019Ufficio studi della CGIA che ha elaborato i dati dell\u2019INPS e di Infocamere\/Movimprese.<\/p>\n<p>\u201cNegli ultimi decenni, sottolinea la CGIA, tante professioni ad alta intensit\u00e0 manuale hanno subito una svalutazione culturale che ha allontanato molti ragazzi  dal mondo dell\u2019artigianato. <\/p>\n<p>Il tratto del profondo cambiamento avvenuto, ad esempio, \u00e8 riscontrabile dal risultato che emerge dalla comparazione tra il numero di avvocati e di idraulici presenti nel nostro Paese: se i primi sfiorano le 237mila unit\u00e0, si stima che i secondi siano \u201csolo\u201d 180mila. <\/p>\n<p>E\u2019 evidente che la fuga dei cervelli in atto nel nostro Paese e, per contro, la mancanza di tante figure professionali di natura tecnica sono imputabili a tante criticit\u00e0, come: lo scarso interesse che molti giovani hanno nei confronti del lavoro manuale; la  mancata programmazione formativa verificatasi in tante regioni del nostro Paese e l\u2019incapacit\u00e0 di migliorare\/elevare la qualit\u00e0 dell\u2019orientamento scolastico che, purtroppo, \u00e8 rimasto ancorato a vecchie logiche novecentesche di gentiliana memoria.\u201d<\/p>\n<p>Secondo i dati elaborati dalla CGIA di Mestre, anche il numero delle aziende artigiane attive \u00e8 in forte diminuzione: se nel 2008 (anno in cui si \u00e8 toccato il picco massimo di questo inizio di secolo), in Italia le imprese artigiane erano pari a 1.486.559 unit\u00e0, successivamente sono scese costantemente e nel 2023 si sono fermate a quota 1.258.079.<br \/>\nVa comunque segnalato che questa riduzione in parte \u00e8 anche riconducibile al processo di aggregazione\/acquisizione che ha interessato alcuni settori dopo le grandi crisi 2008\/2009, 2012\/2013 e 2020\/2021.<br \/>\nPurtroppo, questa \u201cspinta\u201d verso l\u2019unione aziendale ha compresso la platea degli artigiani, ma ha contribuito positivamente ad aumentare la dimensione media delle imprese, spingendo all\u2019ins\u00f9 anche la produttivit\u00e0 di molti comparti; in particolare, del trasporto merci, del metalmeccanico, degli installatori impianti e della moda.<br \/>\nLa contrazione degli artigiani e delle loro attivit\u00e0 si possono notare anche a occhio nudo.<br \/>\nGirando per le nostre citt\u00e0 e i paesi di provincia sono ormai in via di estinzione tantissime botteghe artigianali.<br \/>\nInsomma, non solo diminuisce il numero degli artigiani e le aziende di questo settore, ma anche il paesaggio urbano sta cambiando volto.<br \/>\nSono ormai ridotte al lumicino le attivit\u00e0 storiche che ospitano calzolai, corniciai, fabbri, falegnami, fotografi, lavasecco, orologiai, pellettieri, riparatori di elettrodomestici e Tv, sarti, tappezzieri, etc.<br \/>\nAttivit\u00e0, nella stragrande maggioranza dei casi a conduzione familiare, che hanno contraddistinto la storia di molti quartieri, piazze e vie delle nostre citt\u00e0, diventando dei punti di riferimento per le persone che sono cresciute in questi luoghi.<\/p>\n<p>\u201cIl degrado urbano, evidenzia la CGIA di Mestre, si sta allargando a macchia d\u2019olio; basta osservare con attenzione i quartieri di periferia e i centri storici per accorgersi che sono tantissime le insegne che sono state rimosse e altrettante sono le vetrine non pi\u00f9 allestite, perennemente sporche e con le saracinesche abbassate.<br \/>\nSono un segnale inequivocabile del peggioramento della qualit\u00e0 della vita di molte realt\u00e0 urbane. Le citt\u00e0, infatti, non sono costituite solo da piazze, monumenti, palazzi e nastri d\u2019asfalto, ma, anche, da luoghi dove le persone si incontrano, anche per fare solo due chiacchere.<br \/>\nQueste micro attivit\u00e0 conservano l\u2019identit\u00e0 di una comunit\u00e0 e sono uno straordinario presidio in grado di rafforzare la coesione sociale di un territorio.\u201d<br \/>\nNon tutti i settori artigiani hanno comunque subito la crisi.<br \/>\nQuelli del benessere e dell\u2019informatica presentano infatti dati in controtendenza.<br \/>\nNel primo, ad esempio, si continua a registrare un costante aumento degli acconciatori, degli estetisti e dei tatuatori.<br \/>\nNel secondo, invece, sono in decisa espansione i sistemisti, gli addetti al web marketing, i video maker e gli esperti in social media. <\/p>\n<p>Va altrettanto bene anche il comparto dell\u2019alimentare, con risultati significativamente positivi per le gelaterie, le gastronomie, le pulitintolavanderie a gettone e le pizzerie per asporto ubicate, in particolare, nelle citt\u00e0 ad alta vocazione turistica.<\/p>\n<p>Qui i dati della CGIA: <a href=\"https:\/\/www.cgiamestre.com\/wp-content\/uploads\/2024\/08\/Artigiani-cercasi-17.8.24-2.pdf\">https:\/\/www.cgiamestre.com\/wp-content\/uploads\/2024\/08\/Artigiani-cercasi-17.8.24-2.pdf<\/a>.<\/p>\n","protected":false},"excerpt":{"rendered":"<p>Il numero complessivo degli artigiani presenti nel nostro Paese continua inesorabilmente a scendere. Stiamo parlando di persone che in qualit\u00e0 di titolari, soci o collaboratori familiari svolgono un\u2019attivit\u00e0 lavorativa prevalentemente manuale. Pertanto, per poter contare sulla copertura previdenziale devono iscriversi&hellip;<\/p>\n","protected":false},"author":2106,"featured_media":2543082,"comment_status":"closed","ping_status":"closed","sticky":false,"template":"","format":"standard","meta":{"footnotes":""},"categories":[11388,62,46975],"tags":[125759],"class_list":["post-2543079","post","type-post","status-publish","format-standard","has-post-thumbnail","hentry","category-contenuti-originali","category-economia","category-giovani","tag-artigiani"],"yoast_head":"<!-- This site is optimized with the Yoast SEO plugin v27.1.1 - https:\/\/yoast.com\/product\/yoast-seo-wordpress\/ -->\n<title>Un Paese senza pi\u00f9 artigiani<\/title>\n<meta name=\"description\" content=\"Il numero complessivo degli artigiani presenti nel nostro Paese continua inesorabilmente a scendere. Stiamo parlando di persone che in qualit\u00e0 di\" \/>\n<meta name=\"robots\" content=\"index, follow, max-snippet:-1, max-image-preview:large, max-video-preview:-1\" \/>\n<link rel=\"canonical\" href=\"https:\/\/www.pressenza.com\/it\/2024\/08\/un-paese-senza-piu-artigiani\/\" \/>\n<meta property=\"og:locale\" content=\"it_IT\" \/>\n<meta property=\"og:type\" content=\"article\" \/>\n<meta property=\"og:title\" content=\"Un Paese senza pi\u00f9 artigiani\" \/>\n<meta property=\"og:description\" content=\"Il numero complessivo degli artigiani presenti nel nostro Paese continua inesorabilmente a scendere. Stiamo parlando di persone che in qualit\u00e0 di\" \/>\n<meta property=\"og:url\" content=\"https:\/\/www.pressenza.com\/it\/2024\/08\/un-paese-senza-piu-artigiani\/\" \/>\n<meta property=\"og:site_name\" content=\"Pressenza\" \/>\n<meta property=\"article:publisher\" content=\"https:\/\/www.facebook.com\/PressenzaItalia\" \/>\n<meta property=\"article:published_time\" content=\"2024-08-19T10:43:00+00:00\" \/>\n<meta property=\"og:image\" content=\"https:\/\/www.pressenza.com\/wp-content\/uploads\/2024\/08\/foto-della-CGIA-di-Mestre.jpg\" \/>\n\t<meta property=\"og:image:width\" content=\"1920\" \/>\n\t<meta property=\"og:image:height\" content=\"1440\" \/>\n\t<meta property=\"og:image:type\" content=\"image\/jpeg\" \/>\n<meta name=\"author\" content=\"Giovanni Caprio\" \/>\n<meta name=\"twitter:card\" content=\"summary_large_image\" \/>\n<meta name=\"twitter:creator\" content=\"@PressenzaIPA\" \/>\n<meta name=\"twitter:site\" content=\"@PressenzaIPA\" \/>\n<meta name=\"twitter:label1\" content=\"Scritto da\" \/>\n\t<meta name=\"twitter:data1\" content=\"Giovanni Caprio\" \/>\n<script type=\"application\/ld+json\" class=\"yoast-schema-graph\">{\"@context\":\"https:\/\/schema.org\",\"@graph\":[{\"@type\":\"Article\",\"@id\":\"https:\/\/www.pressenza.com\/it\/2024\/08\/un-paese-senza-piu-artigiani\/#article\",\"isPartOf\":{\"@id\":\"https:\/\/www.pressenza.com\/it\/2024\/08\/un-paese-senza-piu-artigiani\/\"},\"author\":{\"name\":\"Giovanni Caprio\",\"@id\":\"https:\/\/www.pressenza.com\/it\/#\/schema\/person\/841c36a613f4f6e80f5fbc9c1f8c32c8\"},\"headline\":\"Un Paese senza pi\u00f9 artigiani\",\"datePublished\":\"2024-08-19T10:43:00+00:00\",\"mainEntityOfPage\":{\"@id\":\"https:\/\/www.pressenza.com\/it\/2024\/08\/un-paese-senza-piu-artigiani\/\"},\"wordCount\":787,\"publisher\":{\"@id\":\"https:\/\/www.pressenza.com\/it\/#organization\"},\"image\":{\"@id\":\"https:\/\/www.pressenza.com\/it\/2024\/08\/un-paese-senza-piu-artigiani\/#primaryimage\"},\"thumbnailUrl\":\"https:\/\/www.pressenza.com\/wp-content\/uploads\/2024\/08\/foto-della-CGIA-di-Mestre.jpg\",\"keywords\":[\"artigiani\"],\"articleSection\":[\"contenuti originali\",\"Economia\",\"Giovani\"],\"inLanguage\":\"it-IT\"},{\"@type\":\"WebPage\",\"@id\":\"https:\/\/www.pressenza.com\/it\/2024\/08\/un-paese-senza-piu-artigiani\/\",\"url\":\"https:\/\/www.pressenza.com\/it\/2024\/08\/un-paese-senza-piu-artigiani\/\",\"name\":\"Un Paese senza pi\u00f9 artigiani\",\"isPartOf\":{\"@id\":\"https:\/\/www.pressenza.com\/it\/#website\"},\"primaryImageOfPage\":{\"@id\":\"https:\/\/www.pressenza.com\/it\/2024\/08\/un-paese-senza-piu-artigiani\/#primaryimage\"},\"image\":{\"@id\":\"https:\/\/www.pressenza.com\/it\/2024\/08\/un-paese-senza-piu-artigiani\/#primaryimage\"},\"thumbnailUrl\":\"https:\/\/www.pressenza.com\/wp-content\/uploads\/2024\/08\/foto-della-CGIA-di-Mestre.jpg\",\"datePublished\":\"2024-08-19T10:43:00+00:00\",\"description\":\"Il numero complessivo degli artigiani presenti nel nostro Paese continua inesorabilmente a scendere. Stiamo parlando di persone che in qualit\u00e0 di\",\"breadcrumb\":{\"@id\":\"https:\/\/www.pressenza.com\/it\/2024\/08\/un-paese-senza-piu-artigiani\/#breadcrumb\"},\"inLanguage\":\"it-IT\",\"potentialAction\":[{\"@type\":\"ReadAction\",\"target\":[\"https:\/\/www.pressenza.com\/it\/2024\/08\/un-paese-senza-piu-artigiani\/\"]}]},{\"@type\":\"ImageObject\",\"inLanguage\":\"it-IT\",\"@id\":\"https:\/\/www.pressenza.com\/it\/2024\/08\/un-paese-senza-piu-artigiani\/#primaryimage\",\"url\":\"https:\/\/www.pressenza.com\/wp-content\/uploads\/2024\/08\/foto-della-CGIA-di-Mestre.jpg\",\"contentUrl\":\"https:\/\/www.pressenza.com\/wp-content\/uploads\/2024\/08\/foto-della-CGIA-di-Mestre.jpg\",\"width\":1920,\"height\":1440},{\"@type\":\"BreadcrumbList\",\"@id\":\"https:\/\/www.pressenza.com\/it\/2024\/08\/un-paese-senza-piu-artigiani\/#breadcrumb\",\"itemListElement\":[{\"@type\":\"ListItem\",\"position\":1,\"name\":\"Accueil\",\"item\":\"https:\/\/www.pressenza.com\/it\/\"},{\"@type\":\"ListItem\",\"position\":2,\"name\":\"Un Paese senza pi\u00f9 artigiani\"}]},{\"@type\":\"WebSite\",\"@id\":\"https:\/\/www.pressenza.com\/it\/#website\",\"url\":\"https:\/\/www.pressenza.com\/it\/\",\"name\":\"Pressenza\",\"description\":\"Agenzia di Stampa Internazionale\",\"publisher\":{\"@id\":\"https:\/\/www.pressenza.com\/it\/#organization\"},\"potentialAction\":[{\"@type\":\"SearchAction\",\"target\":{\"@type\":\"EntryPoint\",\"urlTemplate\":\"https:\/\/www.pressenza.com\/it\/?s={search_term_string}\"},\"query-input\":{\"@type\":\"PropertyValueSpecification\",\"valueRequired\":true,\"valueName\":\"search_term_string\"}}],\"inLanguage\":\"it-IT\"},{\"@type\":\"Organization\",\"@id\":\"https:\/\/www.pressenza.com\/it\/#organization\",\"name\":\"Pressenza\",\"url\":\"https:\/\/www.pressenza.com\/it\/\",\"logo\":{\"@type\":\"ImageObject\",\"inLanguage\":\"it-IT\",\"@id\":\"https:\/\/www.pressenza.com\/it\/#\/schema\/logo\/image\/\",\"url\":\"https:\/\/www.pressenza.com\/wp-content\/uploads\/2022\/10\/pressenza_logo_200x200.jpg\",\"contentUrl\":\"https:\/\/www.pressenza.com\/wp-content\/uploads\/2022\/10\/pressenza_logo_200x200.jpg\",\"width\":200,\"height\":200,\"caption\":\"Pressenza\"},\"image\":{\"@id\":\"https:\/\/www.pressenza.com\/it\/#\/schema\/logo\/image\/\"},\"sameAs\":[\"https:\/\/www.facebook.com\/PressenzaItalia\",\"https:\/\/x.com\/PressenzaIPA\"]},{\"@type\":\"Person\",\"@id\":\"https:\/\/www.pressenza.com\/it\/#\/schema\/person\/841c36a613f4f6e80f5fbc9c1f8c32c8\",\"name\":\"Giovanni Caprio\",\"description\":\"Pubblicista, gi\u00e0 dirigente di istituzioni pubbliche e di fondazioni private. Si occupa di beni comuni, partecipazione e governo del territorio.\",\"url\":\"https:\/\/www.pressenza.com\/it\/author\/giovanni-caprio\/\"}]}<\/script>\n<!-- \/ Yoast SEO plugin. -->","yoast_head_json":{"title":"Un Paese senza pi\u00f9 artigiani","description":"Il numero complessivo degli artigiani presenti nel nostro Paese continua inesorabilmente a scendere. Stiamo parlando di persone che in qualit\u00e0 di","robots":{"index":"index","follow":"follow","max-snippet":"max-snippet:-1","max-image-preview":"max-image-preview:large","max-video-preview":"max-video-preview:-1"},"canonical":"https:\/\/www.pressenza.com\/it\/2024\/08\/un-paese-senza-piu-artigiani\/","og_locale":"it_IT","og_type":"article","og_title":"Un Paese senza pi\u00f9 artigiani","og_description":"Il numero complessivo degli artigiani presenti nel nostro Paese continua inesorabilmente a scendere. Stiamo parlando di persone che in qualit\u00e0 di","og_url":"https:\/\/www.pressenza.com\/it\/2024\/08\/un-paese-senza-piu-artigiani\/","og_site_name":"Pressenza","article_publisher":"https:\/\/www.facebook.com\/PressenzaItalia","article_published_time":"2024-08-19T10:43:00+00:00","og_image":[{"width":1920,"height":1440,"url":"https:\/\/www.pressenza.com\/wp-content\/uploads\/2024\/08\/foto-della-CGIA-di-Mestre.jpg","type":"image\/jpeg"}],"author":"Giovanni Caprio","twitter_card":"summary_large_image","twitter_creator":"@PressenzaIPA","twitter_site":"@PressenzaIPA","twitter_misc":{"Scritto da":"Giovanni Caprio"},"schema":{"@context":"https:\/\/schema.org","@graph":[{"@type":"Article","@id":"https:\/\/www.pressenza.com\/it\/2024\/08\/un-paese-senza-piu-artigiani\/#article","isPartOf":{"@id":"https:\/\/www.pressenza.com\/it\/2024\/08\/un-paese-senza-piu-artigiani\/"},"author":{"name":"Giovanni Caprio","@id":"https:\/\/www.pressenza.com\/it\/#\/schema\/person\/841c36a613f4f6e80f5fbc9c1f8c32c8"},"headline":"Un Paese senza pi\u00f9 artigiani","datePublished":"2024-08-19T10:43:00+00:00","mainEntityOfPage":{"@id":"https:\/\/www.pressenza.com\/it\/2024\/08\/un-paese-senza-piu-artigiani\/"},"wordCount":787,"publisher":{"@id":"https:\/\/www.pressenza.com\/it\/#organization"},"image":{"@id":"https:\/\/www.pressenza.com\/it\/2024\/08\/un-paese-senza-piu-artigiani\/#primaryimage"},"thumbnailUrl":"https:\/\/www.pressenza.com\/wp-content\/uploads\/2024\/08\/foto-della-CGIA-di-Mestre.jpg","keywords":["artigiani"],"articleSection":["contenuti originali","Economia","Giovani"],"inLanguage":"it-IT"},{"@type":"WebPage","@id":"https:\/\/www.pressenza.com\/it\/2024\/08\/un-paese-senza-piu-artigiani\/","url":"https:\/\/www.pressenza.com\/it\/2024\/08\/un-paese-senza-piu-artigiani\/","name":"Un Paese senza pi\u00f9 artigiani","isPartOf":{"@id":"https:\/\/www.pressenza.com\/it\/#website"},"primaryImageOfPage":{"@id":"https:\/\/www.pressenza.com\/it\/2024\/08\/un-paese-senza-piu-artigiani\/#primaryimage"},"image":{"@id":"https:\/\/www.pressenza.com\/it\/2024\/08\/un-paese-senza-piu-artigiani\/#primaryimage"},"thumbnailUrl":"https:\/\/www.pressenza.com\/wp-content\/uploads\/2024\/08\/foto-della-CGIA-di-Mestre.jpg","datePublished":"2024-08-19T10:43:00+00:00","description":"Il numero complessivo degli artigiani presenti nel nostro Paese continua inesorabilmente a scendere. Stiamo parlando di persone che in qualit\u00e0 di","breadcrumb":{"@id":"https:\/\/www.pressenza.com\/it\/2024\/08\/un-paese-senza-piu-artigiani\/#breadcrumb"},"inLanguage":"it-IT","potentialAction":[{"@type":"ReadAction","target":["https:\/\/www.pressenza.com\/it\/2024\/08\/un-paese-senza-piu-artigiani\/"]}]},{"@type":"ImageObject","inLanguage":"it-IT","@id":"https:\/\/www.pressenza.com\/it\/2024\/08\/un-paese-senza-piu-artigiani\/#primaryimage","url":"https:\/\/www.pressenza.com\/wp-content\/uploads\/2024\/08\/foto-della-CGIA-di-Mestre.jpg","contentUrl":"https:\/\/www.pressenza.com\/wp-content\/uploads\/2024\/08\/foto-della-CGIA-di-Mestre.jpg","width":1920,"height":1440},{"@type":"BreadcrumbList","@id":"https:\/\/www.pressenza.com\/it\/2024\/08\/un-paese-senza-piu-artigiani\/#breadcrumb","itemListElement":[{"@type":"ListItem","position":1,"name":"Accueil","item":"https:\/\/www.pressenza.com\/it\/"},{"@type":"ListItem","position":2,"name":"Un Paese senza pi\u00f9 artigiani"}]},{"@type":"WebSite","@id":"https:\/\/www.pressenza.com\/it\/#website","url":"https:\/\/www.pressenza.com\/it\/","name":"Pressenza","description":"Agenzia di Stampa Internazionale","publisher":{"@id":"https:\/\/www.pressenza.com\/it\/#organization"},"potentialAction":[{"@type":"SearchAction","target":{"@type":"EntryPoint","urlTemplate":"https:\/\/www.pressenza.com\/it\/?s={search_term_string}"},"query-input":{"@type":"PropertyValueSpecification","valueRequired":true,"valueName":"search_term_string"}}],"inLanguage":"it-IT"},{"@type":"Organization","@id":"https:\/\/www.pressenza.com\/it\/#organization","name":"Pressenza","url":"https:\/\/www.pressenza.com\/it\/","logo":{"@type":"ImageObject","inLanguage":"it-IT","@id":"https:\/\/www.pressenza.com\/it\/#\/schema\/logo\/image\/","url":"https:\/\/www.pressenza.com\/wp-content\/uploads\/2022\/10\/pressenza_logo_200x200.jpg","contentUrl":"https:\/\/www.pressenza.com\/wp-content\/uploads\/2022\/10\/pressenza_logo_200x200.jpg","width":200,"height":200,"caption":"Pressenza"},"image":{"@id":"https:\/\/www.pressenza.com\/it\/#\/schema\/logo\/image\/"},"sameAs":["https:\/\/www.facebook.com\/PressenzaItalia","https:\/\/x.com\/PressenzaIPA"]},{"@type":"Person","@id":"https:\/\/www.pressenza.com\/it\/#\/schema\/person\/841c36a613f4f6e80f5fbc9c1f8c32c8","name":"Giovanni Caprio","description":"Pubblicista, gi\u00e0 dirigente di istituzioni pubbliche e di fondazioni private. Si occupa di beni comuni, partecipazione e governo del territorio.","url":"https:\/\/www.pressenza.com\/it\/author\/giovanni-caprio\/"}]}},"place":"","original_article_url":"","_links":{"self":[{"href":"https:\/\/www.pressenza.com\/it\/wp-json\/wp\/v2\/posts\/2543079","targetHints":{"allow":["GET"]}}],"collection":[{"href":"https:\/\/www.pressenza.com\/it\/wp-json\/wp\/v2\/posts"}],"about":[{"href":"https:\/\/www.pressenza.com\/it\/wp-json\/wp\/v2\/types\/post"}],"author":[{"embeddable":true,"href":"https:\/\/www.pressenza.com\/it\/wp-json\/wp\/v2\/users\/2106"}],"replies":[{"embeddable":true,"href":"https:\/\/www.pressenza.com\/it\/wp-json\/wp\/v2\/comments?post=2543079"}],"version-history":[{"count":0,"href":"https:\/\/www.pressenza.com\/it\/wp-json\/wp\/v2\/posts\/2543079\/revisions"}],"wp:featuredmedia":[{"embeddable":true,"href":"https:\/\/www.pressenza.com\/it\/wp-json\/wp\/v2\/media\/2543082"}],"wp:attachment":[{"href":"https:\/\/www.pressenza.com\/it\/wp-json\/wp\/v2\/media?parent=2543079"}],"wp:term":[{"taxonomy":"category","embeddable":true,"href":"https:\/\/www.pressenza.com\/it\/wp-json\/wp\/v2\/categories?post=2543079"},{"taxonomy":"post_tag","embeddable":true,"href":"https:\/\/www.pressenza.com\/it\/wp-json\/wp\/v2\/tags?post=2543079"}],"curies":[{"name":"wp","href":"https:\/\/api.w.org\/{rel}","templated":true}]}}