{"id":2542020,"date":"2024-08-12T09:33:29","date_gmt":"2024-08-12T08:33:29","guid":{"rendered":"https:\/\/www.pressenza.com\/?p=2542020"},"modified":"2024-08-12T09:33:29","modified_gmt":"2024-08-12T08:33:29","slug":"i-bambini-e-le-bambine-fuori-dalla-famiglia-di-origine","status":"publish","type":"post","link":"https:\/\/www.pressenza.com\/it\/2024\/08\/i-bambini-e-le-bambine-fuori-dalla-famiglia-di-origine\/","title":{"rendered":"I bambini e le bambine fuori dalla famiglia di origine"},"content":{"rendered":"<p>\u00c8 stato pubblicato di recente il Quaderno della ricerca sociale n. 60 che contiene i dati, aggiornati al 31 dicembre 2022, sui bambini e gli adolescenti fuori dalla famiglia di origine.<\/p>\n<p>Il volume contiene l\u2019analisi delle informazioni raccolte attraverso il Sistema informativo dell\u2019offerta dei servizi sociali (SIOSS), articolazione del Sistema informativo unitario dei servizi sociali, istituito con il decreto legislativo 15 settembre 2017, n. 147.<\/p>\n<p> Il 97% degli Ambiti Territoriali Sociali (ATS) ha fornito informazioni sui servizi attivati e sul numero totale dei beneficiari nell\u2019anno 2022.<br \/>\nGrazie ai dati raccolti con le tabelle inserite nel maggio 2023 sono disponibili elementi conoscitivi aggiuntivi per il 98% dei minorenni complessivamente in affidamento e accolti nei servizi residenziali, distinguendo tra Minori Stranieri Non Accompagnati (MSNA) e non.<\/p>\n<p>Complessivamente gli ATS segnalano la presa in carico di 41.683 minorenni (inclusi i MSNA), sia in affidamento familiare (senza distinguere la tipologia di affidamento) sia collocati in strutture residenziali.<\/p>\n<p>Stando ai dati integrativi disponibili, questo totale si riduce per\u00f2 a 33.299 minorenni allontanati dalla famiglia di origine se considerato al netto dei minorenni stranieri non accompagnati, soggetti beneficiari degli interventi di accoglienza e protezione, ma in genere inseriti in altri percorsi progettuali. <\/p>\n<p>L\u2019allineamento con i contenuti informativi dell\u2019ultima raccolta attraverso le regioni, quindi considerando quelli in comunit\u00e0 residenziale e solo quelli in affidamento familiare per almeno 5 notti a settimana porta a un totale di minorenni fuori famiglia (al netto dei MSNA) pari a 30.588 minorenni.<br \/>\nI numeri complessivamente pi\u00f9 elevati si trovano in Lombardia, Emilia-Romagna, Piemonte, Sicilia, Lazio e Campania, ma l\u2019incidenza sulla popolazione 0-17enne residente \u00e8 molto diversa. <\/p>\n<p>Dal punto di vista territoriale, un\u2019analisi maggiormente disaggregata dei 30.588 minorenni in carico, fa emergere significative differenze regionali di diffusione del fenomeno.<br \/>\n In relazione alla popolazione minorile residente, il tasso di fuori famiglia rilevato per l\u2019Italia \u00e8 pari a 3,4 minorenni ogni 1.000 residenti 0-17enni, la regione in cui si registra il tasso pi\u00f9 elevato \u00e8 la Liguria (5,9), seguono la Lombardia, il Piemonte e l\u2019Emilia-Romagna (4,3). <\/p>\n<p>Sul fronte opposto con valori inferiori al tasso medio nazionale si collocano la Campania, l\u2019Abruzzo e la Provincia autonoma di Bolzano (valori pari o inferiori a 2,5).<\/p>\n<p>Il tasso di fuori famiglia rilevato per l\u2019Italia, pari a 3,4 minorenni ogni 1.000 residenti 0-17enni pu\u00f2 essere confrontato con gli ultimi dati resi disponibili a livello europeo a gennaio dal DataCare project. <\/p>\n<p>Il progetto DataCare \u00e8 stato lanciato da Eurochild con il sostegno dell\u2019UNICEF nel marzo 2020.<br \/>\nEsso mira a realizzare una mappatura completa dei sistemi di dati sulla protezione dei minori nei 27 Stati membri dell\u2019Unione europea (UE) e nel Regno Unito. <\/p>\n<p>Il confronto con Paesi europei che hanno forme organizzative dell\u2019accoglienza analoghe a quelle sviluppatesi in Italia negli ultimi 30 anni, confermano che la situazione italiana \u00e8 caratterizzata da una bassa propensione all\u2019allontanamento, allineando la misura del tasso a quelli del DataCare, in Italia si calcola 337 minorenni (al netto dei MSNA) in accoglienze alternative alla famiglia ogni 100.000 0-17enni residenti, ben al di sotto di quanto risulta per la Germania, la Francia o la Spagna.<\/p>\n<p>Per quanto riguarda l&#8217;affidamento familiare, i dati raccolti attraverso la rilevazione coordinata con le Regioni e le Province autonome evidenziavano, nel 2021, una lieve ripresa dell\u2019affidamento familiare rispetto al 2020, tornando a una quota superiore alle 13mila unit\u00e0 con un valore pari a 13.248, che rappresenta l\u20191,4 per mille della popolazione minorile residente in Italia. <\/p>\n<p>Al 31\/12\/2022 il numero di minorenni in carico in affidamento familiare rilevato dal SIOSS \u00e8 pari a 16.382 soggetti comprensivo di tutte le forme di affidamento e dei MSNA. <\/p>\n<p>Escludendo i MSNA, i dati integrativi segnalano 15.218 minorenni in una qualche forma di affidamento familiare; considerando, solo l\u2019affidamento familiare per almeno 5 notti la settimana ed escludendo i MSNA, i minorenni registrati risultano pari a 12.507. <\/p>\n<p>Le regioni in cui risulta pi\u00f9 attivato l\u2019affidamento familiare, con valori pari o superiori ai 2 casi per mille, sono la Liguria e il Piemonte mentre con valori inferiori a un affidamento ogni mille residenti si collocano Abruzzo, Bolzano e Campania. <\/p>\n<p>Dei 16.382 minorenni che risultano in carico in affidamento familiare al 31\/12\/2022, il 19,1% \u00e8 concentrato nella regione Piemonte; il 16,6% in Lombardia; l\u2019Emilia-Romagna e la Sicilia registrano quote intorno all\u20198%; il Veneto e la Toscana circa il 7%. Seguono la regione Lazio con il 6,5%; la Puglia e la Campania con circa il 5%. Nelle altre regioni la quota \u00e8 inferiore al 4%.<\/p>\n<p>La modalit\u00e0 di gestione territoriale dell\u2019affidamento familiare fa emergere una prevalenza della realizzazione del servizio in modo diretto (65%). <\/p>\n<p>Un\u2019incidenza significativa riguarda anche la modalit\u00e0 mista (24,2%) mentre maggiormente residuale risulta l\u2019esternalizzazione dello stesso (10,8%). <\/p>\n<p>Su base regionale risulta che in 12 regioni pi\u00f9 del 70% dei soggetti attuatori gestiscono il servizio in modo diretto \u2013 la quota supera il 90% in Valle d\u2019Aosta, Calabria, Basilicata e Molise.<br \/>\nValori elevati di gestione mista si registrano in Veneto (58,9%) e in Lombardia (48%); quote superiori al 20% di gestione esternalizzata si registrano in Abruzzo e in Lombardia.<\/p>\n<p>In merito all\u2019accoglienza residenziale, al 31\/12\/2022 risultano accolti nei servizi residenziali 25.301 minorenni inclusi i MSNA: 24% di questi \u00e8 in Lombardia, l\u201911,4% in Sicilia, il 9% in Emilia-Romagna.<br \/>\nSeguono il Lazio, la Puglia e il Piemonte con quote intorno al 7%; la Campania (6%); la Toscana e il Veneto (intorno al 5%).<br \/>\nLa Liguria registra una quota di poco superiore al 4%; tutte le altre regioni registrano un valore inferiore al 3%. I dati integrativi per il 2022 registrano 18.081 minorenni accolti in strutture residenziali al netto dei MSNA. In termini relativi, in rapporto alla popolazione residente della corrispondente et\u00e0 di riferimento, risultano coinvolti circa 2 minorenni ogni mille bambini e adolescenti residenti di 0-17 anni.<br \/>\nQui la pubblicazione completa: <a href=\"https:\/\/www.lavoro.gov.it\/documenti-e-norme\/studi-e-statistiche\/qrs-60-affidamento-familiare-2022.pdf\">https:\/\/www.lavoro.gov.it\/documenti-e-norme\/studi-e-statistiche\/qrs-60-affidamento-familiare-2022.pdf<\/a>.<\/p>\n","protected":false},"excerpt":{"rendered":"<p>\u00c8 stato pubblicato di recente il Quaderno della ricerca sociale n. 60 che contiene i dati, aggiornati al 31 dicembre 2022, sui bambini e gli adolescenti fuori dalla famiglia di origine. Il volume contiene l\u2019analisi delle informazioni raccolte attraverso il&hellip;<\/p>\n","protected":false},"author":2106,"featured_media":2542021,"comment_status":"closed","ping_status":"closed","sticky":false,"template":"","format":"standard","meta":{"footnotes":""},"categories":[11388,60,1258,47,46975,54572],"tags":[9586,125570],"class_list":["post-2542020","post","type-post","status-publish","format-standard","has-post-thumbnail","hentry","category-contenuti-originali","category-diritti-umani","category-educazione","category-europa","category-giovani","category-migranti","tag-affido","tag-allontanamento-dalla-famiglia"],"yoast_head":"<!-- This site is optimized with the Yoast SEO plugin v27.1.1 - https:\/\/yoast.com\/product\/yoast-seo-wordpress\/ -->\n<title>I bambini e le bambine fuori dalla famiglia di origine<\/title>\n<meta name=\"description\" content=\"\u00c8 stato pubblicato di recente il Quaderno della ricerca sociale n. 60 che contiene i dati, aggiornati al 31 dicembre 2022, sui bambini e gli adolescenti\" \/>\n<meta name=\"robots\" content=\"index, follow, max-snippet:-1, max-image-preview:large, max-video-preview:-1\" \/>\n<link rel=\"canonical\" href=\"https:\/\/www.pressenza.com\/it\/2024\/08\/i-bambini-e-le-bambine-fuori-dalla-famiglia-di-origine\/\" \/>\n<meta property=\"og:locale\" content=\"it_IT\" \/>\n<meta property=\"og:type\" content=\"article\" \/>\n<meta property=\"og:title\" content=\"I bambini e le bambine fuori dalla famiglia di origine\" \/>\n<meta property=\"og:description\" content=\"\u00c8 stato pubblicato di recente il Quaderno della ricerca sociale n. 60 che contiene i dati, aggiornati al 31 dicembre 2022, sui bambini e gli adolescenti\" \/>\n<meta property=\"og:url\" content=\"https:\/\/www.pressenza.com\/it\/2024\/08\/i-bambini-e-le-bambine-fuori-dalla-famiglia-di-origine\/\" \/>\n<meta property=\"og:site_name\" content=\"Pressenza\" \/>\n<meta property=\"article:publisher\" content=\"https:\/\/www.facebook.com\/PressenzaItalia\" \/>\n<meta property=\"article:published_time\" content=\"2024-08-12T08:33:29+00:00\" \/>\n<meta property=\"og:image\" content=\"https:\/\/www.pressenza.com\/wp-content\/uploads\/2024\/08\/foto-di-Dipartimento-per-le-politiche-della-famiglia.jpg\" \/>\n\t<meta property=\"og:image:width\" content=\"400\" \/>\n\t<meta property=\"og:image:height\" content=\"220\" \/>\n\t<meta property=\"og:image:type\" content=\"image\/jpeg\" \/>\n<meta name=\"author\" content=\"Giovanni Caprio\" \/>\n<meta name=\"twitter:card\" content=\"summary_large_image\" \/>\n<meta name=\"twitter:creator\" content=\"@PressenzaIPA\" \/>\n<meta name=\"twitter:site\" content=\"@PressenzaIPA\" \/>\n<meta name=\"twitter:label1\" content=\"Scritto da\" \/>\n\t<meta name=\"twitter:data1\" content=\"Giovanni Caprio\" \/>\n<script type=\"application\/ld+json\" class=\"yoast-schema-graph\">{\"@context\":\"https:\/\/schema.org\",\"@graph\":[{\"@type\":\"Article\",\"@id\":\"https:\/\/www.pressenza.com\/it\/2024\/08\/i-bambini-e-le-bambine-fuori-dalla-famiglia-di-origine\/#article\",\"isPartOf\":{\"@id\":\"https:\/\/www.pressenza.com\/it\/2024\/08\/i-bambini-e-le-bambine-fuori-dalla-famiglia-di-origine\/\"},\"author\":{\"name\":\"Giovanni Caprio\",\"@id\":\"https:\/\/www.pressenza.com\/it\/#\/schema\/person\/841c36a613f4f6e80f5fbc9c1f8c32c8\"},\"headline\":\"I bambini e le bambine fuori dalla famiglia di origine\",\"datePublished\":\"2024-08-12T08:33:29+00:00\",\"mainEntityOfPage\":{\"@id\":\"https:\/\/www.pressenza.com\/it\/2024\/08\/i-bambini-e-le-bambine-fuori-dalla-famiglia-di-origine\/\"},\"wordCount\":923,\"publisher\":{\"@id\":\"https:\/\/www.pressenza.com\/it\/#organization\"},\"image\":{\"@id\":\"https:\/\/www.pressenza.com\/it\/2024\/08\/i-bambini-e-le-bambine-fuori-dalla-famiglia-di-origine\/#primaryimage\"},\"thumbnailUrl\":\"https:\/\/www.pressenza.com\/wp-content\/uploads\/2024\/08\/foto-di-Dipartimento-per-le-politiche-della-famiglia.jpg\",\"keywords\":[\"affido\",\"allontanamento dalla famiglia\"],\"articleSection\":[\"contenuti originali\",\"Diritti Umani\",\"Educazione\",\"Europa\",\"Giovani\",\"Migranti\"],\"inLanguage\":\"it-IT\"},{\"@type\":\"WebPage\",\"@id\":\"https:\/\/www.pressenza.com\/it\/2024\/08\/i-bambini-e-le-bambine-fuori-dalla-famiglia-di-origine\/\",\"url\":\"https:\/\/www.pressenza.com\/it\/2024\/08\/i-bambini-e-le-bambine-fuori-dalla-famiglia-di-origine\/\",\"name\":\"I bambini e le bambine fuori dalla famiglia di origine\",\"isPartOf\":{\"@id\":\"https:\/\/www.pressenza.com\/it\/#website\"},\"primaryImageOfPage\":{\"@id\":\"https:\/\/www.pressenza.com\/it\/2024\/08\/i-bambini-e-le-bambine-fuori-dalla-famiglia-di-origine\/#primaryimage\"},\"image\":{\"@id\":\"https:\/\/www.pressenza.com\/it\/2024\/08\/i-bambini-e-le-bambine-fuori-dalla-famiglia-di-origine\/#primaryimage\"},\"thumbnailUrl\":\"https:\/\/www.pressenza.com\/wp-content\/uploads\/2024\/08\/foto-di-Dipartimento-per-le-politiche-della-famiglia.jpg\",\"datePublished\":\"2024-08-12T08:33:29+00:00\",\"description\":\"\u00c8 stato pubblicato di recente il Quaderno della ricerca sociale n. 60 che contiene i dati, aggiornati al 31 dicembre 2022, sui bambini e gli adolescenti\",\"breadcrumb\":{\"@id\":\"https:\/\/www.pressenza.com\/it\/2024\/08\/i-bambini-e-le-bambine-fuori-dalla-famiglia-di-origine\/#breadcrumb\"},\"inLanguage\":\"it-IT\",\"potentialAction\":[{\"@type\":\"ReadAction\",\"target\":[\"https:\/\/www.pressenza.com\/it\/2024\/08\/i-bambini-e-le-bambine-fuori-dalla-famiglia-di-origine\/\"]}]},{\"@type\":\"ImageObject\",\"inLanguage\":\"it-IT\",\"@id\":\"https:\/\/www.pressenza.com\/it\/2024\/08\/i-bambini-e-le-bambine-fuori-dalla-famiglia-di-origine\/#primaryimage\",\"url\":\"https:\/\/www.pressenza.com\/wp-content\/uploads\/2024\/08\/foto-di-Dipartimento-per-le-politiche-della-famiglia.jpg\",\"contentUrl\":\"https:\/\/www.pressenza.com\/wp-content\/uploads\/2024\/08\/foto-di-Dipartimento-per-le-politiche-della-famiglia.jpg\",\"width\":400,\"height\":220},{\"@type\":\"BreadcrumbList\",\"@id\":\"https:\/\/www.pressenza.com\/it\/2024\/08\/i-bambini-e-le-bambine-fuori-dalla-famiglia-di-origine\/#breadcrumb\",\"itemListElement\":[{\"@type\":\"ListItem\",\"position\":1,\"name\":\"Accueil\",\"item\":\"https:\/\/www.pressenza.com\/it\/\"},{\"@type\":\"ListItem\",\"position\":2,\"name\":\"I bambini e le bambine fuori dalla famiglia di origine\"}]},{\"@type\":\"WebSite\",\"@id\":\"https:\/\/www.pressenza.com\/it\/#website\",\"url\":\"https:\/\/www.pressenza.com\/it\/\",\"name\":\"Pressenza\",\"description\":\"Agenzia di Stampa Internazionale\",\"publisher\":{\"@id\":\"https:\/\/www.pressenza.com\/it\/#organization\"},\"potentialAction\":[{\"@type\":\"SearchAction\",\"target\":{\"@type\":\"EntryPoint\",\"urlTemplate\":\"https:\/\/www.pressenza.com\/it\/?s={search_term_string}\"},\"query-input\":{\"@type\":\"PropertyValueSpecification\",\"valueRequired\":true,\"valueName\":\"search_term_string\"}}],\"inLanguage\":\"it-IT\"},{\"@type\":\"Organization\",\"@id\":\"https:\/\/www.pressenza.com\/it\/#organization\",\"name\":\"Pressenza\",\"url\":\"https:\/\/www.pressenza.com\/it\/\",\"logo\":{\"@type\":\"ImageObject\",\"inLanguage\":\"it-IT\",\"@id\":\"https:\/\/www.pressenza.com\/it\/#\/schema\/logo\/image\/\",\"url\":\"https:\/\/www.pressenza.com\/wp-content\/uploads\/2022\/10\/pressenza_logo_200x200.jpg\",\"contentUrl\":\"https:\/\/www.pressenza.com\/wp-content\/uploads\/2022\/10\/pressenza_logo_200x200.jpg\",\"width\":200,\"height\":200,\"caption\":\"Pressenza\"},\"image\":{\"@id\":\"https:\/\/www.pressenza.com\/it\/#\/schema\/logo\/image\/\"},\"sameAs\":[\"https:\/\/www.facebook.com\/PressenzaItalia\",\"https:\/\/x.com\/PressenzaIPA\"]},{\"@type\":\"Person\",\"@id\":\"https:\/\/www.pressenza.com\/it\/#\/schema\/person\/841c36a613f4f6e80f5fbc9c1f8c32c8\",\"name\":\"Giovanni Caprio\",\"description\":\"Pubblicista, gi\u00e0 dirigente di istituzioni pubbliche e di fondazioni private. Si occupa di beni comuni, partecipazione e governo del territorio.\",\"url\":\"https:\/\/www.pressenza.com\/it\/author\/giovanni-caprio\/\"}]}<\/script>\n<!-- \/ Yoast SEO plugin. -->","yoast_head_json":{"title":"I bambini e le bambine fuori dalla famiglia di origine","description":"\u00c8 stato pubblicato di recente il Quaderno della ricerca sociale n. 60 che contiene i dati, aggiornati al 31 dicembre 2022, sui bambini e gli adolescenti","robots":{"index":"index","follow":"follow","max-snippet":"max-snippet:-1","max-image-preview":"max-image-preview:large","max-video-preview":"max-video-preview:-1"},"canonical":"https:\/\/www.pressenza.com\/it\/2024\/08\/i-bambini-e-le-bambine-fuori-dalla-famiglia-di-origine\/","og_locale":"it_IT","og_type":"article","og_title":"I bambini e le bambine fuori dalla famiglia di origine","og_description":"\u00c8 stato pubblicato di recente il Quaderno della ricerca sociale n. 60 che contiene i dati, aggiornati al 31 dicembre 2022, sui bambini e gli adolescenti","og_url":"https:\/\/www.pressenza.com\/it\/2024\/08\/i-bambini-e-le-bambine-fuori-dalla-famiglia-di-origine\/","og_site_name":"Pressenza","article_publisher":"https:\/\/www.facebook.com\/PressenzaItalia","article_published_time":"2024-08-12T08:33:29+00:00","og_image":[{"width":400,"height":220,"url":"https:\/\/www.pressenza.com\/wp-content\/uploads\/2024\/08\/foto-di-Dipartimento-per-le-politiche-della-famiglia.jpg","type":"image\/jpeg"}],"author":"Giovanni Caprio","twitter_card":"summary_large_image","twitter_creator":"@PressenzaIPA","twitter_site":"@PressenzaIPA","twitter_misc":{"Scritto da":"Giovanni Caprio"},"schema":{"@context":"https:\/\/schema.org","@graph":[{"@type":"Article","@id":"https:\/\/www.pressenza.com\/it\/2024\/08\/i-bambini-e-le-bambine-fuori-dalla-famiglia-di-origine\/#article","isPartOf":{"@id":"https:\/\/www.pressenza.com\/it\/2024\/08\/i-bambini-e-le-bambine-fuori-dalla-famiglia-di-origine\/"},"author":{"name":"Giovanni Caprio","@id":"https:\/\/www.pressenza.com\/it\/#\/schema\/person\/841c36a613f4f6e80f5fbc9c1f8c32c8"},"headline":"I bambini e le bambine fuori dalla famiglia di origine","datePublished":"2024-08-12T08:33:29+00:00","mainEntityOfPage":{"@id":"https:\/\/www.pressenza.com\/it\/2024\/08\/i-bambini-e-le-bambine-fuori-dalla-famiglia-di-origine\/"},"wordCount":923,"publisher":{"@id":"https:\/\/www.pressenza.com\/it\/#organization"},"image":{"@id":"https:\/\/www.pressenza.com\/it\/2024\/08\/i-bambini-e-le-bambine-fuori-dalla-famiglia-di-origine\/#primaryimage"},"thumbnailUrl":"https:\/\/www.pressenza.com\/wp-content\/uploads\/2024\/08\/foto-di-Dipartimento-per-le-politiche-della-famiglia.jpg","keywords":["affido","allontanamento dalla famiglia"],"articleSection":["contenuti originali","Diritti Umani","Educazione","Europa","Giovani","Migranti"],"inLanguage":"it-IT"},{"@type":"WebPage","@id":"https:\/\/www.pressenza.com\/it\/2024\/08\/i-bambini-e-le-bambine-fuori-dalla-famiglia-di-origine\/","url":"https:\/\/www.pressenza.com\/it\/2024\/08\/i-bambini-e-le-bambine-fuori-dalla-famiglia-di-origine\/","name":"I bambini e le bambine fuori dalla famiglia di origine","isPartOf":{"@id":"https:\/\/www.pressenza.com\/it\/#website"},"primaryImageOfPage":{"@id":"https:\/\/www.pressenza.com\/it\/2024\/08\/i-bambini-e-le-bambine-fuori-dalla-famiglia-di-origine\/#primaryimage"},"image":{"@id":"https:\/\/www.pressenza.com\/it\/2024\/08\/i-bambini-e-le-bambine-fuori-dalla-famiglia-di-origine\/#primaryimage"},"thumbnailUrl":"https:\/\/www.pressenza.com\/wp-content\/uploads\/2024\/08\/foto-di-Dipartimento-per-le-politiche-della-famiglia.jpg","datePublished":"2024-08-12T08:33:29+00:00","description":"\u00c8 stato pubblicato di recente il Quaderno della ricerca sociale n. 60 che contiene i dati, aggiornati al 31 dicembre 2022, sui bambini e gli adolescenti","breadcrumb":{"@id":"https:\/\/www.pressenza.com\/it\/2024\/08\/i-bambini-e-le-bambine-fuori-dalla-famiglia-di-origine\/#breadcrumb"},"inLanguage":"it-IT","potentialAction":[{"@type":"ReadAction","target":["https:\/\/www.pressenza.com\/it\/2024\/08\/i-bambini-e-le-bambine-fuori-dalla-famiglia-di-origine\/"]}]},{"@type":"ImageObject","inLanguage":"it-IT","@id":"https:\/\/www.pressenza.com\/it\/2024\/08\/i-bambini-e-le-bambine-fuori-dalla-famiglia-di-origine\/#primaryimage","url":"https:\/\/www.pressenza.com\/wp-content\/uploads\/2024\/08\/foto-di-Dipartimento-per-le-politiche-della-famiglia.jpg","contentUrl":"https:\/\/www.pressenza.com\/wp-content\/uploads\/2024\/08\/foto-di-Dipartimento-per-le-politiche-della-famiglia.jpg","width":400,"height":220},{"@type":"BreadcrumbList","@id":"https:\/\/www.pressenza.com\/it\/2024\/08\/i-bambini-e-le-bambine-fuori-dalla-famiglia-di-origine\/#breadcrumb","itemListElement":[{"@type":"ListItem","position":1,"name":"Accueil","item":"https:\/\/www.pressenza.com\/it\/"},{"@type":"ListItem","position":2,"name":"I bambini e le bambine fuori dalla famiglia di origine"}]},{"@type":"WebSite","@id":"https:\/\/www.pressenza.com\/it\/#website","url":"https:\/\/www.pressenza.com\/it\/","name":"Pressenza","description":"Agenzia di Stampa Internazionale","publisher":{"@id":"https:\/\/www.pressenza.com\/it\/#organization"},"potentialAction":[{"@type":"SearchAction","target":{"@type":"EntryPoint","urlTemplate":"https:\/\/www.pressenza.com\/it\/?s={search_term_string}"},"query-input":{"@type":"PropertyValueSpecification","valueRequired":true,"valueName":"search_term_string"}}],"inLanguage":"it-IT"},{"@type":"Organization","@id":"https:\/\/www.pressenza.com\/it\/#organization","name":"Pressenza","url":"https:\/\/www.pressenza.com\/it\/","logo":{"@type":"ImageObject","inLanguage":"it-IT","@id":"https:\/\/www.pressenza.com\/it\/#\/schema\/logo\/image\/","url":"https:\/\/www.pressenza.com\/wp-content\/uploads\/2022\/10\/pressenza_logo_200x200.jpg","contentUrl":"https:\/\/www.pressenza.com\/wp-content\/uploads\/2022\/10\/pressenza_logo_200x200.jpg","width":200,"height":200,"caption":"Pressenza"},"image":{"@id":"https:\/\/www.pressenza.com\/it\/#\/schema\/logo\/image\/"},"sameAs":["https:\/\/www.facebook.com\/PressenzaItalia","https:\/\/x.com\/PressenzaIPA"]},{"@type":"Person","@id":"https:\/\/www.pressenza.com\/it\/#\/schema\/person\/841c36a613f4f6e80f5fbc9c1f8c32c8","name":"Giovanni Caprio","description":"Pubblicista, gi\u00e0 dirigente di istituzioni pubbliche e di fondazioni private. Si occupa di beni comuni, partecipazione e governo del territorio.","url":"https:\/\/www.pressenza.com\/it\/author\/giovanni-caprio\/"}]}},"place":"","original_article_url":"","_links":{"self":[{"href":"https:\/\/www.pressenza.com\/it\/wp-json\/wp\/v2\/posts\/2542020","targetHints":{"allow":["GET"]}}],"collection":[{"href":"https:\/\/www.pressenza.com\/it\/wp-json\/wp\/v2\/posts"}],"about":[{"href":"https:\/\/www.pressenza.com\/it\/wp-json\/wp\/v2\/types\/post"}],"author":[{"embeddable":true,"href":"https:\/\/www.pressenza.com\/it\/wp-json\/wp\/v2\/users\/2106"}],"replies":[{"embeddable":true,"href":"https:\/\/www.pressenza.com\/it\/wp-json\/wp\/v2\/comments?post=2542020"}],"version-history":[{"count":0,"href":"https:\/\/www.pressenza.com\/it\/wp-json\/wp\/v2\/posts\/2542020\/revisions"}],"wp:featuredmedia":[{"embeddable":true,"href":"https:\/\/www.pressenza.com\/it\/wp-json\/wp\/v2\/media\/2542021"}],"wp:attachment":[{"href":"https:\/\/www.pressenza.com\/it\/wp-json\/wp\/v2\/media?parent=2542020"}],"wp:term":[{"taxonomy":"category","embeddable":true,"href":"https:\/\/www.pressenza.com\/it\/wp-json\/wp\/v2\/categories?post=2542020"},{"taxonomy":"post_tag","embeddable":true,"href":"https:\/\/www.pressenza.com\/it\/wp-json\/wp\/v2\/tags?post=2542020"}],"curies":[{"name":"wp","href":"https:\/\/api.w.org\/{rel}","templated":true}]}}