{"id":2541711,"date":"2024-08-10T18:06:53","date_gmt":"2024-08-10T17:06:53","guid":{"rendered":"https:\/\/www.pressenza.com\/?p=2541711"},"modified":"2024-08-10T18:08:55","modified_gmt":"2024-08-10T17:08:55","slug":"nuovo-ciclo-di-laboratori-di-sviluppo-umano-nelle-prigioni-di-buenos-aires","status":"publish","type":"post","link":"https:\/\/www.pressenza.com\/it\/2024\/08\/nuovo-ciclo-di-laboratori-di-sviluppo-umano-nelle-prigioni-di-buenos-aires\/","title":{"rendered":"Nuovo ciclo di laboratori di sviluppo umano nelle prigioni di Buenos Aires"},"content":{"rendered":"<blockquote><p>E&#8217; cominciato un nuovo ciclo di laboratori di sviluppo umano nelle prigioni di Buenos Aires. I laboratori sono erogati online da volontari del Movimento Umanista residenti in diverse citt\u00e0 e in essi partecipano oltre 3.000 persone private della libert\u00e0. I contenuti dei laboratori puntano a riconoscere e a resistere alla violenza che c&#8217;\u00e8 in noi e fuori di noi, cos\u00ec come a imparare a dare risposte coerenti nelle differenti situazioni delle nostre vite.<\/p><\/blockquote>\n<p>Josefa Salazar \u00e8 la coordinatrice di questi laboratori e ci conferma che \u00e8 iniziato il ciclo dell&#8217;anno 2024.<\/p>\n<p><strong>In cosa consistono questi laboratori?\u00a0<\/strong><\/p>\n<p>Inquadriamo questa proposta nel sistema di idee di Mario Rodr\u00edguez Cobos, noto come Silo. Un pensatore che ha lasciato un grande contributo alla psicologia, cos\u00ec come al riconoscimento del nostro mondo interiore e della spiritualit\u00e0 nell&#8217;essere umano.<\/p>\n<p>I conduttori dei laboratori sono un gruppo di amici che, su base volontaria e da citt\u00e0 diverse, tengono questi laboratori per le persone in condizione di reclusione. Ognuno dei conduttori presenta un tema o un lavoro che ritiene importante: temi legati al superamento di stati mentali come l&#8217;angoscia, la paura, il risentimento, la mancanza di futuro, o anche riguardanti la spiritualit\u00e0 dell&#8217;essere umano, con i miti universali o con il contatto con l&#8217;energia interiore di ognuno di noi.<\/p>\n<p>Noi esseri umani abbiamo un corpo fisico, ma anche un mondo interno, e attraverso la meditazione e l&#8217;auto-osservazione possiamo scoprire questo paesaggio interno, possiamo arrivare a vederlo con il nostro occhio interiore. Con questi lavori portiamo speranza e fede all&#8217;essere umano, ovunque si trovi. Nei laboratori viene incoraggiato l&#8217;interscambio tra le persone in condizione di reclusione che vi partecipano; durante la settimana sviluppano con i loro compagni i temi trattati negli incontri e li presentano e commentano nella sessione successiva. Soprattutto, sono spazi di interscambio e di dibattito su temi vitali importanti.<\/p>\n<p><strong>Quando sono cominciati i laboratori?<\/strong><\/p>\n<p>Abbiamo iniziato nel 2021, nel bel mezzo della pandemia, quando eravamo tutti rinchiusi. Gast\u00f3n V\u00e1zquez, il giovane argentino che ha avviato il progetto, ha trascorso 15 giorni chiuso in casa a pensare a cosa fare per porre fine alla violenza, sia esterna che interna. Questo contesto ha risvegliato questo giovane, che si \u00e8 messo in moto: ha cercato un&#8217;amica che era la direttrice del Ministero della Giustizia e lei gli ha aperto la porta per poter raggiungere i giovani che si trovavano in contesto di reclusione. Li abbiamo accompagnati per tutto il 2021, il 2022 e il 2023 e ora nel 2024 si stanno organizzando da soli. Ci sono stati molti cambiamenti positivi, sia in loro che nel loro ambito di convivenza.<\/p>\n<p><strong>Quanta gente partecipa?<\/strong><\/p>\n<p>Il primo anno potevamo essere circa 3.500 persone, il secondo anno circa 2.500 e quest&#8217;anno oltre 3.500, ma non mi piace parlare di numeri, perch\u00e9 non siamo un numero, siamo esseri umani. Soprattutto siamo amici, perch\u00e9 loro stessi dicono che siamo amici e non si stancano mai di ringraziare l&#8217;intero team che realizza i laboratori. Questo \u00e8 un lavoro di squadra.<\/p>\n<p><strong>Ci puoi raccontare qualche testimonianza di persone che partecipano ai laboratori che ti ha commosso?<\/strong><\/p>\n<p>S\u00ec, certo, ne ho molte, ma la cosa pi\u00f9 sorprendente \u00e8 accompagnare il processo che gli amici in condizione di privazione della libert\u00e0 stanno attraversando. Con i loro mezzi, a modo loro, si organizzano, conoscono l&#8217;importanza dell&#8217;educazione, della formazione, del superamento dei condizionamenti mentali. Alcuni di loro stanno ottenendo questo risultato e lo portano ai loro compagni, cambiando cos\u00ec l&#8217;atmosfera in ogni cella. Fanno corsi di alfabetizzazione, insegnano mestieri: chi conosce l&#8217;elettricit\u00e0 o la falegnameria insegna agli altri. Alcuni ragazzi insegnano anche il Braille e stanno traducendo libri di favole in Braille per poi donarli ad associazioni di non vedenti, altri costruiscono mobili che poi donano a famiglie a basso reddito, altri ancora costruiscono giocattoli in legno per i bambini delle scuole, formano un gruppo di musica rap, fanno teatro, ognuno sviluppa le proprie qualit\u00e0 migliori. La cosa pi\u00f9 emozionante per me \u00e8 stata accompagnare tutto questo processo.<\/p>\n","protected":false},"excerpt":{"rendered":"<p>E&#8217; cominciato un nuovo ciclo di laboratori di sviluppo umano nelle prigioni di Buenos Aires. I laboratori sono erogati online da volontari del Movimento Umanista residenti in diverse citt\u00e0 e in essi partecipano oltre 3.000 persone private della libert\u00e0. I&hellip;<\/p>\n","protected":false},"author":1102,"featured_media":2222984,"comment_status":"closed","ping_status":"closed","sticky":false,"template":"","format":"standard","meta":{"footnotes":""},"categories":[11388,60,157,1262,1260],"tags":[75026,125530,118172],"class_list":["post-2541711","post","type-post","status-publish","format-standard","has-post-thumbnail","hentry","category-contenuti-originali","category-diritti-umani","category-interviste","category-nonviolenza-argomento","category-umanesimo-spiritualita","tag-buenos-aires-it","tag-laboratori-di-sviluppo-umano","tag-reclusione"],"yoast_head":"<!-- This site is optimized with the Yoast SEO plugin v27.1.1 - https:\/\/yoast.com\/product\/yoast-seo-wordpress\/ -->\n<title>Nuovo ciclo di laboratori di sviluppo umano nelle prigioni di Buenos Aires<\/title>\n<meta name=\"description\" content=\"I contenuti dei laboratori puntano a riconoscere e a resistere alla violenza che c&#039;\u00e8 in noi e fuori di noi, cos\u00ec come a imparare a dare risposte coerenti nelle differenti situazioni delle nostre vite\" \/>\n<meta name=\"robots\" content=\"index, follow, max-snippet:-1, max-image-preview:large, max-video-preview:-1\" \/>\n<link rel=\"canonical\" href=\"https:\/\/www.pressenza.com\/it\/2024\/08\/nuovo-ciclo-di-laboratori-di-sviluppo-umano-nelle-prigioni-di-buenos-aires\/\" \/>\n<meta property=\"og:locale\" content=\"it_IT\" \/>\n<meta property=\"og:type\" content=\"article\" \/>\n<meta property=\"og:title\" content=\"Nuovo ciclo di laboratori di sviluppo umano nelle prigioni di Buenos Aires\" \/>\n<meta property=\"og:description\" content=\"I contenuti dei laboratori puntano a riconoscere e a resistere alla violenza che c&#039;\u00e8 in noi e fuori di noi, cos\u00ec come a imparare a dare risposte coerenti nelle differenti situazioni delle nostre vite\" \/>\n<meta property=\"og:url\" content=\"https:\/\/www.pressenza.com\/it\/2024\/08\/nuovo-ciclo-di-laboratori-di-sviluppo-umano-nelle-prigioni-di-buenos-aires\/\" \/>\n<meta property=\"og:site_name\" content=\"Pressenza\" \/>\n<meta property=\"article:publisher\" content=\"https:\/\/www.facebook.com\/PressenzaItalia\" \/>\n<meta property=\"article:published_time\" content=\"2024-08-10T17:06:53+00:00\" \/>\n<meta property=\"article:modified_time\" content=\"2024-08-10T17:08:55+00:00\" \/>\n<meta property=\"og:image\" content=\"https:\/\/www.pressenza.com\/wp-content\/uploads\/2024\/04\/talleres-2024.jpg\" \/>\n\t<meta property=\"og:image:width\" content=\"1600\" \/>\n\t<meta property=\"og:image:height\" content=\"886\" \/>\n\t<meta property=\"og:image:type\" content=\"image\/jpeg\" \/>\n<meta name=\"author\" content=\"Pilar Paricio\" \/>\n<meta name=\"twitter:card\" content=\"summary_large_image\" \/>\n<meta name=\"twitter:creator\" content=\"@PressenzaIPA\" \/>\n<meta name=\"twitter:site\" content=\"@PressenzaIPA\" \/>\n<meta name=\"twitter:label1\" content=\"Scritto da\" \/>\n\t<meta name=\"twitter:data1\" content=\"Pilar Paricio\" \/>\n\t<meta name=\"twitter:label2\" content=\"Tempo di lettura stimato\" \/>\n\t<meta name=\"twitter:data2\" content=\"4 minuti\" \/>\n<script type=\"application\/ld+json\" class=\"yoast-schema-graph\">{\"@context\":\"https:\/\/schema.org\",\"@graph\":[{\"@type\":\"Article\",\"@id\":\"https:\/\/www.pressenza.com\/it\/2024\/08\/nuovo-ciclo-di-laboratori-di-sviluppo-umano-nelle-prigioni-di-buenos-aires\/#article\",\"isPartOf\":{\"@id\":\"https:\/\/www.pressenza.com\/it\/2024\/08\/nuovo-ciclo-di-laboratori-di-sviluppo-umano-nelle-prigioni-di-buenos-aires\/\"},\"author\":{\"name\":\"Pilar Paricio\",\"@id\":\"https:\/\/www.pressenza.com\/it\/#\/schema\/person\/b38ea2890059fade68f5d3d1713cadfd\"},\"headline\":\"Nuovo ciclo di laboratori di sviluppo umano nelle prigioni di Buenos Aires\",\"datePublished\":\"2024-08-10T17:06:53+00:00\",\"dateModified\":\"2024-08-10T17:08:55+00:00\",\"mainEntityOfPage\":{\"@id\":\"https:\/\/www.pressenza.com\/it\/2024\/08\/nuovo-ciclo-di-laboratori-di-sviluppo-umano-nelle-prigioni-di-buenos-aires\/\"},\"wordCount\":670,\"publisher\":{\"@id\":\"https:\/\/www.pressenza.com\/it\/#organization\"},\"image\":{\"@id\":\"https:\/\/www.pressenza.com\/it\/2024\/08\/nuovo-ciclo-di-laboratori-di-sviluppo-umano-nelle-prigioni-di-buenos-aires\/#primaryimage\"},\"thumbnailUrl\":\"https:\/\/www.pressenza.com\/wp-content\/uploads\/2024\/04\/talleres-2024.jpg\",\"keywords\":[\"Buenos Aires\",\"laboratori di sviluppo umano\",\"reclusione\"],\"articleSection\":[\"contenuti originali\",\"Diritti Umani\",\"Interviste\",\"Nonviolenza\",\"Umanesimo e Spiritualit\u00e0\"],\"inLanguage\":\"it-IT\"},{\"@type\":\"WebPage\",\"@id\":\"https:\/\/www.pressenza.com\/it\/2024\/08\/nuovo-ciclo-di-laboratori-di-sviluppo-umano-nelle-prigioni-di-buenos-aires\/\",\"url\":\"https:\/\/www.pressenza.com\/it\/2024\/08\/nuovo-ciclo-di-laboratori-di-sviluppo-umano-nelle-prigioni-di-buenos-aires\/\",\"name\":\"Nuovo ciclo di laboratori di sviluppo umano nelle prigioni di Buenos Aires\",\"isPartOf\":{\"@id\":\"https:\/\/www.pressenza.com\/it\/#website\"},\"primaryImageOfPage\":{\"@id\":\"https:\/\/www.pressenza.com\/it\/2024\/08\/nuovo-ciclo-di-laboratori-di-sviluppo-umano-nelle-prigioni-di-buenos-aires\/#primaryimage\"},\"image\":{\"@id\":\"https:\/\/www.pressenza.com\/it\/2024\/08\/nuovo-ciclo-di-laboratori-di-sviluppo-umano-nelle-prigioni-di-buenos-aires\/#primaryimage\"},\"thumbnailUrl\":\"https:\/\/www.pressenza.com\/wp-content\/uploads\/2024\/04\/talleres-2024.jpg\",\"datePublished\":\"2024-08-10T17:06:53+00:00\",\"dateModified\":\"2024-08-10T17:08:55+00:00\",\"description\":\"I contenuti dei laboratori puntano a riconoscere e a resistere alla violenza che c'\u00e8 in noi e fuori di noi, cos\u00ec come a imparare a dare risposte coerenti nelle differenti situazioni delle nostre vite\",\"breadcrumb\":{\"@id\":\"https:\/\/www.pressenza.com\/it\/2024\/08\/nuovo-ciclo-di-laboratori-di-sviluppo-umano-nelle-prigioni-di-buenos-aires\/#breadcrumb\"},\"inLanguage\":\"it-IT\",\"potentialAction\":[{\"@type\":\"ReadAction\",\"target\":[\"https:\/\/www.pressenza.com\/it\/2024\/08\/nuovo-ciclo-di-laboratori-di-sviluppo-umano-nelle-prigioni-di-buenos-aires\/\"]}]},{\"@type\":\"ImageObject\",\"inLanguage\":\"it-IT\",\"@id\":\"https:\/\/www.pressenza.com\/it\/2024\/08\/nuovo-ciclo-di-laboratori-di-sviluppo-umano-nelle-prigioni-di-buenos-aires\/#primaryimage\",\"url\":\"https:\/\/www.pressenza.com\/wp-content\/uploads\/2024\/04\/talleres-2024.jpg\",\"contentUrl\":\"https:\/\/www.pressenza.com\/wp-content\/uploads\/2024\/04\/talleres-2024.jpg\",\"width\":1600,\"height\":886},{\"@type\":\"BreadcrumbList\",\"@id\":\"https:\/\/www.pressenza.com\/it\/2024\/08\/nuovo-ciclo-di-laboratori-di-sviluppo-umano-nelle-prigioni-di-buenos-aires\/#breadcrumb\",\"itemListElement\":[{\"@type\":\"ListItem\",\"position\":1,\"name\":\"Accueil\",\"item\":\"https:\/\/www.pressenza.com\/it\/\"},{\"@type\":\"ListItem\",\"position\":2,\"name\":\"Nuovo ciclo di laboratori di sviluppo umano nelle prigioni di Buenos Aires\"}]},{\"@type\":\"WebSite\",\"@id\":\"https:\/\/www.pressenza.com\/it\/#website\",\"url\":\"https:\/\/www.pressenza.com\/it\/\",\"name\":\"Pressenza\",\"description\":\"Agenzia di Stampa Internazionale\",\"publisher\":{\"@id\":\"https:\/\/www.pressenza.com\/it\/#organization\"},\"potentialAction\":[{\"@type\":\"SearchAction\",\"target\":{\"@type\":\"EntryPoint\",\"urlTemplate\":\"https:\/\/www.pressenza.com\/it\/?s={search_term_string}\"},\"query-input\":{\"@type\":\"PropertyValueSpecification\",\"valueRequired\":true,\"valueName\":\"search_term_string\"}}],\"inLanguage\":\"it-IT\"},{\"@type\":\"Organization\",\"@id\":\"https:\/\/www.pressenza.com\/it\/#organization\",\"name\":\"Pressenza\",\"url\":\"https:\/\/www.pressenza.com\/it\/\",\"logo\":{\"@type\":\"ImageObject\",\"inLanguage\":\"it-IT\",\"@id\":\"https:\/\/www.pressenza.com\/it\/#\/schema\/logo\/image\/\",\"url\":\"https:\/\/www.pressenza.com\/wp-content\/uploads\/2022\/10\/pressenza_logo_200x200.jpg\",\"contentUrl\":\"https:\/\/www.pressenza.com\/wp-content\/uploads\/2022\/10\/pressenza_logo_200x200.jpg\",\"width\":200,\"height\":200,\"caption\":\"Pressenza\"},\"image\":{\"@id\":\"https:\/\/www.pressenza.com\/it\/#\/schema\/logo\/image\/\"},\"sameAs\":[\"https:\/\/www.facebook.com\/PressenzaItalia\",\"https:\/\/x.com\/PressenzaIPA\"]},{\"@type\":\"Person\",\"@id\":\"https:\/\/www.pressenza.com\/it\/#\/schema\/person\/b38ea2890059fade68f5d3d1713cadfd\",\"name\":\"Pilar Paricio\",\"description\":\"Barcelona. Arquitecta, especializada en planificaci\u00f3n urbana. Trabaja por el avance de la poblaci\u00f3n en derechos b\u00e1sicos como el derecho a la vivienda y el derecho a la ciudad. Involucrada con el cambio social y personal, participa en el Nuevo Humanismo.\",\"url\":\"https:\/\/www.pressenza.com\/it\/author\/pilar-paricio\/\"}]}<\/script>\n<!-- \/ Yoast SEO plugin. -->","yoast_head_json":{"title":"Nuovo ciclo di laboratori di sviluppo umano nelle prigioni di Buenos Aires","description":"I contenuti dei laboratori puntano a riconoscere e a resistere alla violenza che c'\u00e8 in noi e fuori di noi, cos\u00ec come a imparare a dare risposte coerenti nelle differenti situazioni delle nostre vite","robots":{"index":"index","follow":"follow","max-snippet":"max-snippet:-1","max-image-preview":"max-image-preview:large","max-video-preview":"max-video-preview:-1"},"canonical":"https:\/\/www.pressenza.com\/it\/2024\/08\/nuovo-ciclo-di-laboratori-di-sviluppo-umano-nelle-prigioni-di-buenos-aires\/","og_locale":"it_IT","og_type":"article","og_title":"Nuovo ciclo di laboratori di sviluppo umano nelle prigioni di Buenos Aires","og_description":"I contenuti dei laboratori puntano a riconoscere e a resistere alla violenza che c'\u00e8 in noi e fuori di noi, cos\u00ec come a imparare a dare risposte coerenti nelle differenti situazioni delle nostre vite","og_url":"https:\/\/www.pressenza.com\/it\/2024\/08\/nuovo-ciclo-di-laboratori-di-sviluppo-umano-nelle-prigioni-di-buenos-aires\/","og_site_name":"Pressenza","article_publisher":"https:\/\/www.facebook.com\/PressenzaItalia","article_published_time":"2024-08-10T17:06:53+00:00","article_modified_time":"2024-08-10T17:08:55+00:00","og_image":[{"width":1600,"height":886,"url":"https:\/\/www.pressenza.com\/wp-content\/uploads\/2024\/04\/talleres-2024.jpg","type":"image\/jpeg"}],"author":"Pilar Paricio","twitter_card":"summary_large_image","twitter_creator":"@PressenzaIPA","twitter_site":"@PressenzaIPA","twitter_misc":{"Scritto da":"Pilar Paricio","Tempo di lettura stimato":"4 minuti"},"schema":{"@context":"https:\/\/schema.org","@graph":[{"@type":"Article","@id":"https:\/\/www.pressenza.com\/it\/2024\/08\/nuovo-ciclo-di-laboratori-di-sviluppo-umano-nelle-prigioni-di-buenos-aires\/#article","isPartOf":{"@id":"https:\/\/www.pressenza.com\/it\/2024\/08\/nuovo-ciclo-di-laboratori-di-sviluppo-umano-nelle-prigioni-di-buenos-aires\/"},"author":{"name":"Pilar Paricio","@id":"https:\/\/www.pressenza.com\/it\/#\/schema\/person\/b38ea2890059fade68f5d3d1713cadfd"},"headline":"Nuovo ciclo di laboratori di sviluppo umano nelle prigioni di Buenos Aires","datePublished":"2024-08-10T17:06:53+00:00","dateModified":"2024-08-10T17:08:55+00:00","mainEntityOfPage":{"@id":"https:\/\/www.pressenza.com\/it\/2024\/08\/nuovo-ciclo-di-laboratori-di-sviluppo-umano-nelle-prigioni-di-buenos-aires\/"},"wordCount":670,"publisher":{"@id":"https:\/\/www.pressenza.com\/it\/#organization"},"image":{"@id":"https:\/\/www.pressenza.com\/it\/2024\/08\/nuovo-ciclo-di-laboratori-di-sviluppo-umano-nelle-prigioni-di-buenos-aires\/#primaryimage"},"thumbnailUrl":"https:\/\/www.pressenza.com\/wp-content\/uploads\/2024\/04\/talleres-2024.jpg","keywords":["Buenos Aires","laboratori di sviluppo umano","reclusione"],"articleSection":["contenuti originali","Diritti Umani","Interviste","Nonviolenza","Umanesimo e Spiritualit\u00e0"],"inLanguage":"it-IT"},{"@type":"WebPage","@id":"https:\/\/www.pressenza.com\/it\/2024\/08\/nuovo-ciclo-di-laboratori-di-sviluppo-umano-nelle-prigioni-di-buenos-aires\/","url":"https:\/\/www.pressenza.com\/it\/2024\/08\/nuovo-ciclo-di-laboratori-di-sviluppo-umano-nelle-prigioni-di-buenos-aires\/","name":"Nuovo ciclo di laboratori di sviluppo umano nelle prigioni di Buenos Aires","isPartOf":{"@id":"https:\/\/www.pressenza.com\/it\/#website"},"primaryImageOfPage":{"@id":"https:\/\/www.pressenza.com\/it\/2024\/08\/nuovo-ciclo-di-laboratori-di-sviluppo-umano-nelle-prigioni-di-buenos-aires\/#primaryimage"},"image":{"@id":"https:\/\/www.pressenza.com\/it\/2024\/08\/nuovo-ciclo-di-laboratori-di-sviluppo-umano-nelle-prigioni-di-buenos-aires\/#primaryimage"},"thumbnailUrl":"https:\/\/www.pressenza.com\/wp-content\/uploads\/2024\/04\/talleres-2024.jpg","datePublished":"2024-08-10T17:06:53+00:00","dateModified":"2024-08-10T17:08:55+00:00","description":"I contenuti dei laboratori puntano a riconoscere e a resistere alla violenza che c'\u00e8 in noi e fuori di noi, cos\u00ec come a imparare a dare risposte coerenti nelle differenti situazioni delle nostre vite","breadcrumb":{"@id":"https:\/\/www.pressenza.com\/it\/2024\/08\/nuovo-ciclo-di-laboratori-di-sviluppo-umano-nelle-prigioni-di-buenos-aires\/#breadcrumb"},"inLanguage":"it-IT","potentialAction":[{"@type":"ReadAction","target":["https:\/\/www.pressenza.com\/it\/2024\/08\/nuovo-ciclo-di-laboratori-di-sviluppo-umano-nelle-prigioni-di-buenos-aires\/"]}]},{"@type":"ImageObject","inLanguage":"it-IT","@id":"https:\/\/www.pressenza.com\/it\/2024\/08\/nuovo-ciclo-di-laboratori-di-sviluppo-umano-nelle-prigioni-di-buenos-aires\/#primaryimage","url":"https:\/\/www.pressenza.com\/wp-content\/uploads\/2024\/04\/talleres-2024.jpg","contentUrl":"https:\/\/www.pressenza.com\/wp-content\/uploads\/2024\/04\/talleres-2024.jpg","width":1600,"height":886},{"@type":"BreadcrumbList","@id":"https:\/\/www.pressenza.com\/it\/2024\/08\/nuovo-ciclo-di-laboratori-di-sviluppo-umano-nelle-prigioni-di-buenos-aires\/#breadcrumb","itemListElement":[{"@type":"ListItem","position":1,"name":"Accueil","item":"https:\/\/www.pressenza.com\/it\/"},{"@type":"ListItem","position":2,"name":"Nuovo ciclo di laboratori di sviluppo umano nelle prigioni di Buenos Aires"}]},{"@type":"WebSite","@id":"https:\/\/www.pressenza.com\/it\/#website","url":"https:\/\/www.pressenza.com\/it\/","name":"Pressenza","description":"Agenzia di Stampa Internazionale","publisher":{"@id":"https:\/\/www.pressenza.com\/it\/#organization"},"potentialAction":[{"@type":"SearchAction","target":{"@type":"EntryPoint","urlTemplate":"https:\/\/www.pressenza.com\/it\/?s={search_term_string}"},"query-input":{"@type":"PropertyValueSpecification","valueRequired":true,"valueName":"search_term_string"}}],"inLanguage":"it-IT"},{"@type":"Organization","@id":"https:\/\/www.pressenza.com\/it\/#organization","name":"Pressenza","url":"https:\/\/www.pressenza.com\/it\/","logo":{"@type":"ImageObject","inLanguage":"it-IT","@id":"https:\/\/www.pressenza.com\/it\/#\/schema\/logo\/image\/","url":"https:\/\/www.pressenza.com\/wp-content\/uploads\/2022\/10\/pressenza_logo_200x200.jpg","contentUrl":"https:\/\/www.pressenza.com\/wp-content\/uploads\/2022\/10\/pressenza_logo_200x200.jpg","width":200,"height":200,"caption":"Pressenza"},"image":{"@id":"https:\/\/www.pressenza.com\/it\/#\/schema\/logo\/image\/"},"sameAs":["https:\/\/www.facebook.com\/PressenzaItalia","https:\/\/x.com\/PressenzaIPA"]},{"@type":"Person","@id":"https:\/\/www.pressenza.com\/it\/#\/schema\/person\/b38ea2890059fade68f5d3d1713cadfd","name":"Pilar Paricio","description":"Barcelona. Arquitecta, especializada en planificaci\u00f3n urbana. Trabaja por el avance de la poblaci\u00f3n en derechos b\u00e1sicos como el derecho a la vivienda y el derecho a la ciudad. Involucrada con el cambio social y personal, participa en el Nuevo Humanismo.","url":"https:\/\/www.pressenza.com\/it\/author\/pilar-paricio\/"}]}},"place":"","original_article_url":"","_links":{"self":[{"href":"https:\/\/www.pressenza.com\/it\/wp-json\/wp\/v2\/posts\/2541711","targetHints":{"allow":["GET"]}}],"collection":[{"href":"https:\/\/www.pressenza.com\/it\/wp-json\/wp\/v2\/posts"}],"about":[{"href":"https:\/\/www.pressenza.com\/it\/wp-json\/wp\/v2\/types\/post"}],"author":[{"embeddable":true,"href":"https:\/\/www.pressenza.com\/it\/wp-json\/wp\/v2\/users\/1102"}],"replies":[{"embeddable":true,"href":"https:\/\/www.pressenza.com\/it\/wp-json\/wp\/v2\/comments?post=2541711"}],"version-history":[{"count":0,"href":"https:\/\/www.pressenza.com\/it\/wp-json\/wp\/v2\/posts\/2541711\/revisions"}],"wp:featuredmedia":[{"embeddable":true,"href":"https:\/\/www.pressenza.com\/it\/wp-json\/wp\/v2\/media\/2222984"}],"wp:attachment":[{"href":"https:\/\/www.pressenza.com\/it\/wp-json\/wp\/v2\/media?parent=2541711"}],"wp:term":[{"taxonomy":"category","embeddable":true,"href":"https:\/\/www.pressenza.com\/it\/wp-json\/wp\/v2\/categories?post=2541711"},{"taxonomy":"post_tag","embeddable":true,"href":"https:\/\/www.pressenza.com\/it\/wp-json\/wp\/v2\/tags?post=2541711"}],"curies":[{"name":"wp","href":"https:\/\/api.w.org\/{rel}","templated":true}]}}