{"id":2540990,"date":"2024-08-07T08:42:41","date_gmt":"2024-08-07T07:42:41","guid":{"rendered":"https:\/\/www.pressenza.com\/?p=2540990"},"modified":"2024-08-07T08:42:41","modified_gmt":"2024-08-07T07:42:41","slug":"abbiamo-tutti-accettato-la-logica-della-guerra-ci-salvi-chi-puo","status":"publish","type":"post","link":"https:\/\/www.pressenza.com\/it\/2024\/08\/abbiamo-tutti-accettato-la-logica-della-guerra-ci-salvi-chi-puo\/","title":{"rendered":"Abbiamo tutti accettato la logica della guerra. Ci salvi chi pu\u00f2!"},"content":{"rendered":"<p>Leggo attonito che a tutte le latitudini e da tutte le parti politiche si considera normale e addirittura quasi un diritto il previsto bombardamento iraniano di rappresaglia contro Israele. \u00a0Come se un crimine ne giustificasse un altro.<\/p>\n<p>E il futuro bombardamento iraniano di Israele sar\u00e0 un crimine, perch\u00e9 \u00e8 un crimine la rappresaglia che per definizione non \u00e8 un\u2019azione difensiva, perch\u00e9 una azione militare in un territorio estero \u00e8 una azione di guerra e la guerra \u00e8 vietata dalla Carta dell\u2019Onu. Ma, appunto, ormai ci siamo tanto abituati alla guerra che non la riconosciamo nemmeno pi\u00f9.<\/p>\n<p>Commentatori da salotto disquisiscono su quello che le agenzie stampa internazionali decidono di farci sapere. Quando, dove, come. Si esorta, si spera, nella moderazione. Nessuno che dica che non esiste nessun diritto alla ritorsione per l\u2019Iran. Nessuno che dica che la rappresaglia iraniana non \u00e8 giustizia, ma \u00e8 vendetta e che invece gli assassini di Haniyeh devono essere puniti dalla giustizia internazionale.<\/p>\n<p>Perch\u00e9 anche l\u2019assassinio di Haniyeh \u00e8 un crimine. Lo ha ricordato ieri lo \u201cSpecial Rapporteur delle Nazioni Unite sulle esecuzioni extragiudiziarie\u201d che in un comunicato, ovviamente non ripreso dalla nostra stampa, ha condannato l&#8217;assassinio di Ismail Haniyeh, \u201ccapo politico di Hamas ed ex primo ministro dell&#8217;Autorit\u00e0 Nazionale Palestinese, che porta il marchio di Israele\u201d. &#8220;Se confermato \u2013 ha detto lo special rapporteur &#8211; ci\u00f2 equivarrebbe a un&#8217;uccisione extragiudiziale e al crimine di omicidio. A tutti gli Stati \u00e8 vietato privare arbitrariamente gli individui del loro diritto alla vita, anche nelle operazioni militari all&#8217;estero&#8221;, ha affermato. Le uccisioni all&#8217;estero sono ulteriormente illegali quando violano il divieto di uso della forza armata contro un altro Paese ai sensi dell&#8217;articolo 2(4) della Carta delle Nazioni Unite&#8221;.<\/p>\n<p>E infatti ci siamo ormai abituati anche agli omicidi politici e consideriamo quasi normale che un uomo venga condannato a morte senza processo e che il boia esegua la sentenza senza nemmeno comunicarla. \u201cE\u2019 la guerra\u201d, si dir\u00e0. No, non \u00e8 la guerra, \u00e8 omicidio e ci stiamo abituando a considerare normale l\u2019omicidio. Da mesi assistiamo a una vendetta che chiamano guerra.<\/p>\n<p>Alla fine della Seconda Guerra Mondiale i Paesi vincitori si preoccuparono di processare i nazisti a Norimberga e a Tokio. Non li uccisero perch\u00e9 sapevano che, se avessero agito diversamente, sarebbero diventati come loro.<\/p>\n<p>Ma ormai ci hanno abituati alle esecuzioni extragiudiziarie, agli omicidi politici, alle sentenze emesse non si sa da quali tribunali ed eseguite da missili e droni boia all\u2019altro capo del mondo. La stampa mainstream riporta la notizia quasi svogliatamente, quando non entusiasticamente, annoverandoli come successi dei \u201cbuoni\u201d. \u201cHanno ucciso tal dei tali, era un cattivo\u201d. Ci siamo abituati anche alla pena di morte.<\/p>\n<p>Non so quando tutto questo \u00e8 cominciato in modo cos\u00ec sfrontato. Quando arrestarono Saddam Hussein si preoccupavano ancora di processare i vinti. Saddam fu processato e ci furono appelli, in Italia da parte di Papa Giovanni Paolo II e del Partito Radicale, affinch\u00e9 non venisse eseguita la sentenza di morte.<\/p>\n<p>Poi, un giorno, alla televisione ci dissero che avevano assassinato Bin Laden. Non che era morto nel tentativo di arrestarlo, ma che lo avevano giustiziato direttamente. E lo dissero come se fosse una buona notizia, che era stato ucciso, invece che arrestato.<\/p>\n<p>Da allora uccidere i \u201ccattivi\u201d per strada con i droni, con i missili, con le bombe \u00e8 diventata una cosa quasi normale, spesso giustificata, alle volte esaltata, comunque tollerata. Al massimo, e non sempre, ci si rammarica degli altri, quelli che non c\u2019entravano nulla, uccisi, per fatalit\u00e0 o per la colpa di essersi trovati l\u00ec in quel momento.<\/p>\n<p>E cos\u00ec la regressione morale dell\u2019Occidente prosegue a grandi passi, trascinata in basso dall\u2019eccezionalismo statunitense e dal suprematismo israeliano. E l\u2019Italia segue, con buona pace di Cesare Beccaria.<\/p>\n<p>&nbsp;<\/p>\n","protected":false},"excerpt":{"rendered":"<p>Leggo attonito che a tutte le latitudini e da tutte le parti politiche si considera normale e addirittura quasi un diritto il previsto bombardamento iraniano di rappresaglia contro Israele. \u00a0Come se un crimine ne giustificasse un altro. E il futuro&hellip;<\/p>\n","protected":false},"author":2353,"featured_media":1529665,"comment_status":"closed","ping_status":"closed","sticky":false,"template":"","format":"standard","meta":{"footnotes":""},"categories":[11388,162,1263],"tags":[3980,125413,365,206,778],"class_list":["post-2540990","post","type-post","status-publish","format-standard","has-post-thumbnail","hentry","category-contenuti-originali","category-opinioni","category-pace-disarmo","tag-condanne-a-morte","tag-esecuzioni-extragiudiziarie","tag-guerra","tag-iran","tag-israele"],"yoast_head":"<!-- This site is optimized with the Yoast SEO plugin v27.1.1 - https:\/\/yoast.com\/product\/yoast-seo-wordpress\/ -->\n<title>Abbiamo tutti accettato la logica della guerra. Ci salvi chi pu\u00f2!<\/title>\n<meta name=\"description\" content=\"Leggo attonito che a tutte le latitudini e da tutte le parti politiche si considera normale e addirittura quasi un diritto il previsto bombardamento\" \/>\n<meta name=\"robots\" content=\"index, follow, max-snippet:-1, max-image-preview:large, max-video-preview:-1\" \/>\n<link rel=\"canonical\" href=\"https:\/\/www.pressenza.com\/it\/2024\/08\/abbiamo-tutti-accettato-la-logica-della-guerra-ci-salvi-chi-puo\/\" \/>\n<meta property=\"og:locale\" content=\"it_IT\" \/>\n<meta property=\"og:type\" content=\"article\" \/>\n<meta property=\"og:title\" content=\"Abbiamo tutti accettato la logica della guerra. Ci salvi chi pu\u00f2!\" \/>\n<meta property=\"og:description\" content=\"Leggo attonito che a tutte le latitudini e da tutte le parti politiche si considera normale e addirittura quasi un diritto il previsto bombardamento\" \/>\n<meta property=\"og:url\" content=\"https:\/\/www.pressenza.com\/it\/2024\/08\/abbiamo-tutti-accettato-la-logica-della-guerra-ci-salvi-chi-puo\/\" \/>\n<meta property=\"og:site_name\" content=\"Pressenza\" \/>\n<meta property=\"article:publisher\" content=\"https:\/\/www.facebook.com\/PressenzaItalia\" \/>\n<meta property=\"article:published_time\" content=\"2024-08-07T07:42:41+00:00\" \/>\n<meta property=\"og:image\" content=\"https:\/\/www.pressenza.com\/wp-content\/uploads\/2022\/02\/Milano-contro-la-guerra-5.jpg\" \/>\n\t<meta property=\"og:image:width\" content=\"820\" \/>\n\t<meta property=\"og:image:height\" content=\"540\" \/>\n\t<meta property=\"og:image:type\" content=\"image\/jpeg\" \/>\n<meta name=\"author\" content=\"Fabio Alberti\" \/>\n<meta name=\"twitter:card\" content=\"summary_large_image\" \/>\n<meta name=\"twitter:creator\" content=\"@PressenzaIPA\" \/>\n<meta name=\"twitter:site\" content=\"@PressenzaIPA\" \/>\n<meta name=\"twitter:label1\" content=\"Scritto da\" \/>\n\t<meta name=\"twitter:data1\" content=\"Fabio Alberti\" \/>\n\t<meta name=\"twitter:label2\" content=\"Tempo di lettura stimato\" \/>\n\t<meta name=\"twitter:data2\" content=\"4 minuti\" \/>\n<script type=\"application\/ld+json\" class=\"yoast-schema-graph\">{\"@context\":\"https:\/\/schema.org\",\"@graph\":[{\"@type\":\"Article\",\"@id\":\"https:\/\/www.pressenza.com\/it\/2024\/08\/abbiamo-tutti-accettato-la-logica-della-guerra-ci-salvi-chi-puo\/#article\",\"isPartOf\":{\"@id\":\"https:\/\/www.pressenza.com\/it\/2024\/08\/abbiamo-tutti-accettato-la-logica-della-guerra-ci-salvi-chi-puo\/\"},\"author\":{\"name\":\"Fabio Alberti\",\"@id\":\"https:\/\/www.pressenza.com\/it\/#\/schema\/person\/8bfeb1ecfca5f8403f87866e8ac054c3\"},\"headline\":\"Abbiamo tutti accettato la logica della guerra. Ci salvi chi pu\u00f2!\",\"datePublished\":\"2024-08-07T07:42:41+00:00\",\"mainEntityOfPage\":{\"@id\":\"https:\/\/www.pressenza.com\/it\/2024\/08\/abbiamo-tutti-accettato-la-logica-della-guerra-ci-salvi-chi-puo\/\"},\"wordCount\":632,\"publisher\":{\"@id\":\"https:\/\/www.pressenza.com\/it\/#organization\"},\"image\":{\"@id\":\"https:\/\/www.pressenza.com\/it\/2024\/08\/abbiamo-tutti-accettato-la-logica-della-guerra-ci-salvi-chi-puo\/#primaryimage\"},\"thumbnailUrl\":\"https:\/\/www.pressenza.com\/wp-content\/uploads\/2022\/02\/Milano-contro-la-guerra-5.jpg\",\"keywords\":[\"condanne a morte\",\"esecuzioni extragiudiziarie\",\"guerra\",\"Iran\",\"Israele\"],\"articleSection\":[\"contenuti originali\",\"Opinioni\",\"Pace e Disarmo\"],\"inLanguage\":\"it-IT\"},{\"@type\":\"WebPage\",\"@id\":\"https:\/\/www.pressenza.com\/it\/2024\/08\/abbiamo-tutti-accettato-la-logica-della-guerra-ci-salvi-chi-puo\/\",\"url\":\"https:\/\/www.pressenza.com\/it\/2024\/08\/abbiamo-tutti-accettato-la-logica-della-guerra-ci-salvi-chi-puo\/\",\"name\":\"Abbiamo tutti accettato la logica della guerra. Ci salvi chi pu\u00f2!\",\"isPartOf\":{\"@id\":\"https:\/\/www.pressenza.com\/it\/#website\"},\"primaryImageOfPage\":{\"@id\":\"https:\/\/www.pressenza.com\/it\/2024\/08\/abbiamo-tutti-accettato-la-logica-della-guerra-ci-salvi-chi-puo\/#primaryimage\"},\"image\":{\"@id\":\"https:\/\/www.pressenza.com\/it\/2024\/08\/abbiamo-tutti-accettato-la-logica-della-guerra-ci-salvi-chi-puo\/#primaryimage\"},\"thumbnailUrl\":\"https:\/\/www.pressenza.com\/wp-content\/uploads\/2022\/02\/Milano-contro-la-guerra-5.jpg\",\"datePublished\":\"2024-08-07T07:42:41+00:00\",\"description\":\"Leggo attonito che a tutte le latitudini e da tutte le parti politiche si considera normale e addirittura quasi un diritto il previsto bombardamento\",\"breadcrumb\":{\"@id\":\"https:\/\/www.pressenza.com\/it\/2024\/08\/abbiamo-tutti-accettato-la-logica-della-guerra-ci-salvi-chi-puo\/#breadcrumb\"},\"inLanguage\":\"it-IT\",\"potentialAction\":[{\"@type\":\"ReadAction\",\"target\":[\"https:\/\/www.pressenza.com\/it\/2024\/08\/abbiamo-tutti-accettato-la-logica-della-guerra-ci-salvi-chi-puo\/\"]}]},{\"@type\":\"ImageObject\",\"inLanguage\":\"it-IT\",\"@id\":\"https:\/\/www.pressenza.com\/it\/2024\/08\/abbiamo-tutti-accettato-la-logica-della-guerra-ci-salvi-chi-puo\/#primaryimage\",\"url\":\"https:\/\/www.pressenza.com\/wp-content\/uploads\/2022\/02\/Milano-contro-la-guerra-5.jpg\",\"contentUrl\":\"https:\/\/www.pressenza.com\/wp-content\/uploads\/2022\/02\/Milano-contro-la-guerra-5.jpg\",\"width\":820,\"height\":540},{\"@type\":\"BreadcrumbList\",\"@id\":\"https:\/\/www.pressenza.com\/it\/2024\/08\/abbiamo-tutti-accettato-la-logica-della-guerra-ci-salvi-chi-puo\/#breadcrumb\",\"itemListElement\":[{\"@type\":\"ListItem\",\"position\":1,\"name\":\"Accueil\",\"item\":\"https:\/\/www.pressenza.com\/it\/\"},{\"@type\":\"ListItem\",\"position\":2,\"name\":\"Abbiamo tutti accettato la logica della guerra. Ci salvi chi pu\u00f2!\"}]},{\"@type\":\"WebSite\",\"@id\":\"https:\/\/www.pressenza.com\/it\/#website\",\"url\":\"https:\/\/www.pressenza.com\/it\/\",\"name\":\"Pressenza\",\"description\":\"Agenzia di Stampa Internazionale\",\"publisher\":{\"@id\":\"https:\/\/www.pressenza.com\/it\/#organization\"},\"potentialAction\":[{\"@type\":\"SearchAction\",\"target\":{\"@type\":\"EntryPoint\",\"urlTemplate\":\"https:\/\/www.pressenza.com\/it\/?s={search_term_string}\"},\"query-input\":{\"@type\":\"PropertyValueSpecification\",\"valueRequired\":true,\"valueName\":\"search_term_string\"}}],\"inLanguage\":\"it-IT\"},{\"@type\":\"Organization\",\"@id\":\"https:\/\/www.pressenza.com\/it\/#organization\",\"name\":\"Pressenza\",\"url\":\"https:\/\/www.pressenza.com\/it\/\",\"logo\":{\"@type\":\"ImageObject\",\"inLanguage\":\"it-IT\",\"@id\":\"https:\/\/www.pressenza.com\/it\/#\/schema\/logo\/image\/\",\"url\":\"https:\/\/www.pressenza.com\/wp-content\/uploads\/2022\/10\/pressenza_logo_200x200.jpg\",\"contentUrl\":\"https:\/\/www.pressenza.com\/wp-content\/uploads\/2022\/10\/pressenza_logo_200x200.jpg\",\"width\":200,\"height\":200,\"caption\":\"Pressenza\"},\"image\":{\"@id\":\"https:\/\/www.pressenza.com\/it\/#\/schema\/logo\/image\/\"},\"sameAs\":[\"https:\/\/www.facebook.com\/PressenzaItalia\",\"https:\/\/x.com\/PressenzaIPA\"]},{\"@type\":\"Person\",\"@id\":\"https:\/\/www.pressenza.com\/it\/#\/schema\/person\/8bfeb1ecfca5f8403f87866e8ac054c3\",\"name\":\"Fabio Alberti\",\"url\":\"https:\/\/www.pressenza.com\/it\/author\/fabio-alberti\/\"}]}<\/script>\n<!-- \/ Yoast SEO plugin. -->","yoast_head_json":{"title":"Abbiamo tutti accettato la logica della guerra. Ci salvi chi pu\u00f2!","description":"Leggo attonito che a tutte le latitudini e da tutte le parti politiche si considera normale e addirittura quasi un diritto il previsto bombardamento","robots":{"index":"index","follow":"follow","max-snippet":"max-snippet:-1","max-image-preview":"max-image-preview:large","max-video-preview":"max-video-preview:-1"},"canonical":"https:\/\/www.pressenza.com\/it\/2024\/08\/abbiamo-tutti-accettato-la-logica-della-guerra-ci-salvi-chi-puo\/","og_locale":"it_IT","og_type":"article","og_title":"Abbiamo tutti accettato la logica della guerra. Ci salvi chi pu\u00f2!","og_description":"Leggo attonito che a tutte le latitudini e da tutte le parti politiche si considera normale e addirittura quasi un diritto il previsto bombardamento","og_url":"https:\/\/www.pressenza.com\/it\/2024\/08\/abbiamo-tutti-accettato-la-logica-della-guerra-ci-salvi-chi-puo\/","og_site_name":"Pressenza","article_publisher":"https:\/\/www.facebook.com\/PressenzaItalia","article_published_time":"2024-08-07T07:42:41+00:00","og_image":[{"width":820,"height":540,"url":"https:\/\/www.pressenza.com\/wp-content\/uploads\/2022\/02\/Milano-contro-la-guerra-5.jpg","type":"image\/jpeg"}],"author":"Fabio Alberti","twitter_card":"summary_large_image","twitter_creator":"@PressenzaIPA","twitter_site":"@PressenzaIPA","twitter_misc":{"Scritto da":"Fabio Alberti","Tempo di lettura stimato":"4 minuti"},"schema":{"@context":"https:\/\/schema.org","@graph":[{"@type":"Article","@id":"https:\/\/www.pressenza.com\/it\/2024\/08\/abbiamo-tutti-accettato-la-logica-della-guerra-ci-salvi-chi-puo\/#article","isPartOf":{"@id":"https:\/\/www.pressenza.com\/it\/2024\/08\/abbiamo-tutti-accettato-la-logica-della-guerra-ci-salvi-chi-puo\/"},"author":{"name":"Fabio Alberti","@id":"https:\/\/www.pressenza.com\/it\/#\/schema\/person\/8bfeb1ecfca5f8403f87866e8ac054c3"},"headline":"Abbiamo tutti accettato la logica della guerra. Ci salvi chi pu\u00f2!","datePublished":"2024-08-07T07:42:41+00:00","mainEntityOfPage":{"@id":"https:\/\/www.pressenza.com\/it\/2024\/08\/abbiamo-tutti-accettato-la-logica-della-guerra-ci-salvi-chi-puo\/"},"wordCount":632,"publisher":{"@id":"https:\/\/www.pressenza.com\/it\/#organization"},"image":{"@id":"https:\/\/www.pressenza.com\/it\/2024\/08\/abbiamo-tutti-accettato-la-logica-della-guerra-ci-salvi-chi-puo\/#primaryimage"},"thumbnailUrl":"https:\/\/www.pressenza.com\/wp-content\/uploads\/2022\/02\/Milano-contro-la-guerra-5.jpg","keywords":["condanne a morte","esecuzioni extragiudiziarie","guerra","Iran","Israele"],"articleSection":["contenuti originali","Opinioni","Pace e Disarmo"],"inLanguage":"it-IT"},{"@type":"WebPage","@id":"https:\/\/www.pressenza.com\/it\/2024\/08\/abbiamo-tutti-accettato-la-logica-della-guerra-ci-salvi-chi-puo\/","url":"https:\/\/www.pressenza.com\/it\/2024\/08\/abbiamo-tutti-accettato-la-logica-della-guerra-ci-salvi-chi-puo\/","name":"Abbiamo tutti accettato la logica della guerra. Ci salvi chi pu\u00f2!","isPartOf":{"@id":"https:\/\/www.pressenza.com\/it\/#website"},"primaryImageOfPage":{"@id":"https:\/\/www.pressenza.com\/it\/2024\/08\/abbiamo-tutti-accettato-la-logica-della-guerra-ci-salvi-chi-puo\/#primaryimage"},"image":{"@id":"https:\/\/www.pressenza.com\/it\/2024\/08\/abbiamo-tutti-accettato-la-logica-della-guerra-ci-salvi-chi-puo\/#primaryimage"},"thumbnailUrl":"https:\/\/www.pressenza.com\/wp-content\/uploads\/2022\/02\/Milano-contro-la-guerra-5.jpg","datePublished":"2024-08-07T07:42:41+00:00","description":"Leggo attonito che a tutte le latitudini e da tutte le parti politiche si considera normale e addirittura quasi un diritto il previsto bombardamento","breadcrumb":{"@id":"https:\/\/www.pressenza.com\/it\/2024\/08\/abbiamo-tutti-accettato-la-logica-della-guerra-ci-salvi-chi-puo\/#breadcrumb"},"inLanguage":"it-IT","potentialAction":[{"@type":"ReadAction","target":["https:\/\/www.pressenza.com\/it\/2024\/08\/abbiamo-tutti-accettato-la-logica-della-guerra-ci-salvi-chi-puo\/"]}]},{"@type":"ImageObject","inLanguage":"it-IT","@id":"https:\/\/www.pressenza.com\/it\/2024\/08\/abbiamo-tutti-accettato-la-logica-della-guerra-ci-salvi-chi-puo\/#primaryimage","url":"https:\/\/www.pressenza.com\/wp-content\/uploads\/2022\/02\/Milano-contro-la-guerra-5.jpg","contentUrl":"https:\/\/www.pressenza.com\/wp-content\/uploads\/2022\/02\/Milano-contro-la-guerra-5.jpg","width":820,"height":540},{"@type":"BreadcrumbList","@id":"https:\/\/www.pressenza.com\/it\/2024\/08\/abbiamo-tutti-accettato-la-logica-della-guerra-ci-salvi-chi-puo\/#breadcrumb","itemListElement":[{"@type":"ListItem","position":1,"name":"Accueil","item":"https:\/\/www.pressenza.com\/it\/"},{"@type":"ListItem","position":2,"name":"Abbiamo tutti accettato la logica della guerra. Ci salvi chi pu\u00f2!"}]},{"@type":"WebSite","@id":"https:\/\/www.pressenza.com\/it\/#website","url":"https:\/\/www.pressenza.com\/it\/","name":"Pressenza","description":"Agenzia di Stampa Internazionale","publisher":{"@id":"https:\/\/www.pressenza.com\/it\/#organization"},"potentialAction":[{"@type":"SearchAction","target":{"@type":"EntryPoint","urlTemplate":"https:\/\/www.pressenza.com\/it\/?s={search_term_string}"},"query-input":{"@type":"PropertyValueSpecification","valueRequired":true,"valueName":"search_term_string"}}],"inLanguage":"it-IT"},{"@type":"Organization","@id":"https:\/\/www.pressenza.com\/it\/#organization","name":"Pressenza","url":"https:\/\/www.pressenza.com\/it\/","logo":{"@type":"ImageObject","inLanguage":"it-IT","@id":"https:\/\/www.pressenza.com\/it\/#\/schema\/logo\/image\/","url":"https:\/\/www.pressenza.com\/wp-content\/uploads\/2022\/10\/pressenza_logo_200x200.jpg","contentUrl":"https:\/\/www.pressenza.com\/wp-content\/uploads\/2022\/10\/pressenza_logo_200x200.jpg","width":200,"height":200,"caption":"Pressenza"},"image":{"@id":"https:\/\/www.pressenza.com\/it\/#\/schema\/logo\/image\/"},"sameAs":["https:\/\/www.facebook.com\/PressenzaItalia","https:\/\/x.com\/PressenzaIPA"]},{"@type":"Person","@id":"https:\/\/www.pressenza.com\/it\/#\/schema\/person\/8bfeb1ecfca5f8403f87866e8ac054c3","name":"Fabio Alberti","url":"https:\/\/www.pressenza.com\/it\/author\/fabio-alberti\/"}]}},"place":"","original_article_url":"","_links":{"self":[{"href":"https:\/\/www.pressenza.com\/it\/wp-json\/wp\/v2\/posts\/2540990","targetHints":{"allow":["GET"]}}],"collection":[{"href":"https:\/\/www.pressenza.com\/it\/wp-json\/wp\/v2\/posts"}],"about":[{"href":"https:\/\/www.pressenza.com\/it\/wp-json\/wp\/v2\/types\/post"}],"author":[{"embeddable":true,"href":"https:\/\/www.pressenza.com\/it\/wp-json\/wp\/v2\/users\/2353"}],"replies":[{"embeddable":true,"href":"https:\/\/www.pressenza.com\/it\/wp-json\/wp\/v2\/comments?post=2540990"}],"version-history":[{"count":0,"href":"https:\/\/www.pressenza.com\/it\/wp-json\/wp\/v2\/posts\/2540990\/revisions"}],"wp:featuredmedia":[{"embeddable":true,"href":"https:\/\/www.pressenza.com\/it\/wp-json\/wp\/v2\/media\/1529665"}],"wp:attachment":[{"href":"https:\/\/www.pressenza.com\/it\/wp-json\/wp\/v2\/media?parent=2540990"}],"wp:term":[{"taxonomy":"category","embeddable":true,"href":"https:\/\/www.pressenza.com\/it\/wp-json\/wp\/v2\/categories?post=2540990"},{"taxonomy":"post_tag","embeddable":true,"href":"https:\/\/www.pressenza.com\/it\/wp-json\/wp\/v2\/tags?post=2540990"}],"curies":[{"name":"wp","href":"https:\/\/api.w.org\/{rel}","templated":true}]}}