{"id":2540404,"date":"2024-08-03T11:28:35","date_gmt":"2024-08-03T10:28:35","guid":{"rendered":"https:\/\/www.pressenza.com\/?p=2540404"},"modified":"2024-08-03T11:28:35","modified_gmt":"2024-08-03T10:28:35","slug":"marocco-lamnistia-reale-apre-le-celle-anche-per-giornalisti-e-attivisti-processati-per-reati-dopinione","status":"publish","type":"post","link":"https:\/\/www.pressenza.com\/it\/2024\/08\/marocco-lamnistia-reale-apre-le-celle-anche-per-giornalisti-e-attivisti-processati-per-reati-dopinione\/","title":{"rendered":"Marocco: l\u2019amnistia reale apre le celle anche per giornalisti e attivisti processati per reati d\u2019opinione"},"content":{"rendered":"<p><i><span style=\"font-weight: 400;\">Per il 25esimo dell\u2019incoronazione, Mohammed VI libera 2476 detenuti, tra i quali anche giornalisti e attivisti della societ\u00e0 civile.<\/span><\/i><\/p>\n<p><span style=\"font-weight: 400;\">Un\u2019amnistia del monarca Mohammed VI apre le sbarre delle celle a molti detenuti tra i quali prigionieri politici e di coscienza. L\u2019amnistia \u00e8 stata proclamata in occasione della festa della corona. Sono stati liberati 2476 detenuti, in prevalenza per reati comuni.<\/span><\/p>\n<p><span style=\"font-weight: 400;\">Tra i liberati vi sono tre giornalisti condannati ingiustamente con accuse false, Omar Radi, Soleiman Rissouni e Tawfiq Bueshreen ed un professore universitario, Lmaati Munjib.\u00a0<\/span><\/p>\n<p><span style=\"font-weight: 400;\">Non potendo condannare i tre giornalisti sulla base dei loro articoli di critica politica al potere e in modo particolare alle forze di sicurezza e sui piani economici, la polizia e la magistratura addomestica hanno fabbricato nei loro confronti accuse infamanti, per stupro e molestie sessuali con testimoni di comodo, dichiaratamente infiltrati nelle redazioni. Le condanne subite avevano previsto anche forti pene pecuniarie, per decine di migliaia di euro.\u00a0<\/span><\/p>\n<p><span style=\"font-weight: 400;\">Bueshreen \u00e8 stato arrestato nel 2018 nella redazione di Akhbar Al-Yom della quale era direttore, con l\u2019accusa di violenza sessuale su una stagista. \u00c8 stato condannato a 12 anni in primo grado, innalzati a 15 in cassazione. La ragazza che lo aveva accusato \u00e8 stata nominata, un mese dopo la condanna,\u00a0 capo ufficio stampa di un ministero.<\/span><\/p>\n<p><span style=\"font-weight: 400;\">Anche il direttore successore al quotidiano, Soliman Rissouni, \u00e8 stato arrestato. Il motivo vero sono i suoi editoriali e l\u2019impronta investigativa che aveva dato al quotidiano, scoprendo le ruberie di funzionari e politici. Ma per incastrarlo, la polizia si \u00e8 avvalsa della testimonianza di un omosessuale che ha raccontato ai giudici di essere stato violentato dal direttore contro la sua volont\u00e0. Condanna: 5 anni e 10 mila euro di risarcimento.<\/span><\/p>\n<p><span style=\"font-weight: 400;\">Il caso di Omar Radi ha avuto anche un\u2019eco internazionale, perch\u00e9 Amnesty International ha accusato la polizia marocchina di aver spiato il cellulare del giornalista utilizzando il programma israeliano Pegasus. La colpa di Radi \u00e8 quella di aver pubblicato un\u2019inchiesta sull\u2019appropriazione indebita da parte di circa 60 uomini politici di primo piano di terreni pubblici a prezzi stracciati. Contro Radi l\u2019accusa \u00e8 stata di spionaggio, senza uno straccio di prova. Condanna: 6 anni e 20 mila euro di multa.<\/span><\/p>\n<p><span style=\"font-weight: 400;\">Il professor Lmaati Munjib era gi\u00e0 in libert\u00e0 provvisoria dopo diversi mesi di sciopero della fame ed \u00e8 sotto processo da 9 anni con accuse di spionaggio e contatti con organizzazioni nemiche della monarchia. Accuse pretestuose con un processo che dura da 9 anni, per ben 46 udienze, senza poter dimostrare la sua colpevolezza. Alla pubblicazione del provvedimento, Munjib ha espresso la felicit\u00e0 per le famiglie dei liberati, ma ha ricordato che ci sono molti altri giornalisti e attivisti in carcere ingiustamente e in modo particolare gli attivisti del Hirak del Rif, il movimento che aveva rivendicato una maggiore attenzione allo sviluppo economico della zona del nord ed era stato represso nel sangue e imprigionati i suoi capi.\u00a0\u00a0\u00a0<\/span><\/p>\n","protected":false},"excerpt":{"rendered":"<p>Per il 25esimo dell\u2019incoronazione, Mohammed VI libera 2476 detenuti, tra i quali anche giornalisti e attivisti della societ\u00e0 civile. Un\u2019amnistia del monarca Mohammed VI apre le sbarre delle celle a molti detenuti tra i quali prigionieri politici e di coscienza.&hellip;<\/p>\n","protected":false},"author":2367,"featured_media":2540405,"comment_status":"closed","ping_status":"closed","sticky":false,"template":"","format":"standard","meta":{"footnotes":""},"categories":[45,11388,60],"tags":[98287,367,4090],"class_list":["post-2540404","post","type-post","status-publish","format-standard","has-post-thumbnail","hentry","category-africa-it","category-contenuti-originali","category-diritti-umani","tag-buone-nuove","tag-giornalisti","tag-marocco"],"yoast_head":"<!-- This site is optimized with the Yoast SEO plugin v27.1.1 - https:\/\/yoast.com\/product\/yoast-seo-wordpress\/ -->\n<title>Marocco: l\u2019amnistia reale apre le celle anche per giornalisti e attivisti processati per reati d\u2019opinione<\/title>\n<meta name=\"description\" content=\"Per il 25esimo dell\u2019incoronazione, Mohammed VI libera 2476 detenuti, tra i quali anche giornalisti e attivisti della societ\u00e0 civile. Un\u2019amnistia del\" \/>\n<meta name=\"robots\" content=\"index, follow, max-snippet:-1, max-image-preview:large, max-video-preview:-1\" \/>\n<link rel=\"canonical\" href=\"https:\/\/www.pressenza.com\/it\/2024\/08\/marocco-lamnistia-reale-apre-le-celle-anche-per-giornalisti-e-attivisti-processati-per-reati-dopinione\/\" \/>\n<meta property=\"og:locale\" content=\"it_IT\" \/>\n<meta property=\"og:type\" content=\"article\" \/>\n<meta property=\"og:title\" content=\"Marocco: l\u2019amnistia reale apre le celle anche per giornalisti e attivisti processati per reati d\u2019opinione\" \/>\n<meta property=\"og:description\" content=\"Per il 25esimo dell\u2019incoronazione, Mohammed VI libera 2476 detenuti, tra i quali anche giornalisti e attivisti della societ\u00e0 civile. Un\u2019amnistia del\" \/>\n<meta property=\"og:url\" content=\"https:\/\/www.pressenza.com\/it\/2024\/08\/marocco-lamnistia-reale-apre-le-celle-anche-per-giornalisti-e-attivisti-processati-per-reati-dopinione\/\" \/>\n<meta property=\"og:site_name\" content=\"Pressenza\" \/>\n<meta property=\"article:publisher\" content=\"https:\/\/www.facebook.com\/PressenzaItalia\" \/>\n<meta property=\"article:published_time\" content=\"2024-08-03T10:28:35+00:00\" \/>\n<meta property=\"og:image\" content=\"https:\/\/www.pressenza.com\/wp-content\/uploads\/2024\/08\/Foto-20240731-Marocco.webp\" \/>\n\t<meta property=\"og:image:width\" content=\"770\" \/>\n\t<meta property=\"og:image:height\" content=\"513\" \/>\n\t<meta property=\"og:image:type\" content=\"image\/webp\" \/>\n<meta name=\"author\" content=\"Farid Adly\" \/>\n<meta name=\"twitter:card\" content=\"summary_large_image\" \/>\n<meta name=\"twitter:creator\" content=\"@PressenzaIPA\" \/>\n<meta name=\"twitter:site\" content=\"@PressenzaIPA\" \/>\n<meta name=\"twitter:label1\" content=\"Scritto da\" \/>\n\t<meta name=\"twitter:data1\" content=\"Farid Adly\" \/>\n\t<meta name=\"twitter:label2\" content=\"Tempo di lettura stimato\" \/>\n\t<meta name=\"twitter:data2\" content=\"3 minuti\" \/>\n<script type=\"application\/ld+json\" class=\"yoast-schema-graph\">{\"@context\":\"https:\/\/schema.org\",\"@graph\":[{\"@type\":\"Article\",\"@id\":\"https:\/\/www.pressenza.com\/it\/2024\/08\/marocco-lamnistia-reale-apre-le-celle-anche-per-giornalisti-e-attivisti-processati-per-reati-dopinione\/#article\",\"isPartOf\":{\"@id\":\"https:\/\/www.pressenza.com\/it\/2024\/08\/marocco-lamnistia-reale-apre-le-celle-anche-per-giornalisti-e-attivisti-processati-per-reati-dopinione\/\"},\"author\":{\"name\":\"Farid Adly\",\"@id\":\"https:\/\/www.pressenza.com\/it\/#\/schema\/person\/2a9a4c4d659aafac5999b028dc8e135e\"},\"headline\":\"Marocco: l\u2019amnistia reale apre le celle anche per giornalisti e attivisti processati per reati d\u2019opinione\",\"datePublished\":\"2024-08-03T10:28:35+00:00\",\"mainEntityOfPage\":{\"@id\":\"https:\/\/www.pressenza.com\/it\/2024\/08\/marocco-lamnistia-reale-apre-le-celle-anche-per-giornalisti-e-attivisti-processati-per-reati-dopinione\/\"},\"wordCount\":482,\"publisher\":{\"@id\":\"https:\/\/www.pressenza.com\/it\/#organization\"},\"image\":{\"@id\":\"https:\/\/www.pressenza.com\/it\/2024\/08\/marocco-lamnistia-reale-apre-le-celle-anche-per-giornalisti-e-attivisti-processati-per-reati-dopinione\/#primaryimage\"},\"thumbnailUrl\":\"https:\/\/www.pressenza.com\/wp-content\/uploads\/2024\/08\/Foto-20240731-Marocco.webp\",\"keywords\":[\"buone nuove\",\"giornalisti\",\"Marocco\"],\"articleSection\":[\"Africa\",\"contenuti originali\",\"Diritti Umani\"],\"inLanguage\":\"it-IT\"},{\"@type\":\"WebPage\",\"@id\":\"https:\/\/www.pressenza.com\/it\/2024\/08\/marocco-lamnistia-reale-apre-le-celle-anche-per-giornalisti-e-attivisti-processati-per-reati-dopinione\/\",\"url\":\"https:\/\/www.pressenza.com\/it\/2024\/08\/marocco-lamnistia-reale-apre-le-celle-anche-per-giornalisti-e-attivisti-processati-per-reati-dopinione\/\",\"name\":\"Marocco: l\u2019amnistia reale apre le celle anche per giornalisti e attivisti processati per reati d\u2019opinione\",\"isPartOf\":{\"@id\":\"https:\/\/www.pressenza.com\/it\/#website\"},\"primaryImageOfPage\":{\"@id\":\"https:\/\/www.pressenza.com\/it\/2024\/08\/marocco-lamnistia-reale-apre-le-celle-anche-per-giornalisti-e-attivisti-processati-per-reati-dopinione\/#primaryimage\"},\"image\":{\"@id\":\"https:\/\/www.pressenza.com\/it\/2024\/08\/marocco-lamnistia-reale-apre-le-celle-anche-per-giornalisti-e-attivisti-processati-per-reati-dopinione\/#primaryimage\"},\"thumbnailUrl\":\"https:\/\/www.pressenza.com\/wp-content\/uploads\/2024\/08\/Foto-20240731-Marocco.webp\",\"datePublished\":\"2024-08-03T10:28:35+00:00\",\"description\":\"Per il 25esimo dell\u2019incoronazione, Mohammed VI libera 2476 detenuti, tra i quali anche giornalisti e attivisti della societ\u00e0 civile. Un\u2019amnistia del\",\"breadcrumb\":{\"@id\":\"https:\/\/www.pressenza.com\/it\/2024\/08\/marocco-lamnistia-reale-apre-le-celle-anche-per-giornalisti-e-attivisti-processati-per-reati-dopinione\/#breadcrumb\"},\"inLanguage\":\"it-IT\",\"potentialAction\":[{\"@type\":\"ReadAction\",\"target\":[\"https:\/\/www.pressenza.com\/it\/2024\/08\/marocco-lamnistia-reale-apre-le-celle-anche-per-giornalisti-e-attivisti-processati-per-reati-dopinione\/\"]}]},{\"@type\":\"ImageObject\",\"inLanguage\":\"it-IT\",\"@id\":\"https:\/\/www.pressenza.com\/it\/2024\/08\/marocco-lamnistia-reale-apre-le-celle-anche-per-giornalisti-e-attivisti-processati-per-reati-dopinione\/#primaryimage\",\"url\":\"https:\/\/www.pressenza.com\/wp-content\/uploads\/2024\/08\/Foto-20240731-Marocco.webp\",\"contentUrl\":\"https:\/\/www.pressenza.com\/wp-content\/uploads\/2024\/08\/Foto-20240731-Marocco.webp\",\"width\":770,\"height\":513},{\"@type\":\"BreadcrumbList\",\"@id\":\"https:\/\/www.pressenza.com\/it\/2024\/08\/marocco-lamnistia-reale-apre-le-celle-anche-per-giornalisti-e-attivisti-processati-per-reati-dopinione\/#breadcrumb\",\"itemListElement\":[{\"@type\":\"ListItem\",\"position\":1,\"name\":\"Accueil\",\"item\":\"https:\/\/www.pressenza.com\/it\/\"},{\"@type\":\"ListItem\",\"position\":2,\"name\":\"Marocco: l\u2019amnistia reale apre le celle anche per giornalisti e attivisti processati per reati d\u2019opinione\"}]},{\"@type\":\"WebSite\",\"@id\":\"https:\/\/www.pressenza.com\/it\/#website\",\"url\":\"https:\/\/www.pressenza.com\/it\/\",\"name\":\"Pressenza\",\"description\":\"Agenzia di Stampa Internazionale\",\"publisher\":{\"@id\":\"https:\/\/www.pressenza.com\/it\/#organization\"},\"potentialAction\":[{\"@type\":\"SearchAction\",\"target\":{\"@type\":\"EntryPoint\",\"urlTemplate\":\"https:\/\/www.pressenza.com\/it\/?s={search_term_string}\"},\"query-input\":{\"@type\":\"PropertyValueSpecification\",\"valueRequired\":true,\"valueName\":\"search_term_string\"}}],\"inLanguage\":\"it-IT\"},{\"@type\":\"Organization\",\"@id\":\"https:\/\/www.pressenza.com\/it\/#organization\",\"name\":\"Pressenza\",\"url\":\"https:\/\/www.pressenza.com\/it\/\",\"logo\":{\"@type\":\"ImageObject\",\"inLanguage\":\"it-IT\",\"@id\":\"https:\/\/www.pressenza.com\/it\/#\/schema\/logo\/image\/\",\"url\":\"https:\/\/www.pressenza.com\/wp-content\/uploads\/2022\/10\/pressenza_logo_200x200.jpg\",\"contentUrl\":\"https:\/\/www.pressenza.com\/wp-content\/uploads\/2022\/10\/pressenza_logo_200x200.jpg\",\"width\":200,\"height\":200,\"caption\":\"Pressenza\"},\"image\":{\"@id\":\"https:\/\/www.pressenza.com\/it\/#\/schema\/logo\/image\/\"},\"sameAs\":[\"https:\/\/www.facebook.com\/PressenzaItalia\",\"https:\/\/x.com\/PressenzaIPA\"]},{\"@type\":\"Person\",\"@id\":\"https:\/\/www.pressenza.com\/it\/#\/schema\/person\/2a9a4c4d659aafac5999b028dc8e135e\",\"name\":\"Farid Adly\",\"url\":\"https:\/\/www.pressenza.com\/it\/author\/farid-adly\/\"}]}<\/script>\n<!-- \/ Yoast SEO plugin. -->","yoast_head_json":{"title":"Marocco: l\u2019amnistia reale apre le celle anche per giornalisti e attivisti processati per reati d\u2019opinione","description":"Per il 25esimo dell\u2019incoronazione, Mohammed VI libera 2476 detenuti, tra i quali anche giornalisti e attivisti della societ\u00e0 civile. Un\u2019amnistia del","robots":{"index":"index","follow":"follow","max-snippet":"max-snippet:-1","max-image-preview":"max-image-preview:large","max-video-preview":"max-video-preview:-1"},"canonical":"https:\/\/www.pressenza.com\/it\/2024\/08\/marocco-lamnistia-reale-apre-le-celle-anche-per-giornalisti-e-attivisti-processati-per-reati-dopinione\/","og_locale":"it_IT","og_type":"article","og_title":"Marocco: l\u2019amnistia reale apre le celle anche per giornalisti e attivisti processati per reati d\u2019opinione","og_description":"Per il 25esimo dell\u2019incoronazione, Mohammed VI libera 2476 detenuti, tra i quali anche giornalisti e attivisti della societ\u00e0 civile. Un\u2019amnistia del","og_url":"https:\/\/www.pressenza.com\/it\/2024\/08\/marocco-lamnistia-reale-apre-le-celle-anche-per-giornalisti-e-attivisti-processati-per-reati-dopinione\/","og_site_name":"Pressenza","article_publisher":"https:\/\/www.facebook.com\/PressenzaItalia","article_published_time":"2024-08-03T10:28:35+00:00","og_image":[{"width":770,"height":513,"url":"https:\/\/www.pressenza.com\/wp-content\/uploads\/2024\/08\/Foto-20240731-Marocco.webp","type":"image\/webp"}],"author":"Farid Adly","twitter_card":"summary_large_image","twitter_creator":"@PressenzaIPA","twitter_site":"@PressenzaIPA","twitter_misc":{"Scritto da":"Farid Adly","Tempo di lettura stimato":"3 minuti"},"schema":{"@context":"https:\/\/schema.org","@graph":[{"@type":"Article","@id":"https:\/\/www.pressenza.com\/it\/2024\/08\/marocco-lamnistia-reale-apre-le-celle-anche-per-giornalisti-e-attivisti-processati-per-reati-dopinione\/#article","isPartOf":{"@id":"https:\/\/www.pressenza.com\/it\/2024\/08\/marocco-lamnistia-reale-apre-le-celle-anche-per-giornalisti-e-attivisti-processati-per-reati-dopinione\/"},"author":{"name":"Farid Adly","@id":"https:\/\/www.pressenza.com\/it\/#\/schema\/person\/2a9a4c4d659aafac5999b028dc8e135e"},"headline":"Marocco: l\u2019amnistia reale apre le celle anche per giornalisti e attivisti processati per reati d\u2019opinione","datePublished":"2024-08-03T10:28:35+00:00","mainEntityOfPage":{"@id":"https:\/\/www.pressenza.com\/it\/2024\/08\/marocco-lamnistia-reale-apre-le-celle-anche-per-giornalisti-e-attivisti-processati-per-reati-dopinione\/"},"wordCount":482,"publisher":{"@id":"https:\/\/www.pressenza.com\/it\/#organization"},"image":{"@id":"https:\/\/www.pressenza.com\/it\/2024\/08\/marocco-lamnistia-reale-apre-le-celle-anche-per-giornalisti-e-attivisti-processati-per-reati-dopinione\/#primaryimage"},"thumbnailUrl":"https:\/\/www.pressenza.com\/wp-content\/uploads\/2024\/08\/Foto-20240731-Marocco.webp","keywords":["buone nuove","giornalisti","Marocco"],"articleSection":["Africa","contenuti originali","Diritti Umani"],"inLanguage":"it-IT"},{"@type":"WebPage","@id":"https:\/\/www.pressenza.com\/it\/2024\/08\/marocco-lamnistia-reale-apre-le-celle-anche-per-giornalisti-e-attivisti-processati-per-reati-dopinione\/","url":"https:\/\/www.pressenza.com\/it\/2024\/08\/marocco-lamnistia-reale-apre-le-celle-anche-per-giornalisti-e-attivisti-processati-per-reati-dopinione\/","name":"Marocco: l\u2019amnistia reale apre le celle anche per giornalisti e attivisti processati per reati d\u2019opinione","isPartOf":{"@id":"https:\/\/www.pressenza.com\/it\/#website"},"primaryImageOfPage":{"@id":"https:\/\/www.pressenza.com\/it\/2024\/08\/marocco-lamnistia-reale-apre-le-celle-anche-per-giornalisti-e-attivisti-processati-per-reati-dopinione\/#primaryimage"},"image":{"@id":"https:\/\/www.pressenza.com\/it\/2024\/08\/marocco-lamnistia-reale-apre-le-celle-anche-per-giornalisti-e-attivisti-processati-per-reati-dopinione\/#primaryimage"},"thumbnailUrl":"https:\/\/www.pressenza.com\/wp-content\/uploads\/2024\/08\/Foto-20240731-Marocco.webp","datePublished":"2024-08-03T10:28:35+00:00","description":"Per il 25esimo dell\u2019incoronazione, Mohammed VI libera 2476 detenuti, tra i quali anche giornalisti e attivisti della societ\u00e0 civile. Un\u2019amnistia del","breadcrumb":{"@id":"https:\/\/www.pressenza.com\/it\/2024\/08\/marocco-lamnistia-reale-apre-le-celle-anche-per-giornalisti-e-attivisti-processati-per-reati-dopinione\/#breadcrumb"},"inLanguage":"it-IT","potentialAction":[{"@type":"ReadAction","target":["https:\/\/www.pressenza.com\/it\/2024\/08\/marocco-lamnistia-reale-apre-le-celle-anche-per-giornalisti-e-attivisti-processati-per-reati-dopinione\/"]}]},{"@type":"ImageObject","inLanguage":"it-IT","@id":"https:\/\/www.pressenza.com\/it\/2024\/08\/marocco-lamnistia-reale-apre-le-celle-anche-per-giornalisti-e-attivisti-processati-per-reati-dopinione\/#primaryimage","url":"https:\/\/www.pressenza.com\/wp-content\/uploads\/2024\/08\/Foto-20240731-Marocco.webp","contentUrl":"https:\/\/www.pressenza.com\/wp-content\/uploads\/2024\/08\/Foto-20240731-Marocco.webp","width":770,"height":513},{"@type":"BreadcrumbList","@id":"https:\/\/www.pressenza.com\/it\/2024\/08\/marocco-lamnistia-reale-apre-le-celle-anche-per-giornalisti-e-attivisti-processati-per-reati-dopinione\/#breadcrumb","itemListElement":[{"@type":"ListItem","position":1,"name":"Accueil","item":"https:\/\/www.pressenza.com\/it\/"},{"@type":"ListItem","position":2,"name":"Marocco: l\u2019amnistia reale apre le celle anche per giornalisti e attivisti processati per reati d\u2019opinione"}]},{"@type":"WebSite","@id":"https:\/\/www.pressenza.com\/it\/#website","url":"https:\/\/www.pressenza.com\/it\/","name":"Pressenza","description":"Agenzia di Stampa Internazionale","publisher":{"@id":"https:\/\/www.pressenza.com\/it\/#organization"},"potentialAction":[{"@type":"SearchAction","target":{"@type":"EntryPoint","urlTemplate":"https:\/\/www.pressenza.com\/it\/?s={search_term_string}"},"query-input":{"@type":"PropertyValueSpecification","valueRequired":true,"valueName":"search_term_string"}}],"inLanguage":"it-IT"},{"@type":"Organization","@id":"https:\/\/www.pressenza.com\/it\/#organization","name":"Pressenza","url":"https:\/\/www.pressenza.com\/it\/","logo":{"@type":"ImageObject","inLanguage":"it-IT","@id":"https:\/\/www.pressenza.com\/it\/#\/schema\/logo\/image\/","url":"https:\/\/www.pressenza.com\/wp-content\/uploads\/2022\/10\/pressenza_logo_200x200.jpg","contentUrl":"https:\/\/www.pressenza.com\/wp-content\/uploads\/2022\/10\/pressenza_logo_200x200.jpg","width":200,"height":200,"caption":"Pressenza"},"image":{"@id":"https:\/\/www.pressenza.com\/it\/#\/schema\/logo\/image\/"},"sameAs":["https:\/\/www.facebook.com\/PressenzaItalia","https:\/\/x.com\/PressenzaIPA"]},{"@type":"Person","@id":"https:\/\/www.pressenza.com\/it\/#\/schema\/person\/2a9a4c4d659aafac5999b028dc8e135e","name":"Farid Adly","url":"https:\/\/www.pressenza.com\/it\/author\/farid-adly\/"}]}},"place":"","original_article_url":"","_links":{"self":[{"href":"https:\/\/www.pressenza.com\/it\/wp-json\/wp\/v2\/posts\/2540404","targetHints":{"allow":["GET"]}}],"collection":[{"href":"https:\/\/www.pressenza.com\/it\/wp-json\/wp\/v2\/posts"}],"about":[{"href":"https:\/\/www.pressenza.com\/it\/wp-json\/wp\/v2\/types\/post"}],"author":[{"embeddable":true,"href":"https:\/\/www.pressenza.com\/it\/wp-json\/wp\/v2\/users\/2367"}],"replies":[{"embeddable":true,"href":"https:\/\/www.pressenza.com\/it\/wp-json\/wp\/v2\/comments?post=2540404"}],"version-history":[{"count":0,"href":"https:\/\/www.pressenza.com\/it\/wp-json\/wp\/v2\/posts\/2540404\/revisions"}],"wp:featuredmedia":[{"embeddable":true,"href":"https:\/\/www.pressenza.com\/it\/wp-json\/wp\/v2\/media\/2540405"}],"wp:attachment":[{"href":"https:\/\/www.pressenza.com\/it\/wp-json\/wp\/v2\/media?parent=2540404"}],"wp:term":[{"taxonomy":"category","embeddable":true,"href":"https:\/\/www.pressenza.com\/it\/wp-json\/wp\/v2\/categories?post=2540404"},{"taxonomy":"post_tag","embeddable":true,"href":"https:\/\/www.pressenza.com\/it\/wp-json\/wp\/v2\/tags?post=2540404"}],"curies":[{"name":"wp","href":"https:\/\/api.w.org\/{rel}","templated":true}]}}