{"id":2540016,"date":"2024-08-01T15:56:59","date_gmt":"2024-08-01T14:56:59","guid":{"rendered":"https:\/\/www.pressenza.com\/?p=2540016"},"modified":"2024-08-01T16:10:47","modified_gmt":"2024-08-01T15:10:47","slug":"la-caravana-aprire-le-frontiere-rinforza-la-rete-balcanica-nella-lotta-contro-la-fortezza-europa","status":"publish","type":"post","link":"https:\/\/www.pressenza.com\/it\/2024\/08\/la-caravana-aprire-le-frontiere-rinforza-la-rete-balcanica-nella-lotta-contro-la-fortezza-europa\/","title":{"rendered":"La Caravana \u201cAprire le Frontiere\u201d rinforza la rete balcanica nella lotta contro la fortezza Europa"},"content":{"rendered":"<blockquote><p><strong><em>Nel loro passaggio a Trieste, le attiviste hanno consolidato il movimento di solidariet\u00e0 e appoggio reciproco tra organizzazioni che lavorano sulla rotta balcanica, allo scopo di mettere al centro le testimonianze delle persone in transito e di chi le accoglie. In questa tappa il riflettore \u00e8 stato puntato su Piazza della Libert\u00e0, meglio conosciuta come Piazza del Mondo, dove abitano persone in transito da varie provenienze. Fra le differenti azioni messe in atto, ricordiamo la manifestazione davanti a un centro per rimpatri (equiparabile a un CIE), la visita all\u2019unico campo di concentramento nazista in Italia e la partecipazione alla protesta Dormire&amp;Resistere.<\/em><\/strong><\/p><\/blockquote>\n<p>La Casa dei fratelli Cervi \u00e8 una delle ultime fermate della nona edizione della <em>Caravana Abriendo Fronteras<\/em>. \u00c8 un luogo che durante la seconda guerra mondiale \u00e8 stato punto di riferimento e di aiuto concreto per le persone antifasciste e disertrici, poi diventato il simbolo delle persone che si identificano con l\u2019antifascismo e la democrazia.<\/p>\n<p>Precedentemente, la carovana si era fermata davanti a uno degli elementi pi\u00f9 opachi della politica europea, il Centro per rimpatri (CPR) e il Centro per i richiedenti asilo (CARA) di Gradisca d\u2019Isonzo, allo scopo di sostenere le persone internate e private di libert\u00e0 per mere ragioni amministrative. \u00abNon hanno commesso delitti penali, \u00e8 contro la legge, \u00e8 privazione di libert\u00e0. Abbiamo scoperto che l\u00ec dentro ci sono un sacco di persone che sanno organizzarsi e lottare, \u00e8 importante che ci siamo noi fuori, cos\u00ec sanno che non sono sole\u00bb.<\/p>\n<p>Circa 300 persone si sono riunite l\u00ec per esigere la fine della violenza istituzionale, dopo essersi unite all\u2019azione <em>Dormire&amp;Resistere<\/em> in sostegno alle persone migranti della rotta balcanica espulse da Via Gioia, uno spazio dove dormivano al coperto. Va a loro la solidariet\u00e0 delle attiviste di Trieste, che esigono dal Comune una soluzione degna di accoglienza. Ogni mercoled\u00ec con coperte termiche si tiene una protesta, a cui questa volta ha partecipato la carovana.<\/p>\n<p>In questa tappa, uno degli spazi principali \u00e8 stato la Casa del Popolo ma il fulcro fondamentale \u00e8 stato la Piazza del Mondo, un luogo abitato da persone in condizioni critiche e in transito da molteplici provenienze, a cui il governo della citt\u00e0 tenta di togliere ogni dignit\u00e0. L\u00ec \u00e8 stata organizzata una cena comunitaria da Fornelli in Lotta, con l\u2019obiettivo di abbracciare e creare uno spazio sicuro di convivenza. Hanno incontrato anche Lorena Fornasir, che ogni notte passa con un carrellino in tela verde pieno di materiale sanitario, curando chi arriva in brutte condizioni fisiche e senza sapere dove si trova.<\/p>\n<p>In chiusura della tappa, la visita al campo di concentramento di Risiera di San Sabba ha permesso un omaggio alle vittime dello sterminio nazista, ovvero circa 5000 persone assassinate. Non sono rimasti registri ufficiali.<\/p>\n<p>Con migliaia di chilometri di strada verso casa ancora davanti, la carovana \u00e8 arrivata in piene forze alla fine di questo percorso e continua a denunciare la situazione critica della rotta balcanica, il Patto europeo sulla migrazione e sull\u2019asilo (PEMA), la criminalizzazione della solidariet\u00e0, il commercio di armi e le guerre, ed esige rotte sicure per la migrazione. Allo stesso modo, e nel contesto in cui la migrazione viene equiparata al terrorismo, si esigono altri mezzi immediati per ricongiungere le famiglie, come la creazione di un procedimento per l\u2019identificazione dei cadaveri e di un database per le persone scomparse.<\/p>\n<p>La carovana continuer\u00e0 per il resto dell\u2019anno a lavorare allo scopo di continuare ad ampliare la rete di lotta contro le necropolitiche europee.<\/p>\n<p><em>Traduzione dallo spagnolo di Mariasole Cailotto. Revisione di Thomas Schmid.<\/em><\/p>\n<div class=\"post-gallery\">\n\t\t\t<figure class=\"post-gallery-item\">\n\t\t\t\t<img decoding=\"async\" src=\"https:\/\/www.pressenza.com\/wp-content\/uploads\/2024\/07\/photo_2024-07-20_20-17-27-820x615.jpg\" loading=\"lazy\">\n\t\t\t\t<figcaption>\n\t\t\t\t\t\n\t\t\t\t<\/figcaption>\n\t\t\t<\/figure>\n\t\t\t<figure class=\"post-gallery-item\">\n\t\t\t\t<img decoding=\"async\" src=\"https:\/\/www.pressenza.com\/wp-content\/uploads\/2024\/07\/photo_2024-07-20_20-17-24-820x615.jpg\" loading=\"lazy\">\n\t\t\t\t<figcaption>\n\t\t\t\t\t\n\t\t\t\t<\/figcaption>\n\t\t\t<\/figure>\n\t\t\t<figure class=\"post-gallery-item\">\n\t\t\t\t<img decoding=\"async\" src=\"https:\/\/www.pressenza.com\/wp-content\/uploads\/2024\/07\/photo_2024-07-20_20-17-19-820x615.jpg\" loading=\"lazy\">\n\t\t\t\t<figcaption>\n\t\t\t\t\t\n\t\t\t\t<\/figcaption>\n\t\t\t<\/figure>\n\t\t\t<figure class=\"post-gallery-item\">\n\t\t\t\t<img decoding=\"async\" src=\"https:\/\/www.pressenza.com\/wp-content\/uploads\/2024\/07\/photo_2024-07-20_20-17-18-820x615.jpg\" loading=\"lazy\">\n\t\t\t\t<figcaption>\n\t\t\t\t\t\n\t\t\t\t<\/figcaption>\n\t\t\t<\/figure>\n\t\t\t<figure class=\"post-gallery-item\">\n\t\t\t\t<img decoding=\"async\" src=\"https:\/\/www.pressenza.com\/wp-content\/uploads\/2024\/07\/photo_2024-07-20_20-17-20-820x615.jpg\" loading=\"lazy\">\n\t\t\t\t<figcaption>\n\t\t\t\t\t\n\t\t\t\t<\/figcaption>\n\t\t\t<\/figure>\n\t\t\t<figure class=\"post-gallery-item\">\n\t\t\t\t<img decoding=\"async\" src=\"https:\/\/www.pressenza.com\/wp-content\/uploads\/2024\/07\/photo_2024-07-20_20-17-21-820x615.jpg\" loading=\"lazy\">\n\t\t\t\t<figcaption>\n\t\t\t\t\t\n\t\t\t\t<\/figcaption>\n\t\t\t<\/figure>\n\t\t\t<figure class=\"post-gallery-item\">\n\t\t\t\t<img decoding=\"async\" src=\"https:\/\/www.pressenza.com\/wp-content\/uploads\/2024\/07\/photo_2024-07-20_20-17-24-2-820x615.jpg\" loading=\"lazy\">\n\t\t\t\t<figcaption>\n\t\t\t\t\t\n\t\t\t\t<\/figcaption>\n\t\t\t<\/figure>\n\t\t\t<figure class=\"post-gallery-item\">\n\t\t\t\t<img decoding=\"async\" src=\"https:\/\/www.pressenza.com\/wp-content\/uploads\/2024\/07\/photo_2024-07-20_20-17-23-820x735.jpg\" loading=\"lazy\">\n\t\t\t\t<figcaption>\n\t\t\t\t\t\n\t\t\t\t<\/figcaption>\n\t\t\t<\/figure>\n\t\t\t<figure class=\"post-gallery-item\">\n\t\t\t\t<img decoding=\"async\" src=\"https:\/\/www.pressenza.com\/wp-content\/uploads\/2024\/07\/photo_2024-07-20_20-17-26-820x615.jpg\" loading=\"lazy\">\n\t\t\t\t<figcaption>\n\t\t\t\t\t\n\t\t\t\t<\/figcaption>\n\t\t\t<\/figure><\/div>\n","protected":false},"excerpt":{"rendered":"<p>Nel loro passaggio a Trieste, le attiviste hanno consolidato il movimento di solidariet\u00e0 e appoggio reciproco tra organizzazioni che lavorano sulla rotta balcanica, allo scopo di mettere al centro le testimonianze delle persone in transito e di chi le accoglie.&hellip;<\/p>\n","protected":false},"author":94,"featured_media":2540031,"comment_status":"closed","ping_status":"closed","sticky":false,"template":"","format":"standard","meta":{"footnotes":""},"categories":[60,47,54572],"tags":[4153,47981,124950,2636,55404,5075],"class_list":["post-2540016","post","type-post","status-publish","format-standard","has-post-thumbnail","hentry","category-diritti-umani","category-europa","category-migranti","tag-asilo","tag-carovana-abriendo-fronteras","tag-dormireresistere","tag-migranti","tag-rotta-balcanica","tag-trieste"],"yoast_head":"<!-- This site is optimized with the Yoast SEO plugin v27.1.1 - https:\/\/yoast.com\/product\/yoast-seo-wordpress\/ -->\n<title>La Caravana \u201cAprire le Frontiere\u201d rinforza la rete balcanica nella lotta contro la fortezza Europa<\/title>\n<meta name=\"description\" content=\"Nel loro passaggio a Trieste, le attiviste hanno consolidato il movimento di solidariet\u00e0 e appoggio reciproco tra organizzazioni che lavorano sulla rotta balcanica, allo scopo di mettere al centro le testimonianze delle persone in transito e di chi le accoglie.\" \/>\n<meta name=\"robots\" content=\"index, follow, max-snippet:-1, max-image-preview:large, max-video-preview:-1\" \/>\n<link rel=\"canonical\" href=\"https:\/\/www.pressenza.com\/it\/2024\/08\/la-caravana-aprire-le-frontiere-rinforza-la-rete-balcanica-nella-lotta-contro-la-fortezza-europa\/\" \/>\n<meta property=\"og:locale\" content=\"it_IT\" \/>\n<meta property=\"og:type\" content=\"article\" \/>\n<meta property=\"og:title\" content=\"La Caravana \u201cAprire le Frontiere\u201d rinforza la rete balcanica nella lotta contro la fortezza Europa\" \/>\n<meta property=\"og:description\" content=\"Nel loro passaggio a Trieste, le attiviste hanno consolidato il movimento di solidariet\u00e0 e appoggio reciproco tra organizzazioni che lavorano sulla rotta balcanica, allo scopo di mettere al centro le testimonianze delle persone in transito e di chi le accoglie.\" \/>\n<meta property=\"og:url\" content=\"https:\/\/www.pressenza.com\/it\/2024\/08\/la-caravana-aprire-le-frontiere-rinforza-la-rete-balcanica-nella-lotta-contro-la-fortezza-europa\/\" \/>\n<meta property=\"og:site_name\" content=\"Pressenza\" \/>\n<meta property=\"article:publisher\" content=\"https:\/\/www.facebook.com\/PressenzaItalia\" \/>\n<meta property=\"article:author\" content=\"https:\/\/www.facebook.com\/pressenza\" \/>\n<meta property=\"article:published_time\" content=\"2024-08-01T14:56:59+00:00\" \/>\n<meta property=\"article:modified_time\" content=\"2024-08-01T15:10:47+00:00\" \/>\n<meta property=\"og:image\" content=\"https:\/\/www.pressenza.com\/wp-content\/uploads\/2024\/07\/photo_2024-07-20_20-17-25.jpg\" \/>\n\t<meta property=\"og:image:width\" content=\"1024\" \/>\n\t<meta property=\"og:image:height\" content=\"823\" \/>\n\t<meta property=\"og:image:type\" content=\"image\/jpeg\" \/>\n<meta name=\"author\" content=\"Redacci\u00f3n Madrid\" \/>\n<meta name=\"twitter:card\" content=\"summary_large_image\" \/>\n<meta name=\"twitter:creator\" content=\"@pressenza\" \/>\n<meta name=\"twitter:site\" content=\"@PressenzaIPA\" \/>\n<meta name=\"twitter:label1\" content=\"Scritto da\" \/>\n\t<meta name=\"twitter:data1\" content=\"Redacci\u00f3n Madrid\" \/>\n\t<meta name=\"twitter:label2\" content=\"Tempo di lettura stimato\" \/>\n\t<meta name=\"twitter:data2\" content=\"3 minuti\" \/>\n<script type=\"application\/ld+json\" class=\"yoast-schema-graph\">{\"@context\":\"https:\/\/schema.org\",\"@graph\":[{\"@type\":\"Article\",\"@id\":\"https:\/\/www.pressenza.com\/it\/2024\/08\/la-caravana-aprire-le-frontiere-rinforza-la-rete-balcanica-nella-lotta-contro-la-fortezza-europa\/#article\",\"isPartOf\":{\"@id\":\"https:\/\/www.pressenza.com\/it\/2024\/08\/la-caravana-aprire-le-frontiere-rinforza-la-rete-balcanica-nella-lotta-contro-la-fortezza-europa\/\"},\"author\":{\"name\":\"Redacci\u00f3n Madrid\",\"@id\":\"https:\/\/www.pressenza.com\/it\/#\/schema\/person\/828fc40eeca2ad7be3630e5a46adba94\"},\"headline\":\"La Caravana \u201cAprire le Frontiere\u201d rinforza la rete balcanica nella lotta contro la fortezza Europa\",\"datePublished\":\"2024-08-01T14:56:59+00:00\",\"dateModified\":\"2024-08-01T15:10:47+00:00\",\"mainEntityOfPage\":{\"@id\":\"https:\/\/www.pressenza.com\/it\/2024\/08\/la-caravana-aprire-le-frontiere-rinforza-la-rete-balcanica-nella-lotta-contro-la-fortezza-europa\/\"},\"wordCount\":601,\"publisher\":{\"@id\":\"https:\/\/www.pressenza.com\/it\/#organization\"},\"image\":{\"@id\":\"https:\/\/www.pressenza.com\/it\/2024\/08\/la-caravana-aprire-le-frontiere-rinforza-la-rete-balcanica-nella-lotta-contro-la-fortezza-europa\/#primaryimage\"},\"thumbnailUrl\":\"https:\/\/www.pressenza.com\/wp-content\/uploads\/2024\/07\/photo_2024-07-20_20-17-25.jpg\",\"keywords\":[\"asilo\",\"Carovana \u201cABRIENDO FRONTERAS\u201d\",\"Dormire&amp;Resistere\",\"migranti\",\"rotta balcanica\",\"Trieste\"],\"articleSection\":[\"Diritti Umani\",\"Europa\",\"Migranti\"],\"inLanguage\":\"it-IT\"},{\"@type\":\"WebPage\",\"@id\":\"https:\/\/www.pressenza.com\/it\/2024\/08\/la-caravana-aprire-le-frontiere-rinforza-la-rete-balcanica-nella-lotta-contro-la-fortezza-europa\/\",\"url\":\"https:\/\/www.pressenza.com\/it\/2024\/08\/la-caravana-aprire-le-frontiere-rinforza-la-rete-balcanica-nella-lotta-contro-la-fortezza-europa\/\",\"name\":\"La Caravana \u201cAprire le Frontiere\u201d rinforza la rete balcanica nella lotta contro la fortezza Europa\",\"isPartOf\":{\"@id\":\"https:\/\/www.pressenza.com\/it\/#website\"},\"primaryImageOfPage\":{\"@id\":\"https:\/\/www.pressenza.com\/it\/2024\/08\/la-caravana-aprire-le-frontiere-rinforza-la-rete-balcanica-nella-lotta-contro-la-fortezza-europa\/#primaryimage\"},\"image\":{\"@id\":\"https:\/\/www.pressenza.com\/it\/2024\/08\/la-caravana-aprire-le-frontiere-rinforza-la-rete-balcanica-nella-lotta-contro-la-fortezza-europa\/#primaryimage\"},\"thumbnailUrl\":\"https:\/\/www.pressenza.com\/wp-content\/uploads\/2024\/07\/photo_2024-07-20_20-17-25.jpg\",\"datePublished\":\"2024-08-01T14:56:59+00:00\",\"dateModified\":\"2024-08-01T15:10:47+00:00\",\"description\":\"Nel loro passaggio a Trieste, le attiviste hanno consolidato il movimento di solidariet\u00e0 e appoggio reciproco tra organizzazioni che lavorano sulla rotta balcanica, allo scopo di mettere al centro le testimonianze delle persone in transito e di chi le accoglie.\",\"breadcrumb\":{\"@id\":\"https:\/\/www.pressenza.com\/it\/2024\/08\/la-caravana-aprire-le-frontiere-rinforza-la-rete-balcanica-nella-lotta-contro-la-fortezza-europa\/#breadcrumb\"},\"inLanguage\":\"it-IT\",\"potentialAction\":[{\"@type\":\"ReadAction\",\"target\":[\"https:\/\/www.pressenza.com\/it\/2024\/08\/la-caravana-aprire-le-frontiere-rinforza-la-rete-balcanica-nella-lotta-contro-la-fortezza-europa\/\"]}]},{\"@type\":\"ImageObject\",\"inLanguage\":\"it-IT\",\"@id\":\"https:\/\/www.pressenza.com\/it\/2024\/08\/la-caravana-aprire-le-frontiere-rinforza-la-rete-balcanica-nella-lotta-contro-la-fortezza-europa\/#primaryimage\",\"url\":\"https:\/\/www.pressenza.com\/wp-content\/uploads\/2024\/07\/photo_2024-07-20_20-17-25.jpg\",\"contentUrl\":\"https:\/\/www.pressenza.com\/wp-content\/uploads\/2024\/07\/photo_2024-07-20_20-17-25.jpg\",\"width\":1024,\"height\":823},{\"@type\":\"BreadcrumbList\",\"@id\":\"https:\/\/www.pressenza.com\/it\/2024\/08\/la-caravana-aprire-le-frontiere-rinforza-la-rete-balcanica-nella-lotta-contro-la-fortezza-europa\/#breadcrumb\",\"itemListElement\":[{\"@type\":\"ListItem\",\"position\":1,\"name\":\"Accueil\",\"item\":\"https:\/\/www.pressenza.com\/it\/\"},{\"@type\":\"ListItem\",\"position\":2,\"name\":\"La Caravana \u201cAprire le Frontiere\u201d rinforza la rete balcanica nella lotta contro la fortezza Europa\"}]},{\"@type\":\"WebSite\",\"@id\":\"https:\/\/www.pressenza.com\/it\/#website\",\"url\":\"https:\/\/www.pressenza.com\/it\/\",\"name\":\"Pressenza\",\"description\":\"Agenzia di Stampa Internazionale\",\"publisher\":{\"@id\":\"https:\/\/www.pressenza.com\/it\/#organization\"},\"potentialAction\":[{\"@type\":\"SearchAction\",\"target\":{\"@type\":\"EntryPoint\",\"urlTemplate\":\"https:\/\/www.pressenza.com\/it\/?s={search_term_string}\"},\"query-input\":{\"@type\":\"PropertyValueSpecification\",\"valueRequired\":true,\"valueName\":\"search_term_string\"}}],\"inLanguage\":\"it-IT\"},{\"@type\":\"Organization\",\"@id\":\"https:\/\/www.pressenza.com\/it\/#organization\",\"name\":\"Pressenza\",\"url\":\"https:\/\/www.pressenza.com\/it\/\",\"logo\":{\"@type\":\"ImageObject\",\"inLanguage\":\"it-IT\",\"@id\":\"https:\/\/www.pressenza.com\/it\/#\/schema\/logo\/image\/\",\"url\":\"https:\/\/www.pressenza.com\/wp-content\/uploads\/2022\/10\/pressenza_logo_200x200.jpg\",\"contentUrl\":\"https:\/\/www.pressenza.com\/wp-content\/uploads\/2022\/10\/pressenza_logo_200x200.jpg\",\"width\":200,\"height\":200,\"caption\":\"Pressenza\"},\"image\":{\"@id\":\"https:\/\/www.pressenza.com\/it\/#\/schema\/logo\/image\/\"},\"sameAs\":[\"https:\/\/www.facebook.com\/PressenzaItalia\",\"https:\/\/x.com\/PressenzaIPA\"]},{\"@type\":\"Person\",\"@id\":\"https:\/\/www.pressenza.com\/it\/#\/schema\/person\/828fc40eeca2ad7be3630e5a46adba94\",\"name\":\"Redacci\u00f3n Madrid\",\"description\":\"News from the Pressenza Bureau in Madrid, Spain\",\"sameAs\":[\"https:\/\/www.facebook.com\/pressenza\",\"https:\/\/x.com\/pressenza\"],\"url\":\"https:\/\/www.pressenza.com\/it\/author\/redaccion-madrid\/\"}]}<\/script>\n<!-- \/ Yoast SEO plugin. -->","yoast_head_json":{"title":"La Caravana \u201cAprire le Frontiere\u201d rinforza la rete balcanica nella lotta contro la fortezza Europa","description":"Nel loro passaggio a Trieste, le attiviste hanno consolidato il movimento di solidariet\u00e0 e appoggio reciproco tra organizzazioni che lavorano sulla rotta balcanica, allo scopo di mettere al centro le testimonianze delle persone in transito e di chi le accoglie.","robots":{"index":"index","follow":"follow","max-snippet":"max-snippet:-1","max-image-preview":"max-image-preview:large","max-video-preview":"max-video-preview:-1"},"canonical":"https:\/\/www.pressenza.com\/it\/2024\/08\/la-caravana-aprire-le-frontiere-rinforza-la-rete-balcanica-nella-lotta-contro-la-fortezza-europa\/","og_locale":"it_IT","og_type":"article","og_title":"La Caravana \u201cAprire le Frontiere\u201d rinforza la rete balcanica nella lotta contro la fortezza Europa","og_description":"Nel loro passaggio a Trieste, le attiviste hanno consolidato il movimento di solidariet\u00e0 e appoggio reciproco tra organizzazioni che lavorano sulla rotta balcanica, allo scopo di mettere al centro le testimonianze delle persone in transito e di chi le accoglie.","og_url":"https:\/\/www.pressenza.com\/it\/2024\/08\/la-caravana-aprire-le-frontiere-rinforza-la-rete-balcanica-nella-lotta-contro-la-fortezza-europa\/","og_site_name":"Pressenza","article_publisher":"https:\/\/www.facebook.com\/PressenzaItalia","article_author":"https:\/\/www.facebook.com\/pressenza","article_published_time":"2024-08-01T14:56:59+00:00","article_modified_time":"2024-08-01T15:10:47+00:00","og_image":[{"width":1024,"height":823,"url":"https:\/\/www.pressenza.com\/wp-content\/uploads\/2024\/07\/photo_2024-07-20_20-17-25.jpg","type":"image\/jpeg"}],"author":"Redacci\u00f3n Madrid","twitter_card":"summary_large_image","twitter_creator":"@pressenza","twitter_site":"@PressenzaIPA","twitter_misc":{"Scritto da":"Redacci\u00f3n Madrid","Tempo di lettura stimato":"3 minuti"},"schema":{"@context":"https:\/\/schema.org","@graph":[{"@type":"Article","@id":"https:\/\/www.pressenza.com\/it\/2024\/08\/la-caravana-aprire-le-frontiere-rinforza-la-rete-balcanica-nella-lotta-contro-la-fortezza-europa\/#article","isPartOf":{"@id":"https:\/\/www.pressenza.com\/it\/2024\/08\/la-caravana-aprire-le-frontiere-rinforza-la-rete-balcanica-nella-lotta-contro-la-fortezza-europa\/"},"author":{"name":"Redacci\u00f3n Madrid","@id":"https:\/\/www.pressenza.com\/it\/#\/schema\/person\/828fc40eeca2ad7be3630e5a46adba94"},"headline":"La Caravana \u201cAprire le Frontiere\u201d rinforza la rete balcanica nella lotta contro la fortezza Europa","datePublished":"2024-08-01T14:56:59+00:00","dateModified":"2024-08-01T15:10:47+00:00","mainEntityOfPage":{"@id":"https:\/\/www.pressenza.com\/it\/2024\/08\/la-caravana-aprire-le-frontiere-rinforza-la-rete-balcanica-nella-lotta-contro-la-fortezza-europa\/"},"wordCount":601,"publisher":{"@id":"https:\/\/www.pressenza.com\/it\/#organization"},"image":{"@id":"https:\/\/www.pressenza.com\/it\/2024\/08\/la-caravana-aprire-le-frontiere-rinforza-la-rete-balcanica-nella-lotta-contro-la-fortezza-europa\/#primaryimage"},"thumbnailUrl":"https:\/\/www.pressenza.com\/wp-content\/uploads\/2024\/07\/photo_2024-07-20_20-17-25.jpg","keywords":["asilo","Carovana \u201cABRIENDO FRONTERAS\u201d","Dormire&amp;Resistere","migranti","rotta balcanica","Trieste"],"articleSection":["Diritti Umani","Europa","Migranti"],"inLanguage":"it-IT"},{"@type":"WebPage","@id":"https:\/\/www.pressenza.com\/it\/2024\/08\/la-caravana-aprire-le-frontiere-rinforza-la-rete-balcanica-nella-lotta-contro-la-fortezza-europa\/","url":"https:\/\/www.pressenza.com\/it\/2024\/08\/la-caravana-aprire-le-frontiere-rinforza-la-rete-balcanica-nella-lotta-contro-la-fortezza-europa\/","name":"La Caravana \u201cAprire le Frontiere\u201d rinforza la rete balcanica nella lotta contro la fortezza Europa","isPartOf":{"@id":"https:\/\/www.pressenza.com\/it\/#website"},"primaryImageOfPage":{"@id":"https:\/\/www.pressenza.com\/it\/2024\/08\/la-caravana-aprire-le-frontiere-rinforza-la-rete-balcanica-nella-lotta-contro-la-fortezza-europa\/#primaryimage"},"image":{"@id":"https:\/\/www.pressenza.com\/it\/2024\/08\/la-caravana-aprire-le-frontiere-rinforza-la-rete-balcanica-nella-lotta-contro-la-fortezza-europa\/#primaryimage"},"thumbnailUrl":"https:\/\/www.pressenza.com\/wp-content\/uploads\/2024\/07\/photo_2024-07-20_20-17-25.jpg","datePublished":"2024-08-01T14:56:59+00:00","dateModified":"2024-08-01T15:10:47+00:00","description":"Nel loro passaggio a Trieste, le attiviste hanno consolidato il movimento di solidariet\u00e0 e appoggio reciproco tra organizzazioni che lavorano sulla rotta balcanica, allo scopo di mettere al centro le testimonianze delle persone in transito e di chi le accoglie.","breadcrumb":{"@id":"https:\/\/www.pressenza.com\/it\/2024\/08\/la-caravana-aprire-le-frontiere-rinforza-la-rete-balcanica-nella-lotta-contro-la-fortezza-europa\/#breadcrumb"},"inLanguage":"it-IT","potentialAction":[{"@type":"ReadAction","target":["https:\/\/www.pressenza.com\/it\/2024\/08\/la-caravana-aprire-le-frontiere-rinforza-la-rete-balcanica-nella-lotta-contro-la-fortezza-europa\/"]}]},{"@type":"ImageObject","inLanguage":"it-IT","@id":"https:\/\/www.pressenza.com\/it\/2024\/08\/la-caravana-aprire-le-frontiere-rinforza-la-rete-balcanica-nella-lotta-contro-la-fortezza-europa\/#primaryimage","url":"https:\/\/www.pressenza.com\/wp-content\/uploads\/2024\/07\/photo_2024-07-20_20-17-25.jpg","contentUrl":"https:\/\/www.pressenza.com\/wp-content\/uploads\/2024\/07\/photo_2024-07-20_20-17-25.jpg","width":1024,"height":823},{"@type":"BreadcrumbList","@id":"https:\/\/www.pressenza.com\/it\/2024\/08\/la-caravana-aprire-le-frontiere-rinforza-la-rete-balcanica-nella-lotta-contro-la-fortezza-europa\/#breadcrumb","itemListElement":[{"@type":"ListItem","position":1,"name":"Accueil","item":"https:\/\/www.pressenza.com\/it\/"},{"@type":"ListItem","position":2,"name":"La Caravana \u201cAprire le Frontiere\u201d rinforza la rete balcanica nella lotta contro la fortezza Europa"}]},{"@type":"WebSite","@id":"https:\/\/www.pressenza.com\/it\/#website","url":"https:\/\/www.pressenza.com\/it\/","name":"Pressenza","description":"Agenzia di Stampa Internazionale","publisher":{"@id":"https:\/\/www.pressenza.com\/it\/#organization"},"potentialAction":[{"@type":"SearchAction","target":{"@type":"EntryPoint","urlTemplate":"https:\/\/www.pressenza.com\/it\/?s={search_term_string}"},"query-input":{"@type":"PropertyValueSpecification","valueRequired":true,"valueName":"search_term_string"}}],"inLanguage":"it-IT"},{"@type":"Organization","@id":"https:\/\/www.pressenza.com\/it\/#organization","name":"Pressenza","url":"https:\/\/www.pressenza.com\/it\/","logo":{"@type":"ImageObject","inLanguage":"it-IT","@id":"https:\/\/www.pressenza.com\/it\/#\/schema\/logo\/image\/","url":"https:\/\/www.pressenza.com\/wp-content\/uploads\/2022\/10\/pressenza_logo_200x200.jpg","contentUrl":"https:\/\/www.pressenza.com\/wp-content\/uploads\/2022\/10\/pressenza_logo_200x200.jpg","width":200,"height":200,"caption":"Pressenza"},"image":{"@id":"https:\/\/www.pressenza.com\/it\/#\/schema\/logo\/image\/"},"sameAs":["https:\/\/www.facebook.com\/PressenzaItalia","https:\/\/x.com\/PressenzaIPA"]},{"@type":"Person","@id":"https:\/\/www.pressenza.com\/it\/#\/schema\/person\/828fc40eeca2ad7be3630e5a46adba94","name":"Redacci\u00f3n Madrid","description":"News from the Pressenza Bureau in Madrid, Spain","sameAs":["https:\/\/www.facebook.com\/pressenza","https:\/\/x.com\/pressenza"],"url":"https:\/\/www.pressenza.com\/it\/author\/redaccion-madrid\/"}]}},"place":"Trieste","original_article_url":"","_links":{"self":[{"href":"https:\/\/www.pressenza.com\/it\/wp-json\/wp\/v2\/posts\/2540016","targetHints":{"allow":["GET"]}}],"collection":[{"href":"https:\/\/www.pressenza.com\/it\/wp-json\/wp\/v2\/posts"}],"about":[{"href":"https:\/\/www.pressenza.com\/it\/wp-json\/wp\/v2\/types\/post"}],"author":[{"embeddable":true,"href":"https:\/\/www.pressenza.com\/it\/wp-json\/wp\/v2\/users\/94"}],"replies":[{"embeddable":true,"href":"https:\/\/www.pressenza.com\/it\/wp-json\/wp\/v2\/comments?post=2540016"}],"version-history":[{"count":0,"href":"https:\/\/www.pressenza.com\/it\/wp-json\/wp\/v2\/posts\/2540016\/revisions"}],"wp:featuredmedia":[{"embeddable":true,"href":"https:\/\/www.pressenza.com\/it\/wp-json\/wp\/v2\/media\/2540031"}],"wp:attachment":[{"href":"https:\/\/www.pressenza.com\/it\/wp-json\/wp\/v2\/media?parent=2540016"}],"wp:term":[{"taxonomy":"category","embeddable":true,"href":"https:\/\/www.pressenza.com\/it\/wp-json\/wp\/v2\/categories?post=2540016"},{"taxonomy":"post_tag","embeddable":true,"href":"https:\/\/www.pressenza.com\/it\/wp-json\/wp\/v2\/tags?post=2540016"}],"curies":[{"name":"wp","href":"https:\/\/api.w.org\/{rel}","templated":true}]}}