{"id":2540009,"date":"2024-08-01T14:46:06","date_gmt":"2024-08-01T13:46:06","guid":{"rendered":"https:\/\/www.pressenza.com\/?p=2540009"},"modified":"2024-08-01T14:46:06","modified_gmt":"2024-08-01T13:46:06","slug":"2-agosto-1944-2-agosto-2024-dopo-ottantanni-dolore-per-la-ferocia-nazista-dolore-e-rabbia-per-la-discriminazione-di-oggi","status":"publish","type":"post","link":"https:\/\/www.pressenza.com\/it\/2024\/08\/2-agosto-1944-2-agosto-2024-dopo-ottantanni-dolore-per-la-ferocia-nazista-dolore-e-rabbia-per-la-discriminazione-di-oggi\/","title":{"rendered":"2 agosto 1944-2 agosto 2024: dopo ottant\u2019anni dolore per la ferocia nazista, dolore e rabbia per la discriminazione di oggi"},"content":{"rendered":"<p>Se ne sono andati in silenzio, come l\u2019altro mezzo milione di fratelli e sorelle, bambini e bambine. Chi \u00e8 sopravvissuto ci ha lasciato poche parole e un peso schiacciante di morti non riconosciuti, non ricordati, non vendicati\u2026<\/p>\n<p>Il nostro dolore e il nostro peso senza nome, noi, zingari d\u2019Europa, lo abbiamo digerito e assimilato dentro i nostri corpi, l\u2019abbiamo fatto diventare la parte della nostra carne, lo abbiamo assunto come un destino. In ogni comunit\u00e0, in ogni quartiere rom in Europa vivono i discendenti di che \u00e8 stato mandato a morte nei campi di concentramento, e nonostante questo, in ogni citt\u00e0, ogni giorno qualcuno di noi subisce violenze razziste, ingiustizie e discriminazioni. I nostri bambini sono costretti a vivere in povert\u00e0 estrema, solo 1 su 3 in Europa ha l&#8217;accesso all&#8217;acqua potabile e il bagno in casa, segregati\u00a0 nelle scuole o esclusi dal sistema di istruzione.\u00a0 Sempre in silenzio!<\/p>\n<p>Per questo la mia preghiera stanotte non sar\u00e0 rivolta a Dio per quei morti, sar\u00e0 rivolta a rom e sinti d\u2019Europa per i nostri vivi. Sar\u00e0 per liberare chi verr\u00e0 dopo di noi di questo peso senza nome. Sar\u00e0 per spezzare la catena del silenzio e ottenere giustizia.<\/p>\n<p>Nella notte del 2 agosto 1944 circa 4.300 donne, bambini e anziani rom e sinti venivano bruciati nei forni di Auschwitz-Birkenau. Erano gli ultimi dei circa 7.000 che il 16 maggio si erano rivoltati contro le SS che dovevano liquidare il campo degli zingari (lo Zigenuerlager) per far posto a un trasporto di 4.000 ebrei ungheresi inviati da Adolf Eichmann. Dopo la rivolta le persone ancora in forze vennero inviate in altri Lager e le 4.300 rimaste liquidate in una notte sola.<\/p>\n<p>Ottant\u2019anni dopo cosa vuol dire ricordare il Baro Porrajmos (il grande divoramento, come lo ha definito Jan Hankok), il tentativo di genocidio di tutti i sinti e rom d&#8217;Europa? Ricordare un giorno di lutto, non un giorno di liberazione da commemorare perch\u00e9 non c\u2019\u00e8 stato per rom e sinti il dovuto riconoscimento dello sterminio subito, restituendo l\u2019onore a un popolo che aveva come unica colpa di essere nato \u201czingaro\u201d. Per rom e sinti non c\u2019\u00e8 stata una Norimberga che ha prodotto una cesura definitiva nella persecuzione come per gli ebrei, non c\u2019\u00e8 stato il senso di responsabilit\u00e0 collettiva per quello che \u00e8 successo dietro i cancelli degli infiniti Lager nazifascisti. Oggi ricordare vuol dire denunciare che il 27 gennaio, data simbolo in Europa e nel mondo tra le vittime della persecuzione nazifascista e nella legge che lo riconosce, manca il Porrajmos, che, esattamente come la Shoah, \u00e8 stato un genocidio su base razziale. Ricordare vuol dire che in forza di quella mancata cesura, di questo mancato riconoscimento rom e sinti sono ancora il popolo variopinto ed estraneo che ha popolato le nostre terre e i nostri incubi negli ultimi sette secoli, buoni per le infinite miserabili campagne politico-mediatiche degli strumentalizzatori della paura.<\/p>\n<p>Ricordare vuol dire quindi inserire a pieno titolo il Porrajmos nella legge che istituisce la Giornata della Memoria senza ricorrere a scorciatoie come fare del 2 agosto la giornata dello sterminio di rom e sinti, perch\u00e9 questo vorrebbe dare al Porrajmos il carattere di una tragedia laterale, di serie B, indegna di essere messa allo stesso livello di quella ebrea, mantenendo quella distinzione, quell\u2019emarginazione che \u00e8 iniziata con il processo di Norimberga e che vediamo riflessa tutti i giorni nella vita delle nostre comunit\u00e0.<\/p>\n<p>&nbsp;<\/p>\n","protected":false},"excerpt":{"rendered":"<p>Se ne sono andati in silenzio, come l\u2019altro mezzo milione di fratelli e sorelle, bambini e bambine. Chi \u00e8 sopravvissuto ci ha lasciato poche parole e un peso schiacciante di morti non riconosciuti, non ricordati, non vendicati\u2026 Il nostro dolore&hellip;<\/p>\n","protected":false},"author":594,"featured_media":2540010,"comment_status":"closed","ping_status":"closed","sticky":false,"template":"","format":"standard","meta":{"footnotes":""},"categories":[11388,47,1261],"tags":[125243,390,3193,5361,125242,4619,46165],"class_list":["post-2540009","post","type-post","status-publish","format-standard","has-post-thumbnail","hentry","category-contenuti-originali","category-europa","category-diversita","tag-auschwitz-birkenau-it","tag-discriminazione","tag-memoria-it","tag-nazisti","tag-porrajmos","tag-rom-e-sinti","tag-sterminio"],"yoast_head":"<!-- This site is optimized with the Yoast SEO plugin v27.1.1 - https:\/\/yoast.com\/product\/yoast-seo-wordpress\/ -->\n<title>2 agosto 1944-2 agosto 2024: dopo ottant\u2019anni dolore per la ferocia nazista, dolore e rabbia per la discriminazione di oggi<\/title>\n<meta name=\"description\" content=\"Se ne sono andati in silenzio, come l\u2019altro mezzo milione di fratelli e sorelle, bambini e bambine. Chi \u00e8 sopravvissuto ci ha lasciato poche parole e un\" \/>\n<meta name=\"robots\" content=\"index, follow, max-snippet:-1, max-image-preview:large, max-video-preview:-1\" \/>\n<link rel=\"canonical\" href=\"https:\/\/www.pressenza.com\/it\/2024\/08\/2-agosto-1944-2-agosto-2024-dopo-ottantanni-dolore-per-la-ferocia-nazista-dolore-e-rabbia-per-la-discriminazione-di-oggi\/\" \/>\n<meta property=\"og:locale\" content=\"it_IT\" \/>\n<meta property=\"og:type\" content=\"article\" \/>\n<meta property=\"og:title\" content=\"2 agosto 1944-2 agosto 2024: dopo ottant\u2019anni dolore per la ferocia nazista, dolore e rabbia per la discriminazione di oggi\" \/>\n<meta property=\"og:description\" content=\"Se ne sono andati in silenzio, come l\u2019altro mezzo milione di fratelli e sorelle, bambini e bambine. Chi \u00e8 sopravvissuto ci ha lasciato poche parole e un\" \/>\n<meta property=\"og:url\" content=\"https:\/\/www.pressenza.com\/it\/2024\/08\/2-agosto-1944-2-agosto-2024-dopo-ottantanni-dolore-per-la-ferocia-nazista-dolore-e-rabbia-per-la-discriminazione-di-oggi\/\" \/>\n<meta property=\"og:site_name\" content=\"Pressenza\" \/>\n<meta property=\"article:publisher\" content=\"https:\/\/www.facebook.com\/PressenzaItalia\" \/>\n<meta property=\"article:author\" content=\"https:\/\/www.facebook.com\/PressenzaItalia\" \/>\n<meta property=\"article:published_time\" content=\"2024-08-01T13:46:06+00:00\" \/>\n<meta property=\"og:image\" content=\"https:\/\/www.pressenza.com\/wp-content\/uploads\/2024\/08\/striscione-Rom-e-Sinti.jpeg\" \/>\n\t<meta property=\"og:image:width\" content=\"1824\" \/>\n\t<meta property=\"og:image:height\" content=\"1368\" \/>\n\t<meta property=\"og:image:type\" content=\"image\/jpeg\" \/>\n<meta name=\"author\" content=\"Redazione Italia\" \/>\n<meta name=\"twitter:card\" content=\"summary_large_image\" \/>\n<meta name=\"twitter:creator\" content=\"@pressenza_it\" \/>\n<meta name=\"twitter:site\" content=\"@PressenzaIPA\" \/>\n<meta name=\"twitter:label1\" content=\"Scritto da\" \/>\n\t<meta name=\"twitter:data1\" content=\"Redazione Italia\" \/>\n\t<meta name=\"twitter:label2\" content=\"Tempo di lettura stimato\" \/>\n\t<meta name=\"twitter:data2\" content=\"4 minuti\" \/>\n<script type=\"application\/ld+json\" class=\"yoast-schema-graph\">{\"@context\":\"https:\/\/schema.org\",\"@graph\":[{\"@type\":\"Article\",\"@id\":\"https:\/\/www.pressenza.com\/it\/2024\/08\/2-agosto-1944-2-agosto-2024-dopo-ottantanni-dolore-per-la-ferocia-nazista-dolore-e-rabbia-per-la-discriminazione-di-oggi\/#article\",\"isPartOf\":{\"@id\":\"https:\/\/www.pressenza.com\/it\/2024\/08\/2-agosto-1944-2-agosto-2024-dopo-ottantanni-dolore-per-la-ferocia-nazista-dolore-e-rabbia-per-la-discriminazione-di-oggi\/\"},\"author\":{\"name\":\"Redazione Italia\",\"@id\":\"https:\/\/www.pressenza.com\/it\/#\/schema\/person\/d983e81827ae24f2c7b1a2123d197f8d\"},\"headline\":\"2 agosto 1944-2 agosto 2024: dopo ottant\u2019anni dolore per la ferocia nazista, dolore e rabbia per la discriminazione di oggi\",\"datePublished\":\"2024-08-01T13:46:06+00:00\",\"mainEntityOfPage\":{\"@id\":\"https:\/\/www.pressenza.com\/it\/2024\/08\/2-agosto-1944-2-agosto-2024-dopo-ottantanni-dolore-per-la-ferocia-nazista-dolore-e-rabbia-per-la-discriminazione-di-oggi\/\"},\"wordCount\":579,\"publisher\":{\"@id\":\"https:\/\/www.pressenza.com\/it\/#organization\"},\"image\":{\"@id\":\"https:\/\/www.pressenza.com\/it\/2024\/08\/2-agosto-1944-2-agosto-2024-dopo-ottantanni-dolore-per-la-ferocia-nazista-dolore-e-rabbia-per-la-discriminazione-di-oggi\/#primaryimage\"},\"thumbnailUrl\":\"https:\/\/www.pressenza.com\/wp-content\/uploads\/2024\/08\/striscione-Rom-e-Sinti.jpeg\",\"keywords\":[\"Auschwitz-Birkenau\",\"discriminazione\",\"memoria\",\"nazisti\",\"Porrajmos\",\"Rom e Sinti\",\"sterminio\"],\"articleSection\":[\"contenuti originali\",\"Europa\",\"Non discriminazione\"],\"inLanguage\":\"it-IT\"},{\"@type\":\"WebPage\",\"@id\":\"https:\/\/www.pressenza.com\/it\/2024\/08\/2-agosto-1944-2-agosto-2024-dopo-ottantanni-dolore-per-la-ferocia-nazista-dolore-e-rabbia-per-la-discriminazione-di-oggi\/\",\"url\":\"https:\/\/www.pressenza.com\/it\/2024\/08\/2-agosto-1944-2-agosto-2024-dopo-ottantanni-dolore-per-la-ferocia-nazista-dolore-e-rabbia-per-la-discriminazione-di-oggi\/\",\"name\":\"2 agosto 1944-2 agosto 2024: dopo ottant\u2019anni dolore per la ferocia nazista, dolore e rabbia per la discriminazione di oggi\",\"isPartOf\":{\"@id\":\"https:\/\/www.pressenza.com\/it\/#website\"},\"primaryImageOfPage\":{\"@id\":\"https:\/\/www.pressenza.com\/it\/2024\/08\/2-agosto-1944-2-agosto-2024-dopo-ottantanni-dolore-per-la-ferocia-nazista-dolore-e-rabbia-per-la-discriminazione-di-oggi\/#primaryimage\"},\"image\":{\"@id\":\"https:\/\/www.pressenza.com\/it\/2024\/08\/2-agosto-1944-2-agosto-2024-dopo-ottantanni-dolore-per-la-ferocia-nazista-dolore-e-rabbia-per-la-discriminazione-di-oggi\/#primaryimage\"},\"thumbnailUrl\":\"https:\/\/www.pressenza.com\/wp-content\/uploads\/2024\/08\/striscione-Rom-e-Sinti.jpeg\",\"datePublished\":\"2024-08-01T13:46:06+00:00\",\"description\":\"Se ne sono andati in silenzio, come l\u2019altro mezzo milione di fratelli e sorelle, bambini e bambine. Chi \u00e8 sopravvissuto ci ha lasciato poche parole e un\",\"breadcrumb\":{\"@id\":\"https:\/\/www.pressenza.com\/it\/2024\/08\/2-agosto-1944-2-agosto-2024-dopo-ottantanni-dolore-per-la-ferocia-nazista-dolore-e-rabbia-per-la-discriminazione-di-oggi\/#breadcrumb\"},\"inLanguage\":\"it-IT\",\"potentialAction\":[{\"@type\":\"ReadAction\",\"target\":[\"https:\/\/www.pressenza.com\/it\/2024\/08\/2-agosto-1944-2-agosto-2024-dopo-ottantanni-dolore-per-la-ferocia-nazista-dolore-e-rabbia-per-la-discriminazione-di-oggi\/\"]}]},{\"@type\":\"ImageObject\",\"inLanguage\":\"it-IT\",\"@id\":\"https:\/\/www.pressenza.com\/it\/2024\/08\/2-agosto-1944-2-agosto-2024-dopo-ottantanni-dolore-per-la-ferocia-nazista-dolore-e-rabbia-per-la-discriminazione-di-oggi\/#primaryimage\",\"url\":\"https:\/\/www.pressenza.com\/wp-content\/uploads\/2024\/08\/striscione-Rom-e-Sinti.jpeg\",\"contentUrl\":\"https:\/\/www.pressenza.com\/wp-content\/uploads\/2024\/08\/striscione-Rom-e-Sinti.jpeg\",\"width\":1824,\"height\":1368},{\"@type\":\"BreadcrumbList\",\"@id\":\"https:\/\/www.pressenza.com\/it\/2024\/08\/2-agosto-1944-2-agosto-2024-dopo-ottantanni-dolore-per-la-ferocia-nazista-dolore-e-rabbia-per-la-discriminazione-di-oggi\/#breadcrumb\",\"itemListElement\":[{\"@type\":\"ListItem\",\"position\":1,\"name\":\"Accueil\",\"item\":\"https:\/\/www.pressenza.com\/it\/\"},{\"@type\":\"ListItem\",\"position\":2,\"name\":\"2 agosto 1944-2 agosto 2024: dopo ottant\u2019anni dolore per la ferocia nazista, dolore e rabbia per la discriminazione di oggi\"}]},{\"@type\":\"WebSite\",\"@id\":\"https:\/\/www.pressenza.com\/it\/#website\",\"url\":\"https:\/\/www.pressenza.com\/it\/\",\"name\":\"Pressenza\",\"description\":\"Agenzia di Stampa Internazionale\",\"publisher\":{\"@id\":\"https:\/\/www.pressenza.com\/it\/#organization\"},\"potentialAction\":[{\"@type\":\"SearchAction\",\"target\":{\"@type\":\"EntryPoint\",\"urlTemplate\":\"https:\/\/www.pressenza.com\/it\/?s={search_term_string}\"},\"query-input\":{\"@type\":\"PropertyValueSpecification\",\"valueRequired\":true,\"valueName\":\"search_term_string\"}}],\"inLanguage\":\"it-IT\"},{\"@type\":\"Organization\",\"@id\":\"https:\/\/www.pressenza.com\/it\/#organization\",\"name\":\"Pressenza\",\"url\":\"https:\/\/www.pressenza.com\/it\/\",\"logo\":{\"@type\":\"ImageObject\",\"inLanguage\":\"it-IT\",\"@id\":\"https:\/\/www.pressenza.com\/it\/#\/schema\/logo\/image\/\",\"url\":\"https:\/\/www.pressenza.com\/wp-content\/uploads\/2022\/10\/pressenza_logo_200x200.jpg\",\"contentUrl\":\"https:\/\/www.pressenza.com\/wp-content\/uploads\/2022\/10\/pressenza_logo_200x200.jpg\",\"width\":200,\"height\":200,\"caption\":\"Pressenza\"},\"image\":{\"@id\":\"https:\/\/www.pressenza.com\/it\/#\/schema\/logo\/image\/\"},\"sameAs\":[\"https:\/\/www.facebook.com\/PressenzaItalia\",\"https:\/\/x.com\/PressenzaIPA\"]},{\"@type\":\"Person\",\"@id\":\"https:\/\/www.pressenza.com\/it\/#\/schema\/person\/d983e81827ae24f2c7b1a2123d197f8d\",\"name\":\"Redazione Italia\",\"description\":\"News from the Pressenza Bureau in Italy\",\"sameAs\":[\"https:\/\/www.pressenza.com\/it\/author\/redazione-italia\/\",\"https:\/\/www.facebook.com\/PressenzaItalia\",\"https:\/\/www.instagram.com\/pressenza_italia\/\",\"https:\/\/x.com\/pressenza_it\",\"https:\/\/www.youtube.com\/channel\/UCSalEIWjE1RSxkwjfftFuqg\"],\"url\":\"https:\/\/www.pressenza.com\/it\/author\/redazione-italia\/\"}]}<\/script>\n<!-- \/ Yoast SEO plugin. -->","yoast_head_json":{"title":"2 agosto 1944-2 agosto 2024: dopo ottant\u2019anni dolore per la ferocia nazista, dolore e rabbia per la discriminazione di oggi","description":"Se ne sono andati in silenzio, come l\u2019altro mezzo milione di fratelli e sorelle, bambini e bambine. Chi \u00e8 sopravvissuto ci ha lasciato poche parole e un","robots":{"index":"index","follow":"follow","max-snippet":"max-snippet:-1","max-image-preview":"max-image-preview:large","max-video-preview":"max-video-preview:-1"},"canonical":"https:\/\/www.pressenza.com\/it\/2024\/08\/2-agosto-1944-2-agosto-2024-dopo-ottantanni-dolore-per-la-ferocia-nazista-dolore-e-rabbia-per-la-discriminazione-di-oggi\/","og_locale":"it_IT","og_type":"article","og_title":"2 agosto 1944-2 agosto 2024: dopo ottant\u2019anni dolore per la ferocia nazista, dolore e rabbia per la discriminazione di oggi","og_description":"Se ne sono andati in silenzio, come l\u2019altro mezzo milione di fratelli e sorelle, bambini e bambine. Chi \u00e8 sopravvissuto ci ha lasciato poche parole e un","og_url":"https:\/\/www.pressenza.com\/it\/2024\/08\/2-agosto-1944-2-agosto-2024-dopo-ottantanni-dolore-per-la-ferocia-nazista-dolore-e-rabbia-per-la-discriminazione-di-oggi\/","og_site_name":"Pressenza","article_publisher":"https:\/\/www.facebook.com\/PressenzaItalia","article_author":"https:\/\/www.facebook.com\/PressenzaItalia","article_published_time":"2024-08-01T13:46:06+00:00","og_image":[{"width":1824,"height":1368,"url":"https:\/\/www.pressenza.com\/wp-content\/uploads\/2024\/08\/striscione-Rom-e-Sinti.jpeg","type":"image\/jpeg"}],"author":"Redazione Italia","twitter_card":"summary_large_image","twitter_creator":"@pressenza_it","twitter_site":"@PressenzaIPA","twitter_misc":{"Scritto da":"Redazione Italia","Tempo di lettura stimato":"4 minuti"},"schema":{"@context":"https:\/\/schema.org","@graph":[{"@type":"Article","@id":"https:\/\/www.pressenza.com\/it\/2024\/08\/2-agosto-1944-2-agosto-2024-dopo-ottantanni-dolore-per-la-ferocia-nazista-dolore-e-rabbia-per-la-discriminazione-di-oggi\/#article","isPartOf":{"@id":"https:\/\/www.pressenza.com\/it\/2024\/08\/2-agosto-1944-2-agosto-2024-dopo-ottantanni-dolore-per-la-ferocia-nazista-dolore-e-rabbia-per-la-discriminazione-di-oggi\/"},"author":{"name":"Redazione Italia","@id":"https:\/\/www.pressenza.com\/it\/#\/schema\/person\/d983e81827ae24f2c7b1a2123d197f8d"},"headline":"2 agosto 1944-2 agosto 2024: dopo ottant\u2019anni dolore per la ferocia nazista, dolore e rabbia per la discriminazione di oggi","datePublished":"2024-08-01T13:46:06+00:00","mainEntityOfPage":{"@id":"https:\/\/www.pressenza.com\/it\/2024\/08\/2-agosto-1944-2-agosto-2024-dopo-ottantanni-dolore-per-la-ferocia-nazista-dolore-e-rabbia-per-la-discriminazione-di-oggi\/"},"wordCount":579,"publisher":{"@id":"https:\/\/www.pressenza.com\/it\/#organization"},"image":{"@id":"https:\/\/www.pressenza.com\/it\/2024\/08\/2-agosto-1944-2-agosto-2024-dopo-ottantanni-dolore-per-la-ferocia-nazista-dolore-e-rabbia-per-la-discriminazione-di-oggi\/#primaryimage"},"thumbnailUrl":"https:\/\/www.pressenza.com\/wp-content\/uploads\/2024\/08\/striscione-Rom-e-Sinti.jpeg","keywords":["Auschwitz-Birkenau","discriminazione","memoria","nazisti","Porrajmos","Rom e Sinti","sterminio"],"articleSection":["contenuti originali","Europa","Non discriminazione"],"inLanguage":"it-IT"},{"@type":"WebPage","@id":"https:\/\/www.pressenza.com\/it\/2024\/08\/2-agosto-1944-2-agosto-2024-dopo-ottantanni-dolore-per-la-ferocia-nazista-dolore-e-rabbia-per-la-discriminazione-di-oggi\/","url":"https:\/\/www.pressenza.com\/it\/2024\/08\/2-agosto-1944-2-agosto-2024-dopo-ottantanni-dolore-per-la-ferocia-nazista-dolore-e-rabbia-per-la-discriminazione-di-oggi\/","name":"2 agosto 1944-2 agosto 2024: dopo ottant\u2019anni dolore per la ferocia nazista, dolore e rabbia per la discriminazione di oggi","isPartOf":{"@id":"https:\/\/www.pressenza.com\/it\/#website"},"primaryImageOfPage":{"@id":"https:\/\/www.pressenza.com\/it\/2024\/08\/2-agosto-1944-2-agosto-2024-dopo-ottantanni-dolore-per-la-ferocia-nazista-dolore-e-rabbia-per-la-discriminazione-di-oggi\/#primaryimage"},"image":{"@id":"https:\/\/www.pressenza.com\/it\/2024\/08\/2-agosto-1944-2-agosto-2024-dopo-ottantanni-dolore-per-la-ferocia-nazista-dolore-e-rabbia-per-la-discriminazione-di-oggi\/#primaryimage"},"thumbnailUrl":"https:\/\/www.pressenza.com\/wp-content\/uploads\/2024\/08\/striscione-Rom-e-Sinti.jpeg","datePublished":"2024-08-01T13:46:06+00:00","description":"Se ne sono andati in silenzio, come l\u2019altro mezzo milione di fratelli e sorelle, bambini e bambine. Chi \u00e8 sopravvissuto ci ha lasciato poche parole e un","breadcrumb":{"@id":"https:\/\/www.pressenza.com\/it\/2024\/08\/2-agosto-1944-2-agosto-2024-dopo-ottantanni-dolore-per-la-ferocia-nazista-dolore-e-rabbia-per-la-discriminazione-di-oggi\/#breadcrumb"},"inLanguage":"it-IT","potentialAction":[{"@type":"ReadAction","target":["https:\/\/www.pressenza.com\/it\/2024\/08\/2-agosto-1944-2-agosto-2024-dopo-ottantanni-dolore-per-la-ferocia-nazista-dolore-e-rabbia-per-la-discriminazione-di-oggi\/"]}]},{"@type":"ImageObject","inLanguage":"it-IT","@id":"https:\/\/www.pressenza.com\/it\/2024\/08\/2-agosto-1944-2-agosto-2024-dopo-ottantanni-dolore-per-la-ferocia-nazista-dolore-e-rabbia-per-la-discriminazione-di-oggi\/#primaryimage","url":"https:\/\/www.pressenza.com\/wp-content\/uploads\/2024\/08\/striscione-Rom-e-Sinti.jpeg","contentUrl":"https:\/\/www.pressenza.com\/wp-content\/uploads\/2024\/08\/striscione-Rom-e-Sinti.jpeg","width":1824,"height":1368},{"@type":"BreadcrumbList","@id":"https:\/\/www.pressenza.com\/it\/2024\/08\/2-agosto-1944-2-agosto-2024-dopo-ottantanni-dolore-per-la-ferocia-nazista-dolore-e-rabbia-per-la-discriminazione-di-oggi\/#breadcrumb","itemListElement":[{"@type":"ListItem","position":1,"name":"Accueil","item":"https:\/\/www.pressenza.com\/it\/"},{"@type":"ListItem","position":2,"name":"2 agosto 1944-2 agosto 2024: dopo ottant\u2019anni dolore per la ferocia nazista, dolore e rabbia per la discriminazione di oggi"}]},{"@type":"WebSite","@id":"https:\/\/www.pressenza.com\/it\/#website","url":"https:\/\/www.pressenza.com\/it\/","name":"Pressenza","description":"Agenzia di Stampa Internazionale","publisher":{"@id":"https:\/\/www.pressenza.com\/it\/#organization"},"potentialAction":[{"@type":"SearchAction","target":{"@type":"EntryPoint","urlTemplate":"https:\/\/www.pressenza.com\/it\/?s={search_term_string}"},"query-input":{"@type":"PropertyValueSpecification","valueRequired":true,"valueName":"search_term_string"}}],"inLanguage":"it-IT"},{"@type":"Organization","@id":"https:\/\/www.pressenza.com\/it\/#organization","name":"Pressenza","url":"https:\/\/www.pressenza.com\/it\/","logo":{"@type":"ImageObject","inLanguage":"it-IT","@id":"https:\/\/www.pressenza.com\/it\/#\/schema\/logo\/image\/","url":"https:\/\/www.pressenza.com\/wp-content\/uploads\/2022\/10\/pressenza_logo_200x200.jpg","contentUrl":"https:\/\/www.pressenza.com\/wp-content\/uploads\/2022\/10\/pressenza_logo_200x200.jpg","width":200,"height":200,"caption":"Pressenza"},"image":{"@id":"https:\/\/www.pressenza.com\/it\/#\/schema\/logo\/image\/"},"sameAs":["https:\/\/www.facebook.com\/PressenzaItalia","https:\/\/x.com\/PressenzaIPA"]},{"@type":"Person","@id":"https:\/\/www.pressenza.com\/it\/#\/schema\/person\/d983e81827ae24f2c7b1a2123d197f8d","name":"Redazione Italia","description":"News from the Pressenza Bureau in Italy","sameAs":["https:\/\/www.pressenza.com\/it\/author\/redazione-italia\/","https:\/\/www.facebook.com\/PressenzaItalia","https:\/\/www.instagram.com\/pressenza_italia\/","https:\/\/x.com\/pressenza_it","https:\/\/www.youtube.com\/channel\/UCSalEIWjE1RSxkwjfftFuqg"],"url":"https:\/\/www.pressenza.com\/it\/author\/redazione-italia\/"}]}},"place":"Dijana  Pavlovic ","original_article_url":"","_links":{"self":[{"href":"https:\/\/www.pressenza.com\/it\/wp-json\/wp\/v2\/posts\/2540009","targetHints":{"allow":["GET"]}}],"collection":[{"href":"https:\/\/www.pressenza.com\/it\/wp-json\/wp\/v2\/posts"}],"about":[{"href":"https:\/\/www.pressenza.com\/it\/wp-json\/wp\/v2\/types\/post"}],"author":[{"embeddable":true,"href":"https:\/\/www.pressenza.com\/it\/wp-json\/wp\/v2\/users\/594"}],"replies":[{"embeddable":true,"href":"https:\/\/www.pressenza.com\/it\/wp-json\/wp\/v2\/comments?post=2540009"}],"version-history":[{"count":0,"href":"https:\/\/www.pressenza.com\/it\/wp-json\/wp\/v2\/posts\/2540009\/revisions"}],"wp:featuredmedia":[{"embeddable":true,"href":"https:\/\/www.pressenza.com\/it\/wp-json\/wp\/v2\/media\/2540010"}],"wp:attachment":[{"href":"https:\/\/www.pressenza.com\/it\/wp-json\/wp\/v2\/media?parent=2540009"}],"wp:term":[{"taxonomy":"category","embeddable":true,"href":"https:\/\/www.pressenza.com\/it\/wp-json\/wp\/v2\/categories?post=2540009"},{"taxonomy":"post_tag","embeddable":true,"href":"https:\/\/www.pressenza.com\/it\/wp-json\/wp\/v2\/tags?post=2540009"}],"curies":[{"name":"wp","href":"https:\/\/api.w.org\/{rel}","templated":true}]}}