{"id":2539981,"date":"2024-08-01T10:24:29","date_gmt":"2024-08-01T09:24:29","guid":{"rendered":"https:\/\/www.pressenza.com\/?p=2539981"},"modified":"2024-08-01T10:27:27","modified_gmt":"2024-08-01T09:27:27","slug":"su-antisemitismo-e-affini","status":"publish","type":"post","link":"https:\/\/www.pressenza.com\/it\/2024\/08\/su-antisemitismo-e-affini\/","title":{"rendered":"Su antisemitismo e affini"},"content":{"rendered":"<p>Ultimamente, per contrastare l\u2019accusa di antisemitismo lanciata strumentalmente da coloro che vorrebbero difendere a ogni costo anche le azioni pi\u00f9 riprovevoli degli apparati governativi israeliani, si \u00e8 diffusa un\u2019idea pericolosa perch\u00e9 frutto d\u2019ignoranza.<\/p>\n<p>Per esempio si dice che il termine \u201cantisemita\u201d deriva da anti e semita. Secondo questo ragionamento, poich\u00e9 i semiti sono popoli mediorientali che discendono da Sem<a href=\"#_ftn1\" name=\"_ftnref1\">[1]<\/a>, e semiti sono sia gli ebrei sia i palestinesi, allora il termine antisemita non pu\u00f2 riguardare solo chi odia gli ebrei. E poich\u00e9 i due popoli sono originari della stessa terra <strong>gli ebrei vogliono definirsi in esclusiva oggetto di quest\u2019odio perch\u00e9 appropriarsi di quel termine significa appropriarsi di quella terra<\/strong>.<\/p>\n<p>Sembrerebbe che il ragionamento non faccia una piega, ma a volte i sillogismi ingannano. Cominciamo dall\u2019inizio<\/p>\n<ol>\n<li>La <strong>giudeofobia<\/strong>, ovvero l\u2019ostilit\u00e0 antiebraica, \u00e8 gi\u00e0 presente fra i popoli pagani. Infatti non comprendevano il Dio unico e invisibile degli ebrei n\u00e9 le loro pratiche religiose quotidiane, il separatismo e la solidariet\u00e0 che si mostravano l\u2019un l\u2019altro, e contraccambiavano il disprezzo degli ebrei verso gli dei e i costumi idolatrici con accuse immaginarie. Li sospettavano di adorare teste d\u2019asino o di porco \u2013 la zoofilia veniva spesso usata per ridicolizzare l\u2019avversario \u2013 di essere molto potenti e presenti dappertutto, di essere atei.<\/li>\n<\/ol>\n<p>Sin dall\u2019inizio, quindi, sembrerebbe che il rigoroso vuoto d\u2019immagini religiose, tipico del monoteismo ebraico, suscitasse un tale scandalo fra i popoli che li autorizzasse a proiettarvi le proprie rappresentazioni mentali pi\u00f9 riprovevoli.<\/p>\n<ol start=\"2\">\n<li>L\u2019<strong>antigiudaismo<\/strong> \u00e8 l\u2019ostilit\u00e0 contro gli ebrei costruita teologicamente dalla Chiesa cristiana. Il nucleo centrale di tale ideologia \u00e8 costituito dalla famosa accusa di deicidio che perseguiter\u00e0 gli ebrei fino alla Sho\u00e0 e che d\u00e0 origine alla leggenda del popolo maledetto, dell\u2019\u201cebreo errante\u201d condannato a vagare, sempre perseguitato per via della sua colpa originaria. Inoltre la cristianit\u00e0, imbevuta di elementi mistici propri della cultura ellenistica, aveva elaborato una concezione ascetica del mondo assolutamente estranea all\u2019ebraismo, che esalta invece la ricchezza in quanto dono di Dio all\u2019uomo giusto. Da qui le accuse di bestialit\u00e0 rivolte agli ebrei, sferrate in particolare nei sermoni di Giovanni Crisostomo. Questo nucleo ideologico iniziale ha giustificato, nel corso dei secoli, i sospetti pi\u00f9 infamanti \u2013 di cospirare per la distruzione della cristianit\u00e0, di avvelenare i pozzi, di profanare le ostie, di rapire i fanciulli cristiani durante la settimana pasquale per ricavarne il sangue con cui impastare il pane azzimo (un motivo che verr\u00e0 ripreso spessissimo fino quasi ai giorni nostri) \u2013 e i massacri che ne seguivano.<\/li>\n<\/ol>\n<p>Inoltre secondo la teologia e l\u2019immaginario cristiano, gli ebrei erano s\u00ec deicidi, ma anche i depositari delle verit\u00e0 dell\u2019Antico Testamento; a questo doppio titolo, dovevano espiare e nello stesso tempo essere protetti dai principi. Naturalmente i potenti cercarono di trarre il massimo vantaggio dalla posizione degli ebrei, che erano totalmente alla loro merc\u00e9: gli davano la possibilit\u00e0 di prestare denaro a interesse ai sudditi cristiani e poi, attraverso una serie di meccanismi perversi, se ne impadronivano. Per esempio in Inghilterra, nel XIII sec., gli ebrei prestavano il denaro ricevendone un riconoscimento di debito. Di tanto in tanto il re imponeva loro gravi imposte in modo da costringerli a pagarlo con i riconoscimenti di debito in proprio possesso. In tal modo, li privava degli unici mezzi di guadagno e s\u2019impadroniva dei beni dei sudditi insolventi. \u00a0\u00c8 uno dei motivi storici che ha nutrito la vena dell\u2019ostilit\u00e0 antiebraica populista e di \u201csinistra\u201d.<\/p>\n<p>Una svolta fondamentale a questa terribile situazione si ebbe con la Rivoluzione francese, quando agli ebrei venne riconosciuto il diritto di cittadinanza. Inizi\u00f2 allora il processo di emancipazione che si estese, nel secolo successivo, a tutta l\u2019Europa in concomitanza con le lotte di liberazione nazionale dei popoli europei e la nascita delle prime monarchie costituzionali.<\/p>\n<p>Poich\u00e9 gli ebrei erano i principali beneficiari della modernit\u00e0 e della societ\u00e0 secolarizzata, il mondo cristiano cominci\u00f2 a vedere in loro i veri fautori, e ispiratori, della Rivoluzione francese con le conseguenze che aveva avuto sul piano delle libert\u00e0 individuali. Cos\u00ec l\u2019ostilit\u00e0 antiebraica tradizionale si spost\u00f2 sul terreno politico-sociale, dove la cristianit\u00e0 doveva ricostruire le istituzioni che erano state spazzate via dai venti rivoluzionari. I partiti di ispirazione cristiana fecero propria la lotta contro i liberali, i massoni, i liberi pensatori, i socialisti che tutti \u2013 secondo loro \u2013 erano ispirati, spinti, guidati dagli ebrei emancipati. Su questa rinnovata vena antigiudaica si innesta l\u2019ideologia razzista.<\/p>\n<p>L\u2019ideologia dell\u2019<strong>antisemitismo<\/strong> razzista, su pretese basi etnografiche e antropologiche, nasce infatti nella seconda met\u00e0 del XIX secolo, favorita dallo sviluppo delle scienze e della filosofia positivista. Nel 1853 J. A. Gobineau scrisse un <em>Saggio sulla ineguaglianza delle razze umane<\/em> \u2013 dove faceva della nozione di \u201crazza\u201d il grande motore della storia \u2013 che divenne popolare grazie anche all\u2019ondata montante dei nazionalismi europei. Sono cos\u00ec gettate le basi per la contrapposizione fra \u201cariano\u201d e \u201csemita\u201d<a href=\"#_ftn2\" name=\"_ftnref2\">[2]<\/a>.<\/p>\n<p><img loading=\"lazy\" decoding=\"async\" class=\"alignnone wp-image-2539986 size-full\" src=\"https:\/\/www.pressenza.com\/wp-content\/uploads\/2024\/08\/difesa-della-razza.jpg\" alt=\"\" width=\"400\" height=\"501\" srcset=\"https:\/\/www.pressenza.com\/wp-content\/uploads\/2024\/08\/difesa-della-razza.jpg 400w, https:\/\/www.pressenza.com\/wp-content\/uploads\/2024\/08\/difesa-della-razza-240x300.jpg 240w\" sizes=\"auto, (max-width: 400px) 100vw, 400px\" \/><\/p>\n<p>Altro elemento fondamentale del terribile ingranaggio che avrebbe schiacciato gli ebrei quarant\u2019anni dopo, fra il 1900 e il 1901 vede la luce in Russia un libello che avr\u00e0 un peso determinante nell\u2019affermazione dell\u2019antisemitismo, in Europa fra le due guerre: i famigerati <em>Protocolli dei savi di Sion<\/em>. \u00c8 una costruzione della polizia segreta zarista, copia dell\u2019opera di un certo Maurice Joly che vi rappresenta il tentativo di Napoleone III di dominare il mondo. Con la diffusione dei <em>Protocolli<\/em>, in cui sono gli ebrei che complottano per impadronirsi del mondo, il cerchio dell\u2019immaginario antigiudaico giunge al suo compimento: \u00e8 la prova di ci\u00f2 che da sempre, di loro, si era sospettato.<\/p>\n<p>Ma per riprendere il filo del ragionamento da cui \u00e8 nato questo scritto, il termine stesso \u2013 \u201cantisemitismo\u201d \u2013 per indicare l\u2019avversione verso gli ebrei fu coniato da un tedesco, Ludwig Marr, nel 1879 e da allora adottato in tutta Europa.<\/p>\n<p>Come si pu\u00f2 ben evincere, niente a che vedere con presunti popoli \u201csemiti\u201d, per altro cos\u00ec designati dalla Bibbia. Basti pensare a come sarebbe ridicolo se oggi chiamassimo \u201ccamiti\u201d gli africani perch\u00e9 discendenti di Cam, o \u201cjafetiti\u201d gli occidentali perch\u00e9 discendenti di Jafet, sempre secondo la Bibbia.<\/p>\n<p>Il modo migliore per difendersi dalle false accuse di antisemitismo \u00e8 sapere che cosa sia storicamente e ribaltarle, qualora se ne intravedano le caratteristiche, su chi le pronuncia.<\/p>\n<p>Infine, in questi momenti tragici eviterei qualsiasi polemica intorno a un termine cos\u00ec abusato e che ha portato tanta sofferenza, devastazione e morte nel XX secolo<a href=\"#_ftn3\" name=\"_ftnref3\">[3]<\/a>.<\/p>\n<p><a href=\"#_ftnref1\" name=\"_ftn1\">[1]<\/a> <em>Figlio di No\u00e8, insieme a Cam e Jafet.<\/em><\/p>\n<p><a href=\"#_ftnref2\" name=\"_ftn2\">[2]<\/a> <em>A questo proposito, si veda\u00a0 come viene raffigurato l\u2019\u201debreo\u201d nel Manifesto della razza di mussoliniana memoria: <\/em><a href=\"https:\/\/deportati.it\/archivio-storico\/manifesto_razza\/\"><em>https:\/\/deportati.it\/archivio-storico\/manifesto_razza\/<\/em><\/a><em>, in particolare il punto 9; e anche <\/em><a href=\"https:\/\/www.treccani.it\/enciclopedia\/manifesto-della-razza\"><em>https:\/\/www.treccani.it\/enciclopedia\/manifesto-della-razza<\/em><\/a><em> (Dizionario-di-Storia)\/<\/em><\/p>\n<p><a href=\"#_ftnref3\" name=\"_ftn3\">[3]<\/a> <em>I miei riferimenti per la stesura di questo articolo sono L. Poliakov, Storia dell\u2019antisemitismo, La nuova Italia, ormai fuori commercio; Maurice Sartre, in L\u2019Histoire, ottobre 2002 e P. C. Bori, Il vitello d\u2019oro, Bollati Boringhieri, 2022.<\/em><\/p>\n","protected":false},"excerpt":{"rendered":"<p>Ultimamente, per contrastare l\u2019accusa di antisemitismo lanciata strumentalmente da coloro che vorrebbero difendere a ogni costo anche le azioni pi\u00f9 riprovevoli degli apparati governativi israeliani, si \u00e8 diffusa un\u2019idea pericolosa perch\u00e9 frutto d\u2019ignoranza. Per esempio si dice che il termine&hellip;<\/p>\n","protected":false},"author":594,"featured_media":2539982,"comment_status":"closed","ping_status":"closed","sticky":false,"template":"","format":"standard","meta":{"footnotes":""},"categories":[11388,1261,162],"tags":[5102,4260,778,4417],"class_list":["post-2539981","post","type-post","status-publish","format-standard","has-post-thumbnail","hentry","category-contenuti-originali","category-diversita","category-opinioni","tag-antisemitismo","tag-ebrei","tag-israele","tag-persecuzioni"],"yoast_head":"<!-- This site is optimized with the Yoast SEO plugin v27.1.1 - https:\/\/yoast.com\/product\/yoast-seo-wordpress\/ -->\n<title>Su antisemitismo e affini<\/title>\n<meta name=\"description\" content=\"Ultimamente, per contrastare l\u2019accusa di antisemitismo lanciata strumentalmente da coloro che vorrebbero difendere a ogni costo anche le azioni pi\u00f9\" \/>\n<meta name=\"robots\" content=\"index, follow, max-snippet:-1, max-image-preview:large, max-video-preview:-1\" \/>\n<link rel=\"canonical\" href=\"https:\/\/www.pressenza.com\/it\/2024\/08\/su-antisemitismo-e-affini\/\" \/>\n<meta property=\"og:locale\" content=\"it_IT\" \/>\n<meta property=\"og:type\" content=\"article\" \/>\n<meta property=\"og:title\" content=\"Su antisemitismo e affini\" \/>\n<meta property=\"og:description\" content=\"Ultimamente, per contrastare l\u2019accusa di antisemitismo lanciata strumentalmente da coloro che vorrebbero difendere a ogni costo anche le azioni pi\u00f9\" \/>\n<meta property=\"og:url\" content=\"https:\/\/www.pressenza.com\/it\/2024\/08\/su-antisemitismo-e-affini\/\" \/>\n<meta property=\"og:site_name\" content=\"Pressenza\" \/>\n<meta property=\"article:publisher\" content=\"https:\/\/www.facebook.com\/PressenzaItalia\" \/>\n<meta property=\"article:author\" content=\"https:\/\/www.facebook.com\/PressenzaItalia\" \/>\n<meta property=\"article:published_time\" content=\"2024-08-01T09:24:29+00:00\" \/>\n<meta property=\"article:modified_time\" content=\"2024-08-01T09:27:27+00:00\" \/>\n<meta property=\"og:image\" content=\"https:\/\/www.pressenza.com\/wp-content\/uploads\/2024\/08\/lebreo-ce-ma-non-si-vede.jpg\" \/>\n\t<meta property=\"og:image:width\" content=\"553\" \/>\n\t<meta property=\"og:image:height\" content=\"565\" \/>\n\t<meta property=\"og:image:type\" content=\"image\/jpeg\" \/>\n<meta name=\"author\" content=\"Redazione Italia\" \/>\n<meta name=\"twitter:card\" content=\"summary_large_image\" \/>\n<meta name=\"twitter:creator\" content=\"@pressenza_it\" \/>\n<meta name=\"twitter:site\" content=\"@PressenzaIPA\" \/>\n<meta name=\"twitter:label1\" content=\"Scritto da\" \/>\n\t<meta name=\"twitter:data1\" content=\"Redazione Italia\" \/>\n\t<meta name=\"twitter:label2\" content=\"Tempo di lettura stimato\" \/>\n\t<meta name=\"twitter:data2\" content=\"7 minuti\" \/>\n<script type=\"application\/ld+json\" class=\"yoast-schema-graph\">{\"@context\":\"https:\/\/schema.org\",\"@graph\":[{\"@type\":\"Article\",\"@id\":\"https:\/\/www.pressenza.com\/it\/2024\/08\/su-antisemitismo-e-affini\/#article\",\"isPartOf\":{\"@id\":\"https:\/\/www.pressenza.com\/it\/2024\/08\/su-antisemitismo-e-affini\/\"},\"author\":{\"name\":\"Redazione Italia\",\"@id\":\"https:\/\/www.pressenza.com\/it\/#\/schema\/person\/d983e81827ae24f2c7b1a2123d197f8d\"},\"headline\":\"Su antisemitismo e affini\",\"datePublished\":\"2024-08-01T09:24:29+00:00\",\"dateModified\":\"2024-08-01T09:27:27+00:00\",\"mainEntityOfPage\":{\"@id\":\"https:\/\/www.pressenza.com\/it\/2024\/08\/su-antisemitismo-e-affini\/\"},\"wordCount\":1140,\"publisher\":{\"@id\":\"https:\/\/www.pressenza.com\/it\/#organization\"},\"image\":{\"@id\":\"https:\/\/www.pressenza.com\/it\/2024\/08\/su-antisemitismo-e-affini\/#primaryimage\"},\"thumbnailUrl\":\"https:\/\/www.pressenza.com\/wp-content\/uploads\/2024\/08\/lebreo-ce-ma-non-si-vede.jpg\",\"keywords\":[\"antisemitismo\",\"ebrei\",\"Israele\",\"persecuzioni\"],\"articleSection\":[\"contenuti originali\",\"Non discriminazione\",\"Opinioni\"],\"inLanguage\":\"it-IT\"},{\"@type\":\"WebPage\",\"@id\":\"https:\/\/www.pressenza.com\/it\/2024\/08\/su-antisemitismo-e-affini\/\",\"url\":\"https:\/\/www.pressenza.com\/it\/2024\/08\/su-antisemitismo-e-affini\/\",\"name\":\"Su antisemitismo e affini\",\"isPartOf\":{\"@id\":\"https:\/\/www.pressenza.com\/it\/#website\"},\"primaryImageOfPage\":{\"@id\":\"https:\/\/www.pressenza.com\/it\/2024\/08\/su-antisemitismo-e-affini\/#primaryimage\"},\"image\":{\"@id\":\"https:\/\/www.pressenza.com\/it\/2024\/08\/su-antisemitismo-e-affini\/#primaryimage\"},\"thumbnailUrl\":\"https:\/\/www.pressenza.com\/wp-content\/uploads\/2024\/08\/lebreo-ce-ma-non-si-vede.jpg\",\"datePublished\":\"2024-08-01T09:24:29+00:00\",\"dateModified\":\"2024-08-01T09:27:27+00:00\",\"description\":\"Ultimamente, per contrastare l\u2019accusa di antisemitismo lanciata strumentalmente da coloro che vorrebbero difendere a ogni costo anche le azioni pi\u00f9\",\"breadcrumb\":{\"@id\":\"https:\/\/www.pressenza.com\/it\/2024\/08\/su-antisemitismo-e-affini\/#breadcrumb\"},\"inLanguage\":\"it-IT\",\"potentialAction\":[{\"@type\":\"ReadAction\",\"target\":[\"https:\/\/www.pressenza.com\/it\/2024\/08\/su-antisemitismo-e-affini\/\"]}]},{\"@type\":\"ImageObject\",\"inLanguage\":\"it-IT\",\"@id\":\"https:\/\/www.pressenza.com\/it\/2024\/08\/su-antisemitismo-e-affini\/#primaryimage\",\"url\":\"https:\/\/www.pressenza.com\/wp-content\/uploads\/2024\/08\/lebreo-ce-ma-non-si-vede.jpg\",\"contentUrl\":\"https:\/\/www.pressenza.com\/wp-content\/uploads\/2024\/08\/lebreo-ce-ma-non-si-vede.jpg\",\"width\":553,\"height\":565},{\"@type\":\"BreadcrumbList\",\"@id\":\"https:\/\/www.pressenza.com\/it\/2024\/08\/su-antisemitismo-e-affini\/#breadcrumb\",\"itemListElement\":[{\"@type\":\"ListItem\",\"position\":1,\"name\":\"Accueil\",\"item\":\"https:\/\/www.pressenza.com\/it\/\"},{\"@type\":\"ListItem\",\"position\":2,\"name\":\"Su antisemitismo e affini\"}]},{\"@type\":\"WebSite\",\"@id\":\"https:\/\/www.pressenza.com\/it\/#website\",\"url\":\"https:\/\/www.pressenza.com\/it\/\",\"name\":\"Pressenza\",\"description\":\"Agenzia di Stampa Internazionale\",\"publisher\":{\"@id\":\"https:\/\/www.pressenza.com\/it\/#organization\"},\"potentialAction\":[{\"@type\":\"SearchAction\",\"target\":{\"@type\":\"EntryPoint\",\"urlTemplate\":\"https:\/\/www.pressenza.com\/it\/?s={search_term_string}\"},\"query-input\":{\"@type\":\"PropertyValueSpecification\",\"valueRequired\":true,\"valueName\":\"search_term_string\"}}],\"inLanguage\":\"it-IT\"},{\"@type\":\"Organization\",\"@id\":\"https:\/\/www.pressenza.com\/it\/#organization\",\"name\":\"Pressenza\",\"url\":\"https:\/\/www.pressenza.com\/it\/\",\"logo\":{\"@type\":\"ImageObject\",\"inLanguage\":\"it-IT\",\"@id\":\"https:\/\/www.pressenza.com\/it\/#\/schema\/logo\/image\/\",\"url\":\"https:\/\/www.pressenza.com\/wp-content\/uploads\/2022\/10\/pressenza_logo_200x200.jpg\",\"contentUrl\":\"https:\/\/www.pressenza.com\/wp-content\/uploads\/2022\/10\/pressenza_logo_200x200.jpg\",\"width\":200,\"height\":200,\"caption\":\"Pressenza\"},\"image\":{\"@id\":\"https:\/\/www.pressenza.com\/it\/#\/schema\/logo\/image\/\"},\"sameAs\":[\"https:\/\/www.facebook.com\/PressenzaItalia\",\"https:\/\/x.com\/PressenzaIPA\"]},{\"@type\":\"Person\",\"@id\":\"https:\/\/www.pressenza.com\/it\/#\/schema\/person\/d983e81827ae24f2c7b1a2123d197f8d\",\"name\":\"Redazione Italia\",\"description\":\"News from the Pressenza Bureau in Italy\",\"sameAs\":[\"https:\/\/www.pressenza.com\/it\/author\/redazione-italia\/\",\"https:\/\/www.facebook.com\/PressenzaItalia\",\"https:\/\/www.instagram.com\/pressenza_italia\/\",\"https:\/\/x.com\/pressenza_it\",\"https:\/\/www.youtube.com\/channel\/UCSalEIWjE1RSxkwjfftFuqg\"],\"url\":\"https:\/\/www.pressenza.com\/it\/author\/redazione-italia\/\"}]}<\/script>\n<!-- \/ Yoast SEO plugin. -->","yoast_head_json":{"title":"Su antisemitismo e affini","description":"Ultimamente, per contrastare l\u2019accusa di antisemitismo lanciata strumentalmente da coloro che vorrebbero difendere a ogni costo anche le azioni pi\u00f9","robots":{"index":"index","follow":"follow","max-snippet":"max-snippet:-1","max-image-preview":"max-image-preview:large","max-video-preview":"max-video-preview:-1"},"canonical":"https:\/\/www.pressenza.com\/it\/2024\/08\/su-antisemitismo-e-affini\/","og_locale":"it_IT","og_type":"article","og_title":"Su antisemitismo e affini","og_description":"Ultimamente, per contrastare l\u2019accusa di antisemitismo lanciata strumentalmente da coloro che vorrebbero difendere a ogni costo anche le azioni pi\u00f9","og_url":"https:\/\/www.pressenza.com\/it\/2024\/08\/su-antisemitismo-e-affini\/","og_site_name":"Pressenza","article_publisher":"https:\/\/www.facebook.com\/PressenzaItalia","article_author":"https:\/\/www.facebook.com\/PressenzaItalia","article_published_time":"2024-08-01T09:24:29+00:00","article_modified_time":"2024-08-01T09:27:27+00:00","og_image":[{"width":553,"height":565,"url":"https:\/\/www.pressenza.com\/wp-content\/uploads\/2024\/08\/lebreo-ce-ma-non-si-vede.jpg","type":"image\/jpeg"}],"author":"Redazione Italia","twitter_card":"summary_large_image","twitter_creator":"@pressenza_it","twitter_site":"@PressenzaIPA","twitter_misc":{"Scritto da":"Redazione Italia","Tempo di lettura stimato":"7 minuti"},"schema":{"@context":"https:\/\/schema.org","@graph":[{"@type":"Article","@id":"https:\/\/www.pressenza.com\/it\/2024\/08\/su-antisemitismo-e-affini\/#article","isPartOf":{"@id":"https:\/\/www.pressenza.com\/it\/2024\/08\/su-antisemitismo-e-affini\/"},"author":{"name":"Redazione Italia","@id":"https:\/\/www.pressenza.com\/it\/#\/schema\/person\/d983e81827ae24f2c7b1a2123d197f8d"},"headline":"Su antisemitismo e affini","datePublished":"2024-08-01T09:24:29+00:00","dateModified":"2024-08-01T09:27:27+00:00","mainEntityOfPage":{"@id":"https:\/\/www.pressenza.com\/it\/2024\/08\/su-antisemitismo-e-affini\/"},"wordCount":1140,"publisher":{"@id":"https:\/\/www.pressenza.com\/it\/#organization"},"image":{"@id":"https:\/\/www.pressenza.com\/it\/2024\/08\/su-antisemitismo-e-affini\/#primaryimage"},"thumbnailUrl":"https:\/\/www.pressenza.com\/wp-content\/uploads\/2024\/08\/lebreo-ce-ma-non-si-vede.jpg","keywords":["antisemitismo","ebrei","Israele","persecuzioni"],"articleSection":["contenuti originali","Non discriminazione","Opinioni"],"inLanguage":"it-IT"},{"@type":"WebPage","@id":"https:\/\/www.pressenza.com\/it\/2024\/08\/su-antisemitismo-e-affini\/","url":"https:\/\/www.pressenza.com\/it\/2024\/08\/su-antisemitismo-e-affini\/","name":"Su antisemitismo e affini","isPartOf":{"@id":"https:\/\/www.pressenza.com\/it\/#website"},"primaryImageOfPage":{"@id":"https:\/\/www.pressenza.com\/it\/2024\/08\/su-antisemitismo-e-affini\/#primaryimage"},"image":{"@id":"https:\/\/www.pressenza.com\/it\/2024\/08\/su-antisemitismo-e-affini\/#primaryimage"},"thumbnailUrl":"https:\/\/www.pressenza.com\/wp-content\/uploads\/2024\/08\/lebreo-ce-ma-non-si-vede.jpg","datePublished":"2024-08-01T09:24:29+00:00","dateModified":"2024-08-01T09:27:27+00:00","description":"Ultimamente, per contrastare l\u2019accusa di antisemitismo lanciata strumentalmente da coloro che vorrebbero difendere a ogni costo anche le azioni pi\u00f9","breadcrumb":{"@id":"https:\/\/www.pressenza.com\/it\/2024\/08\/su-antisemitismo-e-affini\/#breadcrumb"},"inLanguage":"it-IT","potentialAction":[{"@type":"ReadAction","target":["https:\/\/www.pressenza.com\/it\/2024\/08\/su-antisemitismo-e-affini\/"]}]},{"@type":"ImageObject","inLanguage":"it-IT","@id":"https:\/\/www.pressenza.com\/it\/2024\/08\/su-antisemitismo-e-affini\/#primaryimage","url":"https:\/\/www.pressenza.com\/wp-content\/uploads\/2024\/08\/lebreo-ce-ma-non-si-vede.jpg","contentUrl":"https:\/\/www.pressenza.com\/wp-content\/uploads\/2024\/08\/lebreo-ce-ma-non-si-vede.jpg","width":553,"height":565},{"@type":"BreadcrumbList","@id":"https:\/\/www.pressenza.com\/it\/2024\/08\/su-antisemitismo-e-affini\/#breadcrumb","itemListElement":[{"@type":"ListItem","position":1,"name":"Accueil","item":"https:\/\/www.pressenza.com\/it\/"},{"@type":"ListItem","position":2,"name":"Su antisemitismo e affini"}]},{"@type":"WebSite","@id":"https:\/\/www.pressenza.com\/it\/#website","url":"https:\/\/www.pressenza.com\/it\/","name":"Pressenza","description":"Agenzia di Stampa Internazionale","publisher":{"@id":"https:\/\/www.pressenza.com\/it\/#organization"},"potentialAction":[{"@type":"SearchAction","target":{"@type":"EntryPoint","urlTemplate":"https:\/\/www.pressenza.com\/it\/?s={search_term_string}"},"query-input":{"@type":"PropertyValueSpecification","valueRequired":true,"valueName":"search_term_string"}}],"inLanguage":"it-IT"},{"@type":"Organization","@id":"https:\/\/www.pressenza.com\/it\/#organization","name":"Pressenza","url":"https:\/\/www.pressenza.com\/it\/","logo":{"@type":"ImageObject","inLanguage":"it-IT","@id":"https:\/\/www.pressenza.com\/it\/#\/schema\/logo\/image\/","url":"https:\/\/www.pressenza.com\/wp-content\/uploads\/2022\/10\/pressenza_logo_200x200.jpg","contentUrl":"https:\/\/www.pressenza.com\/wp-content\/uploads\/2022\/10\/pressenza_logo_200x200.jpg","width":200,"height":200,"caption":"Pressenza"},"image":{"@id":"https:\/\/www.pressenza.com\/it\/#\/schema\/logo\/image\/"},"sameAs":["https:\/\/www.facebook.com\/PressenzaItalia","https:\/\/x.com\/PressenzaIPA"]},{"@type":"Person","@id":"https:\/\/www.pressenza.com\/it\/#\/schema\/person\/d983e81827ae24f2c7b1a2123d197f8d","name":"Redazione Italia","description":"News from the Pressenza Bureau in Italy","sameAs":["https:\/\/www.pressenza.com\/it\/author\/redazione-italia\/","https:\/\/www.facebook.com\/PressenzaItalia","https:\/\/www.instagram.com\/pressenza_italia\/","https:\/\/x.com\/pressenza_it","https:\/\/www.youtube.com\/channel\/UCSalEIWjE1RSxkwjfftFuqg"],"url":"https:\/\/www.pressenza.com\/it\/author\/redazione-italia\/"}]}},"place":"Susanna Sinigaglia","original_article_url":"","_links":{"self":[{"href":"https:\/\/www.pressenza.com\/it\/wp-json\/wp\/v2\/posts\/2539981","targetHints":{"allow":["GET"]}}],"collection":[{"href":"https:\/\/www.pressenza.com\/it\/wp-json\/wp\/v2\/posts"}],"about":[{"href":"https:\/\/www.pressenza.com\/it\/wp-json\/wp\/v2\/types\/post"}],"author":[{"embeddable":true,"href":"https:\/\/www.pressenza.com\/it\/wp-json\/wp\/v2\/users\/594"}],"replies":[{"embeddable":true,"href":"https:\/\/www.pressenza.com\/it\/wp-json\/wp\/v2\/comments?post=2539981"}],"version-history":[{"count":0,"href":"https:\/\/www.pressenza.com\/it\/wp-json\/wp\/v2\/posts\/2539981\/revisions"}],"wp:featuredmedia":[{"embeddable":true,"href":"https:\/\/www.pressenza.com\/it\/wp-json\/wp\/v2\/media\/2539982"}],"wp:attachment":[{"href":"https:\/\/www.pressenza.com\/it\/wp-json\/wp\/v2\/media?parent=2539981"}],"wp:term":[{"taxonomy":"category","embeddable":true,"href":"https:\/\/www.pressenza.com\/it\/wp-json\/wp\/v2\/categories?post=2539981"},{"taxonomy":"post_tag","embeddable":true,"href":"https:\/\/www.pressenza.com\/it\/wp-json\/wp\/v2\/tags?post=2539981"}],"curies":[{"name":"wp","href":"https:\/\/api.w.org\/{rel}","templated":true}]}}