{"id":2539899,"date":"2024-07-31T20:22:56","date_gmt":"2024-07-31T19:22:56","guid":{"rendered":"https:\/\/www.pressenza.com\/?p=2539899"},"modified":"2024-07-31T20:22:56","modified_gmt":"2024-07-31T19:22:56","slug":"referendum-abrogativo-dellautonomia-differenziata-perche-e-fondamentale-andare-a-votare","status":"publish","type":"post","link":"https:\/\/www.pressenza.com\/it\/2024\/07\/referendum-abrogativo-dellautonomia-differenziata-perche-e-fondamentale-andare-a-votare\/","title":{"rendered":"Referendum abrogativo dell\u2019Autonomia Differenziata, perch\u00e9 \u00e8 fondamentale andare a votare"},"content":{"rendered":"<p>\u201cVolete voi che sia abrogata la legge 26 giugno 2024, n. 86, Disposizioni per l&#8217;attuazione dell&#8217;autonomia differenziata delle Regioni a statuto ordinario ai sensi dell&#8217;articolo 116, terzo comma, della Costituzione\u201d? Questo il quesito su cui si sono iniziate a raccogliere, dal 20 luglio scorso, le <strong>firme necessarie per svolgere un <a href=\"https:\/\/referendumautonomiadifferenziata.com\/\">referendum abrogativo della cosiddetta \u201cLegge Calderoli\u201d,<\/a><\/strong> gi\u00e0 in vigore, con cui ci si \u00e8 deciso di differenziare i diritti fondamentali delle persone in base alla loro regione di residenza e, di conseguenza, della ricchezza prodotta dal territorio.<\/p>\n<p>Un tema su cui si discute da anni e sovente imbrogliando i cittadini. In pratica per una serie di materie, 23, fra cui scuola, sanit\u00e0, lavoro, si mira a rendere pi\u00f9 garantito chi gi\u00e0 lo \u00e8, togliendo risorse a chi \u00e8 gi\u00e0 in condizioni di disagio. La proposta nasce dalle velleit\u00e0 separatiste 2.0 della Lega, ma ha incontrato, neanche tanto tempo fa, il placet anche di presidenti di regione del centro sinistra, come Stefano Bonaccini in Emilia \u2013 Romagna, che si \u00e8 limitato a proporre piccole modifiche di facciata. E per tempo si sono confrontate due diverse scuole di pensiero: chi pensava alla possibilit\u00e0 di emendare e rendere meno drastici gli effetti dell\u2019autonomia e chi invece ha ben compreso che non esistevano spazi di mediazione. Alla fine il testo Calderoli, approvato in Parlamento, necessitava di un\u2019opposizione radicale e diretta, sia per ragioni di semplificazione del quesito da sottoporre al giudizio delle cittadine e dei cittadini, sia perch\u00e9 non c\u2019era nulla di riformabile. L\u2019avevano ben capito coloro che diedero vita in tempo al \u201cComitato per il NO a qualsiasi tipo di Autonomia Differenziata\u201d, tanto \u00e8 che chi sta andando a firmare, nei banchetti presenti col caldo torrido in tutto il Paese o, finalmente, avvalendosi della tecnologia digitale con lo Spid, sta dimostrando di non avere dubbi.<\/p>\n<p>Grazie all\u2019attivazione, dopo 4 anni di attesa, della piattaforma digitale sul sito del Ministero della Giustizia per la firma online dei referendum, il successo ha stupito gli stessi organizzatori. Mentre scriviamo ci giunge notizia che <strong>in 10 giorni sono state gi\u00e0 raggiunte 500 mila firme<\/strong>. Ne serviranno altre, magari anche il doppio per ottenere due risultati: evitare il rischio di invalidamento ma, soprattutto poter spiegare alle persone, continuando a fare i banchetti di raccolta, l\u2019importanza vitale che ha tanto la firma quanto recarsi e far recare le persone a votare. Essendo un referendum costituzionale per essere valido deve votare almeno il 50% + 1 di chi ha diritto ed \u00e8 facile che fra le destre si sviluppi una campagna astensionista.<\/p>\n<p>Entusiasta <strong>Marina Boscaino, portavoce del Comitato contro ogni autonomia differenziata<\/strong>, che abbiamo raggiunto e che cos\u00ec si \u00e8 pronunciata: \u00abIl successo straordinario della raccolta firme online per celebrare entro la primavera il referendum\u00a0 abrogativo della legge Calderoli, la 86\/2024, ci deve far riflettere su alcune cose fondamentali: innanzitutto su una rinnovata voglia dei cittadini e delle cittadine di essere protagonisti\/e, di riconquistare i propri spazi di partecipazione e la propria libert\u00e0. Un buon segno e una buona prospettiva per il futuro. In secondo luogo, su quanto siano tenaci nel nostro Paese &#8211; al netto di individualismo, disillusione, antipolitica &#8211; alcune principi fondamentali, come l&#8217;unit\u00e0 delle Repubblica e l&#8217;uguaglianza dei diritti. Ancora: il fatto che la firma online abbia fatto registrare questa eccezionale impennata deve prepararci alla sorpresa che avremo rispetto alla raccolta nelle piazze, nelle strade, a contatto con la gente: banchetti affollatissimi, grande voglia di comunicare, entusiasmo per l&#8217;iniziativa. Infine: tutto ci conferma che i quasi sei anni di lavoro che i Comitati per il Ritiro di ogni Autonomia Differenziata hanno svolto incessantemente per formare e (contro)informare le persone sulla (contro)riforma eversiva dell&#8217;Autonomia Differenziata sono serviti a qualcosa. Silenzio e inconsapevolezza sono oggi acqua passata, grazie anche all&#8217;iniziativa referendaria promossa dalla CGIL. Non perdiamo questa straordinaria occasione, firmiamo e facciamo firmare. Una firma li ferma\u00bb.<\/p>\n<p>Sperando che la Corte di Cassazione consideri valido il quesito referendario, sorge ora un altro ostacolo da affrontare per ottenere un\u2019ampia partecipazione. Difficile che \u201cTeleMeloni\u201d offra ampio spazio alla campagna referendaria. Nonostante il corpo elettorale del centro destra non sia cos\u00ec entusiasta della legge Calderoli, i cui effetti entrando in vigore, creeranno anche scenari di crisi, lo scambio \u00e8 stato gi\u00e0 fatto: l\u2019Autonomia Differenziata \u00e8 il dazio da pagare a Salvini per ottenere il via libera rispetto al premierato, altro gravissimo colpo alla Costituzione su cui presto ci si dovr\u00e0 misurare, sempre mediante referendum. Ma come convincere chi \u00e8 profondamente preda del clima di sfiducia verso la politica tout court &#8211; si veda l\u2019affluenza alle urne per le recenti elezioni europee? Occorre spiegargli i guasti che l\u2019Autonomia introduce e che penalizzer\u00e0 anche le cosiddette regioni ricche, soprattutto nel vasto stato delle persone in povert\u00e0 assoluta o relativa che cresce costantemente nel Paese. <strong>Vanno lanciate parole chiare e semplici per motivare le persone a recarsi al voto, perch\u00e9 dai risultati dipender\u00e0 il futuro anche delle nuove generazioni<\/strong>.<\/p>\n<p>A parte l\u2019assurda inutilit\u00e0 di ridurre uno Stato piccolo come l\u2019Italia a 21 staterelli, le cui condizioni di vita cambieranno varcando il confine, come spiegarlo con esempi convincenti? <strong>La secessione che si va attuando, se non si vince il referendum sar\u00e0 quella dei ricchi<\/strong>. Porter\u00e0 a <strong>privatizzare <\/strong>servizi essenziali a smantellare il Servizio Sanitario Nazionale, a rendere anche il diritto allo studio una variabile legata alle risorse. L\u2019autonomia, come afferma la vulgata, non colpir\u00e0 unicamente il Sud \u2013 che sicuramente ne pagher\u00e0 le conseguenze peggiori &#8211; \u00a0ma ogni provincia italiana ha al proprio interno dei \u201csud\u201d in cui sono assicurati meno servizi, in cui si investe di meno e solo secondo la logica del profitto. La creazione di una cornice normativa differenziata \u2013 \u201cpi\u00f9 complessa e disomogenea\u201d, come ha affermato la Banca d\u2019Italia \u2013 rallenter\u00e0 investimenti e capacit\u00e0 delle imprese pi\u00f9 piccole di far fronte ad un mosaico di leggi per chi operi produttivamente su pi\u00f9 regioni, con un aumento esponenziale di costi amministrativi ed economici, cui difficilmente potranno far fronte.<\/p>\n<p>Ma forse l\u2019esempio migliore, per spiegare il senso di questo mostro giuridico, lo ha proposto, con amara ironia Alessandro Robecchi su \u201cIl Fatto Quotidiano\u201d il 3 luglio scorso parlando di \u201cAnarchia differenziata fra staterelli litigiosi\u201d. Spiega lo scrittore: \u00abAncora non sono stati definiti i LEP., che significa Livelli Essenziali di Prestazione, cio\u00e8 un minimo sindacale sotto il quale non si pu\u00f2 andare. Esempio: ti sloghi una caviglia in Veneto e viene a prenderti un elicottero con le pale in cristalli Svarowski e due infermiere finaliste di miss Universo, ma se la caviglia te la sloghi in Molise potrebbero abbatterti sul posto con una pietosa fucilata\u00bb. E ancora, \u00ab Naturalmente non sono sfuggite all\u2019acuto legislatore alcune materie come finanza pubblica, sistema tributario, previdenza, casse di risparmio eccetera eccetera, cos\u00ec che uno dovr\u00e0 andare in giro con documenti che attestano la sua appartenenza a una determinata regione, e in base a quelli avr\u00e0 diversi trattamenti, sia fiscali che pensionistici. Una cosa che prelude a interessanti scambi di prigionieri in caso di guerre interregionali: settantadue pensionati lucani in cambio di un pensionato lombardo. La cosa pi\u00f9 divertente della riforma \u00e8 l\u2019istituzione di una Cabina di Regia del governo nazionale in cui una manciata di burocrati di nomina politica potranno dire cosa \u00e8 esagerato, in quella deliziosa anarchia, e cosa no. Per esempio, quando abbatteranno a fucilate (LEP) quello che si \u00e8 slogato una caviglia in Molise o si \u00e8 tagliato un dito nelle Marche, decideranno il calibro, l\u2019ora dell\u2019esecuzione, e se sia lecito avvertire i parenti\u00bb.<\/p>\n<p>Potrebbe essere ironia o un pericoloso suggerimento. Nel dubbio firmate, c\u2019\u00e8 tempo fino al 30 settembre.<\/p>\n","protected":false},"excerpt":{"rendered":"<p>\u201cVolete voi che sia abrogata la legge 26 giugno 2024, n. 86, Disposizioni per l&#8217;attuazione dell&#8217;autonomia differenziata delle Regioni a statuto ordinario ai sensi dell&#8217;articolo 116, terzo comma, della Costituzione\u201d? Questo il quesito su cui si sono iniziate a raccogliere,&hellip;<\/p>\n","protected":false},"author":1583,"featured_media":2533809,"comment_status":"closed","ping_status":"closed","sticky":false,"template":"","format":"standard","meta":{"footnotes":""},"categories":[11388,47,55],"tags":[101850,7229,9428,190,9286],"class_list":["post-2539899","post","type-post","status-publish","format-standard","has-post-thumbnail","hentry","category-contenuti-originali","category-europa","category-politica","tag-autonomia-differenziata","tag-disuguaglianze","tag-firme","tag-referendum","tag-secessione"],"yoast_head":"<!-- This site is optimized with the Yoast SEO plugin v27.1.1 - https:\/\/yoast.com\/product\/yoast-seo-wordpress\/ -->\n<title>Referendum abrogativo dell\u2019Autonomia Differenziata, perch\u00e9 \u00e8 fondamentale andare a votare<\/title>\n<meta name=\"description\" content=\"\u201cVolete voi che sia abrogata la legge 26 giugno 2024, n. 86, Disposizioni per l&#039;attuazione dell&#039;autonomia differenziata delle Regioni a statuto ordinario\" \/>\n<meta name=\"robots\" content=\"index, follow, max-snippet:-1, max-image-preview:large, max-video-preview:-1\" \/>\n<link rel=\"canonical\" href=\"https:\/\/www.pressenza.com\/it\/2024\/07\/referendum-abrogativo-dellautonomia-differenziata-perche-e-fondamentale-andare-a-votare\/\" \/>\n<meta property=\"og:locale\" content=\"it_IT\" \/>\n<meta property=\"og:type\" content=\"article\" \/>\n<meta property=\"og:title\" content=\"Referendum abrogativo dell\u2019Autonomia Differenziata, perch\u00e9 \u00e8 fondamentale andare a votare\" \/>\n<meta property=\"og:description\" content=\"\u201cVolete voi che sia abrogata la legge 26 giugno 2024, n. 86, Disposizioni per l&#039;attuazione dell&#039;autonomia differenziata delle Regioni a statuto ordinario\" \/>\n<meta property=\"og:url\" content=\"https:\/\/www.pressenza.com\/it\/2024\/07\/referendum-abrogativo-dellautonomia-differenziata-perche-e-fondamentale-andare-a-votare\/\" \/>\n<meta property=\"og:site_name\" content=\"Pressenza\" \/>\n<meta property=\"article:publisher\" content=\"https:\/\/www.facebook.com\/PressenzaItalia\" \/>\n<meta property=\"article:published_time\" content=\"2024-07-31T19:22:56+00:00\" \/>\n<meta property=\"og:image\" content=\"https:\/\/www.pressenza.com\/wp-content\/uploads\/2024\/07\/No-autonomia-differenziata.jpg\" \/>\n\t<meta property=\"og:image:width\" content=\"2048\" \/>\n\t<meta property=\"og:image:height\" content=\"1536\" \/>\n\t<meta property=\"og:image:type\" content=\"image\/jpeg\" \/>\n<meta name=\"author\" content=\"Stefano Galieni\" \/>\n<meta name=\"twitter:card\" content=\"summary_large_image\" \/>\n<meta name=\"twitter:creator\" content=\"@PressenzaIPA\" \/>\n<meta name=\"twitter:site\" content=\"@PressenzaIPA\" \/>\n<meta name=\"twitter:label1\" content=\"Scritto da\" \/>\n\t<meta name=\"twitter:data1\" content=\"Stefano Galieni\" \/>\n\t<meta name=\"twitter:label2\" content=\"Tempo di lettura stimato\" \/>\n\t<meta name=\"twitter:data2\" content=\"7 minuti\" \/>\n<script type=\"application\/ld+json\" class=\"yoast-schema-graph\">{\"@context\":\"https:\/\/schema.org\",\"@graph\":[{\"@type\":\"Article\",\"@id\":\"https:\/\/www.pressenza.com\/it\/2024\/07\/referendum-abrogativo-dellautonomia-differenziata-perche-e-fondamentale-andare-a-votare\/#article\",\"isPartOf\":{\"@id\":\"https:\/\/www.pressenza.com\/it\/2024\/07\/referendum-abrogativo-dellautonomia-differenziata-perche-e-fondamentale-andare-a-votare\/\"},\"author\":{\"name\":\"Stefano Galieni\",\"@id\":\"https:\/\/www.pressenza.com\/it\/#\/schema\/person\/ee4c827496e806961ee49729c7cdcae8\"},\"headline\":\"Referendum abrogativo dell\u2019Autonomia Differenziata, perch\u00e9 \u00e8 fondamentale andare a votare\",\"datePublished\":\"2024-07-31T19:22:56+00:00\",\"mainEntityOfPage\":{\"@id\":\"https:\/\/www.pressenza.com\/it\/2024\/07\/referendum-abrogativo-dellautonomia-differenziata-perche-e-fondamentale-andare-a-votare\/\"},\"wordCount\":1258,\"publisher\":{\"@id\":\"https:\/\/www.pressenza.com\/it\/#organization\"},\"image\":{\"@id\":\"https:\/\/www.pressenza.com\/it\/2024\/07\/referendum-abrogativo-dellautonomia-differenziata-perche-e-fondamentale-andare-a-votare\/#primaryimage\"},\"thumbnailUrl\":\"https:\/\/www.pressenza.com\/wp-content\/uploads\/2024\/07\/No-autonomia-differenziata.jpg\",\"keywords\":[\"autonomia differenziata\",\"disuguaglianze\",\"firme\",\"referendum\",\"secessione\"],\"articleSection\":[\"contenuti originali\",\"Europa\",\"Politica\"],\"inLanguage\":\"it-IT\"},{\"@type\":\"WebPage\",\"@id\":\"https:\/\/www.pressenza.com\/it\/2024\/07\/referendum-abrogativo-dellautonomia-differenziata-perche-e-fondamentale-andare-a-votare\/\",\"url\":\"https:\/\/www.pressenza.com\/it\/2024\/07\/referendum-abrogativo-dellautonomia-differenziata-perche-e-fondamentale-andare-a-votare\/\",\"name\":\"Referendum abrogativo dell\u2019Autonomia Differenziata, perch\u00e9 \u00e8 fondamentale andare a votare\",\"isPartOf\":{\"@id\":\"https:\/\/www.pressenza.com\/it\/#website\"},\"primaryImageOfPage\":{\"@id\":\"https:\/\/www.pressenza.com\/it\/2024\/07\/referendum-abrogativo-dellautonomia-differenziata-perche-e-fondamentale-andare-a-votare\/#primaryimage\"},\"image\":{\"@id\":\"https:\/\/www.pressenza.com\/it\/2024\/07\/referendum-abrogativo-dellautonomia-differenziata-perche-e-fondamentale-andare-a-votare\/#primaryimage\"},\"thumbnailUrl\":\"https:\/\/www.pressenza.com\/wp-content\/uploads\/2024\/07\/No-autonomia-differenziata.jpg\",\"datePublished\":\"2024-07-31T19:22:56+00:00\",\"description\":\"\u201cVolete voi che sia abrogata la legge 26 giugno 2024, n. 86, Disposizioni per l'attuazione dell'autonomia differenziata delle Regioni a statuto ordinario\",\"breadcrumb\":{\"@id\":\"https:\/\/www.pressenza.com\/it\/2024\/07\/referendum-abrogativo-dellautonomia-differenziata-perche-e-fondamentale-andare-a-votare\/#breadcrumb\"},\"inLanguage\":\"it-IT\",\"potentialAction\":[{\"@type\":\"ReadAction\",\"target\":[\"https:\/\/www.pressenza.com\/it\/2024\/07\/referendum-abrogativo-dellautonomia-differenziata-perche-e-fondamentale-andare-a-votare\/\"]}]},{\"@type\":\"ImageObject\",\"inLanguage\":\"it-IT\",\"@id\":\"https:\/\/www.pressenza.com\/it\/2024\/07\/referendum-abrogativo-dellautonomia-differenziata-perche-e-fondamentale-andare-a-votare\/#primaryimage\",\"url\":\"https:\/\/www.pressenza.com\/wp-content\/uploads\/2024\/07\/No-autonomia-differenziata.jpg\",\"contentUrl\":\"https:\/\/www.pressenza.com\/wp-content\/uploads\/2024\/07\/No-autonomia-differenziata.jpg\",\"width\":2048,\"height\":1536},{\"@type\":\"BreadcrumbList\",\"@id\":\"https:\/\/www.pressenza.com\/it\/2024\/07\/referendum-abrogativo-dellautonomia-differenziata-perche-e-fondamentale-andare-a-votare\/#breadcrumb\",\"itemListElement\":[{\"@type\":\"ListItem\",\"position\":1,\"name\":\"Accueil\",\"item\":\"https:\/\/www.pressenza.com\/it\/\"},{\"@type\":\"ListItem\",\"position\":2,\"name\":\"Referendum abrogativo dell\u2019Autonomia Differenziata, perch\u00e9 \u00e8 fondamentale andare a votare\"}]},{\"@type\":\"WebSite\",\"@id\":\"https:\/\/www.pressenza.com\/it\/#website\",\"url\":\"https:\/\/www.pressenza.com\/it\/\",\"name\":\"Pressenza\",\"description\":\"Agenzia di Stampa Internazionale\",\"publisher\":{\"@id\":\"https:\/\/www.pressenza.com\/it\/#organization\"},\"potentialAction\":[{\"@type\":\"SearchAction\",\"target\":{\"@type\":\"EntryPoint\",\"urlTemplate\":\"https:\/\/www.pressenza.com\/it\/?s={search_term_string}\"},\"query-input\":{\"@type\":\"PropertyValueSpecification\",\"valueRequired\":true,\"valueName\":\"search_term_string\"}}],\"inLanguage\":\"it-IT\"},{\"@type\":\"Organization\",\"@id\":\"https:\/\/www.pressenza.com\/it\/#organization\",\"name\":\"Pressenza\",\"url\":\"https:\/\/www.pressenza.com\/it\/\",\"logo\":{\"@type\":\"ImageObject\",\"inLanguage\":\"it-IT\",\"@id\":\"https:\/\/www.pressenza.com\/it\/#\/schema\/logo\/image\/\",\"url\":\"https:\/\/www.pressenza.com\/wp-content\/uploads\/2022\/10\/pressenza_logo_200x200.jpg\",\"contentUrl\":\"https:\/\/www.pressenza.com\/wp-content\/uploads\/2022\/10\/pressenza_logo_200x200.jpg\",\"width\":200,\"height\":200,\"caption\":\"Pressenza\"},\"image\":{\"@id\":\"https:\/\/www.pressenza.com\/it\/#\/schema\/logo\/image\/\"},\"sameAs\":[\"https:\/\/www.facebook.com\/PressenzaItalia\",\"https:\/\/x.com\/PressenzaIPA\"]},{\"@type\":\"Person\",\"@id\":\"https:\/\/www.pressenza.com\/it\/#\/schema\/person\/ee4c827496e806961ee49729c7cdcae8\",\"name\":\"Stefano Galieni\",\"url\":\"https:\/\/www.pressenza.com\/it\/author\/stefano-galieni\/\"}]}<\/script>\n<!-- \/ Yoast SEO plugin. -->","yoast_head_json":{"title":"Referendum abrogativo dell\u2019Autonomia Differenziata, perch\u00e9 \u00e8 fondamentale andare a votare","description":"\u201cVolete voi che sia abrogata la legge 26 giugno 2024, n. 86, Disposizioni per l'attuazione dell'autonomia differenziata delle Regioni a statuto ordinario","robots":{"index":"index","follow":"follow","max-snippet":"max-snippet:-1","max-image-preview":"max-image-preview:large","max-video-preview":"max-video-preview:-1"},"canonical":"https:\/\/www.pressenza.com\/it\/2024\/07\/referendum-abrogativo-dellautonomia-differenziata-perche-e-fondamentale-andare-a-votare\/","og_locale":"it_IT","og_type":"article","og_title":"Referendum abrogativo dell\u2019Autonomia Differenziata, perch\u00e9 \u00e8 fondamentale andare a votare","og_description":"\u201cVolete voi che sia abrogata la legge 26 giugno 2024, n. 86, Disposizioni per l'attuazione dell'autonomia differenziata delle Regioni a statuto ordinario","og_url":"https:\/\/www.pressenza.com\/it\/2024\/07\/referendum-abrogativo-dellautonomia-differenziata-perche-e-fondamentale-andare-a-votare\/","og_site_name":"Pressenza","article_publisher":"https:\/\/www.facebook.com\/PressenzaItalia","article_published_time":"2024-07-31T19:22:56+00:00","og_image":[{"width":2048,"height":1536,"url":"https:\/\/www.pressenza.com\/wp-content\/uploads\/2024\/07\/No-autonomia-differenziata.jpg","type":"image\/jpeg"}],"author":"Stefano Galieni","twitter_card":"summary_large_image","twitter_creator":"@PressenzaIPA","twitter_site":"@PressenzaIPA","twitter_misc":{"Scritto da":"Stefano Galieni","Tempo di lettura stimato":"7 minuti"},"schema":{"@context":"https:\/\/schema.org","@graph":[{"@type":"Article","@id":"https:\/\/www.pressenza.com\/it\/2024\/07\/referendum-abrogativo-dellautonomia-differenziata-perche-e-fondamentale-andare-a-votare\/#article","isPartOf":{"@id":"https:\/\/www.pressenza.com\/it\/2024\/07\/referendum-abrogativo-dellautonomia-differenziata-perche-e-fondamentale-andare-a-votare\/"},"author":{"name":"Stefano Galieni","@id":"https:\/\/www.pressenza.com\/it\/#\/schema\/person\/ee4c827496e806961ee49729c7cdcae8"},"headline":"Referendum abrogativo dell\u2019Autonomia Differenziata, perch\u00e9 \u00e8 fondamentale andare a votare","datePublished":"2024-07-31T19:22:56+00:00","mainEntityOfPage":{"@id":"https:\/\/www.pressenza.com\/it\/2024\/07\/referendum-abrogativo-dellautonomia-differenziata-perche-e-fondamentale-andare-a-votare\/"},"wordCount":1258,"publisher":{"@id":"https:\/\/www.pressenza.com\/it\/#organization"},"image":{"@id":"https:\/\/www.pressenza.com\/it\/2024\/07\/referendum-abrogativo-dellautonomia-differenziata-perche-e-fondamentale-andare-a-votare\/#primaryimage"},"thumbnailUrl":"https:\/\/www.pressenza.com\/wp-content\/uploads\/2024\/07\/No-autonomia-differenziata.jpg","keywords":["autonomia differenziata","disuguaglianze","firme","referendum","secessione"],"articleSection":["contenuti originali","Europa","Politica"],"inLanguage":"it-IT"},{"@type":"WebPage","@id":"https:\/\/www.pressenza.com\/it\/2024\/07\/referendum-abrogativo-dellautonomia-differenziata-perche-e-fondamentale-andare-a-votare\/","url":"https:\/\/www.pressenza.com\/it\/2024\/07\/referendum-abrogativo-dellautonomia-differenziata-perche-e-fondamentale-andare-a-votare\/","name":"Referendum abrogativo dell\u2019Autonomia Differenziata, perch\u00e9 \u00e8 fondamentale andare a votare","isPartOf":{"@id":"https:\/\/www.pressenza.com\/it\/#website"},"primaryImageOfPage":{"@id":"https:\/\/www.pressenza.com\/it\/2024\/07\/referendum-abrogativo-dellautonomia-differenziata-perche-e-fondamentale-andare-a-votare\/#primaryimage"},"image":{"@id":"https:\/\/www.pressenza.com\/it\/2024\/07\/referendum-abrogativo-dellautonomia-differenziata-perche-e-fondamentale-andare-a-votare\/#primaryimage"},"thumbnailUrl":"https:\/\/www.pressenza.com\/wp-content\/uploads\/2024\/07\/No-autonomia-differenziata.jpg","datePublished":"2024-07-31T19:22:56+00:00","description":"\u201cVolete voi che sia abrogata la legge 26 giugno 2024, n. 86, Disposizioni per l'attuazione dell'autonomia differenziata delle Regioni a statuto ordinario","breadcrumb":{"@id":"https:\/\/www.pressenza.com\/it\/2024\/07\/referendum-abrogativo-dellautonomia-differenziata-perche-e-fondamentale-andare-a-votare\/#breadcrumb"},"inLanguage":"it-IT","potentialAction":[{"@type":"ReadAction","target":["https:\/\/www.pressenza.com\/it\/2024\/07\/referendum-abrogativo-dellautonomia-differenziata-perche-e-fondamentale-andare-a-votare\/"]}]},{"@type":"ImageObject","inLanguage":"it-IT","@id":"https:\/\/www.pressenza.com\/it\/2024\/07\/referendum-abrogativo-dellautonomia-differenziata-perche-e-fondamentale-andare-a-votare\/#primaryimage","url":"https:\/\/www.pressenza.com\/wp-content\/uploads\/2024\/07\/No-autonomia-differenziata.jpg","contentUrl":"https:\/\/www.pressenza.com\/wp-content\/uploads\/2024\/07\/No-autonomia-differenziata.jpg","width":2048,"height":1536},{"@type":"BreadcrumbList","@id":"https:\/\/www.pressenza.com\/it\/2024\/07\/referendum-abrogativo-dellautonomia-differenziata-perche-e-fondamentale-andare-a-votare\/#breadcrumb","itemListElement":[{"@type":"ListItem","position":1,"name":"Accueil","item":"https:\/\/www.pressenza.com\/it\/"},{"@type":"ListItem","position":2,"name":"Referendum abrogativo dell\u2019Autonomia Differenziata, perch\u00e9 \u00e8 fondamentale andare a votare"}]},{"@type":"WebSite","@id":"https:\/\/www.pressenza.com\/it\/#website","url":"https:\/\/www.pressenza.com\/it\/","name":"Pressenza","description":"Agenzia di Stampa Internazionale","publisher":{"@id":"https:\/\/www.pressenza.com\/it\/#organization"},"potentialAction":[{"@type":"SearchAction","target":{"@type":"EntryPoint","urlTemplate":"https:\/\/www.pressenza.com\/it\/?s={search_term_string}"},"query-input":{"@type":"PropertyValueSpecification","valueRequired":true,"valueName":"search_term_string"}}],"inLanguage":"it-IT"},{"@type":"Organization","@id":"https:\/\/www.pressenza.com\/it\/#organization","name":"Pressenza","url":"https:\/\/www.pressenza.com\/it\/","logo":{"@type":"ImageObject","inLanguage":"it-IT","@id":"https:\/\/www.pressenza.com\/it\/#\/schema\/logo\/image\/","url":"https:\/\/www.pressenza.com\/wp-content\/uploads\/2022\/10\/pressenza_logo_200x200.jpg","contentUrl":"https:\/\/www.pressenza.com\/wp-content\/uploads\/2022\/10\/pressenza_logo_200x200.jpg","width":200,"height":200,"caption":"Pressenza"},"image":{"@id":"https:\/\/www.pressenza.com\/it\/#\/schema\/logo\/image\/"},"sameAs":["https:\/\/www.facebook.com\/PressenzaItalia","https:\/\/x.com\/PressenzaIPA"]},{"@type":"Person","@id":"https:\/\/www.pressenza.com\/it\/#\/schema\/person\/ee4c827496e806961ee49729c7cdcae8","name":"Stefano Galieni","url":"https:\/\/www.pressenza.com\/it\/author\/stefano-galieni\/"}]}},"place":"","original_article_url":"","_links":{"self":[{"href":"https:\/\/www.pressenza.com\/it\/wp-json\/wp\/v2\/posts\/2539899","targetHints":{"allow":["GET"]}}],"collection":[{"href":"https:\/\/www.pressenza.com\/it\/wp-json\/wp\/v2\/posts"}],"about":[{"href":"https:\/\/www.pressenza.com\/it\/wp-json\/wp\/v2\/types\/post"}],"author":[{"embeddable":true,"href":"https:\/\/www.pressenza.com\/it\/wp-json\/wp\/v2\/users\/1583"}],"replies":[{"embeddable":true,"href":"https:\/\/www.pressenza.com\/it\/wp-json\/wp\/v2\/comments?post=2539899"}],"version-history":[{"count":0,"href":"https:\/\/www.pressenza.com\/it\/wp-json\/wp\/v2\/posts\/2539899\/revisions"}],"wp:featuredmedia":[{"embeddable":true,"href":"https:\/\/www.pressenza.com\/it\/wp-json\/wp\/v2\/media\/2533809"}],"wp:attachment":[{"href":"https:\/\/www.pressenza.com\/it\/wp-json\/wp\/v2\/media?parent=2539899"}],"wp:term":[{"taxonomy":"category","embeddable":true,"href":"https:\/\/www.pressenza.com\/it\/wp-json\/wp\/v2\/categories?post=2539899"},{"taxonomy":"post_tag","embeddable":true,"href":"https:\/\/www.pressenza.com\/it\/wp-json\/wp\/v2\/tags?post=2539899"}],"curies":[{"name":"wp","href":"https:\/\/api.w.org\/{rel}","templated":true}]}}