{"id":2539112,"date":"2024-07-28T14:35:01","date_gmt":"2024-07-28T13:35:01","guid":{"rendered":"https:\/\/www.pressenza.com\/?p=2539112"},"modified":"2024-07-28T14:35:01","modified_gmt":"2024-07-28T13:35:01","slug":"innovazione-ma-responsabile","status":"publish","type":"post","link":"https:\/\/www.pressenza.com\/it\/2024\/07\/innovazione-ma-responsabile\/","title":{"rendered":"Innovazione, ma responsabile"},"content":{"rendered":"<p>Innovazione, ma responsabile<\/p>\n<p>Abbiamo faticosamente attraversato un periodo di recessione. <\/p>\n<p>Economisti e politici ci dicono che per uscirne dobbiamo consumare di pi\u00f9 perch\u00e9, se crescono i consumi, cresceranno anche la produzione, l\u2019occupazione e il PIL. <\/p>\n<p>Le parole d\u2019ordine sono sviluppo, crescita e innovazione. <\/p>\n<p>L\u2019innovazione, parola oggi cos\u00ec frequentemente usata (20.800.000 voci su Google), \u00e8 considerata il motore dello sviluppo e della crescita. <\/p>\n<p>All\u2019innovazione si chiede, anzitutto, di fare aumentare i consumi, cio\u00e8 di creare prodotti nuovi, sempre pi\u00f9 attraenti e desiderabili per il consumatore. <\/p>\n<p>Non importa se si tratta di prodotti inutili, perch\u00e9 con la pubblicit\u00e0 si possono sempre imporre sul mercato.<br \/>\nMeglio se vengono programmati per rompersi dopo breve tempo, cos\u00ec che si dovranno gettare e non avremo scrupoli nel comprare il modello pi\u00f9 recente. <\/p>\n<p>Non dobbiamo neppure preoccuparci troppo di produrre rifiuti, perch\u00e9 troveremo sempre un modo per farli scomparire dalla nostra vista: nascondendoli sottoterra, bruciandoli perch\u00e9 se ne vadano, invisibili, in quella immensa discarica comune che \u00e8 l\u2019atmosfera, oppure gettandoli nei mari che ricoprono tre quarti della superficie del pianeta. <\/p>\n<p>Nel caso dei rifiuti elettronici, poi, potremo continuare a \u201cregalarli\u201d ai paesi sottosviluppati dell\u2019Asia o dell\u2019Africa, dove ci saranno sempre persone povere che tenteranno di ricavarne qualcosa, con gravi rischi per la loro salute. <\/p>\n<p>Una simile ricetta, per\u00f2, non solo \u00e8 profondamente sbagliata eticamente, ma \u00e8 ecologicamente insostenibile.<br \/>\nUn\u2019innovazione volta soltanto ad aumentare i consumi ci porterebbe al disastro collettivo nel giro di qualche decina d\u2019anni o forse prima. <\/p>\n<p>Pertanto, parlare genericamente di innovazione senza qualificarla non ha senso.<\/p>\n<p>Ovviamente, bisognerebbe smettere di innovare nel campo degli armamenti; ne abbiamo gi\u00e0 troppi, sofisticati e micidiali. <\/p>\n<p>Pi\u00f9 in generale, bisogna guardarsi bene da ogni innovazione basata su maggior consumo di risorse, maggior produzione di rifiuti e aumento delle disuguaglianze. <\/p>\n<p>L\u2019unica innovazione che dobbiamo perseguire \u00e8 quella che ha per obiettivo la sostenibilit\u00e0 nel suo duplice aspetto: sostenibilit\u00e0 ecologica e sostenibilit\u00e0 sociale.<br \/>\nInfatti, come scrive papa Francesco nell\u2019enciclica Laudato si\u2019, \u201c Non ci sono due crisi separate, una ambientale e un\u2019altra sociale, bens\u00ec una sola e complessa crisi socio-ambientale.<\/p>\n<p>Un\u2019innovazione responsabile ha proprio il compito di contribuire a risolvere queste crisi.<\/p>\n<p>Le prime cose da innovare sono istruzione e cultura: bisogna far sapere a tutti i cittadini, in particolare ai giovani, qual \u00e8 la situazione reale delle risorse, dei rifiuti e delle disuguaglianze nel mondo in cui viviamo.<\/p>\n<p>Le imprese devono considerare che l\u2019innovazione responsabile, cio\u00e8 l\u2019innovazione nella direzione della sostenibilit\u00e0 ecologica e sociale, sar\u00e0 sempre pi\u00f9 premiata, perch\u00e9 si va diffondendo fra la gente la consapevolezza che bisogna porre rimedio alla crisi energetica e climatica e, pi\u00f9 in generale, ai danni causati dall\u2019economia dell\u2019usa e getta. <\/p>\n<p>Gi\u00e0 oggi molti acquirenti, e il loro numero aumenter\u00e0 costantemente, sono disposti a pagare di pi\u00f9 se hanno la certezza che quello che comprano \u00e8 stato prodotto seguendo i criteri dell\u2019innovazione responsabile.<\/p>\n<p>(Vincenzo Balzani, docente emerito di Chimica, Universit\u00e0 di Bologna)<\/p>\n","protected":false},"excerpt":{"rendered":"<p>Innovazione, ma responsabile Abbiamo faticosamente attraversato un periodo di recessione. Economisti e politici ci dicono che per uscirne dobbiamo consumare di pi\u00f9 perch\u00e9, se crescono i consumi, cresceranno anche la produzione, l\u2019occupazione e il PIL. Le parole d\u2019ordine sono sviluppo,&hellip;<\/p>\n","protected":false},"author":2076,"featured_media":623750,"comment_status":"closed","ping_status":"closed","sticky":false,"template":"","format":"standard","meta":{"footnotes":""},"categories":[11388,56,59],"tags":[10114,8070],"class_list":["post-2539112","post","type-post","status-publish","format-standard","has-post-thumbnail","hentry","category-contenuti-originali","category-cultura","category-ambiente-ecologia","tag-consumi","tag-innovazione"],"yoast_head":"<!-- This site is optimized with the Yoast SEO plugin v27.1.1 - https:\/\/yoast.com\/product\/yoast-seo-wordpress\/ -->\n<title>Innovazione, ma responsabile<\/title>\n<meta name=\"description\" content=\"Innovazione, ma responsabile Abbiamo faticosamente attraversato un periodo di recessione. Economisti e politici ci dicono che per uscirne dobbiamo\" \/>\n<meta name=\"robots\" content=\"index, follow, max-snippet:-1, max-image-preview:large, max-video-preview:-1\" \/>\n<link rel=\"canonical\" href=\"https:\/\/www.pressenza.com\/it\/2024\/07\/innovazione-ma-responsabile\/\" \/>\n<meta property=\"og:locale\" content=\"it_IT\" \/>\n<meta property=\"og:type\" content=\"article\" \/>\n<meta property=\"og:title\" content=\"Innovazione, ma responsabile\" \/>\n<meta property=\"og:description\" content=\"Innovazione, ma responsabile Abbiamo faticosamente attraversato un periodo di recessione. Economisti e politici ci dicono che per uscirne dobbiamo\" \/>\n<meta property=\"og:url\" content=\"https:\/\/www.pressenza.com\/it\/2024\/07\/innovazione-ma-responsabile\/\" \/>\n<meta property=\"og:site_name\" content=\"Pressenza\" \/>\n<meta property=\"article:publisher\" content=\"https:\/\/www.facebook.com\/PressenzaItalia\" \/>\n<meta property=\"article:published_time\" content=\"2024-07-28T13:35:01+00:00\" \/>\n<meta property=\"og:image\" content=\"https:\/\/www.pressenza.com\/wp-content\/uploads\/2018\/04\/rifiuti_elettronici-GP-1.jpg\" \/>\n\t<meta property=\"og:image:width\" content=\"800\" \/>\n\t<meta property=\"og:image:height\" content=\"533\" \/>\n\t<meta property=\"og:image:type\" content=\"image\/jpeg\" \/>\n<meta name=\"author\" content=\"Vincenzo Balzani\" \/>\n<meta name=\"twitter:card\" content=\"summary_large_image\" \/>\n<meta name=\"twitter:creator\" content=\"@PressenzaIPA\" \/>\n<meta name=\"twitter:site\" content=\"@PressenzaIPA\" \/>\n<meta name=\"twitter:label1\" content=\"Scritto da\" \/>\n\t<meta name=\"twitter:data1\" content=\"Vincenzo Balzani\" \/>\n\t<meta name=\"twitter:label2\" content=\"Tempo di lettura stimato\" \/>\n\t<meta name=\"twitter:data2\" content=\"3 minuti\" \/>\n<script type=\"application\/ld+json\" class=\"yoast-schema-graph\">{\"@context\":\"https:\/\/schema.org\",\"@graph\":[{\"@type\":\"Article\",\"@id\":\"https:\/\/www.pressenza.com\/it\/2024\/07\/innovazione-ma-responsabile\/#article\",\"isPartOf\":{\"@id\":\"https:\/\/www.pressenza.com\/it\/2024\/07\/innovazione-ma-responsabile\/\"},\"author\":{\"name\":\"Vincenzo Balzani\",\"@id\":\"https:\/\/www.pressenza.com\/it\/#\/schema\/person\/4058553a0c97edcf85e1c26deef7facd\"},\"headline\":\"Innovazione, ma responsabile\",\"datePublished\":\"2024-07-28T13:35:01+00:00\",\"mainEntityOfPage\":{\"@id\":\"https:\/\/www.pressenza.com\/it\/2024\/07\/innovazione-ma-responsabile\/\"},\"wordCount\":491,\"publisher\":{\"@id\":\"https:\/\/www.pressenza.com\/it\/#organization\"},\"image\":{\"@id\":\"https:\/\/www.pressenza.com\/it\/2024\/07\/innovazione-ma-responsabile\/#primaryimage\"},\"thumbnailUrl\":\"https:\/\/www.pressenza.com\/wp-content\/uploads\/2018\/04\/rifiuti_elettronici-GP-1.jpg\",\"keywords\":[\"consumi\",\"innovazione\"],\"articleSection\":[\"contenuti originali\",\"Cultura e Media\",\"Ecologia ed Ambiente\"],\"inLanguage\":\"it-IT\"},{\"@type\":\"WebPage\",\"@id\":\"https:\/\/www.pressenza.com\/it\/2024\/07\/innovazione-ma-responsabile\/\",\"url\":\"https:\/\/www.pressenza.com\/it\/2024\/07\/innovazione-ma-responsabile\/\",\"name\":\"Innovazione, ma responsabile\",\"isPartOf\":{\"@id\":\"https:\/\/www.pressenza.com\/it\/#website\"},\"primaryImageOfPage\":{\"@id\":\"https:\/\/www.pressenza.com\/it\/2024\/07\/innovazione-ma-responsabile\/#primaryimage\"},\"image\":{\"@id\":\"https:\/\/www.pressenza.com\/it\/2024\/07\/innovazione-ma-responsabile\/#primaryimage\"},\"thumbnailUrl\":\"https:\/\/www.pressenza.com\/wp-content\/uploads\/2018\/04\/rifiuti_elettronici-GP-1.jpg\",\"datePublished\":\"2024-07-28T13:35:01+00:00\",\"description\":\"Innovazione, ma responsabile Abbiamo faticosamente attraversato un periodo di recessione. Economisti e politici ci dicono che per uscirne dobbiamo\",\"breadcrumb\":{\"@id\":\"https:\/\/www.pressenza.com\/it\/2024\/07\/innovazione-ma-responsabile\/#breadcrumb\"},\"inLanguage\":\"it-IT\",\"potentialAction\":[{\"@type\":\"ReadAction\",\"target\":[\"https:\/\/www.pressenza.com\/it\/2024\/07\/innovazione-ma-responsabile\/\"]}]},{\"@type\":\"ImageObject\",\"inLanguage\":\"it-IT\",\"@id\":\"https:\/\/www.pressenza.com\/it\/2024\/07\/innovazione-ma-responsabile\/#primaryimage\",\"url\":\"https:\/\/www.pressenza.com\/wp-content\/uploads\/2018\/04\/rifiuti_elettronici-GP-1.jpg\",\"contentUrl\":\"https:\/\/www.pressenza.com\/wp-content\/uploads\/2018\/04\/rifiuti_elettronici-GP-1.jpg\",\"width\":800,\"height\":533,\"caption\":\"A boy breaks computer components in order to reclaim metals such as copper and aluminium.\"},{\"@type\":\"BreadcrumbList\",\"@id\":\"https:\/\/www.pressenza.com\/it\/2024\/07\/innovazione-ma-responsabile\/#breadcrumb\",\"itemListElement\":[{\"@type\":\"ListItem\",\"position\":1,\"name\":\"Accueil\",\"item\":\"https:\/\/www.pressenza.com\/it\/\"},{\"@type\":\"ListItem\",\"position\":2,\"name\":\"Innovazione, ma responsabile\"}]},{\"@type\":\"WebSite\",\"@id\":\"https:\/\/www.pressenza.com\/it\/#website\",\"url\":\"https:\/\/www.pressenza.com\/it\/\",\"name\":\"Pressenza\",\"description\":\"Agenzia di Stampa Internazionale\",\"publisher\":{\"@id\":\"https:\/\/www.pressenza.com\/it\/#organization\"},\"potentialAction\":[{\"@type\":\"SearchAction\",\"target\":{\"@type\":\"EntryPoint\",\"urlTemplate\":\"https:\/\/www.pressenza.com\/it\/?s={search_term_string}\"},\"query-input\":{\"@type\":\"PropertyValueSpecification\",\"valueRequired\":true,\"valueName\":\"search_term_string\"}}],\"inLanguage\":\"it-IT\"},{\"@type\":\"Organization\",\"@id\":\"https:\/\/www.pressenza.com\/it\/#organization\",\"name\":\"Pressenza\",\"url\":\"https:\/\/www.pressenza.com\/it\/\",\"logo\":{\"@type\":\"ImageObject\",\"inLanguage\":\"it-IT\",\"@id\":\"https:\/\/www.pressenza.com\/it\/#\/schema\/logo\/image\/\",\"url\":\"https:\/\/www.pressenza.com\/wp-content\/uploads\/2022\/10\/pressenza_logo_200x200.jpg\",\"contentUrl\":\"https:\/\/www.pressenza.com\/wp-content\/uploads\/2022\/10\/pressenza_logo_200x200.jpg\",\"width\":200,\"height\":200,\"caption\":\"Pressenza\"},\"image\":{\"@id\":\"https:\/\/www.pressenza.com\/it\/#\/schema\/logo\/image\/\"},\"sameAs\":[\"https:\/\/www.facebook.com\/PressenzaItalia\",\"https:\/\/x.com\/PressenzaIPA\"]},{\"@type\":\"Person\",\"@id\":\"https:\/\/www.pressenza.com\/it\/#\/schema\/person\/4058553a0c97edcf85e1c26deef7facd\",\"name\":\"Vincenzo Balzani\",\"description\":\"Professore emerito di Chimica dell\u2019Universit\u00e0 di Bologna e Accademico dei Lincei, affianca alla ricerca scientifica un'intensa attivit\u00e0 di divulgazione sul rapporto fra scienza e societ\u00e0 e fra scienza e pace, con particolare riferimento ai temi dell'energia e delle risorse. E\u2019 autore di diversi libri scientifici e divulgativi.\",\"url\":\"https:\/\/www.pressenza.com\/it\/author\/vincenzo-balzani\/\"}]}<\/script>\n<!-- \/ Yoast SEO plugin. -->","yoast_head_json":{"title":"Innovazione, ma responsabile","description":"Innovazione, ma responsabile Abbiamo faticosamente attraversato un periodo di recessione. Economisti e politici ci dicono che per uscirne dobbiamo","robots":{"index":"index","follow":"follow","max-snippet":"max-snippet:-1","max-image-preview":"max-image-preview:large","max-video-preview":"max-video-preview:-1"},"canonical":"https:\/\/www.pressenza.com\/it\/2024\/07\/innovazione-ma-responsabile\/","og_locale":"it_IT","og_type":"article","og_title":"Innovazione, ma responsabile","og_description":"Innovazione, ma responsabile Abbiamo faticosamente attraversato un periodo di recessione. Economisti e politici ci dicono che per uscirne dobbiamo","og_url":"https:\/\/www.pressenza.com\/it\/2024\/07\/innovazione-ma-responsabile\/","og_site_name":"Pressenza","article_publisher":"https:\/\/www.facebook.com\/PressenzaItalia","article_published_time":"2024-07-28T13:35:01+00:00","og_image":[{"width":800,"height":533,"url":"https:\/\/www.pressenza.com\/wp-content\/uploads\/2018\/04\/rifiuti_elettronici-GP-1.jpg","type":"image\/jpeg"}],"author":"Vincenzo Balzani","twitter_card":"summary_large_image","twitter_creator":"@PressenzaIPA","twitter_site":"@PressenzaIPA","twitter_misc":{"Scritto da":"Vincenzo Balzani","Tempo di lettura stimato":"3 minuti"},"schema":{"@context":"https:\/\/schema.org","@graph":[{"@type":"Article","@id":"https:\/\/www.pressenza.com\/it\/2024\/07\/innovazione-ma-responsabile\/#article","isPartOf":{"@id":"https:\/\/www.pressenza.com\/it\/2024\/07\/innovazione-ma-responsabile\/"},"author":{"name":"Vincenzo Balzani","@id":"https:\/\/www.pressenza.com\/it\/#\/schema\/person\/4058553a0c97edcf85e1c26deef7facd"},"headline":"Innovazione, ma responsabile","datePublished":"2024-07-28T13:35:01+00:00","mainEntityOfPage":{"@id":"https:\/\/www.pressenza.com\/it\/2024\/07\/innovazione-ma-responsabile\/"},"wordCount":491,"publisher":{"@id":"https:\/\/www.pressenza.com\/it\/#organization"},"image":{"@id":"https:\/\/www.pressenza.com\/it\/2024\/07\/innovazione-ma-responsabile\/#primaryimage"},"thumbnailUrl":"https:\/\/www.pressenza.com\/wp-content\/uploads\/2018\/04\/rifiuti_elettronici-GP-1.jpg","keywords":["consumi","innovazione"],"articleSection":["contenuti originali","Cultura e Media","Ecologia ed Ambiente"],"inLanguage":"it-IT"},{"@type":"WebPage","@id":"https:\/\/www.pressenza.com\/it\/2024\/07\/innovazione-ma-responsabile\/","url":"https:\/\/www.pressenza.com\/it\/2024\/07\/innovazione-ma-responsabile\/","name":"Innovazione, ma responsabile","isPartOf":{"@id":"https:\/\/www.pressenza.com\/it\/#website"},"primaryImageOfPage":{"@id":"https:\/\/www.pressenza.com\/it\/2024\/07\/innovazione-ma-responsabile\/#primaryimage"},"image":{"@id":"https:\/\/www.pressenza.com\/it\/2024\/07\/innovazione-ma-responsabile\/#primaryimage"},"thumbnailUrl":"https:\/\/www.pressenza.com\/wp-content\/uploads\/2018\/04\/rifiuti_elettronici-GP-1.jpg","datePublished":"2024-07-28T13:35:01+00:00","description":"Innovazione, ma responsabile Abbiamo faticosamente attraversato un periodo di recessione. Economisti e politici ci dicono che per uscirne dobbiamo","breadcrumb":{"@id":"https:\/\/www.pressenza.com\/it\/2024\/07\/innovazione-ma-responsabile\/#breadcrumb"},"inLanguage":"it-IT","potentialAction":[{"@type":"ReadAction","target":["https:\/\/www.pressenza.com\/it\/2024\/07\/innovazione-ma-responsabile\/"]}]},{"@type":"ImageObject","inLanguage":"it-IT","@id":"https:\/\/www.pressenza.com\/it\/2024\/07\/innovazione-ma-responsabile\/#primaryimage","url":"https:\/\/www.pressenza.com\/wp-content\/uploads\/2018\/04\/rifiuti_elettronici-GP-1.jpg","contentUrl":"https:\/\/www.pressenza.com\/wp-content\/uploads\/2018\/04\/rifiuti_elettronici-GP-1.jpg","width":800,"height":533,"caption":"A boy breaks computer components in order to reclaim metals such as copper and aluminium."},{"@type":"BreadcrumbList","@id":"https:\/\/www.pressenza.com\/it\/2024\/07\/innovazione-ma-responsabile\/#breadcrumb","itemListElement":[{"@type":"ListItem","position":1,"name":"Accueil","item":"https:\/\/www.pressenza.com\/it\/"},{"@type":"ListItem","position":2,"name":"Innovazione, ma responsabile"}]},{"@type":"WebSite","@id":"https:\/\/www.pressenza.com\/it\/#website","url":"https:\/\/www.pressenza.com\/it\/","name":"Pressenza","description":"Agenzia di Stampa Internazionale","publisher":{"@id":"https:\/\/www.pressenza.com\/it\/#organization"},"potentialAction":[{"@type":"SearchAction","target":{"@type":"EntryPoint","urlTemplate":"https:\/\/www.pressenza.com\/it\/?s={search_term_string}"},"query-input":{"@type":"PropertyValueSpecification","valueRequired":true,"valueName":"search_term_string"}}],"inLanguage":"it-IT"},{"@type":"Organization","@id":"https:\/\/www.pressenza.com\/it\/#organization","name":"Pressenza","url":"https:\/\/www.pressenza.com\/it\/","logo":{"@type":"ImageObject","inLanguage":"it-IT","@id":"https:\/\/www.pressenza.com\/it\/#\/schema\/logo\/image\/","url":"https:\/\/www.pressenza.com\/wp-content\/uploads\/2022\/10\/pressenza_logo_200x200.jpg","contentUrl":"https:\/\/www.pressenza.com\/wp-content\/uploads\/2022\/10\/pressenza_logo_200x200.jpg","width":200,"height":200,"caption":"Pressenza"},"image":{"@id":"https:\/\/www.pressenza.com\/it\/#\/schema\/logo\/image\/"},"sameAs":["https:\/\/www.facebook.com\/PressenzaItalia","https:\/\/x.com\/PressenzaIPA"]},{"@type":"Person","@id":"https:\/\/www.pressenza.com\/it\/#\/schema\/person\/4058553a0c97edcf85e1c26deef7facd","name":"Vincenzo Balzani","description":"Professore emerito di Chimica dell\u2019Universit\u00e0 di Bologna e Accademico dei Lincei, affianca alla ricerca scientifica un'intensa attivit\u00e0 di divulgazione sul rapporto fra scienza e societ\u00e0 e fra scienza e pace, con particolare riferimento ai temi dell'energia e delle risorse. E\u2019 autore di diversi libri scientifici e divulgativi.","url":"https:\/\/www.pressenza.com\/it\/author\/vincenzo-balzani\/"}]}},"place":"","original_article_url":"","_links":{"self":[{"href":"https:\/\/www.pressenza.com\/it\/wp-json\/wp\/v2\/posts\/2539112","targetHints":{"allow":["GET"]}}],"collection":[{"href":"https:\/\/www.pressenza.com\/it\/wp-json\/wp\/v2\/posts"}],"about":[{"href":"https:\/\/www.pressenza.com\/it\/wp-json\/wp\/v2\/types\/post"}],"author":[{"embeddable":true,"href":"https:\/\/www.pressenza.com\/it\/wp-json\/wp\/v2\/users\/2076"}],"replies":[{"embeddable":true,"href":"https:\/\/www.pressenza.com\/it\/wp-json\/wp\/v2\/comments?post=2539112"}],"version-history":[{"count":0,"href":"https:\/\/www.pressenza.com\/it\/wp-json\/wp\/v2\/posts\/2539112\/revisions"}],"wp:featuredmedia":[{"embeddable":true,"href":"https:\/\/www.pressenza.com\/it\/wp-json\/wp\/v2\/media\/623750"}],"wp:attachment":[{"href":"https:\/\/www.pressenza.com\/it\/wp-json\/wp\/v2\/media?parent=2539112"}],"wp:term":[{"taxonomy":"category","embeddable":true,"href":"https:\/\/www.pressenza.com\/it\/wp-json\/wp\/v2\/categories?post=2539112"},{"taxonomy":"post_tag","embeddable":true,"href":"https:\/\/www.pressenza.com\/it\/wp-json\/wp\/v2\/tags?post=2539112"}],"curies":[{"name":"wp","href":"https:\/\/api.w.org\/{rel}","templated":true}]}}