{"id":2538944,"date":"2024-07-27T09:56:34","date_gmt":"2024-07-27T08:56:34","guid":{"rendered":"https:\/\/www.pressenza.com\/?p=2538944"},"modified":"2024-07-27T09:56:34","modified_gmt":"2024-07-27T08:56:34","slug":"pressenza-lancia-ledizione-in-arabo","status":"publish","type":"post","link":"https:\/\/www.pressenza.com\/it\/2024\/07\/pressenza-lancia-ledizione-in-arabo\/","title":{"rendered":"Pressenza lancia l\u2019edizione in arabo"},"content":{"rendered":"<p><strong>Davanti a un folto pubblico internazionale, l&#8217;agenzia di stampa Pressenza ha celebrato in una riunione virtuale il lancio della sua edizione in arabo.<\/strong><\/p>\n<p>Particolarmente interessante \u00e8 stata la partecipazione a questo momento di festa di giornalisti, educatori e attivisti per i diritti umani provenienti da <strong>Libia, Palestina, Libano, Arabia Saudita, Siria e Marocco<\/strong>, che si sono congratulati per l&#8217;iniziativa e hanno sottolineato l&#8217;importanza e la necessit\u00e0 di diffondere la cultura della pace e della nonviolenza nel mondo arabo.<\/p>\n<p>Molto rilevante in questo contesto \u00e8 stata la presenza di laureati e professori dell&#8217;<strong>Universit\u00e0 per la nonviolenza e i diritti umani (AUNOHR) del Libano<\/strong>. Fondata nel 2014 da Ogarit Younan e Walid Slaybi, l&#8217;istituzione \u00e8 pioniera nella regione e nel mondo e si pone obiettivi di professionalit\u00e0 accademica a favore del cambiamento sociale, a partire dallo sviluppo personale di ogni studente.<\/p>\n<p><strong>Valerio Marinai<\/strong>, redattore e artefice tecnico della neonata edizione araba, ha salutato l\u2019inaugurazione sottolineando il lavoro volontario dello staff di Pressenza. L&#8217;arabo \u00e8 ora la decima lingua in cui l&#8217;agenzia pubblica i suoi servizi quotidiani.<\/p>\n<p>L&#8217;intenzione di aprirsi a nuove lingue \u2013 \u00e8 stata da poco lanciata l\u2019edizione in russo e nel prossimo futuro si punta ad aggiungere l\u2019hindi e il cinese &#8211; va ben oltre il semplice zelo giornalistico.<\/p>\n<p>Secondo il redattore argentino <strong>Javier Tolcachier<\/strong>, \u201cvogliamo dare spazio ai grandi contributi storici e attuali delle diverse culture, oggi ingiustamente sommersi dagli interessi e dagli stereotipi del potere monopolistico della comunicazione dei media occidentali. Vogliamo inoltre stabilire un vero dialogo multiculturale, che sar\u00e0 la base per la costruzione della futura nazione umana universale.\u201d<\/p>\n<p><strong>Pia Figueroa<\/strong>, cofondatrice e co-direttrice dell&#8217;agenzia, ha sottolineato l&#8217;impronta positiva che lascia in lei questa apertura ai diversi modi di vedere e sentire delle culture che hanno dato tanti contributi all&#8217;umanit\u00e0.<\/p>\n<p>In rappresentanza della nuovissima redazione araba, hanno commentato le loro impressioni gli esperti giornalisti <strong>Farid Adly<\/strong>, di origine libica, e <strong>Milad Jubran Basir<\/strong>, originario della Palestina, entrambi attualmente residenti in Italia e con una lunga storia di attivismo in difesa dei diritti umani e a sostegno dei migranti.<\/p>\n<p>Farid Adly, direttore dell\u2019agenzia Anbamed, ha sottolineato l&#8217;incongruenza di una regione ricca di risorse come il Medio Oriente, che le spreca nell&#8217;acquisto di armi invece di promuovere lo sviluppo dei suoi popoli e ha rilevato la fondamentale necessit\u00e0 di propagare la nonviolenza nella cultura araba per cambiare questo orientamento.<\/p>\n<p>Da parte sua, Milad Jubran Basir ha rimarcato l&#8217;importanza di creare una coscienza comunitaria per risolvere le questioni del mondo di oggi, data l&#8217;evidente interconnessione tra le diverse culture. Ha inoltre sottolineato l&#8217;importanza del trasferimento di informazioni da e verso il mondo arabo attraverso la nuova edizione di Pressenza.<\/p>\n<p>I diversi interventi hanno condiviso la necessit\u00e0 di trasformare la relativa ignoranza dell&#8217;universo culturale arabo e gli stereotipi che danneggiano, distorcono e impediscono di apprezzare la ricchezza insita in questa cultura.<\/p>\n<p>In risposta a una preoccupazione sulle modalit\u00e0 di partecipazione, i presenti sono stati invitati a mettersi in contatto con uno qualsiasi dei redattori per contribuire ai contenuti. \u00c8 stata anche ventilata la possibilit\u00e0 di un futuro corso di giornalismo nonviolento in arabo, basato sull&#8217;omonimo libro, gi\u00e0 utilizzato come materiale di studio e di riferimento in diverse facolt\u00e0 di comunicazione.<\/p>\n<p>Valerio Marinai ha infine tolto il \u201cvelo\u201d al sito, in modo che i partecipanti alla call potessero vedere il primo pacchetto di articoli di Pressenza in arabo.<\/p>\n<p>Infine, \u00e8 stata affermata l&#8217;importanza di Pressenza come alternativa di comunicazione in tutti gli angoli del mondo arabofono allargato, nonch\u00e9 l&#8217;importanza di generare collegamenti e legami partecipativi per la sua crescita e ampia diffusione.<\/p>\n<p>Ricreando l&#8217;ospitalit\u00e0 tipica della cultura araba, i partecipanti alla riunione virtuale si sono congratulati per lo sforzo fatto e hanno sollevato le loro tazze piene di infusi tradizionali e di auguri.<\/p>\n<p>Infine \u00e8 risuonato un caloroso applauso, che ha superato le distanze illusorie e alimentato in ogni partecipante l&#8217;eco di una speranza, rafforzata dall&#8217;incontro: che il mondo possa diventare una casa nonviolenta per la specie umana.<\/p>\n<p>Traduzione dallo spagnolo di Anna Polo<\/p>\n","protected":false},"excerpt":{"rendered":"<p>Davanti a un folto pubblico internazionale, l&#8217;agenzia di stampa Pressenza ha celebrato in una riunione virtuale il lancio della sua edizione in arabo. Particolarmente interessante \u00e8 stata la partecipazione a questo momento di festa di giornalisti, educatori e attivisti per&hellip;<\/p>\n","protected":false},"author":19,"featured_media":2538945,"comment_status":"closed","ping_status":"closed","sticky":false,"template":"","format":"standard","meta":{"footnotes":""},"categories":[11388,56,38],"tags":[125071,1312],"class_list":["post-2538944","post","type-post","status-publish","format-standard","has-post-thumbnail","hentry","category-contenuti-originali","category-cultura","category-internazionale","tag-edizione-araba","tag-pressenza-it"],"yoast_head":"<!-- This site is optimized with the Yoast SEO plugin v27.1.1 - https:\/\/yoast.com\/product\/yoast-seo-wordpress\/ -->\n<title>Pressenza lancia l\u2019edizione in arabo<\/title>\n<meta name=\"description\" content=\"Davanti a un folto pubblico internazionale, l&#039;agenzia di stampa Pressenza ha celebrato in una riunione virtuale il lancio della sua edizione in arabo.\" \/>\n<meta name=\"robots\" content=\"index, follow, max-snippet:-1, max-image-preview:large, max-video-preview:-1\" \/>\n<link rel=\"canonical\" href=\"https:\/\/www.pressenza.com\/it\/2024\/07\/pressenza-lancia-ledizione-in-arabo\/\" \/>\n<meta property=\"og:locale\" content=\"it_IT\" \/>\n<meta property=\"og:type\" content=\"article\" \/>\n<meta property=\"og:title\" content=\"Pressenza lancia l\u2019edizione in arabo\" \/>\n<meta property=\"og:description\" content=\"Davanti a un folto pubblico internazionale, l&#039;agenzia di stampa Pressenza ha celebrato in una riunione virtuale il lancio della sua edizione in arabo.\" \/>\n<meta property=\"og:url\" content=\"https:\/\/www.pressenza.com\/it\/2024\/07\/pressenza-lancia-ledizione-in-arabo\/\" \/>\n<meta property=\"og:site_name\" content=\"Pressenza\" \/>\n<meta property=\"article:publisher\" content=\"https:\/\/www.facebook.com\/PressenzaItalia\" \/>\n<meta property=\"article:author\" content=\"https:\/\/www.facebook.com\/pressenza\" \/>\n<meta property=\"article:published_time\" content=\"2024-07-27T08:56:34+00:00\" \/>\n<meta property=\"og:image\" content=\"https:\/\/www.pressenza.com\/wp-content\/uploads\/2024\/07\/portada-inicial-pressenza-arabe.png\" \/>\n\t<meta property=\"og:image:width\" content=\"1249\" \/>\n\t<meta property=\"og:image:height\" content=\"616\" \/>\n\t<meta property=\"og:image:type\" content=\"image\/png\" \/>\n<meta name=\"author\" content=\"Pressenza IPA\" \/>\n<meta name=\"twitter:card\" content=\"summary_large_image\" \/>\n<meta name=\"twitter:creator\" content=\"@PressenzaIPA\" \/>\n<meta name=\"twitter:site\" content=\"@PressenzaIPA\" \/>\n<meta name=\"twitter:label1\" content=\"Scritto da\" \/>\n\t<meta name=\"twitter:data1\" content=\"Pressenza IPA\" \/>\n\t<meta name=\"twitter:label2\" content=\"Tempo di lettura stimato\" \/>\n\t<meta name=\"twitter:data2\" content=\"4 minuti\" \/>\n<script type=\"application\/ld+json\" class=\"yoast-schema-graph\">{\"@context\":\"https:\/\/schema.org\",\"@graph\":[{\"@type\":\"Article\",\"@id\":\"https:\/\/www.pressenza.com\/it\/2024\/07\/pressenza-lancia-ledizione-in-arabo\/#article\",\"isPartOf\":{\"@id\":\"https:\/\/www.pressenza.com\/it\/2024\/07\/pressenza-lancia-ledizione-in-arabo\/\"},\"author\":{\"name\":\"Pressenza IPA\",\"@id\":\"https:\/\/www.pressenza.com\/it\/#\/schema\/person\/010e5d02bcf40965427a1289a4cc8d75\"},\"headline\":\"Pressenza lancia l\u2019edizione in arabo\",\"datePublished\":\"2024-07-27T08:56:34+00:00\",\"mainEntityOfPage\":{\"@id\":\"https:\/\/www.pressenza.com\/it\/2024\/07\/pressenza-lancia-ledizione-in-arabo\/\"},\"wordCount\":685,\"publisher\":{\"@id\":\"https:\/\/www.pressenza.com\/it\/#organization\"},\"image\":{\"@id\":\"https:\/\/www.pressenza.com\/it\/2024\/07\/pressenza-lancia-ledizione-in-arabo\/#primaryimage\"},\"thumbnailUrl\":\"https:\/\/www.pressenza.com\/wp-content\/uploads\/2024\/07\/portada-inicial-pressenza-arabe.png\",\"keywords\":[\"edizione araba\",\"Pressenza\"],\"articleSection\":[\"contenuti originali\",\"Cultura e Media\",\"Internazionale\"],\"inLanguage\":\"it-IT\"},{\"@type\":\"WebPage\",\"@id\":\"https:\/\/www.pressenza.com\/it\/2024\/07\/pressenza-lancia-ledizione-in-arabo\/\",\"url\":\"https:\/\/www.pressenza.com\/it\/2024\/07\/pressenza-lancia-ledizione-in-arabo\/\",\"name\":\"Pressenza lancia l\u2019edizione in arabo\",\"isPartOf\":{\"@id\":\"https:\/\/www.pressenza.com\/it\/#website\"},\"primaryImageOfPage\":{\"@id\":\"https:\/\/www.pressenza.com\/it\/2024\/07\/pressenza-lancia-ledizione-in-arabo\/#primaryimage\"},\"image\":{\"@id\":\"https:\/\/www.pressenza.com\/it\/2024\/07\/pressenza-lancia-ledizione-in-arabo\/#primaryimage\"},\"thumbnailUrl\":\"https:\/\/www.pressenza.com\/wp-content\/uploads\/2024\/07\/portada-inicial-pressenza-arabe.png\",\"datePublished\":\"2024-07-27T08:56:34+00:00\",\"description\":\"Davanti a un folto pubblico internazionale, l'agenzia di stampa Pressenza ha celebrato in una riunione virtuale il lancio della sua edizione in arabo.\",\"breadcrumb\":{\"@id\":\"https:\/\/www.pressenza.com\/it\/2024\/07\/pressenza-lancia-ledizione-in-arabo\/#breadcrumb\"},\"inLanguage\":\"it-IT\",\"potentialAction\":[{\"@type\":\"ReadAction\",\"target\":[\"https:\/\/www.pressenza.com\/it\/2024\/07\/pressenza-lancia-ledizione-in-arabo\/\"]}]},{\"@type\":\"ImageObject\",\"inLanguage\":\"it-IT\",\"@id\":\"https:\/\/www.pressenza.com\/it\/2024\/07\/pressenza-lancia-ledizione-in-arabo\/#primaryimage\",\"url\":\"https:\/\/www.pressenza.com\/wp-content\/uploads\/2024\/07\/portada-inicial-pressenza-arabe.png\",\"contentUrl\":\"https:\/\/www.pressenza.com\/wp-content\/uploads\/2024\/07\/portada-inicial-pressenza-arabe.png\",\"width\":1249,\"height\":616,\"caption\":\"(Imagem da Pressenza IPA)\"},{\"@type\":\"BreadcrumbList\",\"@id\":\"https:\/\/www.pressenza.com\/it\/2024\/07\/pressenza-lancia-ledizione-in-arabo\/#breadcrumb\",\"itemListElement\":[{\"@type\":\"ListItem\",\"position\":1,\"name\":\"Accueil\",\"item\":\"https:\/\/www.pressenza.com\/it\/\"},{\"@type\":\"ListItem\",\"position\":2,\"name\":\"Pressenza lancia l\u2019edizione in arabo\"}]},{\"@type\":\"WebSite\",\"@id\":\"https:\/\/www.pressenza.com\/it\/#website\",\"url\":\"https:\/\/www.pressenza.com\/it\/\",\"name\":\"Pressenza\",\"description\":\"Agenzia di Stampa Internazionale\",\"publisher\":{\"@id\":\"https:\/\/www.pressenza.com\/it\/#organization\"},\"potentialAction\":[{\"@type\":\"SearchAction\",\"target\":{\"@type\":\"EntryPoint\",\"urlTemplate\":\"https:\/\/www.pressenza.com\/it\/?s={search_term_string}\"},\"query-input\":{\"@type\":\"PropertyValueSpecification\",\"valueRequired\":true,\"valueName\":\"search_term_string\"}}],\"inLanguage\":\"it-IT\"},{\"@type\":\"Organization\",\"@id\":\"https:\/\/www.pressenza.com\/it\/#organization\",\"name\":\"Pressenza\",\"url\":\"https:\/\/www.pressenza.com\/it\/\",\"logo\":{\"@type\":\"ImageObject\",\"inLanguage\":\"it-IT\",\"@id\":\"https:\/\/www.pressenza.com\/it\/#\/schema\/logo\/image\/\",\"url\":\"https:\/\/www.pressenza.com\/wp-content\/uploads\/2022\/10\/pressenza_logo_200x200.jpg\",\"contentUrl\":\"https:\/\/www.pressenza.com\/wp-content\/uploads\/2022\/10\/pressenza_logo_200x200.jpg\",\"width\":200,\"height\":200,\"caption\":\"Pressenza\"},\"image\":{\"@id\":\"https:\/\/www.pressenza.com\/it\/#\/schema\/logo\/image\/\"},\"sameAs\":[\"https:\/\/www.facebook.com\/PressenzaItalia\",\"https:\/\/x.com\/PressenzaIPA\"]},{\"@type\":\"Person\",\"@id\":\"https:\/\/www.pressenza.com\/it\/#\/schema\/person\/010e5d02bcf40965427a1289a4cc8d75\",\"name\":\"Pressenza IPA\",\"description\":\"News from Pressenza IPA correspondents\",\"sameAs\":[\"https:\/\/www.facebook.com\/pressenza\",\"https:\/\/x.com\/PressenzaIPA\"],\"url\":\"https:\/\/www.pressenza.com\/it\/author\/pressenza-ipa\/\"}]}<\/script>\n<!-- \/ Yoast SEO plugin. -->","yoast_head_json":{"title":"Pressenza lancia l\u2019edizione in arabo","description":"Davanti a un folto pubblico internazionale, l'agenzia di stampa Pressenza ha celebrato in una riunione virtuale il lancio della sua edizione in arabo.","robots":{"index":"index","follow":"follow","max-snippet":"max-snippet:-1","max-image-preview":"max-image-preview:large","max-video-preview":"max-video-preview:-1"},"canonical":"https:\/\/www.pressenza.com\/it\/2024\/07\/pressenza-lancia-ledizione-in-arabo\/","og_locale":"it_IT","og_type":"article","og_title":"Pressenza lancia l\u2019edizione in arabo","og_description":"Davanti a un folto pubblico internazionale, l'agenzia di stampa Pressenza ha celebrato in una riunione virtuale il lancio della sua edizione in arabo.","og_url":"https:\/\/www.pressenza.com\/it\/2024\/07\/pressenza-lancia-ledizione-in-arabo\/","og_site_name":"Pressenza","article_publisher":"https:\/\/www.facebook.com\/PressenzaItalia","article_author":"https:\/\/www.facebook.com\/pressenza","article_published_time":"2024-07-27T08:56:34+00:00","og_image":[{"width":1249,"height":616,"url":"https:\/\/www.pressenza.com\/wp-content\/uploads\/2024\/07\/portada-inicial-pressenza-arabe.png","type":"image\/png"}],"author":"Pressenza IPA","twitter_card":"summary_large_image","twitter_creator":"@PressenzaIPA","twitter_site":"@PressenzaIPA","twitter_misc":{"Scritto da":"Pressenza IPA","Tempo di lettura stimato":"4 minuti"},"schema":{"@context":"https:\/\/schema.org","@graph":[{"@type":"Article","@id":"https:\/\/www.pressenza.com\/it\/2024\/07\/pressenza-lancia-ledizione-in-arabo\/#article","isPartOf":{"@id":"https:\/\/www.pressenza.com\/it\/2024\/07\/pressenza-lancia-ledizione-in-arabo\/"},"author":{"name":"Pressenza IPA","@id":"https:\/\/www.pressenza.com\/it\/#\/schema\/person\/010e5d02bcf40965427a1289a4cc8d75"},"headline":"Pressenza lancia l\u2019edizione in arabo","datePublished":"2024-07-27T08:56:34+00:00","mainEntityOfPage":{"@id":"https:\/\/www.pressenza.com\/it\/2024\/07\/pressenza-lancia-ledizione-in-arabo\/"},"wordCount":685,"publisher":{"@id":"https:\/\/www.pressenza.com\/it\/#organization"},"image":{"@id":"https:\/\/www.pressenza.com\/it\/2024\/07\/pressenza-lancia-ledizione-in-arabo\/#primaryimage"},"thumbnailUrl":"https:\/\/www.pressenza.com\/wp-content\/uploads\/2024\/07\/portada-inicial-pressenza-arabe.png","keywords":["edizione araba","Pressenza"],"articleSection":["contenuti originali","Cultura e Media","Internazionale"],"inLanguage":"it-IT"},{"@type":"WebPage","@id":"https:\/\/www.pressenza.com\/it\/2024\/07\/pressenza-lancia-ledizione-in-arabo\/","url":"https:\/\/www.pressenza.com\/it\/2024\/07\/pressenza-lancia-ledizione-in-arabo\/","name":"Pressenza lancia l\u2019edizione in arabo","isPartOf":{"@id":"https:\/\/www.pressenza.com\/it\/#website"},"primaryImageOfPage":{"@id":"https:\/\/www.pressenza.com\/it\/2024\/07\/pressenza-lancia-ledizione-in-arabo\/#primaryimage"},"image":{"@id":"https:\/\/www.pressenza.com\/it\/2024\/07\/pressenza-lancia-ledizione-in-arabo\/#primaryimage"},"thumbnailUrl":"https:\/\/www.pressenza.com\/wp-content\/uploads\/2024\/07\/portada-inicial-pressenza-arabe.png","datePublished":"2024-07-27T08:56:34+00:00","description":"Davanti a un folto pubblico internazionale, l'agenzia di stampa Pressenza ha celebrato in una riunione virtuale il lancio della sua edizione in arabo.","breadcrumb":{"@id":"https:\/\/www.pressenza.com\/it\/2024\/07\/pressenza-lancia-ledizione-in-arabo\/#breadcrumb"},"inLanguage":"it-IT","potentialAction":[{"@type":"ReadAction","target":["https:\/\/www.pressenza.com\/it\/2024\/07\/pressenza-lancia-ledizione-in-arabo\/"]}]},{"@type":"ImageObject","inLanguage":"it-IT","@id":"https:\/\/www.pressenza.com\/it\/2024\/07\/pressenza-lancia-ledizione-in-arabo\/#primaryimage","url":"https:\/\/www.pressenza.com\/wp-content\/uploads\/2024\/07\/portada-inicial-pressenza-arabe.png","contentUrl":"https:\/\/www.pressenza.com\/wp-content\/uploads\/2024\/07\/portada-inicial-pressenza-arabe.png","width":1249,"height":616,"caption":"(Imagem da Pressenza IPA)"},{"@type":"BreadcrumbList","@id":"https:\/\/www.pressenza.com\/it\/2024\/07\/pressenza-lancia-ledizione-in-arabo\/#breadcrumb","itemListElement":[{"@type":"ListItem","position":1,"name":"Accueil","item":"https:\/\/www.pressenza.com\/it\/"},{"@type":"ListItem","position":2,"name":"Pressenza lancia l\u2019edizione in arabo"}]},{"@type":"WebSite","@id":"https:\/\/www.pressenza.com\/it\/#website","url":"https:\/\/www.pressenza.com\/it\/","name":"Pressenza","description":"Agenzia di Stampa Internazionale","publisher":{"@id":"https:\/\/www.pressenza.com\/it\/#organization"},"potentialAction":[{"@type":"SearchAction","target":{"@type":"EntryPoint","urlTemplate":"https:\/\/www.pressenza.com\/it\/?s={search_term_string}"},"query-input":{"@type":"PropertyValueSpecification","valueRequired":true,"valueName":"search_term_string"}}],"inLanguage":"it-IT"},{"@type":"Organization","@id":"https:\/\/www.pressenza.com\/it\/#organization","name":"Pressenza","url":"https:\/\/www.pressenza.com\/it\/","logo":{"@type":"ImageObject","inLanguage":"it-IT","@id":"https:\/\/www.pressenza.com\/it\/#\/schema\/logo\/image\/","url":"https:\/\/www.pressenza.com\/wp-content\/uploads\/2022\/10\/pressenza_logo_200x200.jpg","contentUrl":"https:\/\/www.pressenza.com\/wp-content\/uploads\/2022\/10\/pressenza_logo_200x200.jpg","width":200,"height":200,"caption":"Pressenza"},"image":{"@id":"https:\/\/www.pressenza.com\/it\/#\/schema\/logo\/image\/"},"sameAs":["https:\/\/www.facebook.com\/PressenzaItalia","https:\/\/x.com\/PressenzaIPA"]},{"@type":"Person","@id":"https:\/\/www.pressenza.com\/it\/#\/schema\/person\/010e5d02bcf40965427a1289a4cc8d75","name":"Pressenza IPA","description":"News from Pressenza IPA correspondents","sameAs":["https:\/\/www.facebook.com\/pressenza","https:\/\/x.com\/PressenzaIPA"],"url":"https:\/\/www.pressenza.com\/it\/author\/pressenza-ipa\/"}]}},"place":"","original_article_url":"","_links":{"self":[{"href":"https:\/\/www.pressenza.com\/it\/wp-json\/wp\/v2\/posts\/2538944","targetHints":{"allow":["GET"]}}],"collection":[{"href":"https:\/\/www.pressenza.com\/it\/wp-json\/wp\/v2\/posts"}],"about":[{"href":"https:\/\/www.pressenza.com\/it\/wp-json\/wp\/v2\/types\/post"}],"author":[{"embeddable":true,"href":"https:\/\/www.pressenza.com\/it\/wp-json\/wp\/v2\/users\/19"}],"replies":[{"embeddable":true,"href":"https:\/\/www.pressenza.com\/it\/wp-json\/wp\/v2\/comments?post=2538944"}],"version-history":[{"count":0,"href":"https:\/\/www.pressenza.com\/it\/wp-json\/wp\/v2\/posts\/2538944\/revisions"}],"wp:featuredmedia":[{"embeddable":true,"href":"https:\/\/www.pressenza.com\/it\/wp-json\/wp\/v2\/media\/2538945"}],"wp:attachment":[{"href":"https:\/\/www.pressenza.com\/it\/wp-json\/wp\/v2\/media?parent=2538944"}],"wp:term":[{"taxonomy":"category","embeddable":true,"href":"https:\/\/www.pressenza.com\/it\/wp-json\/wp\/v2\/categories?post=2538944"},{"taxonomy":"post_tag","embeddable":true,"href":"https:\/\/www.pressenza.com\/it\/wp-json\/wp\/v2\/tags?post=2538944"}],"curies":[{"name":"wp","href":"https:\/\/api.w.org\/{rel}","templated":true}]}}