{"id":2538806,"date":"2024-07-26T14:07:12","date_gmt":"2024-07-26T13:07:12","guid":{"rendered":"https:\/\/www.pressenza.com\/?p=2538806"},"modified":"2024-07-26T14:07:12","modified_gmt":"2024-07-26T13:07:12","slug":"sicurezza-sul-lavoro-10-giorni-di-preavviso-e-tutto-va-bene","status":"publish","type":"post","link":"https:\/\/www.pressenza.com\/it\/2024\/07\/sicurezza-sul-lavoro-10-giorni-di-preavviso-e-tutto-va-bene\/","title":{"rendered":"Sicurezza sul lavoro: 10 giorni di preavviso e tutto va bene?"},"content":{"rendered":"<p align=\"JUSTIFY\"><i>\u00a0\u201c<\/i>Mentre non si interrompe la sequenza di infortuni mortali e da tempo sono richiesti interventi strutturali sulla sicurezza nei luoghi di lavoro, il Decreto Legislativo\u00a0<b>103 del 12 luglio 2024<\/b>\u00a0sulle semplificazioni beffardamente va in direzione opposta: gli organi di vigilanza devono avvisare l&#8217;impresa almeno\u00a0<b>10 giorni\u00a0<\/b>prima dell\u2019accertamento mediante l\u2019invio della richiesta della documentazione necessaria. E\u2019 palese che l\u2019ispettore trover\u00e0 \u2013 a parte qualche sprovveduto \u2013 un luogo di lavoro lucidato a specchio, lavoratori in regola, macchine dotate di tutte le protezioni: una \u201ccronaca di una ispezione annunciata\u201d con esito prevedibile. Non \u00e8 questa la \u201cnuova\u201d modalit\u00e0 per agire sulle situazioni di mancata attuazione di norme di sicurezza sempre alla base degli\u00a0<u>\u00a0<\/u>infortuni mortali.\u00a0Al contrario sar\u00e0\u00a0pi\u00f9 difficile prevenirli. Inoltre \u00e8 un messaggio\u00a0<i>politico<\/i>\u00a0chiaro che avvilisce e vuole mettere la mordacchia all\u2019azione degli operatori in particolare nelle ASL, dopo la loro decimazione da anni di mancate assunzioni\u201c! Ha detto\u00a0<b>Marco Caldiroli<\/b>, presidente nazionale di\u00a0<b>Medicina Democratica<\/b>\u00a0e tecnico della prevenzione. \u201cUna tale previsione mostra anche di ignorare come e su cosa vengono svolti i controlli in materia di sicurezza: non \u00e8 una visione di documenti, ma coinvolgono contesti di vita estremamente variabili e complessi in cui \u00e8 la professionalit\u00e0 degli operatori che rende l\u2019ispezione efficace\u201d.<\/p>\n<p align=\"JUSTIFY\">\u201c<i>Ci preoccupano soprattutto i controlli a sorpresa degli ispettori del lavoro;\u00a0<\/i><i><b>gli imprenditori esigono che l\u2019ispezione nei loro stabilimenti sia preannunciata\u201d.\u00a0<\/b><\/i>Cos\u00ec si rivolgevano i padroni austro-ungarici nel 1910 a\u00a0<b>Franz Kafka,<\/b>\u00a0ispettore dell\u2019Istituto di Assicurazione contro gli infortuni sul lavoro del Regno di Boemia: il dgls 103\u00a0attua quella richiesta come se non fossero passati 100 anni e come se la Costituzione Italiana (art. 41) non esistesse.<\/p>\n<p align=\"JUSTIFY\">Sono\u00a0<b>369<\/b>\u00a0i lavoratori che sono stati uccisi dal lavoro nei primi 5 mesi di quest&#8217;anno, secondo l\u2018INAIL, un aumento del +3,1% rispetto allo stesso periodo del 2023, quasi tre morti al giorno, una carneficina apparentemente inarrestabile pur conoscendo le cause principali: mancanza\/carenza di requisiti di sicurezza, mancanza di prevenzione e controlli, filiere di subappalti al massimo ribasso, negazione dei diritti dei lavoratori. \u201cCi saremmo aspettati una azione che favorisse l\u2019incremento dei controlli, un programma di incremento dei tecnici &#8211; ha aggiunto Caldiroli \u2013 il superamento dell\u2019annoso problema dello scoordinamento tra organi di vigilanza, in particolare tra quelli nazionali, INAIL, INPS, INL&#8230;, e quelli locali, principalmente i servizi di prevenzione delle ASL. La direzione \u00e8 ben diversa. Questa norma arriva dopo la \u201cpatente a crediti\u201c che presenta criticit\u00e0 da pi\u00f9 parti evidenziate: limitazione al settore edilizio, rilascio della patente per autocertificazione, un \u201cbonus\u201c di 30 punti (ora si parla di 100) con un sistema di decurtazione con aspetti immorali (un omicidio sul lavoro &#8211; 20 crediti e solo a condanna definitiva, dopo anni), riacquisizione di crediti con generica formazione ecc, uno strumento che \u00e8 stato presentato come riconoscimento delle imprese virtuose e di contrasto a quelle inidonee ma che \u00e8 pi\u00f9 fumo che arrosto.<\/p>\n","protected":false},"excerpt":{"rendered":"<p>\u00a0\u201cMentre non si interrompe la sequenza di infortuni mortali e da tempo sono richiesti interventi strutturali sulla sicurezza nei luoghi di lavoro, il Decreto Legislativo\u00a0103 del 12 luglio 2024\u00a0sulle semplificazioni beffardamente va in direzione opposta: gli organi di vigilanza devono&hellip;<\/p>\n","protected":false},"author":1862,"featured_media":1689986,"comment_status":"closed","ping_status":"closed","sticky":false,"template":"","format":"standard","meta":{"footnotes":""},"categories":[150,55,1259],"tags":[125050,92332,46639,10509],"class_list":["post-2538806","post","type-post","status-publish","format-standard","has-post-thumbnail","hentry","category-comunicati-stampa","category-politica","category-salute-argomento","tag-dl-103","tag-marco-caldiroli","tag-medicina-democratica","tag-sicurezza-sul-lavoro"],"yoast_head":"<!-- This site is optimized with the Yoast SEO plugin v27.1.1 - https:\/\/yoast.com\/product\/yoast-seo-wordpress\/ -->\n<title>Sicurezza sul lavoro: 10 giorni di preavviso e tutto va bene?<\/title>\n<meta name=\"description\" content=\"\u00a0\u201cMentre non si interrompe la sequenza di infortuni mortali e da tempo sono richiesti interventi strutturali sulla sicurezza nei luoghi di lavoro, il\" \/>\n<meta name=\"robots\" content=\"index, follow, max-snippet:-1, max-image-preview:large, max-video-preview:-1\" \/>\n<link rel=\"canonical\" href=\"https:\/\/www.pressenza.com\/it\/2024\/07\/sicurezza-sul-lavoro-10-giorni-di-preavviso-e-tutto-va-bene\/\" \/>\n<meta property=\"og:locale\" content=\"it_IT\" \/>\n<meta property=\"og:type\" content=\"article\" \/>\n<meta property=\"og:title\" content=\"Sicurezza sul lavoro: 10 giorni di preavviso e tutto va bene?\" \/>\n<meta property=\"og:description\" content=\"\u00a0\u201cMentre non si interrompe la sequenza di infortuni mortali e da tempo sono richiesti interventi strutturali sulla sicurezza nei luoghi di lavoro, il\" \/>\n<meta property=\"og:url\" content=\"https:\/\/www.pressenza.com\/it\/2024\/07\/sicurezza-sul-lavoro-10-giorni-di-preavviso-e-tutto-va-bene\/\" \/>\n<meta property=\"og:site_name\" content=\"Pressenza\" \/>\n<meta property=\"article:publisher\" content=\"https:\/\/www.facebook.com\/PressenzaItalia\" \/>\n<meta property=\"article:published_time\" content=\"2024-07-26T13:07:12+00:00\" \/>\n<meta property=\"og:image\" content=\"https:\/\/www.pressenza.com\/wp-content\/uploads\/2022\/10\/Marco-Caldiroli-Angelo-Barbato-in-primo-piano.jpeg\" \/>\n\t<meta property=\"og:image:width\" content=\"2000\" \/>\n\t<meta property=\"og:image:height\" content=\"1500\" \/>\n\t<meta property=\"og:image:type\" content=\"image\/jpeg\" \/>\n<meta name=\"author\" content=\"Medicina Democratica\" \/>\n<meta name=\"twitter:card\" content=\"summary_large_image\" \/>\n<meta name=\"twitter:creator\" content=\"@PressenzaIPA\" \/>\n<meta name=\"twitter:site\" content=\"@PressenzaIPA\" \/>\n<meta name=\"twitter:label1\" content=\"Scritto da\" \/>\n\t<meta name=\"twitter:data1\" content=\"Medicina Democratica\" \/>\n\t<meta name=\"twitter:label2\" content=\"Tempo di lettura stimato\" \/>\n\t<meta name=\"twitter:data2\" content=\"3 minuti\" \/>\n<script type=\"application\/ld+json\" class=\"yoast-schema-graph\">{\"@context\":\"https:\/\/schema.org\",\"@graph\":[{\"@type\":\"Article\",\"@id\":\"https:\/\/www.pressenza.com\/it\/2024\/07\/sicurezza-sul-lavoro-10-giorni-di-preavviso-e-tutto-va-bene\/#article\",\"isPartOf\":{\"@id\":\"https:\/\/www.pressenza.com\/it\/2024\/07\/sicurezza-sul-lavoro-10-giorni-di-preavviso-e-tutto-va-bene\/\"},\"author\":{\"name\":\"Medicina Democratica\",\"@id\":\"https:\/\/www.pressenza.com\/it\/#\/schema\/person\/f28e6f19f668de3a58144b337b715a76\"},\"headline\":\"Sicurezza sul lavoro: 10 giorni di preavviso e tutto va bene?\",\"datePublished\":\"2024-07-26T13:07:12+00:00\",\"mainEntityOfPage\":{\"@id\":\"https:\/\/www.pressenza.com\/it\/2024\/07\/sicurezza-sul-lavoro-10-giorni-di-preavviso-e-tutto-va-bene\/\"},\"wordCount\":478,\"publisher\":{\"@id\":\"https:\/\/www.pressenza.com\/it\/#organization\"},\"image\":{\"@id\":\"https:\/\/www.pressenza.com\/it\/2024\/07\/sicurezza-sul-lavoro-10-giorni-di-preavviso-e-tutto-va-bene\/#primaryimage\"},\"thumbnailUrl\":\"https:\/\/www.pressenza.com\/wp-content\/uploads\/2022\/10\/Marco-Caldiroli-Angelo-Barbato-in-primo-piano.jpeg\",\"keywords\":[\"DL 103\",\"Marco Caldiroli\",\"Medicina Democratica\",\"sicurezza sul lavoro\"],\"articleSection\":[\"Comunicati Stampa\",\"Politica\",\"Salute\"],\"inLanguage\":\"it-IT\"},{\"@type\":\"WebPage\",\"@id\":\"https:\/\/www.pressenza.com\/it\/2024\/07\/sicurezza-sul-lavoro-10-giorni-di-preavviso-e-tutto-va-bene\/\",\"url\":\"https:\/\/www.pressenza.com\/it\/2024\/07\/sicurezza-sul-lavoro-10-giorni-di-preavviso-e-tutto-va-bene\/\",\"name\":\"Sicurezza sul lavoro: 10 giorni di preavviso e tutto va bene?\",\"isPartOf\":{\"@id\":\"https:\/\/www.pressenza.com\/it\/#website\"},\"primaryImageOfPage\":{\"@id\":\"https:\/\/www.pressenza.com\/it\/2024\/07\/sicurezza-sul-lavoro-10-giorni-di-preavviso-e-tutto-va-bene\/#primaryimage\"},\"image\":{\"@id\":\"https:\/\/www.pressenza.com\/it\/2024\/07\/sicurezza-sul-lavoro-10-giorni-di-preavviso-e-tutto-va-bene\/#primaryimage\"},\"thumbnailUrl\":\"https:\/\/www.pressenza.com\/wp-content\/uploads\/2022\/10\/Marco-Caldiroli-Angelo-Barbato-in-primo-piano.jpeg\",\"datePublished\":\"2024-07-26T13:07:12+00:00\",\"description\":\"\u00a0\u201cMentre non si interrompe la sequenza di infortuni mortali e da tempo sono richiesti interventi strutturali sulla sicurezza nei luoghi di lavoro, il\",\"breadcrumb\":{\"@id\":\"https:\/\/www.pressenza.com\/it\/2024\/07\/sicurezza-sul-lavoro-10-giorni-di-preavviso-e-tutto-va-bene\/#breadcrumb\"},\"inLanguage\":\"it-IT\",\"potentialAction\":[{\"@type\":\"ReadAction\",\"target\":[\"https:\/\/www.pressenza.com\/it\/2024\/07\/sicurezza-sul-lavoro-10-giorni-di-preavviso-e-tutto-va-bene\/\"]}]},{\"@type\":\"ImageObject\",\"inLanguage\":\"it-IT\",\"@id\":\"https:\/\/www.pressenza.com\/it\/2024\/07\/sicurezza-sul-lavoro-10-giorni-di-preavviso-e-tutto-va-bene\/#primaryimage\",\"url\":\"https:\/\/www.pressenza.com\/wp-content\/uploads\/2022\/10\/Marco-Caldiroli-Angelo-Barbato-in-primo-piano.jpeg\",\"contentUrl\":\"https:\/\/www.pressenza.com\/wp-content\/uploads\/2022\/10\/Marco-Caldiroli-Angelo-Barbato-in-primo-piano.jpeg\",\"width\":2000,\"height\":1500},{\"@type\":\"BreadcrumbList\",\"@id\":\"https:\/\/www.pressenza.com\/it\/2024\/07\/sicurezza-sul-lavoro-10-giorni-di-preavviso-e-tutto-va-bene\/#breadcrumb\",\"itemListElement\":[{\"@type\":\"ListItem\",\"position\":1,\"name\":\"Accueil\",\"item\":\"https:\/\/www.pressenza.com\/it\/\"},{\"@type\":\"ListItem\",\"position\":2,\"name\":\"Sicurezza sul lavoro: 10 giorni di preavviso e tutto va bene?\"}]},{\"@type\":\"WebSite\",\"@id\":\"https:\/\/www.pressenza.com\/it\/#website\",\"url\":\"https:\/\/www.pressenza.com\/it\/\",\"name\":\"Pressenza\",\"description\":\"Agenzia di Stampa Internazionale\",\"publisher\":{\"@id\":\"https:\/\/www.pressenza.com\/it\/#organization\"},\"potentialAction\":[{\"@type\":\"SearchAction\",\"target\":{\"@type\":\"EntryPoint\",\"urlTemplate\":\"https:\/\/www.pressenza.com\/it\/?s={search_term_string}\"},\"query-input\":{\"@type\":\"PropertyValueSpecification\",\"valueRequired\":true,\"valueName\":\"search_term_string\"}}],\"inLanguage\":\"it-IT\"},{\"@type\":\"Organization\",\"@id\":\"https:\/\/www.pressenza.com\/it\/#organization\",\"name\":\"Pressenza\",\"url\":\"https:\/\/www.pressenza.com\/it\/\",\"logo\":{\"@type\":\"ImageObject\",\"inLanguage\":\"it-IT\",\"@id\":\"https:\/\/www.pressenza.com\/it\/#\/schema\/logo\/image\/\",\"url\":\"https:\/\/www.pressenza.com\/wp-content\/uploads\/2022\/10\/pressenza_logo_200x200.jpg\",\"contentUrl\":\"https:\/\/www.pressenza.com\/wp-content\/uploads\/2022\/10\/pressenza_logo_200x200.jpg\",\"width\":200,\"height\":200,\"caption\":\"Pressenza\"},\"image\":{\"@id\":\"https:\/\/www.pressenza.com\/it\/#\/schema\/logo\/image\/\"},\"sameAs\":[\"https:\/\/www.facebook.com\/PressenzaItalia\",\"https:\/\/x.com\/PressenzaIPA\"]},{\"@type\":\"Person\",\"@id\":\"https:\/\/www.pressenza.com\/it\/#\/schema\/person\/f28e6f19f668de3a58144b337b715a76\",\"name\":\"Medicina Democratica\",\"description\":\"https:\/\/www.medicinademocratica.org\/\",\"sameAs\":[\"https:\/\/www.medicinademocratica.org\/\"],\"url\":\"https:\/\/www.pressenza.com\/it\/author\/medicina-democratica\/\"}]}<\/script>\n<!-- \/ Yoast SEO plugin. -->","yoast_head_json":{"title":"Sicurezza sul lavoro: 10 giorni di preavviso e tutto va bene?","description":"\u00a0\u201cMentre non si interrompe la sequenza di infortuni mortali e da tempo sono richiesti interventi strutturali sulla sicurezza nei luoghi di lavoro, il","robots":{"index":"index","follow":"follow","max-snippet":"max-snippet:-1","max-image-preview":"max-image-preview:large","max-video-preview":"max-video-preview:-1"},"canonical":"https:\/\/www.pressenza.com\/it\/2024\/07\/sicurezza-sul-lavoro-10-giorni-di-preavviso-e-tutto-va-bene\/","og_locale":"it_IT","og_type":"article","og_title":"Sicurezza sul lavoro: 10 giorni di preavviso e tutto va bene?","og_description":"\u00a0\u201cMentre non si interrompe la sequenza di infortuni mortali e da tempo sono richiesti interventi strutturali sulla sicurezza nei luoghi di lavoro, il","og_url":"https:\/\/www.pressenza.com\/it\/2024\/07\/sicurezza-sul-lavoro-10-giorni-di-preavviso-e-tutto-va-bene\/","og_site_name":"Pressenza","article_publisher":"https:\/\/www.facebook.com\/PressenzaItalia","article_published_time":"2024-07-26T13:07:12+00:00","og_image":[{"width":2000,"height":1500,"url":"https:\/\/www.pressenza.com\/wp-content\/uploads\/2022\/10\/Marco-Caldiroli-Angelo-Barbato-in-primo-piano.jpeg","type":"image\/jpeg"}],"author":"Medicina Democratica","twitter_card":"summary_large_image","twitter_creator":"@PressenzaIPA","twitter_site":"@PressenzaIPA","twitter_misc":{"Scritto da":"Medicina Democratica","Tempo di lettura stimato":"3 minuti"},"schema":{"@context":"https:\/\/schema.org","@graph":[{"@type":"Article","@id":"https:\/\/www.pressenza.com\/it\/2024\/07\/sicurezza-sul-lavoro-10-giorni-di-preavviso-e-tutto-va-bene\/#article","isPartOf":{"@id":"https:\/\/www.pressenza.com\/it\/2024\/07\/sicurezza-sul-lavoro-10-giorni-di-preavviso-e-tutto-va-bene\/"},"author":{"name":"Medicina Democratica","@id":"https:\/\/www.pressenza.com\/it\/#\/schema\/person\/f28e6f19f668de3a58144b337b715a76"},"headline":"Sicurezza sul lavoro: 10 giorni di preavviso e tutto va bene?","datePublished":"2024-07-26T13:07:12+00:00","mainEntityOfPage":{"@id":"https:\/\/www.pressenza.com\/it\/2024\/07\/sicurezza-sul-lavoro-10-giorni-di-preavviso-e-tutto-va-bene\/"},"wordCount":478,"publisher":{"@id":"https:\/\/www.pressenza.com\/it\/#organization"},"image":{"@id":"https:\/\/www.pressenza.com\/it\/2024\/07\/sicurezza-sul-lavoro-10-giorni-di-preavviso-e-tutto-va-bene\/#primaryimage"},"thumbnailUrl":"https:\/\/www.pressenza.com\/wp-content\/uploads\/2022\/10\/Marco-Caldiroli-Angelo-Barbato-in-primo-piano.jpeg","keywords":["DL 103","Marco Caldiroli","Medicina Democratica","sicurezza sul lavoro"],"articleSection":["Comunicati Stampa","Politica","Salute"],"inLanguage":"it-IT"},{"@type":"WebPage","@id":"https:\/\/www.pressenza.com\/it\/2024\/07\/sicurezza-sul-lavoro-10-giorni-di-preavviso-e-tutto-va-bene\/","url":"https:\/\/www.pressenza.com\/it\/2024\/07\/sicurezza-sul-lavoro-10-giorni-di-preavviso-e-tutto-va-bene\/","name":"Sicurezza sul lavoro: 10 giorni di preavviso e tutto va bene?","isPartOf":{"@id":"https:\/\/www.pressenza.com\/it\/#website"},"primaryImageOfPage":{"@id":"https:\/\/www.pressenza.com\/it\/2024\/07\/sicurezza-sul-lavoro-10-giorni-di-preavviso-e-tutto-va-bene\/#primaryimage"},"image":{"@id":"https:\/\/www.pressenza.com\/it\/2024\/07\/sicurezza-sul-lavoro-10-giorni-di-preavviso-e-tutto-va-bene\/#primaryimage"},"thumbnailUrl":"https:\/\/www.pressenza.com\/wp-content\/uploads\/2022\/10\/Marco-Caldiroli-Angelo-Barbato-in-primo-piano.jpeg","datePublished":"2024-07-26T13:07:12+00:00","description":"\u00a0\u201cMentre non si interrompe la sequenza di infortuni mortali e da tempo sono richiesti interventi strutturali sulla sicurezza nei luoghi di lavoro, il","breadcrumb":{"@id":"https:\/\/www.pressenza.com\/it\/2024\/07\/sicurezza-sul-lavoro-10-giorni-di-preavviso-e-tutto-va-bene\/#breadcrumb"},"inLanguage":"it-IT","potentialAction":[{"@type":"ReadAction","target":["https:\/\/www.pressenza.com\/it\/2024\/07\/sicurezza-sul-lavoro-10-giorni-di-preavviso-e-tutto-va-bene\/"]}]},{"@type":"ImageObject","inLanguage":"it-IT","@id":"https:\/\/www.pressenza.com\/it\/2024\/07\/sicurezza-sul-lavoro-10-giorni-di-preavviso-e-tutto-va-bene\/#primaryimage","url":"https:\/\/www.pressenza.com\/wp-content\/uploads\/2022\/10\/Marco-Caldiroli-Angelo-Barbato-in-primo-piano.jpeg","contentUrl":"https:\/\/www.pressenza.com\/wp-content\/uploads\/2022\/10\/Marco-Caldiroli-Angelo-Barbato-in-primo-piano.jpeg","width":2000,"height":1500},{"@type":"BreadcrumbList","@id":"https:\/\/www.pressenza.com\/it\/2024\/07\/sicurezza-sul-lavoro-10-giorni-di-preavviso-e-tutto-va-bene\/#breadcrumb","itemListElement":[{"@type":"ListItem","position":1,"name":"Accueil","item":"https:\/\/www.pressenza.com\/it\/"},{"@type":"ListItem","position":2,"name":"Sicurezza sul lavoro: 10 giorni di preavviso e tutto va bene?"}]},{"@type":"WebSite","@id":"https:\/\/www.pressenza.com\/it\/#website","url":"https:\/\/www.pressenza.com\/it\/","name":"Pressenza","description":"Agenzia di Stampa Internazionale","publisher":{"@id":"https:\/\/www.pressenza.com\/it\/#organization"},"potentialAction":[{"@type":"SearchAction","target":{"@type":"EntryPoint","urlTemplate":"https:\/\/www.pressenza.com\/it\/?s={search_term_string}"},"query-input":{"@type":"PropertyValueSpecification","valueRequired":true,"valueName":"search_term_string"}}],"inLanguage":"it-IT"},{"@type":"Organization","@id":"https:\/\/www.pressenza.com\/it\/#organization","name":"Pressenza","url":"https:\/\/www.pressenza.com\/it\/","logo":{"@type":"ImageObject","inLanguage":"it-IT","@id":"https:\/\/www.pressenza.com\/it\/#\/schema\/logo\/image\/","url":"https:\/\/www.pressenza.com\/wp-content\/uploads\/2022\/10\/pressenza_logo_200x200.jpg","contentUrl":"https:\/\/www.pressenza.com\/wp-content\/uploads\/2022\/10\/pressenza_logo_200x200.jpg","width":200,"height":200,"caption":"Pressenza"},"image":{"@id":"https:\/\/www.pressenza.com\/it\/#\/schema\/logo\/image\/"},"sameAs":["https:\/\/www.facebook.com\/PressenzaItalia","https:\/\/x.com\/PressenzaIPA"]},{"@type":"Person","@id":"https:\/\/www.pressenza.com\/it\/#\/schema\/person\/f28e6f19f668de3a58144b337b715a76","name":"Medicina Democratica","description":"https:\/\/www.medicinademocratica.org\/","sameAs":["https:\/\/www.medicinademocratica.org\/"],"url":"https:\/\/www.pressenza.com\/it\/author\/medicina-democratica\/"}]}},"place":"Milano","original_article_url":"","_links":{"self":[{"href":"https:\/\/www.pressenza.com\/it\/wp-json\/wp\/v2\/posts\/2538806","targetHints":{"allow":["GET"]}}],"collection":[{"href":"https:\/\/www.pressenza.com\/it\/wp-json\/wp\/v2\/posts"}],"about":[{"href":"https:\/\/www.pressenza.com\/it\/wp-json\/wp\/v2\/types\/post"}],"author":[{"embeddable":true,"href":"https:\/\/www.pressenza.com\/it\/wp-json\/wp\/v2\/users\/1862"}],"replies":[{"embeddable":true,"href":"https:\/\/www.pressenza.com\/it\/wp-json\/wp\/v2\/comments?post=2538806"}],"version-history":[{"count":0,"href":"https:\/\/www.pressenza.com\/it\/wp-json\/wp\/v2\/posts\/2538806\/revisions"}],"wp:featuredmedia":[{"embeddable":true,"href":"https:\/\/www.pressenza.com\/it\/wp-json\/wp\/v2\/media\/1689986"}],"wp:attachment":[{"href":"https:\/\/www.pressenza.com\/it\/wp-json\/wp\/v2\/media?parent=2538806"}],"wp:term":[{"taxonomy":"category","embeddable":true,"href":"https:\/\/www.pressenza.com\/it\/wp-json\/wp\/v2\/categories?post=2538806"},{"taxonomy":"post_tag","embeddable":true,"href":"https:\/\/www.pressenza.com\/it\/wp-json\/wp\/v2\/tags?post=2538806"}],"curies":[{"name":"wp","href":"https:\/\/api.w.org\/{rel}","templated":true}]}}