{"id":2538480,"date":"2024-07-24T20:51:01","date_gmt":"2024-07-24T19:51:01","guid":{"rendered":"https:\/\/www.pressenza.com\/?p=2538480"},"modified":"2024-07-24T20:53:33","modified_gmt":"2024-07-24T19:53:33","slug":"biella-legambiente-e-la-cacciata-degli-eretici-del-circolo-tavo-burat","status":"publish","type":"post","link":"https:\/\/www.pressenza.com\/it\/2024\/07\/biella-legambiente-e-la-cacciata-degli-eretici-del-circolo-tavo-burat\/","title":{"rendered":"Biella: Legambiente e la cacciata degli eretici del Circolo Tavo Burat"},"content":{"rendered":"<p align=\"JUSTIFY\"><span style=\"font-family: Times New Roman, serif;\"><span style=\"font-size: medium;\">Nove mesi di gestazione, praticamente un parto, per arrivare alla decisione di escludere il Circolo Tavo Burat di Biella dall&#8217;affiliazione a Legambiente.<\/span><\/span><\/p>\n<p align=\"JUSTIFY\"><span style=\"font-family: Times New Roman, serif;\"><span style=\"font-size: medium;\">Il giorno 22 luglio \u00e8 giunta la comunicazione del Presidente Stefano Ciafani, da cui si evince che l\u2019Assemblea nazionale dei delegati ratifica, con una stridente unanimit\u00e0, la cacciata dei <i>malvagi e infidi <\/i>biellesi dalla affiliazione alla Rete della stessa associazione.<\/span><\/span><\/p>\n<p align=\"JUSTIFY\"><span style=\"font-family: Times New Roman, serif;\"><span style=\"font-size: medium;\">Ah il Biellese! Luogo ai pi\u00f9 sconosciuto, terra di corsi d\u2019acqua e tessiture ma, soprattutto, di eresie.<\/span><\/span><\/p>\n<p align=\"JUSTIFY\"><span style=\"font-family: Times New Roman, serif;\"><span style=\"font-size: medium;\">Sul Monte Rubello, sulle Alpi Biellesi, si trova il cippo, anch\u2019esso dalla storia tormentata, che ricorda Fra Dolcino e la sua compagna Margherita <span style=\"color: #000000;\">Boninsegna da Trento<\/span>. Proprio l\u00ec, insieme ai loro seguaci valsesiani, avvenne l\u2019estrema resistenza contro l\u2019assedio delle truppe del vescovo di Vercelli. Correva l\u2019anno <span style=\"color: #000000;\">1307<\/span>, in pieno Medioevo. Naturalmente ebbero la peggio e il frate eretico Dolcino fu processato e arso vivo a Vercelli. Margherita fece la stessa fine ma venne bruciata<span style=\"color: #000000;\"> a Biella insieme a <\/span><span style=\"color: #000000;\">Longino da Bergamo<\/span><span style=\"color: #000000;\">, su un isolotto del torrente Cervo, dove ora c\u2019\u00e8 una targa che ne ricorda il martirio e dove il Circolo Tavo Burat, ogni 1\u00b0 maggio, celebra il Maj. <\/span><\/span><\/span><\/p>\n<p align=\"JUSTIFY\"><span style=\"font-family: Times New Roman, serif;\"><span style=\"font-size: medium;\">Una storia che conosceva bene anche Gustavo Buratti, \u201cTavo Burat\u201d, colui a cui \u00e8 intitolato il circolo Biellese cacciato da Legambiente.<\/span><\/span><\/p>\n<p align=\"JUSTIFY\"><span style=\"font-family: Times New Roman, serif;\"><span style=\"font-size: medium;\"><i>\u00abla lontana ribellione valsesiana che, per la presenza e la guida di Dolcino, \u00e8 divenuta \u201cereticale\u201d al punto di confondere i locali con i forestieri apostolici, \u00e8 attuale; essa parla ancora alle nostre sensibilit\u00e0 di montanari \u201cnon rassegnati\u201d ad accettare una montagna colonizzata, ridotta a squallida periferia per le seconde case di chi, nei grossi centri della pianura, detiene il potere economico; per questo, quella rabbia remota d\u00e0 voce anche alla nostra\u2026\u00bb <\/i><\/span><\/span><\/p>\n<p align=\"JUSTIFY\"><span style=\"font-family: Times New Roman, serif;\"><span style=\"font-size: medium;\">Cos\u00ec scriveva Gustavo Buratti nel suo libro <i>\u201cFra Dolcino e Margherita. Tra messianesimo egualitario e resistenza montanara\u201d<\/i> e, credo, ci sia poco da aggiungere. <\/span><\/span><\/p>\n<p align=\"JUSTIFY\"><span style=\"font-family: Times New Roman, serif;\"><span style=\"font-size: medium;\">In fondo anche la vicenda di questi nove mesi di gestazione dell\u2019espulsione del circolo intitolato a Tavo Burat racconta di fratture tra centri e periferie, del difficile connubio tra autonomia e \u201cbrand\u201d di chi detiene il potere.<\/span><\/span><\/p>\n<p align=\"JUSTIFY\"><span style=\"font-family: Times New Roman, serif;\"><span style=\"font-size: medium;\">La recente vicenda della cacciata degli \u201ceretici\u201d Biellesi da Legambiente non \u00e8 certo cos\u00ec cruenta come quella medievale. Ha, per\u00f2, lo stesso sapore di repressione del dissenso.<\/span><\/span><\/p>\n<p align=\"JUSTIFY\"><span style=\"font-family: Times New Roman, serif;\"><span style=\"font-size: medium;\">La vicenda, per comprenderla meglio, la trovate raccontata su <\/span><\/span><span style=\"color: #000080;\"><u><a href=\"\/?page_id=434519&amp;q=legambiente+biella\"><span style=\"font-family: Times New Roman, serif;\"><span style=\"font-size: medium;\">Pressenza<\/span><\/span><\/a><\/u><\/span><span style=\"font-family: Times New Roman, serif;\"><span style=\"font-size: medium;\"> e su <\/span><\/span><span style=\"color: #000080;\"><u><a href=\"https:\/\/rossetorri.it\/?s=legambiente+biella\"><span style=\"font-family: Times New Roman, serif;\"><span style=\"font-size: medium;\">Varieventuali<\/span><\/span><\/a><\/u><\/span><span style=\"font-family: Times New Roman, serif;\"><span style=\"font-size: medium;\">.<\/span><\/span><\/p>\n<p align=\"JUSTIFY\"><span style=\"font-family: Times New Roman, serif;\"><span style=\"font-size: medium;\">Voglio per\u00f2, anche in questo breve scritto, chiarire quale sia il peccato originale dei neo eretici biellesi.<\/span><\/span><\/p>\n<p align=\"JUSTIFY\"><span style=\"font-family: Times New Roman, serif;\"><span style=\"font-size: medium;\">Si pu\u00f2 riassumere nell\u2019esecrabile \u201cdanno d\u2019immagine\u201d, avendo espresso pubblico dissenso e, udite udite, avendo cos\u00ec tradito il vincolo di segretezza che, pare, venga imposto sugli atti dei propri congressi dall&#8217;associazione del cigno verde agli affiliati. <\/span><\/span><\/p>\n<p align=\"JUSTIFY\"><span style=\"font-family: Times New Roman, serif;\"><span style=\"font-size: medium;\">Peccato che di questo vincolo non si trovi traccia negli statuti dell\u2019organizzazione stessa.<\/span><\/span><\/p>\n<p align=\"JUSTIFY\"><span style=\"font-family: Times New Roman, serif;\"><span style=\"font-size: medium;\">Altrimenti il sottoscritto non si sarebbe affiliato (e non ne sarebbe stato poi irragionevolmente espulso).<\/span><\/span><\/p>\n<p align=\"JUSTIFY\"><span style=\"font-family: Times New Roman, serif;\"><span style=\"font-size: medium;\">Per chi volesse solidarizzare con i neo eretici biellesi, cacciati da Legambiente, pu\u00f2 scrivere all\u2019indirizzo mail <\/span><\/span><span style=\"color: #000080;\"><u><a href=\"mailto:circolo.tavo.burat@gmail.com\"><span style=\"font-family: Times New Roman, serif;\"><span style=\"font-size: medium;\">circolo.tavo.burat@gmail.com<\/span><\/span><\/a><\/u><\/span><\/p>\n<p align=\"JUSTIFY\"><span style=\"font-family: Times New Roman, serif;\"><span style=\"font-size: medium;\">Certo! Il circolo prosegue nelle sue attivit\u00e0 e, qualora ci si senta un po&#8217; eretici, ci si pu\u00f2 anche iscrivere. Sarebbe un significativo gesto di solidariet\u00e0.<\/span><\/span><\/p>\n<p align=\"JUSTIFY\"><span style=\"font-family: Times New Roman, serif;\"><span style=\"font-size: medium;\">Bastano 20 \u20ac versati sul conto bonifico bancario: Circolo Tavo Burat, iban IT35Q0608522300000000089737, Banca di ASTI, nella causale va indicato: \u201cNome &#8211; Cognome &#8211; Tesseramento 2024\u201d<\/span><\/span><\/p>\n<p><span style=\"font-family: Times New Roman, serif;\"><span style=\"font-size: medium;\">\u00a0<\/span><\/span><\/p>\n","protected":false},"excerpt":{"rendered":"<p>Nove mesi di gestazione, praticamente un parto, per arrivare alla decisione di escludere il Circolo Tavo Burat di Biella dall&#8217;affiliazione a Legambiente. Il giorno 22 luglio \u00e8 giunta la comunicazione del Presidente Stefano Ciafani, da cui si evince che l\u2019Assemblea&hellip;<\/p>\n","protected":false},"author":2083,"featured_media":2538489,"comment_status":"closed","ping_status":"closed","sticky":false,"template":"","format":"standard","meta":{"footnotes":""},"categories":[11388,59,47],"tags":[99218,124992,921],"class_list":["post-2538480","post","type-post","status-publish","format-standard","has-post-thumbnail","hentry","category-contenuti-originali","category-ambiente-ecologia","category-europa","tag-biella","tag-circolo-tavo-burat","tag-legambiente"],"yoast_head":"<!-- This site is optimized with the Yoast SEO plugin v27.1.1 - https:\/\/yoast.com\/product\/yoast-seo-wordpress\/ -->\n<title>Biella: Legambiente e la cacciata degli eretici del Circolo Tavo Burat<\/title>\n<meta name=\"description\" content=\"Il giorno 22 luglio \u00e8 giunta la comunicazione del Presidente Stefano Ciafani, da cui si evince che l\u2019Assemblea nazionale dei delegati ratifica, con una stridente unanimit\u00e0, la cacciata dei malvagi e infidi biellesi dalla affiliazione alla Rete della stessa associazione\" \/>\n<meta name=\"robots\" content=\"index, follow, max-snippet:-1, max-image-preview:large, max-video-preview:-1\" \/>\n<link rel=\"canonical\" href=\"https:\/\/www.pressenza.com\/it\/2024\/07\/biella-legambiente-e-la-cacciata-degli-eretici-del-circolo-tavo-burat\/\" \/>\n<meta property=\"og:locale\" content=\"it_IT\" \/>\n<meta property=\"og:type\" content=\"article\" \/>\n<meta property=\"og:title\" content=\"Biella: Legambiente e la cacciata degli eretici del Circolo Tavo Burat\" \/>\n<meta property=\"og:description\" content=\"Il giorno 22 luglio \u00e8 giunta la comunicazione del Presidente Stefano Ciafani, da cui si evince che l\u2019Assemblea nazionale dei delegati ratifica, con una stridente unanimit\u00e0, la cacciata dei malvagi e infidi biellesi dalla affiliazione alla Rete della stessa associazione\" \/>\n<meta property=\"og:url\" content=\"https:\/\/www.pressenza.com\/it\/2024\/07\/biella-legambiente-e-la-cacciata-degli-eretici-del-circolo-tavo-burat\/\" \/>\n<meta property=\"og:site_name\" content=\"Pressenza\" \/>\n<meta property=\"article:publisher\" content=\"https:\/\/www.facebook.com\/PressenzaItalia\" \/>\n<meta property=\"article:published_time\" content=\"2024-07-24T19:51:01+00:00\" \/>\n<meta property=\"article:modified_time\" content=\"2024-07-24T19:53:33+00:00\" \/>\n<meta property=\"og:image\" content=\"https:\/\/www.pressenza.com\/wp-content\/uploads\/2024\/07\/Festa-del-Maj-1974.jpg\" \/>\n\t<meta property=\"og:image:width\" content=\"820\" \/>\n\t<meta property=\"og:image:height\" content=\"540\" \/>\n\t<meta property=\"og:image:type\" content=\"image\/jpeg\" \/>\n<meta name=\"author\" content=\"Ettore Macchieraldo\" \/>\n<meta name=\"twitter:card\" content=\"summary_large_image\" \/>\n<meta name=\"twitter:creator\" content=\"@PressenzaIPA\" \/>\n<meta name=\"twitter:site\" content=\"@PressenzaIPA\" \/>\n<meta name=\"twitter:label1\" content=\"Scritto da\" \/>\n\t<meta name=\"twitter:data1\" content=\"Ettore Macchieraldo\" \/>\n\t<meta name=\"twitter:label2\" content=\"Tempo di lettura stimato\" \/>\n\t<meta name=\"twitter:data2\" content=\"3 minuti\" \/>\n<script type=\"application\/ld+json\" class=\"yoast-schema-graph\">{\"@context\":\"https:\/\/schema.org\",\"@graph\":[{\"@type\":\"Article\",\"@id\":\"https:\/\/www.pressenza.com\/it\/2024\/07\/biella-legambiente-e-la-cacciata-degli-eretici-del-circolo-tavo-burat\/#article\",\"isPartOf\":{\"@id\":\"https:\/\/www.pressenza.com\/it\/2024\/07\/biella-legambiente-e-la-cacciata-degli-eretici-del-circolo-tavo-burat\/\"},\"author\":{\"name\":\"Ettore Macchieraldo\",\"@id\":\"https:\/\/www.pressenza.com\/it\/#\/schema\/person\/0fc703d72c5e915fb1a513aa8a42b812\"},\"headline\":\"Biella: Legambiente e la cacciata degli eretici del Circolo Tavo Burat\",\"datePublished\":\"2024-07-24T19:51:01+00:00\",\"dateModified\":\"2024-07-24T19:53:33+00:00\",\"mainEntityOfPage\":{\"@id\":\"https:\/\/www.pressenza.com\/it\/2024\/07\/biella-legambiente-e-la-cacciata-degli-eretici-del-circolo-tavo-burat\/\"},\"wordCount\":549,\"publisher\":{\"@id\":\"https:\/\/www.pressenza.com\/it\/#organization\"},\"image\":{\"@id\":\"https:\/\/www.pressenza.com\/it\/2024\/07\/biella-legambiente-e-la-cacciata-degli-eretici-del-circolo-tavo-burat\/#primaryimage\"},\"thumbnailUrl\":\"https:\/\/www.pressenza.com\/wp-content\/uploads\/2024\/07\/Festa-del-Maj-1974.jpg\",\"keywords\":[\"Biella\",\"Circolo Tavo Burat\",\"Legambiente\"],\"articleSection\":[\"contenuti originali\",\"Ecologia ed Ambiente\",\"Europa\"],\"inLanguage\":\"it-IT\"},{\"@type\":\"WebPage\",\"@id\":\"https:\/\/www.pressenza.com\/it\/2024\/07\/biella-legambiente-e-la-cacciata-degli-eretici-del-circolo-tavo-burat\/\",\"url\":\"https:\/\/www.pressenza.com\/it\/2024\/07\/biella-legambiente-e-la-cacciata-degli-eretici-del-circolo-tavo-burat\/\",\"name\":\"Biella: Legambiente e la cacciata degli eretici del Circolo Tavo Burat\",\"isPartOf\":{\"@id\":\"https:\/\/www.pressenza.com\/it\/#website\"},\"primaryImageOfPage\":{\"@id\":\"https:\/\/www.pressenza.com\/it\/2024\/07\/biella-legambiente-e-la-cacciata-degli-eretici-del-circolo-tavo-burat\/#primaryimage\"},\"image\":{\"@id\":\"https:\/\/www.pressenza.com\/it\/2024\/07\/biella-legambiente-e-la-cacciata-degli-eretici-del-circolo-tavo-burat\/#primaryimage\"},\"thumbnailUrl\":\"https:\/\/www.pressenza.com\/wp-content\/uploads\/2024\/07\/Festa-del-Maj-1974.jpg\",\"datePublished\":\"2024-07-24T19:51:01+00:00\",\"dateModified\":\"2024-07-24T19:53:33+00:00\",\"description\":\"Il giorno 22 luglio \u00e8 giunta la comunicazione del Presidente Stefano Ciafani, da cui si evince che l\u2019Assemblea nazionale dei delegati ratifica, con una stridente unanimit\u00e0, la cacciata dei malvagi e infidi biellesi dalla affiliazione alla Rete della stessa associazione\",\"breadcrumb\":{\"@id\":\"https:\/\/www.pressenza.com\/it\/2024\/07\/biella-legambiente-e-la-cacciata-degli-eretici-del-circolo-tavo-burat\/#breadcrumb\"},\"inLanguage\":\"it-IT\",\"potentialAction\":[{\"@type\":\"ReadAction\",\"target\":[\"https:\/\/www.pressenza.com\/it\/2024\/07\/biella-legambiente-e-la-cacciata-degli-eretici-del-circolo-tavo-burat\/\"]}]},{\"@type\":\"ImageObject\",\"inLanguage\":\"it-IT\",\"@id\":\"https:\/\/www.pressenza.com\/it\/2024\/07\/biella-legambiente-e-la-cacciata-degli-eretici-del-circolo-tavo-burat\/#primaryimage\",\"url\":\"https:\/\/www.pressenza.com\/wp-content\/uploads\/2024\/07\/Festa-del-Maj-1974.jpg\",\"contentUrl\":\"https:\/\/www.pressenza.com\/wp-content\/uploads\/2024\/07\/Festa-del-Maj-1974.jpg\",\"width\":820,\"height\":540},{\"@type\":\"BreadcrumbList\",\"@id\":\"https:\/\/www.pressenza.com\/it\/2024\/07\/biella-legambiente-e-la-cacciata-degli-eretici-del-circolo-tavo-burat\/#breadcrumb\",\"itemListElement\":[{\"@type\":\"ListItem\",\"position\":1,\"name\":\"Accueil\",\"item\":\"https:\/\/www.pressenza.com\/it\/\"},{\"@type\":\"ListItem\",\"position\":2,\"name\":\"Biella: Legambiente e la cacciata degli eretici del Circolo Tavo Burat\"}]},{\"@type\":\"WebSite\",\"@id\":\"https:\/\/www.pressenza.com\/it\/#website\",\"url\":\"https:\/\/www.pressenza.com\/it\/\",\"name\":\"Pressenza\",\"description\":\"Agenzia di Stampa Internazionale\",\"publisher\":{\"@id\":\"https:\/\/www.pressenza.com\/it\/#organization\"},\"potentialAction\":[{\"@type\":\"SearchAction\",\"target\":{\"@type\":\"EntryPoint\",\"urlTemplate\":\"https:\/\/www.pressenza.com\/it\/?s={search_term_string}\"},\"query-input\":{\"@type\":\"PropertyValueSpecification\",\"valueRequired\":true,\"valueName\":\"search_term_string\"}}],\"inLanguage\":\"it-IT\"},{\"@type\":\"Organization\",\"@id\":\"https:\/\/www.pressenza.com\/it\/#organization\",\"name\":\"Pressenza\",\"url\":\"https:\/\/www.pressenza.com\/it\/\",\"logo\":{\"@type\":\"ImageObject\",\"inLanguage\":\"it-IT\",\"@id\":\"https:\/\/www.pressenza.com\/it\/#\/schema\/logo\/image\/\",\"url\":\"https:\/\/www.pressenza.com\/wp-content\/uploads\/2022\/10\/pressenza_logo_200x200.jpg\",\"contentUrl\":\"https:\/\/www.pressenza.com\/wp-content\/uploads\/2022\/10\/pressenza_logo_200x200.jpg\",\"width\":200,\"height\":200,\"caption\":\"Pressenza\"},\"image\":{\"@id\":\"https:\/\/www.pressenza.com\/it\/#\/schema\/logo\/image\/\"},\"sameAs\":[\"https:\/\/www.facebook.com\/PressenzaItalia\",\"https:\/\/x.com\/PressenzaIPA\"]},{\"@type\":\"Person\",\"@id\":\"https:\/\/www.pressenza.com\/it\/#\/schema\/person\/0fc703d72c5e915fb1a513aa8a42b812\",\"name\":\"Ettore Macchieraldo\",\"url\":\"https:\/\/www.pressenza.com\/it\/author\/ettore-macchieraldo\/\"}]}<\/script>\n<!-- \/ Yoast SEO plugin. -->","yoast_head_json":{"title":"Biella: Legambiente e la cacciata degli eretici del Circolo Tavo Burat","description":"Il giorno 22 luglio \u00e8 giunta la comunicazione del Presidente Stefano Ciafani, da cui si evince che l\u2019Assemblea nazionale dei delegati ratifica, con una stridente unanimit\u00e0, la cacciata dei malvagi e infidi biellesi dalla affiliazione alla Rete della stessa associazione","robots":{"index":"index","follow":"follow","max-snippet":"max-snippet:-1","max-image-preview":"max-image-preview:large","max-video-preview":"max-video-preview:-1"},"canonical":"https:\/\/www.pressenza.com\/it\/2024\/07\/biella-legambiente-e-la-cacciata-degli-eretici-del-circolo-tavo-burat\/","og_locale":"it_IT","og_type":"article","og_title":"Biella: Legambiente e la cacciata degli eretici del Circolo Tavo Burat","og_description":"Il giorno 22 luglio \u00e8 giunta la comunicazione del Presidente Stefano Ciafani, da cui si evince che l\u2019Assemblea nazionale dei delegati ratifica, con una stridente unanimit\u00e0, la cacciata dei malvagi e infidi biellesi dalla affiliazione alla Rete della stessa associazione","og_url":"https:\/\/www.pressenza.com\/it\/2024\/07\/biella-legambiente-e-la-cacciata-degli-eretici-del-circolo-tavo-burat\/","og_site_name":"Pressenza","article_publisher":"https:\/\/www.facebook.com\/PressenzaItalia","article_published_time":"2024-07-24T19:51:01+00:00","article_modified_time":"2024-07-24T19:53:33+00:00","og_image":[{"width":820,"height":540,"url":"https:\/\/www.pressenza.com\/wp-content\/uploads\/2024\/07\/Festa-del-Maj-1974.jpg","type":"image\/jpeg"}],"author":"Ettore Macchieraldo","twitter_card":"summary_large_image","twitter_creator":"@PressenzaIPA","twitter_site":"@PressenzaIPA","twitter_misc":{"Scritto da":"Ettore Macchieraldo","Tempo di lettura stimato":"3 minuti"},"schema":{"@context":"https:\/\/schema.org","@graph":[{"@type":"Article","@id":"https:\/\/www.pressenza.com\/it\/2024\/07\/biella-legambiente-e-la-cacciata-degli-eretici-del-circolo-tavo-burat\/#article","isPartOf":{"@id":"https:\/\/www.pressenza.com\/it\/2024\/07\/biella-legambiente-e-la-cacciata-degli-eretici-del-circolo-tavo-burat\/"},"author":{"name":"Ettore Macchieraldo","@id":"https:\/\/www.pressenza.com\/it\/#\/schema\/person\/0fc703d72c5e915fb1a513aa8a42b812"},"headline":"Biella: Legambiente e la cacciata degli eretici del Circolo Tavo Burat","datePublished":"2024-07-24T19:51:01+00:00","dateModified":"2024-07-24T19:53:33+00:00","mainEntityOfPage":{"@id":"https:\/\/www.pressenza.com\/it\/2024\/07\/biella-legambiente-e-la-cacciata-degli-eretici-del-circolo-tavo-burat\/"},"wordCount":549,"publisher":{"@id":"https:\/\/www.pressenza.com\/it\/#organization"},"image":{"@id":"https:\/\/www.pressenza.com\/it\/2024\/07\/biella-legambiente-e-la-cacciata-degli-eretici-del-circolo-tavo-burat\/#primaryimage"},"thumbnailUrl":"https:\/\/www.pressenza.com\/wp-content\/uploads\/2024\/07\/Festa-del-Maj-1974.jpg","keywords":["Biella","Circolo Tavo Burat","Legambiente"],"articleSection":["contenuti originali","Ecologia ed Ambiente","Europa"],"inLanguage":"it-IT"},{"@type":"WebPage","@id":"https:\/\/www.pressenza.com\/it\/2024\/07\/biella-legambiente-e-la-cacciata-degli-eretici-del-circolo-tavo-burat\/","url":"https:\/\/www.pressenza.com\/it\/2024\/07\/biella-legambiente-e-la-cacciata-degli-eretici-del-circolo-tavo-burat\/","name":"Biella: Legambiente e la cacciata degli eretici del Circolo Tavo Burat","isPartOf":{"@id":"https:\/\/www.pressenza.com\/it\/#website"},"primaryImageOfPage":{"@id":"https:\/\/www.pressenza.com\/it\/2024\/07\/biella-legambiente-e-la-cacciata-degli-eretici-del-circolo-tavo-burat\/#primaryimage"},"image":{"@id":"https:\/\/www.pressenza.com\/it\/2024\/07\/biella-legambiente-e-la-cacciata-degli-eretici-del-circolo-tavo-burat\/#primaryimage"},"thumbnailUrl":"https:\/\/www.pressenza.com\/wp-content\/uploads\/2024\/07\/Festa-del-Maj-1974.jpg","datePublished":"2024-07-24T19:51:01+00:00","dateModified":"2024-07-24T19:53:33+00:00","description":"Il giorno 22 luglio \u00e8 giunta la comunicazione del Presidente Stefano Ciafani, da cui si evince che l\u2019Assemblea nazionale dei delegati ratifica, con una stridente unanimit\u00e0, la cacciata dei malvagi e infidi biellesi dalla affiliazione alla Rete della stessa associazione","breadcrumb":{"@id":"https:\/\/www.pressenza.com\/it\/2024\/07\/biella-legambiente-e-la-cacciata-degli-eretici-del-circolo-tavo-burat\/#breadcrumb"},"inLanguage":"it-IT","potentialAction":[{"@type":"ReadAction","target":["https:\/\/www.pressenza.com\/it\/2024\/07\/biella-legambiente-e-la-cacciata-degli-eretici-del-circolo-tavo-burat\/"]}]},{"@type":"ImageObject","inLanguage":"it-IT","@id":"https:\/\/www.pressenza.com\/it\/2024\/07\/biella-legambiente-e-la-cacciata-degli-eretici-del-circolo-tavo-burat\/#primaryimage","url":"https:\/\/www.pressenza.com\/wp-content\/uploads\/2024\/07\/Festa-del-Maj-1974.jpg","contentUrl":"https:\/\/www.pressenza.com\/wp-content\/uploads\/2024\/07\/Festa-del-Maj-1974.jpg","width":820,"height":540},{"@type":"BreadcrumbList","@id":"https:\/\/www.pressenza.com\/it\/2024\/07\/biella-legambiente-e-la-cacciata-degli-eretici-del-circolo-tavo-burat\/#breadcrumb","itemListElement":[{"@type":"ListItem","position":1,"name":"Accueil","item":"https:\/\/www.pressenza.com\/it\/"},{"@type":"ListItem","position":2,"name":"Biella: Legambiente e la cacciata degli eretici del Circolo Tavo Burat"}]},{"@type":"WebSite","@id":"https:\/\/www.pressenza.com\/it\/#website","url":"https:\/\/www.pressenza.com\/it\/","name":"Pressenza","description":"Agenzia di Stampa Internazionale","publisher":{"@id":"https:\/\/www.pressenza.com\/it\/#organization"},"potentialAction":[{"@type":"SearchAction","target":{"@type":"EntryPoint","urlTemplate":"https:\/\/www.pressenza.com\/it\/?s={search_term_string}"},"query-input":{"@type":"PropertyValueSpecification","valueRequired":true,"valueName":"search_term_string"}}],"inLanguage":"it-IT"},{"@type":"Organization","@id":"https:\/\/www.pressenza.com\/it\/#organization","name":"Pressenza","url":"https:\/\/www.pressenza.com\/it\/","logo":{"@type":"ImageObject","inLanguage":"it-IT","@id":"https:\/\/www.pressenza.com\/it\/#\/schema\/logo\/image\/","url":"https:\/\/www.pressenza.com\/wp-content\/uploads\/2022\/10\/pressenza_logo_200x200.jpg","contentUrl":"https:\/\/www.pressenza.com\/wp-content\/uploads\/2022\/10\/pressenza_logo_200x200.jpg","width":200,"height":200,"caption":"Pressenza"},"image":{"@id":"https:\/\/www.pressenza.com\/it\/#\/schema\/logo\/image\/"},"sameAs":["https:\/\/www.facebook.com\/PressenzaItalia","https:\/\/x.com\/PressenzaIPA"]},{"@type":"Person","@id":"https:\/\/www.pressenza.com\/it\/#\/schema\/person\/0fc703d72c5e915fb1a513aa8a42b812","name":"Ettore Macchieraldo","url":"https:\/\/www.pressenza.com\/it\/author\/ettore-macchieraldo\/"}]}},"place":"","original_article_url":"","_links":{"self":[{"href":"https:\/\/www.pressenza.com\/it\/wp-json\/wp\/v2\/posts\/2538480","targetHints":{"allow":["GET"]}}],"collection":[{"href":"https:\/\/www.pressenza.com\/it\/wp-json\/wp\/v2\/posts"}],"about":[{"href":"https:\/\/www.pressenza.com\/it\/wp-json\/wp\/v2\/types\/post"}],"author":[{"embeddable":true,"href":"https:\/\/www.pressenza.com\/it\/wp-json\/wp\/v2\/users\/2083"}],"replies":[{"embeddable":true,"href":"https:\/\/www.pressenza.com\/it\/wp-json\/wp\/v2\/comments?post=2538480"}],"version-history":[{"count":0,"href":"https:\/\/www.pressenza.com\/it\/wp-json\/wp\/v2\/posts\/2538480\/revisions"}],"wp:featuredmedia":[{"embeddable":true,"href":"https:\/\/www.pressenza.com\/it\/wp-json\/wp\/v2\/media\/2538489"}],"wp:attachment":[{"href":"https:\/\/www.pressenza.com\/it\/wp-json\/wp\/v2\/media?parent=2538480"}],"wp:term":[{"taxonomy":"category","embeddable":true,"href":"https:\/\/www.pressenza.com\/it\/wp-json\/wp\/v2\/categories?post=2538480"},{"taxonomy":"post_tag","embeddable":true,"href":"https:\/\/www.pressenza.com\/it\/wp-json\/wp\/v2\/tags?post=2538480"}],"curies":[{"name":"wp","href":"https:\/\/api.w.org\/{rel}","templated":true}]}}