{"id":2537302,"date":"2024-07-19T09:20:18","date_gmt":"2024-07-19T08:20:18","guid":{"rendered":"https:\/\/www.pressenza.com\/?p=2537302"},"modified":"2024-07-19T10:04:35","modified_gmt":"2024-07-19T09:04:35","slug":"genova-2001-immagini-e-parole","status":"publish","type":"post","link":"https:\/\/www.pressenza.com\/it\/2024\/07\/genova-2001-immagini-e-parole\/","title":{"rendered":"Genova 2001: immagini e parole"},"content":{"rendered":"<p>Nell&#8217;ultimo di quei tre dannati giorni un&#8217;immensa folla si rivers\u00f2 su uno stradone costeggiato da un ripidissimo muraglione da un lato e dall&#8217;altro dalla spiaggia.<\/p>\n<p>I fotografi e i cameramen cercarono delle posizioni sicure da cui poter continuare il loro lavoro.<\/p>\n<p>Sostituirono i normali obbiettivi con dei tele e lentamente, accompagnati dalla tensione che aleggiava nell&#8217;aria, cominciarono a ritirarsi indietro.<\/p>\n<p>Io non avevo alcun tele obbiettivo, ma solo la mia vecchia Nikon f801 con un 28-105 mm &#8230;<\/p>\n<div class=\"post-gallery\">\n\t\t\t<figure class=\"post-gallery-item\">\n\t\t\t\t<img decoding=\"async\" src=\"https:\/\/www.pressenza.com\/wp-content\/uploads\/2024\/07\/Genova2001_Maurizio_Tritto_1_AI-820x567.jpeg\" loading=\"lazy\">\n\t\t\t\t<figcaption>\n\t\t\t\t\t\n\t\t\t\t<\/figcaption>\n\t\t\t<\/figure>\n\t\t\t<figure class=\"post-gallery-item\">\n\t\t\t\t<img decoding=\"async\" src=\"https:\/\/www.pressenza.com\/wp-content\/uploads\/2024\/07\/Genova2001_Maurizio_Tritto_2_AI-820x543.jpeg\" loading=\"lazy\">\n\t\t\t\t<figcaption>\n\t\t\t\t\t\n\t\t\t\t<\/figcaption>\n\t\t\t<\/figure>\n\t\t\t<figure class=\"post-gallery-item\">\n\t\t\t\t<img decoding=\"async\" src=\"https:\/\/www.pressenza.com\/wp-content\/uploads\/2024\/07\/Genova2001_Maurizio_Tritto_3_ai-820x519.jpeg\" loading=\"lazy\">\n\t\t\t\t<figcaption>\n\t\t\t\t\t\n\t\t\t\t<\/figcaption>\n\t\t\t<\/figure>\n\t\t\t<figure class=\"post-gallery-item\">\n\t\t\t\t<img decoding=\"async\" src=\"https:\/\/www.pressenza.com\/wp-content\/uploads\/2024\/07\/Genova2001_Maurizio_Tritto_4_ai-820x536.jpeg\" loading=\"lazy\">\n\t\t\t\t<figcaption>\n\t\t\t\t\t\n\t\t\t\t<\/figcaption>\n\t\t\t<\/figure>\n\t\t\t<figure class=\"post-gallery-item\">\n\t\t\t\t<img decoding=\"async\" src=\"https:\/\/www.pressenza.com\/wp-content\/uploads\/2024\/07\/Genova2001_Maurizio_Tritto_5_ai-820x532.jpeg\" loading=\"lazy\">\n\t\t\t\t<figcaption>\n\t\t\t\t\t\n\t\t\t\t<\/figcaption>\n\t\t\t<\/figure>\n\t\t\t<figure class=\"post-gallery-item\">\n\t\t\t\t<img decoding=\"async\" src=\"https:\/\/www.pressenza.com\/wp-content\/uploads\/2024\/07\/Genova2001_Maurizio_Tritto_6_ai-820x539.jpeg\" loading=\"lazy\">\n\t\t\t\t<figcaption>\n\t\t\t\t\t\n\t\t\t\t<\/figcaption>\n\t\t\t<\/figure>\n\t\t\t<figure class=\"post-gallery-item\">\n\t\t\t\t<img decoding=\"async\" src=\"https:\/\/www.pressenza.com\/wp-content\/uploads\/2024\/07\/Genova2001_Maurizio_Tritto_7_ai-820x539.jpeg\" loading=\"lazy\">\n\t\t\t\t<figcaption>\n\t\t\t\t\t\n\t\t\t\t<\/figcaption>\n\t\t\t<\/figure><\/div>\n<p>Arrivai a Genova poco prima del tramonto e lungo la strada riuscivo ad ascoltare l&#8217;eco delle canzoni di Mano Chao.<\/p>\n<p>C&#8217;era un clima di gioia e di festa e prima di recarmi al banchetto dove assegnavano il luogo in cui poter dormire, mi sparai un paio di freschissime birre.<\/p>\n<p>&lt;&lt; Sei un fotografo?\u00a0 Alloggerai con il tuo sacco a pelo nella Scuola Diaz! &gt;&gt;<\/p>\n<p>Il giorno dopo cominciarono le manifestazioni separate ed io mi unii ad una di queste senza sapere da chi fosse rappresentata.<\/p>\n<p>Tutto era gi\u00e0 scritto!\u00a0\u00a0&#8230;<\/p>\n<div class=\"post-gallery\">\n\t\t\t<figure class=\"post-gallery-item\">\n\t\t\t\t<img decoding=\"async\" src=\"https:\/\/www.pressenza.com\/wp-content\/uploads\/2024\/07\/Genova2001_Maurizio_Tritto_8_ai-820x528.jpeg\" loading=\"lazy\">\n\t\t\t\t<figcaption>\n\t\t\t\t\t\n\t\t\t\t<\/figcaption>\n\t\t\t<\/figure>\n\t\t\t<figure class=\"post-gallery-item\">\n\t\t\t\t<img decoding=\"async\" src=\"https:\/\/www.pressenza.com\/wp-content\/uploads\/2024\/07\/Genova2001_Maurizio_Tritto_9_ai-820x566.jpeg\" loading=\"lazy\">\n\t\t\t\t<figcaption>\n\t\t\t\t\t\n\t\t\t\t<\/figcaption>\n\t\t\t<\/figure>\n\t\t\t<figure class=\"post-gallery-item\">\n\t\t\t\t<img decoding=\"async\" src=\"https:\/\/www.pressenza.com\/wp-content\/uploads\/2024\/07\/Genova2001_Maurizio_Tritto_10_ai-820x569.jpeg\" loading=\"lazy\">\n\t\t\t\t<figcaption>\n\t\t\t\t\t\n\t\t\t\t<\/figcaption>\n\t\t\t<\/figure>\n\t\t\t<figure class=\"post-gallery-item\">\n\t\t\t\t<img decoding=\"async\" src=\"https:\/\/www.pressenza.com\/wp-content\/uploads\/2024\/07\/Genova2001_Maurizio_Tritto_11_ai-668x1024.jpeg\" loading=\"lazy\">\n\t\t\t\t<figcaption>\n\t\t\t\t\t\n\t\t\t\t<\/figcaption>\n\t\t\t<\/figure><\/div>\n<p>Arriv\u00f2 la notizia di un giovane ragazzo ammazzato dalle Forze del disordine e nulla fu pi\u00f9 come prima!<\/p>\n<p>C&#8217;era rabbia\u00a0e\u00a0paura!<\/p>\n<div class=\"post-gallery\">\n\t\t\t<figure class=\"post-gallery-item\">\n\t\t\t\t<img decoding=\"async\" src=\"https:\/\/www.pressenza.com\/wp-content\/uploads\/2024\/07\/Genova2001_Maurizio_Tritto_12_ai-820x540.jpeg\" loading=\"lazy\">\n\t\t\t\t<figcaption>\n\t\t\t\t\t\n\t\t\t\t<\/figcaption>\n\t\t\t<\/figure>\n\t\t\t<figure class=\"post-gallery-item\">\n\t\t\t\t<img decoding=\"async\" src=\"https:\/\/www.pressenza.com\/wp-content\/uploads\/2024\/07\/Genova2001_Maurizio_Tritto_13_ai-820x528.jpeg\" loading=\"lazy\">\n\t\t\t\t<figcaption>\n\t\t\t\t\t\n\t\t\t\t<\/figcaption>\n\t\t\t<\/figure>\n\t\t\t<figure class=\"post-gallery-item\">\n\t\t\t\t<img decoding=\"async\" src=\"https:\/\/www.pressenza.com\/wp-content\/uploads\/2024\/07\/Genova2001_Maurizio_Tritto_14_820-820x540.jpg\" loading=\"lazy\">\n\t\t\t\t<figcaption>\n\t\t\t\t\t\n\t\t\t\t<\/figcaption>\n\t\t\t<\/figure><\/div>\n<p>Ero abituato a situazioni di guerra, ma nessuno si sarebbe mai aspettato che lo Stato ne facesse una contro i manifestanti.<\/p>\n<p>La notte della Diaz bevvi cos\u00ec tanto che rimasi a dormire in spiaggia.<\/p>\n<p>La mia Nikon si frantum\u00f2 in due parti.<\/p>\n<p>Il poliziotto cerc\u00f2 di sferrare un colpo contro la mia testa con il suo manganello e la macchina fotografica mi fece da scudo, scattando il suo ultimo fotogramma.<\/p>\n<p>Mi rialzai e sferrai un calcio contro quella divisa imbottita di tanta rabbia e odio, riuscendo a fuggire.<\/p>\n<p>Per me questa rimane la fotografia pi\u00f9 emblematica di quei lunghi giorni.<\/p>\n<p><a href=\"https:\/\/www.pressenza.com\/wp-content\/uploads\/2024\/07\/Genova2001_Maurizio_Tritto_15_ai.jpeg\"><img loading=\"lazy\" decoding=\"async\" class=\"aligncenter size-large wp-image-2537352\" src=\"https:\/\/www.pressenza.com\/wp-content\/uploads\/2024\/07\/Genova2001_Maurizio_Tritto_15_ai-820x539.jpeg\" alt=\"\" width=\"820\" height=\"539\" srcset=\"https:\/\/www.pressenza.com\/wp-content\/uploads\/2024\/07\/Genova2001_Maurizio_Tritto_15_ai-820x539.jpeg 820w, https:\/\/www.pressenza.com\/wp-content\/uploads\/2024\/07\/Genova2001_Maurizio_Tritto_15_ai-300x197.jpeg 300w, https:\/\/www.pressenza.com\/wp-content\/uploads\/2024\/07\/Genova2001_Maurizio_Tritto_15_ai.jpeg 1208w\" sizes=\"auto, (max-width: 820px) 100vw, 820px\" \/><\/a><\/p>\n<p>Tornato a casa, dopo aver sviluppato i negativi, feci la scelta di eliminare tutti i fotogrammi in cui si riconoscesse il volto di qualcuno.<\/p>\n<p>Questo \u00e8 tutto&#8230; questo \u00e8 il niente&#8230; questa \u00e8 una parte di storia di quei tre giorni\u00a0bastardi!<\/p>\n<p style=\"text-align: right;\"><em>Maurizio Tritto<\/em><\/p>\n","protected":false},"excerpt":{"rendered":"<p>Nell&#8217;ultimo di quei tre dannati giorni un&#8217;immensa folla si rivers\u00f2 su uno stradone costeggiato da un ripidissimo muraglione da un lato e dall&#8217;altro dalla spiaggia. I fotografi e i cameramen cercarono delle posizioni sicure da cui poter continuare il loro&hellip;<\/p>\n","protected":false},"author":594,"featured_media":2537330,"comment_status":"closed","ping_status":"closed","sticky":false,"template":"","format":"standard","meta":{"footnotes":""},"categories":[11388,56,47,5677,55],"tags":[60545],"class_list":["post-2537302","post","type-post","status-publish","format-standard","has-post-thumbnail","hentry","category-contenuti-originali","category-cultura","category-europa","category-fotoreportages","category-politica","tag-genova-2001"],"yoast_head":"<!-- This site is optimized with the Yoast SEO plugin v27.1.1 - https:\/\/yoast.com\/product\/yoast-seo-wordpress\/ -->\n<title>Genova 2001: immagini e parole<\/title>\n<meta name=\"description\" content=\"Nell&#039;ultimo di quei tre dannati giorni un&#039;immensa folla si rivers\u00f2 su uno stradone costeggiato da un ripidissimo muraglione da un lato e dall&#039;altro dalla\" \/>\n<meta name=\"robots\" content=\"index, follow, max-snippet:-1, max-image-preview:large, max-video-preview:-1\" \/>\n<link rel=\"canonical\" href=\"https:\/\/www.pressenza.com\/it\/2024\/07\/genova-2001-immagini-e-parole\/\" \/>\n<meta property=\"og:locale\" content=\"it_IT\" \/>\n<meta property=\"og:type\" content=\"article\" \/>\n<meta property=\"og:title\" content=\"Genova 2001: immagini e parole\" \/>\n<meta property=\"og:description\" content=\"Nell&#039;ultimo di quei tre dannati giorni un&#039;immensa folla si rivers\u00f2 su uno stradone costeggiato da un ripidissimo muraglione da un lato e dall&#039;altro dalla\" \/>\n<meta property=\"og:url\" content=\"https:\/\/www.pressenza.com\/it\/2024\/07\/genova-2001-immagini-e-parole\/\" \/>\n<meta property=\"og:site_name\" content=\"Pressenza\" \/>\n<meta property=\"article:publisher\" content=\"https:\/\/www.facebook.com\/PressenzaItalia\" \/>\n<meta property=\"article:author\" content=\"https:\/\/www.facebook.com\/PressenzaItalia\" \/>\n<meta property=\"article:published_time\" content=\"2024-07-19T08:20:18+00:00\" \/>\n<meta property=\"article:modified_time\" content=\"2024-07-19T09:04:35+00:00\" \/>\n<meta property=\"og:image\" content=\"https:\/\/www.pressenza.com\/wp-content\/uploads\/2024\/07\/Genova2001_Maurizio_Tritto_14_820.jpg\" \/>\n\t<meta property=\"og:image:width\" content=\"1208\" \/>\n\t<meta property=\"og:image:height\" content=\"796\" \/>\n\t<meta property=\"og:image:type\" content=\"image\/jpeg\" \/>\n<meta name=\"author\" content=\"Redazione Italia\" \/>\n<meta name=\"twitter:card\" content=\"summary_large_image\" \/>\n<meta name=\"twitter:creator\" content=\"@pressenza_it\" \/>\n<meta name=\"twitter:site\" content=\"@PressenzaIPA\" \/>\n<meta name=\"twitter:label1\" content=\"Scritto da\" \/>\n\t<meta name=\"twitter:data1\" content=\"Redazione Italia\" \/>\n\t<meta name=\"twitter:label2\" content=\"Tempo di lettura stimato\" \/>\n\t<meta name=\"twitter:data2\" content=\"2 minuti\" \/>\n<script type=\"application\/ld+json\" class=\"yoast-schema-graph\">{\"@context\":\"https:\/\/schema.org\",\"@graph\":[{\"@type\":\"Article\",\"@id\":\"https:\/\/www.pressenza.com\/it\/2024\/07\/genova-2001-immagini-e-parole\/#article\",\"isPartOf\":{\"@id\":\"https:\/\/www.pressenza.com\/it\/2024\/07\/genova-2001-immagini-e-parole\/\"},\"author\":{\"name\":\"Redazione Italia\",\"@id\":\"https:\/\/www.pressenza.com\/it\/#\/schema\/person\/d983e81827ae24f2c7b1a2123d197f8d\"},\"headline\":\"Genova 2001: immagini e parole\",\"datePublished\":\"2024-07-19T08:20:18+00:00\",\"dateModified\":\"2024-07-19T09:04:35+00:00\",\"mainEntityOfPage\":{\"@id\":\"https:\/\/www.pressenza.com\/it\/2024\/07\/genova-2001-immagini-e-parole\/\"},\"wordCount\":348,\"publisher\":{\"@id\":\"https:\/\/www.pressenza.com\/it\/#organization\"},\"image\":{\"@id\":\"https:\/\/www.pressenza.com\/it\/2024\/07\/genova-2001-immagini-e-parole\/#primaryimage\"},\"thumbnailUrl\":\"https:\/\/www.pressenza.com\/wp-content\/uploads\/2024\/07\/Genova2001_Maurizio_Tritto_14_820.jpg\",\"keywords\":[\"Genova 2001\"],\"articleSection\":[\"contenuti originali\",\"Cultura e Media\",\"Europa\",\"Fotoreportages\",\"Politica\"],\"inLanguage\":\"it-IT\"},{\"@type\":\"WebPage\",\"@id\":\"https:\/\/www.pressenza.com\/it\/2024\/07\/genova-2001-immagini-e-parole\/\",\"url\":\"https:\/\/www.pressenza.com\/it\/2024\/07\/genova-2001-immagini-e-parole\/\",\"name\":\"Genova 2001: immagini e parole\",\"isPartOf\":{\"@id\":\"https:\/\/www.pressenza.com\/it\/#website\"},\"primaryImageOfPage\":{\"@id\":\"https:\/\/www.pressenza.com\/it\/2024\/07\/genova-2001-immagini-e-parole\/#primaryimage\"},\"image\":{\"@id\":\"https:\/\/www.pressenza.com\/it\/2024\/07\/genova-2001-immagini-e-parole\/#primaryimage\"},\"thumbnailUrl\":\"https:\/\/www.pressenza.com\/wp-content\/uploads\/2024\/07\/Genova2001_Maurizio_Tritto_14_820.jpg\",\"datePublished\":\"2024-07-19T08:20:18+00:00\",\"dateModified\":\"2024-07-19T09:04:35+00:00\",\"description\":\"Nell'ultimo di quei tre dannati giorni un'immensa folla si rivers\u00f2 su uno stradone costeggiato da un ripidissimo muraglione da un lato e dall'altro dalla\",\"breadcrumb\":{\"@id\":\"https:\/\/www.pressenza.com\/it\/2024\/07\/genova-2001-immagini-e-parole\/#breadcrumb\"},\"inLanguage\":\"it-IT\",\"potentialAction\":[{\"@type\":\"ReadAction\",\"target\":[\"https:\/\/www.pressenza.com\/it\/2024\/07\/genova-2001-immagini-e-parole\/\"]}]},{\"@type\":\"ImageObject\",\"inLanguage\":\"it-IT\",\"@id\":\"https:\/\/www.pressenza.com\/it\/2024\/07\/genova-2001-immagini-e-parole\/#primaryimage\",\"url\":\"https:\/\/www.pressenza.com\/wp-content\/uploads\/2024\/07\/Genova2001_Maurizio_Tritto_14_820.jpg\",\"contentUrl\":\"https:\/\/www.pressenza.com\/wp-content\/uploads\/2024\/07\/Genova2001_Maurizio_Tritto_14_820.jpg\",\"width\":1208,\"height\":796},{\"@type\":\"BreadcrumbList\",\"@id\":\"https:\/\/www.pressenza.com\/it\/2024\/07\/genova-2001-immagini-e-parole\/#breadcrumb\",\"itemListElement\":[{\"@type\":\"ListItem\",\"position\":1,\"name\":\"Accueil\",\"item\":\"https:\/\/www.pressenza.com\/it\/\"},{\"@type\":\"ListItem\",\"position\":2,\"name\":\"Genova 2001: immagini e parole\"}]},{\"@type\":\"WebSite\",\"@id\":\"https:\/\/www.pressenza.com\/it\/#website\",\"url\":\"https:\/\/www.pressenza.com\/it\/\",\"name\":\"Pressenza\",\"description\":\"Agenzia di Stampa Internazionale\",\"publisher\":{\"@id\":\"https:\/\/www.pressenza.com\/it\/#organization\"},\"potentialAction\":[{\"@type\":\"SearchAction\",\"target\":{\"@type\":\"EntryPoint\",\"urlTemplate\":\"https:\/\/www.pressenza.com\/it\/?s={search_term_string}\"},\"query-input\":{\"@type\":\"PropertyValueSpecification\",\"valueRequired\":true,\"valueName\":\"search_term_string\"}}],\"inLanguage\":\"it-IT\"},{\"@type\":\"Organization\",\"@id\":\"https:\/\/www.pressenza.com\/it\/#organization\",\"name\":\"Pressenza\",\"url\":\"https:\/\/www.pressenza.com\/it\/\",\"logo\":{\"@type\":\"ImageObject\",\"inLanguage\":\"it-IT\",\"@id\":\"https:\/\/www.pressenza.com\/it\/#\/schema\/logo\/image\/\",\"url\":\"https:\/\/www.pressenza.com\/wp-content\/uploads\/2022\/10\/pressenza_logo_200x200.jpg\",\"contentUrl\":\"https:\/\/www.pressenza.com\/wp-content\/uploads\/2022\/10\/pressenza_logo_200x200.jpg\",\"width\":200,\"height\":200,\"caption\":\"Pressenza\"},\"image\":{\"@id\":\"https:\/\/www.pressenza.com\/it\/#\/schema\/logo\/image\/\"},\"sameAs\":[\"https:\/\/www.facebook.com\/PressenzaItalia\",\"https:\/\/x.com\/PressenzaIPA\"]},{\"@type\":\"Person\",\"@id\":\"https:\/\/www.pressenza.com\/it\/#\/schema\/person\/d983e81827ae24f2c7b1a2123d197f8d\",\"name\":\"Redazione Italia\",\"description\":\"News from the Pressenza Bureau in Italy\",\"sameAs\":[\"https:\/\/www.pressenza.com\/it\/author\/redazione-italia\/\",\"https:\/\/www.facebook.com\/PressenzaItalia\",\"https:\/\/www.instagram.com\/pressenza_italia\/\",\"https:\/\/x.com\/pressenza_it\",\"https:\/\/www.youtube.com\/channel\/UCSalEIWjE1RSxkwjfftFuqg\"],\"url\":\"https:\/\/www.pressenza.com\/it\/author\/redazione-italia\/\"}]}<\/script>\n<!-- \/ Yoast SEO plugin. -->","yoast_head_json":{"title":"Genova 2001: immagini e parole","description":"Nell'ultimo di quei tre dannati giorni un'immensa folla si rivers\u00f2 su uno stradone costeggiato da un ripidissimo muraglione da un lato e dall'altro dalla","robots":{"index":"index","follow":"follow","max-snippet":"max-snippet:-1","max-image-preview":"max-image-preview:large","max-video-preview":"max-video-preview:-1"},"canonical":"https:\/\/www.pressenza.com\/it\/2024\/07\/genova-2001-immagini-e-parole\/","og_locale":"it_IT","og_type":"article","og_title":"Genova 2001: immagini e parole","og_description":"Nell'ultimo di quei tre dannati giorni un'immensa folla si rivers\u00f2 su uno stradone costeggiato da un ripidissimo muraglione da un lato e dall'altro dalla","og_url":"https:\/\/www.pressenza.com\/it\/2024\/07\/genova-2001-immagini-e-parole\/","og_site_name":"Pressenza","article_publisher":"https:\/\/www.facebook.com\/PressenzaItalia","article_author":"https:\/\/www.facebook.com\/PressenzaItalia","article_published_time":"2024-07-19T08:20:18+00:00","article_modified_time":"2024-07-19T09:04:35+00:00","og_image":[{"width":1208,"height":796,"url":"https:\/\/www.pressenza.com\/wp-content\/uploads\/2024\/07\/Genova2001_Maurizio_Tritto_14_820.jpg","type":"image\/jpeg"}],"author":"Redazione Italia","twitter_card":"summary_large_image","twitter_creator":"@pressenza_it","twitter_site":"@PressenzaIPA","twitter_misc":{"Scritto da":"Redazione Italia","Tempo di lettura stimato":"2 minuti"},"schema":{"@context":"https:\/\/schema.org","@graph":[{"@type":"Article","@id":"https:\/\/www.pressenza.com\/it\/2024\/07\/genova-2001-immagini-e-parole\/#article","isPartOf":{"@id":"https:\/\/www.pressenza.com\/it\/2024\/07\/genova-2001-immagini-e-parole\/"},"author":{"name":"Redazione Italia","@id":"https:\/\/www.pressenza.com\/it\/#\/schema\/person\/d983e81827ae24f2c7b1a2123d197f8d"},"headline":"Genova 2001: immagini e parole","datePublished":"2024-07-19T08:20:18+00:00","dateModified":"2024-07-19T09:04:35+00:00","mainEntityOfPage":{"@id":"https:\/\/www.pressenza.com\/it\/2024\/07\/genova-2001-immagini-e-parole\/"},"wordCount":348,"publisher":{"@id":"https:\/\/www.pressenza.com\/it\/#organization"},"image":{"@id":"https:\/\/www.pressenza.com\/it\/2024\/07\/genova-2001-immagini-e-parole\/#primaryimage"},"thumbnailUrl":"https:\/\/www.pressenza.com\/wp-content\/uploads\/2024\/07\/Genova2001_Maurizio_Tritto_14_820.jpg","keywords":["Genova 2001"],"articleSection":["contenuti originali","Cultura e Media","Europa","Fotoreportages","Politica"],"inLanguage":"it-IT"},{"@type":"WebPage","@id":"https:\/\/www.pressenza.com\/it\/2024\/07\/genova-2001-immagini-e-parole\/","url":"https:\/\/www.pressenza.com\/it\/2024\/07\/genova-2001-immagini-e-parole\/","name":"Genova 2001: immagini e parole","isPartOf":{"@id":"https:\/\/www.pressenza.com\/it\/#website"},"primaryImageOfPage":{"@id":"https:\/\/www.pressenza.com\/it\/2024\/07\/genova-2001-immagini-e-parole\/#primaryimage"},"image":{"@id":"https:\/\/www.pressenza.com\/it\/2024\/07\/genova-2001-immagini-e-parole\/#primaryimage"},"thumbnailUrl":"https:\/\/www.pressenza.com\/wp-content\/uploads\/2024\/07\/Genova2001_Maurizio_Tritto_14_820.jpg","datePublished":"2024-07-19T08:20:18+00:00","dateModified":"2024-07-19T09:04:35+00:00","description":"Nell'ultimo di quei tre dannati giorni un'immensa folla si rivers\u00f2 su uno stradone costeggiato da un ripidissimo muraglione da un lato e dall'altro dalla","breadcrumb":{"@id":"https:\/\/www.pressenza.com\/it\/2024\/07\/genova-2001-immagini-e-parole\/#breadcrumb"},"inLanguage":"it-IT","potentialAction":[{"@type":"ReadAction","target":["https:\/\/www.pressenza.com\/it\/2024\/07\/genova-2001-immagini-e-parole\/"]}]},{"@type":"ImageObject","inLanguage":"it-IT","@id":"https:\/\/www.pressenza.com\/it\/2024\/07\/genova-2001-immagini-e-parole\/#primaryimage","url":"https:\/\/www.pressenza.com\/wp-content\/uploads\/2024\/07\/Genova2001_Maurizio_Tritto_14_820.jpg","contentUrl":"https:\/\/www.pressenza.com\/wp-content\/uploads\/2024\/07\/Genova2001_Maurizio_Tritto_14_820.jpg","width":1208,"height":796},{"@type":"BreadcrumbList","@id":"https:\/\/www.pressenza.com\/it\/2024\/07\/genova-2001-immagini-e-parole\/#breadcrumb","itemListElement":[{"@type":"ListItem","position":1,"name":"Accueil","item":"https:\/\/www.pressenza.com\/it\/"},{"@type":"ListItem","position":2,"name":"Genova 2001: immagini e parole"}]},{"@type":"WebSite","@id":"https:\/\/www.pressenza.com\/it\/#website","url":"https:\/\/www.pressenza.com\/it\/","name":"Pressenza","description":"Agenzia di Stampa Internazionale","publisher":{"@id":"https:\/\/www.pressenza.com\/it\/#organization"},"potentialAction":[{"@type":"SearchAction","target":{"@type":"EntryPoint","urlTemplate":"https:\/\/www.pressenza.com\/it\/?s={search_term_string}"},"query-input":{"@type":"PropertyValueSpecification","valueRequired":true,"valueName":"search_term_string"}}],"inLanguage":"it-IT"},{"@type":"Organization","@id":"https:\/\/www.pressenza.com\/it\/#organization","name":"Pressenza","url":"https:\/\/www.pressenza.com\/it\/","logo":{"@type":"ImageObject","inLanguage":"it-IT","@id":"https:\/\/www.pressenza.com\/it\/#\/schema\/logo\/image\/","url":"https:\/\/www.pressenza.com\/wp-content\/uploads\/2022\/10\/pressenza_logo_200x200.jpg","contentUrl":"https:\/\/www.pressenza.com\/wp-content\/uploads\/2022\/10\/pressenza_logo_200x200.jpg","width":200,"height":200,"caption":"Pressenza"},"image":{"@id":"https:\/\/www.pressenza.com\/it\/#\/schema\/logo\/image\/"},"sameAs":["https:\/\/www.facebook.com\/PressenzaItalia","https:\/\/x.com\/PressenzaIPA"]},{"@type":"Person","@id":"https:\/\/www.pressenza.com\/it\/#\/schema\/person\/d983e81827ae24f2c7b1a2123d197f8d","name":"Redazione Italia","description":"News from the Pressenza Bureau in Italy","sameAs":["https:\/\/www.pressenza.com\/it\/author\/redazione-italia\/","https:\/\/www.facebook.com\/PressenzaItalia","https:\/\/www.instagram.com\/pressenza_italia\/","https:\/\/x.com\/pressenza_it","https:\/\/www.youtube.com\/channel\/UCSalEIWjE1RSxkwjfftFuqg"],"url":"https:\/\/www.pressenza.com\/it\/author\/redazione-italia\/"}]}},"place":"Maurizio Tritto","original_article_url":"","_links":{"self":[{"href":"https:\/\/www.pressenza.com\/it\/wp-json\/wp\/v2\/posts\/2537302","targetHints":{"allow":["GET"]}}],"collection":[{"href":"https:\/\/www.pressenza.com\/it\/wp-json\/wp\/v2\/posts"}],"about":[{"href":"https:\/\/www.pressenza.com\/it\/wp-json\/wp\/v2\/types\/post"}],"author":[{"embeddable":true,"href":"https:\/\/www.pressenza.com\/it\/wp-json\/wp\/v2\/users\/594"}],"replies":[{"embeddable":true,"href":"https:\/\/www.pressenza.com\/it\/wp-json\/wp\/v2\/comments?post=2537302"}],"version-history":[{"count":0,"href":"https:\/\/www.pressenza.com\/it\/wp-json\/wp\/v2\/posts\/2537302\/revisions"}],"wp:featuredmedia":[{"embeddable":true,"href":"https:\/\/www.pressenza.com\/it\/wp-json\/wp\/v2\/media\/2537330"}],"wp:attachment":[{"href":"https:\/\/www.pressenza.com\/it\/wp-json\/wp\/v2\/media?parent=2537302"}],"wp:term":[{"taxonomy":"category","embeddable":true,"href":"https:\/\/www.pressenza.com\/it\/wp-json\/wp\/v2\/categories?post=2537302"},{"taxonomy":"post_tag","embeddable":true,"href":"https:\/\/www.pressenza.com\/it\/wp-json\/wp\/v2\/tags?post=2537302"}],"curies":[{"name":"wp","href":"https:\/\/api.w.org\/{rel}","templated":true}]}}