{"id":2536412,"date":"2024-07-13T11:06:48","date_gmt":"2024-07-13T10:06:48","guid":{"rendered":"https:\/\/www.pressenza.com\/?p=2536412"},"modified":"2024-07-13T11:07:51","modified_gmt":"2024-07-13T10:07:51","slug":"la-scuola-senza-pareti-e-la-riparazione-del-mondo","status":"publish","type":"post","link":"https:\/\/www.pressenza.com\/it\/2024\/07\/la-scuola-senza-pareti-e-la-riparazione-del-mondo\/","title":{"rendered":"La scuola senza pareti e la riparazione del mondo"},"content":{"rendered":"<p><span style=\"font-weight: 400;\">Qualche anno fa, alla fine di un progetto contro la povert\u00e0 educativa sostenuto dalla fondazione che presiede, Marco Rossi Doria venne a Biella e pose come prioritarie due sfide pedagogiche: <\/span><i><span style=\"font-weight: 400;\">la riparazione del mondo<\/span><\/i><span style=\"font-weight: 400;\"> e <\/span><i><span style=\"font-weight: 400;\">la cessione di potere ai giovani<\/span><\/i><span style=\"font-weight: 400;\">.<\/span><\/p>\n<p><span style=\"font-weight: 400;\">Furono parole che mi colpirono e mi sono tornate in mente negli ultimi giorni, passati a La Trappa di Sordevolo. E\u2019 un luogo pazzesco, di cui vi consiglio la visita, costruito da un imprenditore biellese nel \u2018700, per breve tempo fu un monastero Trappista, poi usato dagli abitanti della valle, infine recuperato dall\u2019Ecomuseo locale.\u00a0<\/span><\/p>\n<p><span style=\"font-weight: 400;\">\u201cUn luogo dove pi\u00f9 di un progetto \u00e8 fallito, da quello dell\u2019imprenditore Ambrosetti a quello dei frati trappisti scappati dalla Rivoluzione Francese, consentendo, per\u00f2, altri usi del luogo agli abitanti\u201d cos\u00ec lo descrive Giuseppe Pidello, coordinatore dell\u2019Ecomuseo della Valle Elvo e della Serra e, a sua volta, nuovo abitante de La Trappa.<\/span><\/p>\n<p><span style=\"font-weight: 400;\">In <\/span><a href=\"https:\/\/www.italiachecambia.org\/2021\/04\/scuola-senza-pareti-dove-giovani-fanno-ripartire-territorio\/\"><span style=\"font-weight: 400;\">questo articolo del 2021<\/span><\/a><span style=\"font-weight: 400;\"> trovate come definiscono la Scuola senza pareti e il luogo che la ospita Giuseppe e Nazarena, altra nuova abitante nonch\u00e9 cuoca de La Trappa.<\/span><\/p>\n<p><span style=\"font-weight: 400;\">Proprio loro mi hanno coinvolto nella esperienza delle Ri\/Creazioni della Scuola senza pareti. Due settimane in cui, con una decina di ragazzi, abbiamo sperimentato tecniche, saperi e idee intorno a tre materiali: il legno, la pietra e il ferro.\u00a0<\/span><\/p>\n<p><span style=\"font-weight: 400;\">Con l\u2019indispensabile guida di <\/span><a href=\"https:\/\/it.wikipedia.org\/wiki\/Giovanni_Tamburelli_(artista)\"><span style=\"font-weight: 400;\">Giovanni Tamburelli<\/span><\/a><span style=\"font-weight: 400;\">, artista del ferro, ne \u00e8 uscita anche un\u2019opera collettiva che si staglia ora nel paesaggio terrazzato della Valle Elvo, di fronte a La Trappa.\u00a0<\/span><\/p>\n<p><span style=\"font-weight: 400;\">E\u2019 un albero di ferro, riproduzione di un elemento del contesto che lo circonda, a ricordarci la necessit\u00e0 di riparazione anche del paesaggio.<\/span><\/p>\n<p><span style=\"font-weight: 400;\">Il mio contributo alle Ri\/Creazioni era legato alla parte che riguardava il legno. Con il gruppo di ragazzi abbiamo esplorato i metodi di autocostruzione, rivisitando, anzi ricreando, oggetti di Enzo Mari e dell\u2019architetto\/falegname olandese Gerrit Rietveld.\u00a0<\/span><\/p>\n<p><span style=\"font-weight: 400;\">Cosa ha a che fare il design con un luogo\u00a0 rurale come La Trappa? Lo stesso Enzo Mari alla domanda \u201cChi fosse per lui il miglior designer?\u201d rispose: \u201c\u00c8 un vecchio povero contadino che pianta un bosco di castagni. Non potr\u00e0 mangiare le prime castagne, non potr\u00e0 utilizzare il legno, in agosto non potr\u00e0 godere dell\u2019ombra di un grande albero. Lui no, i suoi nipoti s\u00ec. I contadini sono ottimi designer\u201d. Direi che il nesso \u00e8 chiarissimo.<\/span><\/p>\n<p><span style=\"font-weight: 400;\">Queste due settimane sono state un\u2019esperienza eccezionale che mi porta a proporre la definizione dei principi basi, quelli ch eper me sono i fondamentali della Scuola senza pareti.\u00a0<\/span><\/p>\n<p><span style=\"font-weight: 400;\">Un progetto che forse non ci porter\u00e0 esattamente dove vogliamo, ma che non possiamo far fallire. Serve proprio per <\/span><i><span style=\"font-weight: 400;\">la riparazione del mondo<\/span><\/i><span style=\"font-weight: 400;\"> e <\/span><i><span style=\"font-weight: 400;\">la cessione del potere<\/span><\/i><span style=\"font-weight: 400;\"> che, anche noi come Marco Rossi Doria, riteniamo cos\u00ec necessari.<\/span><\/p>\n<p>&nbsp;<\/p>\n<p><b>PROPOSTA PER LA COSTITUZIONE DELLA SCUOLA SENZA PARETI<\/b><\/p>\n<p><span style=\"font-weight: 400;\">Siamo in una parte del mondo, del Paese, della regione che vive un invecchiamento cronico. Un invecchiamento che non \u00e8 solo demografico, \u00e8 anche culturale, politico, tecnico e espressivo.\u00a0<\/span><\/p>\n<p><span style=\"font-weight: 400;\">E\u2019 un arroccamento della societ\u00e0.\u00a0<\/span><\/p>\n<p><span style=\"font-weight: 400;\">\u00a0<\/span><span style=\"font-weight: 400;\">Come nell\u2019arrocco degli scacchi quello che si difende \u00e8 l\u2019esistente: si vuole salvare il Re.\u00a0<\/span><\/p>\n<p><span style=\"font-weight: 400;\">Eppure,\u00a0 a ben guardare, il Re \u00e8 sempre pi\u00f9\u00a0 nudo, si veste di comunicazione e nuovi media, ma sono vestiti laceri, che fanno vedere le sue nudit\u00e0, la sua essenza votata al perpetrare ingiustizia e allo sfruttamento delle risorse naturali.<\/span><\/p>\n<p><span style=\"font-weight: 400;\">\u00a0<\/span><span style=\"font-weight: 400;\">Anche ci\u00f2 che c\u2019\u00e8 di pi\u00f9 innovativo, il digitale, \u00e8 adoperato con logica di controllo del potenziale democratico delle nuove tecnologie, della loro sottomissione allo sfruttamento dei flussi determinati dalla ricerca e raccolta del nuovo petrolio: i dati.<\/span><\/p>\n<p><span style=\"font-weight: 400;\">Queste condizioni devono portare a un\u2019attenzione nuova e politica verso i giovani, che ci spinge a definire la scuola che vorremmo. Non un\u2019istituzione preordinata, ma un\u2019entit\u00e0 \u201csenza pareti\u201d, luoghi dove sia possibile praticare la critica della realt\u00e0, che abbiano alcune caratteristiche che la contraddistinguono.<\/span><\/p>\n<p><span style=\"font-weight: 400;\">E\u2019 una scuola che nasce dall\u2019 Ecomuseo della Trappa di Sordevolo, ma che si pu\u00f2 applicare a seconda delle necessit\u00e0, dei bisogni, dei significati che si vogliono imprimere alle esperienze.<\/span><\/p>\n<p>&nbsp;<\/p>\n<p><b>Esperire<\/b><\/p>\n<p><span style=\"font-weight: 400;\">Proponiamo di mettere al centro l\u2019esperienza, il conoscere attraverso la prova. Ci pare necessario per curare il disagio che porta in tutti, e soprattutto nei pi\u00f9 giovani, la virtualit\u00e0 dell\u2019attuale convivenza nelle societ\u00e0 &#8211; specie in quella parte del mondo dove, attraverso lo sfruttamento e il colonialismo, si \u00e8 accumulata pi\u00f9 ricchezza.<\/span><\/p>\n<p><span style=\"font-weight: 400;\">Mettere al centro l\u2018esperienza significa, anche, non nascondersi dietro a ruoli precostituiti, essere disponibili a inversioni di saperi, applicare il principio della Pedagogia degli oppressi secondo il quale <\/span><i><span style=\"font-weight: 400;\">Nessuno educa nessuno, nessuno si educa da solo, gli uomini si educano insieme.<\/span><\/i><\/p>\n<p>&nbsp;<\/p>\n<p><b>Dialettica<\/b><\/p>\n<p><span style=\"font-weight: 400;\">La disponibilit\u00e0 a mettere in gioco esperienze e saperi di ciascuno, al di l\u00e0 della condizione anagrafica, basa la nostra scuola sulla dialettica. Facciamo della maieutica la nostra cifra, riconoscendo e cercando nei maestri la capacit\u00e0 di far nascere ci\u00f2 che ogni alunno porta in s\u00e9, di cui ha bisogno per potersi esprimere e orientare nel mondo. Non un rapporto gerarchico, ma, appunto, dialettico, che pu\u00f2 portare, ribadiamo, a inversioni di ruoli.\u00a0<\/span><\/p>\n<p><span style=\"font-weight: 400;\">Poniamo come metodo il dubbio, la domanda, in piena continuit\u00e0 con la pi\u00f9 antica scuola di cui abbiamo testimonianza scritta: quella socratica.<\/span><\/p>\n<p>&nbsp;<\/p>\n<p><b>Coraggio<\/b><\/p>\n<p><span style=\"font-weight: 400;\">Ci\u00f2 che rende diseducativa la nostra societ\u00e0 \u00e8 il predominare delle paure. La paura \u00e8 un ottima compagna per ciascuno di noi, finch\u00e9 non diventa paralizzante, fino a quando non domina sul coraggio e ci impedisce di tentare, di provare.\u00a0<\/span><\/p>\n<p><span style=\"font-weight: 400;\">Essendo la nostra scuola basata sull\u2019esperire \u00e8 essenziale far crescere il coraggio.<\/span><\/p>\n<p>&nbsp;<\/p>\n<p><b>Riparazione<\/b><\/p>\n<p><span style=\"font-weight: 400;\">C\u2019 \u00e8 un urgenza che richiede coraggio, ed \u00e8 un dovere che abbiamo verso i giovani e verso \u201ccoloro che verranno\u201d: l\u2019urgenza di conservare quante pi\u00f9 risorse possibili per la vita nel futuro, per consentire possibilit\u00e0 di vita dignitosa e giustizia. Ci\u00f2 contraddice tutti i diktat economici attuali, perci\u00f2 \u00e8 necessario sempre pi\u00f9 coraggio.<\/span><\/p>\n<p>&nbsp;<\/p>\n<p><b>Territorio<\/b><\/p>\n<p><span style=\"font-weight: 400;\">Per porre la riparazione come tema bisogna prendersi primariamente cura di ci\u00f2 che ci circonda. La Scuola senza pareti ha come propri contenuti l\u2019attenzione verso gli equilibri naturali, la biodiversit\u00e0, la storia materiale, i saperi specie quelli popolari che il territorio detiene.\u00a0<\/span><\/p>\n<p><span style=\"font-weight: 400;\">In questo senso riteniamo la rete degli ecomusei principio della Scuola senza pareti.<\/span><\/p>\n<p><a href=\"https:\/\/www.instagram.com\/reel\/C86Wyf0s4vA\/?utm_source=ig_web_copy_link&amp;igsh=MzRlODBiNWFlZA==\">https:\/\/www.instagram.com\/reel\/C86Wyf0s4vA\/?utm_source=ig_web_copy_link&amp;igsh=MzRlODBiNWFlZA==<\/a><\/p>\n<p><span style=\"font-weight: 400;\">\u00a0<\/span><\/p>\n","protected":false},"excerpt":{"rendered":"<p>Qualche anno fa, alla fine di un progetto contro la povert\u00e0 educativa sostenuto dalla fondazione che presiede, Marco Rossi Doria venne a Biella e pose come prioritarie due sfide pedagogiche: la riparazione del mondo e la cessione di potere ai&hellip;<\/p>\n","protected":false},"author":2083,"featured_media":2536413,"comment_status":"closed","ping_status":"closed","sticky":false,"template":"","format":"standard","meta":{"footnotes":""},"categories":[11388,1258],"tags":[4499,124658,124659],"class_list":["post-2536412","post","type-post","status-publish","format-standard","has-post-thumbnail","hentry","category-contenuti-originali","category-educazione","tag-educazione-2","tag-esperienza","tag-scuola-senza-pareti"],"yoast_head":"<!-- This site is optimized with the Yoast SEO plugin v27.1.1 - https:\/\/yoast.com\/product\/yoast-seo-wordpress\/ -->\n<title>La scuola senza pareti e la riparazione del mondo<\/title>\n<meta name=\"description\" content=\"Qualche anno fa, alla fine di un progetto contro la povert\u00e0 educativa sostenuto dalla fondazione che presiede, Marco Rossi Doria venne a Biella e pose\" \/>\n<meta name=\"robots\" content=\"index, follow, max-snippet:-1, max-image-preview:large, max-video-preview:-1\" \/>\n<link rel=\"canonical\" href=\"https:\/\/www.pressenza.com\/it\/2024\/07\/la-scuola-senza-pareti-e-la-riparazione-del-mondo\/\" \/>\n<meta property=\"og:locale\" content=\"it_IT\" \/>\n<meta property=\"og:type\" content=\"article\" \/>\n<meta property=\"og:title\" content=\"La scuola senza pareti e la riparazione del mondo\" \/>\n<meta property=\"og:description\" content=\"Qualche anno fa, alla fine di un progetto contro la povert\u00e0 educativa sostenuto dalla fondazione che presiede, Marco Rossi Doria venne a Biella e pose\" \/>\n<meta property=\"og:url\" content=\"https:\/\/www.pressenza.com\/it\/2024\/07\/la-scuola-senza-pareti-e-la-riparazione-del-mondo\/\" \/>\n<meta property=\"og:site_name\" content=\"Pressenza\" \/>\n<meta property=\"article:publisher\" content=\"https:\/\/www.facebook.com\/PressenzaItalia\" \/>\n<meta property=\"article:published_time\" content=\"2024-07-13T10:06:48+00:00\" \/>\n<meta property=\"article:modified_time\" content=\"2024-07-13T10:07:51+00:00\" \/>\n<meta property=\"og:image\" content=\"https:\/\/www.pressenza.com\/wp-content\/uploads\/2024\/07\/scuola-senza-pareti-Ettore-Macchieraldo.jpg\" \/>\n\t<meta property=\"og:image:width\" content=\"850\" \/>\n\t<meta property=\"og:image:height\" content=\"487\" \/>\n\t<meta property=\"og:image:type\" content=\"image\/jpeg\" \/>\n<meta name=\"author\" content=\"Ettore Macchieraldo\" \/>\n<meta name=\"twitter:card\" content=\"summary_large_image\" \/>\n<meta name=\"twitter:creator\" content=\"@PressenzaIPA\" \/>\n<meta name=\"twitter:site\" content=\"@PressenzaIPA\" \/>\n<meta name=\"twitter:label1\" content=\"Scritto da\" \/>\n\t<meta name=\"twitter:data1\" content=\"Ettore Macchieraldo\" \/>\n\t<meta name=\"twitter:label2\" content=\"Tempo di lettura stimato\" \/>\n\t<meta name=\"twitter:data2\" content=\"6 minuti\" \/>\n<script type=\"application\/ld+json\" class=\"yoast-schema-graph\">{\"@context\":\"https:\/\/schema.org\",\"@graph\":[{\"@type\":\"Article\",\"@id\":\"https:\/\/www.pressenza.com\/it\/2024\/07\/la-scuola-senza-pareti-e-la-riparazione-del-mondo\/#article\",\"isPartOf\":{\"@id\":\"https:\/\/www.pressenza.com\/it\/2024\/07\/la-scuola-senza-pareti-e-la-riparazione-del-mondo\/\"},\"author\":{\"name\":\"Ettore Macchieraldo\",\"@id\":\"https:\/\/www.pressenza.com\/it\/#\/schema\/person\/0fc703d72c5e915fb1a513aa8a42b812\"},\"headline\":\"La scuola senza pareti e la riparazione del mondo\",\"datePublished\":\"2024-07-13T10:06:48+00:00\",\"dateModified\":\"2024-07-13T10:07:51+00:00\",\"mainEntityOfPage\":{\"@id\":\"https:\/\/www.pressenza.com\/it\/2024\/07\/la-scuola-senza-pareti-e-la-riparazione-del-mondo\/\"},\"wordCount\":1046,\"publisher\":{\"@id\":\"https:\/\/www.pressenza.com\/it\/#organization\"},\"image\":{\"@id\":\"https:\/\/www.pressenza.com\/it\/2024\/07\/la-scuola-senza-pareti-e-la-riparazione-del-mondo\/#primaryimage\"},\"thumbnailUrl\":\"https:\/\/www.pressenza.com\/wp-content\/uploads\/2024\/07\/scuola-senza-pareti-Ettore-Macchieraldo.jpg\",\"keywords\":[\"educazione\",\"esperienza\",\"scuola senza pareti\"],\"articleSection\":[\"contenuti originali\",\"Educazione\"],\"inLanguage\":\"it-IT\"},{\"@type\":\"WebPage\",\"@id\":\"https:\/\/www.pressenza.com\/it\/2024\/07\/la-scuola-senza-pareti-e-la-riparazione-del-mondo\/\",\"url\":\"https:\/\/www.pressenza.com\/it\/2024\/07\/la-scuola-senza-pareti-e-la-riparazione-del-mondo\/\",\"name\":\"La scuola senza pareti e la riparazione del mondo\",\"isPartOf\":{\"@id\":\"https:\/\/www.pressenza.com\/it\/#website\"},\"primaryImageOfPage\":{\"@id\":\"https:\/\/www.pressenza.com\/it\/2024\/07\/la-scuola-senza-pareti-e-la-riparazione-del-mondo\/#primaryimage\"},\"image\":{\"@id\":\"https:\/\/www.pressenza.com\/it\/2024\/07\/la-scuola-senza-pareti-e-la-riparazione-del-mondo\/#primaryimage\"},\"thumbnailUrl\":\"https:\/\/www.pressenza.com\/wp-content\/uploads\/2024\/07\/scuola-senza-pareti-Ettore-Macchieraldo.jpg\",\"datePublished\":\"2024-07-13T10:06:48+00:00\",\"dateModified\":\"2024-07-13T10:07:51+00:00\",\"description\":\"Qualche anno fa, alla fine di un progetto contro la povert\u00e0 educativa sostenuto dalla fondazione che presiede, Marco Rossi Doria venne a Biella e pose\",\"breadcrumb\":{\"@id\":\"https:\/\/www.pressenza.com\/it\/2024\/07\/la-scuola-senza-pareti-e-la-riparazione-del-mondo\/#breadcrumb\"},\"inLanguage\":\"it-IT\",\"potentialAction\":[{\"@type\":\"ReadAction\",\"target\":[\"https:\/\/www.pressenza.com\/it\/2024\/07\/la-scuola-senza-pareti-e-la-riparazione-del-mondo\/\"]}]},{\"@type\":\"ImageObject\",\"inLanguage\":\"it-IT\",\"@id\":\"https:\/\/www.pressenza.com\/it\/2024\/07\/la-scuola-senza-pareti-e-la-riparazione-del-mondo\/#primaryimage\",\"url\":\"https:\/\/www.pressenza.com\/wp-content\/uploads\/2024\/07\/scuola-senza-pareti-Ettore-Macchieraldo.jpg\",\"contentUrl\":\"https:\/\/www.pressenza.com\/wp-content\/uploads\/2024\/07\/scuola-senza-pareti-Ettore-Macchieraldo.jpg\",\"width\":850,\"height\":487},{\"@type\":\"BreadcrumbList\",\"@id\":\"https:\/\/www.pressenza.com\/it\/2024\/07\/la-scuola-senza-pareti-e-la-riparazione-del-mondo\/#breadcrumb\",\"itemListElement\":[{\"@type\":\"ListItem\",\"position\":1,\"name\":\"Accueil\",\"item\":\"https:\/\/www.pressenza.com\/it\/\"},{\"@type\":\"ListItem\",\"position\":2,\"name\":\"La scuola senza pareti e la riparazione del mondo\"}]},{\"@type\":\"WebSite\",\"@id\":\"https:\/\/www.pressenza.com\/it\/#website\",\"url\":\"https:\/\/www.pressenza.com\/it\/\",\"name\":\"Pressenza\",\"description\":\"Agenzia di Stampa Internazionale\",\"publisher\":{\"@id\":\"https:\/\/www.pressenza.com\/it\/#organization\"},\"potentialAction\":[{\"@type\":\"SearchAction\",\"target\":{\"@type\":\"EntryPoint\",\"urlTemplate\":\"https:\/\/www.pressenza.com\/it\/?s={search_term_string}\"},\"query-input\":{\"@type\":\"PropertyValueSpecification\",\"valueRequired\":true,\"valueName\":\"search_term_string\"}}],\"inLanguage\":\"it-IT\"},{\"@type\":\"Organization\",\"@id\":\"https:\/\/www.pressenza.com\/it\/#organization\",\"name\":\"Pressenza\",\"url\":\"https:\/\/www.pressenza.com\/it\/\",\"logo\":{\"@type\":\"ImageObject\",\"inLanguage\":\"it-IT\",\"@id\":\"https:\/\/www.pressenza.com\/it\/#\/schema\/logo\/image\/\",\"url\":\"https:\/\/www.pressenza.com\/wp-content\/uploads\/2022\/10\/pressenza_logo_200x200.jpg\",\"contentUrl\":\"https:\/\/www.pressenza.com\/wp-content\/uploads\/2022\/10\/pressenza_logo_200x200.jpg\",\"width\":200,\"height\":200,\"caption\":\"Pressenza\"},\"image\":{\"@id\":\"https:\/\/www.pressenza.com\/it\/#\/schema\/logo\/image\/\"},\"sameAs\":[\"https:\/\/www.facebook.com\/PressenzaItalia\",\"https:\/\/x.com\/PressenzaIPA\"]},{\"@type\":\"Person\",\"@id\":\"https:\/\/www.pressenza.com\/it\/#\/schema\/person\/0fc703d72c5e915fb1a513aa8a42b812\",\"name\":\"Ettore Macchieraldo\",\"url\":\"https:\/\/www.pressenza.com\/it\/author\/ettore-macchieraldo\/\"}]}<\/script>\n<!-- \/ Yoast SEO plugin. -->","yoast_head_json":{"title":"La scuola senza pareti e la riparazione del mondo","description":"Qualche anno fa, alla fine di un progetto contro la povert\u00e0 educativa sostenuto dalla fondazione che presiede, Marco Rossi Doria venne a Biella e pose","robots":{"index":"index","follow":"follow","max-snippet":"max-snippet:-1","max-image-preview":"max-image-preview:large","max-video-preview":"max-video-preview:-1"},"canonical":"https:\/\/www.pressenza.com\/it\/2024\/07\/la-scuola-senza-pareti-e-la-riparazione-del-mondo\/","og_locale":"it_IT","og_type":"article","og_title":"La scuola senza pareti e la riparazione del mondo","og_description":"Qualche anno fa, alla fine di un progetto contro la povert\u00e0 educativa sostenuto dalla fondazione che presiede, Marco Rossi Doria venne a Biella e pose","og_url":"https:\/\/www.pressenza.com\/it\/2024\/07\/la-scuola-senza-pareti-e-la-riparazione-del-mondo\/","og_site_name":"Pressenza","article_publisher":"https:\/\/www.facebook.com\/PressenzaItalia","article_published_time":"2024-07-13T10:06:48+00:00","article_modified_time":"2024-07-13T10:07:51+00:00","og_image":[{"width":850,"height":487,"url":"https:\/\/www.pressenza.com\/wp-content\/uploads\/2024\/07\/scuola-senza-pareti-Ettore-Macchieraldo.jpg","type":"image\/jpeg"}],"author":"Ettore Macchieraldo","twitter_card":"summary_large_image","twitter_creator":"@PressenzaIPA","twitter_site":"@PressenzaIPA","twitter_misc":{"Scritto da":"Ettore Macchieraldo","Tempo di lettura stimato":"6 minuti"},"schema":{"@context":"https:\/\/schema.org","@graph":[{"@type":"Article","@id":"https:\/\/www.pressenza.com\/it\/2024\/07\/la-scuola-senza-pareti-e-la-riparazione-del-mondo\/#article","isPartOf":{"@id":"https:\/\/www.pressenza.com\/it\/2024\/07\/la-scuola-senza-pareti-e-la-riparazione-del-mondo\/"},"author":{"name":"Ettore Macchieraldo","@id":"https:\/\/www.pressenza.com\/it\/#\/schema\/person\/0fc703d72c5e915fb1a513aa8a42b812"},"headline":"La scuola senza pareti e la riparazione del mondo","datePublished":"2024-07-13T10:06:48+00:00","dateModified":"2024-07-13T10:07:51+00:00","mainEntityOfPage":{"@id":"https:\/\/www.pressenza.com\/it\/2024\/07\/la-scuola-senza-pareti-e-la-riparazione-del-mondo\/"},"wordCount":1046,"publisher":{"@id":"https:\/\/www.pressenza.com\/it\/#organization"},"image":{"@id":"https:\/\/www.pressenza.com\/it\/2024\/07\/la-scuola-senza-pareti-e-la-riparazione-del-mondo\/#primaryimage"},"thumbnailUrl":"https:\/\/www.pressenza.com\/wp-content\/uploads\/2024\/07\/scuola-senza-pareti-Ettore-Macchieraldo.jpg","keywords":["educazione","esperienza","scuola senza pareti"],"articleSection":["contenuti originali","Educazione"],"inLanguage":"it-IT"},{"@type":"WebPage","@id":"https:\/\/www.pressenza.com\/it\/2024\/07\/la-scuola-senza-pareti-e-la-riparazione-del-mondo\/","url":"https:\/\/www.pressenza.com\/it\/2024\/07\/la-scuola-senza-pareti-e-la-riparazione-del-mondo\/","name":"La scuola senza pareti e la riparazione del mondo","isPartOf":{"@id":"https:\/\/www.pressenza.com\/it\/#website"},"primaryImageOfPage":{"@id":"https:\/\/www.pressenza.com\/it\/2024\/07\/la-scuola-senza-pareti-e-la-riparazione-del-mondo\/#primaryimage"},"image":{"@id":"https:\/\/www.pressenza.com\/it\/2024\/07\/la-scuola-senza-pareti-e-la-riparazione-del-mondo\/#primaryimage"},"thumbnailUrl":"https:\/\/www.pressenza.com\/wp-content\/uploads\/2024\/07\/scuola-senza-pareti-Ettore-Macchieraldo.jpg","datePublished":"2024-07-13T10:06:48+00:00","dateModified":"2024-07-13T10:07:51+00:00","description":"Qualche anno fa, alla fine di un progetto contro la povert\u00e0 educativa sostenuto dalla fondazione che presiede, Marco Rossi Doria venne a Biella e pose","breadcrumb":{"@id":"https:\/\/www.pressenza.com\/it\/2024\/07\/la-scuola-senza-pareti-e-la-riparazione-del-mondo\/#breadcrumb"},"inLanguage":"it-IT","potentialAction":[{"@type":"ReadAction","target":["https:\/\/www.pressenza.com\/it\/2024\/07\/la-scuola-senza-pareti-e-la-riparazione-del-mondo\/"]}]},{"@type":"ImageObject","inLanguage":"it-IT","@id":"https:\/\/www.pressenza.com\/it\/2024\/07\/la-scuola-senza-pareti-e-la-riparazione-del-mondo\/#primaryimage","url":"https:\/\/www.pressenza.com\/wp-content\/uploads\/2024\/07\/scuola-senza-pareti-Ettore-Macchieraldo.jpg","contentUrl":"https:\/\/www.pressenza.com\/wp-content\/uploads\/2024\/07\/scuola-senza-pareti-Ettore-Macchieraldo.jpg","width":850,"height":487},{"@type":"BreadcrumbList","@id":"https:\/\/www.pressenza.com\/it\/2024\/07\/la-scuola-senza-pareti-e-la-riparazione-del-mondo\/#breadcrumb","itemListElement":[{"@type":"ListItem","position":1,"name":"Accueil","item":"https:\/\/www.pressenza.com\/it\/"},{"@type":"ListItem","position":2,"name":"La scuola senza pareti e la riparazione del mondo"}]},{"@type":"WebSite","@id":"https:\/\/www.pressenza.com\/it\/#website","url":"https:\/\/www.pressenza.com\/it\/","name":"Pressenza","description":"Agenzia di Stampa Internazionale","publisher":{"@id":"https:\/\/www.pressenza.com\/it\/#organization"},"potentialAction":[{"@type":"SearchAction","target":{"@type":"EntryPoint","urlTemplate":"https:\/\/www.pressenza.com\/it\/?s={search_term_string}"},"query-input":{"@type":"PropertyValueSpecification","valueRequired":true,"valueName":"search_term_string"}}],"inLanguage":"it-IT"},{"@type":"Organization","@id":"https:\/\/www.pressenza.com\/it\/#organization","name":"Pressenza","url":"https:\/\/www.pressenza.com\/it\/","logo":{"@type":"ImageObject","inLanguage":"it-IT","@id":"https:\/\/www.pressenza.com\/it\/#\/schema\/logo\/image\/","url":"https:\/\/www.pressenza.com\/wp-content\/uploads\/2022\/10\/pressenza_logo_200x200.jpg","contentUrl":"https:\/\/www.pressenza.com\/wp-content\/uploads\/2022\/10\/pressenza_logo_200x200.jpg","width":200,"height":200,"caption":"Pressenza"},"image":{"@id":"https:\/\/www.pressenza.com\/it\/#\/schema\/logo\/image\/"},"sameAs":["https:\/\/www.facebook.com\/PressenzaItalia","https:\/\/x.com\/PressenzaIPA"]},{"@type":"Person","@id":"https:\/\/www.pressenza.com\/it\/#\/schema\/person\/0fc703d72c5e915fb1a513aa8a42b812","name":"Ettore Macchieraldo","url":"https:\/\/www.pressenza.com\/it\/author\/ettore-macchieraldo\/"}]}},"place":"","original_article_url":"","_links":{"self":[{"href":"https:\/\/www.pressenza.com\/it\/wp-json\/wp\/v2\/posts\/2536412","targetHints":{"allow":["GET"]}}],"collection":[{"href":"https:\/\/www.pressenza.com\/it\/wp-json\/wp\/v2\/posts"}],"about":[{"href":"https:\/\/www.pressenza.com\/it\/wp-json\/wp\/v2\/types\/post"}],"author":[{"embeddable":true,"href":"https:\/\/www.pressenza.com\/it\/wp-json\/wp\/v2\/users\/2083"}],"replies":[{"embeddable":true,"href":"https:\/\/www.pressenza.com\/it\/wp-json\/wp\/v2\/comments?post=2536412"}],"version-history":[{"count":0,"href":"https:\/\/www.pressenza.com\/it\/wp-json\/wp\/v2\/posts\/2536412\/revisions"}],"wp:featuredmedia":[{"embeddable":true,"href":"https:\/\/www.pressenza.com\/it\/wp-json\/wp\/v2\/media\/2536413"}],"wp:attachment":[{"href":"https:\/\/www.pressenza.com\/it\/wp-json\/wp\/v2\/media?parent=2536412"}],"wp:term":[{"taxonomy":"category","embeddable":true,"href":"https:\/\/www.pressenza.com\/it\/wp-json\/wp\/v2\/categories?post=2536412"},{"taxonomy":"post_tag","embeddable":true,"href":"https:\/\/www.pressenza.com\/it\/wp-json\/wp\/v2\/tags?post=2536412"}],"curies":[{"name":"wp","href":"https:\/\/api.w.org\/{rel}","templated":true}]}}