{"id":2534277,"date":"2024-07-03T19:18:10","date_gmt":"2024-07-03T18:18:10","guid":{"rendered":"https:\/\/www.pressenza.com\/?p=2534277"},"modified":"2024-07-04T15:16:01","modified_gmt":"2024-07-04T14:16:01","slug":"dalla-parte-dei-movimenti-per-il-diritto-alla-casa-2","status":"publish","type":"post","link":"https:\/\/www.pressenza.com\/it\/2024\/07\/dalla-parte-dei-movimenti-per-il-diritto-alla-casa-2\/","title":{"rendered":"Storie di disagio abitativo: la Senigallia che (non) si vede"},"content":{"rendered":"<p><span style=\"font-weight: 400;\">Dall\u2019inizio della pandemia come Spazio Autogestito Arvultura, abbiamo organizzato uno sportello sociale che si occupa anche del problema della casa.<\/span><\/p>\n<p><span style=\"font-weight: 400;\">Ultimamente abbiamo seguito due casi ben rappresentativi di una Senigallia che non si vede, un pezzo di citt\u00e0 fatto soprattutto d\u2019immigrati, ma non solo, la quale vive spesso una condizione economica-sociale precaria e difficile.<\/span><\/p>\n<p><span style=\"font-weight: 400;\">\u00a0<\/span><span style=\"font-weight: 400;\">Una giovane coppia residente a Senigallia da pi\u00f9 di due anni, lavori precari con contratti a termine, lei incinta di nove mesi. In primavera si trovano senza casa e una conoscente compagna di un senigalliese cui \u00e8 intestato l\u2019affitto di un piccolo appartamento, offre loro una sistemazione in una soffitta di pochi metri quadrati chiedendo in cambio una cifra leggermente sotto i 400 euro, ovviamente in nero.<\/span><\/p>\n<p><span style=\"font-weight: 400;\">Segnaliamo la situazione ai servizi sociali ma senza esito.\u00a0 Per fortuna la signora, che nel frattempo ha partorito, trova una sistemazione molto precaria nella minuscola abitazione della madre che vi convive con il compagno. Nel frattempo nell\u2019altra abitazione vengono \u201calloggiati\u201d sempre subaffittando altri due immigrati. Per fortuna alla fine la coppia riesce a trovare una casa in affitto, togliendosi da questa situazione difficile.<\/span><\/p>\n<p><span style=\"font-weight: 400;\">Una pratica diffusa in citt\u00e0, quella del subaffitto in nero \u2013 soprattutto a stranieri, perch\u00e9 pi\u00f9 ricattabili \u2013 che molti conoscono ma di cui pubblicamente nessuno parla. E le istituzioni fanno orecchie da mercante.\u00a0<\/span><\/p>\n<p><span style=\"font-weight: 400;\">Ancora pi\u00f9 delicata l\u2019altra vicenda: famiglia d\u2019immigrati, residente da pi\u00f9 di due anni, con quattro minori a carico, una con problemi di salute. Lui fa lavori precari. Ricevono uno sfratto esecutivo perch\u00e9 il proprietario vuole riprendersi l\u2019appartamento nel quale la famiglia abitava da due anni, grazie ad un contratto di comodato d\u2019uso gratuito e ovviamente, l\u2019affitto in nero, non pi\u00f9 pagato da sei mesi.<\/span><\/p>\n<p><span style=\"font-weight: 400;\">Visto che di mezzo ci sono ben quattro minori &#8211; relazionandoci con i servizi sociali a conoscenza della vicenda &#8211; si riesce a fare rinviare lo sfratto allo scorso 2 luglio. La mattina ci presentiamo davanti al portone, dove poco dopo arrivano l\u2019ufficiale giudiziario, la funzionaria dei servizi sociali, il proprietario con l\u2019avvocato, due rappresentanti della Caritas e due agenti della Digos.\u00a0<\/span><\/p>\n<p><span style=\"font-weight: 400;\">Inizialmente il clima \u00e8 teso, ma alla fine si riesce a trovare un accordo per dare tempo fino il venerd\u00ec alla famiglia di traslocare per un breve periodo presso una struttura ricettiva al Brugneto trovata dai servizi sociali e nel frattempo si prover\u00e0 a cercare un\u2019alternativa.<\/span><\/p>\n<p><span style=\"font-weight: 400;\">Fin qui la cronaca. Scusate la lunghezza. Ora per\u00f2 alcune considerazioni:<\/span><\/p>\n<p><span style=\"font-weight: 400;\">Sappiamo che Senigallia \u00e8 una citt\u00e0 la cui economia \u00e8 incentrata sul turismo. Esiste un mercato immobiliare, dove imperversa la scelta di affittare l\u2019eventuale secondo appartamento di propriet\u00e0 ai turisti e lasciarlo libero fuori stagione. Al massimo si affitta, spesso in nero, da settembre a maggio alla famiglia di turno, il pi\u00f9 delle volte immigrata, ma anche giovani o persone sole, per poi mandarle via all\u2019inizio dell\u2019estate.<\/span><\/p>\n<p><span style=\"font-weight: 400;\">L\u2019edilizia pubblica \u00e8 ridotta al minimo. Uno scenario che va avanti da anni, di fronte al quale l\u2019amministrazione comunale di turno poco o nulla fa. Certamente non si hanno molti strumenti ma alcuni interventi si potrebbero fare. Per esempio utilizzare una parte del bilancio comunale per il welfare municipale, peccato che il Governo Meloni ha cancellato il finanziamento del fondo affitti destinato alle famiglie che hanno difficolt\u00e0 economiche.\u00a0 I soldi poi venivano dirottati alle Regioni le quali a loro volta li distribuivano ai Comuni.\u00a0<\/span><\/p>\n<p><span style=\"font-weight: 400;\">Nonostante questo, per\u00f2, un fondo affitti si potrebbe mantenere, \u00e8 una questione di volont\u00e0 politica. La giunta del capoluogo regionale &#8211; stessa maggioranza della nostra &#8211; ha recentemente deliberato 245.000 euro, consistenti in 500 euro per chi ha affitti inferiori a 700 euro e un ISEE inferiore a 13.894.\u00a0<\/span><\/p>\n<p><span style=\"font-weight: 400;\">Certamente una cifra una tantum sa di elemosina, ma c\u2019\u00e8 chi fa peggio. Infatti, chi governa la nostra citt\u00e0 ha pensato bene di eliminare 15.000 euro dalla voce \u201cfondo affitti\u201d. Intanto per\u00f2 appartamenti di lusso sul mare vengono su come edera.\u00a0<\/span><\/p>\n<p><span style=\"font-weight: 400;\">Di nuovo, questioni di scelte politiche, di dove investire i soldi pubblici. Noi pensiamo che vadano investiti sul sociale a cominciare dal rifinanziamento del fondo affitti.<\/span><\/p>\n<p align=\"JUSTIFY\"><b><i>Spazio Comune Autogestito Arvultura<\/i><\/b><\/p>\n","protected":false},"excerpt":{"rendered":"<p>Dall\u2019inizio della pandemia come Spazio Autogestito Arvultura, abbiamo organizzato uno sportello sociale che si occupa anche del problema della casa. Ultimamente abbiamo seguito due casi ben rappresentativi di una Senigallia che non si vede, un pezzo di citt\u00e0 fatto soprattutto&hellip;<\/p>\n","protected":false},"author":2336,"featured_media":1694429,"comment_status":"closed","ping_status":"closed","sticky":false,"template":"","format":"standard","meta":{"footnotes":""},"categories":[11388,60,47],"tags":[124338,119421],"class_list":["post-2534277","post","type-post","status-publish","format-standard","has-post-thumbnail","hentry","category-contenuti-originali","category-diritti-umani","category-europa","tag-diritto-allacasa","tag-ilaria-salis"],"yoast_head":"<!-- This site is optimized with the Yoast SEO plugin v27.1.1 - https:\/\/yoast.com\/product\/yoast-seo-wordpress\/ -->\n<title>Storie di disagio abitativo: la Senigallia che (non) si vede<\/title>\n<meta name=\"description\" content=\"Da alcuni giorni la stampa di destra ha scatenato una vergognosa campagna contro Ilaria Salis dopo che la neodeputata europea ha rivendicato la partecipazione a un&#039;occupazione per il diritto alla casa avvenuta anni fa. La vicenda ha riproposto una delle questioni sociali pi\u00f9 gravi del nostro Paese\" \/>\n<meta name=\"robots\" content=\"index, follow, max-snippet:-1, max-image-preview:large, max-video-preview:-1\" \/>\n<link rel=\"canonical\" href=\"https:\/\/www.pressenza.com\/it\/2024\/07\/dalla-parte-dei-movimenti-per-il-diritto-alla-casa-2\/\" \/>\n<meta property=\"og:locale\" content=\"it_IT\" \/>\n<meta property=\"og:type\" content=\"article\" \/>\n<meta property=\"og:title\" content=\"Storie di disagio abitativo: la Senigallia che (non) si vede\" \/>\n<meta property=\"og:description\" content=\"Da alcuni giorni la stampa di destra ha scatenato una vergognosa campagna contro Ilaria Salis dopo che la neodeputata europea ha rivendicato la partecipazione a un&#039;occupazione per il diritto alla casa avvenuta anni fa. La vicenda ha riproposto una delle questioni sociali pi\u00f9 gravi del nostro Paese\" \/>\n<meta property=\"og:url\" content=\"https:\/\/www.pressenza.com\/it\/2024\/07\/dalla-parte-dei-movimenti-per-il-diritto-alla-casa-2\/\" \/>\n<meta property=\"og:site_name\" content=\"Pressenza\" \/>\n<meta property=\"article:publisher\" content=\"https:\/\/www.facebook.com\/PressenzaItalia\" \/>\n<meta property=\"article:published_time\" content=\"2024-07-03T18:18:10+00:00\" \/>\n<meta property=\"article:modified_time\" content=\"2024-07-04T14:16:01+00:00\" \/>\n<meta property=\"og:image\" content=\"https:\/\/www.pressenza.com\/wp-content\/uploads\/2022\/11\/Stop-sfratti.jpg\" \/>\n\t<meta property=\"og:image:width\" content=\"820\" \/>\n\t<meta property=\"og:image:height\" content=\"540\" \/>\n\t<meta property=\"og:image:type\" content=\"image\/jpeg\" \/>\n<meta name=\"author\" content=\"Redazione Marche\" \/>\n<meta name=\"twitter:card\" content=\"summary_large_image\" \/>\n<meta name=\"twitter:creator\" content=\"@PressenzaIPA\" \/>\n<meta name=\"twitter:site\" content=\"@PressenzaIPA\" \/>\n<meta name=\"twitter:label1\" content=\"Scritto da\" \/>\n\t<meta name=\"twitter:data1\" content=\"Redazione Marche\" \/>\n\t<meta name=\"twitter:label2\" content=\"Tempo di lettura stimato\" \/>\n\t<meta name=\"twitter:data2\" content=\"1 minuto\" \/>\n<script type=\"application\/ld+json\" class=\"yoast-schema-graph\">{\"@context\":\"https:\/\/schema.org\",\"@graph\":[{\"@type\":\"Article\",\"@id\":\"https:\/\/www.pressenza.com\/it\/2024\/07\/dalla-parte-dei-movimenti-per-il-diritto-alla-casa-2\/#article\",\"isPartOf\":{\"@id\":\"https:\/\/www.pressenza.com\/it\/2024\/07\/dalla-parte-dei-movimenti-per-il-diritto-alla-casa-2\/\"},\"author\":{\"name\":\"Redazione Marche\",\"@id\":\"https:\/\/www.pressenza.com\/it\/#\/schema\/person\/a9cb1f2156ee2e4ef090997556c007de\"},\"headline\":\"Storie di disagio abitativo: la Senigallia che (non) si vede\",\"datePublished\":\"2024-07-03T18:18:10+00:00\",\"dateModified\":\"2024-07-04T14:16:01+00:00\",\"mainEntityOfPage\":{\"@id\":\"https:\/\/www.pressenza.com\/it\/2024\/07\/dalla-parte-dei-movimenti-per-il-diritto-alla-casa-2\/\"},\"wordCount\":684,\"publisher\":{\"@id\":\"https:\/\/www.pressenza.com\/it\/#organization\"},\"image\":{\"@id\":\"https:\/\/www.pressenza.com\/it\/2024\/07\/dalla-parte-dei-movimenti-per-il-diritto-alla-casa-2\/#primaryimage\"},\"thumbnailUrl\":\"https:\/\/www.pressenza.com\/wp-content\/uploads\/2022\/11\/Stop-sfratti.jpg\",\"keywords\":[\"diritto allacasa\",\"Ilaria Salis\"],\"articleSection\":[\"contenuti originali\",\"Diritti Umani\",\"Europa\"],\"inLanguage\":\"it-IT\"},{\"@type\":\"WebPage\",\"@id\":\"https:\/\/www.pressenza.com\/it\/2024\/07\/dalla-parte-dei-movimenti-per-il-diritto-alla-casa-2\/\",\"url\":\"https:\/\/www.pressenza.com\/it\/2024\/07\/dalla-parte-dei-movimenti-per-il-diritto-alla-casa-2\/\",\"name\":\"Storie di disagio abitativo: la Senigallia che (non) si vede\",\"isPartOf\":{\"@id\":\"https:\/\/www.pressenza.com\/it\/#website\"},\"primaryImageOfPage\":{\"@id\":\"https:\/\/www.pressenza.com\/it\/2024\/07\/dalla-parte-dei-movimenti-per-il-diritto-alla-casa-2\/#primaryimage\"},\"image\":{\"@id\":\"https:\/\/www.pressenza.com\/it\/2024\/07\/dalla-parte-dei-movimenti-per-il-diritto-alla-casa-2\/#primaryimage\"},\"thumbnailUrl\":\"https:\/\/www.pressenza.com\/wp-content\/uploads\/2022\/11\/Stop-sfratti.jpg\",\"datePublished\":\"2024-07-03T18:18:10+00:00\",\"dateModified\":\"2024-07-04T14:16:01+00:00\",\"description\":\"Da alcuni giorni la stampa di destra ha scatenato una vergognosa campagna contro Ilaria Salis dopo che la neodeputata europea ha rivendicato la partecipazione a un'occupazione per il diritto alla casa avvenuta anni fa. La vicenda ha riproposto una delle questioni sociali pi\u00f9 gravi del nostro Paese\",\"breadcrumb\":{\"@id\":\"https:\/\/www.pressenza.com\/it\/2024\/07\/dalla-parte-dei-movimenti-per-il-diritto-alla-casa-2\/#breadcrumb\"},\"inLanguage\":\"it-IT\",\"potentialAction\":[{\"@type\":\"ReadAction\",\"target\":[\"https:\/\/www.pressenza.com\/it\/2024\/07\/dalla-parte-dei-movimenti-per-il-diritto-alla-casa-2\/\"]}]},{\"@type\":\"ImageObject\",\"inLanguage\":\"it-IT\",\"@id\":\"https:\/\/www.pressenza.com\/it\/2024\/07\/dalla-parte-dei-movimenti-per-il-diritto-alla-casa-2\/#primaryimage\",\"url\":\"https:\/\/www.pressenza.com\/wp-content\/uploads\/2022\/11\/Stop-sfratti.jpg\",\"contentUrl\":\"https:\/\/www.pressenza.com\/wp-content\/uploads\/2022\/11\/Stop-sfratti.jpg\",\"width\":820,\"height\":540},{\"@type\":\"BreadcrumbList\",\"@id\":\"https:\/\/www.pressenza.com\/it\/2024\/07\/dalla-parte-dei-movimenti-per-il-diritto-alla-casa-2\/#breadcrumb\",\"itemListElement\":[{\"@type\":\"ListItem\",\"position\":1,\"name\":\"Accueil\",\"item\":\"https:\/\/www.pressenza.com\/it\/\"},{\"@type\":\"ListItem\",\"position\":2,\"name\":\"Storie di disagio abitativo: la Senigallia che (non) si vede\"}]},{\"@type\":\"WebSite\",\"@id\":\"https:\/\/www.pressenza.com\/it\/#website\",\"url\":\"https:\/\/www.pressenza.com\/it\/\",\"name\":\"Pressenza\",\"description\":\"Agenzia di Stampa Internazionale\",\"publisher\":{\"@id\":\"https:\/\/www.pressenza.com\/it\/#organization\"},\"potentialAction\":[{\"@type\":\"SearchAction\",\"target\":{\"@type\":\"EntryPoint\",\"urlTemplate\":\"https:\/\/www.pressenza.com\/it\/?s={search_term_string}\"},\"query-input\":{\"@type\":\"PropertyValueSpecification\",\"valueRequired\":true,\"valueName\":\"search_term_string\"}}],\"inLanguage\":\"it-IT\"},{\"@type\":\"Organization\",\"@id\":\"https:\/\/www.pressenza.com\/it\/#organization\",\"name\":\"Pressenza\",\"url\":\"https:\/\/www.pressenza.com\/it\/\",\"logo\":{\"@type\":\"ImageObject\",\"inLanguage\":\"it-IT\",\"@id\":\"https:\/\/www.pressenza.com\/it\/#\/schema\/logo\/image\/\",\"url\":\"https:\/\/www.pressenza.com\/wp-content\/uploads\/2022\/10\/pressenza_logo_200x200.jpg\",\"contentUrl\":\"https:\/\/www.pressenza.com\/wp-content\/uploads\/2022\/10\/pressenza_logo_200x200.jpg\",\"width\":200,\"height\":200,\"caption\":\"Pressenza\"},\"image\":{\"@id\":\"https:\/\/www.pressenza.com\/it\/#\/schema\/logo\/image\/\"},\"sameAs\":[\"https:\/\/www.facebook.com\/PressenzaItalia\",\"https:\/\/x.com\/PressenzaIPA\"]},{\"@type\":\"Person\",\"@id\":\"https:\/\/www.pressenza.com\/it\/#\/schema\/person\/a9cb1f2156ee2e4ef090997556c007de\",\"name\":\"Redazione Marche\",\"description\":\"News from the Pressenza Bureau in the Marches, Italy\",\"url\":\"https:\/\/www.pressenza.com\/it\/author\/redazione-marche\/\"}]}<\/script>\n<!-- \/ Yoast SEO plugin. -->","yoast_head_json":{"title":"Storie di disagio abitativo: la Senigallia che (non) si vede","description":"Da alcuni giorni la stampa di destra ha scatenato una vergognosa campagna contro Ilaria Salis dopo che la neodeputata europea ha rivendicato la partecipazione a un'occupazione per il diritto alla casa avvenuta anni fa. La vicenda ha riproposto una delle questioni sociali pi\u00f9 gravi del nostro Paese","robots":{"index":"index","follow":"follow","max-snippet":"max-snippet:-1","max-image-preview":"max-image-preview:large","max-video-preview":"max-video-preview:-1"},"canonical":"https:\/\/www.pressenza.com\/it\/2024\/07\/dalla-parte-dei-movimenti-per-il-diritto-alla-casa-2\/","og_locale":"it_IT","og_type":"article","og_title":"Storie di disagio abitativo: la Senigallia che (non) si vede","og_description":"Da alcuni giorni la stampa di destra ha scatenato una vergognosa campagna contro Ilaria Salis dopo che la neodeputata europea ha rivendicato la partecipazione a un'occupazione per il diritto alla casa avvenuta anni fa. La vicenda ha riproposto una delle questioni sociali pi\u00f9 gravi del nostro Paese","og_url":"https:\/\/www.pressenza.com\/it\/2024\/07\/dalla-parte-dei-movimenti-per-il-diritto-alla-casa-2\/","og_site_name":"Pressenza","article_publisher":"https:\/\/www.facebook.com\/PressenzaItalia","article_published_time":"2024-07-03T18:18:10+00:00","article_modified_time":"2024-07-04T14:16:01+00:00","og_image":[{"width":820,"height":540,"url":"https:\/\/www.pressenza.com\/wp-content\/uploads\/2022\/11\/Stop-sfratti.jpg","type":"image\/jpeg"}],"author":"Redazione Marche","twitter_card":"summary_large_image","twitter_creator":"@PressenzaIPA","twitter_site":"@PressenzaIPA","twitter_misc":{"Scritto da":"Redazione Marche","Tempo di lettura stimato":"1 minuto"},"schema":{"@context":"https:\/\/schema.org","@graph":[{"@type":"Article","@id":"https:\/\/www.pressenza.com\/it\/2024\/07\/dalla-parte-dei-movimenti-per-il-diritto-alla-casa-2\/#article","isPartOf":{"@id":"https:\/\/www.pressenza.com\/it\/2024\/07\/dalla-parte-dei-movimenti-per-il-diritto-alla-casa-2\/"},"author":{"name":"Redazione Marche","@id":"https:\/\/www.pressenza.com\/it\/#\/schema\/person\/a9cb1f2156ee2e4ef090997556c007de"},"headline":"Storie di disagio abitativo: la Senigallia che (non) si vede","datePublished":"2024-07-03T18:18:10+00:00","dateModified":"2024-07-04T14:16:01+00:00","mainEntityOfPage":{"@id":"https:\/\/www.pressenza.com\/it\/2024\/07\/dalla-parte-dei-movimenti-per-il-diritto-alla-casa-2\/"},"wordCount":684,"publisher":{"@id":"https:\/\/www.pressenza.com\/it\/#organization"},"image":{"@id":"https:\/\/www.pressenza.com\/it\/2024\/07\/dalla-parte-dei-movimenti-per-il-diritto-alla-casa-2\/#primaryimage"},"thumbnailUrl":"https:\/\/www.pressenza.com\/wp-content\/uploads\/2022\/11\/Stop-sfratti.jpg","keywords":["diritto allacasa","Ilaria Salis"],"articleSection":["contenuti originali","Diritti Umani","Europa"],"inLanguage":"it-IT"},{"@type":"WebPage","@id":"https:\/\/www.pressenza.com\/it\/2024\/07\/dalla-parte-dei-movimenti-per-il-diritto-alla-casa-2\/","url":"https:\/\/www.pressenza.com\/it\/2024\/07\/dalla-parte-dei-movimenti-per-il-diritto-alla-casa-2\/","name":"Storie di disagio abitativo: la Senigallia che (non) si vede","isPartOf":{"@id":"https:\/\/www.pressenza.com\/it\/#website"},"primaryImageOfPage":{"@id":"https:\/\/www.pressenza.com\/it\/2024\/07\/dalla-parte-dei-movimenti-per-il-diritto-alla-casa-2\/#primaryimage"},"image":{"@id":"https:\/\/www.pressenza.com\/it\/2024\/07\/dalla-parte-dei-movimenti-per-il-diritto-alla-casa-2\/#primaryimage"},"thumbnailUrl":"https:\/\/www.pressenza.com\/wp-content\/uploads\/2022\/11\/Stop-sfratti.jpg","datePublished":"2024-07-03T18:18:10+00:00","dateModified":"2024-07-04T14:16:01+00:00","description":"Da alcuni giorni la stampa di destra ha scatenato una vergognosa campagna contro Ilaria Salis dopo che la neodeputata europea ha rivendicato la partecipazione a un'occupazione per il diritto alla casa avvenuta anni fa. La vicenda ha riproposto una delle questioni sociali pi\u00f9 gravi del nostro Paese","breadcrumb":{"@id":"https:\/\/www.pressenza.com\/it\/2024\/07\/dalla-parte-dei-movimenti-per-il-diritto-alla-casa-2\/#breadcrumb"},"inLanguage":"it-IT","potentialAction":[{"@type":"ReadAction","target":["https:\/\/www.pressenza.com\/it\/2024\/07\/dalla-parte-dei-movimenti-per-il-diritto-alla-casa-2\/"]}]},{"@type":"ImageObject","inLanguage":"it-IT","@id":"https:\/\/www.pressenza.com\/it\/2024\/07\/dalla-parte-dei-movimenti-per-il-diritto-alla-casa-2\/#primaryimage","url":"https:\/\/www.pressenza.com\/wp-content\/uploads\/2022\/11\/Stop-sfratti.jpg","contentUrl":"https:\/\/www.pressenza.com\/wp-content\/uploads\/2022\/11\/Stop-sfratti.jpg","width":820,"height":540},{"@type":"BreadcrumbList","@id":"https:\/\/www.pressenza.com\/it\/2024\/07\/dalla-parte-dei-movimenti-per-il-diritto-alla-casa-2\/#breadcrumb","itemListElement":[{"@type":"ListItem","position":1,"name":"Accueil","item":"https:\/\/www.pressenza.com\/it\/"},{"@type":"ListItem","position":2,"name":"Storie di disagio abitativo: la Senigallia che (non) si vede"}]},{"@type":"WebSite","@id":"https:\/\/www.pressenza.com\/it\/#website","url":"https:\/\/www.pressenza.com\/it\/","name":"Pressenza","description":"Agenzia di Stampa Internazionale","publisher":{"@id":"https:\/\/www.pressenza.com\/it\/#organization"},"potentialAction":[{"@type":"SearchAction","target":{"@type":"EntryPoint","urlTemplate":"https:\/\/www.pressenza.com\/it\/?s={search_term_string}"},"query-input":{"@type":"PropertyValueSpecification","valueRequired":true,"valueName":"search_term_string"}}],"inLanguage":"it-IT"},{"@type":"Organization","@id":"https:\/\/www.pressenza.com\/it\/#organization","name":"Pressenza","url":"https:\/\/www.pressenza.com\/it\/","logo":{"@type":"ImageObject","inLanguage":"it-IT","@id":"https:\/\/www.pressenza.com\/it\/#\/schema\/logo\/image\/","url":"https:\/\/www.pressenza.com\/wp-content\/uploads\/2022\/10\/pressenza_logo_200x200.jpg","contentUrl":"https:\/\/www.pressenza.com\/wp-content\/uploads\/2022\/10\/pressenza_logo_200x200.jpg","width":200,"height":200,"caption":"Pressenza"},"image":{"@id":"https:\/\/www.pressenza.com\/it\/#\/schema\/logo\/image\/"},"sameAs":["https:\/\/www.facebook.com\/PressenzaItalia","https:\/\/x.com\/PressenzaIPA"]},{"@type":"Person","@id":"https:\/\/www.pressenza.com\/it\/#\/schema\/person\/a9cb1f2156ee2e4ef090997556c007de","name":"Redazione Marche","description":"News from the Pressenza Bureau in the Marches, Italy","url":"https:\/\/www.pressenza.com\/it\/author\/redazione-marche\/"}]}},"place":"Senigallia, Spazio Comune Autogestito Arvultura","original_article_url":"","_links":{"self":[{"href":"https:\/\/www.pressenza.com\/it\/wp-json\/wp\/v2\/posts\/2534277","targetHints":{"allow":["GET"]}}],"collection":[{"href":"https:\/\/www.pressenza.com\/it\/wp-json\/wp\/v2\/posts"}],"about":[{"href":"https:\/\/www.pressenza.com\/it\/wp-json\/wp\/v2\/types\/post"}],"author":[{"embeddable":true,"href":"https:\/\/www.pressenza.com\/it\/wp-json\/wp\/v2\/users\/2336"}],"replies":[{"embeddable":true,"href":"https:\/\/www.pressenza.com\/it\/wp-json\/wp\/v2\/comments?post=2534277"}],"version-history":[{"count":0,"href":"https:\/\/www.pressenza.com\/it\/wp-json\/wp\/v2\/posts\/2534277\/revisions"}],"wp:featuredmedia":[{"embeddable":true,"href":"https:\/\/www.pressenza.com\/it\/wp-json\/wp\/v2\/media\/1694429"}],"wp:attachment":[{"href":"https:\/\/www.pressenza.com\/it\/wp-json\/wp\/v2\/media?parent=2534277"}],"wp:term":[{"taxonomy":"category","embeddable":true,"href":"https:\/\/www.pressenza.com\/it\/wp-json\/wp\/v2\/categories?post=2534277"},{"taxonomy":"post_tag","embeddable":true,"href":"https:\/\/www.pressenza.com\/it\/wp-json\/wp\/v2\/tags?post=2534277"}],"curies":[{"name":"wp","href":"https:\/\/api.w.org\/{rel}","templated":true}]}}