{"id":2533869,"date":"2024-07-01T20:39:07","date_gmt":"2024-07-01T19:39:07","guid":{"rendered":"https:\/\/www.pressenza.com\/?p=2533869"},"modified":"2024-07-01T21:18:42","modified_gmt":"2024-07-01T20:18:42","slug":"i-flash-mob-per-il-cessate-il-fuoco-si-moltiplicano-video","status":"publish","type":"post","link":"https:\/\/www.pressenza.com\/it\/2024\/07\/i-flash-mob-per-il-cessate-il-fuoco-si-moltiplicano-video\/","title":{"rendered":"I flash mob per il cessate il fuoco si moltiplicano &#8211; Video"},"content":{"rendered":"<p>Anche questo fine settimana, di nuovo a Milano e a Venezia, \u00e8 andato in scena il flash mob per chiedere il &#8220;cessate il fuoco&#8221;: a Milano all&#8217;interno della manifestazione che ormai da 39 sabati si ripete in citt\u00e0 per chiedere la fine del genocidio a Gaza, e a Venezia con la sua scenografia perfetta.<\/p>\n<p>L&#8217;idea era partita con l&#8217;<a href=\"https:\/\/www.pressenza.com\/it\/2024\/05\/milano-emozionante-flash-mob-per-il-cessate-il-fuoco-video\/\">azione del 26 maggio a Milano<\/a>, un flash mob convocato in due giorni che ha avuto un successo che ha sopreso gli stessi partecipanti. Da allora si \u00e8 ripetuto ogni 3 o 4 giorni, o pi\u00f9 volte nella stessa giornata in luoghi diversi della citt\u00e0, sempre pagando pegno con il tira e molla della questura. Si \u00e8 scoperto cos\u00ec che una piazza della citt\u00e0, di assoluto passaggio, pare essere privata e le guardie accorrono per cacciare via &#8220;gli intrusi&#8221;\u00a0 che manifestano per la pace, o che piazza Duomo pu\u00f2 essere concessa a radio e televisioni per concerti ed eventi sportivi e aperta a raduni di migliaia e migliaia di persone, ma non a 20 persone che tengono alto uno striscione che chiede di cessare il fuoco perch\u00e8 &#8220;la situazione geopolitica non lo permette&#8221;.<\/p>\n<div>\n<p>Tuttavia il gruppo milanese non si \u00e8 lasciato scoraggiare e ha continuato a raccogliere lenzuola, a cercare casse pi\u00f9 potenti per migliorare l&#8217;amplificazione e i luoghi pi\u00f9 adatti a rilanciare il messaggio. Spesso \u00e8 avvenuto che laddove si sperava di avere pi\u00f9 successo ve ne fosse meno e invece nei posti pi\u00f9 improvvisati andasse alla grande e la partecipazione fosse nutrita. Da notare poi il fatto che il gruppo diventasse sempre pi\u00f9 al femminile con il passare dei giorni, mentre diversi uomini a loro vicini chiosavano: &#8220;Ma non serve&#8230;.&#8221;.<\/p>\n<div>\n<p>Invece la costanza, alla lunga, paga. Un&#8217;azione semplice, essenziale, che funziona: parte una sirena, si sentono dei colpi, molti corpi cadono a terra in una piazza,\u00a0 in un luogo di passaggio, in mezzo alla gente ignara. Quindi parte la musica di Mozart e alcune persone si aggirano tra quelle a terra stendendo su di loro delle lenzuola. Accanto ai &#8220;morti&#8221; si vedono cartelli, &#8220;basta massacri&#8221;, &#8220;cessate il fuoco&#8221;, &#8220;guerra vergogna dell&#8217;umanit\u00e0&#8221;&#8230; Alla fine le persone si alzano e compongono insieme un lungo striscione: CEASEFIRE NOW, dice, a caratteri cubitali.<\/p>\n<div>\n<div>\n<p>Il contagio \u00e8 stato un crescendo.<\/p>\n<div>\n<p>Prima Firenze, poi Roma, Mestre e poi Legnano, Bergamo, Sesto San Giovanni, Venezia&#8230; E altre citt\u00e0 si stanno organizzando, mentre anche dall&#8217;estero qualcuno sta ipotizzando di replicare. Il linguaggio universale aiuta, le emozioni sono importanti: colpiscono, smuovono, ci fanno fermare. Non c&#8217;\u00e8 nessun copyright (anzi!), il format si pu\u00f2 replicare a volont\u00e0 e se qualcuno volesse qualche dritta, consiglio o informazione pu\u00f2 scrivere a\u00a0<a href=\"mailto:bigoni.gastone@gmail.com\">bigoni.gastone@gmail.com<\/a>.<\/p>\n<div id=\"attachment_2533904\" class=\"wp-caption alignnone\"><a href=\"https:\/\/www.pressenza.com\/wp-content\/uploads\/2024\/07\/Foash-mob-a-Venezia.jpg\"><img loading=\"lazy\" decoding=\"async\" aria-describedby=\"caption-attachment-2533904\" class=\"wp-image-2533904 size-full\" src=\"https:\/\/www.pressenza.com\/wp-content\/uploads\/2024\/07\/Foash-mob-a-Venezia.jpg\" alt=\"\" width=\"820\" height=\"540\" srcset=\"https:\/\/www.pressenza.com\/wp-content\/uploads\/2024\/07\/Foash-mob-a-Venezia.jpg 820w, https:\/\/www.pressenza.com\/wp-content\/uploads\/2024\/07\/Foash-mob-a-Venezia-300x198.jpg 300w\" sizes=\"auto, (max-width: 820px) 100vw, 820px\" \/><\/a><p id=\"caption-attachment-2533904\" class=\"wp-caption-text\">Il flash mob a Venezia<\/p><\/div>\n<div>\n<p>Di seguito riportiamo l&#8217;ultimo video dell&#8217;atto di sabato a Milano, iniziato sotto la pioggia e terminato ancora una volta con la fantastica voce di Silvia Zaru, oramai adottata dalla comunit\u00e0 palestinese::<\/p>\n<div>\n<p><iframe loading=\"lazy\" title=\"Flash Mob, Milano, piazza Cairoli\" width=\"500\" height=\"281\" src=\"https:\/\/www.youtube.com\/embed\/6yh8p_bSssU?feature=oembed\" frameborder=\"0\" allow=\"accelerometer; autoplay; clipboard-write; encrypted-media; gyroscope; picture-in-picture; web-share\" referrerpolicy=\"strict-origin-when-cross-origin\" allowfullscreen><\/iframe><\/p>\n<p>&nbsp;<\/p>\n<p>&nbsp;<\/p>\n<\/div>\n<\/div>\n<\/div>\n<\/div>\n<\/div>\n<\/div>\n<\/div>\n","protected":false},"excerpt":{"rendered":"<p>Anche questo fine settimana, di nuovo a Milano e a Venezia, \u00e8 andato in scena il flash mob per chiedere il &#8220;cessate il fuoco&#8221;: a Milano all&#8217;interno della manifestazione che ormai da 39 sabati si ripete in citt\u00e0 per chiedere&hellip;<\/p>\n","protected":false},"author":1537,"featured_media":2533898,"comment_status":"closed","ping_status":"closed","sticky":false,"template":"","format":"standard","meta":{"footnotes":""},"categories":[11388,47,1263],"tags":[124194,7098,286,4206],"class_list":["post-2533869","post","type-post","status-publish","format-standard","has-post-thumbnail","hentry","category-contenuti-originali","category-europa","category-pace-disarmo","tag-ceasefire-now-it","tag-flash-mob","tag-milano","tag-venezia"],"yoast_head":"<!-- This site is optimized with the Yoast SEO plugin v27.1.1 - https:\/\/yoast.com\/product\/yoast-seo-wordpress\/ -->\n<title>I flash mob per il cessate il fuoco si moltiplicano - Video<\/title>\n<meta name=\"description\" content=\"Anche questo fine settimana \u00e8 andato in scena il flash mob per chiedere il &quot;cessate il fuoco&quot;: a Milano all&#039;interno della manifestazione che ormai da 39 sabati si ripete per chiedere la fine del genocidio a Gaza, e a Venezia con la sua scenografia perfetta\" \/>\n<meta name=\"robots\" content=\"index, follow, max-snippet:-1, max-image-preview:large, max-video-preview:-1\" \/>\n<link rel=\"canonical\" href=\"https:\/\/www.pressenza.com\/it\/2024\/07\/i-flash-mob-per-il-cessate-il-fuoco-si-moltiplicano-video\/\" \/>\n<meta property=\"og:locale\" content=\"it_IT\" \/>\n<meta property=\"og:type\" content=\"article\" \/>\n<meta property=\"og:title\" content=\"I flash mob per il cessate il fuoco si moltiplicano - Video\" \/>\n<meta property=\"og:description\" content=\"Anche questo fine settimana \u00e8 andato in scena il flash mob per chiedere il &quot;cessate il fuoco&quot;: a Milano all&#039;interno della manifestazione che ormai da 39 sabati si ripete per chiedere la fine del genocidio a Gaza, e a Venezia con la sua scenografia perfetta\" \/>\n<meta property=\"og:url\" content=\"https:\/\/www.pressenza.com\/it\/2024\/07\/i-flash-mob-per-il-cessate-il-fuoco-si-moltiplicano-video\/\" \/>\n<meta property=\"og:site_name\" content=\"Pressenza\" \/>\n<meta property=\"article:publisher\" content=\"https:\/\/www.facebook.com\/PressenzaItalia\" \/>\n<meta property=\"article:published_time\" content=\"2024-07-01T19:39:07+00:00\" \/>\n<meta property=\"article:modified_time\" content=\"2024-07-01T20:18:42+00:00\" \/>\n<meta property=\"og:image\" content=\"https:\/\/www.pressenza.com\/wp-content\/uploads\/2024\/07\/Flash-mob-Milano-1.jpg\" \/>\n\t<meta property=\"og:image:width\" content=\"819\" \/>\n\t<meta property=\"og:image:height\" content=\"614\" \/>\n\t<meta property=\"og:image:type\" content=\"image\/jpeg\" \/>\n<meta name=\"author\" content=\"Andrea De Lotto\" \/>\n<meta name=\"twitter:card\" content=\"summary_large_image\" \/>\n<meta name=\"twitter:creator\" content=\"@PressenzaIPA\" \/>\n<meta name=\"twitter:site\" content=\"@PressenzaIPA\" \/>\n<meta name=\"twitter:label1\" content=\"Scritto da\" \/>\n\t<meta name=\"twitter:data1\" content=\"Andrea De Lotto\" \/>\n\t<meta name=\"twitter:label2\" content=\"Tempo di lettura stimato\" \/>\n\t<meta name=\"twitter:data2\" content=\"3 minuti\" \/>\n<script type=\"application\/ld+json\" class=\"yoast-schema-graph\">{\"@context\":\"https:\/\/schema.org\",\"@graph\":[{\"@type\":\"Article\",\"@id\":\"https:\/\/www.pressenza.com\/it\/2024\/07\/i-flash-mob-per-il-cessate-il-fuoco-si-moltiplicano-video\/#article\",\"isPartOf\":{\"@id\":\"https:\/\/www.pressenza.com\/it\/2024\/07\/i-flash-mob-per-il-cessate-il-fuoco-si-moltiplicano-video\/\"},\"author\":{\"name\":\"Andrea De Lotto\",\"@id\":\"https:\/\/www.pressenza.com\/it\/#\/schema\/person\/6388dc0281afd7eeb72a1763aca696a4\"},\"headline\":\"I flash mob per il cessate il fuoco si moltiplicano &#8211; Video\",\"datePublished\":\"2024-07-01T19:39:07+00:00\",\"dateModified\":\"2024-07-01T20:18:42+00:00\",\"mainEntityOfPage\":{\"@id\":\"https:\/\/www.pressenza.com\/it\/2024\/07\/i-flash-mob-per-il-cessate-il-fuoco-si-moltiplicano-video\/\"},\"wordCount\":507,\"publisher\":{\"@id\":\"https:\/\/www.pressenza.com\/it\/#organization\"},\"image\":{\"@id\":\"https:\/\/www.pressenza.com\/it\/2024\/07\/i-flash-mob-per-il-cessate-il-fuoco-si-moltiplicano-video\/#primaryimage\"},\"thumbnailUrl\":\"https:\/\/www.pressenza.com\/wp-content\/uploads\/2024\/07\/Flash-mob-Milano-1.jpg\",\"keywords\":[\"Ceasefire now\",\"flash mob\",\"Milano\",\"Venezia\"],\"articleSection\":[\"contenuti originali\",\"Europa\",\"Pace e Disarmo\"],\"inLanguage\":\"it-IT\"},{\"@type\":\"WebPage\",\"@id\":\"https:\/\/www.pressenza.com\/it\/2024\/07\/i-flash-mob-per-il-cessate-il-fuoco-si-moltiplicano-video\/\",\"url\":\"https:\/\/www.pressenza.com\/it\/2024\/07\/i-flash-mob-per-il-cessate-il-fuoco-si-moltiplicano-video\/\",\"name\":\"I flash mob per il cessate il fuoco si moltiplicano - Video\",\"isPartOf\":{\"@id\":\"https:\/\/www.pressenza.com\/it\/#website\"},\"primaryImageOfPage\":{\"@id\":\"https:\/\/www.pressenza.com\/it\/2024\/07\/i-flash-mob-per-il-cessate-il-fuoco-si-moltiplicano-video\/#primaryimage\"},\"image\":{\"@id\":\"https:\/\/www.pressenza.com\/it\/2024\/07\/i-flash-mob-per-il-cessate-il-fuoco-si-moltiplicano-video\/#primaryimage\"},\"thumbnailUrl\":\"https:\/\/www.pressenza.com\/wp-content\/uploads\/2024\/07\/Flash-mob-Milano-1.jpg\",\"datePublished\":\"2024-07-01T19:39:07+00:00\",\"dateModified\":\"2024-07-01T20:18:42+00:00\",\"description\":\"Anche questo fine settimana \u00e8 andato in scena il flash mob per chiedere il \\\"cessate il fuoco\\\": a Milano all'interno della manifestazione che ormai da 39 sabati si ripete per chiedere la fine del genocidio a Gaza, e a Venezia con la sua scenografia perfetta\",\"breadcrumb\":{\"@id\":\"https:\/\/www.pressenza.com\/it\/2024\/07\/i-flash-mob-per-il-cessate-il-fuoco-si-moltiplicano-video\/#breadcrumb\"},\"inLanguage\":\"it-IT\",\"potentialAction\":[{\"@type\":\"ReadAction\",\"target\":[\"https:\/\/www.pressenza.com\/it\/2024\/07\/i-flash-mob-per-il-cessate-il-fuoco-si-moltiplicano-video\/\"]}]},{\"@type\":\"ImageObject\",\"inLanguage\":\"it-IT\",\"@id\":\"https:\/\/www.pressenza.com\/it\/2024\/07\/i-flash-mob-per-il-cessate-il-fuoco-si-moltiplicano-video\/#primaryimage\",\"url\":\"https:\/\/www.pressenza.com\/wp-content\/uploads\/2024\/07\/Flash-mob-Milano-1.jpg\",\"contentUrl\":\"https:\/\/www.pressenza.com\/wp-content\/uploads\/2024\/07\/Flash-mob-Milano-1.jpg\",\"width\":819,\"height\":614},{\"@type\":\"BreadcrumbList\",\"@id\":\"https:\/\/www.pressenza.com\/it\/2024\/07\/i-flash-mob-per-il-cessate-il-fuoco-si-moltiplicano-video\/#breadcrumb\",\"itemListElement\":[{\"@type\":\"ListItem\",\"position\":1,\"name\":\"Accueil\",\"item\":\"https:\/\/www.pressenza.com\/it\/\"},{\"@type\":\"ListItem\",\"position\":2,\"name\":\"I flash mob per il cessate il fuoco si moltiplicano &#8211; Video\"}]},{\"@type\":\"WebSite\",\"@id\":\"https:\/\/www.pressenza.com\/it\/#website\",\"url\":\"https:\/\/www.pressenza.com\/it\/\",\"name\":\"Pressenza\",\"description\":\"Agenzia di Stampa Internazionale\",\"publisher\":{\"@id\":\"https:\/\/www.pressenza.com\/it\/#organization\"},\"potentialAction\":[{\"@type\":\"SearchAction\",\"target\":{\"@type\":\"EntryPoint\",\"urlTemplate\":\"https:\/\/www.pressenza.com\/it\/?s={search_term_string}\"},\"query-input\":{\"@type\":\"PropertyValueSpecification\",\"valueRequired\":true,\"valueName\":\"search_term_string\"}}],\"inLanguage\":\"it-IT\"},{\"@type\":\"Organization\",\"@id\":\"https:\/\/www.pressenza.com\/it\/#organization\",\"name\":\"Pressenza\",\"url\":\"https:\/\/www.pressenza.com\/it\/\",\"logo\":{\"@type\":\"ImageObject\",\"inLanguage\":\"it-IT\",\"@id\":\"https:\/\/www.pressenza.com\/it\/#\/schema\/logo\/image\/\",\"url\":\"https:\/\/www.pressenza.com\/wp-content\/uploads\/2022\/10\/pressenza_logo_200x200.jpg\",\"contentUrl\":\"https:\/\/www.pressenza.com\/wp-content\/uploads\/2022\/10\/pressenza_logo_200x200.jpg\",\"width\":200,\"height\":200,\"caption\":\"Pressenza\"},\"image\":{\"@id\":\"https:\/\/www.pressenza.com\/it\/#\/schema\/logo\/image\/\"},\"sameAs\":[\"https:\/\/www.facebook.com\/PressenzaItalia\",\"https:\/\/x.com\/PressenzaIPA\"]},{\"@type\":\"Person\",\"@id\":\"https:\/\/www.pressenza.com\/it\/#\/schema\/person\/6388dc0281afd7eeb72a1763aca696a4\",\"name\":\"Andrea De Lotto\",\"url\":\"https:\/\/www.pressenza.com\/it\/author\/andrea-de-lotto\/\"}]}<\/script>\n<!-- \/ Yoast SEO plugin. -->","yoast_head_json":{"title":"I flash mob per il cessate il fuoco si moltiplicano - Video","description":"Anche questo fine settimana \u00e8 andato in scena il flash mob per chiedere il \"cessate il fuoco\": a Milano all'interno della manifestazione che ormai da 39 sabati si ripete per chiedere la fine del genocidio a Gaza, e a Venezia con la sua scenografia perfetta","robots":{"index":"index","follow":"follow","max-snippet":"max-snippet:-1","max-image-preview":"max-image-preview:large","max-video-preview":"max-video-preview:-1"},"canonical":"https:\/\/www.pressenza.com\/it\/2024\/07\/i-flash-mob-per-il-cessate-il-fuoco-si-moltiplicano-video\/","og_locale":"it_IT","og_type":"article","og_title":"I flash mob per il cessate il fuoco si moltiplicano - Video","og_description":"Anche questo fine settimana \u00e8 andato in scena il flash mob per chiedere il \"cessate il fuoco\": a Milano all'interno della manifestazione che ormai da 39 sabati si ripete per chiedere la fine del genocidio a Gaza, e a Venezia con la sua scenografia perfetta","og_url":"https:\/\/www.pressenza.com\/it\/2024\/07\/i-flash-mob-per-il-cessate-il-fuoco-si-moltiplicano-video\/","og_site_name":"Pressenza","article_publisher":"https:\/\/www.facebook.com\/PressenzaItalia","article_published_time":"2024-07-01T19:39:07+00:00","article_modified_time":"2024-07-01T20:18:42+00:00","og_image":[{"width":819,"height":614,"url":"https:\/\/www.pressenza.com\/wp-content\/uploads\/2024\/07\/Flash-mob-Milano-1.jpg","type":"image\/jpeg"}],"author":"Andrea De Lotto","twitter_card":"summary_large_image","twitter_creator":"@PressenzaIPA","twitter_site":"@PressenzaIPA","twitter_misc":{"Scritto da":"Andrea De Lotto","Tempo di lettura stimato":"3 minuti"},"schema":{"@context":"https:\/\/schema.org","@graph":[{"@type":"Article","@id":"https:\/\/www.pressenza.com\/it\/2024\/07\/i-flash-mob-per-il-cessate-il-fuoco-si-moltiplicano-video\/#article","isPartOf":{"@id":"https:\/\/www.pressenza.com\/it\/2024\/07\/i-flash-mob-per-il-cessate-il-fuoco-si-moltiplicano-video\/"},"author":{"name":"Andrea De Lotto","@id":"https:\/\/www.pressenza.com\/it\/#\/schema\/person\/6388dc0281afd7eeb72a1763aca696a4"},"headline":"I flash mob per il cessate il fuoco si moltiplicano &#8211; Video","datePublished":"2024-07-01T19:39:07+00:00","dateModified":"2024-07-01T20:18:42+00:00","mainEntityOfPage":{"@id":"https:\/\/www.pressenza.com\/it\/2024\/07\/i-flash-mob-per-il-cessate-il-fuoco-si-moltiplicano-video\/"},"wordCount":507,"publisher":{"@id":"https:\/\/www.pressenza.com\/it\/#organization"},"image":{"@id":"https:\/\/www.pressenza.com\/it\/2024\/07\/i-flash-mob-per-il-cessate-il-fuoco-si-moltiplicano-video\/#primaryimage"},"thumbnailUrl":"https:\/\/www.pressenza.com\/wp-content\/uploads\/2024\/07\/Flash-mob-Milano-1.jpg","keywords":["Ceasefire now","flash mob","Milano","Venezia"],"articleSection":["contenuti originali","Europa","Pace e Disarmo"],"inLanguage":"it-IT"},{"@type":"WebPage","@id":"https:\/\/www.pressenza.com\/it\/2024\/07\/i-flash-mob-per-il-cessate-il-fuoco-si-moltiplicano-video\/","url":"https:\/\/www.pressenza.com\/it\/2024\/07\/i-flash-mob-per-il-cessate-il-fuoco-si-moltiplicano-video\/","name":"I flash mob per il cessate il fuoco si moltiplicano - Video","isPartOf":{"@id":"https:\/\/www.pressenza.com\/it\/#website"},"primaryImageOfPage":{"@id":"https:\/\/www.pressenza.com\/it\/2024\/07\/i-flash-mob-per-il-cessate-il-fuoco-si-moltiplicano-video\/#primaryimage"},"image":{"@id":"https:\/\/www.pressenza.com\/it\/2024\/07\/i-flash-mob-per-il-cessate-il-fuoco-si-moltiplicano-video\/#primaryimage"},"thumbnailUrl":"https:\/\/www.pressenza.com\/wp-content\/uploads\/2024\/07\/Flash-mob-Milano-1.jpg","datePublished":"2024-07-01T19:39:07+00:00","dateModified":"2024-07-01T20:18:42+00:00","description":"Anche questo fine settimana \u00e8 andato in scena il flash mob per chiedere il \"cessate il fuoco\": a Milano all'interno della manifestazione che ormai da 39 sabati si ripete per chiedere la fine del genocidio a Gaza, e a Venezia con la sua scenografia perfetta","breadcrumb":{"@id":"https:\/\/www.pressenza.com\/it\/2024\/07\/i-flash-mob-per-il-cessate-il-fuoco-si-moltiplicano-video\/#breadcrumb"},"inLanguage":"it-IT","potentialAction":[{"@type":"ReadAction","target":["https:\/\/www.pressenza.com\/it\/2024\/07\/i-flash-mob-per-il-cessate-il-fuoco-si-moltiplicano-video\/"]}]},{"@type":"ImageObject","inLanguage":"it-IT","@id":"https:\/\/www.pressenza.com\/it\/2024\/07\/i-flash-mob-per-il-cessate-il-fuoco-si-moltiplicano-video\/#primaryimage","url":"https:\/\/www.pressenza.com\/wp-content\/uploads\/2024\/07\/Flash-mob-Milano-1.jpg","contentUrl":"https:\/\/www.pressenza.com\/wp-content\/uploads\/2024\/07\/Flash-mob-Milano-1.jpg","width":819,"height":614},{"@type":"BreadcrumbList","@id":"https:\/\/www.pressenza.com\/it\/2024\/07\/i-flash-mob-per-il-cessate-il-fuoco-si-moltiplicano-video\/#breadcrumb","itemListElement":[{"@type":"ListItem","position":1,"name":"Accueil","item":"https:\/\/www.pressenza.com\/it\/"},{"@type":"ListItem","position":2,"name":"I flash mob per il cessate il fuoco si moltiplicano &#8211; Video"}]},{"@type":"WebSite","@id":"https:\/\/www.pressenza.com\/it\/#website","url":"https:\/\/www.pressenza.com\/it\/","name":"Pressenza","description":"Agenzia di Stampa Internazionale","publisher":{"@id":"https:\/\/www.pressenza.com\/it\/#organization"},"potentialAction":[{"@type":"SearchAction","target":{"@type":"EntryPoint","urlTemplate":"https:\/\/www.pressenza.com\/it\/?s={search_term_string}"},"query-input":{"@type":"PropertyValueSpecification","valueRequired":true,"valueName":"search_term_string"}}],"inLanguage":"it-IT"},{"@type":"Organization","@id":"https:\/\/www.pressenza.com\/it\/#organization","name":"Pressenza","url":"https:\/\/www.pressenza.com\/it\/","logo":{"@type":"ImageObject","inLanguage":"it-IT","@id":"https:\/\/www.pressenza.com\/it\/#\/schema\/logo\/image\/","url":"https:\/\/www.pressenza.com\/wp-content\/uploads\/2022\/10\/pressenza_logo_200x200.jpg","contentUrl":"https:\/\/www.pressenza.com\/wp-content\/uploads\/2022\/10\/pressenza_logo_200x200.jpg","width":200,"height":200,"caption":"Pressenza"},"image":{"@id":"https:\/\/www.pressenza.com\/it\/#\/schema\/logo\/image\/"},"sameAs":["https:\/\/www.facebook.com\/PressenzaItalia","https:\/\/x.com\/PressenzaIPA"]},{"@type":"Person","@id":"https:\/\/www.pressenza.com\/it\/#\/schema\/person\/6388dc0281afd7eeb72a1763aca696a4","name":"Andrea De Lotto","url":"https:\/\/www.pressenza.com\/it\/author\/andrea-de-lotto\/"}]}},"place":"","original_article_url":"","_links":{"self":[{"href":"https:\/\/www.pressenza.com\/it\/wp-json\/wp\/v2\/posts\/2533869","targetHints":{"allow":["GET"]}}],"collection":[{"href":"https:\/\/www.pressenza.com\/it\/wp-json\/wp\/v2\/posts"}],"about":[{"href":"https:\/\/www.pressenza.com\/it\/wp-json\/wp\/v2\/types\/post"}],"author":[{"embeddable":true,"href":"https:\/\/www.pressenza.com\/it\/wp-json\/wp\/v2\/users\/1537"}],"replies":[{"embeddable":true,"href":"https:\/\/www.pressenza.com\/it\/wp-json\/wp\/v2\/comments?post=2533869"}],"version-history":[{"count":0,"href":"https:\/\/www.pressenza.com\/it\/wp-json\/wp\/v2\/posts\/2533869\/revisions"}],"wp:featuredmedia":[{"embeddable":true,"href":"https:\/\/www.pressenza.com\/it\/wp-json\/wp\/v2\/media\/2533898"}],"wp:attachment":[{"href":"https:\/\/www.pressenza.com\/it\/wp-json\/wp\/v2\/media?parent=2533869"}],"wp:term":[{"taxonomy":"category","embeddable":true,"href":"https:\/\/www.pressenza.com\/it\/wp-json\/wp\/v2\/categories?post=2533869"},{"taxonomy":"post_tag","embeddable":true,"href":"https:\/\/www.pressenza.com\/it\/wp-json\/wp\/v2\/tags?post=2533869"}],"curies":[{"name":"wp","href":"https:\/\/api.w.org\/{rel}","templated":true}]}}