{"id":2532875,"date":"2024-06-26T17:32:02","date_gmt":"2024-06-26T16:32:02","guid":{"rendered":"https:\/\/www.pressenza.com\/?p=2532875"},"modified":"2024-06-26T17:33:10","modified_gmt":"2024-06-26T16:33:10","slug":"le-disuguaglianze-estreme-della-salute","status":"publish","type":"post","link":"https:\/\/www.pressenza.com\/it\/2024\/06\/le-disuguaglianze-estreme-della-salute\/","title":{"rendered":"Le disuguaglianze estreme della salute"},"content":{"rendered":"<p align=\"JUSTIFY\"><span style=\"font-family: Times New Roman, serif;\"><span style=\"font-size: medium;\"><span style=\"color: #000000;\">Le diseguaglianze di salute, come \u00e8 ormai accertato, sono una conseguenza delle diverse condizioni socioeconomiche, delle crisi finanziarie e delle politiche economiche e sociali. L<\/span><span style=\"color: #000000;\">e persone pi\u00f9 abbienti e con un pi\u00f9 alto livello di educazione godono di una salute migliore, si ammalano di meno e vivono pi\u00f9 a lungo. La salute peggiora man mano che si discende dalla scala sociale, procedendo dalla fascia socioeconomica pi\u00f9 elevata a quella pi\u00f9 bassa. <\/span><\/span><\/span><\/p>\n<p align=\"JUSTIFY\"><span style=\"font-family: Times New Roman, serif;\"><span style=\"font-size: medium;\"><span style=\"color: #000000;\">Ci sono poi persone che vivono povert\u00e0 estreme alle quali il diritto alla salute \u00e8 sostanzialmente negato oppure \u00e8 fortemente compromesso. Parliamo di chi vive in convivenze anagrafiche (ad esempio, istituti assistenziali, centri di accoglienza per migranti, case famiglia), di coloro che dimorano in campi autorizzati o insediamenti tollerati e spontanei e delle persone senza tetto e senza fissa dimora. Parliamo di centinaia di migliaia di persone: la rilevazione <\/span><span style=\"color: #000000;\"><b>ISTAT<\/b><\/span><span style=\"color: #000000;\"> del 2021 ha censito 463.294 unit\u00e0, pari allo 0,8% della popolazione totale e la cifra \u00e8 probabilmente sottostimata. Di queste, 351.338 vivono in convivenze anagrafiche, 96.197 sono senza tetto\/dimora, mentre 15.759 sono coloro che dimorano in campi autorizzati o insediamenti tollerati e spontanei. In particolare, il 38% delle persone senza tetto \u00e8 di nazionalit\u00e0 straniera (50% africana, 22% europea, 17% asiatica) e la met\u00e0 risiede in soli sei Comuni: 23% a Roma, 9% a Milano, 7% a Napoli, 4,6% a Torino, 3% a Genova e 3,7% a Foggia.<\/span> <\/span><\/span><\/p>\n<p align=\"JUSTIFY\"><span style=\"font-family: Calibri, sans-serif;\"><span style=\"font-size: small;\"><span style=\"color: #000000;\"><span style=\"font-family: Times New Roman, serif;\"><span style=\"font-size: medium;\">Non solo, ma delle persone <\/span><\/span><\/span><span style=\"color: #000000;\"><span style=\"font-family: Times New Roman, serif;\"><span style=\"font-size: medium;\">che vivono in condizione di grave marginalit\u00e0 sociosanitaria, vi \u00e8 innanzitutto un&#8217;assenza di informazioni. Di questo e di alcune esperienze nell\u2019ambito dell\u2019assistenza alle persone cosiddette \u201descluse\u201d o &#8220;invisibili&#8221; si \u00e8 discusso durante un recente convegno organizzato nella sede dell\u2019<\/span><\/span><\/span><span style=\"color: #000000;\"><span style=\"font-family: Times New Roman, serif;\"><span style=\"font-size: medium;\"><b>Istituto Superiore di Sanit\u00e0 \u2013 ISS <\/b><\/span><\/span><\/span><span style=\"color: #000000;\"><span style=\"font-family: Times New Roman, serif;\"><span style=\"font-size: medium;\">dal <\/span><\/span><\/span><span style=\"color: #000000;\"><span style=\"font-family: Times New Roman, serif;\"><span style=\"font-size: medium;\"><b>Centro Nazionale per la Ricerca e la Valutazione preclinica e clinica dei Farmaci<\/b><\/span><\/span><\/span><span style=\"color: #000000;\"><span style=\"font-family: Times New Roman, serif;\"><span style=\"font-size: medium;\">, dal <\/span><\/span><\/span><span style=\"color: #000000;\"><span style=\"font-family: Times New Roman, serif;\"><span style=\"font-size: medium;\"><b>Dipartimento Malattie Infettive<\/b><\/span><\/span><\/span><span style=\"color: #000000;\"><span style=\"font-family: Times New Roman, serif;\"><span style=\"font-size: medium;\"> e <\/span><\/span><\/span><span style=\"color: #000000;\"><span style=\"font-family: Times New Roman, serif;\"><span style=\"font-size: medium;\"><b>Centro Nazionale per la Prevenzione delle Malattie e la Promozione della Salute<\/b><\/span><\/span><\/span><span style=\"color: #000000;\"><span style=\"font-family: Times New Roman, serif;\"><span style=\"font-size: medium;\"> in occasione della presentazione di un numero monografico del Bollettino Epidemiologico Nazionale (Ben) dedicato all&#8217;argomento, curato da Roberto <\/span><\/span><\/span><strong><span style=\"color: #000000;\"><span style=\"font-family: Times New Roman, serif;\"><span style=\"font-size: medium;\"><b>Da Cas <\/b><\/span><\/span><\/span><\/strong><span style=\"color: #000000;\"><span style=\"font-family: Times New Roman, serif;\"><span style=\"font-size: medium;\">e Cristina <\/span><\/span><\/span><strong><span style=\"color: #000000;\"><span style=\"font-family: Times New Roman, serif;\"><span style=\"font-size: medium;\"><b>Morciano<\/b><\/span><\/span><\/span><\/strong><span style=\"color: #000000;\"><span style=\"font-family: Times New Roman, serif;\"><span style=\"font-size: medium;\">, del Bollettino Epidemiologico Nazionale (Ben) dell\u2019Iss di cui sono Responsabili Antonino <\/span><\/span><\/span><strong><span style=\"color: #000000;\"><span style=\"font-family: Times New Roman, serif;\"><span style=\"font-size: medium;\"><b>Bella <\/b><\/span><\/span><\/span><\/strong><span style=\"color: #000000;\"><span style=\"font-family: Times New Roman, serif;\"><span style=\"font-size: medium;\">e Carla <\/span><\/span><\/span><strong><span style=\"color: #000000;\"><span style=\"font-family: Times New Roman, serif;\"><span style=\"font-size: medium;\"><b>Faralli<\/b><\/span><\/span><\/span><\/strong><span style=\"color: #000000;\"><span style=\"font-family: Times New Roman, serif;\"><span style=\"font-size: medium;\">.<\/span><\/span><\/span><\/span><\/span><\/p>\n<p align=\"JUSTIFY\"><span style=\"color: #000000;\"><span style=\"font-family: Times New Roman, serif;\"><span style=\"font-size: medium;\">Uno studio di <b>Intersos<\/b>, organizzazione no-profit che realizza interventi quotidiani di cure primarie e promozione della salute, ha indagato lo stato di salute nell\u2019area della Capitanata di Foggia, dove migranti per lo pi\u00f9 irregolari, sfruttati nel comparto agro-alimentare, dimorano in un ghetto isolato, permanente e sovraffollato. Dalla ricerca si delinea un profilo di salute caratterizzato prevalentemente da patologie non trasmissibili come quelle a carico dell\u2019apparato digerente e muscoloscheletrico, mentre non vi \u00e8 evidenza di patologie infettive di importazione\/tropicali; sono invece frequenti traumatismi dovuti a incidenti sul lavoro. <\/span><\/span><\/span><\/p>\n<p align=\"JUSTIFY\"><span style=\"color: #000000;\"><span style=\"font-family: Times New Roman, serif;\"><span style=\"font-size: medium;\">Due studi hanno poi analizzato lo stato di salute degli esclusi nelle grandi aree urbane che si rivolgono ad ambulatori del terzo settore per ricevere assistenza sanitaria. Il contributo di <b>Caritas di Roma<\/b> ha rilevato una modifica del quadro epidemiologico degli assistiti nel corso di quarant\u2019anni: un aumento delle malattie croniche, soprattutto cardiovascolari e metaboliche, e una riduzione delle malattie infettive. <b>L\u2019Opera San Francesco a Milano<\/b> ha invece approfondito la frequenza delle malattie croniche nei propri assistiti e ha stimato una maggiore prevalenza di malattie cardiovascolari, mentali e metaboliche (diabete) tra i migranti del Sud America e dell\u2019Asia rispetto alle popolazioni europee.<\/span><\/span><\/span><\/p>\n<p align=\"JUSTIFY\"><span style=\"color: #000000;\"><span style=\"font-family: Times New Roman, serif;\"><span style=\"font-size: medium;\">Il tema del mancato accesso all\u2019assistenza sanitaria da parte soprattutto dei migranti irregolari \u00e8 stato approfondito da uno studio dei ricercatori dell\u2019<b>Iss<\/b>, che si sono focalizzati sul tema della vaccinazione anti Covid. Come gi\u00e0 documentato in molti Paesi europei, \u00e8 stata osservata una limitatissima percentuale di vaccinati stranieri non residenti, con un ritardo nella somministrazione del ciclo vaccinale primario, rispetto al totale dei vaccinati. <\/span><\/span><\/span><\/p>\n<p align=\"JUSTIFY\"><span style=\"color: #000000;\"><span style=\"font-family: Times New Roman, serif;\"><span style=\"font-size: medium;\">Anche lo stato di salute delle persone in condizione di detenzione, rileva un\u2019analisi presentata al convegno e nella monografia, non \u00e8 ancora sufficientemente studiato. La valutazione dell\u2019uso dei farmaci condotta in cinque istituti penitenziari delle <b>ASL Roma 2<\/b> e della <b>Asl Viterbo<\/b> ha riportato un elevato ricorso a farmaci per le patologie del sistema nervoso centrale, dell\u2019apparato gastrointestinale e per il trattamento dei disordini metabolici. Viene, inoltre, evidenziata un\u2019importante disomogeneit\u00e0 prescrittiva tra i diversi istituti. Gli autori osservano che, tra le criticit\u00e0 nelle modalit\u00e0 di offerta dell\u2019assistenza alle persone detenute, vi sia la mancanza di un sistema informativo che consenta la raccolta di dati relativi alla salute di queste persone. La disponibilit\u00e0 di queste informazioni \u00e8 presupposto fondamentale per implementare iniziative di valutazione dell&#8217;assistenza e di formazione degli operatori sanitari, e gli stessi autori auspicano una maggiore collaborazione tra gli istituti penitenziari e le strutture sanitarie locali.<\/span><\/span><\/span><\/p>\n<p align=\"JUSTIFY\"><span style=\"color: #000000;\"><span style=\"font-family: Times New Roman, serif;\"><span style=\"font-size: medium;\">&#8220;Purtroppo questo ambito di ricerca epidemiologica appare ancora poco esplorato &#8211; sottolineano li curatori della monografia. Mancano le infrastrutture per una raccolta sistematica dei dati o se realizzate sono da perfezionare, e sono poche le iniziative di formazione e informazione destinate agli operatori sanitari dei servizi territoriali. \u00c8 forse anche poco sfruttato il patrimonio di dati raccolto dagli operatori del terzo settore, che potrebbe rappresentare una base per avviare politiche almeno a livello di comunit\u00e0. Ulteriori studi su questi temi, con quesiti di ricerca rilevanti e ben condotti, potrebbero rappresentare il fondamento razionale per comunicare con i decisori politici e sarebbero anche funzionali a rappresentazioni sociosanitarie finalizzate a trasmettere &#8216;una scossa etica&#8217; in Italia e nel resto dell\u2019Europa\u201d.<\/span><\/span><\/span><\/p>\n<p align=\"JUSTIFY\"><a href=\"https:\/\/www.epicentro.iss.it\/ben\/\"><span style=\"color: #000000;\"><span style=\"font-family: Times New Roman, serif;\"><span style=\"font-size: medium;\"><b>Qui<\/b><\/span><\/span><\/span><\/a><span style=\"color: #000000;\"><span style=\"font-family: Times New Roman, serif;\"><span style=\"font-size: medium;\"> il fascicolo monografico<\/span><\/span><\/span><\/p>\n","protected":false},"excerpt":{"rendered":"<p>Le diseguaglianze di salute, come \u00e8 ormai accertato, sono una conseguenza delle diverse condizioni socioeconomiche, delle crisi finanziarie e delle politiche economiche e sociali. Le persone pi\u00f9 abbienti e con un pi\u00f9 alto livello di educazione godono di una salute&hellip;<\/p>\n","protected":false},"author":2106,"featured_media":2532884,"comment_status":"closed","ping_status":"closed","sticky":false,"template":"","format":"standard","meta":{"footnotes":""},"categories":[11388,60,47,1259],"tags":[10575,1177],"class_list":["post-2532875","post","type-post","status-publish","format-standard","has-post-thumbnail","hentry","category-contenuti-originali","category-diritti-umani","category-europa","category-salute-argomento","tag-disuguaglianza","tag-salute"],"yoast_head":"<!-- This site is optimized with the Yoast SEO plugin v27.1.1 - https:\/\/yoast.com\/product\/yoast-seo-wordpress\/ -->\n<title>Le disuguaglianze estreme della salute<\/title>\n<meta name=\"description\" content=\"Le diseguaglianze di salute, come \u00e8 ormai accertato, sono una conseguenza delle diverse condizioni socioeconomiche, delle crisi finanziarie e delle politiche economiche e sociali\" \/>\n<meta name=\"robots\" content=\"index, follow, max-snippet:-1, max-image-preview:large, max-video-preview:-1\" \/>\n<link rel=\"canonical\" href=\"https:\/\/www.pressenza.com\/it\/2024\/06\/le-disuguaglianze-estreme-della-salute\/\" \/>\n<meta property=\"og:locale\" content=\"it_IT\" \/>\n<meta property=\"og:type\" content=\"article\" \/>\n<meta property=\"og:title\" content=\"Le disuguaglianze estreme della salute\" \/>\n<meta property=\"og:description\" content=\"Le diseguaglianze di salute, come \u00e8 ormai accertato, sono una conseguenza delle diverse condizioni socioeconomiche, delle crisi finanziarie e delle politiche economiche e sociali\" \/>\n<meta property=\"og:url\" content=\"https:\/\/www.pressenza.com\/it\/2024\/06\/le-disuguaglianze-estreme-della-salute\/\" \/>\n<meta property=\"og:site_name\" content=\"Pressenza\" \/>\n<meta property=\"article:publisher\" content=\"https:\/\/www.facebook.com\/PressenzaItalia\" \/>\n<meta property=\"article:published_time\" content=\"2024-06-26T16:32:02+00:00\" \/>\n<meta property=\"article:modified_time\" content=\"2024-06-26T16:33:10+00:00\" \/>\n<meta property=\"og:image\" content=\"https:\/\/www.pressenza.com\/wp-content\/uploads\/2024\/06\/Homeless.png\" \/>\n\t<meta property=\"og:image:width\" content=\"820\" \/>\n\t<meta property=\"og:image:height\" content=\"505\" \/>\n\t<meta property=\"og:image:type\" content=\"image\/png\" \/>\n<meta name=\"author\" content=\"Giovanni Caprio\" \/>\n<meta name=\"twitter:card\" content=\"summary_large_image\" \/>\n<meta name=\"twitter:creator\" content=\"@PressenzaIPA\" \/>\n<meta name=\"twitter:site\" content=\"@PressenzaIPA\" \/>\n<meta name=\"twitter:label1\" content=\"Scritto da\" \/>\n\t<meta name=\"twitter:data1\" content=\"Giovanni Caprio\" \/>\n\t<meta name=\"twitter:label2\" content=\"Tempo di lettura stimato\" \/>\n\t<meta name=\"twitter:data2\" content=\"5 minuti\" \/>\n<script type=\"application\/ld+json\" class=\"yoast-schema-graph\">{\"@context\":\"https:\/\/schema.org\",\"@graph\":[{\"@type\":\"Article\",\"@id\":\"https:\/\/www.pressenza.com\/it\/2024\/06\/le-disuguaglianze-estreme-della-salute\/#article\",\"isPartOf\":{\"@id\":\"https:\/\/www.pressenza.com\/it\/2024\/06\/le-disuguaglianze-estreme-della-salute\/\"},\"author\":{\"name\":\"Giovanni Caprio\",\"@id\":\"https:\/\/www.pressenza.com\/it\/#\/schema\/person\/841c36a613f4f6e80f5fbc9c1f8c32c8\"},\"headline\":\"Le disuguaglianze estreme della salute\",\"datePublished\":\"2024-06-26T16:32:02+00:00\",\"dateModified\":\"2024-06-26T16:33:10+00:00\",\"mainEntityOfPage\":{\"@id\":\"https:\/\/www.pressenza.com\/it\/2024\/06\/le-disuguaglianze-estreme-della-salute\/\"},\"wordCount\":866,\"publisher\":{\"@id\":\"https:\/\/www.pressenza.com\/it\/#organization\"},\"image\":{\"@id\":\"https:\/\/www.pressenza.com\/it\/2024\/06\/le-disuguaglianze-estreme-della-salute\/#primaryimage\"},\"thumbnailUrl\":\"https:\/\/www.pressenza.com\/wp-content\/uploads\/2024\/06\/Homeless.png\",\"keywords\":[\"disuguaglianza\",\"salute\"],\"articleSection\":[\"contenuti originali\",\"Diritti Umani\",\"Europa\",\"Salute\"],\"inLanguage\":\"it-IT\"},{\"@type\":\"WebPage\",\"@id\":\"https:\/\/www.pressenza.com\/it\/2024\/06\/le-disuguaglianze-estreme-della-salute\/\",\"url\":\"https:\/\/www.pressenza.com\/it\/2024\/06\/le-disuguaglianze-estreme-della-salute\/\",\"name\":\"Le disuguaglianze estreme della salute\",\"isPartOf\":{\"@id\":\"https:\/\/www.pressenza.com\/it\/#website\"},\"primaryImageOfPage\":{\"@id\":\"https:\/\/www.pressenza.com\/it\/2024\/06\/le-disuguaglianze-estreme-della-salute\/#primaryimage\"},\"image\":{\"@id\":\"https:\/\/www.pressenza.com\/it\/2024\/06\/le-disuguaglianze-estreme-della-salute\/#primaryimage\"},\"thumbnailUrl\":\"https:\/\/www.pressenza.com\/wp-content\/uploads\/2024\/06\/Homeless.png\",\"datePublished\":\"2024-06-26T16:32:02+00:00\",\"dateModified\":\"2024-06-26T16:33:10+00:00\",\"description\":\"Le diseguaglianze di salute, come \u00e8 ormai accertato, sono una conseguenza delle diverse condizioni socioeconomiche, delle crisi finanziarie e delle politiche economiche e sociali\",\"breadcrumb\":{\"@id\":\"https:\/\/www.pressenza.com\/it\/2024\/06\/le-disuguaglianze-estreme-della-salute\/#breadcrumb\"},\"inLanguage\":\"it-IT\",\"potentialAction\":[{\"@type\":\"ReadAction\",\"target\":[\"https:\/\/www.pressenza.com\/it\/2024\/06\/le-disuguaglianze-estreme-della-salute\/\"]}]},{\"@type\":\"ImageObject\",\"inLanguage\":\"it-IT\",\"@id\":\"https:\/\/www.pressenza.com\/it\/2024\/06\/le-disuguaglianze-estreme-della-salute\/#primaryimage\",\"url\":\"https:\/\/www.pressenza.com\/wp-content\/uploads\/2024\/06\/Homeless.png\",\"contentUrl\":\"https:\/\/www.pressenza.com\/wp-content\/uploads\/2024\/06\/Homeless.png\",\"width\":820,\"height\":505},{\"@type\":\"BreadcrumbList\",\"@id\":\"https:\/\/www.pressenza.com\/it\/2024\/06\/le-disuguaglianze-estreme-della-salute\/#breadcrumb\",\"itemListElement\":[{\"@type\":\"ListItem\",\"position\":1,\"name\":\"Accueil\",\"item\":\"https:\/\/www.pressenza.com\/it\/\"},{\"@type\":\"ListItem\",\"position\":2,\"name\":\"Le disuguaglianze estreme della salute\"}]},{\"@type\":\"WebSite\",\"@id\":\"https:\/\/www.pressenza.com\/it\/#website\",\"url\":\"https:\/\/www.pressenza.com\/it\/\",\"name\":\"Pressenza\",\"description\":\"Agenzia di Stampa Internazionale\",\"publisher\":{\"@id\":\"https:\/\/www.pressenza.com\/it\/#organization\"},\"potentialAction\":[{\"@type\":\"SearchAction\",\"target\":{\"@type\":\"EntryPoint\",\"urlTemplate\":\"https:\/\/www.pressenza.com\/it\/?s={search_term_string}\"},\"query-input\":{\"@type\":\"PropertyValueSpecification\",\"valueRequired\":true,\"valueName\":\"search_term_string\"}}],\"inLanguage\":\"it-IT\"},{\"@type\":\"Organization\",\"@id\":\"https:\/\/www.pressenza.com\/it\/#organization\",\"name\":\"Pressenza\",\"url\":\"https:\/\/www.pressenza.com\/it\/\",\"logo\":{\"@type\":\"ImageObject\",\"inLanguage\":\"it-IT\",\"@id\":\"https:\/\/www.pressenza.com\/it\/#\/schema\/logo\/image\/\",\"url\":\"https:\/\/www.pressenza.com\/wp-content\/uploads\/2022\/10\/pressenza_logo_200x200.jpg\",\"contentUrl\":\"https:\/\/www.pressenza.com\/wp-content\/uploads\/2022\/10\/pressenza_logo_200x200.jpg\",\"width\":200,\"height\":200,\"caption\":\"Pressenza\"},\"image\":{\"@id\":\"https:\/\/www.pressenza.com\/it\/#\/schema\/logo\/image\/\"},\"sameAs\":[\"https:\/\/www.facebook.com\/PressenzaItalia\",\"https:\/\/x.com\/PressenzaIPA\"]},{\"@type\":\"Person\",\"@id\":\"https:\/\/www.pressenza.com\/it\/#\/schema\/person\/841c36a613f4f6e80f5fbc9c1f8c32c8\",\"name\":\"Giovanni Caprio\",\"description\":\"Pubblicista, gi\u00e0 dirigente di istituzioni pubbliche e di fondazioni private. Si occupa di beni comuni, partecipazione e governo del territorio.\",\"url\":\"https:\/\/www.pressenza.com\/it\/author\/giovanni-caprio\/\"}]}<\/script>\n<!-- \/ Yoast SEO plugin. -->","yoast_head_json":{"title":"Le disuguaglianze estreme della salute","description":"Le diseguaglianze di salute, come \u00e8 ormai accertato, sono una conseguenza delle diverse condizioni socioeconomiche, delle crisi finanziarie e delle politiche economiche e sociali","robots":{"index":"index","follow":"follow","max-snippet":"max-snippet:-1","max-image-preview":"max-image-preview:large","max-video-preview":"max-video-preview:-1"},"canonical":"https:\/\/www.pressenza.com\/it\/2024\/06\/le-disuguaglianze-estreme-della-salute\/","og_locale":"it_IT","og_type":"article","og_title":"Le disuguaglianze estreme della salute","og_description":"Le diseguaglianze di salute, come \u00e8 ormai accertato, sono una conseguenza delle diverse condizioni socioeconomiche, delle crisi finanziarie e delle politiche economiche e sociali","og_url":"https:\/\/www.pressenza.com\/it\/2024\/06\/le-disuguaglianze-estreme-della-salute\/","og_site_name":"Pressenza","article_publisher":"https:\/\/www.facebook.com\/PressenzaItalia","article_published_time":"2024-06-26T16:32:02+00:00","article_modified_time":"2024-06-26T16:33:10+00:00","og_image":[{"width":820,"height":505,"url":"https:\/\/www.pressenza.com\/wp-content\/uploads\/2024\/06\/Homeless.png","type":"image\/png"}],"author":"Giovanni Caprio","twitter_card":"summary_large_image","twitter_creator":"@PressenzaIPA","twitter_site":"@PressenzaIPA","twitter_misc":{"Scritto da":"Giovanni Caprio","Tempo di lettura stimato":"5 minuti"},"schema":{"@context":"https:\/\/schema.org","@graph":[{"@type":"Article","@id":"https:\/\/www.pressenza.com\/it\/2024\/06\/le-disuguaglianze-estreme-della-salute\/#article","isPartOf":{"@id":"https:\/\/www.pressenza.com\/it\/2024\/06\/le-disuguaglianze-estreme-della-salute\/"},"author":{"name":"Giovanni Caprio","@id":"https:\/\/www.pressenza.com\/it\/#\/schema\/person\/841c36a613f4f6e80f5fbc9c1f8c32c8"},"headline":"Le disuguaglianze estreme della salute","datePublished":"2024-06-26T16:32:02+00:00","dateModified":"2024-06-26T16:33:10+00:00","mainEntityOfPage":{"@id":"https:\/\/www.pressenza.com\/it\/2024\/06\/le-disuguaglianze-estreme-della-salute\/"},"wordCount":866,"publisher":{"@id":"https:\/\/www.pressenza.com\/it\/#organization"},"image":{"@id":"https:\/\/www.pressenza.com\/it\/2024\/06\/le-disuguaglianze-estreme-della-salute\/#primaryimage"},"thumbnailUrl":"https:\/\/www.pressenza.com\/wp-content\/uploads\/2024\/06\/Homeless.png","keywords":["disuguaglianza","salute"],"articleSection":["contenuti originali","Diritti Umani","Europa","Salute"],"inLanguage":"it-IT"},{"@type":"WebPage","@id":"https:\/\/www.pressenza.com\/it\/2024\/06\/le-disuguaglianze-estreme-della-salute\/","url":"https:\/\/www.pressenza.com\/it\/2024\/06\/le-disuguaglianze-estreme-della-salute\/","name":"Le disuguaglianze estreme della salute","isPartOf":{"@id":"https:\/\/www.pressenza.com\/it\/#website"},"primaryImageOfPage":{"@id":"https:\/\/www.pressenza.com\/it\/2024\/06\/le-disuguaglianze-estreme-della-salute\/#primaryimage"},"image":{"@id":"https:\/\/www.pressenza.com\/it\/2024\/06\/le-disuguaglianze-estreme-della-salute\/#primaryimage"},"thumbnailUrl":"https:\/\/www.pressenza.com\/wp-content\/uploads\/2024\/06\/Homeless.png","datePublished":"2024-06-26T16:32:02+00:00","dateModified":"2024-06-26T16:33:10+00:00","description":"Le diseguaglianze di salute, come \u00e8 ormai accertato, sono una conseguenza delle diverse condizioni socioeconomiche, delle crisi finanziarie e delle politiche economiche e sociali","breadcrumb":{"@id":"https:\/\/www.pressenza.com\/it\/2024\/06\/le-disuguaglianze-estreme-della-salute\/#breadcrumb"},"inLanguage":"it-IT","potentialAction":[{"@type":"ReadAction","target":["https:\/\/www.pressenza.com\/it\/2024\/06\/le-disuguaglianze-estreme-della-salute\/"]}]},{"@type":"ImageObject","inLanguage":"it-IT","@id":"https:\/\/www.pressenza.com\/it\/2024\/06\/le-disuguaglianze-estreme-della-salute\/#primaryimage","url":"https:\/\/www.pressenza.com\/wp-content\/uploads\/2024\/06\/Homeless.png","contentUrl":"https:\/\/www.pressenza.com\/wp-content\/uploads\/2024\/06\/Homeless.png","width":820,"height":505},{"@type":"BreadcrumbList","@id":"https:\/\/www.pressenza.com\/it\/2024\/06\/le-disuguaglianze-estreme-della-salute\/#breadcrumb","itemListElement":[{"@type":"ListItem","position":1,"name":"Accueil","item":"https:\/\/www.pressenza.com\/it\/"},{"@type":"ListItem","position":2,"name":"Le disuguaglianze estreme della salute"}]},{"@type":"WebSite","@id":"https:\/\/www.pressenza.com\/it\/#website","url":"https:\/\/www.pressenza.com\/it\/","name":"Pressenza","description":"Agenzia di Stampa Internazionale","publisher":{"@id":"https:\/\/www.pressenza.com\/it\/#organization"},"potentialAction":[{"@type":"SearchAction","target":{"@type":"EntryPoint","urlTemplate":"https:\/\/www.pressenza.com\/it\/?s={search_term_string}"},"query-input":{"@type":"PropertyValueSpecification","valueRequired":true,"valueName":"search_term_string"}}],"inLanguage":"it-IT"},{"@type":"Organization","@id":"https:\/\/www.pressenza.com\/it\/#organization","name":"Pressenza","url":"https:\/\/www.pressenza.com\/it\/","logo":{"@type":"ImageObject","inLanguage":"it-IT","@id":"https:\/\/www.pressenza.com\/it\/#\/schema\/logo\/image\/","url":"https:\/\/www.pressenza.com\/wp-content\/uploads\/2022\/10\/pressenza_logo_200x200.jpg","contentUrl":"https:\/\/www.pressenza.com\/wp-content\/uploads\/2022\/10\/pressenza_logo_200x200.jpg","width":200,"height":200,"caption":"Pressenza"},"image":{"@id":"https:\/\/www.pressenza.com\/it\/#\/schema\/logo\/image\/"},"sameAs":["https:\/\/www.facebook.com\/PressenzaItalia","https:\/\/x.com\/PressenzaIPA"]},{"@type":"Person","@id":"https:\/\/www.pressenza.com\/it\/#\/schema\/person\/841c36a613f4f6e80f5fbc9c1f8c32c8","name":"Giovanni Caprio","description":"Pubblicista, gi\u00e0 dirigente di istituzioni pubbliche e di fondazioni private. Si occupa di beni comuni, partecipazione e governo del territorio.","url":"https:\/\/www.pressenza.com\/it\/author\/giovanni-caprio\/"}]}},"place":"","original_article_url":"","_links":{"self":[{"href":"https:\/\/www.pressenza.com\/it\/wp-json\/wp\/v2\/posts\/2532875","targetHints":{"allow":["GET"]}}],"collection":[{"href":"https:\/\/www.pressenza.com\/it\/wp-json\/wp\/v2\/posts"}],"about":[{"href":"https:\/\/www.pressenza.com\/it\/wp-json\/wp\/v2\/types\/post"}],"author":[{"embeddable":true,"href":"https:\/\/www.pressenza.com\/it\/wp-json\/wp\/v2\/users\/2106"}],"replies":[{"embeddable":true,"href":"https:\/\/www.pressenza.com\/it\/wp-json\/wp\/v2\/comments?post=2532875"}],"version-history":[{"count":0,"href":"https:\/\/www.pressenza.com\/it\/wp-json\/wp\/v2\/posts\/2532875\/revisions"}],"wp:featuredmedia":[{"embeddable":true,"href":"https:\/\/www.pressenza.com\/it\/wp-json\/wp\/v2\/media\/2532884"}],"wp:attachment":[{"href":"https:\/\/www.pressenza.com\/it\/wp-json\/wp\/v2\/media?parent=2532875"}],"wp:term":[{"taxonomy":"category","embeddable":true,"href":"https:\/\/www.pressenza.com\/it\/wp-json\/wp\/v2\/categories?post=2532875"},{"taxonomy":"post_tag","embeddable":true,"href":"https:\/\/www.pressenza.com\/it\/wp-json\/wp\/v2\/tags?post=2532875"}],"curies":[{"name":"wp","href":"https:\/\/api.w.org\/{rel}","templated":true}]}}