{"id":2532822,"date":"2024-06-26T12:57:18","date_gmt":"2024-06-26T11:57:18","guid":{"rendered":"https:\/\/www.pressenza.com\/?p=2532822"},"modified":"2024-06-26T12:57:18","modified_gmt":"2024-06-26T11:57:18","slug":"il-valzer-delle-leggi-elettorali","status":"publish","type":"post","link":"https:\/\/www.pressenza.com\/it\/2024\/06\/il-valzer-delle-leggi-elettorali\/","title":{"rendered":"Il valzer delle leggi elettorali"},"content":{"rendered":"<p><span style=\"font-weight: 400;\">Siamo alle solite. Quando si perde si d\u00e0 la colpa alla legge elettorale, che di conseguenza va cambiata. Queste sono le intenzioni della coalizione del centrodestra, che \u2013 visti i risultati negativi nel ballottaggio nelle grandi citt\u00e0 \u2013 vorrebbe modificare le vigenti norme elettorali per le amministrative, evitando il secondo turno se al primo venisse superato il 40% dei consensi (anzich\u00e9 il 50%).<\/span><\/p>\n<p><span style=\"font-weight: 400;\">Ovviamente non esiste una legge elettorale perfetta e anche l\u2019attuale sistema con eventuale secondo turno presenta diversi difetti. Per esempio induce un fisiologico calo della partecipazione al voto nel ballottaggio, perch\u00e9 alcuni elettori non si riconoscono nella semplificazione riduttiva di due candidati. Inoltre, d\u00e0 la possibilit\u00e0 di modificare le alleanze tra il primo e il secondo turno, che potrebbe far pentire l\u2019elettore di aver dato il proprio consenso al primo turno. Ovviamente ci sono anche alcuni pregi: il principale \u00e8 che il sindaco eletto \u00e8 sempre scelto da almeno il 50% dei votanti.<\/span><\/p>\n<p><span style=\"font-weight: 400;\">La coalizione di centrodestra, attraverso le recenti dichiarazioni di Meloni e La Russa, anzich\u00e9 cercare di superare o almeno limitare i difetti, vorrebbe togliere proprio il principale aspetto positivo del sistema con il ballottaggio, cio\u00e8 l\u2019elezione del sindaco con la maggioranza assoluta dei votanti.\u00a0<\/span><\/p>\n<p><span style=\"font-weight: 400;\">Tutto ci\u00f2 conferma per l\u2019ennesima volta che non si cambiano le leggi elettorali per ragioni di maggiore aderenza alla volont\u00e0 popolare (salvo richiamarla retoricamente ogni volta che serve), ma soltanto per convenienza del momento. Pronti a modificare le norme elettive nuovamente, se poi non risultassero utili per la propria parte politica.<\/span><\/p>\n<p><span style=\"font-weight: 400;\">Pi\u00f9 volte la Consulta \u00e8 intervenuta dichiarando incostituzionali alcune leggi elettorali vigenti. A riprova che chi le ha approvate non aveva a cuore il rispetto dei diritti e delle regole, la correttezza e l\u2019equit\u00e0 del voto. In questo modo sono stati eletti parlamenti e di conseguenza governi attraverso norme non rispettose della Costituzione. Nessuno tra quelli che le hanno proposte e approvate ha recitato il mea culpa o si \u00e8 dimesso dimostrando almeno un minimo di decenza.<\/span><\/p>\n<p><span style=\"font-weight: 400;\">Nei mesi scorsi proprio dalla coalizione che sostiene il governo in carica abbiamo ascoltato il vanto delle norme che eleggono i sindaci per giustificare l\u2019introduzione del premierato, detto anche \u201csindaco d\u2019Italia\u201d. \u00c8 bastato un turno elettorale sfavorevole per affermare che il sistema di elezione dei sindaci delle grandi citt\u00e0 debba essere cambiato. Di conseguenza si proporr\u00e0 di modificare anche la proposta del premierato?<\/span><\/p>\n<p><span style=\"font-weight: 400;\">Queste scriteriate e incoerenti operazioni di trasformismo delle norme elettorali sono preoccupanti. Anzi, come Ennio Flaiano ebbe a dire: \u00abLa situazione politica italiana \u00e8 grave ma non \u00e8 seria\u00bb. Grave perch\u00e9 \u00e8 dichiarata l\u2019intenzione di modificare l\u2019equilibrio dei poteri, a favore del governo e a discapito di Magistratura, Parlamento e Presidente della Repubblica.<\/span><\/p>\n<p><span style=\"font-weight: 400;\">Come ha recentemente scritto Marta Cartabia, presidente emerita della Corte costituzionale, \u00abla centralit\u00e0 del Parlamento nell\u2019ambito del circuito democratico \u2013 disegnato nella Costituzione, bench\u00e9 poi almeno in parte disatteso dalla prassi pi\u00f9 vicina a noi \u2013 intendeva arginare la tendenza alla concentrazione del potete politico in capo al governo e in particolare al \u201ccapo del governo\u201d, verificatosi nei decenni precedenti\u00bb.<\/span><\/p>\n<p><span style=\"font-weight: 400;\">La situazione politica italiana non \u00e8 seria, ma la democrazia dovrebbe essere una questione seria. Come seria \u00e8 la legge elettorale. Ma come diceva Pier Paolo Pasolini: \u201cSeri bisogna esserlo, non dirlo, e magari neanche sembrarlo!\u201d.<\/span><\/p>\n","protected":false},"excerpt":{"rendered":"<p>Siamo alle solite. Quando si perde si d\u00e0 la colpa alla legge elettorale, che di conseguenza va cambiata. Queste sono le intenzioni della coalizione del centrodestra, che \u2013 visti i risultati negativi nel ballottaggio nelle grandi citt\u00e0 \u2013 vorrebbe modificare&hellip;<\/p>\n","protected":false},"author":1280,"featured_media":465268,"comment_status":"closed","ping_status":"closed","sticky":false,"template":"","format":"standard","meta":{"footnotes":""},"categories":[11388,162,55],"tags":[6287,1659,117684],"class_list":["post-2532822","post","type-post","status-publish","format-standard","has-post-thumbnail","hentry","category-contenuti-originali","category-opinioni","category-politica","tag-elezioni-amministrative","tag-legge-elettorale","tag-premierato"],"yoast_head":"<!-- This site is optimized with the Yoast SEO plugin v27.1.1 - https:\/\/yoast.com\/product\/yoast-seo-wordpress\/ -->\n<title>Il valzer delle leggi elettorali<\/title>\n<meta name=\"description\" content=\"Siamo alle solite. Quando si perde si d\u00e0 la colpa alla legge elettorale, che di conseguenza va cambiata. Queste sono le intenzioni della coalizione del\" \/>\n<meta name=\"robots\" content=\"index, follow, max-snippet:-1, max-image-preview:large, max-video-preview:-1\" \/>\n<link rel=\"canonical\" href=\"https:\/\/www.pressenza.com\/it\/2024\/06\/il-valzer-delle-leggi-elettorali\/\" \/>\n<meta property=\"og:locale\" content=\"it_IT\" \/>\n<meta property=\"og:type\" content=\"article\" \/>\n<meta property=\"og:title\" content=\"Il valzer delle leggi elettorali\" \/>\n<meta property=\"og:description\" content=\"Siamo alle solite. Quando si perde si d\u00e0 la colpa alla legge elettorale, che di conseguenza va cambiata. Queste sono le intenzioni della coalizione del\" \/>\n<meta property=\"og:url\" content=\"https:\/\/www.pressenza.com\/it\/2024\/06\/il-valzer-delle-leggi-elettorali\/\" \/>\n<meta property=\"og:site_name\" content=\"Pressenza\" \/>\n<meta property=\"article:publisher\" content=\"https:\/\/www.facebook.com\/PressenzaItalia\" \/>\n<meta property=\"article:published_time\" content=\"2024-06-26T11:57:18+00:00\" \/>\n<meta property=\"og:image\" content=\"https:\/\/www.pressenza.com\/wp-content\/uploads\/2017\/05\/legge-elettorale.jpg\" \/>\n\t<meta property=\"og:image:width\" content=\"800\" \/>\n\t<meta property=\"og:image:height\" content=\"598\" \/>\n\t<meta property=\"og:image:type\" content=\"image\/jpeg\" \/>\n<meta name=\"author\" content=\"Rocco Artifoni\" \/>\n<meta name=\"twitter:card\" content=\"summary_large_image\" \/>\n<meta name=\"twitter:creator\" content=\"@PressenzaIPA\" \/>\n<meta name=\"twitter:site\" content=\"@PressenzaIPA\" \/>\n<meta name=\"twitter:label1\" content=\"Scritto da\" \/>\n\t<meta name=\"twitter:data1\" content=\"Rocco Artifoni\" \/>\n\t<meta name=\"twitter:label2\" content=\"Tempo di lettura stimato\" \/>\n\t<meta name=\"twitter:data2\" content=\"3 minuti\" \/>\n<script type=\"application\/ld+json\" class=\"yoast-schema-graph\">{\"@context\":\"https:\/\/schema.org\",\"@graph\":[{\"@type\":\"Article\",\"@id\":\"https:\/\/www.pressenza.com\/it\/2024\/06\/il-valzer-delle-leggi-elettorali\/#article\",\"isPartOf\":{\"@id\":\"https:\/\/www.pressenza.com\/it\/2024\/06\/il-valzer-delle-leggi-elettorali\/\"},\"author\":{\"name\":\"Rocco Artifoni\",\"@id\":\"https:\/\/www.pressenza.com\/it\/#\/schema\/person\/47253bd773bfdc8f669fc1a490a0d099\"},\"headline\":\"Il valzer delle leggi elettorali\",\"datePublished\":\"2024-06-26T11:57:18+00:00\",\"mainEntityOfPage\":{\"@id\":\"https:\/\/www.pressenza.com\/it\/2024\/06\/il-valzer-delle-leggi-elettorali\/\"},\"wordCount\":538,\"publisher\":{\"@id\":\"https:\/\/www.pressenza.com\/it\/#organization\"},\"image\":{\"@id\":\"https:\/\/www.pressenza.com\/it\/2024\/06\/il-valzer-delle-leggi-elettorali\/#primaryimage\"},\"thumbnailUrl\":\"https:\/\/www.pressenza.com\/wp-content\/uploads\/2017\/05\/legge-elettorale.jpg\",\"keywords\":[\"elezioni amministrative\",\"legge elettorale\",\"premierato\"],\"articleSection\":[\"contenuti originali\",\"Opinioni\",\"Politica\"],\"inLanguage\":\"it-IT\"},{\"@type\":\"WebPage\",\"@id\":\"https:\/\/www.pressenza.com\/it\/2024\/06\/il-valzer-delle-leggi-elettorali\/\",\"url\":\"https:\/\/www.pressenza.com\/it\/2024\/06\/il-valzer-delle-leggi-elettorali\/\",\"name\":\"Il valzer delle leggi elettorali\",\"isPartOf\":{\"@id\":\"https:\/\/www.pressenza.com\/it\/#website\"},\"primaryImageOfPage\":{\"@id\":\"https:\/\/www.pressenza.com\/it\/2024\/06\/il-valzer-delle-leggi-elettorali\/#primaryimage\"},\"image\":{\"@id\":\"https:\/\/www.pressenza.com\/it\/2024\/06\/il-valzer-delle-leggi-elettorali\/#primaryimage\"},\"thumbnailUrl\":\"https:\/\/www.pressenza.com\/wp-content\/uploads\/2017\/05\/legge-elettorale.jpg\",\"datePublished\":\"2024-06-26T11:57:18+00:00\",\"description\":\"Siamo alle solite. Quando si perde si d\u00e0 la colpa alla legge elettorale, che di conseguenza va cambiata. Queste sono le intenzioni della coalizione del\",\"breadcrumb\":{\"@id\":\"https:\/\/www.pressenza.com\/it\/2024\/06\/il-valzer-delle-leggi-elettorali\/#breadcrumb\"},\"inLanguage\":\"it-IT\",\"potentialAction\":[{\"@type\":\"ReadAction\",\"target\":[\"https:\/\/www.pressenza.com\/it\/2024\/06\/il-valzer-delle-leggi-elettorali\/\"]}]},{\"@type\":\"ImageObject\",\"inLanguage\":\"it-IT\",\"@id\":\"https:\/\/www.pressenza.com\/it\/2024\/06\/il-valzer-delle-leggi-elettorali\/#primaryimage\",\"url\":\"https:\/\/www.pressenza.com\/wp-content\/uploads\/2017\/05\/legge-elettorale.jpg\",\"contentUrl\":\"https:\/\/www.pressenza.com\/wp-content\/uploads\/2017\/05\/legge-elettorale.jpg\",\"width\":800,\"height\":598,\"caption\":\"legge elettorale\"},{\"@type\":\"BreadcrumbList\",\"@id\":\"https:\/\/www.pressenza.com\/it\/2024\/06\/il-valzer-delle-leggi-elettorali\/#breadcrumb\",\"itemListElement\":[{\"@type\":\"ListItem\",\"position\":1,\"name\":\"Accueil\",\"item\":\"https:\/\/www.pressenza.com\/it\/\"},{\"@type\":\"ListItem\",\"position\":2,\"name\":\"Il valzer delle leggi elettorali\"}]},{\"@type\":\"WebSite\",\"@id\":\"https:\/\/www.pressenza.com\/it\/#website\",\"url\":\"https:\/\/www.pressenza.com\/it\/\",\"name\":\"Pressenza\",\"description\":\"Agenzia di Stampa Internazionale\",\"publisher\":{\"@id\":\"https:\/\/www.pressenza.com\/it\/#organization\"},\"potentialAction\":[{\"@type\":\"SearchAction\",\"target\":{\"@type\":\"EntryPoint\",\"urlTemplate\":\"https:\/\/www.pressenza.com\/it\/?s={search_term_string}\"},\"query-input\":{\"@type\":\"PropertyValueSpecification\",\"valueRequired\":true,\"valueName\":\"search_term_string\"}}],\"inLanguage\":\"it-IT\"},{\"@type\":\"Organization\",\"@id\":\"https:\/\/www.pressenza.com\/it\/#organization\",\"name\":\"Pressenza\",\"url\":\"https:\/\/www.pressenza.com\/it\/\",\"logo\":{\"@type\":\"ImageObject\",\"inLanguage\":\"it-IT\",\"@id\":\"https:\/\/www.pressenza.com\/it\/#\/schema\/logo\/image\/\",\"url\":\"https:\/\/www.pressenza.com\/wp-content\/uploads\/2022\/10\/pressenza_logo_200x200.jpg\",\"contentUrl\":\"https:\/\/www.pressenza.com\/wp-content\/uploads\/2022\/10\/pressenza_logo_200x200.jpg\",\"width\":200,\"height\":200,\"caption\":\"Pressenza\"},\"image\":{\"@id\":\"https:\/\/www.pressenza.com\/it\/#\/schema\/logo\/image\/\"},\"sameAs\":[\"https:\/\/www.facebook.com\/PressenzaItalia\",\"https:\/\/x.com\/PressenzaIPA\"]},{\"@type\":\"Person\",\"@id\":\"https:\/\/www.pressenza.com\/it\/#\/schema\/person\/47253bd773bfdc8f669fc1a490a0d099\",\"name\":\"Rocco Artifoni\",\"description\":\"Rocco Artifoni \u00e8 nato a Bergamo nel 1960. \u00c8 presidente nazionale dell\u2019Associazione per la Riduzione del Debito Pubblico (www.ardep.it) e referente per la Lombardia dell\u2019Associazione Art. 53 (www.articolo53.it). Principali appartenenze e impegni locali (provincia di Bergamo): Consiglio Direttivo della Fondazione Serughetti La Porta (www.laportabergamo.it), Comitato provinciale per l\u2019abolizione delle barriere architettoniche (www.diversabile.it), Coordinamento provinciale di Libera (www.liberabg.it), Comitato bergamasco per la difesa della Costituzione (www.salviamolacostituzione.bg.it), Scuola di educazione e formazione alla politica We Care (www.scuolawecare.it), Redazione della rivista L\u2019Incontro e delle Edizioni Gruppo Aeper (www.aeper.it). Nel 2014 ha pubblicato insieme a Filippo Pizzolato \u201cL\u2019ABC della Costituzione\u201d per le Edizioni Gruppo Aeper con prefazione di don Luigi Ciotti. Nel 2018, insieme a Francesco Gesualdi e Antonio De Lellis, per CADTM Italia ha pubblicato il dossier \u201cFisco &amp; Debito. Gli effetti delle controriforme fiscali sul nostro debito pubblico\u201d.\",\"url\":\"https:\/\/www.pressenza.com\/it\/author\/rocco-artifoni\/\"}]}<\/script>\n<!-- \/ Yoast SEO plugin. -->","yoast_head_json":{"title":"Il valzer delle leggi elettorali","description":"Siamo alle solite. Quando si perde si d\u00e0 la colpa alla legge elettorale, che di conseguenza va cambiata. Queste sono le intenzioni della coalizione del","robots":{"index":"index","follow":"follow","max-snippet":"max-snippet:-1","max-image-preview":"max-image-preview:large","max-video-preview":"max-video-preview:-1"},"canonical":"https:\/\/www.pressenza.com\/it\/2024\/06\/il-valzer-delle-leggi-elettorali\/","og_locale":"it_IT","og_type":"article","og_title":"Il valzer delle leggi elettorali","og_description":"Siamo alle solite. Quando si perde si d\u00e0 la colpa alla legge elettorale, che di conseguenza va cambiata. Queste sono le intenzioni della coalizione del","og_url":"https:\/\/www.pressenza.com\/it\/2024\/06\/il-valzer-delle-leggi-elettorali\/","og_site_name":"Pressenza","article_publisher":"https:\/\/www.facebook.com\/PressenzaItalia","article_published_time":"2024-06-26T11:57:18+00:00","og_image":[{"width":800,"height":598,"url":"https:\/\/www.pressenza.com\/wp-content\/uploads\/2017\/05\/legge-elettorale.jpg","type":"image\/jpeg"}],"author":"Rocco Artifoni","twitter_card":"summary_large_image","twitter_creator":"@PressenzaIPA","twitter_site":"@PressenzaIPA","twitter_misc":{"Scritto da":"Rocco Artifoni","Tempo di lettura stimato":"3 minuti"},"schema":{"@context":"https:\/\/schema.org","@graph":[{"@type":"Article","@id":"https:\/\/www.pressenza.com\/it\/2024\/06\/il-valzer-delle-leggi-elettorali\/#article","isPartOf":{"@id":"https:\/\/www.pressenza.com\/it\/2024\/06\/il-valzer-delle-leggi-elettorali\/"},"author":{"name":"Rocco Artifoni","@id":"https:\/\/www.pressenza.com\/it\/#\/schema\/person\/47253bd773bfdc8f669fc1a490a0d099"},"headline":"Il valzer delle leggi elettorali","datePublished":"2024-06-26T11:57:18+00:00","mainEntityOfPage":{"@id":"https:\/\/www.pressenza.com\/it\/2024\/06\/il-valzer-delle-leggi-elettorali\/"},"wordCount":538,"publisher":{"@id":"https:\/\/www.pressenza.com\/it\/#organization"},"image":{"@id":"https:\/\/www.pressenza.com\/it\/2024\/06\/il-valzer-delle-leggi-elettorali\/#primaryimage"},"thumbnailUrl":"https:\/\/www.pressenza.com\/wp-content\/uploads\/2017\/05\/legge-elettorale.jpg","keywords":["elezioni amministrative","legge elettorale","premierato"],"articleSection":["contenuti originali","Opinioni","Politica"],"inLanguage":"it-IT"},{"@type":"WebPage","@id":"https:\/\/www.pressenza.com\/it\/2024\/06\/il-valzer-delle-leggi-elettorali\/","url":"https:\/\/www.pressenza.com\/it\/2024\/06\/il-valzer-delle-leggi-elettorali\/","name":"Il valzer delle leggi elettorali","isPartOf":{"@id":"https:\/\/www.pressenza.com\/it\/#website"},"primaryImageOfPage":{"@id":"https:\/\/www.pressenza.com\/it\/2024\/06\/il-valzer-delle-leggi-elettorali\/#primaryimage"},"image":{"@id":"https:\/\/www.pressenza.com\/it\/2024\/06\/il-valzer-delle-leggi-elettorali\/#primaryimage"},"thumbnailUrl":"https:\/\/www.pressenza.com\/wp-content\/uploads\/2017\/05\/legge-elettorale.jpg","datePublished":"2024-06-26T11:57:18+00:00","description":"Siamo alle solite. Quando si perde si d\u00e0 la colpa alla legge elettorale, che di conseguenza va cambiata. Queste sono le intenzioni della coalizione del","breadcrumb":{"@id":"https:\/\/www.pressenza.com\/it\/2024\/06\/il-valzer-delle-leggi-elettorali\/#breadcrumb"},"inLanguage":"it-IT","potentialAction":[{"@type":"ReadAction","target":["https:\/\/www.pressenza.com\/it\/2024\/06\/il-valzer-delle-leggi-elettorali\/"]}]},{"@type":"ImageObject","inLanguage":"it-IT","@id":"https:\/\/www.pressenza.com\/it\/2024\/06\/il-valzer-delle-leggi-elettorali\/#primaryimage","url":"https:\/\/www.pressenza.com\/wp-content\/uploads\/2017\/05\/legge-elettorale.jpg","contentUrl":"https:\/\/www.pressenza.com\/wp-content\/uploads\/2017\/05\/legge-elettorale.jpg","width":800,"height":598,"caption":"legge elettorale"},{"@type":"BreadcrumbList","@id":"https:\/\/www.pressenza.com\/it\/2024\/06\/il-valzer-delle-leggi-elettorali\/#breadcrumb","itemListElement":[{"@type":"ListItem","position":1,"name":"Accueil","item":"https:\/\/www.pressenza.com\/it\/"},{"@type":"ListItem","position":2,"name":"Il valzer delle leggi elettorali"}]},{"@type":"WebSite","@id":"https:\/\/www.pressenza.com\/it\/#website","url":"https:\/\/www.pressenza.com\/it\/","name":"Pressenza","description":"Agenzia di Stampa Internazionale","publisher":{"@id":"https:\/\/www.pressenza.com\/it\/#organization"},"potentialAction":[{"@type":"SearchAction","target":{"@type":"EntryPoint","urlTemplate":"https:\/\/www.pressenza.com\/it\/?s={search_term_string}"},"query-input":{"@type":"PropertyValueSpecification","valueRequired":true,"valueName":"search_term_string"}}],"inLanguage":"it-IT"},{"@type":"Organization","@id":"https:\/\/www.pressenza.com\/it\/#organization","name":"Pressenza","url":"https:\/\/www.pressenza.com\/it\/","logo":{"@type":"ImageObject","inLanguage":"it-IT","@id":"https:\/\/www.pressenza.com\/it\/#\/schema\/logo\/image\/","url":"https:\/\/www.pressenza.com\/wp-content\/uploads\/2022\/10\/pressenza_logo_200x200.jpg","contentUrl":"https:\/\/www.pressenza.com\/wp-content\/uploads\/2022\/10\/pressenza_logo_200x200.jpg","width":200,"height":200,"caption":"Pressenza"},"image":{"@id":"https:\/\/www.pressenza.com\/it\/#\/schema\/logo\/image\/"},"sameAs":["https:\/\/www.facebook.com\/PressenzaItalia","https:\/\/x.com\/PressenzaIPA"]},{"@type":"Person","@id":"https:\/\/www.pressenza.com\/it\/#\/schema\/person\/47253bd773bfdc8f669fc1a490a0d099","name":"Rocco Artifoni","description":"Rocco Artifoni \u00e8 nato a Bergamo nel 1960. \u00c8 presidente nazionale dell\u2019Associazione per la Riduzione del Debito Pubblico (www.ardep.it) e referente per la Lombardia dell\u2019Associazione Art. 53 (www.articolo53.it). Principali appartenenze e impegni locali (provincia di Bergamo): Consiglio Direttivo della Fondazione Serughetti La Porta (www.laportabergamo.it), Comitato provinciale per l\u2019abolizione delle barriere architettoniche (www.diversabile.it), Coordinamento provinciale di Libera (www.liberabg.it), Comitato bergamasco per la difesa della Costituzione (www.salviamolacostituzione.bg.it), Scuola di educazione e formazione alla politica We Care (www.scuolawecare.it), Redazione della rivista L\u2019Incontro e delle Edizioni Gruppo Aeper (www.aeper.it). Nel 2014 ha pubblicato insieme a Filippo Pizzolato \u201cL\u2019ABC della Costituzione\u201d per le Edizioni Gruppo Aeper con prefazione di don Luigi Ciotti. Nel 2018, insieme a Francesco Gesualdi e Antonio De Lellis, per CADTM Italia ha pubblicato il dossier \u201cFisco &amp; Debito. Gli effetti delle controriforme fiscali sul nostro debito pubblico\u201d.","url":"https:\/\/www.pressenza.com\/it\/author\/rocco-artifoni\/"}]}},"place":"","original_article_url":"","_links":{"self":[{"href":"https:\/\/www.pressenza.com\/it\/wp-json\/wp\/v2\/posts\/2532822","targetHints":{"allow":["GET"]}}],"collection":[{"href":"https:\/\/www.pressenza.com\/it\/wp-json\/wp\/v2\/posts"}],"about":[{"href":"https:\/\/www.pressenza.com\/it\/wp-json\/wp\/v2\/types\/post"}],"author":[{"embeddable":true,"href":"https:\/\/www.pressenza.com\/it\/wp-json\/wp\/v2\/users\/1280"}],"replies":[{"embeddable":true,"href":"https:\/\/www.pressenza.com\/it\/wp-json\/wp\/v2\/comments?post=2532822"}],"version-history":[{"count":0,"href":"https:\/\/www.pressenza.com\/it\/wp-json\/wp\/v2\/posts\/2532822\/revisions"}],"wp:featuredmedia":[{"embeddable":true,"href":"https:\/\/www.pressenza.com\/it\/wp-json\/wp\/v2\/media\/465268"}],"wp:attachment":[{"href":"https:\/\/www.pressenza.com\/it\/wp-json\/wp\/v2\/media?parent=2532822"}],"wp:term":[{"taxonomy":"category","embeddable":true,"href":"https:\/\/www.pressenza.com\/it\/wp-json\/wp\/v2\/categories?post=2532822"},{"taxonomy":"post_tag","embeddable":true,"href":"https:\/\/www.pressenza.com\/it\/wp-json\/wp\/v2\/tags?post=2532822"}],"curies":[{"name":"wp","href":"https:\/\/api.w.org\/{rel}","templated":true}]}}