{"id":2531632,"date":"2024-06-20T08:49:31","date_gmt":"2024-06-20T07:49:31","guid":{"rendered":"https:\/\/www.pressenza.com\/?p=2531632"},"modified":"2024-06-20T08:49:31","modified_gmt":"2024-06-20T07:49:31","slug":"fermare-le-guerre-costruire-la-pace","status":"publish","type":"post","link":"https:\/\/www.pressenza.com\/it\/2024\/06\/fermare-le-guerre-costruire-la-pace\/","title":{"rendered":"Fermare le guerre, costruire la pace"},"content":{"rendered":"<p>\u201cLa pace non viene da sola\u201d. Inizia cos\u00ec il dossier \u201cFermare le guerre, costruire la pace\u201d a cura del Centro Nuovo Modello di Sviluppo, con l\u2019adesione di Altreconomia, Attac Italia, Eco Istituto del Veneto, Peacelink e Pax Christi.<\/p>\n<p>Si parte da alcuni numeri sulla \u201cfollia militare\u201d: nel 2023 nel mondo sono stati registrati 56 conflitti con il coinvolgimento di Stati, mentre la spesa per armamenti \u00e8 stata di 2.4443 miliardi di dollari. Ha senso continuare a sopportare tutto questo? La risposta del dossier coordinato da Francesco Gesualdi \u00e8 chiara e semplice: \u201cInvece di spendere in guerre e armi dovremmo aiutare chi non pu\u00f2 a vivere meglio\u201d.<\/p>\n<p>I conflitti non sono mai fulmini a ciel sereno. Hanno sempre dietro di s\u00e9 risentimenti provocati da abusi, accordi non rispettati, diritti violati. Per convincere i cittadini alla necessit\u00e0 di armarsi bisogna coltivare la cultura del nemico. Il principio invocato \u00e8 quello della deterrenza, secondo il quale nessuno aggredisce chi mostra di essere pi\u00f9 forte. Ma la storia ci dice che l\u2019unico risultato della dottrina della deterrenza \u00e8 l\u2019innalzamento generale del livello degli armamenti, fino a sconfinare in tecnologie capaci di annientare il genere umano.<\/p>\n<p>L\u2019alternativa \u00e8 convertirsi alla difesa popolare nonviolenta che non si basa sul principio della forza militare, ma sulla forza della non collaborazione sostenuta da una forte motivazione politica.<\/p>\n<p>Per l\u2019Italia, che ripudia la guerra, la ricerca della pace \u00e8 un obbligo costituzionale. La prima cosa da fare per costruire la pace \u00e8 fermare la produzione di armi. Le armi infatti sono prodotte per essere vendute e hanno bisogno di un mercato: la guerra.<\/p>\n<p>Per rendere le guerre accettabili s\u2019invocano valori come la difesa della libert\u00e0 e della democrazia. Ma spesso le vere ragioni vanno ricercate in ambito economico. Le guerre servono per il predominio commerciale e per garantirsi nuovi mercati. Il capitalismo \u00e8 un sistema intrinsecamente violento perch\u00e9 le sue logiche di funzionamento si basano sull\u2019espansione e la sopraffazione.<\/p>\n<p>Se riuscissimo a liberarci dai condizionamenti ideologici, capiremmo che il rafforzamento dell\u2019economia pubblica \u00e8 non solo elemento di progresso umano e sociale, ma anche di pace perch\u00e9 l\u2019economia pubblica, a differenza dell\u2019economia di mercato, non ha bisogno di espansione. Poich\u00e9 non vende, bens\u00ec distribuisce, non ha la preoccupazione di procurarsi nuovi clienti. Il suo obiettivo \u00e8 produrre quanto basta per soddisfare i bisogni dei propri cittadini.<\/p>\n<p>La pace richiede impegno anche personale. L\u2019unico modo per sbarazzarci delle guerre finalizzate al saccheggio \u00e8 l\u2019abbandono del consumismo a favore della sobriet\u00e0, che significa ripensare il nostro concetto di sviluppo, riportando l\u2019idea di benessere nel perimetro di ci\u00f2 che ci serve senza sconfinare nel dannoso, nell\u2019inutile e nel superfluo. Un compito non semplice perch\u00e9 si scontra con le nostre pulsioni pi\u00f9 profonde, ma con possibilit\u00e0 di successo se torniamo a dare il giusto valore alla sfera affettiva, sociale, spirituale e pi\u00f9 in generale agli aspetti relazionali che la logica materialista tende a mettere in ombra.<\/p>\n<p>Stili di vita pi\u00f9 sobri e forme economiche pi\u00f9 di tipo pubblico sono condizioni indispensabili di pace. Ma servono anche rapporti internazionali ispirati a equit\u00e0 e cooperazione. Due percorsi di uno stesso tragitto, teso a colmare le gravi disparit\u00e0 create lungo la storia.<\/p>\n<p>L\u2019articolo 11 della nostra Costituzione rileva la necessit\u00e0 dell\u2019azione internazionale per garantire la pace. Due iniziative che potrebbero essere assunte in questa direzione sono la creazione per via legislativa dei Corpi d\u2019interposizione nonviolenta (anche detti corpi civili di pace) e l\u2019istituzione del Ministero della Riconciliazione.<\/p>\n<p>Per questo \u00e8 importante che la volont\u00e0 di pace emerga in tutti i modi possibili. Non solo una tantum con manifestazioni e cortei ma tutti i giorni, sia con iniziative di carattere personale a visibilit\u00e0 pubblica, sia con campagne collettive capaci di fare emergere l\u2019esistenza di un movimento che sa battersi per la pace, esercitando tutta la pressione possibile sui centri decisionali.<\/p>\n<p>Nel dossier curato dal Centro Nuovo Modello di Sviluppo di possono trovare proposte e indicazioni utili per costruire la pace, unica via per fermare davvero le guerre.<\/p>\n<p>Link per scaricare il dossier: https:\/\/www.cnms.it\/attachments\/article\/207\/Dossier_Pace.pdf<\/p>\n","protected":false},"excerpt":{"rendered":"<p>\u201cLa pace non viene da sola\u201d. Inizia cos\u00ec il dossier \u201cFermare le guerre, costruire la pace\u201d a cura del Centro Nuovo Modello di Sviluppo, con l\u2019adesione di Altreconomia, Attac Italia, Eco Istituto del Veneto, Peacelink e Pax Christi. Si parte&hellip;<\/p>\n","protected":false},"author":1280,"featured_media":2531640,"comment_status":"closed","ping_status":"closed","sticky":false,"template":"","format":"standard","meta":{"footnotes":""},"categories":[11388,1263],"tags":[8474,57025,294],"class_list":["post-2531632","post","type-post","status-publish","format-standard","has-post-thumbnail","hentry","category-contenuti-originali","category-pace-disarmo","tag-centro-nuovo-modello-di-sviluppo","tag-guerre-it","tag-pace"],"yoast_head":"<!-- This site is optimized with the Yoast SEO plugin v27.1.1 - https:\/\/yoast.com\/product\/yoast-seo-wordpress\/ -->\n<title>Fermare le guerre, costruire la pace<\/title>\n<meta name=\"description\" content=\"\u201cLa pace non viene da sola\u201d. Inizia cos\u00ec il dossier \u201cFermare le guerre, costruire la pace\u201d a cura del Centro Nuovo Modello di Sviluppo, con l\u2019adesione di\" \/>\n<meta name=\"robots\" content=\"index, follow, max-snippet:-1, max-image-preview:large, max-video-preview:-1\" \/>\n<link rel=\"canonical\" href=\"https:\/\/www.pressenza.com\/it\/2024\/06\/fermare-le-guerre-costruire-la-pace\/\" \/>\n<meta property=\"og:locale\" content=\"it_IT\" \/>\n<meta property=\"og:type\" content=\"article\" \/>\n<meta property=\"og:title\" content=\"Fermare le guerre, costruire la pace\" \/>\n<meta property=\"og:description\" content=\"\u201cLa pace non viene da sola\u201d. Inizia cos\u00ec il dossier \u201cFermare le guerre, costruire la pace\u201d a cura del Centro Nuovo Modello di Sviluppo, con l\u2019adesione di\" \/>\n<meta property=\"og:url\" content=\"https:\/\/www.pressenza.com\/it\/2024\/06\/fermare-le-guerre-costruire-la-pace\/\" \/>\n<meta property=\"og:site_name\" content=\"Pressenza\" \/>\n<meta property=\"article:publisher\" content=\"https:\/\/www.facebook.com\/PressenzaItalia\" \/>\n<meta property=\"article:published_time\" content=\"2024-06-20T07:49:31+00:00\" \/>\n<meta property=\"og:image\" content=\"https:\/\/www.pressenza.com\/wp-content\/uploads\/2024\/06\/fermare-le-guerre.jpg\" \/>\n\t<meta property=\"og:image:width\" content=\"640\" \/>\n\t<meta property=\"og:image:height\" content=\"788\" \/>\n\t<meta property=\"og:image:type\" content=\"image\/jpeg\" \/>\n<meta name=\"author\" content=\"Rocco Artifoni\" \/>\n<meta name=\"twitter:card\" content=\"summary_large_image\" \/>\n<meta name=\"twitter:creator\" content=\"@PressenzaIPA\" \/>\n<meta name=\"twitter:site\" content=\"@PressenzaIPA\" \/>\n<meta name=\"twitter:label1\" content=\"Scritto da\" \/>\n\t<meta name=\"twitter:data1\" content=\"Rocco Artifoni\" \/>\n\t<meta name=\"twitter:label2\" content=\"Tempo di lettura stimato\" \/>\n\t<meta name=\"twitter:data2\" content=\"4 minuti\" \/>\n<script type=\"application\/ld+json\" class=\"yoast-schema-graph\">{\"@context\":\"https:\/\/schema.org\",\"@graph\":[{\"@type\":\"Article\",\"@id\":\"https:\/\/www.pressenza.com\/it\/2024\/06\/fermare-le-guerre-costruire-la-pace\/#article\",\"isPartOf\":{\"@id\":\"https:\/\/www.pressenza.com\/it\/2024\/06\/fermare-le-guerre-costruire-la-pace\/\"},\"author\":{\"name\":\"Rocco Artifoni\",\"@id\":\"https:\/\/www.pressenza.com\/it\/#\/schema\/person\/47253bd773bfdc8f669fc1a490a0d099\"},\"headline\":\"Fermare le guerre, costruire la pace\",\"datePublished\":\"2024-06-20T07:49:31+00:00\",\"mainEntityOfPage\":{\"@id\":\"https:\/\/www.pressenza.com\/it\/2024\/06\/fermare-le-guerre-costruire-la-pace\/\"},\"wordCount\":682,\"publisher\":{\"@id\":\"https:\/\/www.pressenza.com\/it\/#organization\"},\"image\":{\"@id\":\"https:\/\/www.pressenza.com\/it\/2024\/06\/fermare-le-guerre-costruire-la-pace\/#primaryimage\"},\"thumbnailUrl\":\"https:\/\/www.pressenza.com\/wp-content\/uploads\/2024\/06\/fermare-le-guerre.jpg\",\"keywords\":[\"Centro Nuovo Modello di Sviluppo\",\"guerre\",\"Pace\"],\"articleSection\":[\"contenuti originali\",\"Pace e Disarmo\"],\"inLanguage\":\"it-IT\"},{\"@type\":\"WebPage\",\"@id\":\"https:\/\/www.pressenza.com\/it\/2024\/06\/fermare-le-guerre-costruire-la-pace\/\",\"url\":\"https:\/\/www.pressenza.com\/it\/2024\/06\/fermare-le-guerre-costruire-la-pace\/\",\"name\":\"Fermare le guerre, costruire la pace\",\"isPartOf\":{\"@id\":\"https:\/\/www.pressenza.com\/it\/#website\"},\"primaryImageOfPage\":{\"@id\":\"https:\/\/www.pressenza.com\/it\/2024\/06\/fermare-le-guerre-costruire-la-pace\/#primaryimage\"},\"image\":{\"@id\":\"https:\/\/www.pressenza.com\/it\/2024\/06\/fermare-le-guerre-costruire-la-pace\/#primaryimage\"},\"thumbnailUrl\":\"https:\/\/www.pressenza.com\/wp-content\/uploads\/2024\/06\/fermare-le-guerre.jpg\",\"datePublished\":\"2024-06-20T07:49:31+00:00\",\"description\":\"\u201cLa pace non viene da sola\u201d. Inizia cos\u00ec il dossier \u201cFermare le guerre, costruire la pace\u201d a cura del Centro Nuovo Modello di Sviluppo, con l\u2019adesione di\",\"breadcrumb\":{\"@id\":\"https:\/\/www.pressenza.com\/it\/2024\/06\/fermare-le-guerre-costruire-la-pace\/#breadcrumb\"},\"inLanguage\":\"it-IT\",\"potentialAction\":[{\"@type\":\"ReadAction\",\"target\":[\"https:\/\/www.pressenza.com\/it\/2024\/06\/fermare-le-guerre-costruire-la-pace\/\"]}]},{\"@type\":\"ImageObject\",\"inLanguage\":\"it-IT\",\"@id\":\"https:\/\/www.pressenza.com\/it\/2024\/06\/fermare-le-guerre-costruire-la-pace\/#primaryimage\",\"url\":\"https:\/\/www.pressenza.com\/wp-content\/uploads\/2024\/06\/fermare-le-guerre.jpg\",\"contentUrl\":\"https:\/\/www.pressenza.com\/wp-content\/uploads\/2024\/06\/fermare-le-guerre.jpg\",\"width\":640,\"height\":788},{\"@type\":\"BreadcrumbList\",\"@id\":\"https:\/\/www.pressenza.com\/it\/2024\/06\/fermare-le-guerre-costruire-la-pace\/#breadcrumb\",\"itemListElement\":[{\"@type\":\"ListItem\",\"position\":1,\"name\":\"Accueil\",\"item\":\"https:\/\/www.pressenza.com\/it\/\"},{\"@type\":\"ListItem\",\"position\":2,\"name\":\"Fermare le guerre, costruire la pace\"}]},{\"@type\":\"WebSite\",\"@id\":\"https:\/\/www.pressenza.com\/it\/#website\",\"url\":\"https:\/\/www.pressenza.com\/it\/\",\"name\":\"Pressenza\",\"description\":\"Agenzia di Stampa Internazionale\",\"publisher\":{\"@id\":\"https:\/\/www.pressenza.com\/it\/#organization\"},\"potentialAction\":[{\"@type\":\"SearchAction\",\"target\":{\"@type\":\"EntryPoint\",\"urlTemplate\":\"https:\/\/www.pressenza.com\/it\/?s={search_term_string}\"},\"query-input\":{\"@type\":\"PropertyValueSpecification\",\"valueRequired\":true,\"valueName\":\"search_term_string\"}}],\"inLanguage\":\"it-IT\"},{\"@type\":\"Organization\",\"@id\":\"https:\/\/www.pressenza.com\/it\/#organization\",\"name\":\"Pressenza\",\"url\":\"https:\/\/www.pressenza.com\/it\/\",\"logo\":{\"@type\":\"ImageObject\",\"inLanguage\":\"it-IT\",\"@id\":\"https:\/\/www.pressenza.com\/it\/#\/schema\/logo\/image\/\",\"url\":\"https:\/\/www.pressenza.com\/wp-content\/uploads\/2022\/10\/pressenza_logo_200x200.jpg\",\"contentUrl\":\"https:\/\/www.pressenza.com\/wp-content\/uploads\/2022\/10\/pressenza_logo_200x200.jpg\",\"width\":200,\"height\":200,\"caption\":\"Pressenza\"},\"image\":{\"@id\":\"https:\/\/www.pressenza.com\/it\/#\/schema\/logo\/image\/\"},\"sameAs\":[\"https:\/\/www.facebook.com\/PressenzaItalia\",\"https:\/\/x.com\/PressenzaIPA\"]},{\"@type\":\"Person\",\"@id\":\"https:\/\/www.pressenza.com\/it\/#\/schema\/person\/47253bd773bfdc8f669fc1a490a0d099\",\"name\":\"Rocco Artifoni\",\"description\":\"Rocco Artifoni \u00e8 nato a Bergamo nel 1960. \u00c8 presidente nazionale dell\u2019Associazione per la Riduzione del Debito Pubblico (www.ardep.it) e referente per la Lombardia dell\u2019Associazione Art. 53 (www.articolo53.it). Principali appartenenze e impegni locali (provincia di Bergamo): Consiglio Direttivo della Fondazione Serughetti La Porta (www.laportabergamo.it), Comitato provinciale per l\u2019abolizione delle barriere architettoniche (www.diversabile.it), Coordinamento provinciale di Libera (www.liberabg.it), Comitato bergamasco per la difesa della Costituzione (www.salviamolacostituzione.bg.it), Scuola di educazione e formazione alla politica We Care (www.scuolawecare.it), Redazione della rivista L\u2019Incontro e delle Edizioni Gruppo Aeper (www.aeper.it). Nel 2014 ha pubblicato insieme a Filippo Pizzolato \u201cL\u2019ABC della Costituzione\u201d per le Edizioni Gruppo Aeper con prefazione di don Luigi Ciotti. Nel 2018, insieme a Francesco Gesualdi e Antonio De Lellis, per CADTM Italia ha pubblicato il dossier \u201cFisco &amp; Debito. Gli effetti delle controriforme fiscali sul nostro debito pubblico\u201d.\",\"url\":\"https:\/\/www.pressenza.com\/it\/author\/rocco-artifoni\/\"}]}<\/script>\n<!-- \/ Yoast SEO plugin. -->","yoast_head_json":{"title":"Fermare le guerre, costruire la pace","description":"\u201cLa pace non viene da sola\u201d. Inizia cos\u00ec il dossier \u201cFermare le guerre, costruire la pace\u201d a cura del Centro Nuovo Modello di Sviluppo, con l\u2019adesione di","robots":{"index":"index","follow":"follow","max-snippet":"max-snippet:-1","max-image-preview":"max-image-preview:large","max-video-preview":"max-video-preview:-1"},"canonical":"https:\/\/www.pressenza.com\/it\/2024\/06\/fermare-le-guerre-costruire-la-pace\/","og_locale":"it_IT","og_type":"article","og_title":"Fermare le guerre, costruire la pace","og_description":"\u201cLa pace non viene da sola\u201d. Inizia cos\u00ec il dossier \u201cFermare le guerre, costruire la pace\u201d a cura del Centro Nuovo Modello di Sviluppo, con l\u2019adesione di","og_url":"https:\/\/www.pressenza.com\/it\/2024\/06\/fermare-le-guerre-costruire-la-pace\/","og_site_name":"Pressenza","article_publisher":"https:\/\/www.facebook.com\/PressenzaItalia","article_published_time":"2024-06-20T07:49:31+00:00","og_image":[{"width":640,"height":788,"url":"https:\/\/www.pressenza.com\/wp-content\/uploads\/2024\/06\/fermare-le-guerre.jpg","type":"image\/jpeg"}],"author":"Rocco Artifoni","twitter_card":"summary_large_image","twitter_creator":"@PressenzaIPA","twitter_site":"@PressenzaIPA","twitter_misc":{"Scritto da":"Rocco Artifoni","Tempo di lettura stimato":"4 minuti"},"schema":{"@context":"https:\/\/schema.org","@graph":[{"@type":"Article","@id":"https:\/\/www.pressenza.com\/it\/2024\/06\/fermare-le-guerre-costruire-la-pace\/#article","isPartOf":{"@id":"https:\/\/www.pressenza.com\/it\/2024\/06\/fermare-le-guerre-costruire-la-pace\/"},"author":{"name":"Rocco Artifoni","@id":"https:\/\/www.pressenza.com\/it\/#\/schema\/person\/47253bd773bfdc8f669fc1a490a0d099"},"headline":"Fermare le guerre, costruire la pace","datePublished":"2024-06-20T07:49:31+00:00","mainEntityOfPage":{"@id":"https:\/\/www.pressenza.com\/it\/2024\/06\/fermare-le-guerre-costruire-la-pace\/"},"wordCount":682,"publisher":{"@id":"https:\/\/www.pressenza.com\/it\/#organization"},"image":{"@id":"https:\/\/www.pressenza.com\/it\/2024\/06\/fermare-le-guerre-costruire-la-pace\/#primaryimage"},"thumbnailUrl":"https:\/\/www.pressenza.com\/wp-content\/uploads\/2024\/06\/fermare-le-guerre.jpg","keywords":["Centro Nuovo Modello di Sviluppo","guerre","Pace"],"articleSection":["contenuti originali","Pace e Disarmo"],"inLanguage":"it-IT"},{"@type":"WebPage","@id":"https:\/\/www.pressenza.com\/it\/2024\/06\/fermare-le-guerre-costruire-la-pace\/","url":"https:\/\/www.pressenza.com\/it\/2024\/06\/fermare-le-guerre-costruire-la-pace\/","name":"Fermare le guerre, costruire la pace","isPartOf":{"@id":"https:\/\/www.pressenza.com\/it\/#website"},"primaryImageOfPage":{"@id":"https:\/\/www.pressenza.com\/it\/2024\/06\/fermare-le-guerre-costruire-la-pace\/#primaryimage"},"image":{"@id":"https:\/\/www.pressenza.com\/it\/2024\/06\/fermare-le-guerre-costruire-la-pace\/#primaryimage"},"thumbnailUrl":"https:\/\/www.pressenza.com\/wp-content\/uploads\/2024\/06\/fermare-le-guerre.jpg","datePublished":"2024-06-20T07:49:31+00:00","description":"\u201cLa pace non viene da sola\u201d. Inizia cos\u00ec il dossier \u201cFermare le guerre, costruire la pace\u201d a cura del Centro Nuovo Modello di Sviluppo, con l\u2019adesione di","breadcrumb":{"@id":"https:\/\/www.pressenza.com\/it\/2024\/06\/fermare-le-guerre-costruire-la-pace\/#breadcrumb"},"inLanguage":"it-IT","potentialAction":[{"@type":"ReadAction","target":["https:\/\/www.pressenza.com\/it\/2024\/06\/fermare-le-guerre-costruire-la-pace\/"]}]},{"@type":"ImageObject","inLanguage":"it-IT","@id":"https:\/\/www.pressenza.com\/it\/2024\/06\/fermare-le-guerre-costruire-la-pace\/#primaryimage","url":"https:\/\/www.pressenza.com\/wp-content\/uploads\/2024\/06\/fermare-le-guerre.jpg","contentUrl":"https:\/\/www.pressenza.com\/wp-content\/uploads\/2024\/06\/fermare-le-guerre.jpg","width":640,"height":788},{"@type":"BreadcrumbList","@id":"https:\/\/www.pressenza.com\/it\/2024\/06\/fermare-le-guerre-costruire-la-pace\/#breadcrumb","itemListElement":[{"@type":"ListItem","position":1,"name":"Accueil","item":"https:\/\/www.pressenza.com\/it\/"},{"@type":"ListItem","position":2,"name":"Fermare le guerre, costruire la pace"}]},{"@type":"WebSite","@id":"https:\/\/www.pressenza.com\/it\/#website","url":"https:\/\/www.pressenza.com\/it\/","name":"Pressenza","description":"Agenzia di Stampa Internazionale","publisher":{"@id":"https:\/\/www.pressenza.com\/it\/#organization"},"potentialAction":[{"@type":"SearchAction","target":{"@type":"EntryPoint","urlTemplate":"https:\/\/www.pressenza.com\/it\/?s={search_term_string}"},"query-input":{"@type":"PropertyValueSpecification","valueRequired":true,"valueName":"search_term_string"}}],"inLanguage":"it-IT"},{"@type":"Organization","@id":"https:\/\/www.pressenza.com\/it\/#organization","name":"Pressenza","url":"https:\/\/www.pressenza.com\/it\/","logo":{"@type":"ImageObject","inLanguage":"it-IT","@id":"https:\/\/www.pressenza.com\/it\/#\/schema\/logo\/image\/","url":"https:\/\/www.pressenza.com\/wp-content\/uploads\/2022\/10\/pressenza_logo_200x200.jpg","contentUrl":"https:\/\/www.pressenza.com\/wp-content\/uploads\/2022\/10\/pressenza_logo_200x200.jpg","width":200,"height":200,"caption":"Pressenza"},"image":{"@id":"https:\/\/www.pressenza.com\/it\/#\/schema\/logo\/image\/"},"sameAs":["https:\/\/www.facebook.com\/PressenzaItalia","https:\/\/x.com\/PressenzaIPA"]},{"@type":"Person","@id":"https:\/\/www.pressenza.com\/it\/#\/schema\/person\/47253bd773bfdc8f669fc1a490a0d099","name":"Rocco Artifoni","description":"Rocco Artifoni \u00e8 nato a Bergamo nel 1960. \u00c8 presidente nazionale dell\u2019Associazione per la Riduzione del Debito Pubblico (www.ardep.it) e referente per la Lombardia dell\u2019Associazione Art. 53 (www.articolo53.it). Principali appartenenze e impegni locali (provincia di Bergamo): Consiglio Direttivo della Fondazione Serughetti La Porta (www.laportabergamo.it), Comitato provinciale per l\u2019abolizione delle barriere architettoniche (www.diversabile.it), Coordinamento provinciale di Libera (www.liberabg.it), Comitato bergamasco per la difesa della Costituzione (www.salviamolacostituzione.bg.it), Scuola di educazione e formazione alla politica We Care (www.scuolawecare.it), Redazione della rivista L\u2019Incontro e delle Edizioni Gruppo Aeper (www.aeper.it). Nel 2014 ha pubblicato insieme a Filippo Pizzolato \u201cL\u2019ABC della Costituzione\u201d per le Edizioni Gruppo Aeper con prefazione di don Luigi Ciotti. Nel 2018, insieme a Francesco Gesualdi e Antonio De Lellis, per CADTM Italia ha pubblicato il dossier \u201cFisco &amp; Debito. Gli effetti delle controriforme fiscali sul nostro debito pubblico\u201d.","url":"https:\/\/www.pressenza.com\/it\/author\/rocco-artifoni\/"}]}},"place":"","original_article_url":"","_links":{"self":[{"href":"https:\/\/www.pressenza.com\/it\/wp-json\/wp\/v2\/posts\/2531632","targetHints":{"allow":["GET"]}}],"collection":[{"href":"https:\/\/www.pressenza.com\/it\/wp-json\/wp\/v2\/posts"}],"about":[{"href":"https:\/\/www.pressenza.com\/it\/wp-json\/wp\/v2\/types\/post"}],"author":[{"embeddable":true,"href":"https:\/\/www.pressenza.com\/it\/wp-json\/wp\/v2\/users\/1280"}],"replies":[{"embeddable":true,"href":"https:\/\/www.pressenza.com\/it\/wp-json\/wp\/v2\/comments?post=2531632"}],"version-history":[{"count":0,"href":"https:\/\/www.pressenza.com\/it\/wp-json\/wp\/v2\/posts\/2531632\/revisions"}],"wp:featuredmedia":[{"embeddable":true,"href":"https:\/\/www.pressenza.com\/it\/wp-json\/wp\/v2\/media\/2531640"}],"wp:attachment":[{"href":"https:\/\/www.pressenza.com\/it\/wp-json\/wp\/v2\/media?parent=2531632"}],"wp:term":[{"taxonomy":"category","embeddable":true,"href":"https:\/\/www.pressenza.com\/it\/wp-json\/wp\/v2\/categories?post=2531632"},{"taxonomy":"post_tag","embeddable":true,"href":"https:\/\/www.pressenza.com\/it\/wp-json\/wp\/v2\/tags?post=2531632"}],"curies":[{"name":"wp","href":"https:\/\/api.w.org\/{rel}","templated":true}]}}