{"id":2531526,"date":"2024-06-19T16:07:17","date_gmt":"2024-06-19T15:07:17","guid":{"rendered":"https:\/\/www.pressenza.com\/?p=2531526"},"modified":"2024-06-19T16:07:17","modified_gmt":"2024-06-19T15:07:17","slug":"a-gerusalemme-non-solo-pellegrini-ma-anche-aiuti-concreti-intervista-a-ottani","status":"publish","type":"post","link":"https:\/\/www.pressenza.com\/it\/2024\/06\/a-gerusalemme-non-solo-pellegrini-ma-anche-aiuti-concreti-intervista-a-ottani\/","title":{"rendered":"A Gerusalemme non solo pellegrini ma anche aiuti concreti. Intervista a Ottani"},"content":{"rendered":"<p>(Agenzia Dire, articolo di Mattia Cecchini, www.dire.it )<\/p>\n<p>GERUSALEMME \u2013 Cos\u00ec speciale da farne una specie di \u2018film\u2019. Il pellegrinaggio in Terra santa guidato dal Cardinale Matteo Zuppi, presidente della Cei e arcivescovo di Bologna, che (dopo mesi di viaggi al palo seguiti alla strage del 7 ottobre) ha riportato 160 persone tra Gerusalemme e Betlemme ha avuto una importanza ed una eco tale che ora se ne far\u00e0 un documentario. <\/p>\n<p><a href=\"https:\/\/www.dire.it\/17-06-2024\/1054026-pellegrinaggio-terrasanta-quando-sicuro-zuppi\/\">https:\/\/www.dire.it\/17-06-2024\/1054026-pellegrinaggio-terrasanta-quando-sicuro-zuppi\/<\/a><\/p>\n<p> \u201cRingrazio per la presenza di tanti giornalisti che hanno fatto conoscere contemporaneamente\u201d, cio\u00e8 durante il suo stesso svolgimento, \u201cil pellegrinaggio. Vorremmo ora unire il meglio dei loro servizi per proporre un documentario da far girare con gli stessi pellegrini che possono accompagnarlo con la loro esperienza personale, questo per coltivare le relazioni che si sono intrecciate\u201d e continuare a seminare testimonianze \u201cche davvero danno una prospettiva di speranza di un cammino verso la pace\u201d, spiega monsignor Stefano Ottani, vicario per la Sinodalit\u00e0 della Curia di Bologna, tracciando un primo bilancio dell\u2019esperienza. Che \u00e8 stata organizzata con uno stile differente: articolata non solo in visite ai luoghi ma soprattutto in incontri. \u201cSono state viste tante cose e toccate con mano non pietre ma pietre vive\u201d, riassume Andrea Babbi, presidente della Petroniana viaggi che ha organizzato il pellegrinaggio. Che ora va \u2018raccontato\u2019 al ritorno.<\/p>\n<p>\u201cSi pu\u00f2 fare\u201d: il pellegrinaggio di Zuppi da Bologna riapre al turismo in Terrasanta<br \/>\n<a href=\"https:\/\/www.dire.it\/17-06-2024\/1054026-pellegrinaggio-terrasanta-quando-sicuro-zuppi\/\">https:\/\/www.dire.it\/17-06-2024\/1054026-pellegrinaggio-terrasanta-quando-sicuro-zuppi\/ <\/a><\/p>\n<p>Il pellegrinaggio ha significato anche portare non solo dei turisti, ma anche aiuti: si prevede che cresceranno ancora, ma in occasione del viaggio sono stati raccolti oltre 60.000 euro creando \u201call\u2019ultimo momento una cassa comune con una cifra ingente da distribuire a tutte le comunit\u00e0 visitate, con una attenzione particolare a Gaza e al Patriarcato latino di Gerusalemme: un gesto di solidariet\u00e0 concreta che offre un aiuto preziosissimo a famiglie colpite dalla guerra e ridotte in condizioni precarie per l\u2019assenza di lavoro\u201d, dice ancora Ottani.<br \/>\nA Betlemme, ad esempio, ci sono famiglie che oggi non possono pi\u00f9 permettersi di comprare l\u2019agnello per celebrare la festa araba del sacrificio di domani dato che la carne ormai \u00e8 salita a pi\u00f9 di 20 euro al chilo.<\/p>\n<p>Tirando le somme, Ottani parla in generale di un bilancio \u201cmolto positivo che riassumo nella risposta alla domanda \u2018cosa possiamo fare\u2019 davanti alle notizie della guerra ?  Questo pellegrinaggio di comunione e di pace ha offerto molte risposte. Intanto che si pu\u00f2 fare e si pu\u00f2 fare con questo stile che non \u00e8 solo visitare i luoghi ma le comunit\u00e0, incontrare le persone per ascoltare, capire, offrire solidariet\u00e0\u201d.<br \/>\nE\u2019 stata, dice ancora, \u201cmolto sorprendente la gratitudine con cui le persone ci hanno ringraziato pi\u00f9 volte: da otto mesi senza vedere nessuno hanno visto nella possibilit\u00e0 di rilanciare i pellegrinaggi la possibilit\u00e0 concreta di aiutare le persone\u201d.<br \/>\nInoltre, ultimo ma non per importanza, la presenza degli stranieri \u201c\u00e8 certamente un elemento di moderazione per le tensioni contrapposte che ci sono\u201d.<\/p>\n","protected":false},"excerpt":{"rendered":"<p>(Agenzia Dire, articolo di Mattia Cecchini, www.dire.it ) GERUSALEMME \u2013 Cos\u00ec speciale da farne una specie di \u2018film\u2019. Il pellegrinaggio in Terra santa guidato dal Cardinale Matteo Zuppi, presidente della Cei e arcivescovo di Bologna, che (dopo mesi di viaggi&hellip;<\/p>\n","protected":false},"author":1478,"featured_media":2531527,"comment_status":"closed","ping_status":"closed","sticky":false,"template":"","format":"standard","meta":{"footnotes":""},"categories":[150,60,157,52,1262,1263,1260],"tags":[30771,778,123938,1227,107176],"class_list":["post-2531526","post","type-post","status-publish","format-standard","has-post-thumbnail","hentry","category-comunicati-stampa","category-diritti-umani","category-interviste","category-medio-oriente","category-nonviolenza-argomento","category-pace-disarmo","category-umanesimo-spiritualita","tag-assopacepalestina","tag-israele","tag-ottani","tag-palestina-it","tag-zuppi"],"yoast_head":"<!-- This site is optimized with the Yoast SEO plugin v27.1.1 - https:\/\/yoast.com\/product\/yoast-seo-wordpress\/ -->\n<title>A Gerusalemme non solo pellegrini ma anche aiuti concreti. Intervista a Ottani<\/title>\n<meta name=\"description\" content=\"(Agenzia Dire, articolo di Mattia Cecchini, www.dire.it ) GERUSALEMME \u2013 Cos\u00ec speciale da farne una specie di \u2018film\u2019. Il pellegrinaggio in Terra santa\" \/>\n<meta name=\"robots\" content=\"index, follow, max-snippet:-1, max-image-preview:large, max-video-preview:-1\" \/>\n<link rel=\"canonical\" href=\"https:\/\/www.pressenza.com\/it\/2024\/06\/a-gerusalemme-non-solo-pellegrini-ma-anche-aiuti-concreti-intervista-a-ottani\/\" \/>\n<meta property=\"og:locale\" content=\"it_IT\" \/>\n<meta property=\"og:type\" content=\"article\" \/>\n<meta property=\"og:title\" content=\"A Gerusalemme non solo pellegrini ma anche aiuti concreti. Intervista a Ottani\" \/>\n<meta property=\"og:description\" content=\"(Agenzia Dire, articolo di Mattia Cecchini, www.dire.it ) GERUSALEMME \u2013 Cos\u00ec speciale da farne una specie di \u2018film\u2019. Il pellegrinaggio in Terra santa\" \/>\n<meta property=\"og:url\" content=\"https:\/\/www.pressenza.com\/it\/2024\/06\/a-gerusalemme-non-solo-pellegrini-ma-anche-aiuti-concreti-intervista-a-ottani\/\" \/>\n<meta property=\"og:site_name\" content=\"Pressenza\" \/>\n<meta property=\"article:publisher\" content=\"https:\/\/www.facebook.com\/PressenzaItalia\" \/>\n<meta property=\"article:published_time\" content=\"2024-06-19T15:07:17+00:00\" \/>\n<meta property=\"og:image\" content=\"https:\/\/www.pressenza.com\/wp-content\/uploads\/2024\/06\/pellgrinaggio-terrasanta_Gerusalemme-6-1024x768-1.jpeg\" \/>\n\t<meta property=\"og:image:width\" content=\"1024\" \/>\n\t<meta property=\"og:image:height\" content=\"768\" \/>\n\t<meta property=\"og:image:type\" content=\"image\/jpeg\" \/>\n<meta name=\"author\" content=\"Agenzia DIRE\" \/>\n<meta name=\"twitter:card\" content=\"summary_large_image\" \/>\n<meta name=\"twitter:creator\" content=\"@PressenzaIPA\" \/>\n<meta name=\"twitter:site\" content=\"@PressenzaIPA\" \/>\n<meta name=\"twitter:label1\" content=\"Scritto da\" \/>\n\t<meta name=\"twitter:data1\" content=\"Agenzia DIRE\" \/>\n<script type=\"application\/ld+json\" class=\"yoast-schema-graph\">{\"@context\":\"https:\/\/schema.org\",\"@graph\":[{\"@type\":\"Article\",\"@id\":\"https:\/\/www.pressenza.com\/it\/2024\/06\/a-gerusalemme-non-solo-pellegrini-ma-anche-aiuti-concreti-intervista-a-ottani\/#article\",\"isPartOf\":{\"@id\":\"https:\/\/www.pressenza.com\/it\/2024\/06\/a-gerusalemme-non-solo-pellegrini-ma-anche-aiuti-concreti-intervista-a-ottani\/\"},\"author\":{\"name\":\"Agenzia DIRE\",\"@id\":\"https:\/\/www.pressenza.com\/it\/#\/schema\/person\/bb13dad7d75de3f57ef0c4246101316b\"},\"headline\":\"A Gerusalemme non solo pellegrini ma anche aiuti concreti. Intervista a Ottani\",\"datePublished\":\"2024-06-19T15:07:17+00:00\",\"mainEntityOfPage\":{\"@id\":\"https:\/\/www.pressenza.com\/it\/2024\/06\/a-gerusalemme-non-solo-pellegrini-ma-anche-aiuti-concreti-intervista-a-ottani\/\"},\"wordCount\":501,\"publisher\":{\"@id\":\"https:\/\/www.pressenza.com\/it\/#organization\"},\"image\":{\"@id\":\"https:\/\/www.pressenza.com\/it\/2024\/06\/a-gerusalemme-non-solo-pellegrini-ma-anche-aiuti-concreti-intervista-a-ottani\/#primaryimage\"},\"thumbnailUrl\":\"https:\/\/www.pressenza.com\/wp-content\/uploads\/2024\/06\/pellgrinaggio-terrasanta_Gerusalemme-6-1024x768-1.jpeg\",\"keywords\":[\"AssopacePalestina\",\"Israele\",\"ottani\",\"Palestina\",\"zuppi\"],\"articleSection\":[\"Comunicati Stampa\",\"Diritti Umani\",\"Interviste\",\"Medio Oriente\",\"Nonviolenza\",\"Pace e Disarmo\",\"Umanesimo e Spiritualit\u00e0\"],\"inLanguage\":\"it-IT\"},{\"@type\":\"WebPage\",\"@id\":\"https:\/\/www.pressenza.com\/it\/2024\/06\/a-gerusalemme-non-solo-pellegrini-ma-anche-aiuti-concreti-intervista-a-ottani\/\",\"url\":\"https:\/\/www.pressenza.com\/it\/2024\/06\/a-gerusalemme-non-solo-pellegrini-ma-anche-aiuti-concreti-intervista-a-ottani\/\",\"name\":\"A Gerusalemme non solo pellegrini ma anche aiuti concreti. Intervista a Ottani\",\"isPartOf\":{\"@id\":\"https:\/\/www.pressenza.com\/it\/#website\"},\"primaryImageOfPage\":{\"@id\":\"https:\/\/www.pressenza.com\/it\/2024\/06\/a-gerusalemme-non-solo-pellegrini-ma-anche-aiuti-concreti-intervista-a-ottani\/#primaryimage\"},\"image\":{\"@id\":\"https:\/\/www.pressenza.com\/it\/2024\/06\/a-gerusalemme-non-solo-pellegrini-ma-anche-aiuti-concreti-intervista-a-ottani\/#primaryimage\"},\"thumbnailUrl\":\"https:\/\/www.pressenza.com\/wp-content\/uploads\/2024\/06\/pellgrinaggio-terrasanta_Gerusalemme-6-1024x768-1.jpeg\",\"datePublished\":\"2024-06-19T15:07:17+00:00\",\"description\":\"(Agenzia Dire, articolo di Mattia Cecchini, www.dire.it ) GERUSALEMME \u2013 Cos\u00ec speciale da farne una specie di \u2018film\u2019. Il pellegrinaggio in Terra santa\",\"breadcrumb\":{\"@id\":\"https:\/\/www.pressenza.com\/it\/2024\/06\/a-gerusalemme-non-solo-pellegrini-ma-anche-aiuti-concreti-intervista-a-ottani\/#breadcrumb\"},\"inLanguage\":\"it-IT\",\"potentialAction\":[{\"@type\":\"ReadAction\",\"target\":[\"https:\/\/www.pressenza.com\/it\/2024\/06\/a-gerusalemme-non-solo-pellegrini-ma-anche-aiuti-concreti-intervista-a-ottani\/\"]}]},{\"@type\":\"ImageObject\",\"inLanguage\":\"it-IT\",\"@id\":\"https:\/\/www.pressenza.com\/it\/2024\/06\/a-gerusalemme-non-solo-pellegrini-ma-anche-aiuti-concreti-intervista-a-ottani\/#primaryimage\",\"url\":\"https:\/\/www.pressenza.com\/wp-content\/uploads\/2024\/06\/pellgrinaggio-terrasanta_Gerusalemme-6-1024x768-1.jpeg\",\"contentUrl\":\"https:\/\/www.pressenza.com\/wp-content\/uploads\/2024\/06\/pellgrinaggio-terrasanta_Gerusalemme-6-1024x768-1.jpeg\",\"width\":1024,\"height\":768},{\"@type\":\"BreadcrumbList\",\"@id\":\"https:\/\/www.pressenza.com\/it\/2024\/06\/a-gerusalemme-non-solo-pellegrini-ma-anche-aiuti-concreti-intervista-a-ottani\/#breadcrumb\",\"itemListElement\":[{\"@type\":\"ListItem\",\"position\":1,\"name\":\"Accueil\",\"item\":\"https:\/\/www.pressenza.com\/it\/\"},{\"@type\":\"ListItem\",\"position\":2,\"name\":\"A Gerusalemme non solo pellegrini ma anche aiuti concreti. Intervista a Ottani\"}]},{\"@type\":\"WebSite\",\"@id\":\"https:\/\/www.pressenza.com\/it\/#website\",\"url\":\"https:\/\/www.pressenza.com\/it\/\",\"name\":\"Pressenza\",\"description\":\"Agenzia di Stampa Internazionale\",\"publisher\":{\"@id\":\"https:\/\/www.pressenza.com\/it\/#organization\"},\"potentialAction\":[{\"@type\":\"SearchAction\",\"target\":{\"@type\":\"EntryPoint\",\"urlTemplate\":\"https:\/\/www.pressenza.com\/it\/?s={search_term_string}\"},\"query-input\":{\"@type\":\"PropertyValueSpecification\",\"valueRequired\":true,\"valueName\":\"search_term_string\"}}],\"inLanguage\":\"it-IT\"},{\"@type\":\"Organization\",\"@id\":\"https:\/\/www.pressenza.com\/it\/#organization\",\"name\":\"Pressenza\",\"url\":\"https:\/\/www.pressenza.com\/it\/\",\"logo\":{\"@type\":\"ImageObject\",\"inLanguage\":\"it-IT\",\"@id\":\"https:\/\/www.pressenza.com\/it\/#\/schema\/logo\/image\/\",\"url\":\"https:\/\/www.pressenza.com\/wp-content\/uploads\/2022\/10\/pressenza_logo_200x200.jpg\",\"contentUrl\":\"https:\/\/www.pressenza.com\/wp-content\/uploads\/2022\/10\/pressenza_logo_200x200.jpg\",\"width\":200,\"height\":200,\"caption\":\"Pressenza\"},\"image\":{\"@id\":\"https:\/\/www.pressenza.com\/it\/#\/schema\/logo\/image\/\"},\"sameAs\":[\"https:\/\/www.facebook.com\/PressenzaItalia\",\"https:\/\/x.com\/PressenzaIPA\"]},{\"@type\":\"Person\",\"@id\":\"https:\/\/www.pressenza.com\/it\/#\/schema\/person\/bb13dad7d75de3f57ef0c4246101316b\",\"name\":\"Agenzia DIRE\",\"description\":\"La DIRE \u00e8 una delle principali agenzie di stampa nazionali, trasmette sui propri notiziari multimediali tutte le notizie dell'ultimo minuto, approfondimenti, interviste, newsletter tematiche. Specializzata in politiche parlamentari e di governo, oltre che esteri, sanit\u00e0, ambiente, welfare, politiche regionali e locali, giovani. Su Dire.it pubblica, ogni giorno, tutte le principali notizie. E' presente su tutto il territorio nazionale con sei sedi, cinquanta giornalisti e corrispondenti da tutte le regioni.\",\"sameAs\":[\"http:\/\/www.dire.it\/\"],\"url\":\"https:\/\/www.pressenza.com\/it\/author\/agenzia-dire\/\"}]}<\/script>\n<!-- \/ Yoast SEO plugin. -->","yoast_head_json":{"title":"A Gerusalemme non solo pellegrini ma anche aiuti concreti. Intervista a Ottani","description":"(Agenzia Dire, articolo di Mattia Cecchini, www.dire.it ) GERUSALEMME \u2013 Cos\u00ec speciale da farne una specie di \u2018film\u2019. Il pellegrinaggio in Terra santa","robots":{"index":"index","follow":"follow","max-snippet":"max-snippet:-1","max-image-preview":"max-image-preview:large","max-video-preview":"max-video-preview:-1"},"canonical":"https:\/\/www.pressenza.com\/it\/2024\/06\/a-gerusalemme-non-solo-pellegrini-ma-anche-aiuti-concreti-intervista-a-ottani\/","og_locale":"it_IT","og_type":"article","og_title":"A Gerusalemme non solo pellegrini ma anche aiuti concreti. Intervista a Ottani","og_description":"(Agenzia Dire, articolo di Mattia Cecchini, www.dire.it ) GERUSALEMME \u2013 Cos\u00ec speciale da farne una specie di \u2018film\u2019. Il pellegrinaggio in Terra santa","og_url":"https:\/\/www.pressenza.com\/it\/2024\/06\/a-gerusalemme-non-solo-pellegrini-ma-anche-aiuti-concreti-intervista-a-ottani\/","og_site_name":"Pressenza","article_publisher":"https:\/\/www.facebook.com\/PressenzaItalia","article_published_time":"2024-06-19T15:07:17+00:00","og_image":[{"width":1024,"height":768,"url":"https:\/\/www.pressenza.com\/wp-content\/uploads\/2024\/06\/pellgrinaggio-terrasanta_Gerusalemme-6-1024x768-1.jpeg","type":"image\/jpeg"}],"author":"Agenzia DIRE","twitter_card":"summary_large_image","twitter_creator":"@PressenzaIPA","twitter_site":"@PressenzaIPA","twitter_misc":{"Scritto da":"Agenzia DIRE"},"schema":{"@context":"https:\/\/schema.org","@graph":[{"@type":"Article","@id":"https:\/\/www.pressenza.com\/it\/2024\/06\/a-gerusalemme-non-solo-pellegrini-ma-anche-aiuti-concreti-intervista-a-ottani\/#article","isPartOf":{"@id":"https:\/\/www.pressenza.com\/it\/2024\/06\/a-gerusalemme-non-solo-pellegrini-ma-anche-aiuti-concreti-intervista-a-ottani\/"},"author":{"name":"Agenzia DIRE","@id":"https:\/\/www.pressenza.com\/it\/#\/schema\/person\/bb13dad7d75de3f57ef0c4246101316b"},"headline":"A Gerusalemme non solo pellegrini ma anche aiuti concreti. Intervista a Ottani","datePublished":"2024-06-19T15:07:17+00:00","mainEntityOfPage":{"@id":"https:\/\/www.pressenza.com\/it\/2024\/06\/a-gerusalemme-non-solo-pellegrini-ma-anche-aiuti-concreti-intervista-a-ottani\/"},"wordCount":501,"publisher":{"@id":"https:\/\/www.pressenza.com\/it\/#organization"},"image":{"@id":"https:\/\/www.pressenza.com\/it\/2024\/06\/a-gerusalemme-non-solo-pellegrini-ma-anche-aiuti-concreti-intervista-a-ottani\/#primaryimage"},"thumbnailUrl":"https:\/\/www.pressenza.com\/wp-content\/uploads\/2024\/06\/pellgrinaggio-terrasanta_Gerusalemme-6-1024x768-1.jpeg","keywords":["AssopacePalestina","Israele","ottani","Palestina","zuppi"],"articleSection":["Comunicati Stampa","Diritti Umani","Interviste","Medio Oriente","Nonviolenza","Pace e Disarmo","Umanesimo e Spiritualit\u00e0"],"inLanguage":"it-IT"},{"@type":"WebPage","@id":"https:\/\/www.pressenza.com\/it\/2024\/06\/a-gerusalemme-non-solo-pellegrini-ma-anche-aiuti-concreti-intervista-a-ottani\/","url":"https:\/\/www.pressenza.com\/it\/2024\/06\/a-gerusalemme-non-solo-pellegrini-ma-anche-aiuti-concreti-intervista-a-ottani\/","name":"A Gerusalemme non solo pellegrini ma anche aiuti concreti. Intervista a Ottani","isPartOf":{"@id":"https:\/\/www.pressenza.com\/it\/#website"},"primaryImageOfPage":{"@id":"https:\/\/www.pressenza.com\/it\/2024\/06\/a-gerusalemme-non-solo-pellegrini-ma-anche-aiuti-concreti-intervista-a-ottani\/#primaryimage"},"image":{"@id":"https:\/\/www.pressenza.com\/it\/2024\/06\/a-gerusalemme-non-solo-pellegrini-ma-anche-aiuti-concreti-intervista-a-ottani\/#primaryimage"},"thumbnailUrl":"https:\/\/www.pressenza.com\/wp-content\/uploads\/2024\/06\/pellgrinaggio-terrasanta_Gerusalemme-6-1024x768-1.jpeg","datePublished":"2024-06-19T15:07:17+00:00","description":"(Agenzia Dire, articolo di Mattia Cecchini, www.dire.it ) GERUSALEMME \u2013 Cos\u00ec speciale da farne una specie di \u2018film\u2019. Il pellegrinaggio in Terra santa","breadcrumb":{"@id":"https:\/\/www.pressenza.com\/it\/2024\/06\/a-gerusalemme-non-solo-pellegrini-ma-anche-aiuti-concreti-intervista-a-ottani\/#breadcrumb"},"inLanguage":"it-IT","potentialAction":[{"@type":"ReadAction","target":["https:\/\/www.pressenza.com\/it\/2024\/06\/a-gerusalemme-non-solo-pellegrini-ma-anche-aiuti-concreti-intervista-a-ottani\/"]}]},{"@type":"ImageObject","inLanguage":"it-IT","@id":"https:\/\/www.pressenza.com\/it\/2024\/06\/a-gerusalemme-non-solo-pellegrini-ma-anche-aiuti-concreti-intervista-a-ottani\/#primaryimage","url":"https:\/\/www.pressenza.com\/wp-content\/uploads\/2024\/06\/pellgrinaggio-terrasanta_Gerusalemme-6-1024x768-1.jpeg","contentUrl":"https:\/\/www.pressenza.com\/wp-content\/uploads\/2024\/06\/pellgrinaggio-terrasanta_Gerusalemme-6-1024x768-1.jpeg","width":1024,"height":768},{"@type":"BreadcrumbList","@id":"https:\/\/www.pressenza.com\/it\/2024\/06\/a-gerusalemme-non-solo-pellegrini-ma-anche-aiuti-concreti-intervista-a-ottani\/#breadcrumb","itemListElement":[{"@type":"ListItem","position":1,"name":"Accueil","item":"https:\/\/www.pressenza.com\/it\/"},{"@type":"ListItem","position":2,"name":"A Gerusalemme non solo pellegrini ma anche aiuti concreti. Intervista a Ottani"}]},{"@type":"WebSite","@id":"https:\/\/www.pressenza.com\/it\/#website","url":"https:\/\/www.pressenza.com\/it\/","name":"Pressenza","description":"Agenzia di Stampa Internazionale","publisher":{"@id":"https:\/\/www.pressenza.com\/it\/#organization"},"potentialAction":[{"@type":"SearchAction","target":{"@type":"EntryPoint","urlTemplate":"https:\/\/www.pressenza.com\/it\/?s={search_term_string}"},"query-input":{"@type":"PropertyValueSpecification","valueRequired":true,"valueName":"search_term_string"}}],"inLanguage":"it-IT"},{"@type":"Organization","@id":"https:\/\/www.pressenza.com\/it\/#organization","name":"Pressenza","url":"https:\/\/www.pressenza.com\/it\/","logo":{"@type":"ImageObject","inLanguage":"it-IT","@id":"https:\/\/www.pressenza.com\/it\/#\/schema\/logo\/image\/","url":"https:\/\/www.pressenza.com\/wp-content\/uploads\/2022\/10\/pressenza_logo_200x200.jpg","contentUrl":"https:\/\/www.pressenza.com\/wp-content\/uploads\/2022\/10\/pressenza_logo_200x200.jpg","width":200,"height":200,"caption":"Pressenza"},"image":{"@id":"https:\/\/www.pressenza.com\/it\/#\/schema\/logo\/image\/"},"sameAs":["https:\/\/www.facebook.com\/PressenzaItalia","https:\/\/x.com\/PressenzaIPA"]},{"@type":"Person","@id":"https:\/\/www.pressenza.com\/it\/#\/schema\/person\/bb13dad7d75de3f57ef0c4246101316b","name":"Agenzia DIRE","description":"La DIRE \u00e8 una delle principali agenzie di stampa nazionali, trasmette sui propri notiziari multimediali tutte le notizie dell'ultimo minuto, approfondimenti, interviste, newsletter tematiche. Specializzata in politiche parlamentari e di governo, oltre che esteri, sanit\u00e0, ambiente, welfare, politiche regionali e locali, giovani. Su Dire.it pubblica, ogni giorno, tutte le principali notizie. E' presente su tutto il territorio nazionale con sei sedi, cinquanta giornalisti e corrispondenti da tutte le regioni.","sameAs":["http:\/\/www.dire.it\/"],"url":"https:\/\/www.pressenza.com\/it\/author\/agenzia-dire\/"}]}},"place":"","original_article_url":"","_links":{"self":[{"href":"https:\/\/www.pressenza.com\/it\/wp-json\/wp\/v2\/posts\/2531526","targetHints":{"allow":["GET"]}}],"collection":[{"href":"https:\/\/www.pressenza.com\/it\/wp-json\/wp\/v2\/posts"}],"about":[{"href":"https:\/\/www.pressenza.com\/it\/wp-json\/wp\/v2\/types\/post"}],"author":[{"embeddable":true,"href":"https:\/\/www.pressenza.com\/it\/wp-json\/wp\/v2\/users\/1478"}],"replies":[{"embeddable":true,"href":"https:\/\/www.pressenza.com\/it\/wp-json\/wp\/v2\/comments?post=2531526"}],"version-history":[{"count":0,"href":"https:\/\/www.pressenza.com\/it\/wp-json\/wp\/v2\/posts\/2531526\/revisions"}],"wp:featuredmedia":[{"embeddable":true,"href":"https:\/\/www.pressenza.com\/it\/wp-json\/wp\/v2\/media\/2531527"}],"wp:attachment":[{"href":"https:\/\/www.pressenza.com\/it\/wp-json\/wp\/v2\/media?parent=2531526"}],"wp:term":[{"taxonomy":"category","embeddable":true,"href":"https:\/\/www.pressenza.com\/it\/wp-json\/wp\/v2\/categories?post=2531526"},{"taxonomy":"post_tag","embeddable":true,"href":"https:\/\/www.pressenza.com\/it\/wp-json\/wp\/v2\/tags?post=2531526"}],"curies":[{"name":"wp","href":"https:\/\/api.w.org\/{rel}","templated":true}]}}