{"id":2531518,"date":"2024-06-19T13:57:55","date_gmt":"2024-06-19T12:57:55","guid":{"rendered":"https:\/\/www.pressenza.com\/?p=2531518"},"modified":"2024-06-19T13:59:06","modified_gmt":"2024-06-19T12:59:06","slug":"verso-una-giusta-tassa-sui-super-ricchi-il-manifesto-degli-economisti","status":"publish","type":"post","link":"https:\/\/www.pressenza.com\/it\/2024\/06\/verso-una-giusta-tassa-sui-super-ricchi-il-manifesto-degli-economisti\/","title":{"rendered":"Verso una giusta tassa sui super ricchi. Il Manifesto degli economisti"},"content":{"rendered":"<p class=\"western\" align=\"JUSTIFY\"><span style=\"color: #333333;\"><span style=\"font-family: Times New Roman, serif;\"><span style=\"font-size: medium;\">In Italia, poco meno di 50.000 persone (0,1% degli italiani pi\u00f9 ricchi) hanno ricchezza tre volte superiore a quella di 25 milioni di Italiani poveri. Si tratta di divari di lungo corso, che &#8211; come sottolinea <\/span><\/span><\/span><span style=\"color: #333333;\"><span style=\"font-family: Times New Roman, serif;\"><span style=\"font-size: medium;\"><b>Oxfam<\/b><\/span><\/span><\/span><span style=\"color: #333333;\"><span style=\"font-family: Times New Roman, serif;\"><span style=\"font-size: medium;\"> &#8211; oggi superano il livello di guardia e sono dannosi e pericolosi, perch\u00e9 \u201c<\/span><\/span><\/span><span style=\"color: #333333;\"><span style=\"font-family: Times New Roman, serif;\"><span style=\"font-size: medium;\"><i>figli di una partita truccata in cui alla lunga perdono tutti<\/i><\/span><\/span><\/span><span style=\"color: #333333;\"><span style=\"font-family: Times New Roman, serif;\"><span style=\"font-size: medium;\">.\u201d Si tratta di disuguaglianze che comunque <\/span><\/span><\/span><strong><span style=\"color: #333333;\"><span style=\"font-family: Times New Roman, serif;\"><span style=\"font-size: medium;\">non sono casuali, ma il risultato delle scelte di politica pubblica che hanno prodotto negli ultimi decenni profondi mutamenti nella distribuzione di risorse tra i cittadini. Disuguaglianze che si possono avviare a superamento, chiedendo di ridistribuire la ricchezza <\/span><\/span><\/span><\/strong><span style=\"color: #333333;\"><span style=\"font-family: Times New Roman, serif;\"><span style=\"font-size: medium;\">per una <\/span><\/span><\/span><strong><span style=\"color: #333333;\"><span style=\"font-family: Times New Roman, serif;\"><span style=\"font-size: medium;\">societ\u00e0 pi\u00f9 giusta e solidale.<\/span><\/span><\/span><\/strong><b> <\/b><\/p>\n<p class=\"western\" align=\"JUSTIFY\"><strong><span style=\"color: #333333;\"><span style=\"font-family: Times New Roman, serif;\"><span style=\"font-size: medium;\">E proprio <\/span><\/span><\/span><\/strong><strong><span style=\"color: #333333;\"><span style=\"font-family: Times New Roman, serif;\"><span style=\"font-size: medium;\"><b>Oxfam <\/b><\/span><\/span><\/span><\/strong><strong><span style=\"color: #333333;\"><span style=\"font-family: Times New Roman, serif;\"><span style=\"font-size: medium;\">ha lanciato tempo fa<\/span><\/span><\/span><\/strong><span style=\"color: #333333;\"><span style=\"font-family: Times New Roman, serif;\"><span style=\"font-size: medium;\"> la petizione <\/span><\/span><\/span><span style=\"color: #333333;\"><span style=\"font-family: Times New Roman, serif;\"><span style=\"font-size: medium;\"><b>#LaGrandeRicchezza<\/b><\/span><\/span><\/span><span style=\"color: #333333;\"><span style=\"font-family: Times New Roman, serif;\"><span style=\"font-size: medium;\"> per chiedere all\u2019<\/span><\/span><\/span><span style=\"color: #333333;\"><span style=\"font-family: Times New Roman, serif;\"><span style=\"font-size: medium;\"><b>Unione Europea<\/b><\/span><\/span><\/span><span style=\"color: #333333;\"><span style=\"font-family: Times New Roman, serif;\"><span style=\"font-size: medium;\"> l\u2019introduzione di un\u2019<\/span><\/span><\/span><strong><span style=\"color: #333333;\"><span style=\"font-family: Times New Roman, serif;\"><span style=\"font-size: medium;\"><b>imposta europea sui grandi patrimoni <\/b><\/span><\/span><\/span><\/strong><strong><span style=\"color: #333333;\"><span style=\"font-family: Times New Roman, serif;\"><span style=\"font-size: medium;\">(i<\/span><\/span><\/span><\/strong><strong><span style=\"color: #000000;\"><span style=\"font-family: Times New Roman, serif;\"><span style=\"font-size: medium;\">n Europa sono circa 215 mila le firme gi\u00e0 raccolte in due mesi per chiedere alla Commissione europea l\u2019istituzione di un\u2019imposta europea sui grandi patrimoni).<\/span><\/span><\/span><\/strong> <span style=\"color: #333333;\"><span style=\"font-family: Times New Roman, serif;\"><span style=\"font-size: medium;\">Una imposta che applicata ad esempio a quei 50 mila italiani pi\u00f9 ricchi, con un patrimonio netto al di sopra dei 5,4 milioni di euro, potrebbe produrre risorse fino a 16 miliardi di euro all\u2019anno! <\/span><\/span><\/span><\/p>\n<p align=\"JUSTIFY\"><span style=\"color: #333333;\"><span style=\"font-family: Times New Roman, serif;\"><span style=\"font-size: medium;\">Nel recente <\/span><\/span><\/span><span style=\"color: #333333;\"><span style=\"font-family: Times New Roman, serif;\"><span style=\"font-size: medium;\"><b>G7<\/b><\/span><\/span><\/span><span style=\"color: #333333;\"><span style=\"font-family: Times New Roman, serif;\"><span style=\"font-size: medium;\"> presso il \u201c<\/span><\/span><\/span><span style=\"color: #333333;\"><span style=\"font-family: Times New Roman, serif;\"><span style=\"font-size: medium;\"><i>non luogo<\/i><\/span><\/span><\/span><span style=\"color: #333333;\"><span style=\"font-family: Times New Roman, serif;\"><span style=\"font-size: medium;\">\u201d chiamato <\/span><\/span><\/span><span style=\"color: #333333;\"><span style=\"font-family: Times New Roman, serif;\"><span style=\"font-size: medium;\"><b>Borgo Egnazia<\/b><\/span><\/span><\/span><span style=\"color: #333333;\"><span style=\"font-family: Times New Roman, serif;\"><span style=\"font-size: medium;\">, per la prima volta in cinquant\u2019anni, si \u00e8 parlato di <\/span><\/span><\/span><strong><span style=\"color: #333333;\"><span style=\"font-family: Times New Roman, serif;\"><span style=\"font-size: medium;\"><b>tassazione dei super-ricchi <\/b><\/span><\/span><\/span><\/strong><span style=\"color: #333333;\"><span style=\"font-family: Times New Roman, serif;\"><span style=\"font-size: medium;\">nella dichiarazione finale. Ed \u00e8 questo l\u2019unico aspetto positivo del Summit.<\/span><\/span><\/span><\/p>\n<p align=\"JUSTIFY\"><span style=\"color: #333333;\">\u201c<span style=\"font-family: Times New Roman, serif;\"><span style=\"font-size: medium;\">In questi giorni, sottolinea <\/span><\/span><\/span><span style=\"color: #333333;\"><span style=\"font-family: Times New Roman, serif;\"><span style=\"font-size: medium;\"><b>Oxfam Italia<\/b><\/span><\/span><\/span><span style=\"color: #333333;\"><span style=\"font-family: Times New Roman, serif;\"><span style=\"font-size: medium;\">, abbiamo seguito il Summit da vicino: ai leader del G7 abbiamo portato le nostre istanze e le richieste delle oltre 70 mila voci che in questi mesi si sono levate con noi per chiedere un <\/span><\/span><\/span><strong><span style=\"color: #000000;\"><span style=\"font-family: Times New Roman, serif;\"><span style=\"font-size: medium;\">cessate il fuoco a Gaza <\/span><\/span><\/span><\/strong><span style=\"color: #000000;\"><span style=\"font-family: Times New Roman, serif;\"><span style=\"font-size: medium;\">e la fine della spirale di violenza che sta continuando a mietere vite innocenti. Nel comunicato conclusivo del G7, i capi di stato hanno concordato sulla necessit\u00e0 di<\/span><\/span><\/span><strong><span style=\"color: #000000;\"><span style=\"font-family: Times New Roman, serif;\"><span style=\"font-size: medium;\"> aumentare le imposte sui pi\u00f9 ricchi<\/span><\/span><\/span><\/strong><span style=\"color: #000000;\"><span style=\"font-family: Times New Roman, serif;\"><span style=\"font-size: medium;\">, seguendo le richieste della maggioranza dei cittadini che chiedono una tassazione personale pi\u00f9 equa e progressiva. <\/span><\/span><\/span><strong><span style=\"color: #000000;\"><span style=\"font-family: Times New Roman, serif;\"><span style=\"font-size: medium;\">In molti paesi, infatti, i ricchi versano oggi, in proporzione al reddito o patrimonio, meno imposte rispetto dei contribuenti con redditi pi\u00f9 modesti o patrimoni pi\u00f9 piccoli<\/span><\/span><\/span><\/strong><span style=\"color: #000000;\"><span style=\"font-family: Times New Roman, serif;\"><span style=\"font-size: medium;\">. Si tratta di un importante presa d\u2019atto, ma non basta. Per questo <\/span><\/span><\/span><strong><span style=\"color: #000000;\"><span style=\"font-family: Times New Roman, serif;\"><span style=\"font-size: medium;\">i leader del G7 devono ora dar prova del loro pieno sostegno all\u2019adozione di un\u2019agenda internazionale per la tassazione delle persone ultra-ricche<\/span><\/span><\/span><\/strong><span style=\"color: #000000;\"><span style=\"font-family: Times New Roman, serif;\"><span style=\"font-size: medium;\">, promossa dalla presidenza brasiliana del G20. Questo contribuirebbe a rafforzare l\u2019equit\u00e0 dei sistemi fiscali, ridurre le disuguaglianze e generare risorse cruciali per finanziare i crescenti bisogni sociali e la lotta al cambiamento climatico.\u201d<\/span><\/span><\/span><\/p>\n<p align=\"JUSTIFY\"><span style=\"font-family: Calibri, sans-serif;\"><span style=\"font-size: small;\"><span style=\"color: #000000;\"><span style=\"font-family: Times New Roman, serif;\"><span style=\"font-size: medium;\">E, intanto, sono gi\u00e0 154 gli economisti che hanno aderito all\u2019iniziativa lanciata da <\/span><\/span><\/span><span style=\"color: #000000;\"><span style=\"font-family: Times New Roman, serif;\"><span style=\"font-size: medium;\"><b>Oxfam Italia<\/b><\/span><\/span><\/span><span style=\"color: #000000;\"><span style=\"font-family: Times New Roman, serif;\"><span style=\"font-size: medium;\">, elaborando anche alcune proposte per una maggiore equit\u00e0 fiscale generale.<\/span><\/span><\/span> <strong><span style=\"color: #000000;\"><span style=\"font-family: Times New Roman, serif;\"><span style=\"font-size: medium;\"><b>Il <\/b><\/span><\/span><\/span><\/strong><strong><a href=\"https:\/\/www.oxfamitalia.org\/wp-content\/uploads\/2024\/05\/Manifesto-TaxTheRich_DEF_26.04.2024.docx-1.pdf\" target=\"_blank\" rel=\"noopener\"><span style=\"font-family: Times New Roman, serif;\"><span style=\"font-size: medium;\">Manifesto<\/span><\/span><\/a><\/strong><u><b> <\/b><\/u><strong><span style=\"color: #000000;\"><span style=\"font-family: Times New Roman, serif;\"><span style=\"font-size: medium;\">redatto e sottoscritto da economiste ed economisti autorevoli <\/span><\/span><\/span><\/strong><span style=\"color: #000000;\"><span style=\"font-family: Times New Roman, serif;\"><span style=\"font-size: medium;\">spiega gli scopi dell\u2019obiettivo di una <\/span><\/span><\/span><span style=\"color: #000000;\"><span style=\"font-family: Times New Roman, serif;\"><span style=\"font-size: medium;\"><b>Agenda italiana <\/b><\/span><\/span><\/span><em><span style=\"color: #000000;\"><span style=\"font-family: Times New Roman, serif;\"><span style=\"font-size: medium;\"><b>Tax the rich<\/b><\/span><\/span><\/span><\/em><em><span style=\"color: #000000;\"><span style=\"font-family: Times New Roman, serif;\"><span style=\"font-size: medium;\">. Una proposta rilanciata anche dal presidente Brasiliano <\/span><\/span><\/span><\/em><em><span style=\"color: #000000;\"><span style=\"font-family: Times New Roman, serif;\"><span style=\"font-size: medium;\"><b>Luiz In\u00e1cio Lula da Silva<\/b><\/span><\/span><\/span><\/em><em><span style=\"color: #000000;\"><span style=\"font-family: Times New Roman, serif;\"><span style=\"font-size: medium;\">, il quale ha annunciato, allo scorso <\/span><\/span><\/span><\/em><em><span style=\"color: #000000;\"><span style=\"font-family: Times New Roman, serif;\"><span style=\"font-size: medium;\"><b>G7 Finanze<\/b><\/span><\/span><\/span><\/em><em><span style=\"color: #000000;\"><span style=\"font-family: Times New Roman, serif;\"><span style=\"font-size: medium;\">, che la porr\u00e0 sul tavolo del prossimo <\/span><\/span><\/span><\/em><em><span style=\"color: #000000;\"><span style=\"font-family: Times New Roman, serif;\"><span style=\"font-size: medium;\"><b>G20 a Rio de Janeiro<\/b><\/span><\/span><\/span><\/em><em><span style=\"color: #000000;\"><span style=\"font-family: Times New Roman, serif;\"><span style=\"font-size: medium;\">. La proposta che<\/span><\/span><\/span><\/em><em><span style=\"color: #000000;\"><span style=\"font-family: Times New Roman, serif;\"><span style=\"font-size: medium;\"><b> Lula<\/b><\/span><\/span><\/span><\/em><em><span style=\"color: #000000;\"><span style=\"font-family: Times New Roman, serif;\"><span style=\"font-size: medium;\"> porter\u00e0 al <\/span><\/span><\/span><\/em><em><span style=\"color: #000000;\"><span style=\"font-family: Times New Roman, serif;\"><span style=\"font-size: medium;\"><b>G20<\/b><\/span><\/span><\/span><\/em><em><span style=\"color: #000000;\"><span style=\"font-family: Times New Roman, serif;\"><span style=\"font-size: medium;\"> \u00e8 supportata tecnicamente<\/span><\/span><\/span><\/em><em><span style=\"color: #000000;\"><span style=\"font-family: Times New Roman, serif;\"><span style=\"font-size: medium;\"> dall\u2019economista francese <\/span><\/span><\/span><\/em><em><span style=\"color: #000000;\"><span style=\"font-family: Times New Roman, serif;\"><span style=\"font-size: medium;\"><b>Gabriel Zucman<\/b><\/span><\/span><\/span><\/em><em><span style=\"color: #000000;\"><span style=\"font-family: Times New Roman, serif;\"><span style=\"font-size: medium;\">, direttore dell\u2019<\/span><\/span><\/span><\/em><em><span style=\"color: #000000;\"><span style=\"font-family: Times New Roman, serif;\"><span style=\"font-size: medium;\"><b>Osservatorio fiscale dell\u2019Ue<\/b><\/span><\/span><\/span><\/em><em><span style=\"color: #000000;\"><span style=\"font-family: Times New Roman, serif;\"><span style=\"font-size: medium;\">, il cui recente rapporto ha evidenziato che un&#8217;aliquota minima sul patrimonio dei miliardari pari al 2% del loro patrimonio combatterebbe questa evasione e genererebbe quasi 250 miliardi di dollari tassando meno di 3.000 individui. Si potrebbe pensare a un contributo in fondo minimo, ma senza dubbio sarebbe un passo avanti se si pensa che le stime dicono che attualmente <\/span><\/span><\/span><\/em><strong><span style=\"color: #000000;\"><span style=\"font-family: Times New Roman, serif;\"><span style=\"font-size: medium;\"><b>i miliardari globali abbiano aliquote \ufb01scali e\ufb00ettive pari allo 0% &#8211; 0,5% del loro reddito<\/b><\/span><\/span><\/span><\/strong><em><span style=\"color: #000000;\"><span style=\"font-family: Times New Roman, serif;\"><span style=\"font-size: medium;\">. Una sproporzione senza pari se si pensa ai prelievi fiscali che un lavoratore trova mensilmente nella sua busta paga.<\/span><\/span><\/span><\/em><\/span><\/span><\/p>\n<p align=\"JUSTIFY\"><span style=\"color: #000000;\"><span style=\"font-family: Times New Roman, serif;\"><span style=\"font-size: medium;\">Il Manifesto affronta innanzitutto il tema dell\u2019aumento dell\u2019<\/span><\/span><\/span><strong><span style=\"color: #000000;\"><span style=\"font-family: Times New Roman, serif;\"><span style=\"font-size: medium;\"><b>equit\u00e0 del sistema fiscale italiano, quindi la garanzia di maggiore sostenibilit\u00e0 alle finanze pubbliche, <\/b><\/span><\/span><\/span><\/strong><span style=\"color: #000000;\"><span style=\"font-family: Times New Roman, serif;\"><span style=\"font-size: medium;\">il reperimento delle risorse necessarie per stimolare una crescita sostenibile ed inclusiva e il supporto a politiche di mitigazione e adattamento ai cambiamenti climatici. Tutto ci\u00f2 anche attraverso il finanziamento di investimenti nella transizione ecologica giusta, nei beni pubblici essenziali come sanit\u00e0 ed istruzione e nel contrasto all\u2019ampliamento dell\u2019area della vulnerabilit\u00e0 ed esclusione sociale. Nello specifico, il Manifesto propone per il breve periodo l\u2019introduzione di <\/span><\/span><\/span><strong><span style=\"color: #000000;\"><span style=\"font-family: Times New Roman, serif;\"><span style=\"font-size: medium;\"><b>un\u2019imposta progressiva sui grandi patrimoni da applicarsi allo 0,1% pi\u00f9 ricco dei cittadini italiani<\/b><\/span><\/span><\/span><\/strong><span style=\"color: #000000;\"><span style=\"font-family: Times New Roman, serif;\"><span style=\"font-size: medium;\">, titolari di patrimoni netti superiori a 5,4 milioni di euro. Una proposta in linea con l\u2019Iniziativa dei Cittadini Europei su cui \u00e8 in corso la raccolta di firme coordinata da <\/span><\/span><\/span><span style=\"color: #000000;\"><span style=\"font-family: Times New Roman, serif;\"><span style=\"font-size: medium;\"><b>Oxfam Italia<\/b><\/span><\/span><\/span><span style=\"color: #000000;\"><span style=\"font-family: Times New Roman, serif;\"><span style=\"font-size: medium;\"> attraverso la campagna <\/span><\/span><\/span><a href=\"https:\/\/www.oxfamitalia.org\/lagrandericchezza\/?utm_source=slider&amp;utm_medium=WEB&amp;utm_campaign=lagrandericchezza&amp;utm_content=LAN&amp;utm_term=LEA1\" target=\"_blank\" rel=\"noopener\"><span style=\"font-family: Times New Roman, serif;\"><span style=\"font-size: medium;\">LaGrandeRicchezza<\/span><\/span><\/a><span style=\"color: #000000;\"><span style=\"font-family: Times New Roman, serif;\"><span style=\"font-size: medium;\"><u>. <\/u><\/span><\/span><\/span><\/p>\n<p align=\"JUSTIFY\"><span style=\"color: #000000;\"><span style=\"font-family: Times New Roman, serif;\"><span style=\"font-size: medium;\">C&#8217;\u00e8 poi l\u2019aumento del prelievo sulle grandi successioni e donazioni per<\/span><\/span><\/span> <strong><span style=\"color: #000000;\"><span style=\"font-family: Times New Roman, serif;\"><span style=\"font-size: medium;\"><b>ridurre il regime di sostanziale favore sulle risorse ereditate o ricevute in dono<\/b><\/span><\/span><\/span><\/strong><span style=\"color: #000000;\"><span style=\"font-family: Times New Roman, serif;\"><span style=\"font-size: medium;\">, che hanno scarse giustificazioni di merito, contribuiscono a divaricare le opportunit\u00e0 e riducono il dinamismo dell\u2019economia e, infine, l\u2019introduzione di ulteriori scaglioni ed aliquote marginali Irpef per redditi pi\u00f9 elevati. Per il medio periodo viene invece previsto l\u2019ampliamento della base imponibile dell\u2019imposta sui redditi delle persone fisiche a tutti i redditi da lavoro e ai redditi da capitale finanziario, con la conseguente abolizione dei regimi sostitutivi. Questo comporterebbe <\/span><\/span><\/span><strong><span style=\"color: #000000;\"><span style=\"font-family: Times New Roman, serif;\"><span style=\"font-size: medium;\"><b>il passaggio a una tassazione personale onnicomprensiva<\/b><\/span><\/span><\/span><\/strong><span style=\"color: #000000;\"><span style=\"font-family: Times New Roman, serif;\"><span style=\"font-size: medium;\">, e assicurerebbe, visto l\u2019elevato grado di concentrazione dei redditi finanziari, una maggiore equit\u00e0 distributiva. Tra le proposte messe in campo anche la revisione del <\/span><\/span><\/span><strong><span style=\"color: #000000;\"><span style=\"font-family: Times New Roman, serif;\"><span style=\"font-size: medium;\"><b>prelievo sui redditi e sui patrimoni immobiliari per aumentarne l\u2019equit\u00e0 verticale e orizzontale<\/b><\/span><\/span><\/span><\/strong><span style=\"color: #000000;\"><span style=\"font-family: Times New Roman, serif;\"><span style=\"font-size: medium;\">. Un punto per il quale l\u2019aggiornamento del catasto, annoso problema del nostro Paese, \u00e8 dato come precondizione necessaria, perch\u00e9 oggi il valore di mercato degli immobili \u00e8, nella media nazionale, di circa 3 volte superiore al valore catastale, con un rapporto pi\u00f9 alto in aree ricche del paese e per immobili dal valore di mercato pi\u00f9 elevato.<\/span><\/span><\/span><\/p>\n<h2 class=\"western\"><a href=\"https:\/\/www.oxfamitalia.org\/wp-content\/uploads\/2024\/05\/Manifesto-TaxTheRich_DEF_26.04.2024.docx-1.pdf\"><span style=\"color: #000000;\"><span style=\"font-family: Times New Roman, serif;\"><span style=\"font-size: medium;\"><b>Qui <\/b><\/span><\/span><\/span><\/a><span style=\"color: #000000;\"><span style=\"font-family: Times New Roman, serif;\"><span style=\"font-size: medium;\">il Manifesto <\/span><\/span><\/span><\/h2>\n<p><a href=\"https:\/\/eci.ec.europa.eu\/038\/public\/#\/screen\/home\"><span style=\"font-family: Times New Roman, serif;\"><span style=\"font-size: medium;\"><b>Qui<\/b><\/span><\/span><\/a><span style=\"font-family: Times New Roman, serif;\"><span style=\"font-size: medium;\"> la petizione <\/span><\/span><\/p>\n","protected":false},"excerpt":{"rendered":"<p>In Italia, poco meno di 50.000 persone (0,1% degli italiani pi\u00f9 ricchi) hanno ricchezza tre volte superiore a quella di 25 milioni di Italiani poveri. Si tratta di divari di lungo corso, che &#8211; come sottolinea Oxfam &#8211; oggi superano&hellip;<\/p>\n","protected":false},"author":2106,"featured_media":2531519,"comment_status":"closed","ping_status":"closed","sticky":false,"template":"","format":"standard","meta":{"footnotes":""},"categories":[11388,62,47],"tags":[123935,38813,10576],"class_list":["post-2531518","post","type-post","status-publish","format-standard","has-post-thumbnail","hentry","category-contenuti-originali","category-economia","category-europa","tag-divario-economico","tag-ricchezza","tag-super-ricchi"],"yoast_head":"<!-- This site is optimized with the Yoast SEO plugin v27.1.1 - https:\/\/yoast.com\/product\/yoast-seo-wordpress\/ -->\n<title>Verso una giusta tassa sui super ricchi. Il Manifesto degli economisti<\/title>\n<meta name=\"description\" content=\"In Italia meno di 50.000 persone hanno ricchezza tre volte superiore a quella di 25 milioni di Italiani poveri. Si tratta di divari di lungo corso che superano il livello di guardia e sono pericolosi perch\u00e9 \u201cfigli di una partita truccata in cui alla lunga perdono tutti\u201d\" \/>\n<meta name=\"robots\" content=\"index, follow, max-snippet:-1, max-image-preview:large, max-video-preview:-1\" \/>\n<link rel=\"canonical\" href=\"https:\/\/www.pressenza.com\/it\/2024\/06\/verso-una-giusta-tassa-sui-super-ricchi-il-manifesto-degli-economisti\/\" \/>\n<meta property=\"og:locale\" content=\"it_IT\" \/>\n<meta property=\"og:type\" content=\"article\" \/>\n<meta property=\"og:title\" content=\"Verso una giusta tassa sui super ricchi. Il Manifesto degli economisti\" \/>\n<meta property=\"og:description\" content=\"In Italia meno di 50.000 persone hanno ricchezza tre volte superiore a quella di 25 milioni di Italiani poveri. Si tratta di divari di lungo corso che superano il livello di guardia e sono pericolosi perch\u00e9 \u201cfigli di una partita truccata in cui alla lunga perdono tutti\u201d\" \/>\n<meta property=\"og:url\" content=\"https:\/\/www.pressenza.com\/it\/2024\/06\/verso-una-giusta-tassa-sui-super-ricchi-il-manifesto-degli-economisti\/\" \/>\n<meta property=\"og:site_name\" content=\"Pressenza\" \/>\n<meta property=\"article:publisher\" content=\"https:\/\/www.facebook.com\/PressenzaItalia\" \/>\n<meta property=\"article:published_time\" content=\"2024-06-19T12:57:55+00:00\" \/>\n<meta property=\"article:modified_time\" content=\"2024-06-19T12:59:06+00:00\" \/>\n<meta property=\"og:image\" content=\"https:\/\/www.pressenza.com\/wp-content\/uploads\/2024\/06\/Divario-economico.jpg\" \/>\n\t<meta property=\"og:image:width\" content=\"820\" \/>\n\t<meta property=\"og:image:height\" content=\"473\" \/>\n\t<meta property=\"og:image:type\" content=\"image\/jpeg\" \/>\n<meta name=\"author\" content=\"Giovanni Caprio\" \/>\n<meta name=\"twitter:card\" content=\"summary_large_image\" \/>\n<meta name=\"twitter:creator\" content=\"@PressenzaIPA\" \/>\n<meta name=\"twitter:site\" content=\"@PressenzaIPA\" \/>\n<meta name=\"twitter:label1\" content=\"Scritto da\" \/>\n\t<meta name=\"twitter:data1\" content=\"Giovanni Caprio\" \/>\n\t<meta name=\"twitter:label2\" content=\"Tempo di lettura stimato\" \/>\n\t<meta name=\"twitter:data2\" content=\"6 minuti\" \/>\n<script type=\"application\/ld+json\" class=\"yoast-schema-graph\">{\"@context\":\"https:\/\/schema.org\",\"@graph\":[{\"@type\":\"Article\",\"@id\":\"https:\/\/www.pressenza.com\/it\/2024\/06\/verso-una-giusta-tassa-sui-super-ricchi-il-manifesto-degli-economisti\/#article\",\"isPartOf\":{\"@id\":\"https:\/\/www.pressenza.com\/it\/2024\/06\/verso-una-giusta-tassa-sui-super-ricchi-il-manifesto-degli-economisti\/\"},\"author\":{\"name\":\"Giovanni Caprio\",\"@id\":\"https:\/\/www.pressenza.com\/it\/#\/schema\/person\/841c36a613f4f6e80f5fbc9c1f8c32c8\"},\"headline\":\"Verso una giusta tassa sui super ricchi. Il Manifesto degli economisti\",\"datePublished\":\"2024-06-19T12:57:55+00:00\",\"dateModified\":\"2024-06-19T12:59:06+00:00\",\"mainEntityOfPage\":{\"@id\":\"https:\/\/www.pressenza.com\/it\/2024\/06\/verso-una-giusta-tassa-sui-super-ricchi-il-manifesto-degli-economisti\/\"},\"wordCount\":965,\"publisher\":{\"@id\":\"https:\/\/www.pressenza.com\/it\/#organization\"},\"image\":{\"@id\":\"https:\/\/www.pressenza.com\/it\/2024\/06\/verso-una-giusta-tassa-sui-super-ricchi-il-manifesto-degli-economisti\/#primaryimage\"},\"thumbnailUrl\":\"https:\/\/www.pressenza.com\/wp-content\/uploads\/2024\/06\/Divario-economico.jpg\",\"keywords\":[\"divario economico\",\"ricchezza\",\"super-ricchi\"],\"articleSection\":[\"contenuti originali\",\"Economia\",\"Europa\"],\"inLanguage\":\"it-IT\"},{\"@type\":\"WebPage\",\"@id\":\"https:\/\/www.pressenza.com\/it\/2024\/06\/verso-una-giusta-tassa-sui-super-ricchi-il-manifesto-degli-economisti\/\",\"url\":\"https:\/\/www.pressenza.com\/it\/2024\/06\/verso-una-giusta-tassa-sui-super-ricchi-il-manifesto-degli-economisti\/\",\"name\":\"Verso una giusta tassa sui super ricchi. Il Manifesto degli economisti\",\"isPartOf\":{\"@id\":\"https:\/\/www.pressenza.com\/it\/#website\"},\"primaryImageOfPage\":{\"@id\":\"https:\/\/www.pressenza.com\/it\/2024\/06\/verso-una-giusta-tassa-sui-super-ricchi-il-manifesto-degli-economisti\/#primaryimage\"},\"image\":{\"@id\":\"https:\/\/www.pressenza.com\/it\/2024\/06\/verso-una-giusta-tassa-sui-super-ricchi-il-manifesto-degli-economisti\/#primaryimage\"},\"thumbnailUrl\":\"https:\/\/www.pressenza.com\/wp-content\/uploads\/2024\/06\/Divario-economico.jpg\",\"datePublished\":\"2024-06-19T12:57:55+00:00\",\"dateModified\":\"2024-06-19T12:59:06+00:00\",\"description\":\"In Italia meno di 50.000 persone hanno ricchezza tre volte superiore a quella di 25 milioni di Italiani poveri. Si tratta di divari di lungo corso che superano il livello di guardia e sono pericolosi perch\u00e9 \u201cfigli di una partita truccata in cui alla lunga perdono tutti\u201d\",\"breadcrumb\":{\"@id\":\"https:\/\/www.pressenza.com\/it\/2024\/06\/verso-una-giusta-tassa-sui-super-ricchi-il-manifesto-degli-economisti\/#breadcrumb\"},\"inLanguage\":\"it-IT\",\"potentialAction\":[{\"@type\":\"ReadAction\",\"target\":[\"https:\/\/www.pressenza.com\/it\/2024\/06\/verso-una-giusta-tassa-sui-super-ricchi-il-manifesto-degli-economisti\/\"]}]},{\"@type\":\"ImageObject\",\"inLanguage\":\"it-IT\",\"@id\":\"https:\/\/www.pressenza.com\/it\/2024\/06\/verso-una-giusta-tassa-sui-super-ricchi-il-manifesto-degli-economisti\/#primaryimage\",\"url\":\"https:\/\/www.pressenza.com\/wp-content\/uploads\/2024\/06\/Divario-economico.jpg\",\"contentUrl\":\"https:\/\/www.pressenza.com\/wp-content\/uploads\/2024\/06\/Divario-economico.jpg\",\"width\":820,\"height\":473},{\"@type\":\"BreadcrumbList\",\"@id\":\"https:\/\/www.pressenza.com\/it\/2024\/06\/verso-una-giusta-tassa-sui-super-ricchi-il-manifesto-degli-economisti\/#breadcrumb\",\"itemListElement\":[{\"@type\":\"ListItem\",\"position\":1,\"name\":\"Accueil\",\"item\":\"https:\/\/www.pressenza.com\/it\/\"},{\"@type\":\"ListItem\",\"position\":2,\"name\":\"Verso una giusta tassa sui super ricchi. Il Manifesto degli economisti\"}]},{\"@type\":\"WebSite\",\"@id\":\"https:\/\/www.pressenza.com\/it\/#website\",\"url\":\"https:\/\/www.pressenza.com\/it\/\",\"name\":\"Pressenza\",\"description\":\"Agenzia di Stampa Internazionale\",\"publisher\":{\"@id\":\"https:\/\/www.pressenza.com\/it\/#organization\"},\"potentialAction\":[{\"@type\":\"SearchAction\",\"target\":{\"@type\":\"EntryPoint\",\"urlTemplate\":\"https:\/\/www.pressenza.com\/it\/?s={search_term_string}\"},\"query-input\":{\"@type\":\"PropertyValueSpecification\",\"valueRequired\":true,\"valueName\":\"search_term_string\"}}],\"inLanguage\":\"it-IT\"},{\"@type\":\"Organization\",\"@id\":\"https:\/\/www.pressenza.com\/it\/#organization\",\"name\":\"Pressenza\",\"url\":\"https:\/\/www.pressenza.com\/it\/\",\"logo\":{\"@type\":\"ImageObject\",\"inLanguage\":\"it-IT\",\"@id\":\"https:\/\/www.pressenza.com\/it\/#\/schema\/logo\/image\/\",\"url\":\"https:\/\/www.pressenza.com\/wp-content\/uploads\/2022\/10\/pressenza_logo_200x200.jpg\",\"contentUrl\":\"https:\/\/www.pressenza.com\/wp-content\/uploads\/2022\/10\/pressenza_logo_200x200.jpg\",\"width\":200,\"height\":200,\"caption\":\"Pressenza\"},\"image\":{\"@id\":\"https:\/\/www.pressenza.com\/it\/#\/schema\/logo\/image\/\"},\"sameAs\":[\"https:\/\/www.facebook.com\/PressenzaItalia\",\"https:\/\/x.com\/PressenzaIPA\"]},{\"@type\":\"Person\",\"@id\":\"https:\/\/www.pressenza.com\/it\/#\/schema\/person\/841c36a613f4f6e80f5fbc9c1f8c32c8\",\"name\":\"Giovanni Caprio\",\"description\":\"Pubblicista, gi\u00e0 dirigente di istituzioni pubbliche e di fondazioni private. Si occupa di beni comuni, partecipazione e governo del territorio.\",\"url\":\"https:\/\/www.pressenza.com\/it\/author\/giovanni-caprio\/\"}]}<\/script>\n<!-- \/ Yoast SEO plugin. -->","yoast_head_json":{"title":"Verso una giusta tassa sui super ricchi. Il Manifesto degli economisti","description":"In Italia meno di 50.000 persone hanno ricchezza tre volte superiore a quella di 25 milioni di Italiani poveri. Si tratta di divari di lungo corso che superano il livello di guardia e sono pericolosi perch\u00e9 \u201cfigli di una partita truccata in cui alla lunga perdono tutti\u201d","robots":{"index":"index","follow":"follow","max-snippet":"max-snippet:-1","max-image-preview":"max-image-preview:large","max-video-preview":"max-video-preview:-1"},"canonical":"https:\/\/www.pressenza.com\/it\/2024\/06\/verso-una-giusta-tassa-sui-super-ricchi-il-manifesto-degli-economisti\/","og_locale":"it_IT","og_type":"article","og_title":"Verso una giusta tassa sui super ricchi. Il Manifesto degli economisti","og_description":"In Italia meno di 50.000 persone hanno ricchezza tre volte superiore a quella di 25 milioni di Italiani poveri. Si tratta di divari di lungo corso che superano il livello di guardia e sono pericolosi perch\u00e9 \u201cfigli di una partita truccata in cui alla lunga perdono tutti\u201d","og_url":"https:\/\/www.pressenza.com\/it\/2024\/06\/verso-una-giusta-tassa-sui-super-ricchi-il-manifesto-degli-economisti\/","og_site_name":"Pressenza","article_publisher":"https:\/\/www.facebook.com\/PressenzaItalia","article_published_time":"2024-06-19T12:57:55+00:00","article_modified_time":"2024-06-19T12:59:06+00:00","og_image":[{"width":820,"height":473,"url":"https:\/\/www.pressenza.com\/wp-content\/uploads\/2024\/06\/Divario-economico.jpg","type":"image\/jpeg"}],"author":"Giovanni Caprio","twitter_card":"summary_large_image","twitter_creator":"@PressenzaIPA","twitter_site":"@PressenzaIPA","twitter_misc":{"Scritto da":"Giovanni Caprio","Tempo di lettura stimato":"6 minuti"},"schema":{"@context":"https:\/\/schema.org","@graph":[{"@type":"Article","@id":"https:\/\/www.pressenza.com\/it\/2024\/06\/verso-una-giusta-tassa-sui-super-ricchi-il-manifesto-degli-economisti\/#article","isPartOf":{"@id":"https:\/\/www.pressenza.com\/it\/2024\/06\/verso-una-giusta-tassa-sui-super-ricchi-il-manifesto-degli-economisti\/"},"author":{"name":"Giovanni Caprio","@id":"https:\/\/www.pressenza.com\/it\/#\/schema\/person\/841c36a613f4f6e80f5fbc9c1f8c32c8"},"headline":"Verso una giusta tassa sui super ricchi. Il Manifesto degli economisti","datePublished":"2024-06-19T12:57:55+00:00","dateModified":"2024-06-19T12:59:06+00:00","mainEntityOfPage":{"@id":"https:\/\/www.pressenza.com\/it\/2024\/06\/verso-una-giusta-tassa-sui-super-ricchi-il-manifesto-degli-economisti\/"},"wordCount":965,"publisher":{"@id":"https:\/\/www.pressenza.com\/it\/#organization"},"image":{"@id":"https:\/\/www.pressenza.com\/it\/2024\/06\/verso-una-giusta-tassa-sui-super-ricchi-il-manifesto-degli-economisti\/#primaryimage"},"thumbnailUrl":"https:\/\/www.pressenza.com\/wp-content\/uploads\/2024\/06\/Divario-economico.jpg","keywords":["divario economico","ricchezza","super-ricchi"],"articleSection":["contenuti originali","Economia","Europa"],"inLanguage":"it-IT"},{"@type":"WebPage","@id":"https:\/\/www.pressenza.com\/it\/2024\/06\/verso-una-giusta-tassa-sui-super-ricchi-il-manifesto-degli-economisti\/","url":"https:\/\/www.pressenza.com\/it\/2024\/06\/verso-una-giusta-tassa-sui-super-ricchi-il-manifesto-degli-economisti\/","name":"Verso una giusta tassa sui super ricchi. Il Manifesto degli economisti","isPartOf":{"@id":"https:\/\/www.pressenza.com\/it\/#website"},"primaryImageOfPage":{"@id":"https:\/\/www.pressenza.com\/it\/2024\/06\/verso-una-giusta-tassa-sui-super-ricchi-il-manifesto-degli-economisti\/#primaryimage"},"image":{"@id":"https:\/\/www.pressenza.com\/it\/2024\/06\/verso-una-giusta-tassa-sui-super-ricchi-il-manifesto-degli-economisti\/#primaryimage"},"thumbnailUrl":"https:\/\/www.pressenza.com\/wp-content\/uploads\/2024\/06\/Divario-economico.jpg","datePublished":"2024-06-19T12:57:55+00:00","dateModified":"2024-06-19T12:59:06+00:00","description":"In Italia meno di 50.000 persone hanno ricchezza tre volte superiore a quella di 25 milioni di Italiani poveri. Si tratta di divari di lungo corso che superano il livello di guardia e sono pericolosi perch\u00e9 \u201cfigli di una partita truccata in cui alla lunga perdono tutti\u201d","breadcrumb":{"@id":"https:\/\/www.pressenza.com\/it\/2024\/06\/verso-una-giusta-tassa-sui-super-ricchi-il-manifesto-degli-economisti\/#breadcrumb"},"inLanguage":"it-IT","potentialAction":[{"@type":"ReadAction","target":["https:\/\/www.pressenza.com\/it\/2024\/06\/verso-una-giusta-tassa-sui-super-ricchi-il-manifesto-degli-economisti\/"]}]},{"@type":"ImageObject","inLanguage":"it-IT","@id":"https:\/\/www.pressenza.com\/it\/2024\/06\/verso-una-giusta-tassa-sui-super-ricchi-il-manifesto-degli-economisti\/#primaryimage","url":"https:\/\/www.pressenza.com\/wp-content\/uploads\/2024\/06\/Divario-economico.jpg","contentUrl":"https:\/\/www.pressenza.com\/wp-content\/uploads\/2024\/06\/Divario-economico.jpg","width":820,"height":473},{"@type":"BreadcrumbList","@id":"https:\/\/www.pressenza.com\/it\/2024\/06\/verso-una-giusta-tassa-sui-super-ricchi-il-manifesto-degli-economisti\/#breadcrumb","itemListElement":[{"@type":"ListItem","position":1,"name":"Accueil","item":"https:\/\/www.pressenza.com\/it\/"},{"@type":"ListItem","position":2,"name":"Verso una giusta tassa sui super ricchi. Il Manifesto degli economisti"}]},{"@type":"WebSite","@id":"https:\/\/www.pressenza.com\/it\/#website","url":"https:\/\/www.pressenza.com\/it\/","name":"Pressenza","description":"Agenzia di Stampa Internazionale","publisher":{"@id":"https:\/\/www.pressenza.com\/it\/#organization"},"potentialAction":[{"@type":"SearchAction","target":{"@type":"EntryPoint","urlTemplate":"https:\/\/www.pressenza.com\/it\/?s={search_term_string}"},"query-input":{"@type":"PropertyValueSpecification","valueRequired":true,"valueName":"search_term_string"}}],"inLanguage":"it-IT"},{"@type":"Organization","@id":"https:\/\/www.pressenza.com\/it\/#organization","name":"Pressenza","url":"https:\/\/www.pressenza.com\/it\/","logo":{"@type":"ImageObject","inLanguage":"it-IT","@id":"https:\/\/www.pressenza.com\/it\/#\/schema\/logo\/image\/","url":"https:\/\/www.pressenza.com\/wp-content\/uploads\/2022\/10\/pressenza_logo_200x200.jpg","contentUrl":"https:\/\/www.pressenza.com\/wp-content\/uploads\/2022\/10\/pressenza_logo_200x200.jpg","width":200,"height":200,"caption":"Pressenza"},"image":{"@id":"https:\/\/www.pressenza.com\/it\/#\/schema\/logo\/image\/"},"sameAs":["https:\/\/www.facebook.com\/PressenzaItalia","https:\/\/x.com\/PressenzaIPA"]},{"@type":"Person","@id":"https:\/\/www.pressenza.com\/it\/#\/schema\/person\/841c36a613f4f6e80f5fbc9c1f8c32c8","name":"Giovanni Caprio","description":"Pubblicista, gi\u00e0 dirigente di istituzioni pubbliche e di fondazioni private. Si occupa di beni comuni, partecipazione e governo del territorio.","url":"https:\/\/www.pressenza.com\/it\/author\/giovanni-caprio\/"}]}},"place":"","original_article_url":"","_links":{"self":[{"href":"https:\/\/www.pressenza.com\/it\/wp-json\/wp\/v2\/posts\/2531518","targetHints":{"allow":["GET"]}}],"collection":[{"href":"https:\/\/www.pressenza.com\/it\/wp-json\/wp\/v2\/posts"}],"about":[{"href":"https:\/\/www.pressenza.com\/it\/wp-json\/wp\/v2\/types\/post"}],"author":[{"embeddable":true,"href":"https:\/\/www.pressenza.com\/it\/wp-json\/wp\/v2\/users\/2106"}],"replies":[{"embeddable":true,"href":"https:\/\/www.pressenza.com\/it\/wp-json\/wp\/v2\/comments?post=2531518"}],"version-history":[{"count":0,"href":"https:\/\/www.pressenza.com\/it\/wp-json\/wp\/v2\/posts\/2531518\/revisions"}],"wp:featuredmedia":[{"embeddable":true,"href":"https:\/\/www.pressenza.com\/it\/wp-json\/wp\/v2\/media\/2531519"}],"wp:attachment":[{"href":"https:\/\/www.pressenza.com\/it\/wp-json\/wp\/v2\/media?parent=2531518"}],"wp:term":[{"taxonomy":"category","embeddable":true,"href":"https:\/\/www.pressenza.com\/it\/wp-json\/wp\/v2\/categories?post=2531518"},{"taxonomy":"post_tag","embeddable":true,"href":"https:\/\/www.pressenza.com\/it\/wp-json\/wp\/v2\/tags?post=2531518"}],"curies":[{"name":"wp","href":"https:\/\/api.w.org\/{rel}","templated":true}]}}