{"id":2531154,"date":"2024-06-17T19:36:12","date_gmt":"2024-06-17T18:36:12","guid":{"rendered":"https:\/\/www.pressenza.com\/?p=2531154"},"modified":"2024-06-20T15:57:21","modified_gmt":"2024-06-20T14:57:21","slug":"un-altro-mondo-e-ancora-possibile","status":"publish","type":"post","link":"https:\/\/www.pressenza.com\/it\/2024\/06\/un-altro-mondo-e-ancora-possibile\/","title":{"rendered":"Un altro mondo \u00e8 ancora possibile"},"content":{"rendered":"<p><em>Riceviamo e volentieri diffondiamo<\/em><\/p>\n<p>Il \u201cTavolo di coordinamento NO G7\u201d esprime un giudizio fortemente negativo sui risultati degli incontri del G7 a Fasano, che si \u00e8 svolto dal 13 al 15 giugno e che ha miseramente partorito solo la decisione di dare all\u2019Ucraina 50 miliardi di dollari, usando gli interessi bancari del sequestro dei soldi russi.<\/p>\n<p>La Meloni ha subito affermato che non si tratta di una confisca, perch\u00e9 ha paura di ritorsioni su interessi economici Italiani ancora fortemente presenti oggi in Russia.<\/p>\n<p>Gli USA d\u2019altro canto incontrano da soli Zelenski e gli assicurano l\u2019impegno militare prossimo in Ucraina rivolto a scatenare una pi\u00f9 che probabile guerra mondiale contro la Russia, impegno che va ad aggiungersi ad un atteggiamento sempre pi\u00f9 pericoloso verso la Cina, a partire dai dazi gi\u00e0 applicati nei paesi dell\u2019Unione Europea sulle macchine elettriche e dall\u2019accusa rivolta alla PRC di essere il maggiore fornitore di armi alla Russia.<\/p>\n<p>I membri del G7 hanno invitato a Fasano altri paesi come Brasile, India e Turchia, nel tentativo di avvicinarli a s\u00e9, ma hanno ottenuto addirittura l\u2019effetto contrario: il Brasile di Lula ha proposto in questa occasione alla Turchia di aderire al BRICS, una organizzazione di paesi alternativa al G7 che raccoglie oltre la met\u00e0 della popolazione mondiale.<\/p>\n<p>Il secondo giorno \u00e8 stato assorbito dalla presenza del Papa che coraggiosamente ha cercato di mettere qualche ostacolo ai pericoli di peggioramento dei conflitti.<\/p>\n<p>La Meloni parla di un grosso riconoscimento per il \u201cpiano Mattei\u201d per l\u2019Africa, ma ancora adesso e gi\u00e0 in tante altre occasioni i paesi Africani hanno affermato che basta con le noccioline: essi asseriscono che hanno diritto di sfruttare le proprie materie prime senza lasciarle a Stati esteri come l\u2019Italia, ad esempio tramite la multinazionale ENI.<\/p>\n<p>Ricordiamo in particolare l\u2019intervento alla cena dei poveri della Comunit\u00e0 Africana di Brindisi, la quale ha sottolineato come delle tantissime guerre presenti oggi in Africa non si parla affatto, proprio mentre persiste l\u2019accaparramento delle risorse da parte delle multinazionali sostenute dai paesi di appartenenza.<\/p>\n<p>Le iniziative che il Tavolo ha realizzato nei giorni del G7 hanno messo a nudo le tante criticit\u00e0 ed hanno sottolineato con la \u201cCena dei Poveri\u201d la differenza sempre pi\u00f9 abissale tra chi accumula crescente ricchezza e chi subisce un impoverimento ogni giorno pi\u00f9 evidente, differenza destinata a inasprire una guerra sociale, economica, militare.<\/p>\n<p>La manifestazione conclusiva del Tavolo svolta a Fasano con migliaia di persone ha visto la partecipazione di decine e decine di movimenti, di associazioni, di sindacati di base; nonostante il clima di paura creato ad arte, hanno partecipato al corteo tanti cittadini di Fasano, in tanti altri sono usciti sui balconi e si sono fermati ai lati delle strade.<\/p>\n<p>La dimostrazione ha espresso il suo forte NO alle guerre, ai cambiamenti climatici, al fatto che si alzano sempre pi\u00f9 muri contro masse di disperati, ad una alimentazione fatta sempre pi\u00f9 di OGM e veleni chimici.<\/p>\n<p>L\u2019assemblea svolta dal Tavolo a Masseria Refrigerio ad Ostuni, la mattina del 15, ha confermato la volont\u00e0 di rimanere uniti per gli ulteriori G7 ministeriali che ci saranno da qui alla fine dell\u2019anno e per le iniziative dei movimenti stessi, come ad esempio gli appuntamenti ad Agosto a Niscemi contro la grande antenna mondiale Muos ed a Messina per dire NO al Ponte.<\/p>\n<p>E\u2019 stata votata nel corso della riunione una mozione contro il nuovo arresto per vecchie manifestazioni No Tav a cui ha partecipato la 78enne Nicoletta Dosio, storica militante dei No Tav, e di Luigi Spera di Palermo per la lotta contro la guerra e la Leonardo, azienda tra i principali produttori di armi a livello mondiale.<\/p>\n<p>L\u2019impegno quindi \u00e8 di continuare a lottare perch\u00e9, come dicevamo a Genova nel 2001, \u201cUn altro mondo \u00e8 possibile\u201d.<\/p>\n<p>Brindisi 17.06.2024<\/p>\n<p>Per il \u201cTavolo di Coordinamento NO G7\u201d Roberto Aprile, Ciccio Lussone, Cosimo Quaranta<\/p>\n<div class=\"post-gallery\">\n\t\t\t<figure class=\"post-gallery-item\">\n\t\t\t\t<img decoding=\"async\" src=\"https:\/\/www.pressenza.com\/wp-content\/uploads\/2024\/06\/IMG-20240616-WA0017-820x615.jpg\" loading=\"lazy\">\n\t\t\t\t<figcaption>\n\t\t\t\t\t\n\t\t\t\t<\/figcaption>\n\t\t\t<\/figure>\n\t\t\t<figure class=\"post-gallery-item\">\n\t\t\t\t<img decoding=\"async\" src=\"https:\/\/www.pressenza.com\/wp-content\/uploads\/2024\/06\/IMG-20240616-WA0018-820x615.jpg\" loading=\"lazy\">\n\t\t\t\t<figcaption>\n\t\t\t\t\t\n\t\t\t\t<\/figcaption>\n\t\t\t<\/figure>\n\t\t\t<figure class=\"post-gallery-item\">\n\t\t\t\t<img decoding=\"async\" src=\"https:\/\/www.pressenza.com\/wp-content\/uploads\/2024\/06\/IMG-20240616-WA0019-820x615.jpg\" loading=\"lazy\">\n\t\t\t\t<figcaption>\n\t\t\t\t\t\n\t\t\t\t<\/figcaption>\n\t\t\t<\/figure>\n\t\t\t<figure class=\"post-gallery-item\">\n\t\t\t\t<img decoding=\"async\" src=\"https:\/\/www.pressenza.com\/wp-content\/uploads\/2024\/06\/IMG-20240616-WA0020-820x615.jpg\" loading=\"lazy\">\n\t\t\t\t<figcaption>\n\t\t\t\t\t\n\t\t\t\t<\/figcaption>\n\t\t\t<\/figure>\n\t\t\t<figure class=\"post-gallery-item\">\n\t\t\t\t<img decoding=\"async\" src=\"https:\/\/www.pressenza.com\/wp-content\/uploads\/2024\/06\/IMG-20240616-WA0022-820x615.jpg\" loading=\"lazy\">\n\t\t\t\t<figcaption>\n\t\t\t\t\t\n\t\t\t\t<\/figcaption>\n\t\t\t<\/figure>\n\t\t\t<figure class=\"post-gallery-item\">\n\t\t\t\t<img decoding=\"async\" src=\"https:\/\/www.pressenza.com\/wp-content\/uploads\/2024\/06\/IMG-20240616-WA0023-1-820x615.jpg\" loading=\"lazy\">\n\t\t\t\t<figcaption>\n\t\t\t\t\t\n\t\t\t\t<\/figcaption>\n\t\t\t<\/figure>\n\t\t\t<figure class=\"post-gallery-item\">\n\t\t\t\t<img decoding=\"async\" src=\"https:\/\/www.pressenza.com\/wp-content\/uploads\/2024\/06\/IMG-20240616-WA0024-768x1024.jpg\" loading=\"lazy\">\n\t\t\t\t<figcaption>\n\t\t\t\t\t\n\t\t\t\t<\/figcaption>\n\t\t\t<\/figure>\n\t\t\t<figure class=\"post-gallery-item\">\n\t\t\t\t<img decoding=\"async\" src=\"https:\/\/www.pressenza.com\/wp-content\/uploads\/2024\/06\/IMG-20240616-WA0025-820x615.jpg\" loading=\"lazy\">\n\t\t\t\t<figcaption>\n\t\t\t\t\t\n\t\t\t\t<\/figcaption>\n\t\t\t<\/figure>\n\t\t\t<figure class=\"post-gallery-item\">\n\t\t\t\t<img decoding=\"async\" src=\"https:\/\/www.pressenza.com\/wp-content\/uploads\/2024\/06\/IMG-20240616-WA0026-820x615.jpg\" loading=\"lazy\">\n\t\t\t\t<figcaption>\n\t\t\t\t\t\n\t\t\t\t<\/figcaption>\n\t\t\t<\/figure>\n\t\t\t<figure class=\"post-gallery-item\">\n\t\t\t\t<img decoding=\"async\" src=\"https:\/\/www.pressenza.com\/wp-content\/uploads\/2024\/06\/IMG-20240616-WA0027-820x615.jpg\" loading=\"lazy\">\n\t\t\t\t<figcaption>\n\t\t\t\t\t\n\t\t\t\t<\/figcaption>\n\t\t\t<\/figure>\n\t\t\t<figure class=\"post-gallery-item\">\n\t\t\t\t<img decoding=\"async\" src=\"https:\/\/www.pressenza.com\/wp-content\/uploads\/2024\/06\/IMG-20240616-WA0028-820x615.jpg\" loading=\"lazy\">\n\t\t\t\t<figcaption>\n\t\t\t\t\t\n\t\t\t\t<\/figcaption>\n\t\t\t<\/figure>\n\t\t\t<figure class=\"post-gallery-item\">\n\t\t\t\t<img decoding=\"async\" src=\"https:\/\/www.pressenza.com\/wp-content\/uploads\/2024\/06\/IMG-20240616-WA0029-768x1024.jpg\" loading=\"lazy\">\n\t\t\t\t<figcaption>\n\t\t\t\t\t\n\t\t\t\t<\/figcaption>\n\t\t\t<\/figure>\n\t\t\t<figure class=\"post-gallery-item\">\n\t\t\t\t<img decoding=\"async\" src=\"https:\/\/www.pressenza.com\/wp-content\/uploads\/2024\/06\/IMG-20240616-WA0030-768x1024.jpg\" loading=\"lazy\">\n\t\t\t\t<figcaption>\n\t\t\t\t\t\n\t\t\t\t<\/figcaption>\n\t\t\t<\/figure>\n\t\t\t<figure class=\"post-gallery-item\">\n\t\t\t\t<img decoding=\"async\" src=\"https:\/\/www.pressenza.com\/wp-content\/uploads\/2024\/06\/IMG-20240616-WA0031-820x615.jpg\" loading=\"lazy\">\n\t\t\t\t<figcaption>\n\t\t\t\t\t\n\t\t\t\t<\/figcaption>\n\t\t\t<\/figure>\n\t\t\t<figure class=\"post-gallery-item\">\n\t\t\t\t<img decoding=\"async\" src=\"https:\/\/www.pressenza.com\/wp-content\/uploads\/2024\/06\/IMG-20240613-WA0027-1-820x615.jpg\" loading=\"lazy\">\n\t\t\t\t<figcaption>\n\t\t\t\t\t\n\t\t\t\t<\/figcaption>\n\t\t\t<\/figure>\n\t\t\t<figure class=\"post-gallery-item\">\n\t\t\t\t<img decoding=\"async\" src=\"https:\/\/www.pressenza.com\/wp-content\/uploads\/2024\/06\/IMG-20240613-WA0028-1-820x615.jpg\" loading=\"lazy\">\n\t\t\t\t<figcaption>\n\t\t\t\t\t\n\t\t\t\t<\/figcaption>\n\t\t\t<\/figure>\n\t\t\t<figure class=\"post-gallery-item\">\n\t\t\t\t<img decoding=\"async\" src=\"https:\/\/www.pressenza.com\/wp-content\/uploads\/2024\/06\/IMG-20240613-WA0030-1-820x615.jpg\" loading=\"lazy\">\n\t\t\t\t<figcaption>\n\t\t\t\t\t\n\t\t\t\t<\/figcaption>\n\t\t\t<\/figure>\n\t\t\t<figure class=\"post-gallery-item\">\n\t\t\t\t<img decoding=\"async\" src=\"https:\/\/www.pressenza.com\/wp-content\/uploads\/2024\/06\/IMG-20240613-WA0031-1-820x615.jpg\" loading=\"lazy\">\n\t\t\t\t<figcaption>\n\t\t\t\t\t\n\t\t\t\t<\/figcaption>\n\t\t\t<\/figure><\/div>\n","protected":false},"excerpt":{"rendered":"<p>Riceviamo e volentieri diffondiamo Il \u201cTavolo di coordinamento NO G7\u201d esprime un giudizio fortemente negativo sui risultati degli incontri del G7 a Fasano, che si \u00e8 svolto dal 13 al 15 giugno e che ha miseramente partorito solo la decisione&hellip;<\/p>\n","protected":false},"author":2344,"featured_media":2531156,"comment_status":"closed","ping_status":"closed","sticky":false,"template":"","format":"standard","meta":{"footnotes":""},"categories":[150,59,5677,1263,57],"tags":[123887,2997,688,123888],"class_list":["post-2531154","post","type-post","status-publish","format-standard","has-post-thumbnail","hentry","category-comunicati-stampa","category-ambiente-ecologia","category-fotoreportages","category-pace-disarmo","category-affari-esteri","tag-g7-fasano-puglia","tag-no-muos","tag-no-tav","tag-tavolo-di-coordinamento-no-g7"],"yoast_head":"<!-- This site is optimized with the Yoast SEO plugin v27.1.1 - https:\/\/yoast.com\/product\/yoast-seo-wordpress\/ -->\n<title>Un altro mondo \u00e8 ancora possibile<\/title>\n<meta name=\"description\" content=\"Riceviamo e volentieri diffondiamo Il \u201cTavolo di coordinamento NO G7\u201d esprime un giudizio fortemente negativo sui risultati degli incontri del G7 a\" \/>\n<meta name=\"robots\" content=\"index, follow, max-snippet:-1, max-image-preview:large, max-video-preview:-1\" \/>\n<link rel=\"canonical\" href=\"https:\/\/www.pressenza.com\/it\/2024\/06\/un-altro-mondo-e-ancora-possibile\/\" \/>\n<meta property=\"og:locale\" content=\"it_IT\" \/>\n<meta property=\"og:type\" content=\"article\" \/>\n<meta property=\"og:title\" content=\"Un altro mondo \u00e8 ancora possibile\" \/>\n<meta property=\"og:description\" content=\"Riceviamo e volentieri diffondiamo Il \u201cTavolo di coordinamento NO G7\u201d esprime un giudizio fortemente negativo sui risultati degli incontri del G7 a\" \/>\n<meta property=\"og:url\" content=\"https:\/\/www.pressenza.com\/it\/2024\/06\/un-altro-mondo-e-ancora-possibile\/\" \/>\n<meta property=\"og:site_name\" content=\"Pressenza\" \/>\n<meta property=\"article:publisher\" content=\"https:\/\/www.facebook.com\/PressenzaItalia\" \/>\n<meta property=\"article:published_time\" content=\"2024-06-17T18:36:12+00:00\" \/>\n<meta property=\"article:modified_time\" content=\"2024-06-20T14:57:21+00:00\" \/>\n<meta property=\"og:image\" content=\"https:\/\/www.pressenza.com\/wp-content\/uploads\/2024\/06\/IMG-20240616-WA0023.jpg\" \/>\n\t<meta property=\"og:image:width\" content=\"1600\" \/>\n\t<meta property=\"og:image:height\" content=\"1200\" \/>\n\t<meta property=\"og:image:type\" content=\"image\/jpeg\" \/>\n<meta name=\"author\" content=\"Redazione Sicilia\" \/>\n<meta name=\"twitter:card\" content=\"summary_large_image\" \/>\n<meta name=\"twitter:creator\" content=\"@PressenzaIPA\" \/>\n<meta name=\"twitter:site\" content=\"@PressenzaIPA\" \/>\n<meta name=\"twitter:label1\" content=\"Scritto da\" \/>\n\t<meta name=\"twitter:data1\" content=\"Redazione Sicilia\" \/>\n\t<meta name=\"twitter:label2\" content=\"Tempo di lettura stimato\" \/>\n\t<meta name=\"twitter:data2\" content=\"4 minuti\" \/>\n<script type=\"application\/ld+json\" class=\"yoast-schema-graph\">{\"@context\":\"https:\/\/schema.org\",\"@graph\":[{\"@type\":\"Article\",\"@id\":\"https:\/\/www.pressenza.com\/it\/2024\/06\/un-altro-mondo-e-ancora-possibile\/#article\",\"isPartOf\":{\"@id\":\"https:\/\/www.pressenza.com\/it\/2024\/06\/un-altro-mondo-e-ancora-possibile\/\"},\"author\":{\"name\":\"Redazione Sicilia\",\"@id\":\"https:\/\/www.pressenza.com\/it\/#\/schema\/person\/e4c592b12199144875652a3cd0ca7929\"},\"headline\":\"Un altro mondo \u00e8 ancora possibile\",\"datePublished\":\"2024-06-17T18:36:12+00:00\",\"dateModified\":\"2024-06-20T14:57:21+00:00\",\"mainEntityOfPage\":{\"@id\":\"https:\/\/www.pressenza.com\/it\/2024\/06\/un-altro-mondo-e-ancora-possibile\/\"},\"wordCount\":645,\"publisher\":{\"@id\":\"https:\/\/www.pressenza.com\/it\/#organization\"},\"image\":{\"@id\":\"https:\/\/www.pressenza.com\/it\/2024\/06\/un-altro-mondo-e-ancora-possibile\/#primaryimage\"},\"thumbnailUrl\":\"https:\/\/www.pressenza.com\/wp-content\/uploads\/2024\/06\/IMG-20240616-WA0023.jpg\",\"keywords\":[\"G7 Fasano (Puglia)\",\"No Muos\",\"NO-TAV\",\"Tavolo di coordinamento No G7\"],\"articleSection\":[\"Comunicati Stampa\",\"Ecologia ed Ambiente\",\"Fotoreportages\",\"Pace e Disarmo\",\"Questioni internazionali\"],\"inLanguage\":\"it-IT\"},{\"@type\":\"WebPage\",\"@id\":\"https:\/\/www.pressenza.com\/it\/2024\/06\/un-altro-mondo-e-ancora-possibile\/\",\"url\":\"https:\/\/www.pressenza.com\/it\/2024\/06\/un-altro-mondo-e-ancora-possibile\/\",\"name\":\"Un altro mondo \u00e8 ancora possibile\",\"isPartOf\":{\"@id\":\"https:\/\/www.pressenza.com\/it\/#website\"},\"primaryImageOfPage\":{\"@id\":\"https:\/\/www.pressenza.com\/it\/2024\/06\/un-altro-mondo-e-ancora-possibile\/#primaryimage\"},\"image\":{\"@id\":\"https:\/\/www.pressenza.com\/it\/2024\/06\/un-altro-mondo-e-ancora-possibile\/#primaryimage\"},\"thumbnailUrl\":\"https:\/\/www.pressenza.com\/wp-content\/uploads\/2024\/06\/IMG-20240616-WA0023.jpg\",\"datePublished\":\"2024-06-17T18:36:12+00:00\",\"dateModified\":\"2024-06-20T14:57:21+00:00\",\"description\":\"Riceviamo e volentieri diffondiamo Il \u201cTavolo di coordinamento NO G7\u201d esprime un giudizio fortemente negativo sui risultati degli incontri del G7 a\",\"breadcrumb\":{\"@id\":\"https:\/\/www.pressenza.com\/it\/2024\/06\/un-altro-mondo-e-ancora-possibile\/#breadcrumb\"},\"inLanguage\":\"it-IT\",\"potentialAction\":[{\"@type\":\"ReadAction\",\"target\":[\"https:\/\/www.pressenza.com\/it\/2024\/06\/un-altro-mondo-e-ancora-possibile\/\"]}]},{\"@type\":\"ImageObject\",\"inLanguage\":\"it-IT\",\"@id\":\"https:\/\/www.pressenza.com\/it\/2024\/06\/un-altro-mondo-e-ancora-possibile\/#primaryimage\",\"url\":\"https:\/\/www.pressenza.com\/wp-content\/uploads\/2024\/06\/IMG-20240616-WA0023.jpg\",\"contentUrl\":\"https:\/\/www.pressenza.com\/wp-content\/uploads\/2024\/06\/IMG-20240616-WA0023.jpg\",\"width\":1600,\"height\":1200},{\"@type\":\"BreadcrumbList\",\"@id\":\"https:\/\/www.pressenza.com\/it\/2024\/06\/un-altro-mondo-e-ancora-possibile\/#breadcrumb\",\"itemListElement\":[{\"@type\":\"ListItem\",\"position\":1,\"name\":\"Accueil\",\"item\":\"https:\/\/www.pressenza.com\/it\/\"},{\"@type\":\"ListItem\",\"position\":2,\"name\":\"Un altro mondo \u00e8 ancora possibile\"}]},{\"@type\":\"WebSite\",\"@id\":\"https:\/\/www.pressenza.com\/it\/#website\",\"url\":\"https:\/\/www.pressenza.com\/it\/\",\"name\":\"Pressenza\",\"description\":\"Agenzia di Stampa Internazionale\",\"publisher\":{\"@id\":\"https:\/\/www.pressenza.com\/it\/#organization\"},\"potentialAction\":[{\"@type\":\"SearchAction\",\"target\":{\"@type\":\"EntryPoint\",\"urlTemplate\":\"https:\/\/www.pressenza.com\/it\/?s={search_term_string}\"},\"query-input\":{\"@type\":\"PropertyValueSpecification\",\"valueRequired\":true,\"valueName\":\"search_term_string\"}}],\"inLanguage\":\"it-IT\"},{\"@type\":\"Organization\",\"@id\":\"https:\/\/www.pressenza.com\/it\/#organization\",\"name\":\"Pressenza\",\"url\":\"https:\/\/www.pressenza.com\/it\/\",\"logo\":{\"@type\":\"ImageObject\",\"inLanguage\":\"it-IT\",\"@id\":\"https:\/\/www.pressenza.com\/it\/#\/schema\/logo\/image\/\",\"url\":\"https:\/\/www.pressenza.com\/wp-content\/uploads\/2022\/10\/pressenza_logo_200x200.jpg\",\"contentUrl\":\"https:\/\/www.pressenza.com\/wp-content\/uploads\/2022\/10\/pressenza_logo_200x200.jpg\",\"width\":200,\"height\":200,\"caption\":\"Pressenza\"},\"image\":{\"@id\":\"https:\/\/www.pressenza.com\/it\/#\/schema\/logo\/image\/\"},\"sameAs\":[\"https:\/\/www.facebook.com\/PressenzaItalia\",\"https:\/\/x.com\/PressenzaIPA\"]},{\"@type\":\"Person\",\"@id\":\"https:\/\/www.pressenza.com\/it\/#\/schema\/person\/e4c592b12199144875652a3cd0ca7929\",\"name\":\"Redazione Sicilia\",\"description\":\"News from the Pressenza Bureau in Sicily, Italy\",\"url\":\"https:\/\/www.pressenza.com\/it\/author\/redazione-sicilia\/\"}]}<\/script>\n<!-- \/ Yoast SEO plugin. -->","yoast_head_json":{"title":"Un altro mondo \u00e8 ancora possibile","description":"Riceviamo e volentieri diffondiamo Il \u201cTavolo di coordinamento NO G7\u201d esprime un giudizio fortemente negativo sui risultati degli incontri del G7 a","robots":{"index":"index","follow":"follow","max-snippet":"max-snippet:-1","max-image-preview":"max-image-preview:large","max-video-preview":"max-video-preview:-1"},"canonical":"https:\/\/www.pressenza.com\/it\/2024\/06\/un-altro-mondo-e-ancora-possibile\/","og_locale":"it_IT","og_type":"article","og_title":"Un altro mondo \u00e8 ancora possibile","og_description":"Riceviamo e volentieri diffondiamo Il \u201cTavolo di coordinamento NO G7\u201d esprime un giudizio fortemente negativo sui risultati degli incontri del G7 a","og_url":"https:\/\/www.pressenza.com\/it\/2024\/06\/un-altro-mondo-e-ancora-possibile\/","og_site_name":"Pressenza","article_publisher":"https:\/\/www.facebook.com\/PressenzaItalia","article_published_time":"2024-06-17T18:36:12+00:00","article_modified_time":"2024-06-20T14:57:21+00:00","og_image":[{"width":1600,"height":1200,"url":"https:\/\/www.pressenza.com\/wp-content\/uploads\/2024\/06\/IMG-20240616-WA0023.jpg","type":"image\/jpeg"}],"author":"Redazione Sicilia","twitter_card":"summary_large_image","twitter_creator":"@PressenzaIPA","twitter_site":"@PressenzaIPA","twitter_misc":{"Scritto da":"Redazione Sicilia","Tempo di lettura stimato":"4 minuti"},"schema":{"@context":"https:\/\/schema.org","@graph":[{"@type":"Article","@id":"https:\/\/www.pressenza.com\/it\/2024\/06\/un-altro-mondo-e-ancora-possibile\/#article","isPartOf":{"@id":"https:\/\/www.pressenza.com\/it\/2024\/06\/un-altro-mondo-e-ancora-possibile\/"},"author":{"name":"Redazione Sicilia","@id":"https:\/\/www.pressenza.com\/it\/#\/schema\/person\/e4c592b12199144875652a3cd0ca7929"},"headline":"Un altro mondo \u00e8 ancora possibile","datePublished":"2024-06-17T18:36:12+00:00","dateModified":"2024-06-20T14:57:21+00:00","mainEntityOfPage":{"@id":"https:\/\/www.pressenza.com\/it\/2024\/06\/un-altro-mondo-e-ancora-possibile\/"},"wordCount":645,"publisher":{"@id":"https:\/\/www.pressenza.com\/it\/#organization"},"image":{"@id":"https:\/\/www.pressenza.com\/it\/2024\/06\/un-altro-mondo-e-ancora-possibile\/#primaryimage"},"thumbnailUrl":"https:\/\/www.pressenza.com\/wp-content\/uploads\/2024\/06\/IMG-20240616-WA0023.jpg","keywords":["G7 Fasano (Puglia)","No Muos","NO-TAV","Tavolo di coordinamento No G7"],"articleSection":["Comunicati Stampa","Ecologia ed Ambiente","Fotoreportages","Pace e Disarmo","Questioni internazionali"],"inLanguage":"it-IT"},{"@type":"WebPage","@id":"https:\/\/www.pressenza.com\/it\/2024\/06\/un-altro-mondo-e-ancora-possibile\/","url":"https:\/\/www.pressenza.com\/it\/2024\/06\/un-altro-mondo-e-ancora-possibile\/","name":"Un altro mondo \u00e8 ancora possibile","isPartOf":{"@id":"https:\/\/www.pressenza.com\/it\/#website"},"primaryImageOfPage":{"@id":"https:\/\/www.pressenza.com\/it\/2024\/06\/un-altro-mondo-e-ancora-possibile\/#primaryimage"},"image":{"@id":"https:\/\/www.pressenza.com\/it\/2024\/06\/un-altro-mondo-e-ancora-possibile\/#primaryimage"},"thumbnailUrl":"https:\/\/www.pressenza.com\/wp-content\/uploads\/2024\/06\/IMG-20240616-WA0023.jpg","datePublished":"2024-06-17T18:36:12+00:00","dateModified":"2024-06-20T14:57:21+00:00","description":"Riceviamo e volentieri diffondiamo Il \u201cTavolo di coordinamento NO G7\u201d esprime un giudizio fortemente negativo sui risultati degli incontri del G7 a","breadcrumb":{"@id":"https:\/\/www.pressenza.com\/it\/2024\/06\/un-altro-mondo-e-ancora-possibile\/#breadcrumb"},"inLanguage":"it-IT","potentialAction":[{"@type":"ReadAction","target":["https:\/\/www.pressenza.com\/it\/2024\/06\/un-altro-mondo-e-ancora-possibile\/"]}]},{"@type":"ImageObject","inLanguage":"it-IT","@id":"https:\/\/www.pressenza.com\/it\/2024\/06\/un-altro-mondo-e-ancora-possibile\/#primaryimage","url":"https:\/\/www.pressenza.com\/wp-content\/uploads\/2024\/06\/IMG-20240616-WA0023.jpg","contentUrl":"https:\/\/www.pressenza.com\/wp-content\/uploads\/2024\/06\/IMG-20240616-WA0023.jpg","width":1600,"height":1200},{"@type":"BreadcrumbList","@id":"https:\/\/www.pressenza.com\/it\/2024\/06\/un-altro-mondo-e-ancora-possibile\/#breadcrumb","itemListElement":[{"@type":"ListItem","position":1,"name":"Accueil","item":"https:\/\/www.pressenza.com\/it\/"},{"@type":"ListItem","position":2,"name":"Un altro mondo \u00e8 ancora possibile"}]},{"@type":"WebSite","@id":"https:\/\/www.pressenza.com\/it\/#website","url":"https:\/\/www.pressenza.com\/it\/","name":"Pressenza","description":"Agenzia di Stampa Internazionale","publisher":{"@id":"https:\/\/www.pressenza.com\/it\/#organization"},"potentialAction":[{"@type":"SearchAction","target":{"@type":"EntryPoint","urlTemplate":"https:\/\/www.pressenza.com\/it\/?s={search_term_string}"},"query-input":{"@type":"PropertyValueSpecification","valueRequired":true,"valueName":"search_term_string"}}],"inLanguage":"it-IT"},{"@type":"Organization","@id":"https:\/\/www.pressenza.com\/it\/#organization","name":"Pressenza","url":"https:\/\/www.pressenza.com\/it\/","logo":{"@type":"ImageObject","inLanguage":"it-IT","@id":"https:\/\/www.pressenza.com\/it\/#\/schema\/logo\/image\/","url":"https:\/\/www.pressenza.com\/wp-content\/uploads\/2022\/10\/pressenza_logo_200x200.jpg","contentUrl":"https:\/\/www.pressenza.com\/wp-content\/uploads\/2022\/10\/pressenza_logo_200x200.jpg","width":200,"height":200,"caption":"Pressenza"},"image":{"@id":"https:\/\/www.pressenza.com\/it\/#\/schema\/logo\/image\/"},"sameAs":["https:\/\/www.facebook.com\/PressenzaItalia","https:\/\/x.com\/PressenzaIPA"]},{"@type":"Person","@id":"https:\/\/www.pressenza.com\/it\/#\/schema\/person\/e4c592b12199144875652a3cd0ca7929","name":"Redazione Sicilia","description":"News from the Pressenza Bureau in Sicily, Italy","url":"https:\/\/www.pressenza.com\/it\/author\/redazione-sicilia\/"}]}},"place":"","original_article_url":"","_links":{"self":[{"href":"https:\/\/www.pressenza.com\/it\/wp-json\/wp\/v2\/posts\/2531154","targetHints":{"allow":["GET"]}}],"collection":[{"href":"https:\/\/www.pressenza.com\/it\/wp-json\/wp\/v2\/posts"}],"about":[{"href":"https:\/\/www.pressenza.com\/it\/wp-json\/wp\/v2\/types\/post"}],"author":[{"embeddable":true,"href":"https:\/\/www.pressenza.com\/it\/wp-json\/wp\/v2\/users\/2344"}],"replies":[{"embeddable":true,"href":"https:\/\/www.pressenza.com\/it\/wp-json\/wp\/v2\/comments?post=2531154"}],"version-history":[{"count":0,"href":"https:\/\/www.pressenza.com\/it\/wp-json\/wp\/v2\/posts\/2531154\/revisions"}],"wp:featuredmedia":[{"embeddable":true,"href":"https:\/\/www.pressenza.com\/it\/wp-json\/wp\/v2\/media\/2531156"}],"wp:attachment":[{"href":"https:\/\/www.pressenza.com\/it\/wp-json\/wp\/v2\/media?parent=2531154"}],"wp:term":[{"taxonomy":"category","embeddable":true,"href":"https:\/\/www.pressenza.com\/it\/wp-json\/wp\/v2\/categories?post=2531154"},{"taxonomy":"post_tag","embeddable":true,"href":"https:\/\/www.pressenza.com\/it\/wp-json\/wp\/v2\/tags?post=2531154"}],"curies":[{"name":"wp","href":"https:\/\/api.w.org\/{rel}","templated":true}]}}