{"id":2530165,"date":"2024-06-13T08:32:49","date_gmt":"2024-06-13T07:32:49","guid":{"rendered":"https:\/\/www.pressenza.com\/?p=2530165"},"modified":"2024-06-13T08:33:54","modified_gmt":"2024-06-13T07:33:54","slug":"milano-tutti-assolti-per-lazione-al-museo-del-900","status":"publish","type":"post","link":"https:\/\/www.pressenza.com\/it\/2024\/06\/milano-tutti-assolti-per-lazione-al-museo-del-900\/","title":{"rendered":"Milano, tutti assolti per l&#8217;azione al Museo del &#8216;900"},"content":{"rendered":"<p><em>Condanna a tre persone solo per violazione del foglio di via, che si rivela sempre pi\u00f9 uno strumento di repressione del dissenso<\/em><\/p>\n<p>Ieri alle ore 11.00 presso il Tribunale di Milano, si \u00e8 tenuta la seconda udienza del processo con rito abbreviato, per l\u2019azione del 30.07.2022 al <a href=\"https:\/\/url1005.email.actionnetwork.org\/ss\/c\/u001.yjJN_MEbNx94PLaWzZ6hW1GJm7fH52LAiTq9C8yR9M9YjhEm_Ww8e5AaV9N-LZ9dX_TeIFRksZfRWKQqEEYrKfX3RoyjwakJDsNn7bkxU0CrLvdPdqwxcIHxSje1dvomMValQ5DtvR6z6wxAXHWKs-gGZrwrNxWuXnO_flvBXXfZsucN_aUcBQdD94nbbdqBOj2wPQ3IcFmwndh7oCKaE4lDwmAjKdp8vzT1Ql3JN4MDzV97Id2AQzDvJgJobgE5A7u4uV2n5yb1KzbMdyof9Vo4Sk38zYXgmf6LDrEaeBGUlXvKTbTCD9qkqOLHPIGO09rzSDlMgdhtWdiDPahOtXZOkVl9kCNvTwqH25xCnnENzTVjKLlgKfk6Anu3mpCqLBRvlMx0fNcFHngNO8avBD9Kv0EItyFidoZvyeMo85k-qT0R8H-4UegwEpiLf8hg\/475\/jG_xAiUnSVefhmK8sGgdSg\/h0\/h001.YZkphnrxENmdYizoVOVgRnUt-GeEk5drxbY_hLkDQ6U\" target=\"_blank\" rel=\"noopener noreferrer\">Museo del 900<\/a>.<strong> La giudice, nell&#8217;emettere la sentenza, ha accolto la richiesta dal PM, assolvendo le cinque persone dal reato contestato di danneggiamento, perch\u00e9 <\/strong><strong><em>\u201cil fatto non costituisce reato\u201d<\/em><\/strong>. Per\u00f2 \u00e8 stata emessa anche una condanna ad un mese di arresto con pena sospesa, a tre delle cinque persone che avevano partecipato all\u2019azione, per la violazione del foglio di via. Il foglio di via obbligato dovrebbe essere uno strumento di prevenzione del crimina ma, nel modo in cui viene applicato in questi casi, tradisce una finalit\u00e0 <strong>repressiva e intimidatoria nei confronti di chi protesta.<\/strong> Una pratica che \u00e8 stata denunciata da <strong>Michel Forst<\/strong>, relatore speciale delle Nazioni Unite sui difensori dell\u2019ambiente ai sensi della Convenzione di Aarhus, il quale <a href=\"https:\/\/url1005.email.actionnetwork.org\/ss\/c\/u001.XaF8mXqsA6b2dSPmhsleMQPJzSxHb5FdyLtrBIxC_ctImG9Bmxi5lmKS4nUYugC6vCfMk6xvnLXE5Ijp4b7pHaKo8cSjV00GgmBjAxyf06zpZzGBqxu7lpFDc50lS9nHOSI4thihvZ6dfi7IVxQhrHUKUxbqjTvcVqJxMSyHsq_CPoi3_AWGJLoeKCpkmof5cWUAs9a4IcCFLZxCB3O56VQ3mOMkJWkGtRpurbCsXy9OwKdyBJ7E_83bqA5CflMbfNSTGIjUHjam1cr33ROUF-T1Q8XYHShZBBbUvK6l88NS7D0vpKDKDxxREOgh0GkBoQJ0akz2WBzb2Mi297_Y2wlRsqarM570F_NNhQSFVyXX6GMB3PZE4Of9FHDjZq6x_0zBbRIj8nYLi5llt-h_pA5sDJ2lJv44bTjEeyTVDjSt44Q4jf2MeccMsgfn2XlLKvfx52NzG_-rOsZGCM9wegMrAugqBlgedC2lp2V3WnC4rnpNxJ9JnIvqkBBNUezW\/475\/jG_xAiUnSVefhmK8sGgdSg\/h1\/h001.MNvVkfekypPNZfukfJstArC-MUMEYODRBtQ0QFV-dvk\" target=\"_blank\" rel=\"noopener noreferrer\"> scrive chiaramente<\/a> che: <strong>\u201c<\/strong><strong><em>Gli attivisti per il clima non dovrebbero subire un divieto d\u2019ingresso a causa delle loro proteste\u201d.<\/em><\/strong><\/p>\n<p><strong>Simone, 22 anni, musicista, ha dichiarato: <\/strong><em>\u201cOggi \u00e8 stata emessa una sentenza molto importante, siamo stati assolti tutti e cinque per il danneggiamento che non c\u2019era al basamento di plastica dell\u2019opera di Boccioni. Ci eravamo incollati l\u00ec senza creare nessun danno, e il giudice ha confermato che questa cosa non comporta alcun reato. Abbiamo potuto spiegare le nostre motivazioni, del perch\u00e9 abbiamo fatto l\u2019azione, e del perch\u00e9 ci spaventa la crisi climatica, che ci spaventava nel 2022 e continua a farlo anche oggi, con un\u2019umanit\u00e0 che come l\u2019installazione di Boccioni, continua a correre senza senso verso un progresso che non c\u2019\u00e8\u201d.<\/em><\/p>\n<p><strong>L\u2019autonomia della magistratura non deve farsi influenzare dal clima repressivo del governo<br \/>\n<\/strong><\/p>\n<p>Siamo contenti che venga riconosciuta la nonviolenza delle nostre azioni, anche se l\u2019<strong>abuso del foglio di via<\/strong> praticato dal governo per quanti protestano sta generando condanne eccessive per chi lo infrange, condanne che, nella maggior parte dei casi, una volta impugnate in Appello vengono o archiviate o annullate e che niente hanno a vedere con l\u2019oggettivit\u00e0 e il merito delle nostre azioni. Quello che facciamo \u00e8 partecipazione politica, esercizio di un diritto costituzionale e ci conforta che almeno dal sistema giudiziario questa venga riconosciuto. La nostra resistenza civile nonviolenta sta rivitalizzando la democrazia, e tanto pi\u00f9 ora \u00e8 fondamentale perseverare nella lotta, perch\u00e9 la crisi climatica avanza, mentre il governo risponde esclusivamente solo con misure repressive verso quanti gridano che il tempo \u00e8 scaduto.<\/p>\n<p><strong>La nostra richiesta<br \/>\n<\/strong><\/p>\n<p>La nostra richiesta \u00e8 di un <strong>Fondo Riparazione preventivo, permanente e partecipato<\/strong> da prevedere annualmente nel bilancio dello Stato. I soldi dovranno essere ottenuti attraverso l&#8217;eliminazione dei Sussidi Ambientalmente Dannosi (SAD), la tassazioni degli extra-profitti delle compagnie fossili, il taglio di stipendi premi e benefit ai loro manager, delle enormi spese della politica e delle sempre pi\u00f9 ingenti spese militari. \u00a0<strong>Per questo continueremo a scendere in strada, a fare azioni di disobbedienza civile nonviolenta, assumendoci la responsabilit\u00e0 delle nostre azioni, affrontando la repressione, tribunali e processi.<\/strong><\/p>\n","protected":false},"excerpt":{"rendered":"<p>Condanna a tre persone solo per violazione del foglio di via, che si rivela sempre pi\u00f9 uno strumento di repressione del dissenso Ieri alle ore 11.00 presso il Tribunale di Milano, si \u00e8 tenuta la seconda udienza del processo con&hellip;<\/p>\n","protected":false},"author":2328,"featured_media":2530166,"comment_status":"closed","ping_status":"closed","sticky":false,"template":"","format":"standard","meta":{"footnotes":""},"categories":[150,59,47],"tags":[123729,286,3783],"class_list":["post-2530165","post","type-post","status-publish","format-standard","has-post-thumbnail","hentry","category-comunicati-stampa","category-ambiente-ecologia","category-europa","tag-attivismo-climatico","tag-milano","tag-processo"],"yoast_head":"<!-- This site is optimized with the Yoast SEO plugin v27.1.1 - https:\/\/yoast.com\/product\/yoast-seo-wordpress\/ -->\n<title>Milano, tutti assolti per l&#039;azione al Museo del &#039;900<\/title>\n<meta name=\"description\" content=\"Condanna a tre persone solo per violazione del foglio di via, che si rivela sempre pi\u00f9 uno strumento di repressione del dissenso\" \/>\n<meta name=\"robots\" content=\"index, follow, max-snippet:-1, max-image-preview:large, max-video-preview:-1\" \/>\n<link rel=\"canonical\" href=\"https:\/\/www.pressenza.com\/it\/2024\/06\/milano-tutti-assolti-per-lazione-al-museo-del-900\/\" \/>\n<meta property=\"og:locale\" content=\"it_IT\" \/>\n<meta property=\"og:type\" content=\"article\" \/>\n<meta property=\"og:title\" content=\"Milano, tutti assolti per l&#039;azione al Museo del &#039;900\" \/>\n<meta property=\"og:description\" content=\"Condanna a tre persone solo per violazione del foglio di via, che si rivela sempre pi\u00f9 uno strumento di repressione del dissenso\" \/>\n<meta property=\"og:url\" content=\"https:\/\/www.pressenza.com\/it\/2024\/06\/milano-tutti-assolti-per-lazione-al-museo-del-900\/\" \/>\n<meta property=\"og:site_name\" content=\"Pressenza\" \/>\n<meta property=\"article:publisher\" content=\"https:\/\/www.facebook.com\/PressenzaItalia\" \/>\n<meta property=\"article:published_time\" content=\"2024-06-13T07:32:49+00:00\" \/>\n<meta property=\"article:modified_time\" content=\"2024-06-13T07:33:54+00:00\" \/>\n<meta property=\"og:image\" content=\"https:\/\/www.pressenza.com\/wp-content\/uploads\/2024\/06\/Museo-900.jpeg\" \/>\n\t<meta property=\"og:image:width\" content=\"820\" \/>\n\t<meta property=\"og:image:height\" content=\"639\" \/>\n\t<meta property=\"og:image:type\" content=\"image\/jpeg\" \/>\n<meta name=\"author\" content=\"Ultima Generazione\" \/>\n<meta name=\"twitter:card\" content=\"summary_large_image\" \/>\n<meta name=\"twitter:creator\" content=\"@PressenzaIPA\" \/>\n<meta name=\"twitter:site\" content=\"@PressenzaIPA\" \/>\n<meta name=\"twitter:label1\" content=\"Scritto da\" \/>\n\t<meta name=\"twitter:data1\" content=\"Ultima Generazione\" \/>\n\t<meta name=\"twitter:label2\" content=\"Tempo di lettura stimato\" \/>\n\t<meta name=\"twitter:data2\" content=\"3 minuti\" \/>\n<script type=\"application\/ld+json\" class=\"yoast-schema-graph\">{\"@context\":\"https:\/\/schema.org\",\"@graph\":[{\"@type\":\"Article\",\"@id\":\"https:\/\/www.pressenza.com\/it\/2024\/06\/milano-tutti-assolti-per-lazione-al-museo-del-900\/#article\",\"isPartOf\":{\"@id\":\"https:\/\/www.pressenza.com\/it\/2024\/06\/milano-tutti-assolti-per-lazione-al-museo-del-900\/\"},\"author\":{\"name\":\"Ultima Generazione\",\"@id\":\"https:\/\/www.pressenza.com\/it\/#\/schema\/person\/c1b52478d1f4974825962dab0694cf3c\"},\"headline\":\"Milano, tutti assolti per l&#8217;azione al Museo del &#8216;900\",\"datePublished\":\"2024-06-13T07:32:49+00:00\",\"dateModified\":\"2024-06-13T07:33:54+00:00\",\"mainEntityOfPage\":{\"@id\":\"https:\/\/www.pressenza.com\/it\/2024\/06\/milano-tutti-assolti-per-lazione-al-museo-del-900\/\"},\"wordCount\":521,\"publisher\":{\"@id\":\"https:\/\/www.pressenza.com\/it\/#organization\"},\"image\":{\"@id\":\"https:\/\/www.pressenza.com\/it\/2024\/06\/milano-tutti-assolti-per-lazione-al-museo-del-900\/#primaryimage\"},\"thumbnailUrl\":\"https:\/\/www.pressenza.com\/wp-content\/uploads\/2024\/06\/Museo-900.jpeg\",\"keywords\":[\"attivismo climatico\",\"Milano\",\"processo\"],\"articleSection\":[\"Comunicati Stampa\",\"Ecologia ed Ambiente\",\"Europa\"],\"inLanguage\":\"it-IT\"},{\"@type\":\"WebPage\",\"@id\":\"https:\/\/www.pressenza.com\/it\/2024\/06\/milano-tutti-assolti-per-lazione-al-museo-del-900\/\",\"url\":\"https:\/\/www.pressenza.com\/it\/2024\/06\/milano-tutti-assolti-per-lazione-al-museo-del-900\/\",\"name\":\"Milano, tutti assolti per l'azione al Museo del '900\",\"isPartOf\":{\"@id\":\"https:\/\/www.pressenza.com\/it\/#website\"},\"primaryImageOfPage\":{\"@id\":\"https:\/\/www.pressenza.com\/it\/2024\/06\/milano-tutti-assolti-per-lazione-al-museo-del-900\/#primaryimage\"},\"image\":{\"@id\":\"https:\/\/www.pressenza.com\/it\/2024\/06\/milano-tutti-assolti-per-lazione-al-museo-del-900\/#primaryimage\"},\"thumbnailUrl\":\"https:\/\/www.pressenza.com\/wp-content\/uploads\/2024\/06\/Museo-900.jpeg\",\"datePublished\":\"2024-06-13T07:32:49+00:00\",\"dateModified\":\"2024-06-13T07:33:54+00:00\",\"description\":\"Condanna a tre persone solo per violazione del foglio di via, che si rivela sempre pi\u00f9 uno strumento di repressione del dissenso\",\"breadcrumb\":{\"@id\":\"https:\/\/www.pressenza.com\/it\/2024\/06\/milano-tutti-assolti-per-lazione-al-museo-del-900\/#breadcrumb\"},\"inLanguage\":\"it-IT\",\"potentialAction\":[{\"@type\":\"ReadAction\",\"target\":[\"https:\/\/www.pressenza.com\/it\/2024\/06\/milano-tutti-assolti-per-lazione-al-museo-del-900\/\"]}]},{\"@type\":\"ImageObject\",\"inLanguage\":\"it-IT\",\"@id\":\"https:\/\/www.pressenza.com\/it\/2024\/06\/milano-tutti-assolti-per-lazione-al-museo-del-900\/#primaryimage\",\"url\":\"https:\/\/www.pressenza.com\/wp-content\/uploads\/2024\/06\/Museo-900.jpeg\",\"contentUrl\":\"https:\/\/www.pressenza.com\/wp-content\/uploads\/2024\/06\/Museo-900.jpeg\",\"width\":820,\"height\":639},{\"@type\":\"BreadcrumbList\",\"@id\":\"https:\/\/www.pressenza.com\/it\/2024\/06\/milano-tutti-assolti-per-lazione-al-museo-del-900\/#breadcrumb\",\"itemListElement\":[{\"@type\":\"ListItem\",\"position\":1,\"name\":\"Accueil\",\"item\":\"https:\/\/www.pressenza.com\/it\/\"},{\"@type\":\"ListItem\",\"position\":2,\"name\":\"Milano, tutti assolti per l&#8217;azione al Museo del &#8216;900\"}]},{\"@type\":\"WebSite\",\"@id\":\"https:\/\/www.pressenza.com\/it\/#website\",\"url\":\"https:\/\/www.pressenza.com\/it\/\",\"name\":\"Pressenza\",\"description\":\"Agenzia di Stampa Internazionale\",\"publisher\":{\"@id\":\"https:\/\/www.pressenza.com\/it\/#organization\"},\"potentialAction\":[{\"@type\":\"SearchAction\",\"target\":{\"@type\":\"EntryPoint\",\"urlTemplate\":\"https:\/\/www.pressenza.com\/it\/?s={search_term_string}\"},\"query-input\":{\"@type\":\"PropertyValueSpecification\",\"valueRequired\":true,\"valueName\":\"search_term_string\"}}],\"inLanguage\":\"it-IT\"},{\"@type\":\"Organization\",\"@id\":\"https:\/\/www.pressenza.com\/it\/#organization\",\"name\":\"Pressenza\",\"url\":\"https:\/\/www.pressenza.com\/it\/\",\"logo\":{\"@type\":\"ImageObject\",\"inLanguage\":\"it-IT\",\"@id\":\"https:\/\/www.pressenza.com\/it\/#\/schema\/logo\/image\/\",\"url\":\"https:\/\/www.pressenza.com\/wp-content\/uploads\/2022\/10\/pressenza_logo_200x200.jpg\",\"contentUrl\":\"https:\/\/www.pressenza.com\/wp-content\/uploads\/2022\/10\/pressenza_logo_200x200.jpg\",\"width\":200,\"height\":200,\"caption\":\"Pressenza\"},\"image\":{\"@id\":\"https:\/\/www.pressenza.com\/it\/#\/schema\/logo\/image\/\"},\"sameAs\":[\"https:\/\/www.facebook.com\/PressenzaItalia\",\"https:\/\/x.com\/PressenzaIPA\"]},{\"@type\":\"Person\",\"@id\":\"https:\/\/www.pressenza.com\/it\/#\/schema\/person\/c1b52478d1f4974825962dab0694cf3c\",\"name\":\"Ultima Generazione\",\"sameAs\":[\"https:\/\/ultima-generazione.com\/\"],\"url\":\"https:\/\/www.pressenza.com\/it\/author\/ultima-generazione\/\"}]}<\/script>\n<!-- \/ Yoast SEO plugin. -->","yoast_head_json":{"title":"Milano, tutti assolti per l'azione al Museo del '900","description":"Condanna a tre persone solo per violazione del foglio di via, che si rivela sempre pi\u00f9 uno strumento di repressione del dissenso","robots":{"index":"index","follow":"follow","max-snippet":"max-snippet:-1","max-image-preview":"max-image-preview:large","max-video-preview":"max-video-preview:-1"},"canonical":"https:\/\/www.pressenza.com\/it\/2024\/06\/milano-tutti-assolti-per-lazione-al-museo-del-900\/","og_locale":"it_IT","og_type":"article","og_title":"Milano, tutti assolti per l'azione al Museo del '900","og_description":"Condanna a tre persone solo per violazione del foglio di via, che si rivela sempre pi\u00f9 uno strumento di repressione del dissenso","og_url":"https:\/\/www.pressenza.com\/it\/2024\/06\/milano-tutti-assolti-per-lazione-al-museo-del-900\/","og_site_name":"Pressenza","article_publisher":"https:\/\/www.facebook.com\/PressenzaItalia","article_published_time":"2024-06-13T07:32:49+00:00","article_modified_time":"2024-06-13T07:33:54+00:00","og_image":[{"width":820,"height":639,"url":"https:\/\/www.pressenza.com\/wp-content\/uploads\/2024\/06\/Museo-900.jpeg","type":"image\/jpeg"}],"author":"Ultima Generazione","twitter_card":"summary_large_image","twitter_creator":"@PressenzaIPA","twitter_site":"@PressenzaIPA","twitter_misc":{"Scritto da":"Ultima Generazione","Tempo di lettura stimato":"3 minuti"},"schema":{"@context":"https:\/\/schema.org","@graph":[{"@type":"Article","@id":"https:\/\/www.pressenza.com\/it\/2024\/06\/milano-tutti-assolti-per-lazione-al-museo-del-900\/#article","isPartOf":{"@id":"https:\/\/www.pressenza.com\/it\/2024\/06\/milano-tutti-assolti-per-lazione-al-museo-del-900\/"},"author":{"name":"Ultima Generazione","@id":"https:\/\/www.pressenza.com\/it\/#\/schema\/person\/c1b52478d1f4974825962dab0694cf3c"},"headline":"Milano, tutti assolti per l&#8217;azione al Museo del &#8216;900","datePublished":"2024-06-13T07:32:49+00:00","dateModified":"2024-06-13T07:33:54+00:00","mainEntityOfPage":{"@id":"https:\/\/www.pressenza.com\/it\/2024\/06\/milano-tutti-assolti-per-lazione-al-museo-del-900\/"},"wordCount":521,"publisher":{"@id":"https:\/\/www.pressenza.com\/it\/#organization"},"image":{"@id":"https:\/\/www.pressenza.com\/it\/2024\/06\/milano-tutti-assolti-per-lazione-al-museo-del-900\/#primaryimage"},"thumbnailUrl":"https:\/\/www.pressenza.com\/wp-content\/uploads\/2024\/06\/Museo-900.jpeg","keywords":["attivismo climatico","Milano","processo"],"articleSection":["Comunicati Stampa","Ecologia ed Ambiente","Europa"],"inLanguage":"it-IT"},{"@type":"WebPage","@id":"https:\/\/www.pressenza.com\/it\/2024\/06\/milano-tutti-assolti-per-lazione-al-museo-del-900\/","url":"https:\/\/www.pressenza.com\/it\/2024\/06\/milano-tutti-assolti-per-lazione-al-museo-del-900\/","name":"Milano, tutti assolti per l'azione al Museo del '900","isPartOf":{"@id":"https:\/\/www.pressenza.com\/it\/#website"},"primaryImageOfPage":{"@id":"https:\/\/www.pressenza.com\/it\/2024\/06\/milano-tutti-assolti-per-lazione-al-museo-del-900\/#primaryimage"},"image":{"@id":"https:\/\/www.pressenza.com\/it\/2024\/06\/milano-tutti-assolti-per-lazione-al-museo-del-900\/#primaryimage"},"thumbnailUrl":"https:\/\/www.pressenza.com\/wp-content\/uploads\/2024\/06\/Museo-900.jpeg","datePublished":"2024-06-13T07:32:49+00:00","dateModified":"2024-06-13T07:33:54+00:00","description":"Condanna a tre persone solo per violazione del foglio di via, che si rivela sempre pi\u00f9 uno strumento di repressione del dissenso","breadcrumb":{"@id":"https:\/\/www.pressenza.com\/it\/2024\/06\/milano-tutti-assolti-per-lazione-al-museo-del-900\/#breadcrumb"},"inLanguage":"it-IT","potentialAction":[{"@type":"ReadAction","target":["https:\/\/www.pressenza.com\/it\/2024\/06\/milano-tutti-assolti-per-lazione-al-museo-del-900\/"]}]},{"@type":"ImageObject","inLanguage":"it-IT","@id":"https:\/\/www.pressenza.com\/it\/2024\/06\/milano-tutti-assolti-per-lazione-al-museo-del-900\/#primaryimage","url":"https:\/\/www.pressenza.com\/wp-content\/uploads\/2024\/06\/Museo-900.jpeg","contentUrl":"https:\/\/www.pressenza.com\/wp-content\/uploads\/2024\/06\/Museo-900.jpeg","width":820,"height":639},{"@type":"BreadcrumbList","@id":"https:\/\/www.pressenza.com\/it\/2024\/06\/milano-tutti-assolti-per-lazione-al-museo-del-900\/#breadcrumb","itemListElement":[{"@type":"ListItem","position":1,"name":"Accueil","item":"https:\/\/www.pressenza.com\/it\/"},{"@type":"ListItem","position":2,"name":"Milano, tutti assolti per l&#8217;azione al Museo del &#8216;900"}]},{"@type":"WebSite","@id":"https:\/\/www.pressenza.com\/it\/#website","url":"https:\/\/www.pressenza.com\/it\/","name":"Pressenza","description":"Agenzia di Stampa Internazionale","publisher":{"@id":"https:\/\/www.pressenza.com\/it\/#organization"},"potentialAction":[{"@type":"SearchAction","target":{"@type":"EntryPoint","urlTemplate":"https:\/\/www.pressenza.com\/it\/?s={search_term_string}"},"query-input":{"@type":"PropertyValueSpecification","valueRequired":true,"valueName":"search_term_string"}}],"inLanguage":"it-IT"},{"@type":"Organization","@id":"https:\/\/www.pressenza.com\/it\/#organization","name":"Pressenza","url":"https:\/\/www.pressenza.com\/it\/","logo":{"@type":"ImageObject","inLanguage":"it-IT","@id":"https:\/\/www.pressenza.com\/it\/#\/schema\/logo\/image\/","url":"https:\/\/www.pressenza.com\/wp-content\/uploads\/2022\/10\/pressenza_logo_200x200.jpg","contentUrl":"https:\/\/www.pressenza.com\/wp-content\/uploads\/2022\/10\/pressenza_logo_200x200.jpg","width":200,"height":200,"caption":"Pressenza"},"image":{"@id":"https:\/\/www.pressenza.com\/it\/#\/schema\/logo\/image\/"},"sameAs":["https:\/\/www.facebook.com\/PressenzaItalia","https:\/\/x.com\/PressenzaIPA"]},{"@type":"Person","@id":"https:\/\/www.pressenza.com\/it\/#\/schema\/person\/c1b52478d1f4974825962dab0694cf3c","name":"Ultima Generazione","sameAs":["https:\/\/ultima-generazione.com\/"],"url":"https:\/\/www.pressenza.com\/it\/author\/ultima-generazione\/"}]}},"place":"","original_article_url":"","_links":{"self":[{"href":"https:\/\/www.pressenza.com\/it\/wp-json\/wp\/v2\/posts\/2530165","targetHints":{"allow":["GET"]}}],"collection":[{"href":"https:\/\/www.pressenza.com\/it\/wp-json\/wp\/v2\/posts"}],"about":[{"href":"https:\/\/www.pressenza.com\/it\/wp-json\/wp\/v2\/types\/post"}],"author":[{"embeddable":true,"href":"https:\/\/www.pressenza.com\/it\/wp-json\/wp\/v2\/users\/2328"}],"replies":[{"embeddable":true,"href":"https:\/\/www.pressenza.com\/it\/wp-json\/wp\/v2\/comments?post=2530165"}],"version-history":[{"count":0,"href":"https:\/\/www.pressenza.com\/it\/wp-json\/wp\/v2\/posts\/2530165\/revisions"}],"wp:featuredmedia":[{"embeddable":true,"href":"https:\/\/www.pressenza.com\/it\/wp-json\/wp\/v2\/media\/2530166"}],"wp:attachment":[{"href":"https:\/\/www.pressenza.com\/it\/wp-json\/wp\/v2\/media?parent=2530165"}],"wp:term":[{"taxonomy":"category","embeddable":true,"href":"https:\/\/www.pressenza.com\/it\/wp-json\/wp\/v2\/categories?post=2530165"},{"taxonomy":"post_tag","embeddable":true,"href":"https:\/\/www.pressenza.com\/it\/wp-json\/wp\/v2\/tags?post=2530165"}],"curies":[{"name":"wp","href":"https:\/\/api.w.org\/{rel}","templated":true}]}}