{"id":2529631,"date":"2024-06-10T13:35:00","date_gmt":"2024-06-10T12:35:00","guid":{"rendered":"https:\/\/www.pressenza.com\/?p=2529631"},"modified":"2024-06-10T13:35:00","modified_gmt":"2024-06-10T12:35:00","slug":"effetto-elezioni-europee-in-francia-e-belgio-cadono-i-governi-in-germania-scholz-sfiduciato","status":"publish","type":"post","link":"https:\/\/www.pressenza.com\/it\/2024\/06\/effetto-elezioni-europee-in-francia-e-belgio-cadono-i-governi-in-germania-scholz-sfiduciato\/","title":{"rendered":"Effetto elezioni europee: in Francia e Belgio cadono i governi, in Germania Scholz sfiduciato"},"content":{"rendered":"<p>Se i risultati delle elezioni europee, nel loro complesso, non lasciano presagire particolari scossoni per quanto attiene alle linee guida delle politiche comunitarie, altrettanto non si pu\u00f2 dire degli effetti sulla situazione interna ad alcuni Paesi, dove il voto dell\u20198 e 9 giugno ha provocato veri e propri terremoti. \u00c8 il caso della <strong>Francia<\/strong>, dove il presidente Emmanuel Macron, in seguito alla netta sconfitta elettorale, ha\u00a0sciolto parlamento e indetto nuove elezioni, e del <strong>Belgio<\/strong>, che ha visto il primo ministro liberale Alexander De Croo rassegnare le dimissioni dopo essere stato battuto alle urne. Non \u00e8 da meno la <strong>Germania<\/strong>, dove il cancelliere Scholz\u00a0\u00e8 stato surclassato\u00a0sia dai conservatori moderati che dalle forze dell\u2019ultradestra. Le prossime settimane saranno dunque decisive per comprendere quale fisionomia assumeranno alcuni tra i pi\u00f9 influenti governi del Continente.<\/p>\n<p>Il primo grande leader nazionale uscito sconfitto da queste elezioni europee \u00e8 sicuramente il presidente francese <strong>Emmanuel Macron<\/strong>, il cui partito centrista Reinassance ha ottenuto soltanto il 15,2% dei consensi,\u00a0venendo sbaragliato dal Rassemblement national\u00a0\u2013 forza di estrema destra guidata da Marine Le Pen \u2013 che ha raggiunto il 31,5% dei consensi, divenendo in assoluto il primo partito all\u2019Eurocamera per numero di eletti. Ieri sera, Macron ha annunciato lo scioglimento dell\u2019assemblea nazionale,\u00a0<a href=\"https:\/\/x.com\/EmmanuelMacron\/status\/1799913647109779922\" target=\"_blank\" rel=\"noopener\">dichiarando<\/a>\u00a0in un discorso diffuso sui propri canali social che \u00abdopo aver effettuato le consultazioni previste dall\u2019articolo 12 della nostra Costituzione\u00bb, ha deciso restituire ai francesi \u00abla scelta del nostro futuro parlamentare attraverso il voto\u00bb. Il primo turno si terr\u00e0 il 30 giugno, il secondo il 7 luglio. La mossa di Macron rappresenta\u00a0la prova pi\u00f9 plastica di una sconfitta cocente, specie dal momento che era stato lo stesso Jordan Bardella, presidente di Rn e principale candidato principale del partito alle europee, a chiedere al presidente francese di procedere in tal senso nel suo discorso di vittoria.<\/p>\n<p>Uno scenario simile \u00e8 quello del Belgio \u2013 in cui, oltre alle Europee si votava anche per le elezioni federali e locali \u2013, dove il primo ministro <strong>Alexander De Croo<\/strong> ha\u00a0ufficializzato le sue dimissioni. Il suo partito \u00e8 crollato al 5,9%, mentre si \u00e8\u00a0<a href=\"https:\/\/www.reuters.com\/world\/europe\/flemish-nationalists-set-retain-lead-belgian-parliament-2024-06-09\/\" target=\"_blank\" rel=\"noopener\">registrato<\/a>\u00a0l\u2019importante risultato del Vlaam Belang, il partito nazionalista fiammingo guidato da Tom van Grieken, che ha raggiunto il 21% dei consensi, senza riuscire per\u00f2 a battere i conservatori di New Flemish Alliance (25%) come i sondaggi pre-elettorali avevano per mesi ventilato. \u00abPer noi \u00e8 una sera particolarmente difficile, abbiamo perso\u00bb, ha dichiarato \u2013 non riuscendo a trattenere le lacrime \u2013 De Croo, il quale ha ammesso la sonora sconfitta e\u00a0si \u00e8 complimentato con le forze della destra fiamminga. \u00abMi assumo le mie responsabilit\u00e0, da domani \u2013 ha aggiunto \u2013 sar\u00f2 un primo ministro dimissionario e mi concentrer\u00f2 sulla gestione degli affari correnti\u00bb.<\/p>\n<p>In Germania, il grande perdente \u00e8 il presidente socialista <strong>Olaf Scholz<\/strong>. Il suo partito\u00a0ha raccolto solo il 14% dei voti\u00a0(peggior risultato mai ottenuto in tutte le dieci elezioni europee svoltesi finora), la met\u00e0 dei consensi ottenuti dalla CDU\/CSU, che con il 30% \u00e8 risultato il partito pi\u00f9 votato. Scholz \u00e8 stato superato anche\u00a0dagli estremisti di destra dell\u2019AfD, che con il 16,2% dei voti sono il secondo partito nel Paese. La crisi \u00e8 per\u00f2 diffusa a tutta la coalizione guidata dal cancelliere: i Verdi, che nel 2019 si erano attestati al 20,5% delle preferenze, sono crollati all\u201911,9%, mentre il partner della coalizione Fdp ha preso il 5,2% (poco al di sopra della soglia sotto cui, alle elezioni federali, si finirebbe fuori dal Parlamento). Scholz aveva fortemente\u00a0personalizzato le Europee\u00a0come una sorta di referendum sul suo operato: la\u00a0<a href=\"https:\/\/www.telegraph.co.uk\/world-news\/2024\/06\/10\/european-elections-macron-meloni-live-updates\/\" target=\"_blank\" rel=\"noopener\">bocciatura<\/a>\u00a0degli elettori \u00e8 stata clamorosa e ora, forti dei nuovi rapporti di forza in campo, i vertici dell\u2019Union gli hanno espressamente chiesto di presentarsi al Bundestag per \u00abchiedere il voto di fiducia\u00bb.<\/p>\n<p>Interessante \u00e8 anche la situazione in <strong>Slovacchia<\/strong>, dove il partito del primo ministro Robert Fico \u2013 reduce da un attentato a colpi di arma da fuoco avvenuto lo scorso 15 maggio \u2013\u00a0perde il primato. Le elezioni sono infatti state\u00a0<a href=\"https:\/\/results.elections.europa.eu\/it\/slovacchia\/\" target=\"_blank\" rel=\"noopener\">vinte<\/a>\u00a0dal partito di opposizione Slovacchia Progressista con il 27,81% dei voti, mentre lo Smer-Sd del premier \u00e8 arrivato secondo con il 24,76%. In <strong>Ungheria,<\/strong> nonostante il suo partito, Fidesz, abbia ampiamente primeggiato con il 44% dei consensi, si\u00a0<a href=\"https:\/\/results.elections.europa.eu\/it\/ungheria\/\" target=\"_blank\" rel=\"noopener\">registra<\/a>\u00a0una\u00a0battuta d\u2019arresto per il presidente Orban. Si tratta, infatti, del dato pi\u00f9 basso maturato dalla sua forza politica nell\u2019arco delle cinque elezioni per il Parlamento europeo che si sono svolte nel Paese. Infatti, nel 2004 Fidesz ottenne il 47,4%, nel 2009 il 56,4%, nel 2014 il 57,1% e nel 2019 il 52,6%.<\/p>\n<p>Si\u00a0<a href=\"https:\/\/results.elections.europa.eu\/it\/\" target=\"_blank\" rel=\"noopener\">contano<\/a>, comunque, anche casi di nazioni in cui i governi non escono indeboliti dalle europee. \u00c8 il caso dell\u2019<strong>Italia<\/strong>, dove Fratelli d\u2019Italia di Giorgia Meloni migliora addirittura il dato delle ultime Politiche,\u00a0arrivando a sfiorare il 29%. In <strong>Spagna<\/strong> ha ottenuto il maggior numero di consensi \u2013 il 34,2% dei voti \u2013 il Partito Popolare di Alberto Nunez Feijoo, che non \u00e8 per\u00f2 riuscito a staccare di molti punti percentuali i socialisti del premier Pedro Sanchez, che\u00a0si attestano come secondo partito prendendo il 30,1%. La terza forza \u00e8 Vox, che sfiora il 10% dei voti. Una buona performance, pi\u00f9 contenuta per\u00f2 rispetto ad altri partiti di ultra-destra in Europa. In <strong>Portogallo<\/strong> l\u2019Alleanza democratica di centrodestra, al governo del Paese,\u00a0ottiene il 30,6%, venendo superata di pochi decimi dai socialisti, che si accaparrano il 31,4% dei consensi. Il partito di estrema destra Chega di Andr\u00e8 Ventura, con il 9,2%, si colloca in quarta posizione.<\/p>\n<p style=\"margin: 0cm; margin-bottom: .0001pt; background: white; box-sizing: border-box; overflow-wrap: break-word; font-variant-ligatures: normal; font-variant-caps: normal; orphans: 2; widows: 2; -webkit-text-stroke-width: 0px; text-decoration-thickness: initial; text-decoration-style: initial; text-decoration-color: initial; word-spacing: 0px;\"><span style=\"font-size: 11.0pt; font-family: 'Calibri','sans-serif'; color: #222222;\">\u00a0<\/span><\/p>\n","protected":false},"excerpt":{"rendered":"<p>Se i risultati delle elezioni europee, nel loro complesso, non lasciano presagire particolari scossoni per quanto attiene alle linee guida delle politiche comunitarie, altrettanto non si pu\u00f2 dire degli effetti sulla situazione interna ad alcuni Paesi, dove il voto dell\u20198&hellip;<\/p>\n","protected":false},"author":2207,"featured_media":514322,"comment_status":"closed","ping_status":"closed","sticky":false,"template":"","format":"standard","meta":{"footnotes":""},"categories":[107392,47,55],"tags":[15569,8785,3224],"class_list":["post-2529631","post","type-post","status-publish","format-standard","has-post-thumbnail","hentry","category-noticia-it","category-europa","category-politica","tag-dimissioni","tag-elezioni-europee","tag-estrema-destra"],"yoast_head":"<!-- This site is optimized with the Yoast SEO plugin v27.1.1 - https:\/\/yoast.com\/product\/yoast-seo-wordpress\/ -->\n<title>Effetto elezioni europee: in Francia e Belgio cadono i governi, in Germania Scholz sfiduciato<\/title>\n<meta name=\"description\" content=\"Se i risultati delle elezioni europee, nel loro complesso, non lasciano presagire particolari scossoni per quanto attiene alle linee guida delle politiche\" \/>\n<meta name=\"robots\" content=\"index, follow, max-snippet:-1, max-image-preview:large, max-video-preview:-1\" \/>\n<link rel=\"canonical\" href=\"https:\/\/www.pressenza.com\/it\/2024\/06\/effetto-elezioni-europee-in-francia-e-belgio-cadono-i-governi-in-germania-scholz-sfiduciato\/\" \/>\n<meta property=\"og:locale\" content=\"it_IT\" \/>\n<meta property=\"og:type\" content=\"article\" \/>\n<meta property=\"og:title\" content=\"Effetto elezioni europee: in Francia e Belgio cadono i governi, in Germania Scholz sfiduciato\" \/>\n<meta property=\"og:description\" content=\"Se i risultati delle elezioni europee, nel loro complesso, non lasciano presagire particolari scossoni per quanto attiene alle linee guida delle politiche\" \/>\n<meta property=\"og:url\" content=\"https:\/\/www.pressenza.com\/it\/2024\/06\/effetto-elezioni-europee-in-francia-e-belgio-cadono-i-governi-in-germania-scholz-sfiduciato\/\" \/>\n<meta property=\"og:site_name\" content=\"Pressenza\" \/>\n<meta property=\"article:publisher\" content=\"https:\/\/www.facebook.com\/PressenzaItalia\" \/>\n<meta property=\"article:published_time\" content=\"2024-06-10T12:35:00+00:00\" \/>\n<meta property=\"og:image\" content=\"https:\/\/www.pressenza.com\/wp-content\/uploads\/2017\/09\/Bruxelles-parlamentoeuropeo_art.jpg\" \/>\n\t<meta property=\"og:image:width\" content=\"968\" \/>\n\t<meta property=\"og:image:height\" content=\"562\" \/>\n\t<meta property=\"og:image:type\" content=\"image\/jpeg\" \/>\n<meta name=\"author\" content=\"L&#039;Indipendente\" \/>\n<meta name=\"twitter:card\" content=\"summary_large_image\" \/>\n<meta name=\"twitter:creator\" content=\"@PressenzaIPA\" \/>\n<meta name=\"twitter:site\" content=\"@PressenzaIPA\" \/>\n<meta name=\"twitter:label1\" content=\"Scritto da\" \/>\n\t<meta name=\"twitter:data1\" content=\"L&#039;Indipendente\" \/>\n\t<meta name=\"twitter:label2\" content=\"Tempo di lettura stimato\" \/>\n\t<meta name=\"twitter:data2\" content=\"5 minuti\" \/>\n<script type=\"application\/ld+json\" class=\"yoast-schema-graph\">{\"@context\":\"https:\/\/schema.org\",\"@graph\":[{\"@type\":\"Article\",\"@id\":\"https:\/\/www.pressenza.com\/it\/2024\/06\/effetto-elezioni-europee-in-francia-e-belgio-cadono-i-governi-in-germania-scholz-sfiduciato\/#article\",\"isPartOf\":{\"@id\":\"https:\/\/www.pressenza.com\/it\/2024\/06\/effetto-elezioni-europee-in-francia-e-belgio-cadono-i-governi-in-germania-scholz-sfiduciato\/\"},\"author\":{\"name\":\"L'Indipendente\",\"@id\":\"https:\/\/www.pressenza.com\/it\/#\/schema\/person\/310a843582035e4eb98f61c521fd6236\"},\"headline\":\"Effetto elezioni europee: in Francia e Belgio cadono i governi, in Germania Scholz sfiduciato\",\"datePublished\":\"2024-06-10T12:35:00+00:00\",\"mainEntityOfPage\":{\"@id\":\"https:\/\/www.pressenza.com\/it\/2024\/06\/effetto-elezioni-europee-in-francia-e-belgio-cadono-i-governi-in-germania-scholz-sfiduciato\/\"},\"wordCount\":876,\"publisher\":{\"@id\":\"https:\/\/www.pressenza.com\/it\/#organization\"},\"image\":{\"@id\":\"https:\/\/www.pressenza.com\/it\/2024\/06\/effetto-elezioni-europee-in-francia-e-belgio-cadono-i-governi-in-germania-scholz-sfiduciato\/#primaryimage\"},\"thumbnailUrl\":\"https:\/\/www.pressenza.com\/wp-content\/uploads\/2017\/09\/Bruxelles-parlamentoeuropeo_art.jpg\",\"keywords\":[\"dimissioni\",\"elezioni europee\",\"estrema destra\"],\"articleSection\":[\"Cronaca\",\"Europa\",\"Politica\"],\"inLanguage\":\"it-IT\"},{\"@type\":\"WebPage\",\"@id\":\"https:\/\/www.pressenza.com\/it\/2024\/06\/effetto-elezioni-europee-in-francia-e-belgio-cadono-i-governi-in-germania-scholz-sfiduciato\/\",\"url\":\"https:\/\/www.pressenza.com\/it\/2024\/06\/effetto-elezioni-europee-in-francia-e-belgio-cadono-i-governi-in-germania-scholz-sfiduciato\/\",\"name\":\"Effetto elezioni europee: in Francia e Belgio cadono i governi, in Germania Scholz sfiduciato\",\"isPartOf\":{\"@id\":\"https:\/\/www.pressenza.com\/it\/#website\"},\"primaryImageOfPage\":{\"@id\":\"https:\/\/www.pressenza.com\/it\/2024\/06\/effetto-elezioni-europee-in-francia-e-belgio-cadono-i-governi-in-germania-scholz-sfiduciato\/#primaryimage\"},\"image\":{\"@id\":\"https:\/\/www.pressenza.com\/it\/2024\/06\/effetto-elezioni-europee-in-francia-e-belgio-cadono-i-governi-in-germania-scholz-sfiduciato\/#primaryimage\"},\"thumbnailUrl\":\"https:\/\/www.pressenza.com\/wp-content\/uploads\/2017\/09\/Bruxelles-parlamentoeuropeo_art.jpg\",\"datePublished\":\"2024-06-10T12:35:00+00:00\",\"description\":\"Se i risultati delle elezioni europee, nel loro complesso, non lasciano presagire particolari scossoni per quanto attiene alle linee guida delle politiche\",\"breadcrumb\":{\"@id\":\"https:\/\/www.pressenza.com\/it\/2024\/06\/effetto-elezioni-europee-in-francia-e-belgio-cadono-i-governi-in-germania-scholz-sfiduciato\/#breadcrumb\"},\"inLanguage\":\"it-IT\",\"potentialAction\":[{\"@type\":\"ReadAction\",\"target\":[\"https:\/\/www.pressenza.com\/it\/2024\/06\/effetto-elezioni-europee-in-francia-e-belgio-cadono-i-governi-in-germania-scholz-sfiduciato\/\"]}]},{\"@type\":\"ImageObject\",\"inLanguage\":\"it-IT\",\"@id\":\"https:\/\/www.pressenza.com\/it\/2024\/06\/effetto-elezioni-europee-in-francia-e-belgio-cadono-i-governi-in-germania-scholz-sfiduciato\/#primaryimage\",\"url\":\"https:\/\/www.pressenza.com\/wp-content\/uploads\/2017\/09\/Bruxelles-parlamentoeuropeo_art.jpg\",\"contentUrl\":\"https:\/\/www.pressenza.com\/wp-content\/uploads\/2017\/09\/Bruxelles-parlamentoeuropeo_art.jpg\",\"width\":968,\"height\":562,\"caption\":\"STRASBURGO - FRANCIA - 21\/07\/2004 - PALAZZO DEL PARLAMENTO EUROPEO CON BANDIERE - FOTO MARMORINO\/NEWPRESS\"},{\"@type\":\"BreadcrumbList\",\"@id\":\"https:\/\/www.pressenza.com\/it\/2024\/06\/effetto-elezioni-europee-in-francia-e-belgio-cadono-i-governi-in-germania-scholz-sfiduciato\/#breadcrumb\",\"itemListElement\":[{\"@type\":\"ListItem\",\"position\":1,\"name\":\"Accueil\",\"item\":\"https:\/\/www.pressenza.com\/it\/\"},{\"@type\":\"ListItem\",\"position\":2,\"name\":\"Effetto elezioni europee: in Francia e Belgio cadono i governi, in Germania Scholz sfiduciato\"}]},{\"@type\":\"WebSite\",\"@id\":\"https:\/\/www.pressenza.com\/it\/#website\",\"url\":\"https:\/\/www.pressenza.com\/it\/\",\"name\":\"Pressenza\",\"description\":\"Agenzia di Stampa Internazionale\",\"publisher\":{\"@id\":\"https:\/\/www.pressenza.com\/it\/#organization\"},\"potentialAction\":[{\"@type\":\"SearchAction\",\"target\":{\"@type\":\"EntryPoint\",\"urlTemplate\":\"https:\/\/www.pressenza.com\/it\/?s={search_term_string}\"},\"query-input\":{\"@type\":\"PropertyValueSpecification\",\"valueRequired\":true,\"valueName\":\"search_term_string\"}}],\"inLanguage\":\"it-IT\"},{\"@type\":\"Organization\",\"@id\":\"https:\/\/www.pressenza.com\/it\/#organization\",\"name\":\"Pressenza\",\"url\":\"https:\/\/www.pressenza.com\/it\/\",\"logo\":{\"@type\":\"ImageObject\",\"inLanguage\":\"it-IT\",\"@id\":\"https:\/\/www.pressenza.com\/it\/#\/schema\/logo\/image\/\",\"url\":\"https:\/\/www.pressenza.com\/wp-content\/uploads\/2022\/10\/pressenza_logo_200x200.jpg\",\"contentUrl\":\"https:\/\/www.pressenza.com\/wp-content\/uploads\/2022\/10\/pressenza_logo_200x200.jpg\",\"width\":200,\"height\":200,\"caption\":\"Pressenza\"},\"image\":{\"@id\":\"https:\/\/www.pressenza.com\/it\/#\/schema\/logo\/image\/\"},\"sameAs\":[\"https:\/\/www.facebook.com\/PressenzaItalia\",\"https:\/\/x.com\/PressenzaIPA\"]},{\"@type\":\"Person\",\"@id\":\"https:\/\/www.pressenza.com\/it\/#\/schema\/person\/310a843582035e4eb98f61c521fd6236\",\"name\":\"L'Indipendente\",\"description\":\"Informazione senza padroni\",\"sameAs\":[\"https:\/\/www.lindipendente.online\/\"],\"url\":\"https:\/\/www.pressenza.com\/it\/author\/lindipendente\/\"}]}<\/script>\n<!-- \/ Yoast SEO plugin. -->","yoast_head_json":{"title":"Effetto elezioni europee: in Francia e Belgio cadono i governi, in Germania Scholz sfiduciato","description":"Se i risultati delle elezioni europee, nel loro complesso, non lasciano presagire particolari scossoni per quanto attiene alle linee guida delle politiche","robots":{"index":"index","follow":"follow","max-snippet":"max-snippet:-1","max-image-preview":"max-image-preview:large","max-video-preview":"max-video-preview:-1"},"canonical":"https:\/\/www.pressenza.com\/it\/2024\/06\/effetto-elezioni-europee-in-francia-e-belgio-cadono-i-governi-in-germania-scholz-sfiduciato\/","og_locale":"it_IT","og_type":"article","og_title":"Effetto elezioni europee: in Francia e Belgio cadono i governi, in Germania Scholz sfiduciato","og_description":"Se i risultati delle elezioni europee, nel loro complesso, non lasciano presagire particolari scossoni per quanto attiene alle linee guida delle politiche","og_url":"https:\/\/www.pressenza.com\/it\/2024\/06\/effetto-elezioni-europee-in-francia-e-belgio-cadono-i-governi-in-germania-scholz-sfiduciato\/","og_site_name":"Pressenza","article_publisher":"https:\/\/www.facebook.com\/PressenzaItalia","article_published_time":"2024-06-10T12:35:00+00:00","og_image":[{"width":968,"height":562,"url":"https:\/\/www.pressenza.com\/wp-content\/uploads\/2017\/09\/Bruxelles-parlamentoeuropeo_art.jpg","type":"image\/jpeg"}],"author":"L'Indipendente","twitter_card":"summary_large_image","twitter_creator":"@PressenzaIPA","twitter_site":"@PressenzaIPA","twitter_misc":{"Scritto da":"L'Indipendente","Tempo di lettura stimato":"5 minuti"},"schema":{"@context":"https:\/\/schema.org","@graph":[{"@type":"Article","@id":"https:\/\/www.pressenza.com\/it\/2024\/06\/effetto-elezioni-europee-in-francia-e-belgio-cadono-i-governi-in-germania-scholz-sfiduciato\/#article","isPartOf":{"@id":"https:\/\/www.pressenza.com\/it\/2024\/06\/effetto-elezioni-europee-in-francia-e-belgio-cadono-i-governi-in-germania-scholz-sfiduciato\/"},"author":{"name":"L'Indipendente","@id":"https:\/\/www.pressenza.com\/it\/#\/schema\/person\/310a843582035e4eb98f61c521fd6236"},"headline":"Effetto elezioni europee: in Francia e Belgio cadono i governi, in Germania Scholz sfiduciato","datePublished":"2024-06-10T12:35:00+00:00","mainEntityOfPage":{"@id":"https:\/\/www.pressenza.com\/it\/2024\/06\/effetto-elezioni-europee-in-francia-e-belgio-cadono-i-governi-in-germania-scholz-sfiduciato\/"},"wordCount":876,"publisher":{"@id":"https:\/\/www.pressenza.com\/it\/#organization"},"image":{"@id":"https:\/\/www.pressenza.com\/it\/2024\/06\/effetto-elezioni-europee-in-francia-e-belgio-cadono-i-governi-in-germania-scholz-sfiduciato\/#primaryimage"},"thumbnailUrl":"https:\/\/www.pressenza.com\/wp-content\/uploads\/2017\/09\/Bruxelles-parlamentoeuropeo_art.jpg","keywords":["dimissioni","elezioni europee","estrema destra"],"articleSection":["Cronaca","Europa","Politica"],"inLanguage":"it-IT"},{"@type":"WebPage","@id":"https:\/\/www.pressenza.com\/it\/2024\/06\/effetto-elezioni-europee-in-francia-e-belgio-cadono-i-governi-in-germania-scholz-sfiduciato\/","url":"https:\/\/www.pressenza.com\/it\/2024\/06\/effetto-elezioni-europee-in-francia-e-belgio-cadono-i-governi-in-germania-scholz-sfiduciato\/","name":"Effetto elezioni europee: in Francia e Belgio cadono i governi, in Germania Scholz sfiduciato","isPartOf":{"@id":"https:\/\/www.pressenza.com\/it\/#website"},"primaryImageOfPage":{"@id":"https:\/\/www.pressenza.com\/it\/2024\/06\/effetto-elezioni-europee-in-francia-e-belgio-cadono-i-governi-in-germania-scholz-sfiduciato\/#primaryimage"},"image":{"@id":"https:\/\/www.pressenza.com\/it\/2024\/06\/effetto-elezioni-europee-in-francia-e-belgio-cadono-i-governi-in-germania-scholz-sfiduciato\/#primaryimage"},"thumbnailUrl":"https:\/\/www.pressenza.com\/wp-content\/uploads\/2017\/09\/Bruxelles-parlamentoeuropeo_art.jpg","datePublished":"2024-06-10T12:35:00+00:00","description":"Se i risultati delle elezioni europee, nel loro complesso, non lasciano presagire particolari scossoni per quanto attiene alle linee guida delle politiche","breadcrumb":{"@id":"https:\/\/www.pressenza.com\/it\/2024\/06\/effetto-elezioni-europee-in-francia-e-belgio-cadono-i-governi-in-germania-scholz-sfiduciato\/#breadcrumb"},"inLanguage":"it-IT","potentialAction":[{"@type":"ReadAction","target":["https:\/\/www.pressenza.com\/it\/2024\/06\/effetto-elezioni-europee-in-francia-e-belgio-cadono-i-governi-in-germania-scholz-sfiduciato\/"]}]},{"@type":"ImageObject","inLanguage":"it-IT","@id":"https:\/\/www.pressenza.com\/it\/2024\/06\/effetto-elezioni-europee-in-francia-e-belgio-cadono-i-governi-in-germania-scholz-sfiduciato\/#primaryimage","url":"https:\/\/www.pressenza.com\/wp-content\/uploads\/2017\/09\/Bruxelles-parlamentoeuropeo_art.jpg","contentUrl":"https:\/\/www.pressenza.com\/wp-content\/uploads\/2017\/09\/Bruxelles-parlamentoeuropeo_art.jpg","width":968,"height":562,"caption":"STRASBURGO - FRANCIA - 21\/07\/2004 - PALAZZO DEL PARLAMENTO EUROPEO CON BANDIERE - FOTO MARMORINO\/NEWPRESS"},{"@type":"BreadcrumbList","@id":"https:\/\/www.pressenza.com\/it\/2024\/06\/effetto-elezioni-europee-in-francia-e-belgio-cadono-i-governi-in-germania-scholz-sfiduciato\/#breadcrumb","itemListElement":[{"@type":"ListItem","position":1,"name":"Accueil","item":"https:\/\/www.pressenza.com\/it\/"},{"@type":"ListItem","position":2,"name":"Effetto elezioni europee: in Francia e Belgio cadono i governi, in Germania Scholz sfiduciato"}]},{"@type":"WebSite","@id":"https:\/\/www.pressenza.com\/it\/#website","url":"https:\/\/www.pressenza.com\/it\/","name":"Pressenza","description":"Agenzia di Stampa Internazionale","publisher":{"@id":"https:\/\/www.pressenza.com\/it\/#organization"},"potentialAction":[{"@type":"SearchAction","target":{"@type":"EntryPoint","urlTemplate":"https:\/\/www.pressenza.com\/it\/?s={search_term_string}"},"query-input":{"@type":"PropertyValueSpecification","valueRequired":true,"valueName":"search_term_string"}}],"inLanguage":"it-IT"},{"@type":"Organization","@id":"https:\/\/www.pressenza.com\/it\/#organization","name":"Pressenza","url":"https:\/\/www.pressenza.com\/it\/","logo":{"@type":"ImageObject","inLanguage":"it-IT","@id":"https:\/\/www.pressenza.com\/it\/#\/schema\/logo\/image\/","url":"https:\/\/www.pressenza.com\/wp-content\/uploads\/2022\/10\/pressenza_logo_200x200.jpg","contentUrl":"https:\/\/www.pressenza.com\/wp-content\/uploads\/2022\/10\/pressenza_logo_200x200.jpg","width":200,"height":200,"caption":"Pressenza"},"image":{"@id":"https:\/\/www.pressenza.com\/it\/#\/schema\/logo\/image\/"},"sameAs":["https:\/\/www.facebook.com\/PressenzaItalia","https:\/\/x.com\/PressenzaIPA"]},{"@type":"Person","@id":"https:\/\/www.pressenza.com\/it\/#\/schema\/person\/310a843582035e4eb98f61c521fd6236","name":"L'Indipendente","description":"Informazione senza padroni","sameAs":["https:\/\/www.lindipendente.online\/"],"url":"https:\/\/www.pressenza.com\/it\/author\/lindipendente\/"}]}},"place":"Stefano Baudino","original_article_url":"https:\/\/www.lindipendente.online\/2024\/06\/10\/effetto-europee-in-francia-e-belgio-cadono-i-governi-in-germania-scholz-e-sfiduciato\/","_links":{"self":[{"href":"https:\/\/www.pressenza.com\/it\/wp-json\/wp\/v2\/posts\/2529631","targetHints":{"allow":["GET"]}}],"collection":[{"href":"https:\/\/www.pressenza.com\/it\/wp-json\/wp\/v2\/posts"}],"about":[{"href":"https:\/\/www.pressenza.com\/it\/wp-json\/wp\/v2\/types\/post"}],"author":[{"embeddable":true,"href":"https:\/\/www.pressenza.com\/it\/wp-json\/wp\/v2\/users\/2207"}],"replies":[{"embeddable":true,"href":"https:\/\/www.pressenza.com\/it\/wp-json\/wp\/v2\/comments?post=2529631"}],"version-history":[{"count":0,"href":"https:\/\/www.pressenza.com\/it\/wp-json\/wp\/v2\/posts\/2529631\/revisions"}],"wp:featuredmedia":[{"embeddable":true,"href":"https:\/\/www.pressenza.com\/it\/wp-json\/wp\/v2\/media\/514322"}],"wp:attachment":[{"href":"https:\/\/www.pressenza.com\/it\/wp-json\/wp\/v2\/media?parent=2529631"}],"wp:term":[{"taxonomy":"category","embeddable":true,"href":"https:\/\/www.pressenza.com\/it\/wp-json\/wp\/v2\/categories?post=2529631"},{"taxonomy":"post_tag","embeddable":true,"href":"https:\/\/www.pressenza.com\/it\/wp-json\/wp\/v2\/tags?post=2529631"}],"curies":[{"name":"wp","href":"https:\/\/api.w.org\/{rel}","templated":true}]}}