{"id":2529614,"date":"2024-06-10T11:18:25","date_gmt":"2024-06-10T10:18:25","guid":{"rendered":"https:\/\/www.pressenza.com\/?p=2529614"},"modified":"2024-06-10T11:18:25","modified_gmt":"2024-06-10T10:18:25","slug":"giacomo-matteotti-obiettore-di-coscienza-alla-guerra","status":"publish","type":"post","link":"https:\/\/www.pressenza.com\/it\/2024\/06\/giacomo-matteotti-obiettore-di-coscienza-alla-guerra\/","title":{"rendered":"Giacomo Matteotti obiettore di coscienza alla guerra"},"content":{"rendered":"<p><span style=\"font-weight: 400;\">\u00a0\u00a0<\/span><span style=\"font-weight: 400;\">A cento anni dal suo assassinio per mano del regime fascista, i cui eredi sono oggi al governo, \u00e8 doveroso ricordare che Giacomo Matteotti \u00e8 stato uno strenuo oppositore della guerra; non solo della campagna di Libia ma soprattutto del primo conflitto mondiale. Una coerenza con i suoi ideali pacifisti che egli pag\u00f2 con il confino, dopo essere stato denunciato e condannato per disfattismo e sedizione. Scont\u00f2 la condanna dapprima nel Veronese e poi in Sicilia, lontano dal fronte, fino al 1919.<\/span><\/p>\n<p><span style=\"font-weight: 400;\">La visione socialista ed internazionalista di Matteotti non ammetteva la concezione della <\/span><i><span style=\"font-weight: 400;\">patria, <\/span><\/i><span style=\"font-weight: 400;\">in nome della<\/span> <span style=\"font-weight: 400;\">quale venivano dichiarate le guerre e venivano inviate al macello le classi lavoratrici, nell\u2019una e nell\u2019altra parte del fronte. Del rapporto tra patria e classe egli scrive in un articolo pubblicato sul settimanale del Polesine \u201cLa lotta\u201d: \u201cNoi non neghiamo l\u2019esistenza della patria ma essa non \u00e8 la nostra idealit\u00e0; un\u2019altra e pi\u00f9 alta assai \u00e8 la nostra aspirazione. E quando a paladini della patria si ergono i clerico-moderati, i nazionalisti, i militaristi, cio\u00e8 tutti coloro che necessariamente si contrappongono all\u2019idealit\u00e0 socialista, e si servono anzi a tale scopo dello straccetto patriottico, allora noi insorgiamo anche contro la patria\u201d.<\/span><\/p>\n<p><span style=\"font-weight: 400;\">Giacomo Matteotti nella sua breve vita fu sempre guidato dalla bussola dell\u2019internazionalismo, dell\u2019emancipazione dei lavoratori e della difesa della libert\u00e0 di pensiero. Piero Gobetti cos\u00ec descrive il suo impegno antimilitarista: \u201cConviene mettere a confronto l\u2019esempio di Matteotti pacifista con la condotta tipica del pacifismo italiano, pavidi e servili per non essere presi di mira, nascosti e silenziosi nei comandi o negli impieghi, emuli dei nazionalisti nel rifugiarsi nei bassi servizi. Matteotti non disertava, non si nascondeva, accettava la logica del suo sovversivismo, le conseguenze dell\u2019eresia e dell\u2019impopolarit\u00e0: era contro la guerra un combattente generoso\u201d.<\/span><\/p>\n<p><span style=\"font-weight: 400;\">Quando in Europa \u00e8 gi\u00e0 scoppiata la guerra e anche l\u2019Italia si appresta a partecipare a quella che il Papa dell\u2019epoca, Benedetto XV, definir\u00e0 l\u2019 \u201dinutile strage\u201d, Matteotti mostra tutto il suo turbamento per l\u2019incapacit\u00e0 del movimento socialista di opporsi al massacro. Su \u201cLa lotta\u201d egli scrive: \u201cDoveva finire cos\u00ec. Cio\u00e8 doveva cominciare cos\u00ec: la povera bestia doveva andare al mattatoio gridando gioiosa (\u2026). I cultori dell\u2019ordine hanno in questi giorni esaltata la piazza (\u2026). I professori in palandrana hanno esaltato il monello che rompeva le vetrine. Il teppista diventa eroe (\u2026). Troppo debole \u00e8 stato il proletariato italiano (..). Prepariamoci ormai a veder dilagare la menzogna: prepariamoci a leggere vittorie sopra vittorie; i socialisti sotto bavaglio della censura e alla merc\u00e8 di ogni revolver di sbirro non esiteranno pi\u00f9. Ors\u00f9, lavoratori, che fare? Levatevi il cappello, passa la patria, e ormai pi\u00f9 non ci sono socialisti; passa la rovina, passa la guerra, e voi date ancora la vostra carne martoriata\u201d. E qualche tempo dopo, sempre sullo stesso giornale, egli scrive profeticamente: \u201cNoi non auguriamo e non desideriamo la vittoria di nessuno. Chiunque dei due raggruppamenti dovesse vincere vi sar\u00e0 un popolo vinto che preparer\u00e0 la rivincita per domani e quindi nuove guerre\u201d. E fu cos\u00ec: la guerra 1914-18 partor\u00ec i regimi fascista e nazista e questi scatenarono la seconda guerra mondiale.<\/span><\/p>\n<p><span style=\"font-weight: 400;\">Quanto attuale \u00e8 oggi l\u2019esempio di Matteotti! Mentre nel pianeta, insieme ad altre, divampano le fiamme di due terribili guerre, e mentre in Europa \u00e8 tornato a spirare con forza il vento bellicista, i popoli appaiono impotenti rispetto alla follia dei Capi di Stato che, con le loro politiche interventiste, stanno trascinando l\u2019umanit\u00e0 verso un nuovo micidiale, e totale, conflitto mondiale.\u00a0<\/span><\/p>\n<p><span style=\"font-weight: 400;\">Aldo Capitini, fondatore del Movimento Nonviolento, considerava Giacomo Matteotti uno dei suoi ispiratori. Non a caso la prima marcia specifica del Movimento, nell\u2019aprile del 1965, si concluse davanti al cippo di Matteotti, sul Lungotevere Arnaldo da Brescia a Roma. Cosa fare oggi? \u201cCi\u00f2 che serve sono atti, personali e collettivi, di dissociazione, di obiezione, di diserzione, di non collaborazione in alcun modo con la guerra e la sua preparazione\u201d, dice Mao Valpiana, presidente del Movimento Nonviolento, che aggiunge: \u201c\u00e8 questa la proposta concreta che abbiamo lanciato con la Campagna Obiezione alla guerra a sostegno degli obiettori di coscienza, disertori e renitenti alla leva di Russia, Bielorussia, Ucraina, Israele e Palestina. Sosteniamo le spese legali per i processi, o l\u2019assistenza in carcere, o il mantenimento di coloro che fuggono dal proprio Paese e vanno in esilio. La richiesta politica che facciamo alle istituzioni europee \u00e8 riconoscere lo status di rifugiati politici ai ragazzi dei Paesi in guerra che non vogliono imbracciare le armi ma non viene riconosciuto loro questo diritto umano fondamentale nei Paesi di origine\u201d.<\/span><\/p>\n<p><span style=\"font-weight: 400;\">Oggi Matteotti non starebbe certamente dalla parte dei capi di certa \u201csinistra\u201d che, indossati gli elmetti, fanno a gara con le componenti pi\u00f9 guerrafondaie nel sostenere un conflitto senza fine del Bene contro il Male. La pace \u00e8 diventata una parola tab\u00f9. Papa Francesco non \u00e8 ascoltato da nessuno e i pacifisti sono considerati quinte colonne del nemico. In tempi bui come quelli che stiamo vivendo non dobbiamo dimenticare il monito di Bertolt Brecht:\u00a0 \u201cChi sta in alto dice: si va verso la gloria; chi sta in basso dice: si va verso la fossa. E chi parla del nemico \u00e8 lui stesso il nemico\u201d.<\/span><\/p>\n","protected":false},"excerpt":{"rendered":"<p>\u00a0\u00a0A cento anni dal suo assassinio per mano del regime fascista, i cui eredi sono oggi al governo, \u00e8 doveroso ricordare che Giacomo Matteotti \u00e8 stato uno strenuo oppositore della guerra; non solo della campagna di Libia ma soprattutto del&hellip;<\/p>\n","protected":false},"author":2283,"featured_media":2528670,"comment_status":"closed","ping_status":"closed","sticky":false,"template":"","format":"standard","meta":{"footnotes":""},"categories":[11388,162,1263,55],"tags":[6371,10813,720,4520],"class_list":["post-2529614","post","type-post","status-publish","format-standard","has-post-thumbnail","hentry","category-contenuti-originali","category-opinioni","category-pace-disarmo","category-politica","tag-aldo-capitini","tag-giacomo-matteotti","tag-movimento-nonviolento","tag-pacifismo"],"yoast_head":"<!-- This site is optimized with the Yoast SEO plugin v27.1.1 - https:\/\/yoast.com\/product\/yoast-seo-wordpress\/ -->\n<title>Giacomo Matteotti obiettore di coscienza alla guerra<\/title>\n<meta name=\"description\" content=\"\u00a0\u00a0A cento anni dal suo assassinio per mano del regime fascista, i cui eredi sono oggi al governo, \u00e8 doveroso ricordare che Giacomo Matteotti \u00e8 stato uno\" \/>\n<meta name=\"robots\" content=\"index, follow, max-snippet:-1, max-image-preview:large, max-video-preview:-1\" \/>\n<link rel=\"canonical\" href=\"https:\/\/www.pressenza.com\/it\/2024\/06\/giacomo-matteotti-obiettore-di-coscienza-alla-guerra\/\" \/>\n<meta property=\"og:locale\" content=\"it_IT\" \/>\n<meta property=\"og:type\" content=\"article\" \/>\n<meta property=\"og:title\" content=\"Giacomo Matteotti obiettore di coscienza alla guerra\" \/>\n<meta property=\"og:description\" content=\"\u00a0\u00a0A cento anni dal suo assassinio per mano del regime fascista, i cui eredi sono oggi al governo, \u00e8 doveroso ricordare che Giacomo Matteotti \u00e8 stato uno\" \/>\n<meta property=\"og:url\" content=\"https:\/\/www.pressenza.com\/it\/2024\/06\/giacomo-matteotti-obiettore-di-coscienza-alla-guerra\/\" \/>\n<meta property=\"og:site_name\" content=\"Pressenza\" \/>\n<meta property=\"article:publisher\" content=\"https:\/\/www.facebook.com\/PressenzaItalia\" \/>\n<meta property=\"article:published_time\" content=\"2024-06-10T10:18:25+00:00\" \/>\n<meta property=\"og:image\" content=\"https:\/\/www.pressenza.com\/wp-content\/uploads\/2024\/06\/Giacomo-Matteotti-e-altri.jpg\" \/>\n\t<meta property=\"og:image:width\" content=\"1900\" \/>\n\t<meta property=\"og:image:height\" content=\"1069\" \/>\n\t<meta property=\"og:image:type\" content=\"image\/jpeg\" \/>\n<meta name=\"author\" content=\"Mario Pizzola\" \/>\n<meta name=\"twitter:card\" content=\"summary_large_image\" \/>\n<meta name=\"twitter:creator\" content=\"@PressenzaIPA\" \/>\n<meta name=\"twitter:site\" content=\"@PressenzaIPA\" \/>\n<meta name=\"twitter:label1\" content=\"Scritto da\" \/>\n\t<meta name=\"twitter:data1\" content=\"Mario Pizzola\" \/>\n\t<meta name=\"twitter:label2\" content=\"Tempo di lettura stimato\" \/>\n\t<meta name=\"twitter:data2\" content=\"5 minuti\" \/>\n<script type=\"application\/ld+json\" class=\"yoast-schema-graph\">{\"@context\":\"https:\/\/schema.org\",\"@graph\":[{\"@type\":\"Article\",\"@id\":\"https:\/\/www.pressenza.com\/it\/2024\/06\/giacomo-matteotti-obiettore-di-coscienza-alla-guerra\/#article\",\"isPartOf\":{\"@id\":\"https:\/\/www.pressenza.com\/it\/2024\/06\/giacomo-matteotti-obiettore-di-coscienza-alla-guerra\/\"},\"author\":{\"name\":\"Mario Pizzola\",\"@id\":\"https:\/\/www.pressenza.com\/it\/#\/schema\/person\/ddca2779620fe3362e5a340a840b6944\"},\"headline\":\"Giacomo Matteotti obiettore di coscienza alla guerra\",\"datePublished\":\"2024-06-10T10:18:25+00:00\",\"mainEntityOfPage\":{\"@id\":\"https:\/\/www.pressenza.com\/it\/2024\/06\/giacomo-matteotti-obiettore-di-coscienza-alla-guerra\/\"},\"wordCount\":859,\"publisher\":{\"@id\":\"https:\/\/www.pressenza.com\/it\/#organization\"},\"image\":{\"@id\":\"https:\/\/www.pressenza.com\/it\/2024\/06\/giacomo-matteotti-obiettore-di-coscienza-alla-guerra\/#primaryimage\"},\"thumbnailUrl\":\"https:\/\/www.pressenza.com\/wp-content\/uploads\/2024\/06\/Giacomo-Matteotti-e-altri.jpg\",\"keywords\":[\"Aldo Capitini\",\"Giacomo Matteotti\",\"Movimento Nonviolento\",\"pacifismo\"],\"articleSection\":[\"contenuti originali\",\"Opinioni\",\"Pace e Disarmo\",\"Politica\"],\"inLanguage\":\"it-IT\"},{\"@type\":\"WebPage\",\"@id\":\"https:\/\/www.pressenza.com\/it\/2024\/06\/giacomo-matteotti-obiettore-di-coscienza-alla-guerra\/\",\"url\":\"https:\/\/www.pressenza.com\/it\/2024\/06\/giacomo-matteotti-obiettore-di-coscienza-alla-guerra\/\",\"name\":\"Giacomo Matteotti obiettore di coscienza alla guerra\",\"isPartOf\":{\"@id\":\"https:\/\/www.pressenza.com\/it\/#website\"},\"primaryImageOfPage\":{\"@id\":\"https:\/\/www.pressenza.com\/it\/2024\/06\/giacomo-matteotti-obiettore-di-coscienza-alla-guerra\/#primaryimage\"},\"image\":{\"@id\":\"https:\/\/www.pressenza.com\/it\/2024\/06\/giacomo-matteotti-obiettore-di-coscienza-alla-guerra\/#primaryimage\"},\"thumbnailUrl\":\"https:\/\/www.pressenza.com\/wp-content\/uploads\/2024\/06\/Giacomo-Matteotti-e-altri.jpg\",\"datePublished\":\"2024-06-10T10:18:25+00:00\",\"description\":\"\u00a0\u00a0A cento anni dal suo assassinio per mano del regime fascista, i cui eredi sono oggi al governo, \u00e8 doveroso ricordare che Giacomo Matteotti \u00e8 stato uno\",\"breadcrumb\":{\"@id\":\"https:\/\/www.pressenza.com\/it\/2024\/06\/giacomo-matteotti-obiettore-di-coscienza-alla-guerra\/#breadcrumb\"},\"inLanguage\":\"it-IT\",\"potentialAction\":[{\"@type\":\"ReadAction\",\"target\":[\"https:\/\/www.pressenza.com\/it\/2024\/06\/giacomo-matteotti-obiettore-di-coscienza-alla-guerra\/\"]}]},{\"@type\":\"ImageObject\",\"inLanguage\":\"it-IT\",\"@id\":\"https:\/\/www.pressenza.com\/it\/2024\/06\/giacomo-matteotti-obiettore-di-coscienza-alla-guerra\/#primaryimage\",\"url\":\"https:\/\/www.pressenza.com\/wp-content\/uploads\/2024\/06\/Giacomo-Matteotti-e-altri.jpg\",\"contentUrl\":\"https:\/\/www.pressenza.com\/wp-content\/uploads\/2024\/06\/Giacomo-Matteotti-e-altri.jpg\",\"width\":1900,\"height\":1069},{\"@type\":\"BreadcrumbList\",\"@id\":\"https:\/\/www.pressenza.com\/it\/2024\/06\/giacomo-matteotti-obiettore-di-coscienza-alla-guerra\/#breadcrumb\",\"itemListElement\":[{\"@type\":\"ListItem\",\"position\":1,\"name\":\"Accueil\",\"item\":\"https:\/\/www.pressenza.com\/it\/\"},{\"@type\":\"ListItem\",\"position\":2,\"name\":\"Giacomo Matteotti obiettore di coscienza alla guerra\"}]},{\"@type\":\"WebSite\",\"@id\":\"https:\/\/www.pressenza.com\/it\/#website\",\"url\":\"https:\/\/www.pressenza.com\/it\/\",\"name\":\"Pressenza\",\"description\":\"Agenzia di Stampa Internazionale\",\"publisher\":{\"@id\":\"https:\/\/www.pressenza.com\/it\/#organization\"},\"potentialAction\":[{\"@type\":\"SearchAction\",\"target\":{\"@type\":\"EntryPoint\",\"urlTemplate\":\"https:\/\/www.pressenza.com\/it\/?s={search_term_string}\"},\"query-input\":{\"@type\":\"PropertyValueSpecification\",\"valueRequired\":true,\"valueName\":\"search_term_string\"}}],\"inLanguage\":\"it-IT\"},{\"@type\":\"Organization\",\"@id\":\"https:\/\/www.pressenza.com\/it\/#organization\",\"name\":\"Pressenza\",\"url\":\"https:\/\/www.pressenza.com\/it\/\",\"logo\":{\"@type\":\"ImageObject\",\"inLanguage\":\"it-IT\",\"@id\":\"https:\/\/www.pressenza.com\/it\/#\/schema\/logo\/image\/\",\"url\":\"https:\/\/www.pressenza.com\/wp-content\/uploads\/2022\/10\/pressenza_logo_200x200.jpg\",\"contentUrl\":\"https:\/\/www.pressenza.com\/wp-content\/uploads\/2022\/10\/pressenza_logo_200x200.jpg\",\"width\":200,\"height\":200,\"caption\":\"Pressenza\"},\"image\":{\"@id\":\"https:\/\/www.pressenza.com\/it\/#\/schema\/logo\/image\/\"},\"sameAs\":[\"https:\/\/www.facebook.com\/PressenzaItalia\",\"https:\/\/x.com\/PressenzaIPA\"]},{\"@type\":\"Person\",\"@id\":\"https:\/\/www.pressenza.com\/it\/#\/schema\/person\/ddca2779620fe3362e5a340a840b6944\",\"name\":\"Mario Pizzola\",\"description\":\"Mario Pizzola \u00e8 nato a Pratola Peligna (AQ) nel 1946. Nel 1970 si \u00e8 laureato in Economia e Commercio all\u2019Universit\u00e0 La Sapienza di Roma. Con altri sette giovani, nel 1971, ha dato vita alla prima obiezione di coscienza collettiva in Italia. \u00c8 stato segretario nazionale del Movimento Nonviolento e consigliere provinciale e comunale dei Verdi. Da molti anni si occupa della formazione dei giovani in Servizio Civile ed \u00e8 impegnato, oltre che sui temi della pace, nelle lotte per la difesa dell\u2019ambiente.\",\"url\":\"https:\/\/www.pressenza.com\/it\/author\/mario-pizzola\/\"}]}<\/script>\n<!-- \/ Yoast SEO plugin. -->","yoast_head_json":{"title":"Giacomo Matteotti obiettore di coscienza alla guerra","description":"\u00a0\u00a0A cento anni dal suo assassinio per mano del regime fascista, i cui eredi sono oggi al governo, \u00e8 doveroso ricordare che Giacomo Matteotti \u00e8 stato uno","robots":{"index":"index","follow":"follow","max-snippet":"max-snippet:-1","max-image-preview":"max-image-preview:large","max-video-preview":"max-video-preview:-1"},"canonical":"https:\/\/www.pressenza.com\/it\/2024\/06\/giacomo-matteotti-obiettore-di-coscienza-alla-guerra\/","og_locale":"it_IT","og_type":"article","og_title":"Giacomo Matteotti obiettore di coscienza alla guerra","og_description":"\u00a0\u00a0A cento anni dal suo assassinio per mano del regime fascista, i cui eredi sono oggi al governo, \u00e8 doveroso ricordare che Giacomo Matteotti \u00e8 stato uno","og_url":"https:\/\/www.pressenza.com\/it\/2024\/06\/giacomo-matteotti-obiettore-di-coscienza-alla-guerra\/","og_site_name":"Pressenza","article_publisher":"https:\/\/www.facebook.com\/PressenzaItalia","article_published_time":"2024-06-10T10:18:25+00:00","og_image":[{"width":1900,"height":1069,"url":"https:\/\/www.pressenza.com\/wp-content\/uploads\/2024\/06\/Giacomo-Matteotti-e-altri.jpg","type":"image\/jpeg"}],"author":"Mario Pizzola","twitter_card":"summary_large_image","twitter_creator":"@PressenzaIPA","twitter_site":"@PressenzaIPA","twitter_misc":{"Scritto da":"Mario Pizzola","Tempo di lettura stimato":"5 minuti"},"schema":{"@context":"https:\/\/schema.org","@graph":[{"@type":"Article","@id":"https:\/\/www.pressenza.com\/it\/2024\/06\/giacomo-matteotti-obiettore-di-coscienza-alla-guerra\/#article","isPartOf":{"@id":"https:\/\/www.pressenza.com\/it\/2024\/06\/giacomo-matteotti-obiettore-di-coscienza-alla-guerra\/"},"author":{"name":"Mario Pizzola","@id":"https:\/\/www.pressenza.com\/it\/#\/schema\/person\/ddca2779620fe3362e5a340a840b6944"},"headline":"Giacomo Matteotti obiettore di coscienza alla guerra","datePublished":"2024-06-10T10:18:25+00:00","mainEntityOfPage":{"@id":"https:\/\/www.pressenza.com\/it\/2024\/06\/giacomo-matteotti-obiettore-di-coscienza-alla-guerra\/"},"wordCount":859,"publisher":{"@id":"https:\/\/www.pressenza.com\/it\/#organization"},"image":{"@id":"https:\/\/www.pressenza.com\/it\/2024\/06\/giacomo-matteotti-obiettore-di-coscienza-alla-guerra\/#primaryimage"},"thumbnailUrl":"https:\/\/www.pressenza.com\/wp-content\/uploads\/2024\/06\/Giacomo-Matteotti-e-altri.jpg","keywords":["Aldo Capitini","Giacomo Matteotti","Movimento Nonviolento","pacifismo"],"articleSection":["contenuti originali","Opinioni","Pace e Disarmo","Politica"],"inLanguage":"it-IT"},{"@type":"WebPage","@id":"https:\/\/www.pressenza.com\/it\/2024\/06\/giacomo-matteotti-obiettore-di-coscienza-alla-guerra\/","url":"https:\/\/www.pressenza.com\/it\/2024\/06\/giacomo-matteotti-obiettore-di-coscienza-alla-guerra\/","name":"Giacomo Matteotti obiettore di coscienza alla guerra","isPartOf":{"@id":"https:\/\/www.pressenza.com\/it\/#website"},"primaryImageOfPage":{"@id":"https:\/\/www.pressenza.com\/it\/2024\/06\/giacomo-matteotti-obiettore-di-coscienza-alla-guerra\/#primaryimage"},"image":{"@id":"https:\/\/www.pressenza.com\/it\/2024\/06\/giacomo-matteotti-obiettore-di-coscienza-alla-guerra\/#primaryimage"},"thumbnailUrl":"https:\/\/www.pressenza.com\/wp-content\/uploads\/2024\/06\/Giacomo-Matteotti-e-altri.jpg","datePublished":"2024-06-10T10:18:25+00:00","description":"\u00a0\u00a0A cento anni dal suo assassinio per mano del regime fascista, i cui eredi sono oggi al governo, \u00e8 doveroso ricordare che Giacomo Matteotti \u00e8 stato uno","breadcrumb":{"@id":"https:\/\/www.pressenza.com\/it\/2024\/06\/giacomo-matteotti-obiettore-di-coscienza-alla-guerra\/#breadcrumb"},"inLanguage":"it-IT","potentialAction":[{"@type":"ReadAction","target":["https:\/\/www.pressenza.com\/it\/2024\/06\/giacomo-matteotti-obiettore-di-coscienza-alla-guerra\/"]}]},{"@type":"ImageObject","inLanguage":"it-IT","@id":"https:\/\/www.pressenza.com\/it\/2024\/06\/giacomo-matteotti-obiettore-di-coscienza-alla-guerra\/#primaryimage","url":"https:\/\/www.pressenza.com\/wp-content\/uploads\/2024\/06\/Giacomo-Matteotti-e-altri.jpg","contentUrl":"https:\/\/www.pressenza.com\/wp-content\/uploads\/2024\/06\/Giacomo-Matteotti-e-altri.jpg","width":1900,"height":1069},{"@type":"BreadcrumbList","@id":"https:\/\/www.pressenza.com\/it\/2024\/06\/giacomo-matteotti-obiettore-di-coscienza-alla-guerra\/#breadcrumb","itemListElement":[{"@type":"ListItem","position":1,"name":"Accueil","item":"https:\/\/www.pressenza.com\/it\/"},{"@type":"ListItem","position":2,"name":"Giacomo Matteotti obiettore di coscienza alla guerra"}]},{"@type":"WebSite","@id":"https:\/\/www.pressenza.com\/it\/#website","url":"https:\/\/www.pressenza.com\/it\/","name":"Pressenza","description":"Agenzia di Stampa Internazionale","publisher":{"@id":"https:\/\/www.pressenza.com\/it\/#organization"},"potentialAction":[{"@type":"SearchAction","target":{"@type":"EntryPoint","urlTemplate":"https:\/\/www.pressenza.com\/it\/?s={search_term_string}"},"query-input":{"@type":"PropertyValueSpecification","valueRequired":true,"valueName":"search_term_string"}}],"inLanguage":"it-IT"},{"@type":"Organization","@id":"https:\/\/www.pressenza.com\/it\/#organization","name":"Pressenza","url":"https:\/\/www.pressenza.com\/it\/","logo":{"@type":"ImageObject","inLanguage":"it-IT","@id":"https:\/\/www.pressenza.com\/it\/#\/schema\/logo\/image\/","url":"https:\/\/www.pressenza.com\/wp-content\/uploads\/2022\/10\/pressenza_logo_200x200.jpg","contentUrl":"https:\/\/www.pressenza.com\/wp-content\/uploads\/2022\/10\/pressenza_logo_200x200.jpg","width":200,"height":200,"caption":"Pressenza"},"image":{"@id":"https:\/\/www.pressenza.com\/it\/#\/schema\/logo\/image\/"},"sameAs":["https:\/\/www.facebook.com\/PressenzaItalia","https:\/\/x.com\/PressenzaIPA"]},{"@type":"Person","@id":"https:\/\/www.pressenza.com\/it\/#\/schema\/person\/ddca2779620fe3362e5a340a840b6944","name":"Mario Pizzola","description":"Mario Pizzola \u00e8 nato a Pratola Peligna (AQ) nel 1946. Nel 1970 si \u00e8 laureato in Economia e Commercio all\u2019Universit\u00e0 La Sapienza di Roma. Con altri sette giovani, nel 1971, ha dato vita alla prima obiezione di coscienza collettiva in Italia. \u00c8 stato segretario nazionale del Movimento Nonviolento e consigliere provinciale e comunale dei Verdi. Da molti anni si occupa della formazione dei giovani in Servizio Civile ed \u00e8 impegnato, oltre che sui temi della pace, nelle lotte per la difesa dell\u2019ambiente.","url":"https:\/\/www.pressenza.com\/it\/author\/mario-pizzola\/"}]}},"place":"","original_article_url":"","_links":{"self":[{"href":"https:\/\/www.pressenza.com\/it\/wp-json\/wp\/v2\/posts\/2529614","targetHints":{"allow":["GET"]}}],"collection":[{"href":"https:\/\/www.pressenza.com\/it\/wp-json\/wp\/v2\/posts"}],"about":[{"href":"https:\/\/www.pressenza.com\/it\/wp-json\/wp\/v2\/types\/post"}],"author":[{"embeddable":true,"href":"https:\/\/www.pressenza.com\/it\/wp-json\/wp\/v2\/users\/2283"}],"replies":[{"embeddable":true,"href":"https:\/\/www.pressenza.com\/it\/wp-json\/wp\/v2\/comments?post=2529614"}],"version-history":[{"count":0,"href":"https:\/\/www.pressenza.com\/it\/wp-json\/wp\/v2\/posts\/2529614\/revisions"}],"wp:featuredmedia":[{"embeddable":true,"href":"https:\/\/www.pressenza.com\/it\/wp-json\/wp\/v2\/media\/2528670"}],"wp:attachment":[{"href":"https:\/\/www.pressenza.com\/it\/wp-json\/wp\/v2\/media?parent=2529614"}],"wp:term":[{"taxonomy":"category","embeddable":true,"href":"https:\/\/www.pressenza.com\/it\/wp-json\/wp\/v2\/categories?post=2529614"},{"taxonomy":"post_tag","embeddable":true,"href":"https:\/\/www.pressenza.com\/it\/wp-json\/wp\/v2\/tags?post=2529614"}],"curies":[{"name":"wp","href":"https:\/\/api.w.org\/{rel}","templated":true}]}}