{"id":2528297,"date":"2024-06-03T16:33:47","date_gmt":"2024-06-03T15:33:47","guid":{"rendered":"https:\/\/www.pressenza.com\/?p=2528297"},"modified":"2024-06-03T16:35:49","modified_gmt":"2024-06-03T15:35:49","slug":"eirenefest-2024-la-maieutica-di-danilo-dolci-per-superare-il-virus-del-dominio","status":"publish","type":"post","link":"https:\/\/www.pressenza.com\/it\/2024\/06\/eirenefest-2024-la-maieutica-di-danilo-dolci-per-superare-il-virus-del-dominio\/","title":{"rendered":"Eirenefest 2024. La maieutica di Danilo Dolci per superare il virus del dominio"},"content":{"rendered":"<p><strong>Nell\u2019ambito di Eirenefest, appuntamento annuale sui temi della pace e della nonviolenza, si \u00e8 svolta una tavola rotonda su \u201cDanilo Dolci e la rivoluzione nonviolenta. La struttura maieutica reciproca per superare il virus del dominio\u201d<\/strong> alla quale hanno portato le testimonianze e il contributo del loro impegno Daniela Dolci, presidente del Borgo Danilo Dolci; Giuseppe Barone, autore e collaboratore di Danilo Dolci; Tiziana Morgante, educatrice e saggista; Annabella Coiro del Centro di Nonviolenza Attiva di Milano.<\/p>\n<p>Per tutta la vita Danilo Dolci ha cercato le strategie migliori per liberare la creativit\u00e0 umana, quale antidoto alla distruzione e l\u2019ha scoperto nell\u2019approccio educativo maieutico, termine di antica filosofia, la cui esperienza oggi si potrebbe sperimentare quale metodo su larga scala nelle scuole. Negli anni \u201970 Dolci immagin\u00f2 &#8211; coinvolgendo i bambini, gli educatori, la gente della zona &#8211; il Centro Educativo di Mirto, nella campagna a poca distanza da Partinico, in provincia di Palermo: una scuola progettata secondo le indicazioni dal basso dagli architetti milanesi Giancarlo e Giovanna Polo, che offrirono da volontari il loro impegno.\u00a0 A Mirto era chiara l\u2019esigenza di porre il bambino nel ruolo primario di osservatore del mondo: oggi il plesso, realizzato a suo tempo con i fondi dei comitati sostenitori, \u00e8 riconosciuto ufficialmente dallo Stato quale scuola sperimentale .<\/p>\n<p>L\u2019incontro \u00e8 stato coordinato da <strong>Annabella Coiro<\/strong>, che si occupa di ricerca sulle relazioni generative nonviolente, specialmente in ambito educativo. \u00c8 formatrice, attivista, gi\u00e0 imprenditrice nel mondo della comunicazione. Da circa 20 anni cura progetti di educazione alla nonviolenza e alla cittadinanza nelle scuole. Ha co-fondato a Milano la\u00a0<em>Casa delle Donne<\/em>, il\u00a0Centro di nonviolenza attiva e\u00a0la rete EDUMANA costituita da scuole che promuovono pratiche educative volte alla costruzione di comunit\u00e0 educanti e alla prevenzione della violenza. Tra i suoi impegni pi\u00f9 recenti, ha curato e scritto con altri autori e autrici il volume \u2018<em>Scuola Sconfinata. Per una rivoluzione educativa\u2019\u00a0<\/em>pubblicato dalla<strong>\u00a0<\/strong>Fondazione Feltrinelli.<\/p>\n<p><strong>Giuseppe Barone<\/strong> si occupa da decenni, nella sua pur giovane vita, di nonviolenza, educazione alla pace e diritti umani. Collaboratore di Danilo Dolci dal 1985, \u00e8 vicepresidente dell&#8217;omonimo Centro. Ha pubblicato \u201cLa forza della nonviolenza. Bibliografia e profilo biografico di Danilo Dolci\u201d (Napoli 2004). Sta per uscire inoltre, in occasione del centenario della nascita di Dolci, edito da Altraeconomia, \u201cDanilo Dolci, una rivoluzione non violenta\u201d. La vita e l\u2019opera di un uomo di pace. Con un\u2019intervista di Mao Valpiana e un ricordo di Luca Baranelli. Alla tavola rotonda di Eirenefest Giuseppe Barone ha raccontato ai presenti, con humour, di aver conosciuto Dolci a scuola verso i quattordici anni, alla met\u00e0 degli anni \u201980, ritenendolo soprattutto un grande scrittore. Meravigliato della sua assenza di superiorit\u00e0 per la richiesta di reciproco \u201ctu\u201d, lo fu ancor pi\u00f9 per le domanda con cui esord\u00ec Danilo: \u201cSapete cos&#8217;\u00e8 una zecca?\u201d. Per inciso la zecca \u00e8 un parassita di molti animali e dell\u2019uomo e trasmette malattie infettive.<\/p>\n<p>Ma per capire occorre fare una disgressione. Nel suo libro di poesie \u201cIl Dio delle zecche\u201d Dolci individua il comportamento distruttivo e parassitario umano con questi versi: \u201cLui, l\u2019avvelenatore \/ di fiumi azzurri laghi nitidi mari \/ spogliatore a verdi foreste \/ di ogni foglia \/ rapace sterminatore \/ di famiglie di pesci e uccelli &#8211; \/ lui, assassino \/ per ornarsi della pelle dell\u2019altro \/ lui, chi non macella a furia lo spinala \/ prigioniero fino al macello \/ lui belva sorridente\u201d.\u00a0 Danilo cercava riscontro e conferma ai suoi dubbi. Giuseppe Barone testimonia che inaspettatamente la risposta venne da un ragazzo ritenuto sciocco: afferm\u00f2 che alcune persone si comportano con gli altri come zecche. \u201cDa l\u00ec il passo fu breve \u2013 conclude Giuseppe Barone \u2013 iniziammo a parlare di Auschwitz \u2026\u201d Ed ecco un esempio di quello che pu\u00f2 essere definito metodo maieutico, approccio bilaterale alla riflessione e alla comprensione dei fenomeni, dove nessuno \u00e8 passivo e tutti vengono valorizzati.<\/p>\n<p><strong>Tiziana Rita Morgante<\/strong> ha pubblicato \u201cChiamami solo Danilo. Racconto per bambini e per chi non ha smesso di sognare\u201d per Armando editore e \u201cDanilo Dolci. Esperienza di una maieutica planetaria\u201d per Vertigo editore. Educatrice e saggista, insegna a Roma, presso l\u2019istituto comprensivo Piersanti Mattarella applicando la maieutica, sulla quale ha fatto una tesi di laurea dopo aver personalmente conosciuto Danilo Dolci durante un seminario sui temi di dominio e potere. (Occorre specificare che Dolci faceva differenza tra dominio, inteso come prevaricazione, e potere quale assunzione di responsabilit\u00e0). Tiziana Rita Morgante testimonia il successo di un metodo in cui ognuno diventa protagonista e partecipa con interesse, attraverso gruppi che sono sempre pi\u00f9 numerosi e attenti.\u00a0 La Morgante afferma che \u201cnella maieutica non c\u2019\u00e8 nulla d\u2019improvvisato, eppure non si possono prevedere gli esiti di quello che sar\u00e0 il risultato\u201d. Evidenzia attraverso un video come persino nello spiegare la grammatica l\u2019approccio possa essere maieutico, come in giardino i suoi scolari riflettano e imparino da ci\u00f2 che scoprono.<\/p>\n<p>Figlia di Danilo, <strong>Daniela Dolci<\/strong> si \u00e8 trasferita giovanissima a Basilea, dove tuttora vive, per studiare clavicembalo alla Schola Cantorum Basiliensis. Nel 1990 fonda l\u2019orchestra barocca MUSICA FIORITA, specializzata nella musica del \u2018600 e \u2018700. Intensa la sua attivit\u00e0 come clavicembalista e direttore d\u2019orchestra a livello locale e internazionale. Oltre all\u2019attivit\u00e0 concertistica si \u00e8 occupata di ricerche musicali focalizzando l\u2019attenzione su autori e autrici meno conosciuti del periodo barocco, riportandoli alla luce attraverso concerti e registrazioni. Ha ricevuto numerosi riconoscimenti nazionali e internazionali. \u00c8 stata membro del Consiglio Universitario di Basilea dal 2014 al 2021. Crede nella musica come un linguaggio universale che contribuisce a sviluppare e affinare la capacit\u00e0 di ascolto, mediatore di sensibilit\u00e0, comprensione, rispetto e amore tra le diverse culture. Dal 2021 Daniela Dolci si dedica assiduamente alla ricostruzione del Centro di Formazione Borgo Danilo Dolci a Trappeto. Brevissima nel suo intervento a Eirenefest, Daniela ha sintetizzato come, non senza costi, sia voluta passare dall\u2019impegno musicale a quello di ristrutturazione del Borgo di Trappeto, dove insieme a altri spera di ridare vita a una struttura che possa diventare punto di riferimento, anche internazionale, quale \u201ccentro di studi e iniziative per la piena occupazione\u201d.<\/p>\n<p>Un filmato, protagonista Don Ciotti, ha testimoniato lo stato dei lavori in cui attualmente si trova il Borgo\u00a0 Danilo Dolci, sulla sommit\u00e0 della collina che sovrasta Trappeto, dove nel 1952 mor\u00ec di denutrizione il bambino Benedetto Barretta, per il quale Danilo intraprese il primo digiuno di protesta. Perch\u00e9 tale passato rimanga una memoria, la rivitalizzazione dell\u2019esperienza di Dolci diventa un segnale di cambiamento imprescindibile.<\/p>\n<p>&nbsp;<\/p>\n<p>&nbsp;<\/p>\n","protected":false},"excerpt":{"rendered":"<p>Nell\u2019ambito di Eirenefest, appuntamento annuale sui temi della pace e della nonviolenza, si \u00e8 svolta una tavola rotonda su \u201cDanilo Dolci e la rivoluzione nonviolenta. La struttura maieutica reciproca per superare il virus del dominio\u201d alla quale hanno portato le&hellip;<\/p>\n","protected":false},"author":1467,"featured_media":2528298,"comment_status":"closed","ping_status":"closed","sticky":false,"template":"","format":"standard","meta":{"footnotes":""},"categories":[11388,1258,47,1262],"tags":[6841,121763,11264],"class_list":["post-2528297","post","type-post","status-publish","format-standard","has-post-thumbnail","hentry","category-contenuti-originali","category-educazione","category-europa","category-nonviolenza-argomento","tag-danilo-dolci","tag-eirenefest-2024","tag-maieutica"],"yoast_head":"<!-- This site is optimized with the Yoast SEO plugin v27.1.1 - https:\/\/yoast.com\/product\/yoast-seo-wordpress\/ -->\n<title>Eirenefest 2024. La maieutica di Danilo Dolci per superare il virus del dominio<\/title>\n<meta name=\"description\" content=\"Nell\u2019ambito di Eirenefest, appuntamento annuale sui temi della pace e della nonviolenza, si \u00e8 svolta una tavola rotonda su \u201cDanilo Dolci e la rivoluzione\" \/>\n<meta name=\"robots\" content=\"index, follow, max-snippet:-1, max-image-preview:large, max-video-preview:-1\" \/>\n<link rel=\"canonical\" href=\"https:\/\/www.pressenza.com\/it\/2024\/06\/eirenefest-2024-la-maieutica-di-danilo-dolci-per-superare-il-virus-del-dominio\/\" \/>\n<meta property=\"og:locale\" content=\"it_IT\" \/>\n<meta property=\"og:type\" content=\"article\" \/>\n<meta property=\"og:title\" content=\"Eirenefest 2024. La maieutica di Danilo Dolci per superare il virus del dominio\" \/>\n<meta property=\"og:description\" content=\"Nell\u2019ambito di Eirenefest, appuntamento annuale sui temi della pace e della nonviolenza, si \u00e8 svolta una tavola rotonda su \u201cDanilo Dolci e la rivoluzione\" \/>\n<meta property=\"og:url\" content=\"https:\/\/www.pressenza.com\/it\/2024\/06\/eirenefest-2024-la-maieutica-di-danilo-dolci-per-superare-il-virus-del-dominio\/\" \/>\n<meta property=\"og:site_name\" content=\"Pressenza\" \/>\n<meta property=\"article:publisher\" content=\"https:\/\/www.facebook.com\/PressenzaItalia\" \/>\n<meta property=\"article:published_time\" content=\"2024-06-03T15:33:47+00:00\" \/>\n<meta property=\"article:modified_time\" content=\"2024-06-03T15:35:49+00:00\" \/>\n<meta property=\"og:image\" content=\"https:\/\/www.pressenza.com\/wp-content\/uploads\/2024\/06\/incontro-Danilo-Eirenefest.jpg\" \/>\n\t<meta property=\"og:image:width\" content=\"1080\" \/>\n\t<meta property=\"og:image:height\" content=\"810\" \/>\n\t<meta property=\"og:image:type\" content=\"image\/jpeg\" \/>\n<meta name=\"author\" content=\"Bruna Alasia\" \/>\n<meta name=\"twitter:card\" content=\"summary_large_image\" \/>\n<meta name=\"twitter:creator\" content=\"@PressenzaIPA\" \/>\n<meta name=\"twitter:site\" content=\"@PressenzaIPA\" \/>\n<meta name=\"twitter:label1\" content=\"Scritto da\" \/>\n\t<meta name=\"twitter:data1\" content=\"Bruna Alasia\" \/>\n\t<meta name=\"twitter:label2\" content=\"Tempo di lettura stimato\" \/>\n\t<meta name=\"twitter:data2\" content=\"6 minuti\" \/>\n<script type=\"application\/ld+json\" class=\"yoast-schema-graph\">{\"@context\":\"https:\/\/schema.org\",\"@graph\":[{\"@type\":\"Article\",\"@id\":\"https:\/\/www.pressenza.com\/it\/2024\/06\/eirenefest-2024-la-maieutica-di-danilo-dolci-per-superare-il-virus-del-dominio\/#article\",\"isPartOf\":{\"@id\":\"https:\/\/www.pressenza.com\/it\/2024\/06\/eirenefest-2024-la-maieutica-di-danilo-dolci-per-superare-il-virus-del-dominio\/\"},\"author\":{\"name\":\"Bruna Alasia\",\"@id\":\"https:\/\/www.pressenza.com\/it\/#\/schema\/person\/1f9c7a58fb1832ec7b9f17fb8630ca6d\"},\"headline\":\"Eirenefest 2024. La maieutica di Danilo Dolci per superare il virus del dominio\",\"datePublished\":\"2024-06-03T15:33:47+00:00\",\"dateModified\":\"2024-06-03T15:35:49+00:00\",\"mainEntityOfPage\":{\"@id\":\"https:\/\/www.pressenza.com\/it\/2024\/06\/eirenefest-2024-la-maieutica-di-danilo-dolci-per-superare-il-virus-del-dominio\/\"},\"wordCount\":1062,\"publisher\":{\"@id\":\"https:\/\/www.pressenza.com\/it\/#organization\"},\"image\":{\"@id\":\"https:\/\/www.pressenza.com\/it\/2024\/06\/eirenefest-2024-la-maieutica-di-danilo-dolci-per-superare-il-virus-del-dominio\/#primaryimage\"},\"thumbnailUrl\":\"https:\/\/www.pressenza.com\/wp-content\/uploads\/2024\/06\/incontro-Danilo-Eirenefest.jpg\",\"keywords\":[\"Danilo Dolci\",\"Eirenefest 2024\",\"maieutica\"],\"articleSection\":[\"contenuti originali\",\"Educazione\",\"Europa\",\"Nonviolenza\"],\"inLanguage\":\"it-IT\"},{\"@type\":\"WebPage\",\"@id\":\"https:\/\/www.pressenza.com\/it\/2024\/06\/eirenefest-2024-la-maieutica-di-danilo-dolci-per-superare-il-virus-del-dominio\/\",\"url\":\"https:\/\/www.pressenza.com\/it\/2024\/06\/eirenefest-2024-la-maieutica-di-danilo-dolci-per-superare-il-virus-del-dominio\/\",\"name\":\"Eirenefest 2024. La maieutica di Danilo Dolci per superare il virus del dominio\",\"isPartOf\":{\"@id\":\"https:\/\/www.pressenza.com\/it\/#website\"},\"primaryImageOfPage\":{\"@id\":\"https:\/\/www.pressenza.com\/it\/2024\/06\/eirenefest-2024-la-maieutica-di-danilo-dolci-per-superare-il-virus-del-dominio\/#primaryimage\"},\"image\":{\"@id\":\"https:\/\/www.pressenza.com\/it\/2024\/06\/eirenefest-2024-la-maieutica-di-danilo-dolci-per-superare-il-virus-del-dominio\/#primaryimage\"},\"thumbnailUrl\":\"https:\/\/www.pressenza.com\/wp-content\/uploads\/2024\/06\/incontro-Danilo-Eirenefest.jpg\",\"datePublished\":\"2024-06-03T15:33:47+00:00\",\"dateModified\":\"2024-06-03T15:35:49+00:00\",\"description\":\"Nell\u2019ambito di Eirenefest, appuntamento annuale sui temi della pace e della nonviolenza, si \u00e8 svolta una tavola rotonda su \u201cDanilo Dolci e la rivoluzione\",\"breadcrumb\":{\"@id\":\"https:\/\/www.pressenza.com\/it\/2024\/06\/eirenefest-2024-la-maieutica-di-danilo-dolci-per-superare-il-virus-del-dominio\/#breadcrumb\"},\"inLanguage\":\"it-IT\",\"potentialAction\":[{\"@type\":\"ReadAction\",\"target\":[\"https:\/\/www.pressenza.com\/it\/2024\/06\/eirenefest-2024-la-maieutica-di-danilo-dolci-per-superare-il-virus-del-dominio\/\"]}]},{\"@type\":\"ImageObject\",\"inLanguage\":\"it-IT\",\"@id\":\"https:\/\/www.pressenza.com\/it\/2024\/06\/eirenefest-2024-la-maieutica-di-danilo-dolci-per-superare-il-virus-del-dominio\/#primaryimage\",\"url\":\"https:\/\/www.pressenza.com\/wp-content\/uploads\/2024\/06\/incontro-Danilo-Eirenefest.jpg\",\"contentUrl\":\"https:\/\/www.pressenza.com\/wp-content\/uploads\/2024\/06\/incontro-Danilo-Eirenefest.jpg\",\"width\":1080,\"height\":810},{\"@type\":\"BreadcrumbList\",\"@id\":\"https:\/\/www.pressenza.com\/it\/2024\/06\/eirenefest-2024-la-maieutica-di-danilo-dolci-per-superare-il-virus-del-dominio\/#breadcrumb\",\"itemListElement\":[{\"@type\":\"ListItem\",\"position\":1,\"name\":\"Accueil\",\"item\":\"https:\/\/www.pressenza.com\/it\/\"},{\"@type\":\"ListItem\",\"position\":2,\"name\":\"Eirenefest 2024. La maieutica di Danilo Dolci per superare il virus del dominio\"}]},{\"@type\":\"WebSite\",\"@id\":\"https:\/\/www.pressenza.com\/it\/#website\",\"url\":\"https:\/\/www.pressenza.com\/it\/\",\"name\":\"Pressenza\",\"description\":\"Agenzia di Stampa Internazionale\",\"publisher\":{\"@id\":\"https:\/\/www.pressenza.com\/it\/#organization\"},\"potentialAction\":[{\"@type\":\"SearchAction\",\"target\":{\"@type\":\"EntryPoint\",\"urlTemplate\":\"https:\/\/www.pressenza.com\/it\/?s={search_term_string}\"},\"query-input\":{\"@type\":\"PropertyValueSpecification\",\"valueRequired\":true,\"valueName\":\"search_term_string\"}}],\"inLanguage\":\"it-IT\"},{\"@type\":\"Organization\",\"@id\":\"https:\/\/www.pressenza.com\/it\/#organization\",\"name\":\"Pressenza\",\"url\":\"https:\/\/www.pressenza.com\/it\/\",\"logo\":{\"@type\":\"ImageObject\",\"inLanguage\":\"it-IT\",\"@id\":\"https:\/\/www.pressenza.com\/it\/#\/schema\/logo\/image\/\",\"url\":\"https:\/\/www.pressenza.com\/wp-content\/uploads\/2022\/10\/pressenza_logo_200x200.jpg\",\"contentUrl\":\"https:\/\/www.pressenza.com\/wp-content\/uploads\/2022\/10\/pressenza_logo_200x200.jpg\",\"width\":200,\"height\":200,\"caption\":\"Pressenza\"},\"image\":{\"@id\":\"https:\/\/www.pressenza.com\/it\/#\/schema\/logo\/image\/\"},\"sameAs\":[\"https:\/\/www.facebook.com\/PressenzaItalia\",\"https:\/\/x.com\/PressenzaIPA\"]},{\"@type\":\"Person\",\"@id\":\"https:\/\/www.pressenza.com\/it\/#\/schema\/person\/1f9c7a58fb1832ec7b9f17fb8630ca6d\",\"name\":\"Bruna Alasia\",\"description\":\"Bruna Alasia vive a Roma, dove si \u00e8 laureata in Sociologia nel 1977. Ha pubblicato i romanzi \u201cL\u2019erba nasce verde\u201d, sulla droga, e \u201cTre anni cos\u00ec\u201d, sul movimento del \u201977: digitalizzati e conservati anche nella biblioteca di Harvard. Ha lavorato al GR3 cultura della RAI, nell\u2019ufficio stampa di vari gruppi parlamentari presso la Camera dei Deputati. Scrive per riviste Mondadori e online occupandosi di cultura e spettacolo.\",\"url\":\"https:\/\/www.pressenza.com\/it\/author\/bruna-alasia\/\"}]}<\/script>\n<!-- \/ Yoast SEO plugin. -->","yoast_head_json":{"title":"Eirenefest 2024. La maieutica di Danilo Dolci per superare il virus del dominio","description":"Nell\u2019ambito di Eirenefest, appuntamento annuale sui temi della pace e della nonviolenza, si \u00e8 svolta una tavola rotonda su \u201cDanilo Dolci e la rivoluzione","robots":{"index":"index","follow":"follow","max-snippet":"max-snippet:-1","max-image-preview":"max-image-preview:large","max-video-preview":"max-video-preview:-1"},"canonical":"https:\/\/www.pressenza.com\/it\/2024\/06\/eirenefest-2024-la-maieutica-di-danilo-dolci-per-superare-il-virus-del-dominio\/","og_locale":"it_IT","og_type":"article","og_title":"Eirenefest 2024. La maieutica di Danilo Dolci per superare il virus del dominio","og_description":"Nell\u2019ambito di Eirenefest, appuntamento annuale sui temi della pace e della nonviolenza, si \u00e8 svolta una tavola rotonda su \u201cDanilo Dolci e la rivoluzione","og_url":"https:\/\/www.pressenza.com\/it\/2024\/06\/eirenefest-2024-la-maieutica-di-danilo-dolci-per-superare-il-virus-del-dominio\/","og_site_name":"Pressenza","article_publisher":"https:\/\/www.facebook.com\/PressenzaItalia","article_published_time":"2024-06-03T15:33:47+00:00","article_modified_time":"2024-06-03T15:35:49+00:00","og_image":[{"width":1080,"height":810,"url":"https:\/\/www.pressenza.com\/wp-content\/uploads\/2024\/06\/incontro-Danilo-Eirenefest.jpg","type":"image\/jpeg"}],"author":"Bruna Alasia","twitter_card":"summary_large_image","twitter_creator":"@PressenzaIPA","twitter_site":"@PressenzaIPA","twitter_misc":{"Scritto da":"Bruna Alasia","Tempo di lettura stimato":"6 minuti"},"schema":{"@context":"https:\/\/schema.org","@graph":[{"@type":"Article","@id":"https:\/\/www.pressenza.com\/it\/2024\/06\/eirenefest-2024-la-maieutica-di-danilo-dolci-per-superare-il-virus-del-dominio\/#article","isPartOf":{"@id":"https:\/\/www.pressenza.com\/it\/2024\/06\/eirenefest-2024-la-maieutica-di-danilo-dolci-per-superare-il-virus-del-dominio\/"},"author":{"name":"Bruna Alasia","@id":"https:\/\/www.pressenza.com\/it\/#\/schema\/person\/1f9c7a58fb1832ec7b9f17fb8630ca6d"},"headline":"Eirenefest 2024. La maieutica di Danilo Dolci per superare il virus del dominio","datePublished":"2024-06-03T15:33:47+00:00","dateModified":"2024-06-03T15:35:49+00:00","mainEntityOfPage":{"@id":"https:\/\/www.pressenza.com\/it\/2024\/06\/eirenefest-2024-la-maieutica-di-danilo-dolci-per-superare-il-virus-del-dominio\/"},"wordCount":1062,"publisher":{"@id":"https:\/\/www.pressenza.com\/it\/#organization"},"image":{"@id":"https:\/\/www.pressenza.com\/it\/2024\/06\/eirenefest-2024-la-maieutica-di-danilo-dolci-per-superare-il-virus-del-dominio\/#primaryimage"},"thumbnailUrl":"https:\/\/www.pressenza.com\/wp-content\/uploads\/2024\/06\/incontro-Danilo-Eirenefest.jpg","keywords":["Danilo Dolci","Eirenefest 2024","maieutica"],"articleSection":["contenuti originali","Educazione","Europa","Nonviolenza"],"inLanguage":"it-IT"},{"@type":"WebPage","@id":"https:\/\/www.pressenza.com\/it\/2024\/06\/eirenefest-2024-la-maieutica-di-danilo-dolci-per-superare-il-virus-del-dominio\/","url":"https:\/\/www.pressenza.com\/it\/2024\/06\/eirenefest-2024-la-maieutica-di-danilo-dolci-per-superare-il-virus-del-dominio\/","name":"Eirenefest 2024. La maieutica di Danilo Dolci per superare il virus del dominio","isPartOf":{"@id":"https:\/\/www.pressenza.com\/it\/#website"},"primaryImageOfPage":{"@id":"https:\/\/www.pressenza.com\/it\/2024\/06\/eirenefest-2024-la-maieutica-di-danilo-dolci-per-superare-il-virus-del-dominio\/#primaryimage"},"image":{"@id":"https:\/\/www.pressenza.com\/it\/2024\/06\/eirenefest-2024-la-maieutica-di-danilo-dolci-per-superare-il-virus-del-dominio\/#primaryimage"},"thumbnailUrl":"https:\/\/www.pressenza.com\/wp-content\/uploads\/2024\/06\/incontro-Danilo-Eirenefest.jpg","datePublished":"2024-06-03T15:33:47+00:00","dateModified":"2024-06-03T15:35:49+00:00","description":"Nell\u2019ambito di Eirenefest, appuntamento annuale sui temi della pace e della nonviolenza, si \u00e8 svolta una tavola rotonda su \u201cDanilo Dolci e la rivoluzione","breadcrumb":{"@id":"https:\/\/www.pressenza.com\/it\/2024\/06\/eirenefest-2024-la-maieutica-di-danilo-dolci-per-superare-il-virus-del-dominio\/#breadcrumb"},"inLanguage":"it-IT","potentialAction":[{"@type":"ReadAction","target":["https:\/\/www.pressenza.com\/it\/2024\/06\/eirenefest-2024-la-maieutica-di-danilo-dolci-per-superare-il-virus-del-dominio\/"]}]},{"@type":"ImageObject","inLanguage":"it-IT","@id":"https:\/\/www.pressenza.com\/it\/2024\/06\/eirenefest-2024-la-maieutica-di-danilo-dolci-per-superare-il-virus-del-dominio\/#primaryimage","url":"https:\/\/www.pressenza.com\/wp-content\/uploads\/2024\/06\/incontro-Danilo-Eirenefest.jpg","contentUrl":"https:\/\/www.pressenza.com\/wp-content\/uploads\/2024\/06\/incontro-Danilo-Eirenefest.jpg","width":1080,"height":810},{"@type":"BreadcrumbList","@id":"https:\/\/www.pressenza.com\/it\/2024\/06\/eirenefest-2024-la-maieutica-di-danilo-dolci-per-superare-il-virus-del-dominio\/#breadcrumb","itemListElement":[{"@type":"ListItem","position":1,"name":"Accueil","item":"https:\/\/www.pressenza.com\/it\/"},{"@type":"ListItem","position":2,"name":"Eirenefest 2024. La maieutica di Danilo Dolci per superare il virus del dominio"}]},{"@type":"WebSite","@id":"https:\/\/www.pressenza.com\/it\/#website","url":"https:\/\/www.pressenza.com\/it\/","name":"Pressenza","description":"Agenzia di Stampa Internazionale","publisher":{"@id":"https:\/\/www.pressenza.com\/it\/#organization"},"potentialAction":[{"@type":"SearchAction","target":{"@type":"EntryPoint","urlTemplate":"https:\/\/www.pressenza.com\/it\/?s={search_term_string}"},"query-input":{"@type":"PropertyValueSpecification","valueRequired":true,"valueName":"search_term_string"}}],"inLanguage":"it-IT"},{"@type":"Organization","@id":"https:\/\/www.pressenza.com\/it\/#organization","name":"Pressenza","url":"https:\/\/www.pressenza.com\/it\/","logo":{"@type":"ImageObject","inLanguage":"it-IT","@id":"https:\/\/www.pressenza.com\/it\/#\/schema\/logo\/image\/","url":"https:\/\/www.pressenza.com\/wp-content\/uploads\/2022\/10\/pressenza_logo_200x200.jpg","contentUrl":"https:\/\/www.pressenza.com\/wp-content\/uploads\/2022\/10\/pressenza_logo_200x200.jpg","width":200,"height":200,"caption":"Pressenza"},"image":{"@id":"https:\/\/www.pressenza.com\/it\/#\/schema\/logo\/image\/"},"sameAs":["https:\/\/www.facebook.com\/PressenzaItalia","https:\/\/x.com\/PressenzaIPA"]},{"@type":"Person","@id":"https:\/\/www.pressenza.com\/it\/#\/schema\/person\/1f9c7a58fb1832ec7b9f17fb8630ca6d","name":"Bruna Alasia","description":"Bruna Alasia vive a Roma, dove si \u00e8 laureata in Sociologia nel 1977. Ha pubblicato i romanzi \u201cL\u2019erba nasce verde\u201d, sulla droga, e \u201cTre anni cos\u00ec\u201d, sul movimento del \u201977: digitalizzati e conservati anche nella biblioteca di Harvard. Ha lavorato al GR3 cultura della RAI, nell\u2019ufficio stampa di vari gruppi parlamentari presso la Camera dei Deputati. Scrive per riviste Mondadori e online occupandosi di cultura e spettacolo.","url":"https:\/\/www.pressenza.com\/it\/author\/bruna-alasia\/"}]}},"place":"Roma","original_article_url":"","_links":{"self":[{"href":"https:\/\/www.pressenza.com\/it\/wp-json\/wp\/v2\/posts\/2528297","targetHints":{"allow":["GET"]}}],"collection":[{"href":"https:\/\/www.pressenza.com\/it\/wp-json\/wp\/v2\/posts"}],"about":[{"href":"https:\/\/www.pressenza.com\/it\/wp-json\/wp\/v2\/types\/post"}],"author":[{"embeddable":true,"href":"https:\/\/www.pressenza.com\/it\/wp-json\/wp\/v2\/users\/1467"}],"replies":[{"embeddable":true,"href":"https:\/\/www.pressenza.com\/it\/wp-json\/wp\/v2\/comments?post=2528297"}],"version-history":[{"count":0,"href":"https:\/\/www.pressenza.com\/it\/wp-json\/wp\/v2\/posts\/2528297\/revisions"}],"wp:featuredmedia":[{"embeddable":true,"href":"https:\/\/www.pressenza.com\/it\/wp-json\/wp\/v2\/media\/2528298"}],"wp:attachment":[{"href":"https:\/\/www.pressenza.com\/it\/wp-json\/wp\/v2\/media?parent=2528297"}],"wp:term":[{"taxonomy":"category","embeddable":true,"href":"https:\/\/www.pressenza.com\/it\/wp-json\/wp\/v2\/categories?post=2528297"},{"taxonomy":"post_tag","embeddable":true,"href":"https:\/\/www.pressenza.com\/it\/wp-json\/wp\/v2\/tags?post=2528297"}],"curies":[{"name":"wp","href":"https:\/\/api.w.org\/{rel}","templated":true}]}}