{"id":2526273,"date":"2024-05-22T22:08:44","date_gmt":"2024-05-22T21:08:44","guid":{"rendered":"https:\/\/www.pressenza.com\/?p=2526273"},"modified":"2024-05-22T22:10:04","modified_gmt":"2024-05-22T21:10:04","slug":"unione-inquilini-sesto-san-giovanni-si-appella-ai-giornalisti","status":"publish","type":"post","link":"https:\/\/www.pressenza.com\/it\/2024\/05\/unione-inquilini-sesto-san-giovanni-si-appella-ai-giornalisti\/","title":{"rendered":"Unione inquilini Sesto San Giovanni si appella ai giornalisti"},"content":{"rendered":"<p>Esiste in Italia un Comune, quello di Sesto San Giovanni (MI), governato dalla Lega, Forza Italia e da Fratelli d&#8217;Italia che, dopo avere conseguito il triste record nazionale di condanne giudiziarie per condotte discriminatorie contro stranieri e minori invalidi (6 condanne dal 2019 a oggi) si sta attrezzando per l&#8217;ulteriore e pi\u00f9 brutale atto di aggressione politica contro cittadini poveri e\/o fragili: lo sgombero dalla Casa Albergo di via Fogagnolo 19 di propriet\u00e0 comunale ove vivono 97 persone ivi collocate dall&#8217;Assistenza Sociale e\/o dai Tribunali e\/o dai Centri di assistenza per i poveri.<\/p>\n<p>Si tratta perlopi\u00f9 di anziani invalidi con problemi psichici, anziani che hanno tentato il suicidio, donne ivi collocate in regime di protezione per allontanarle da mariti violenti, migranti poveri con figli minori, donne sole con figlie schizofreniche, uomini soli con figli minori che dopo un periodo &#8220;in strada&#8221; hanno trovato un rifugio e un equilibrio in quella struttura, giusto per dare l&#8217;idea.<\/p>\n<p>Il Comune, che pubblicamente fa sapere di dover sgomberare l&#8217;Albergo di sua propriet\u00e0 per un problema di agibilit\u00e0 relativo alla necessit\u00e0 di mettere a norma l&#8217;impianto antincendio (impianto antincendio peraltro non a norma dall&#8217;anno 2016, come da certificazione allegata), anzich\u00e9 provvedere al ripristino ha deciso di vendere la Casa Albergo con delibera a firma del Sindaco e della Giunta del 12 febbraio 2024 che alleghiamo.<\/p>\n<p>Da tale data assistenti sociali del Comune di Sesto San Giovanni, l&#8217;Assessore ai servizi sociali, la Responsabile dell&#8217;Ufficio casa, la Polizia Locale e i Carabinieri hanno effettuato diversi accessi nella Casa Albergo comunicando agli inquilini che devono reperire immediatamente altra soluzione abitativa essendo imminente lo sgombero di queste 97 persone.<\/p>\n<p>Da quello che hanno riferito gli inquilini al Sindacato si sono attivati i Servizi Sociali del Comune di Sesto San Giovanni e del Comune di Milano, in base alla residenza degli abitanti, offrendo le seguenti &#8220;soluzioni&#8221; abitative alternative solo ad alcuni nuclei che indichiamo a mero titolo esemplificativo, giusto per darvi l&#8217;idea:<\/p>\n<ul>\n<li>nella Struttura abitativa abita un anziano di 78 anni in salute al quale, dopo due tentativi suicidari e anni di domande di assegnazione di una casa pubblica senza risposta hanno proposto di trasferirsi in un ospizio e, dopo il suo rifiuto, gli hanno offerto di trasferirsi in una \u201ccamerata\u201d in condivisione con altre persone nel quartiere Affori di Milano con un contratto di ospitalit\u00e0 di qualche mese;<\/li>\n<li>stanno facendo \u201cpressioni\u201d ad una madre di due figlie di 15 e 19 anni (collocata in Casa Albergo in regime di protezione dopo le violenze del marito con annesso tentativo di omicidio) chiedendole di lasciare la Struttura per trasferirsi con le figlie nel Centro per senzatetto di viale Ortles di Milano;<\/li>\n<li>ad un&#8217;altra madre sola con due minori hanno offerto un progetto di Housing Sociale che prevede il suo trasferimento in una abitazione in coabitazione con altre madri con figli con un contratto di ospitalit\u00e0 di qualche mese;<\/li>\n<li>ad un anziano con pensione minima affetto da allucinazioni hanno offerto di trasferirsi in una \u201ccamerata\u201d in condivisione con altre persone nel quartiere Affori di Milano con un contratto di ospitalit\u00e0 di qualche mese;<\/li>\n<li>e ancora, solo per citare l&#8217;ultimo tra i tanti esempi, chiedono di lasciare la Casa Albergo ad una madre disoccupata con la figlia invalida poich\u00e9 affetta da schizofrenia senza offrire alcuna soluzione.<\/li>\n<\/ul>\n<p>Cittadini sestesi e non &#8211; perch\u00e8 il Comune di Sesto San Giovanni nega la residenza alle persone ivi domiciliate da anni pur essendone\u00a0obbligato per legge &#8211; poveri trattati come carne da macello ai quali non viene riconosciuto alcun rispetto e dignit\u00e0 la cui maggioranza, peraltro, paga per alloggiare nella Casa Albergo Euro 400,00 &#8211; 500,00 al mese per una stanza con cucina in condivisione.<\/p>\n<p>Il Sindacato ha gi\u00e0 denunciato a pi\u00f9 riprese la drammaticit\u00e0 della situazione che si realizzerebbe se, come riferiscono le Autorit\u00e0, entro fine maggio Comune e Prefettura eseguiranno lo sgombero con la scusa dell&#8217;impianto anti incendio non a norma (scusa risibile perch\u00e8 gli stessi Uffici comunali di via Benedetto Croce ove operano i dipendenti non sono a norma, e allora perch\u00e8 non sgomberare anche loro?) ma, tristemente, nessun giornalista o testata, a parte il &#8220;Giorno&#8221; ha ritenuto interessante e\/o utile raccontare una storia di straordinaria violenza politica.<\/p>\n<p>Ci chiediamo il perch\u00e9, di fronte ad una situazione abnorme che potrebbe portare circa 100 persone fragilissime in strada senza una soluzione, l&#8217;informazione italiana risulti assente se non indifferente.<\/p>\n<p>Consideriamo la professione del giornalista forse la pi\u00f9 importante che ci sia per la tenuta democratica di un Paese, perch\u00e8 sono le attivit\u00e0 di inchiesta dei giornalisti che permettono di individuare e informare i cittadini sui politici corrotti, sulle collusioni tra Stato e mafia, sui crimini dello Stato che permette l&#8217;esistenza dei C.P.R. (Centri per il Rimpatrio dei cittadini stranieri senza permesso), luoghi senza diritti con alti tassi di suicidi, sui rapporti di una certa politica con gli ambienti neofascisti.<\/p>\n<p>Riteniamo che il nostro Paese abbia pi\u00f9 che mai necessit\u00e0 del lavoro di inchiesta di voi giornalisti quando, come nel caso che vi abbiamo riassunto, la brutalit\u00e0 politica si abbatte su centinaia di persone fragili, storie di vita da raccontare, storie di un modo di agire violento e illegale della politica contro i cittadini.<\/p>\n<p>Il Sindacato \u00e8 e sar\u00e0 sempre al fianco degli ultimi, ma manca quasi sempre il racconto pubblico.\u00a0Sarebbe indispensabile che chi opera nell&#8217;informazione esca dai talk show televisivi\u00a0e dalle redazioni e torni a parlare\u00a0con i cittadini destinatari della violenza politica, ossia che il giornalismo riprenda a informare i cittadini anzich\u00e9\u00a0pensare a formare il consenso degli stessi.<\/p>\n<p>Ci rendiamo ben conto dei ristretti margini di libert\u00e0 che i giornalisti italiani hanno con la RAI, le reti Fininvest occupate dal Governo e i maggiori quotidiani in mano al Gruppo Editoriale Gedi, ma oggi pi\u00f9 che mai riteniamo sarebbe necessario tornare a quel giornalismo di inchiesta capace di parlare con le persone e raccontare le loro storie, vite che sono di per s\u00e9 una\u00a0denuncia politica di un sistema inaccettabile.<\/p>\n<p>A Sesto San Giovanni, se lo ritenete utile, esiste un Sindacato che lotta quotidianamente per i diritti delle persone e che si rende disponibile ad aprirvi le porte della Casa Albergo di via Fogagnolo a rischio sgombero, gli abitanti sono disponibili a raccontare le loro storie e il servizio legale del sindacato potr\u00e0 fornirvi la documentazione ufficiale.<\/p>\n<p>Ci\u00f2 che temiamo \u00e8 che con un centinaio di persone estremamente fragili e sottoposte a forti pressioni politiche qualcuno possa compiere gesti estremi o che, a fronte di un tentativo di sgombero manu militari, possano realizzarsi scontri.<\/p>\n<p>Inutile sarebbe poi la presenza dell&#8217;informazione, a documentare suicidi spettacolarizzando il dolore o criminalizzando\u00a0lo scontro sociale, occorre la vostra presenza nei prossimi giorni e nelle prossime settimane perch\u00e8 la denuncia pubblica indubbiamente aiuterebbe ad arrestare una decisione politica non degna di uno Stato democratico.<\/p>\n<p><strong>Invitiamo tutti ad essere presenti alla MANIFESTAZIONE di sabato 25 maggio PER IL DIRITTO ALLA CASA E CONTRO LO SGOMBERO DELLA CASA ALBERGO con concentramento alle ore 15,00 presso la CASA ALBERGO IN VIA FOGAGNOLO N\u00b0 29 SESTO SAN GIOVANNI (MI) come da volantino allegato.<\/strong><\/p>\n<p><strong>Se qualche giornalista volesse interessarsi della questione dello sgombero della Casa Albergo di via Fogagnolo, Sesto San Giovanni, di propriet\u00e0 del Comune, pu\u00f2 contattare il Responsabile del Comitato per il Diritto alla Casa sig. Carlo al n\u00b0 3497128648.<\/strong><\/p>\n<p>&nbsp;<\/p>\n<p><em><strong>Unione Inquilini Nord Milano<\/strong> <\/em><\/p>\n","protected":false},"excerpt":{"rendered":"<p>Esiste in Italia un Comune, quello di Sesto San Giovanni (MI), governato dalla Lega, Forza Italia e da Fratelli d&#8217;Italia che, dopo avere conseguito il triste record nazionale di condanne giudiziarie per condotte discriminatorie contro stranieri e minori invalidi (6&hellip;<\/p>\n","protected":false},"author":1722,"featured_media":1744032,"comment_status":"closed","ping_status":"closed","sticky":false,"template":"","format":"standard","meta":{"footnotes":""},"categories":[150,60,47,55],"tags":[17928,11347,2935],"class_list":["post-2526273","post","type-post","status-publish","format-standard","has-post-thumbnail","hentry","category-comunicati-stampa","category-diritti-umani","category-europa","category-politica","tag-evento","tag-sesto-san-giovanni","tag-sfratti"],"yoast_head":"<!-- This site is optimized with the Yoast SEO plugin v27.1.1 - https:\/\/yoast.com\/product\/yoast-seo-wordpress\/ -->\n<title>Unione inquilini Sesto San Giovanni si appella ai giornalisti<\/title>\n<meta name=\"description\" content=\"Sesto San Giovanni si sta attrezzando per l&#039;ulteriore e pi\u00f9 brutale atto di aggressione politica contro cittadini poveri e\/o fragili: lo sgombero dalla Casa Albergo di via Fogagnolo 19 di propriet\u00e0 comunale ove vivono 97 persone fragilissime\" \/>\n<meta name=\"robots\" content=\"index, follow, max-snippet:-1, max-image-preview:large, max-video-preview:-1\" \/>\n<link rel=\"canonical\" href=\"https:\/\/www.pressenza.com\/it\/2024\/05\/unione-inquilini-sesto-san-giovanni-si-appella-ai-giornalisti\/\" \/>\n<meta property=\"og:locale\" content=\"it_IT\" \/>\n<meta property=\"og:type\" content=\"article\" \/>\n<meta property=\"og:title\" content=\"Unione inquilini Sesto San Giovanni si appella ai giornalisti\" \/>\n<meta property=\"og:description\" content=\"Sesto San Giovanni si sta attrezzando per l&#039;ulteriore e pi\u00f9 brutale atto di aggressione politica contro cittadini poveri e\/o fragili: lo sgombero dalla Casa Albergo di via Fogagnolo 19 di propriet\u00e0 comunale ove vivono 97 persone fragilissime\" \/>\n<meta property=\"og:url\" content=\"https:\/\/www.pressenza.com\/it\/2024\/05\/unione-inquilini-sesto-san-giovanni-si-appella-ai-giornalisti\/\" \/>\n<meta property=\"og:site_name\" content=\"Pressenza\" \/>\n<meta property=\"article:publisher\" content=\"https:\/\/www.facebook.com\/PressenzaItalia\" \/>\n<meta property=\"article:published_time\" content=\"2024-05-22T21:08:44+00:00\" \/>\n<meta property=\"article:modified_time\" content=\"2024-05-22T21:10:04+00:00\" \/>\n<meta property=\"og:image\" content=\"https:\/\/www.pressenza.com\/wp-content\/uploads\/2023\/06\/Presidio-Prendocasa-1.jpg\" \/>\n\t<meta property=\"og:image:width\" content=\"1280\" \/>\n\t<meta property=\"og:image:height\" content=\"853\" \/>\n\t<meta property=\"og:image:type\" content=\"image\/jpeg\" \/>\n<meta name=\"author\" content=\"Redazione Milano\" \/>\n<meta name=\"twitter:card\" content=\"summary_large_image\" \/>\n<meta name=\"twitter:creator\" content=\"@PressenzaIPA\" \/>\n<meta name=\"twitter:site\" content=\"@PressenzaIPA\" \/>\n<meta name=\"twitter:label1\" content=\"Scritto da\" \/>\n\t<meta name=\"twitter:data1\" content=\"Redazione Milano\" \/>\n\t<meta name=\"twitter:label2\" content=\"Tempo di lettura stimato\" \/>\n\t<meta name=\"twitter:data2\" content=\"7 minuti\" \/>\n<script type=\"application\/ld+json\" class=\"yoast-schema-graph\">{\"@context\":\"https:\/\/schema.org\",\"@graph\":[{\"@type\":\"Article\",\"@id\":\"https:\/\/www.pressenza.com\/it\/2024\/05\/unione-inquilini-sesto-san-giovanni-si-appella-ai-giornalisti\/#article\",\"isPartOf\":{\"@id\":\"https:\/\/www.pressenza.com\/it\/2024\/05\/unione-inquilini-sesto-san-giovanni-si-appella-ai-giornalisti\/\"},\"author\":{\"name\":\"Redazione Milano\",\"@id\":\"https:\/\/www.pressenza.com\/it\/#\/schema\/person\/746fc8cdd6c8e3d918fb5714b3583e41\"},\"headline\":\"Unione inquilini Sesto San Giovanni si appella ai giornalisti\",\"datePublished\":\"2024-05-22T21:08:44+00:00\",\"dateModified\":\"2024-05-22T21:10:04+00:00\",\"mainEntityOfPage\":{\"@id\":\"https:\/\/www.pressenza.com\/it\/2024\/05\/unione-inquilini-sesto-san-giovanni-si-appella-ai-giornalisti\/\"},\"wordCount\":1226,\"publisher\":{\"@id\":\"https:\/\/www.pressenza.com\/it\/#organization\"},\"image\":{\"@id\":\"https:\/\/www.pressenza.com\/it\/2024\/05\/unione-inquilini-sesto-san-giovanni-si-appella-ai-giornalisti\/#primaryimage\"},\"thumbnailUrl\":\"https:\/\/www.pressenza.com\/wp-content\/uploads\/2023\/06\/Presidio-Prendocasa-1.jpg\",\"keywords\":[\"evento\",\"Sesto San Giovanni\",\"sfratti\"],\"articleSection\":[\"Comunicati Stampa\",\"Diritti Umani\",\"Europa\",\"Politica\"],\"inLanguage\":\"it-IT\"},{\"@type\":\"WebPage\",\"@id\":\"https:\/\/www.pressenza.com\/it\/2024\/05\/unione-inquilini-sesto-san-giovanni-si-appella-ai-giornalisti\/\",\"url\":\"https:\/\/www.pressenza.com\/it\/2024\/05\/unione-inquilini-sesto-san-giovanni-si-appella-ai-giornalisti\/\",\"name\":\"Unione inquilini Sesto San Giovanni si appella ai giornalisti\",\"isPartOf\":{\"@id\":\"https:\/\/www.pressenza.com\/it\/#website\"},\"primaryImageOfPage\":{\"@id\":\"https:\/\/www.pressenza.com\/it\/2024\/05\/unione-inquilini-sesto-san-giovanni-si-appella-ai-giornalisti\/#primaryimage\"},\"image\":{\"@id\":\"https:\/\/www.pressenza.com\/it\/2024\/05\/unione-inquilini-sesto-san-giovanni-si-appella-ai-giornalisti\/#primaryimage\"},\"thumbnailUrl\":\"https:\/\/www.pressenza.com\/wp-content\/uploads\/2023\/06\/Presidio-Prendocasa-1.jpg\",\"datePublished\":\"2024-05-22T21:08:44+00:00\",\"dateModified\":\"2024-05-22T21:10:04+00:00\",\"description\":\"Sesto San Giovanni si sta attrezzando per l'ulteriore e pi\u00f9 brutale atto di aggressione politica contro cittadini poveri e\/o fragili: lo sgombero dalla Casa Albergo di via Fogagnolo 19 di propriet\u00e0 comunale ove vivono 97 persone fragilissime\",\"breadcrumb\":{\"@id\":\"https:\/\/www.pressenza.com\/it\/2024\/05\/unione-inquilini-sesto-san-giovanni-si-appella-ai-giornalisti\/#breadcrumb\"},\"inLanguage\":\"it-IT\",\"potentialAction\":[{\"@type\":\"ReadAction\",\"target\":[\"https:\/\/www.pressenza.com\/it\/2024\/05\/unione-inquilini-sesto-san-giovanni-si-appella-ai-giornalisti\/\"]}]},{\"@type\":\"ImageObject\",\"inLanguage\":\"it-IT\",\"@id\":\"https:\/\/www.pressenza.com\/it\/2024\/05\/unione-inquilini-sesto-san-giovanni-si-appella-ai-giornalisti\/#primaryimage\",\"url\":\"https:\/\/www.pressenza.com\/wp-content\/uploads\/2023\/06\/Presidio-Prendocasa-1.jpg\",\"contentUrl\":\"https:\/\/www.pressenza.com\/wp-content\/uploads\/2023\/06\/Presidio-Prendocasa-1.jpg\",\"width\":1280,\"height\":853},{\"@type\":\"BreadcrumbList\",\"@id\":\"https:\/\/www.pressenza.com\/it\/2024\/05\/unione-inquilini-sesto-san-giovanni-si-appella-ai-giornalisti\/#breadcrumb\",\"itemListElement\":[{\"@type\":\"ListItem\",\"position\":1,\"name\":\"Accueil\",\"item\":\"https:\/\/www.pressenza.com\/it\/\"},{\"@type\":\"ListItem\",\"position\":2,\"name\":\"Unione inquilini Sesto San Giovanni si appella ai giornalisti\"}]},{\"@type\":\"WebSite\",\"@id\":\"https:\/\/www.pressenza.com\/it\/#website\",\"url\":\"https:\/\/www.pressenza.com\/it\/\",\"name\":\"Pressenza\",\"description\":\"Agenzia di Stampa Internazionale\",\"publisher\":{\"@id\":\"https:\/\/www.pressenza.com\/it\/#organization\"},\"potentialAction\":[{\"@type\":\"SearchAction\",\"target\":{\"@type\":\"EntryPoint\",\"urlTemplate\":\"https:\/\/www.pressenza.com\/it\/?s={search_term_string}\"},\"query-input\":{\"@type\":\"PropertyValueSpecification\",\"valueRequired\":true,\"valueName\":\"search_term_string\"}}],\"inLanguage\":\"it-IT\"},{\"@type\":\"Organization\",\"@id\":\"https:\/\/www.pressenza.com\/it\/#organization\",\"name\":\"Pressenza\",\"url\":\"https:\/\/www.pressenza.com\/it\/\",\"logo\":{\"@type\":\"ImageObject\",\"inLanguage\":\"it-IT\",\"@id\":\"https:\/\/www.pressenza.com\/it\/#\/schema\/logo\/image\/\",\"url\":\"https:\/\/www.pressenza.com\/wp-content\/uploads\/2022\/10\/pressenza_logo_200x200.jpg\",\"contentUrl\":\"https:\/\/www.pressenza.com\/wp-content\/uploads\/2022\/10\/pressenza_logo_200x200.jpg\",\"width\":200,\"height\":200,\"caption\":\"Pressenza\"},\"image\":{\"@id\":\"https:\/\/www.pressenza.com\/it\/#\/schema\/logo\/image\/\"},\"sameAs\":[\"https:\/\/www.facebook.com\/PressenzaItalia\",\"https:\/\/x.com\/PressenzaIPA\"]},{\"@type\":\"Person\",\"@id\":\"https:\/\/www.pressenza.com\/it\/#\/schema\/person\/746fc8cdd6c8e3d918fb5714b3583e41\",\"name\":\"Redazione Milano\",\"description\":\"News from the Pressenza Bureau in Milan, Italy\",\"url\":\"https:\/\/www.pressenza.com\/it\/author\/redazione-milano\/\"}]}<\/script>\n<!-- \/ Yoast SEO plugin. -->","yoast_head_json":{"title":"Unione inquilini Sesto San Giovanni si appella ai giornalisti","description":"Sesto San Giovanni si sta attrezzando per l'ulteriore e pi\u00f9 brutale atto di aggressione politica contro cittadini poveri e\/o fragili: lo sgombero dalla Casa Albergo di via Fogagnolo 19 di propriet\u00e0 comunale ove vivono 97 persone fragilissime","robots":{"index":"index","follow":"follow","max-snippet":"max-snippet:-1","max-image-preview":"max-image-preview:large","max-video-preview":"max-video-preview:-1"},"canonical":"https:\/\/www.pressenza.com\/it\/2024\/05\/unione-inquilini-sesto-san-giovanni-si-appella-ai-giornalisti\/","og_locale":"it_IT","og_type":"article","og_title":"Unione inquilini Sesto San Giovanni si appella ai giornalisti","og_description":"Sesto San Giovanni si sta attrezzando per l'ulteriore e pi\u00f9 brutale atto di aggressione politica contro cittadini poveri e\/o fragili: lo sgombero dalla Casa Albergo di via Fogagnolo 19 di propriet\u00e0 comunale ove vivono 97 persone fragilissime","og_url":"https:\/\/www.pressenza.com\/it\/2024\/05\/unione-inquilini-sesto-san-giovanni-si-appella-ai-giornalisti\/","og_site_name":"Pressenza","article_publisher":"https:\/\/www.facebook.com\/PressenzaItalia","article_published_time":"2024-05-22T21:08:44+00:00","article_modified_time":"2024-05-22T21:10:04+00:00","og_image":[{"width":1280,"height":853,"url":"https:\/\/www.pressenza.com\/wp-content\/uploads\/2023\/06\/Presidio-Prendocasa-1.jpg","type":"image\/jpeg"}],"author":"Redazione Milano","twitter_card":"summary_large_image","twitter_creator":"@PressenzaIPA","twitter_site":"@PressenzaIPA","twitter_misc":{"Scritto da":"Redazione Milano","Tempo di lettura stimato":"7 minuti"},"schema":{"@context":"https:\/\/schema.org","@graph":[{"@type":"Article","@id":"https:\/\/www.pressenza.com\/it\/2024\/05\/unione-inquilini-sesto-san-giovanni-si-appella-ai-giornalisti\/#article","isPartOf":{"@id":"https:\/\/www.pressenza.com\/it\/2024\/05\/unione-inquilini-sesto-san-giovanni-si-appella-ai-giornalisti\/"},"author":{"name":"Redazione Milano","@id":"https:\/\/www.pressenza.com\/it\/#\/schema\/person\/746fc8cdd6c8e3d918fb5714b3583e41"},"headline":"Unione inquilini Sesto San Giovanni si appella ai giornalisti","datePublished":"2024-05-22T21:08:44+00:00","dateModified":"2024-05-22T21:10:04+00:00","mainEntityOfPage":{"@id":"https:\/\/www.pressenza.com\/it\/2024\/05\/unione-inquilini-sesto-san-giovanni-si-appella-ai-giornalisti\/"},"wordCount":1226,"publisher":{"@id":"https:\/\/www.pressenza.com\/it\/#organization"},"image":{"@id":"https:\/\/www.pressenza.com\/it\/2024\/05\/unione-inquilini-sesto-san-giovanni-si-appella-ai-giornalisti\/#primaryimage"},"thumbnailUrl":"https:\/\/www.pressenza.com\/wp-content\/uploads\/2023\/06\/Presidio-Prendocasa-1.jpg","keywords":["evento","Sesto San Giovanni","sfratti"],"articleSection":["Comunicati Stampa","Diritti Umani","Europa","Politica"],"inLanguage":"it-IT"},{"@type":"WebPage","@id":"https:\/\/www.pressenza.com\/it\/2024\/05\/unione-inquilini-sesto-san-giovanni-si-appella-ai-giornalisti\/","url":"https:\/\/www.pressenza.com\/it\/2024\/05\/unione-inquilini-sesto-san-giovanni-si-appella-ai-giornalisti\/","name":"Unione inquilini Sesto San Giovanni si appella ai giornalisti","isPartOf":{"@id":"https:\/\/www.pressenza.com\/it\/#website"},"primaryImageOfPage":{"@id":"https:\/\/www.pressenza.com\/it\/2024\/05\/unione-inquilini-sesto-san-giovanni-si-appella-ai-giornalisti\/#primaryimage"},"image":{"@id":"https:\/\/www.pressenza.com\/it\/2024\/05\/unione-inquilini-sesto-san-giovanni-si-appella-ai-giornalisti\/#primaryimage"},"thumbnailUrl":"https:\/\/www.pressenza.com\/wp-content\/uploads\/2023\/06\/Presidio-Prendocasa-1.jpg","datePublished":"2024-05-22T21:08:44+00:00","dateModified":"2024-05-22T21:10:04+00:00","description":"Sesto San Giovanni si sta attrezzando per l'ulteriore e pi\u00f9 brutale atto di aggressione politica contro cittadini poveri e\/o fragili: lo sgombero dalla Casa Albergo di via Fogagnolo 19 di propriet\u00e0 comunale ove vivono 97 persone fragilissime","breadcrumb":{"@id":"https:\/\/www.pressenza.com\/it\/2024\/05\/unione-inquilini-sesto-san-giovanni-si-appella-ai-giornalisti\/#breadcrumb"},"inLanguage":"it-IT","potentialAction":[{"@type":"ReadAction","target":["https:\/\/www.pressenza.com\/it\/2024\/05\/unione-inquilini-sesto-san-giovanni-si-appella-ai-giornalisti\/"]}]},{"@type":"ImageObject","inLanguage":"it-IT","@id":"https:\/\/www.pressenza.com\/it\/2024\/05\/unione-inquilini-sesto-san-giovanni-si-appella-ai-giornalisti\/#primaryimage","url":"https:\/\/www.pressenza.com\/wp-content\/uploads\/2023\/06\/Presidio-Prendocasa-1.jpg","contentUrl":"https:\/\/www.pressenza.com\/wp-content\/uploads\/2023\/06\/Presidio-Prendocasa-1.jpg","width":1280,"height":853},{"@type":"BreadcrumbList","@id":"https:\/\/www.pressenza.com\/it\/2024\/05\/unione-inquilini-sesto-san-giovanni-si-appella-ai-giornalisti\/#breadcrumb","itemListElement":[{"@type":"ListItem","position":1,"name":"Accueil","item":"https:\/\/www.pressenza.com\/it\/"},{"@type":"ListItem","position":2,"name":"Unione inquilini Sesto San Giovanni si appella ai giornalisti"}]},{"@type":"WebSite","@id":"https:\/\/www.pressenza.com\/it\/#website","url":"https:\/\/www.pressenza.com\/it\/","name":"Pressenza","description":"Agenzia di Stampa Internazionale","publisher":{"@id":"https:\/\/www.pressenza.com\/it\/#organization"},"potentialAction":[{"@type":"SearchAction","target":{"@type":"EntryPoint","urlTemplate":"https:\/\/www.pressenza.com\/it\/?s={search_term_string}"},"query-input":{"@type":"PropertyValueSpecification","valueRequired":true,"valueName":"search_term_string"}}],"inLanguage":"it-IT"},{"@type":"Organization","@id":"https:\/\/www.pressenza.com\/it\/#organization","name":"Pressenza","url":"https:\/\/www.pressenza.com\/it\/","logo":{"@type":"ImageObject","inLanguage":"it-IT","@id":"https:\/\/www.pressenza.com\/it\/#\/schema\/logo\/image\/","url":"https:\/\/www.pressenza.com\/wp-content\/uploads\/2022\/10\/pressenza_logo_200x200.jpg","contentUrl":"https:\/\/www.pressenza.com\/wp-content\/uploads\/2022\/10\/pressenza_logo_200x200.jpg","width":200,"height":200,"caption":"Pressenza"},"image":{"@id":"https:\/\/www.pressenza.com\/it\/#\/schema\/logo\/image\/"},"sameAs":["https:\/\/www.facebook.com\/PressenzaItalia","https:\/\/x.com\/PressenzaIPA"]},{"@type":"Person","@id":"https:\/\/www.pressenza.com\/it\/#\/schema\/person\/746fc8cdd6c8e3d918fb5714b3583e41","name":"Redazione Milano","description":"News from the Pressenza Bureau in Milan, Italy","url":"https:\/\/www.pressenza.com\/it\/author\/redazione-milano\/"}]}},"place":"","original_article_url":"","_links":{"self":[{"href":"https:\/\/www.pressenza.com\/it\/wp-json\/wp\/v2\/posts\/2526273","targetHints":{"allow":["GET"]}}],"collection":[{"href":"https:\/\/www.pressenza.com\/it\/wp-json\/wp\/v2\/posts"}],"about":[{"href":"https:\/\/www.pressenza.com\/it\/wp-json\/wp\/v2\/types\/post"}],"author":[{"embeddable":true,"href":"https:\/\/www.pressenza.com\/it\/wp-json\/wp\/v2\/users\/1722"}],"replies":[{"embeddable":true,"href":"https:\/\/www.pressenza.com\/it\/wp-json\/wp\/v2\/comments?post=2526273"}],"version-history":[{"count":0,"href":"https:\/\/www.pressenza.com\/it\/wp-json\/wp\/v2\/posts\/2526273\/revisions"}],"wp:featuredmedia":[{"embeddable":true,"href":"https:\/\/www.pressenza.com\/it\/wp-json\/wp\/v2\/media\/1744032"}],"wp:attachment":[{"href":"https:\/\/www.pressenza.com\/it\/wp-json\/wp\/v2\/media?parent=2526273"}],"wp:term":[{"taxonomy":"category","embeddable":true,"href":"https:\/\/www.pressenza.com\/it\/wp-json\/wp\/v2\/categories?post=2526273"},{"taxonomy":"post_tag","embeddable":true,"href":"https:\/\/www.pressenza.com\/it\/wp-json\/wp\/v2\/tags?post=2526273"}],"curies":[{"name":"wp","href":"https:\/\/api.w.org\/{rel}","templated":true}]}}