{"id":2526100,"date":"2024-05-21T16:13:02","date_gmt":"2024-05-21T15:13:02","guid":{"rendered":"https:\/\/www.pressenza.com\/?p=2526100"},"modified":"2024-05-21T16:15:13","modified_gmt":"2024-05-21T15:15:13","slug":"la-legge-elettorale-tra-matematica-e-latino","status":"publish","type":"post","link":"https:\/\/www.pressenza.com\/it\/2024\/05\/la-legge-elettorale-tra-matematica-e-latino\/","title":{"rendered":"La legge elettorale tra matematica e latino"},"content":{"rendered":"<p>Una volta c\u2019era il proporzionale e tutto era chiaro. I seggi parlamentari venivano assegnati in proporzione ai voti ricevuti.<\/p>\n<p>Nel 1993 il popolo italiano, stanco della troppo semplice proporzione matematica, attraverso un referendum ha optato per un sistema maggioritario al 75% e proporzionale al 25%. Dato che a questo punto si trattava di una matematica pi\u00f9 complessa, si \u00e8 passati all\u2019utilizzo di parole latineggianti, come il \u201cmattarellum\u201d. Con la nuova legge sono state soppresse le preferenze e l\u2019elettore di fatto non ha pi\u00f9 potuto scegliere i candidati.<\/p>\n<p>Nel 2005 la classe politica si era gi\u00e0 stancata di una legge cos\u00ec complicata e ha deciso di tornare al proporzionale, ma senza preferenze e con il premio di maggioranza. La nuova normativa elettorale dagli autori \u00e8 stata definita \u201cporcellum\u201d.<\/p>\n<p>Nel 2014 il \u201cporcellum\u201d \u00e8 stato dichiarato incostituzionale dalla Consulta in riferimento al premio di maggioranza assegnato alla coalizione pi\u00f9 votata, senza una soglia minima da raggiungere affinch\u00e9 il premio scattasse, e all&#8217;impossibilit\u00e0 per l&#8217;elettore di fornire una preferenza.<\/p>\n<p>Nel 2016 si cambia di nuovo e arriva \u201citalicum\u201d, che reintroduce il maggioritario attraverso il ballottaggio, ma l\u2019anno successivo interviene nuovamente la Consulta che dichiara illegittimo proprio il ballottaggio e anche la possibilit\u00e0 di scegliere dove farsi eleggere per chi \u00e8 stato eletto in pi\u00f9 collegi.<\/p>\n<p>Nel 2017 arriva il \u201crosatellum\u201d, un sistema elettorale misto con il 61% proporzionale, il 37% maggioritario e il 2% riservato al voto degli italiani all\u2019estero.<\/p>\n<p>Nel 2024 la Corte Europea dei Diritti Umani di Strasburgo ha riconosciuto fondato il ricorso presentato dal politico radicale Staderini e da alcuni cittadini contro il \u201crosatellum\u201d.<\/p>\n<p>Anzitutto \u00e8 stata sottolineata la ripetuta manomissione della legge elettorale in prossimit\u00e0 del voto che viola il principio della stabilit\u00e0 delle regole del gioco sancite dal Codice di buona condotta della Commissione di Venezia, a cui aderisce anche l\u2019Italia, che vieta il mutamento delle regole nell\u2019anno prima delle elezioni.<\/p>\n<p>Inoltre, \u00e8 stata segnalata la mancata possibilit\u00e0 di espressione del voto disgiunto nella scheda elettorale tra quota proporzionale e voto maggioritario, imponendo un automatismo che viola \u201cil diritto dei ricorrenti di esprimersi liberamente sulla scelta del corpo legislativo in libere elezioni\u201d.<\/p>\n<p>Una terza questione, riguarda l\u2019attuale impossibilit\u00e0 dei cittadini di produrre un \u201cricorso effettivo\u201d presso i tribunali nazionali ai sensi dell\u2019art.13 della Convenzione CEDU in caso di violazione del diritto a libere elezioni. Infatti i ricorrenti hanno dovuto ricorrere alla Corte Europea.<\/p>\n<p>La palla \u00e8 ora in mano al governo italiano che entro il 25 luglio dovr\u00e0 dare spiegazioni al tribunale di Strasburgo per cercare di dimostrare la legittimit\u00e0 delle procedure elettorali su cui si regge l\u2019attuale maggioranza parlamentare che ha dato la fiducia al governo in carica.<\/p>\n<p>Vedremo cosa accadr\u00e0 al tribunale di Strasburgo, ma certamente non occorre la pronuncia della CEDU per riconoscere una grave instabilit\u00e0 delle norme elettorali, una costruzione in perenne rifacimento, poich\u00e9 gli architetti non progettano per costruire una regola condivisa, ma disegnano sulla base delle convenienze della maggioranza pro-tempore, visto che la legge elettorale \u00e8 approvata con i numeri della legge ordinaria, pur avendo un valore fortemente connesso alle dinamiche costituzionali.<\/p>\n<p>Nella proposta del \u201cpremierato\u201d predisposta dall\u2019attuale governo era previsto l\u2019inserimento in Costituzione di un premio di maggioranza del 55% dei seggi assegnati automaticamente ai partiti collegati col premier eletto, senza soglie minime. Questa soluzione era evidentemente incostituzionale, poich\u00e9 analoga al meccanismo del \u201cporcellum\u201d. Di conseguenza sembra che il Parlamento sia intenzionato a eliminare l\u2019indicazione del 55% dei seggi in Costituzione. Anche in questo caso vedremo quale sar\u00e0 il testo finale della revisione costituzionale relativa al premierato che verr\u00e0 approvata dalle Camere.<\/p>\n<p>Al termine di questo sintetico excursus sull\u2019evoluzione (anzi, involuzione) delle leggi elettorali, si giunge ad una conclusione certa: siamo di fronte ad una classe politica che ha ampiamente dimostrato la propria incompetenza, faziosit\u00e0 e irresponsabilit\u00e0. Latineggiando potremmo definirla un \u201clatrinum\u201d\u2026<\/p>\n<p>&nbsp;<\/p>\n<p>&nbsp;<\/p>\n<p>&nbsp;<\/p>\n<p>&nbsp;<\/p>\n","protected":false},"excerpt":{"rendered":"<p>Una volta c\u2019era il proporzionale e tutto era chiaro. I seggi parlamentari venivano assegnati in proporzione ai voti ricevuti. Nel 1993 il popolo italiano, stanco della troppo semplice proporzione matematica, attraverso un referendum ha optato per un sistema maggioritario al&hellip;<\/p>\n","protected":false},"author":1280,"featured_media":1659997,"comment_status":"closed","ping_status":"closed","sticky":false,"template":"","format":"standard","meta":{"footnotes":""},"categories":[11388,47,55],"tags":[49916,801,1659],"class_list":["post-2526100","post","type-post","status-publish","format-standard","has-post-thumbnail","hentry","category-contenuti-originali","category-europa","category-politica","tag-classe-politica","tag-costituzione","tag-legge-elettorale"],"yoast_head":"<!-- This site is optimized with the Yoast SEO plugin v27.1.1 - https:\/\/yoast.com\/product\/yoast-seo-wordpress\/ -->\n<title>La legge elettorale tra matematica e latino<\/title>\n<meta name=\"description\" content=\"Una volta c\u2019era il proporzionale e tutto era chiaro. I seggi parlamentari venivano assegnati in proporzione ai voti ricevuti. Nel 1993 il popolo italiano,\" \/>\n<meta name=\"robots\" content=\"index, follow, max-snippet:-1, max-image-preview:large, max-video-preview:-1\" \/>\n<link rel=\"canonical\" href=\"https:\/\/www.pressenza.com\/it\/2024\/05\/la-legge-elettorale-tra-matematica-e-latino\/\" \/>\n<meta property=\"og:locale\" content=\"it_IT\" \/>\n<meta property=\"og:type\" content=\"article\" \/>\n<meta property=\"og:title\" content=\"La legge elettorale tra matematica e latino\" \/>\n<meta property=\"og:description\" content=\"Una volta c\u2019era il proporzionale e tutto era chiaro. I seggi parlamentari venivano assegnati in proporzione ai voti ricevuti. Nel 1993 il popolo italiano,\" \/>\n<meta property=\"og:url\" content=\"https:\/\/www.pressenza.com\/it\/2024\/05\/la-legge-elettorale-tra-matematica-e-latino\/\" \/>\n<meta property=\"og:site_name\" content=\"Pressenza\" \/>\n<meta property=\"article:publisher\" content=\"https:\/\/www.facebook.com\/PressenzaItalia\" \/>\n<meta property=\"article:published_time\" content=\"2024-05-21T15:13:02+00:00\" \/>\n<meta property=\"article:modified_time\" content=\"2024-05-21T15:15:13+00:00\" \/>\n<meta property=\"og:image\" content=\"https:\/\/www.pressenza.com\/wp-content\/uploads\/2022\/09\/Legge-Elettorale-Elezioni-Politiche-2018-720x406-1.jpg\" \/>\n\t<meta property=\"og:image:width\" content=\"794\" \/>\n\t<meta property=\"og:image:height\" content=\"459\" \/>\n\t<meta property=\"og:image:type\" content=\"image\/jpeg\" \/>\n<meta name=\"author\" content=\"Rocco Artifoni\" \/>\n<meta name=\"twitter:card\" content=\"summary_large_image\" \/>\n<meta name=\"twitter:creator\" content=\"@PressenzaIPA\" \/>\n<meta name=\"twitter:site\" content=\"@PressenzaIPA\" \/>\n<meta name=\"twitter:label1\" content=\"Scritto da\" \/>\n\t<meta name=\"twitter:data1\" content=\"Rocco Artifoni\" \/>\n\t<meta name=\"twitter:label2\" content=\"Tempo di lettura stimato\" \/>\n\t<meta name=\"twitter:data2\" content=\"4 minuti\" \/>\n<script type=\"application\/ld+json\" class=\"yoast-schema-graph\">{\"@context\":\"https:\/\/schema.org\",\"@graph\":[{\"@type\":\"Article\",\"@id\":\"https:\/\/www.pressenza.com\/it\/2024\/05\/la-legge-elettorale-tra-matematica-e-latino\/#article\",\"isPartOf\":{\"@id\":\"https:\/\/www.pressenza.com\/it\/2024\/05\/la-legge-elettorale-tra-matematica-e-latino\/\"},\"author\":{\"name\":\"Rocco Artifoni\",\"@id\":\"https:\/\/www.pressenza.com\/it\/#\/schema\/person\/47253bd773bfdc8f669fc1a490a0d099\"},\"headline\":\"La legge elettorale tra matematica e latino\",\"datePublished\":\"2024-05-21T15:13:02+00:00\",\"dateModified\":\"2024-05-21T15:15:13+00:00\",\"mainEntityOfPage\":{\"@id\":\"https:\/\/www.pressenza.com\/it\/2024\/05\/la-legge-elettorale-tra-matematica-e-latino\/\"},\"wordCount\":636,\"publisher\":{\"@id\":\"https:\/\/www.pressenza.com\/it\/#organization\"},\"image\":{\"@id\":\"https:\/\/www.pressenza.com\/it\/2024\/05\/la-legge-elettorale-tra-matematica-e-latino\/#primaryimage\"},\"thumbnailUrl\":\"https:\/\/www.pressenza.com\/wp-content\/uploads\/2022\/09\/Legge-Elettorale-Elezioni-Politiche-2018-720x406-1.jpg\",\"keywords\":[\"classe politica\",\"Costituzione\",\"legge elettorale\"],\"articleSection\":[\"contenuti originali\",\"Europa\",\"Politica\"],\"inLanguage\":\"it-IT\"},{\"@type\":\"WebPage\",\"@id\":\"https:\/\/www.pressenza.com\/it\/2024\/05\/la-legge-elettorale-tra-matematica-e-latino\/\",\"url\":\"https:\/\/www.pressenza.com\/it\/2024\/05\/la-legge-elettorale-tra-matematica-e-latino\/\",\"name\":\"La legge elettorale tra matematica e latino\",\"isPartOf\":{\"@id\":\"https:\/\/www.pressenza.com\/it\/#website\"},\"primaryImageOfPage\":{\"@id\":\"https:\/\/www.pressenza.com\/it\/2024\/05\/la-legge-elettorale-tra-matematica-e-latino\/#primaryimage\"},\"image\":{\"@id\":\"https:\/\/www.pressenza.com\/it\/2024\/05\/la-legge-elettorale-tra-matematica-e-latino\/#primaryimage\"},\"thumbnailUrl\":\"https:\/\/www.pressenza.com\/wp-content\/uploads\/2022\/09\/Legge-Elettorale-Elezioni-Politiche-2018-720x406-1.jpg\",\"datePublished\":\"2024-05-21T15:13:02+00:00\",\"dateModified\":\"2024-05-21T15:15:13+00:00\",\"description\":\"Una volta c\u2019era il proporzionale e tutto era chiaro. I seggi parlamentari venivano assegnati in proporzione ai voti ricevuti. Nel 1993 il popolo italiano,\",\"breadcrumb\":{\"@id\":\"https:\/\/www.pressenza.com\/it\/2024\/05\/la-legge-elettorale-tra-matematica-e-latino\/#breadcrumb\"},\"inLanguage\":\"it-IT\",\"potentialAction\":[{\"@type\":\"ReadAction\",\"target\":[\"https:\/\/www.pressenza.com\/it\/2024\/05\/la-legge-elettorale-tra-matematica-e-latino\/\"]}]},{\"@type\":\"ImageObject\",\"inLanguage\":\"it-IT\",\"@id\":\"https:\/\/www.pressenza.com\/it\/2024\/05\/la-legge-elettorale-tra-matematica-e-latino\/#primaryimage\",\"url\":\"https:\/\/www.pressenza.com\/wp-content\/uploads\/2022\/09\/Legge-Elettorale-Elezioni-Politiche-2018-720x406-1.jpg\",\"contentUrl\":\"https:\/\/www.pressenza.com\/wp-content\/uploads\/2022\/09\/Legge-Elettorale-Elezioni-Politiche-2018-720x406-1.jpg\",\"width\":794,\"height\":459},{\"@type\":\"BreadcrumbList\",\"@id\":\"https:\/\/www.pressenza.com\/it\/2024\/05\/la-legge-elettorale-tra-matematica-e-latino\/#breadcrumb\",\"itemListElement\":[{\"@type\":\"ListItem\",\"position\":1,\"name\":\"Accueil\",\"item\":\"https:\/\/www.pressenza.com\/it\/\"},{\"@type\":\"ListItem\",\"position\":2,\"name\":\"La legge elettorale tra matematica e latino\"}]},{\"@type\":\"WebSite\",\"@id\":\"https:\/\/www.pressenza.com\/it\/#website\",\"url\":\"https:\/\/www.pressenza.com\/it\/\",\"name\":\"Pressenza\",\"description\":\"Agenzia di Stampa Internazionale\",\"publisher\":{\"@id\":\"https:\/\/www.pressenza.com\/it\/#organization\"},\"potentialAction\":[{\"@type\":\"SearchAction\",\"target\":{\"@type\":\"EntryPoint\",\"urlTemplate\":\"https:\/\/www.pressenza.com\/it\/?s={search_term_string}\"},\"query-input\":{\"@type\":\"PropertyValueSpecification\",\"valueRequired\":true,\"valueName\":\"search_term_string\"}}],\"inLanguage\":\"it-IT\"},{\"@type\":\"Organization\",\"@id\":\"https:\/\/www.pressenza.com\/it\/#organization\",\"name\":\"Pressenza\",\"url\":\"https:\/\/www.pressenza.com\/it\/\",\"logo\":{\"@type\":\"ImageObject\",\"inLanguage\":\"it-IT\",\"@id\":\"https:\/\/www.pressenza.com\/it\/#\/schema\/logo\/image\/\",\"url\":\"https:\/\/www.pressenza.com\/wp-content\/uploads\/2022\/10\/pressenza_logo_200x200.jpg\",\"contentUrl\":\"https:\/\/www.pressenza.com\/wp-content\/uploads\/2022\/10\/pressenza_logo_200x200.jpg\",\"width\":200,\"height\":200,\"caption\":\"Pressenza\"},\"image\":{\"@id\":\"https:\/\/www.pressenza.com\/it\/#\/schema\/logo\/image\/\"},\"sameAs\":[\"https:\/\/www.facebook.com\/PressenzaItalia\",\"https:\/\/x.com\/PressenzaIPA\"]},{\"@type\":\"Person\",\"@id\":\"https:\/\/www.pressenza.com\/it\/#\/schema\/person\/47253bd773bfdc8f669fc1a490a0d099\",\"name\":\"Rocco Artifoni\",\"description\":\"Rocco Artifoni \u00e8 nato a Bergamo nel 1960. \u00c8 presidente nazionale dell\u2019Associazione per la Riduzione del Debito Pubblico (www.ardep.it) e referente per la Lombardia dell\u2019Associazione Art. 53 (www.articolo53.it). Principali appartenenze e impegni locali (provincia di Bergamo): Consiglio Direttivo della Fondazione Serughetti La Porta (www.laportabergamo.it), Comitato provinciale per l\u2019abolizione delle barriere architettoniche (www.diversabile.it), Coordinamento provinciale di Libera (www.liberabg.it), Comitato bergamasco per la difesa della Costituzione (www.salviamolacostituzione.bg.it), Scuola di educazione e formazione alla politica We Care (www.scuolawecare.it), Redazione della rivista L\u2019Incontro e delle Edizioni Gruppo Aeper (www.aeper.it). Nel 2014 ha pubblicato insieme a Filippo Pizzolato \u201cL\u2019ABC della Costituzione\u201d per le Edizioni Gruppo Aeper con prefazione di don Luigi Ciotti. Nel 2018, insieme a Francesco Gesualdi e Antonio De Lellis, per CADTM Italia ha pubblicato il dossier \u201cFisco &amp; Debito. Gli effetti delle controriforme fiscali sul nostro debito pubblico\u201d.\",\"url\":\"https:\/\/www.pressenza.com\/it\/author\/rocco-artifoni\/\"}]}<\/script>\n<!-- \/ Yoast SEO plugin. -->","yoast_head_json":{"title":"La legge elettorale tra matematica e latino","description":"Una volta c\u2019era il proporzionale e tutto era chiaro. I seggi parlamentari venivano assegnati in proporzione ai voti ricevuti. Nel 1993 il popolo italiano,","robots":{"index":"index","follow":"follow","max-snippet":"max-snippet:-1","max-image-preview":"max-image-preview:large","max-video-preview":"max-video-preview:-1"},"canonical":"https:\/\/www.pressenza.com\/it\/2024\/05\/la-legge-elettorale-tra-matematica-e-latino\/","og_locale":"it_IT","og_type":"article","og_title":"La legge elettorale tra matematica e latino","og_description":"Una volta c\u2019era il proporzionale e tutto era chiaro. I seggi parlamentari venivano assegnati in proporzione ai voti ricevuti. Nel 1993 il popolo italiano,","og_url":"https:\/\/www.pressenza.com\/it\/2024\/05\/la-legge-elettorale-tra-matematica-e-latino\/","og_site_name":"Pressenza","article_publisher":"https:\/\/www.facebook.com\/PressenzaItalia","article_published_time":"2024-05-21T15:13:02+00:00","article_modified_time":"2024-05-21T15:15:13+00:00","og_image":[{"width":794,"height":459,"url":"https:\/\/www.pressenza.com\/wp-content\/uploads\/2022\/09\/Legge-Elettorale-Elezioni-Politiche-2018-720x406-1.jpg","type":"image\/jpeg"}],"author":"Rocco Artifoni","twitter_card":"summary_large_image","twitter_creator":"@PressenzaIPA","twitter_site":"@PressenzaIPA","twitter_misc":{"Scritto da":"Rocco Artifoni","Tempo di lettura stimato":"4 minuti"},"schema":{"@context":"https:\/\/schema.org","@graph":[{"@type":"Article","@id":"https:\/\/www.pressenza.com\/it\/2024\/05\/la-legge-elettorale-tra-matematica-e-latino\/#article","isPartOf":{"@id":"https:\/\/www.pressenza.com\/it\/2024\/05\/la-legge-elettorale-tra-matematica-e-latino\/"},"author":{"name":"Rocco Artifoni","@id":"https:\/\/www.pressenza.com\/it\/#\/schema\/person\/47253bd773bfdc8f669fc1a490a0d099"},"headline":"La legge elettorale tra matematica e latino","datePublished":"2024-05-21T15:13:02+00:00","dateModified":"2024-05-21T15:15:13+00:00","mainEntityOfPage":{"@id":"https:\/\/www.pressenza.com\/it\/2024\/05\/la-legge-elettorale-tra-matematica-e-latino\/"},"wordCount":636,"publisher":{"@id":"https:\/\/www.pressenza.com\/it\/#organization"},"image":{"@id":"https:\/\/www.pressenza.com\/it\/2024\/05\/la-legge-elettorale-tra-matematica-e-latino\/#primaryimage"},"thumbnailUrl":"https:\/\/www.pressenza.com\/wp-content\/uploads\/2022\/09\/Legge-Elettorale-Elezioni-Politiche-2018-720x406-1.jpg","keywords":["classe politica","Costituzione","legge elettorale"],"articleSection":["contenuti originali","Europa","Politica"],"inLanguage":"it-IT"},{"@type":"WebPage","@id":"https:\/\/www.pressenza.com\/it\/2024\/05\/la-legge-elettorale-tra-matematica-e-latino\/","url":"https:\/\/www.pressenza.com\/it\/2024\/05\/la-legge-elettorale-tra-matematica-e-latino\/","name":"La legge elettorale tra matematica e latino","isPartOf":{"@id":"https:\/\/www.pressenza.com\/it\/#website"},"primaryImageOfPage":{"@id":"https:\/\/www.pressenza.com\/it\/2024\/05\/la-legge-elettorale-tra-matematica-e-latino\/#primaryimage"},"image":{"@id":"https:\/\/www.pressenza.com\/it\/2024\/05\/la-legge-elettorale-tra-matematica-e-latino\/#primaryimage"},"thumbnailUrl":"https:\/\/www.pressenza.com\/wp-content\/uploads\/2022\/09\/Legge-Elettorale-Elezioni-Politiche-2018-720x406-1.jpg","datePublished":"2024-05-21T15:13:02+00:00","dateModified":"2024-05-21T15:15:13+00:00","description":"Una volta c\u2019era il proporzionale e tutto era chiaro. I seggi parlamentari venivano assegnati in proporzione ai voti ricevuti. Nel 1993 il popolo italiano,","breadcrumb":{"@id":"https:\/\/www.pressenza.com\/it\/2024\/05\/la-legge-elettorale-tra-matematica-e-latino\/#breadcrumb"},"inLanguage":"it-IT","potentialAction":[{"@type":"ReadAction","target":["https:\/\/www.pressenza.com\/it\/2024\/05\/la-legge-elettorale-tra-matematica-e-latino\/"]}]},{"@type":"ImageObject","inLanguage":"it-IT","@id":"https:\/\/www.pressenza.com\/it\/2024\/05\/la-legge-elettorale-tra-matematica-e-latino\/#primaryimage","url":"https:\/\/www.pressenza.com\/wp-content\/uploads\/2022\/09\/Legge-Elettorale-Elezioni-Politiche-2018-720x406-1.jpg","contentUrl":"https:\/\/www.pressenza.com\/wp-content\/uploads\/2022\/09\/Legge-Elettorale-Elezioni-Politiche-2018-720x406-1.jpg","width":794,"height":459},{"@type":"BreadcrumbList","@id":"https:\/\/www.pressenza.com\/it\/2024\/05\/la-legge-elettorale-tra-matematica-e-latino\/#breadcrumb","itemListElement":[{"@type":"ListItem","position":1,"name":"Accueil","item":"https:\/\/www.pressenza.com\/it\/"},{"@type":"ListItem","position":2,"name":"La legge elettorale tra matematica e latino"}]},{"@type":"WebSite","@id":"https:\/\/www.pressenza.com\/it\/#website","url":"https:\/\/www.pressenza.com\/it\/","name":"Pressenza","description":"Agenzia di Stampa Internazionale","publisher":{"@id":"https:\/\/www.pressenza.com\/it\/#organization"},"potentialAction":[{"@type":"SearchAction","target":{"@type":"EntryPoint","urlTemplate":"https:\/\/www.pressenza.com\/it\/?s={search_term_string}"},"query-input":{"@type":"PropertyValueSpecification","valueRequired":true,"valueName":"search_term_string"}}],"inLanguage":"it-IT"},{"@type":"Organization","@id":"https:\/\/www.pressenza.com\/it\/#organization","name":"Pressenza","url":"https:\/\/www.pressenza.com\/it\/","logo":{"@type":"ImageObject","inLanguage":"it-IT","@id":"https:\/\/www.pressenza.com\/it\/#\/schema\/logo\/image\/","url":"https:\/\/www.pressenza.com\/wp-content\/uploads\/2022\/10\/pressenza_logo_200x200.jpg","contentUrl":"https:\/\/www.pressenza.com\/wp-content\/uploads\/2022\/10\/pressenza_logo_200x200.jpg","width":200,"height":200,"caption":"Pressenza"},"image":{"@id":"https:\/\/www.pressenza.com\/it\/#\/schema\/logo\/image\/"},"sameAs":["https:\/\/www.facebook.com\/PressenzaItalia","https:\/\/x.com\/PressenzaIPA"]},{"@type":"Person","@id":"https:\/\/www.pressenza.com\/it\/#\/schema\/person\/47253bd773bfdc8f669fc1a490a0d099","name":"Rocco Artifoni","description":"Rocco Artifoni \u00e8 nato a Bergamo nel 1960. \u00c8 presidente nazionale dell\u2019Associazione per la Riduzione del Debito Pubblico (www.ardep.it) e referente per la Lombardia dell\u2019Associazione Art. 53 (www.articolo53.it). Principali appartenenze e impegni locali (provincia di Bergamo): Consiglio Direttivo della Fondazione Serughetti La Porta (www.laportabergamo.it), Comitato provinciale per l\u2019abolizione delle barriere architettoniche (www.diversabile.it), Coordinamento provinciale di Libera (www.liberabg.it), Comitato bergamasco per la difesa della Costituzione (www.salviamolacostituzione.bg.it), Scuola di educazione e formazione alla politica We Care (www.scuolawecare.it), Redazione della rivista L\u2019Incontro e delle Edizioni Gruppo Aeper (www.aeper.it). Nel 2014 ha pubblicato insieme a Filippo Pizzolato \u201cL\u2019ABC della Costituzione\u201d per le Edizioni Gruppo Aeper con prefazione di don Luigi Ciotti. Nel 2018, insieme a Francesco Gesualdi e Antonio De Lellis, per CADTM Italia ha pubblicato il dossier \u201cFisco &amp; Debito. Gli effetti delle controriforme fiscali sul nostro debito pubblico\u201d.","url":"https:\/\/www.pressenza.com\/it\/author\/rocco-artifoni\/"}]}},"place":"","original_article_url":"","_links":{"self":[{"href":"https:\/\/www.pressenza.com\/it\/wp-json\/wp\/v2\/posts\/2526100","targetHints":{"allow":["GET"]}}],"collection":[{"href":"https:\/\/www.pressenza.com\/it\/wp-json\/wp\/v2\/posts"}],"about":[{"href":"https:\/\/www.pressenza.com\/it\/wp-json\/wp\/v2\/types\/post"}],"author":[{"embeddable":true,"href":"https:\/\/www.pressenza.com\/it\/wp-json\/wp\/v2\/users\/1280"}],"replies":[{"embeddable":true,"href":"https:\/\/www.pressenza.com\/it\/wp-json\/wp\/v2\/comments?post=2526100"}],"version-history":[{"count":0,"href":"https:\/\/www.pressenza.com\/it\/wp-json\/wp\/v2\/posts\/2526100\/revisions"}],"wp:featuredmedia":[{"embeddable":true,"href":"https:\/\/www.pressenza.com\/it\/wp-json\/wp\/v2\/media\/1659997"}],"wp:attachment":[{"href":"https:\/\/www.pressenza.com\/it\/wp-json\/wp\/v2\/media?parent=2526100"}],"wp:term":[{"taxonomy":"category","embeddable":true,"href":"https:\/\/www.pressenza.com\/it\/wp-json\/wp\/v2\/categories?post=2526100"},{"taxonomy":"post_tag","embeddable":true,"href":"https:\/\/www.pressenza.com\/it\/wp-json\/wp\/v2\/tags?post=2526100"}],"curies":[{"name":"wp","href":"https:\/\/api.w.org\/{rel}","templated":true}]}}