{"id":2526095,"date":"2024-05-21T15:33:14","date_gmt":"2024-05-21T14:33:14","guid":{"rendered":"https:\/\/www.pressenza.com\/?p=2526095"},"modified":"2024-05-21T15:36:44","modified_gmt":"2024-05-21T14:36:44","slug":"per-gli-attivisti-assange-va-liberato-subito-salute-precaria","status":"publish","type":"post","link":"https:\/\/www.pressenza.com\/it\/2024\/05\/per-gli-attivisti-assange-va-liberato-subito-salute-precaria\/","title":{"rendered":"Per gli attivisti Assange va liberato subito: salute precaria"},"content":{"rendered":"<p>L\u2019Alta Corte di Londra ha deciso che il fondatore di\u00a0WikiLeaks\u00a0ha diritto\u00a0a presentare un nuovo appello contro la decisione di estradarlo negli Starti Uniti. L\u00e0 pende sul giornalista australiano il rischio di una condanna a 175 anni di detenzione in un carcere speciale per il reato di spionaggio.<\/p>\n<p>Quest\u2019ultimo, affibbiato ad Assange per aggirare l\u2019ostacolo del Primo Emendamento della Costituzione degli Stati Uniti che considera essenziale il diritto di cronaca (vedi il noto caso della pubblicazione dei\u00a0<em>Pentagon Papers<\/em>\u00a0sulla guerra del Vietnam, che non port\u00f2 a nessuna incriminazione definitiva), \u00e8 il punto cruciale della vicenda.<\/p>\n<p>L\u2019enorme lavoro che sta svolgendo il collegio di difesa riguarda proprio la richiesta di applicare quel testo sacrale al caso del nemico pubblico della Cia. Infatti, se la scelta dell&#8217;Alta Corte di Londra di accogliere il ricorso \u00e8 stata motivata con l\u2019inadeguatezza delle rassicurazioni offerte dalla giustizia d\u2019oltre oceano alle autorit\u00e0 del Regno Unito, rimane aperto proprio il capitolo del Primo Emendamento.<\/p>\n<p>Su di esso si \u00e8 sviluppato un complesso contenzioso nel corso dell\u2019udienza e certamente lo scioglimento positivo di ogni dubbio interpretativo sar\u00e0 \u2013 nell\u2019augurabile caso \u2013 la chiusura della vicenda con il proscioglimento dell\u2019imputato.<\/p>\n<p>Tuttavia, come hanno commentato attiviste e attivisti accorsi a Londra, il pericolo che gi\u00e0 stanotte Assange fosse caricato da Scotland Yard su di un aereo \u00e8 stato sventato: un passo avanti che fa tirare un sospiro di sollievo e strappa un sorriso anche alla moglie avvocata Stella Moris.<\/p>\n<p>Cosa abbia portato a simile apertura \u00e8 oggetto di varie congetture, non ultima quella che tocca la campagna elettorale per la presidenza, con il tentativo di allontanare la tensione su un pezzo di conclamato autoritarismo repressivo della decadente democrazia occidentale. Quindi, un rinvio a dopo il voto cruciale per Washington e non solo.<\/p>\n<p>Sar\u00e0 cos\u00ec, ma certamente ha pesato il movimento di opinione che finalmente ha varcato la soglia del silenzio e della marginalit\u00e0. La prova \u00e8 stata l\u2019ospitalit\u00e0 offerta anche in tale occasione ai Comitati FreeAssange dalla Federazione della Stampa per la conferenza che ha commentato in tempo reale l\u2019esito dell\u2019udienza.<\/p>\n<p>Ora, per\u00f2, quell\u2019universo di attiviste e attivisti chiede un passo avanti decisivo: Assange sia rimesso in libert\u00e0, magari vigilata presso un domicilio. Le condizioni di salute precarie (neanche ieri era in aula per la fragilit\u00e0 di un corpo offeso da quattordici anni di reclusione, compresi gli ultimi nella cosiddetta Guantanamo inglese) vorrebbero un atto di civilt\u00e0 giuridica.<\/p>\n<p>Solo cos\u00ec si potrebbe riprendere un po\u2019 di fiducia e di speranza: non deve sempre vincere il Male.<\/p>\n<p><strong>Vincenzo Vita. Il Manifesto<\/strong><\/p>\n","protected":false},"excerpt":{"rendered":"<p>L\u2019Alta Corte di Londra ha deciso che il fondatore di\u00a0WikiLeaks\u00a0ha diritto\u00a0a presentare un nuovo appello contro la decisione di estradarlo negli Starti Uniti. L\u00e0 pende sul giornalista australiano il rischio di una condanna a 175 anni di detenzione in un&hellip;<\/p>\n","protected":false},"author":594,"featured_media":1709395,"comment_status":"closed","ping_status":"closed","sticky":false,"template":"","format":"standard","meta":{"footnotes":""},"categories":[107392,60,47,49],"tags":[93828,947,48822,2599,123109,3500],"class_list":["post-2526095","post","type-post","status-publish","format-standard","has-post-thumbnail","hentry","category-noticia-it","category-diritti-umani","category-europa","category-nord-america","tag-alta-corte-di-londra","tag-appello","tag-costituzione-degli-stati-uniti","tag-julian-assange-it","tag-primo-emendamento","tag-regno-unito"],"yoast_head":"<!-- This site is optimized with the Yoast SEO plugin v27.1.1 - https:\/\/yoast.com\/product\/yoast-seo-wordpress\/ -->\n<title>Per gli attivisti Assange va liberato subito: salute precaria<\/title>\n<meta name=\"description\" content=\"L\u2019Alta Corte di Londra ha deciso che il fondatore di\u00a0WikiLeaks\u00a0ha diritto\u00a0a presentare un nuovo appello contro la decisione di estradarlo negli Starti\" \/>\n<meta name=\"robots\" content=\"index, follow, max-snippet:-1, max-image-preview:large, max-video-preview:-1\" \/>\n<link rel=\"canonical\" href=\"https:\/\/www.pressenza.com\/it\/2024\/05\/per-gli-attivisti-assange-va-liberato-subito-salute-precaria\/\" \/>\n<meta property=\"og:locale\" content=\"it_IT\" \/>\n<meta property=\"og:type\" content=\"article\" \/>\n<meta property=\"og:title\" content=\"Per gli attivisti Assange va liberato subito: salute precaria\" \/>\n<meta property=\"og:description\" content=\"L\u2019Alta Corte di Londra ha deciso che il fondatore di\u00a0WikiLeaks\u00a0ha diritto\u00a0a presentare un nuovo appello contro la decisione di estradarlo negli Starti\" \/>\n<meta property=\"og:url\" content=\"https:\/\/www.pressenza.com\/it\/2024\/05\/per-gli-attivisti-assange-va-liberato-subito-salute-precaria\/\" \/>\n<meta property=\"og:site_name\" content=\"Pressenza\" \/>\n<meta property=\"article:publisher\" content=\"https:\/\/www.facebook.com\/PressenzaItalia\" \/>\n<meta property=\"article:author\" content=\"https:\/\/www.facebook.com\/PressenzaItalia\" \/>\n<meta property=\"article:published_time\" content=\"2024-05-21T14:33:14+00:00\" \/>\n<meta property=\"article:modified_time\" content=\"2024-05-21T14:36:44+00:00\" \/>\n<meta property=\"og:image\" content=\"https:\/\/www.pressenza.com\/wp-content\/uploads\/2023\/01\/dont-extradite-Assange-striscione.jpg\" \/>\n\t<meta property=\"og:image:width\" content=\"1920\" \/>\n\t<meta property=\"og:image:height\" content=\"907\" \/>\n\t<meta property=\"og:image:type\" content=\"image\/jpeg\" \/>\n<meta name=\"author\" content=\"Redazione Italia\" \/>\n<meta name=\"twitter:card\" content=\"summary_large_image\" \/>\n<meta name=\"twitter:creator\" content=\"@pressenza_it\" \/>\n<meta name=\"twitter:site\" content=\"@PressenzaIPA\" \/>\n<meta name=\"twitter:label1\" content=\"Scritto da\" \/>\n\t<meta name=\"twitter:data1\" content=\"Redazione Italia\" \/>\n\t<meta name=\"twitter:label2\" content=\"Tempo di lettura stimato\" \/>\n\t<meta name=\"twitter:data2\" content=\"3 minuti\" \/>\n<script type=\"application\/ld+json\" class=\"yoast-schema-graph\">{\"@context\":\"https:\/\/schema.org\",\"@graph\":[{\"@type\":\"Article\",\"@id\":\"https:\/\/www.pressenza.com\/it\/2024\/05\/per-gli-attivisti-assange-va-liberato-subito-salute-precaria\/#article\",\"isPartOf\":{\"@id\":\"https:\/\/www.pressenza.com\/it\/2024\/05\/per-gli-attivisti-assange-va-liberato-subito-salute-precaria\/\"},\"author\":{\"name\":\"Redazione Italia\",\"@id\":\"https:\/\/www.pressenza.com\/it\/#\/schema\/person\/d983e81827ae24f2c7b1a2123d197f8d\"},\"headline\":\"Per gli attivisti Assange va liberato subito: salute precaria\",\"datePublished\":\"2024-05-21T14:33:14+00:00\",\"dateModified\":\"2024-05-21T14:36:44+00:00\",\"mainEntityOfPage\":{\"@id\":\"https:\/\/www.pressenza.com\/it\/2024\/05\/per-gli-attivisti-assange-va-liberato-subito-salute-precaria\/\"},\"wordCount\":437,\"publisher\":{\"@id\":\"https:\/\/www.pressenza.com\/it\/#organization\"},\"image\":{\"@id\":\"https:\/\/www.pressenza.com\/it\/2024\/05\/per-gli-attivisti-assange-va-liberato-subito-salute-precaria\/#primaryimage\"},\"thumbnailUrl\":\"https:\/\/www.pressenza.com\/wp-content\/uploads\/2023\/01\/dont-extradite-Assange-striscione.jpg\",\"keywords\":[\"Alta Corte di Londra\",\"appello\",\"Costituzione degli Stati Uniti\",\"Julian Assange\",\"Primo Emendamento\",\"Regno Unito\"],\"articleSection\":[\"Cronaca\",\"Diritti Umani\",\"Europa\",\"Nord America\"],\"inLanguage\":\"it-IT\"},{\"@type\":\"WebPage\",\"@id\":\"https:\/\/www.pressenza.com\/it\/2024\/05\/per-gli-attivisti-assange-va-liberato-subito-salute-precaria\/\",\"url\":\"https:\/\/www.pressenza.com\/it\/2024\/05\/per-gli-attivisti-assange-va-liberato-subito-salute-precaria\/\",\"name\":\"Per gli attivisti Assange va liberato subito: salute precaria\",\"isPartOf\":{\"@id\":\"https:\/\/www.pressenza.com\/it\/#website\"},\"primaryImageOfPage\":{\"@id\":\"https:\/\/www.pressenza.com\/it\/2024\/05\/per-gli-attivisti-assange-va-liberato-subito-salute-precaria\/#primaryimage\"},\"image\":{\"@id\":\"https:\/\/www.pressenza.com\/it\/2024\/05\/per-gli-attivisti-assange-va-liberato-subito-salute-precaria\/#primaryimage\"},\"thumbnailUrl\":\"https:\/\/www.pressenza.com\/wp-content\/uploads\/2023\/01\/dont-extradite-Assange-striscione.jpg\",\"datePublished\":\"2024-05-21T14:33:14+00:00\",\"dateModified\":\"2024-05-21T14:36:44+00:00\",\"description\":\"L\u2019Alta Corte di Londra ha deciso che il fondatore di\u00a0WikiLeaks\u00a0ha diritto\u00a0a presentare un nuovo appello contro la decisione di estradarlo negli Starti\",\"breadcrumb\":{\"@id\":\"https:\/\/www.pressenza.com\/it\/2024\/05\/per-gli-attivisti-assange-va-liberato-subito-salute-precaria\/#breadcrumb\"},\"inLanguage\":\"it-IT\",\"potentialAction\":[{\"@type\":\"ReadAction\",\"target\":[\"https:\/\/www.pressenza.com\/it\/2024\/05\/per-gli-attivisti-assange-va-liberato-subito-salute-precaria\/\"]}]},{\"@type\":\"ImageObject\",\"inLanguage\":\"it-IT\",\"@id\":\"https:\/\/www.pressenza.com\/it\/2024\/05\/per-gli-attivisti-assange-va-liberato-subito-salute-precaria\/#primaryimage\",\"url\":\"https:\/\/www.pressenza.com\/wp-content\/uploads\/2023\/01\/dont-extradite-Assange-striscione.jpg\",\"contentUrl\":\"https:\/\/www.pressenza.com\/wp-content\/uploads\/2023\/01\/dont-extradite-Assange-striscione.jpg\",\"width\":1920,\"height\":907},{\"@type\":\"BreadcrumbList\",\"@id\":\"https:\/\/www.pressenza.com\/it\/2024\/05\/per-gli-attivisti-assange-va-liberato-subito-salute-precaria\/#breadcrumb\",\"itemListElement\":[{\"@type\":\"ListItem\",\"position\":1,\"name\":\"Accueil\",\"item\":\"https:\/\/www.pressenza.com\/it\/\"},{\"@type\":\"ListItem\",\"position\":2,\"name\":\"Per gli attivisti Assange va liberato subito: salute precaria\"}]},{\"@type\":\"WebSite\",\"@id\":\"https:\/\/www.pressenza.com\/it\/#website\",\"url\":\"https:\/\/www.pressenza.com\/it\/\",\"name\":\"Pressenza\",\"description\":\"Agenzia di Stampa Internazionale\",\"publisher\":{\"@id\":\"https:\/\/www.pressenza.com\/it\/#organization\"},\"potentialAction\":[{\"@type\":\"SearchAction\",\"target\":{\"@type\":\"EntryPoint\",\"urlTemplate\":\"https:\/\/www.pressenza.com\/it\/?s={search_term_string}\"},\"query-input\":{\"@type\":\"PropertyValueSpecification\",\"valueRequired\":true,\"valueName\":\"search_term_string\"}}],\"inLanguage\":\"it-IT\"},{\"@type\":\"Organization\",\"@id\":\"https:\/\/www.pressenza.com\/it\/#organization\",\"name\":\"Pressenza\",\"url\":\"https:\/\/www.pressenza.com\/it\/\",\"logo\":{\"@type\":\"ImageObject\",\"inLanguage\":\"it-IT\",\"@id\":\"https:\/\/www.pressenza.com\/it\/#\/schema\/logo\/image\/\",\"url\":\"https:\/\/www.pressenza.com\/wp-content\/uploads\/2022\/10\/pressenza_logo_200x200.jpg\",\"contentUrl\":\"https:\/\/www.pressenza.com\/wp-content\/uploads\/2022\/10\/pressenza_logo_200x200.jpg\",\"width\":200,\"height\":200,\"caption\":\"Pressenza\"},\"image\":{\"@id\":\"https:\/\/www.pressenza.com\/it\/#\/schema\/logo\/image\/\"},\"sameAs\":[\"https:\/\/www.facebook.com\/PressenzaItalia\",\"https:\/\/x.com\/PressenzaIPA\"]},{\"@type\":\"Person\",\"@id\":\"https:\/\/www.pressenza.com\/it\/#\/schema\/person\/d983e81827ae24f2c7b1a2123d197f8d\",\"name\":\"Redazione Italia\",\"description\":\"News from the Pressenza Bureau in Italy\",\"sameAs\":[\"https:\/\/www.pressenza.com\/it\/author\/redazione-italia\/\",\"https:\/\/www.facebook.com\/PressenzaItalia\",\"https:\/\/www.instagram.com\/pressenza_italia\/\",\"https:\/\/x.com\/pressenza_it\",\"https:\/\/www.youtube.com\/channel\/UCSalEIWjE1RSxkwjfftFuqg\"],\"url\":\"https:\/\/www.pressenza.com\/it\/author\/redazione-italia\/\"}]}<\/script>\n<!-- \/ Yoast SEO plugin. -->","yoast_head_json":{"title":"Per gli attivisti Assange va liberato subito: salute precaria","description":"L\u2019Alta Corte di Londra ha deciso che il fondatore di\u00a0WikiLeaks\u00a0ha diritto\u00a0a presentare un nuovo appello contro la decisione di estradarlo negli Starti","robots":{"index":"index","follow":"follow","max-snippet":"max-snippet:-1","max-image-preview":"max-image-preview:large","max-video-preview":"max-video-preview:-1"},"canonical":"https:\/\/www.pressenza.com\/it\/2024\/05\/per-gli-attivisti-assange-va-liberato-subito-salute-precaria\/","og_locale":"it_IT","og_type":"article","og_title":"Per gli attivisti Assange va liberato subito: salute precaria","og_description":"L\u2019Alta Corte di Londra ha deciso che il fondatore di\u00a0WikiLeaks\u00a0ha diritto\u00a0a presentare un nuovo appello contro la decisione di estradarlo negli Starti","og_url":"https:\/\/www.pressenza.com\/it\/2024\/05\/per-gli-attivisti-assange-va-liberato-subito-salute-precaria\/","og_site_name":"Pressenza","article_publisher":"https:\/\/www.facebook.com\/PressenzaItalia","article_author":"https:\/\/www.facebook.com\/PressenzaItalia","article_published_time":"2024-05-21T14:33:14+00:00","article_modified_time":"2024-05-21T14:36:44+00:00","og_image":[{"width":1920,"height":907,"url":"https:\/\/www.pressenza.com\/wp-content\/uploads\/2023\/01\/dont-extradite-Assange-striscione.jpg","type":"image\/jpeg"}],"author":"Redazione Italia","twitter_card":"summary_large_image","twitter_creator":"@pressenza_it","twitter_site":"@PressenzaIPA","twitter_misc":{"Scritto da":"Redazione Italia","Tempo di lettura stimato":"3 minuti"},"schema":{"@context":"https:\/\/schema.org","@graph":[{"@type":"Article","@id":"https:\/\/www.pressenza.com\/it\/2024\/05\/per-gli-attivisti-assange-va-liberato-subito-salute-precaria\/#article","isPartOf":{"@id":"https:\/\/www.pressenza.com\/it\/2024\/05\/per-gli-attivisti-assange-va-liberato-subito-salute-precaria\/"},"author":{"name":"Redazione Italia","@id":"https:\/\/www.pressenza.com\/it\/#\/schema\/person\/d983e81827ae24f2c7b1a2123d197f8d"},"headline":"Per gli attivisti Assange va liberato subito: salute precaria","datePublished":"2024-05-21T14:33:14+00:00","dateModified":"2024-05-21T14:36:44+00:00","mainEntityOfPage":{"@id":"https:\/\/www.pressenza.com\/it\/2024\/05\/per-gli-attivisti-assange-va-liberato-subito-salute-precaria\/"},"wordCount":437,"publisher":{"@id":"https:\/\/www.pressenza.com\/it\/#organization"},"image":{"@id":"https:\/\/www.pressenza.com\/it\/2024\/05\/per-gli-attivisti-assange-va-liberato-subito-salute-precaria\/#primaryimage"},"thumbnailUrl":"https:\/\/www.pressenza.com\/wp-content\/uploads\/2023\/01\/dont-extradite-Assange-striscione.jpg","keywords":["Alta Corte di Londra","appello","Costituzione degli Stati Uniti","Julian Assange","Primo Emendamento","Regno Unito"],"articleSection":["Cronaca","Diritti Umani","Europa","Nord America"],"inLanguage":"it-IT"},{"@type":"WebPage","@id":"https:\/\/www.pressenza.com\/it\/2024\/05\/per-gli-attivisti-assange-va-liberato-subito-salute-precaria\/","url":"https:\/\/www.pressenza.com\/it\/2024\/05\/per-gli-attivisti-assange-va-liberato-subito-salute-precaria\/","name":"Per gli attivisti Assange va liberato subito: salute precaria","isPartOf":{"@id":"https:\/\/www.pressenza.com\/it\/#website"},"primaryImageOfPage":{"@id":"https:\/\/www.pressenza.com\/it\/2024\/05\/per-gli-attivisti-assange-va-liberato-subito-salute-precaria\/#primaryimage"},"image":{"@id":"https:\/\/www.pressenza.com\/it\/2024\/05\/per-gli-attivisti-assange-va-liberato-subito-salute-precaria\/#primaryimage"},"thumbnailUrl":"https:\/\/www.pressenza.com\/wp-content\/uploads\/2023\/01\/dont-extradite-Assange-striscione.jpg","datePublished":"2024-05-21T14:33:14+00:00","dateModified":"2024-05-21T14:36:44+00:00","description":"L\u2019Alta Corte di Londra ha deciso che il fondatore di\u00a0WikiLeaks\u00a0ha diritto\u00a0a presentare un nuovo appello contro la decisione di estradarlo negli Starti","breadcrumb":{"@id":"https:\/\/www.pressenza.com\/it\/2024\/05\/per-gli-attivisti-assange-va-liberato-subito-salute-precaria\/#breadcrumb"},"inLanguage":"it-IT","potentialAction":[{"@type":"ReadAction","target":["https:\/\/www.pressenza.com\/it\/2024\/05\/per-gli-attivisti-assange-va-liberato-subito-salute-precaria\/"]}]},{"@type":"ImageObject","inLanguage":"it-IT","@id":"https:\/\/www.pressenza.com\/it\/2024\/05\/per-gli-attivisti-assange-va-liberato-subito-salute-precaria\/#primaryimage","url":"https:\/\/www.pressenza.com\/wp-content\/uploads\/2023\/01\/dont-extradite-Assange-striscione.jpg","contentUrl":"https:\/\/www.pressenza.com\/wp-content\/uploads\/2023\/01\/dont-extradite-Assange-striscione.jpg","width":1920,"height":907},{"@type":"BreadcrumbList","@id":"https:\/\/www.pressenza.com\/it\/2024\/05\/per-gli-attivisti-assange-va-liberato-subito-salute-precaria\/#breadcrumb","itemListElement":[{"@type":"ListItem","position":1,"name":"Accueil","item":"https:\/\/www.pressenza.com\/it\/"},{"@type":"ListItem","position":2,"name":"Per gli attivisti Assange va liberato subito: salute precaria"}]},{"@type":"WebSite","@id":"https:\/\/www.pressenza.com\/it\/#website","url":"https:\/\/www.pressenza.com\/it\/","name":"Pressenza","description":"Agenzia di Stampa Internazionale","publisher":{"@id":"https:\/\/www.pressenza.com\/it\/#organization"},"potentialAction":[{"@type":"SearchAction","target":{"@type":"EntryPoint","urlTemplate":"https:\/\/www.pressenza.com\/it\/?s={search_term_string}"},"query-input":{"@type":"PropertyValueSpecification","valueRequired":true,"valueName":"search_term_string"}}],"inLanguage":"it-IT"},{"@type":"Organization","@id":"https:\/\/www.pressenza.com\/it\/#organization","name":"Pressenza","url":"https:\/\/www.pressenza.com\/it\/","logo":{"@type":"ImageObject","inLanguage":"it-IT","@id":"https:\/\/www.pressenza.com\/it\/#\/schema\/logo\/image\/","url":"https:\/\/www.pressenza.com\/wp-content\/uploads\/2022\/10\/pressenza_logo_200x200.jpg","contentUrl":"https:\/\/www.pressenza.com\/wp-content\/uploads\/2022\/10\/pressenza_logo_200x200.jpg","width":200,"height":200,"caption":"Pressenza"},"image":{"@id":"https:\/\/www.pressenza.com\/it\/#\/schema\/logo\/image\/"},"sameAs":["https:\/\/www.facebook.com\/PressenzaItalia","https:\/\/x.com\/PressenzaIPA"]},{"@type":"Person","@id":"https:\/\/www.pressenza.com\/it\/#\/schema\/person\/d983e81827ae24f2c7b1a2123d197f8d","name":"Redazione Italia","description":"News from the Pressenza Bureau in Italy","sameAs":["https:\/\/www.pressenza.com\/it\/author\/redazione-italia\/","https:\/\/www.facebook.com\/PressenzaItalia","https:\/\/www.instagram.com\/pressenza_italia\/","https:\/\/x.com\/pressenza_it","https:\/\/www.youtube.com\/channel\/UCSalEIWjE1RSxkwjfftFuqg"],"url":"https:\/\/www.pressenza.com\/it\/author\/redazione-italia\/"}]}},"place":"","original_article_url":"https:\/\/ilmanifesto.it\/per-gli-attivisti-assange-va-liberato-subito-salute-precaria\/r\/rfKODjnZ2XBSRBfXP6mfm","_links":{"self":[{"href":"https:\/\/www.pressenza.com\/it\/wp-json\/wp\/v2\/posts\/2526095","targetHints":{"allow":["GET"]}}],"collection":[{"href":"https:\/\/www.pressenza.com\/it\/wp-json\/wp\/v2\/posts"}],"about":[{"href":"https:\/\/www.pressenza.com\/it\/wp-json\/wp\/v2\/types\/post"}],"author":[{"embeddable":true,"href":"https:\/\/www.pressenza.com\/it\/wp-json\/wp\/v2\/users\/594"}],"replies":[{"embeddable":true,"href":"https:\/\/www.pressenza.com\/it\/wp-json\/wp\/v2\/comments?post=2526095"}],"version-history":[{"count":0,"href":"https:\/\/www.pressenza.com\/it\/wp-json\/wp\/v2\/posts\/2526095\/revisions"}],"wp:featuredmedia":[{"embeddable":true,"href":"https:\/\/www.pressenza.com\/it\/wp-json\/wp\/v2\/media\/1709395"}],"wp:attachment":[{"href":"https:\/\/www.pressenza.com\/it\/wp-json\/wp\/v2\/media?parent=2526095"}],"wp:term":[{"taxonomy":"category","embeddable":true,"href":"https:\/\/www.pressenza.com\/it\/wp-json\/wp\/v2\/categories?post=2526095"},{"taxonomy":"post_tag","embeddable":true,"href":"https:\/\/www.pressenza.com\/it\/wp-json\/wp\/v2\/tags?post=2526095"}],"curies":[{"name":"wp","href":"https:\/\/api.w.org\/{rel}","templated":true}]}}