{"id":25179,"date":"2012-11-21T21:49:48","date_gmt":"2012-11-21T21:49:48","guid":{"rendered":"http:\/\/www.pressenza.com\/?p=25179"},"modified":"2012-11-27T19:48:04","modified_gmt":"2012-11-27T19:48:04","slug":"leclisse-della-democrazia","status":"publish","type":"post","link":"https:\/\/www.pressenza.com\/it\/2012\/11\/leclisse-della-democrazia\/","title":{"rendered":"L\u2019eclisse della democrazia"},"content":{"rendered":"<p><strong>Le verit\u00e0 nascoste sul G8 2001 a Genova<\/strong><\/p>\n<p><strong>\u00a0<\/strong>Libro di Vittorio Agnoletto e Vincenzo Guadagnucci<\/p>\n<p>Editore Feltrinelli, Milano 2011<\/p>\n<p>&nbsp;<\/p>\n<p>Come sostiene Andrea Camilleri nel libro \u201cL&#8217;eclisse della democrazia\u201d di Vittorio Agnoletto e Lorenzo Guadagnucci: \u201cil G8 di Genova appare come un tentativo di golpe da parte della destra che fortunatamente \u00e8 fallito\u201d.<\/p>\n<p>Il \u201cmovimento altermondialista\u201d o \u201cmovimento per la giustizia globale\u201d si oppose, in modalit\u00e0 e azioni non violente al G8. Per la prima volta una coalizione internazionale costringeva governi e multinazionali a rinunciare ad un trattato che mirava ad estendere il potere iperliberista e ad abusare di popoli e nazioni. Il movimento ha denunciato e protestato contro gli ingiusti programmi del potere e ha elaborato proposte importanti su tematiche di rilievo come la democrazia, l&#8217;ambiente, la giustizia sociale, l&#8217;uguaglianza di diritti, la pace. Il movimento dovr\u00e0 allacciare ulteriormente alleanze e continuare a praticare l&#8217;azione non violenta, per continuare ad affermare la giustizia e lottare per affermare le istanze di verit\u00e0, perch\u00e9 \u00e8 il modo migliore per onorare i sacrifici dei compagni di Genova nel luglio del 2001. Le vie d&#8217;uscita per la crisi attuale che ha evidenti radici culturali, riguardano anche il futuro del movimento nato e sviluppato lungo l&#8217;asse Porto Alegre-Genova, con il Forum Sociale Mondiale. Il tempo ha dimostrato che le ragioni del movimento globale sono pi\u00f9 forti delle implicite fragilit\u00e0 organizzative. L&#8217;implosione del modello neoliberista ha riportato al centro dell&#8217;attenzione temi e proposte del movimento altermondialista, con la necessit\u00e0 di superare il modello di sviluppo consolidato inizialmente nel mondo occidentale e poi in tutto il pianeta.<\/p>\n<p>La crisi politica e ideologica sta conducendo vasti settori della societ\u00e0 civile a compiere sperimentazioni\u00a0 e innovazioni di grande respiro in rapporto alla sobriet\u00e0 dei consumi, alla sovranit\u00e0 alimentare, alla tutela dei beni comuni, alla riscoperta delle priorit\u00e0 dell&#8217;indirizzo pubblico rispetto all&#8217;iniziativa privata, alla difesa dei diritti di lavoratrici e lavoratori, come idee che sottendono ad un pensiero alternativo che si \u00e8 tentato di escludere dalla vita pubblica, proprio con le vicende di Genova del luglio 2001, in un&#8217;autentica eclisse dei diritti costituzionali democratici, in momenti di sospensione della democrazia e della condotta civile. Nel 2001 un grande movimento nella sua fase nascente \u00e8 stato criminalizzato, ma le sue idee non erano ingiuste: a Genova si \u00e8 prevista la crisi della finanza globale, il collasso climatico del pianeta e le guerre come conseguenza naturale del sistema capitalistico e iperliberista, che annienta l&#8217;individualit\u00e0 delle persone e dei contesti sociali e collettivi di protesta, con azioni non violente, contro i vertici del potere assoluto dell&#8217;alta finanza e dei mercati finanziari. Queste ultime entit\u00e0 economiche, difficilmente identificabili concretamente nelle consuete istituzioni del potere, costituiscono, nel periodo attuale, una vera e propria forma di egemonia e di dittatura di carattere fascista, a cui i movimenti culturali e di attivismo politico passati, e sempre attuali, cercano con mezzi non violenti di opporsi, rilanciando progetti, proposte e azioni di dialogo inerenti i grandi temi della pace, dei diritti umani, dei beni comuni, da cui una civilt\u00e0 democratica coerente non pu\u00f2 e non deve mai prescindere.<\/p>\n","protected":false},"excerpt":{"rendered":"<p>Le verit\u00e0 nascoste sul G8 2001 a Genova \u00a0Libro di Vittorio Agnoletto e Vincenzo Guadagnucci Editore Feltrinelli, Milano 2011 &nbsp; Come sostiene Andrea Camilleri nel libro \u201cL&#8217;eclisse della democrazia\u201d di Vittorio Agnoletto e Lorenzo Guadagnucci: \u201cil G8 di Genova appare&hellip;<\/p>\n","protected":false},"author":535,"featured_media":25181,"comment_status":"closed","ping_status":"open","sticky":false,"template":"","format":"standard","meta":{"footnotes":""},"categories":[56],"tags":[1551,1311,1552,1553],"class_list":["post-25179","post","type-post","status-publish","format-standard","has-post-thumbnail","hentry","category-cultura","tag-g8","tag-libro","tag-recensione","tag-vittorio-agnoletto"],"yoast_head":"<!-- This site is optimized with the Yoast SEO plugin v27.1.1 - https:\/\/yoast.com\/product\/yoast-seo-wordpress\/ -->\n<title>L\u2019eclisse della democrazia<\/title>\n<meta name=\"description\" content=\"Le verit\u00e0 nascoste sul G8 2001 a Genova \u00a0Libro di Vittorio Agnoletto e Vincenzo Guadagnucci Editore Feltrinelli, Milano 2011 &nbsp; Come sostiene Andrea\" \/>\n<meta name=\"robots\" content=\"index, follow, max-snippet:-1, max-image-preview:large, max-video-preview:-1\" \/>\n<link rel=\"canonical\" href=\"https:\/\/www.pressenza.com\/it\/2012\/11\/leclisse-della-democrazia\/\" \/>\n<meta property=\"og:locale\" content=\"it_IT\" \/>\n<meta property=\"og:type\" content=\"article\" \/>\n<meta property=\"og:title\" content=\"L\u2019eclisse della democrazia\" \/>\n<meta property=\"og:description\" content=\"Le verit\u00e0 nascoste sul G8 2001 a Genova \u00a0Libro di Vittorio Agnoletto e Vincenzo Guadagnucci Editore Feltrinelli, Milano 2011 &nbsp; Come sostiene Andrea\" \/>\n<meta property=\"og:url\" content=\"https:\/\/www.pressenza.com\/it\/2012\/11\/leclisse-della-democrazia\/\" \/>\n<meta property=\"og:site_name\" content=\"Pressenza\" \/>\n<meta property=\"article:publisher\" content=\"https:\/\/www.facebook.com\/PressenzaItalia\" \/>\n<meta property=\"article:published_time\" content=\"2012-11-21T21:49:48+00:00\" \/>\n<meta property=\"article:modified_time\" content=\"2012-11-27T19:48:04+00:00\" \/>\n<meta property=\"og:image\" content=\"https:\/\/www.pressenza.com\/wp-content\/uploads\/2012\/11\/eclisse-rigoletto.jpg\" \/>\n\t<meta property=\"og:image:width\" content=\"200\" \/>\n\t<meta property=\"og:image:height\" content=\"312\" \/>\n\t<meta property=\"og:image:type\" content=\"image\/jpeg\" \/>\n<meta name=\"author\" content=\"Laura Tussi\" \/>\n<meta name=\"twitter:card\" content=\"summary_large_image\" \/>\n<meta name=\"twitter:creator\" content=\"@PressenzaIPA\" \/>\n<meta name=\"twitter:site\" content=\"@PressenzaIPA\" \/>\n<meta name=\"twitter:label1\" content=\"Scritto da\" \/>\n\t<meta name=\"twitter:data1\" content=\"Laura Tussi\" \/>\n\t<meta name=\"twitter:label2\" content=\"Tempo di lettura stimato\" \/>\n\t<meta name=\"twitter:data2\" content=\"3 minuti\" \/>\n<script type=\"application\/ld+json\" class=\"yoast-schema-graph\">{\"@context\":\"https:\/\/schema.org\",\"@graph\":[{\"@type\":\"Article\",\"@id\":\"https:\/\/www.pressenza.com\/it\/2012\/11\/leclisse-della-democrazia\/#article\",\"isPartOf\":{\"@id\":\"https:\/\/www.pressenza.com\/it\/2012\/11\/leclisse-della-democrazia\/\"},\"author\":{\"name\":\"Laura Tussi\",\"@id\":\"https:\/\/www.pressenza.com\/it\/#\/schema\/person\/4c966fac98e44f3bbd881d8e837f60da\"},\"headline\":\"L\u2019eclisse della democrazia\",\"datePublished\":\"2012-11-21T21:49:48+00:00\",\"dateModified\":\"2012-11-27T19:48:04+00:00\",\"mainEntityOfPage\":{\"@id\":\"https:\/\/www.pressenza.com\/it\/2012\/11\/leclisse-della-democrazia\/\"},\"wordCount\":517,\"publisher\":{\"@id\":\"https:\/\/www.pressenza.com\/it\/#organization\"},\"image\":{\"@id\":\"https:\/\/www.pressenza.com\/it\/2012\/11\/leclisse-della-democrazia\/#primaryimage\"},\"thumbnailUrl\":\"https:\/\/www.pressenza.com\/wp-content\/uploads\/2012\/11\/eclisse-rigoletto.jpg\",\"keywords\":[\"G8\",\"libro\",\"recensione\",\"Vittorio Agnoletto\"],\"articleSection\":[\"Cultura e Media\"],\"inLanguage\":\"it-IT\"},{\"@type\":\"WebPage\",\"@id\":\"https:\/\/www.pressenza.com\/it\/2012\/11\/leclisse-della-democrazia\/\",\"url\":\"https:\/\/www.pressenza.com\/it\/2012\/11\/leclisse-della-democrazia\/\",\"name\":\"L\u2019eclisse della democrazia\",\"isPartOf\":{\"@id\":\"https:\/\/www.pressenza.com\/it\/#website\"},\"primaryImageOfPage\":{\"@id\":\"https:\/\/www.pressenza.com\/it\/2012\/11\/leclisse-della-democrazia\/#primaryimage\"},\"image\":{\"@id\":\"https:\/\/www.pressenza.com\/it\/2012\/11\/leclisse-della-democrazia\/#primaryimage\"},\"thumbnailUrl\":\"https:\/\/www.pressenza.com\/wp-content\/uploads\/2012\/11\/eclisse-rigoletto.jpg\",\"datePublished\":\"2012-11-21T21:49:48+00:00\",\"dateModified\":\"2012-11-27T19:48:04+00:00\",\"description\":\"Le verit\u00e0 nascoste sul G8 2001 a Genova \u00a0Libro di Vittorio Agnoletto e Vincenzo Guadagnucci Editore Feltrinelli, Milano 2011 &nbsp; Come sostiene Andrea\",\"breadcrumb\":{\"@id\":\"https:\/\/www.pressenza.com\/it\/2012\/11\/leclisse-della-democrazia\/#breadcrumb\"},\"inLanguage\":\"it-IT\",\"potentialAction\":[{\"@type\":\"ReadAction\",\"target\":[\"https:\/\/www.pressenza.com\/it\/2012\/11\/leclisse-della-democrazia\/\"]}]},{\"@type\":\"ImageObject\",\"inLanguage\":\"it-IT\",\"@id\":\"https:\/\/www.pressenza.com\/it\/2012\/11\/leclisse-della-democrazia\/#primaryimage\",\"url\":\"https:\/\/www.pressenza.com\/wp-content\/uploads\/2012\/11\/eclisse-rigoletto.jpg\",\"contentUrl\":\"https:\/\/www.pressenza.com\/wp-content\/uploads\/2012\/11\/eclisse-rigoletto.jpg\",\"width\":\"200\",\"height\":\"312\"},{\"@type\":\"BreadcrumbList\",\"@id\":\"https:\/\/www.pressenza.com\/it\/2012\/11\/leclisse-della-democrazia\/#breadcrumb\",\"itemListElement\":[{\"@type\":\"ListItem\",\"position\":1,\"name\":\"Accueil\",\"item\":\"https:\/\/www.pressenza.com\/it\/\"},{\"@type\":\"ListItem\",\"position\":2,\"name\":\"L\u2019eclisse della democrazia\"}]},{\"@type\":\"WebSite\",\"@id\":\"https:\/\/www.pressenza.com\/it\/#website\",\"url\":\"https:\/\/www.pressenza.com\/it\/\",\"name\":\"Pressenza\",\"description\":\"Agenzia di Stampa Internazionale\",\"publisher\":{\"@id\":\"https:\/\/www.pressenza.com\/it\/#organization\"},\"potentialAction\":[{\"@type\":\"SearchAction\",\"target\":{\"@type\":\"EntryPoint\",\"urlTemplate\":\"https:\/\/www.pressenza.com\/it\/?s={search_term_string}\"},\"query-input\":{\"@type\":\"PropertyValueSpecification\",\"valueRequired\":true,\"valueName\":\"search_term_string\"}}],\"inLanguage\":\"it-IT\"},{\"@type\":\"Organization\",\"@id\":\"https:\/\/www.pressenza.com\/it\/#organization\",\"name\":\"Pressenza\",\"url\":\"https:\/\/www.pressenza.com\/it\/\",\"logo\":{\"@type\":\"ImageObject\",\"inLanguage\":\"it-IT\",\"@id\":\"https:\/\/www.pressenza.com\/it\/#\/schema\/logo\/image\/\",\"url\":\"https:\/\/www.pressenza.com\/wp-content\/uploads\/2022\/10\/pressenza_logo_200x200.jpg\",\"contentUrl\":\"https:\/\/www.pressenza.com\/wp-content\/uploads\/2022\/10\/pressenza_logo_200x200.jpg\",\"width\":200,\"height\":200,\"caption\":\"Pressenza\"},\"image\":{\"@id\":\"https:\/\/www.pressenza.com\/it\/#\/schema\/logo\/image\/\"},\"sameAs\":[\"https:\/\/www.facebook.com\/PressenzaItalia\",\"https:\/\/x.com\/PressenzaIPA\"]},{\"@type\":\"Person\",\"@id\":\"https:\/\/www.pressenza.com\/it\/#\/schema\/person\/4c966fac98e44f3bbd881d8e837f60da\",\"name\":\"Laura Tussi\",\"description\":\"Docente, giornalista e ricercatrice, si occupa di pedagogia nonviolenta e interculturale. Ha conseguito cinque lauree specialistiche in formazione degli adulti e consulenza pedagogica nell'ambito delle scienze della formazione e dell'educazione.\",\"url\":\"https:\/\/www.pressenza.com\/it\/author\/laura-tussi\/\"}]}<\/script>\n<!-- \/ Yoast SEO plugin. -->","yoast_head_json":{"title":"L\u2019eclisse della democrazia","description":"Le verit\u00e0 nascoste sul G8 2001 a Genova \u00a0Libro di Vittorio Agnoletto e Vincenzo Guadagnucci Editore Feltrinelli, Milano 2011 &nbsp; Come sostiene Andrea","robots":{"index":"index","follow":"follow","max-snippet":"max-snippet:-1","max-image-preview":"max-image-preview:large","max-video-preview":"max-video-preview:-1"},"canonical":"https:\/\/www.pressenza.com\/it\/2012\/11\/leclisse-della-democrazia\/","og_locale":"it_IT","og_type":"article","og_title":"L\u2019eclisse della democrazia","og_description":"Le verit\u00e0 nascoste sul G8 2001 a Genova \u00a0Libro di Vittorio Agnoletto e Vincenzo Guadagnucci Editore Feltrinelli, Milano 2011 &nbsp; Come sostiene Andrea","og_url":"https:\/\/www.pressenza.com\/it\/2012\/11\/leclisse-della-democrazia\/","og_site_name":"Pressenza","article_publisher":"https:\/\/www.facebook.com\/PressenzaItalia","article_published_time":"2012-11-21T21:49:48+00:00","article_modified_time":"2012-11-27T19:48:04+00:00","og_image":[{"width":200,"height":312,"url":"https:\/\/www.pressenza.com\/wp-content\/uploads\/2012\/11\/eclisse-rigoletto.jpg","type":"image\/jpeg"}],"author":"Laura Tussi","twitter_card":"summary_large_image","twitter_creator":"@PressenzaIPA","twitter_site":"@PressenzaIPA","twitter_misc":{"Scritto da":"Laura Tussi","Tempo di lettura stimato":"3 minuti"},"schema":{"@context":"https:\/\/schema.org","@graph":[{"@type":"Article","@id":"https:\/\/www.pressenza.com\/it\/2012\/11\/leclisse-della-democrazia\/#article","isPartOf":{"@id":"https:\/\/www.pressenza.com\/it\/2012\/11\/leclisse-della-democrazia\/"},"author":{"name":"Laura Tussi","@id":"https:\/\/www.pressenza.com\/it\/#\/schema\/person\/4c966fac98e44f3bbd881d8e837f60da"},"headline":"L\u2019eclisse della democrazia","datePublished":"2012-11-21T21:49:48+00:00","dateModified":"2012-11-27T19:48:04+00:00","mainEntityOfPage":{"@id":"https:\/\/www.pressenza.com\/it\/2012\/11\/leclisse-della-democrazia\/"},"wordCount":517,"publisher":{"@id":"https:\/\/www.pressenza.com\/it\/#organization"},"image":{"@id":"https:\/\/www.pressenza.com\/it\/2012\/11\/leclisse-della-democrazia\/#primaryimage"},"thumbnailUrl":"https:\/\/www.pressenza.com\/wp-content\/uploads\/2012\/11\/eclisse-rigoletto.jpg","keywords":["G8","libro","recensione","Vittorio Agnoletto"],"articleSection":["Cultura e Media"],"inLanguage":"it-IT"},{"@type":"WebPage","@id":"https:\/\/www.pressenza.com\/it\/2012\/11\/leclisse-della-democrazia\/","url":"https:\/\/www.pressenza.com\/it\/2012\/11\/leclisse-della-democrazia\/","name":"L\u2019eclisse della democrazia","isPartOf":{"@id":"https:\/\/www.pressenza.com\/it\/#website"},"primaryImageOfPage":{"@id":"https:\/\/www.pressenza.com\/it\/2012\/11\/leclisse-della-democrazia\/#primaryimage"},"image":{"@id":"https:\/\/www.pressenza.com\/it\/2012\/11\/leclisse-della-democrazia\/#primaryimage"},"thumbnailUrl":"https:\/\/www.pressenza.com\/wp-content\/uploads\/2012\/11\/eclisse-rigoletto.jpg","datePublished":"2012-11-21T21:49:48+00:00","dateModified":"2012-11-27T19:48:04+00:00","description":"Le verit\u00e0 nascoste sul G8 2001 a Genova \u00a0Libro di Vittorio Agnoletto e Vincenzo Guadagnucci Editore Feltrinelli, Milano 2011 &nbsp; Come sostiene Andrea","breadcrumb":{"@id":"https:\/\/www.pressenza.com\/it\/2012\/11\/leclisse-della-democrazia\/#breadcrumb"},"inLanguage":"it-IT","potentialAction":[{"@type":"ReadAction","target":["https:\/\/www.pressenza.com\/it\/2012\/11\/leclisse-della-democrazia\/"]}]},{"@type":"ImageObject","inLanguage":"it-IT","@id":"https:\/\/www.pressenza.com\/it\/2012\/11\/leclisse-della-democrazia\/#primaryimage","url":"https:\/\/www.pressenza.com\/wp-content\/uploads\/2012\/11\/eclisse-rigoletto.jpg","contentUrl":"https:\/\/www.pressenza.com\/wp-content\/uploads\/2012\/11\/eclisse-rigoletto.jpg","width":"200","height":"312"},{"@type":"BreadcrumbList","@id":"https:\/\/www.pressenza.com\/it\/2012\/11\/leclisse-della-democrazia\/#breadcrumb","itemListElement":[{"@type":"ListItem","position":1,"name":"Accueil","item":"https:\/\/www.pressenza.com\/it\/"},{"@type":"ListItem","position":2,"name":"L\u2019eclisse della democrazia"}]},{"@type":"WebSite","@id":"https:\/\/www.pressenza.com\/it\/#website","url":"https:\/\/www.pressenza.com\/it\/","name":"Pressenza","description":"Agenzia di Stampa Internazionale","publisher":{"@id":"https:\/\/www.pressenza.com\/it\/#organization"},"potentialAction":[{"@type":"SearchAction","target":{"@type":"EntryPoint","urlTemplate":"https:\/\/www.pressenza.com\/it\/?s={search_term_string}"},"query-input":{"@type":"PropertyValueSpecification","valueRequired":true,"valueName":"search_term_string"}}],"inLanguage":"it-IT"},{"@type":"Organization","@id":"https:\/\/www.pressenza.com\/it\/#organization","name":"Pressenza","url":"https:\/\/www.pressenza.com\/it\/","logo":{"@type":"ImageObject","inLanguage":"it-IT","@id":"https:\/\/www.pressenza.com\/it\/#\/schema\/logo\/image\/","url":"https:\/\/www.pressenza.com\/wp-content\/uploads\/2022\/10\/pressenza_logo_200x200.jpg","contentUrl":"https:\/\/www.pressenza.com\/wp-content\/uploads\/2022\/10\/pressenza_logo_200x200.jpg","width":200,"height":200,"caption":"Pressenza"},"image":{"@id":"https:\/\/www.pressenza.com\/it\/#\/schema\/logo\/image\/"},"sameAs":["https:\/\/www.facebook.com\/PressenzaItalia","https:\/\/x.com\/PressenzaIPA"]},{"@type":"Person","@id":"https:\/\/www.pressenza.com\/it\/#\/schema\/person\/4c966fac98e44f3bbd881d8e837f60da","name":"Laura Tussi","description":"Docente, giornalista e ricercatrice, si occupa di pedagogia nonviolenta e interculturale. Ha conseguito cinque lauree specialistiche in formazione degli adulti e consulenza pedagogica nell'ambito delle scienze della formazione e dell'educazione.","url":"https:\/\/www.pressenza.com\/it\/author\/laura-tussi\/"}]}},"place":"","original_article_url":"","_links":{"self":[{"href":"https:\/\/www.pressenza.com\/it\/wp-json\/wp\/v2\/posts\/25179","targetHints":{"allow":["GET"]}}],"collection":[{"href":"https:\/\/www.pressenza.com\/it\/wp-json\/wp\/v2\/posts"}],"about":[{"href":"https:\/\/www.pressenza.com\/it\/wp-json\/wp\/v2\/types\/post"}],"author":[{"embeddable":true,"href":"https:\/\/www.pressenza.com\/it\/wp-json\/wp\/v2\/users\/535"}],"replies":[{"embeddable":true,"href":"https:\/\/www.pressenza.com\/it\/wp-json\/wp\/v2\/comments?post=25179"}],"version-history":[{"count":0,"href":"https:\/\/www.pressenza.com\/it\/wp-json\/wp\/v2\/posts\/25179\/revisions"}],"wp:featuredmedia":[{"embeddable":true,"href":"https:\/\/www.pressenza.com\/it\/wp-json\/wp\/v2\/media\/25181"}],"wp:attachment":[{"href":"https:\/\/www.pressenza.com\/it\/wp-json\/wp\/v2\/media?parent=25179"}],"wp:term":[{"taxonomy":"category","embeddable":true,"href":"https:\/\/www.pressenza.com\/it\/wp-json\/wp\/v2\/categories?post=25179"},{"taxonomy":"post_tag","embeddable":true,"href":"https:\/\/www.pressenza.com\/it\/wp-json\/wp\/v2\/tags?post=25179"}],"curies":[{"name":"wp","href":"https:\/\/api.w.org\/{rel}","templated":true}]}}