{"id":250209,"date":"2015-11-27T21:13:50","date_gmt":"2015-11-27T21:13:50","guid":{"rendered":"http:\/\/www.pressenza.com\/it\/?p=250209"},"modified":"2015-11-27T21:19:02","modified_gmt":"2015-11-27T21:19:02","slug":"repubblica-centrafricana-un-paese-dimenticato","status":"publish","type":"post","link":"https:\/\/www.pressenza.com\/it\/2015\/11\/repubblica-centrafricana-un-paese-dimenticato\/","title":{"rendered":"Repubblica Centrafricana, un Paese dimenticato"},"content":{"rendered":"<p>Papa Francesco si accinge ad andare in Repubblica Centrafricana, un\u2019occasione preziosa per riportare all\u2019attenzione del mondo una crisi gravissima e dimenticata.<\/p>\n<p>Dal 2013 il paese vive uno stato di insicurezza politica e violenze continue (l\u2019ultimo picco a fine settembre con decine di morti e centinaia di feriti). Il 20% della popolazione \u00e8 sfollato o rifugiato nei paesi vicini. La situazione medico-umanitaria \u00e8 quella di un\u2019emergenza cronica e prolungata: 1,5 milioni di persone soffrono la fame, il tasso di prevalenza dell\u2019HIV \u00e8 il pi\u00f9 elevato dell\u2019Africa centrale, i bambini muoiono di malaria, il 72% delle strutture sanitarie pubbliche \u00e8 danneggiato o distrutto. Nonostante tutto, le Nazioni Unite hanno retrocesso questa crisi dal livello 3 al livello 2, con una conseguente minore allocazione di risorse e personale per un paese che ne ha disperatamente bisogno.<\/p>\n<p>Medici Senza Frontiere lavora nella capitale Bangui e gestisce pi\u00f9 di 15 progetti in tutto il paese. Offriamo assistenza medico-umanitaria agli sfollati, alle vittime delle violenze, alle comunit\u00e0 musulmane bloccate nelle enclave e testimoniamo violenze quotidiane ed estreme che non risparmiano le strutture sanitarie.<\/p>\n<p><iframe loading=\"lazy\" title=\"Repubblica Centrafricana, un paese dimenticato\" width=\"500\" height=\"281\" src=\"https:\/\/www.youtube.com\/embed\/4RGVScuXMv8?feature=oembed\" frameborder=\"0\" allow=\"accelerometer; autoplay; clipboard-write; encrypted-media; gyroscope; picture-in-picture; web-share\" referrerpolicy=\"strict-origin-when-cross-origin\" allowfullscreen><\/iframe><\/p>\n<p><em>\u201cIl paese viene da anni di conflitto e di violenza. La gente continua a fuggire per paura di attacchi dei gruppi armati e l\u2019accesso umanitario sta diventando sempre pi\u00f9 complicato<\/em> \u2013 ha detto Enrica Picco, esperta di affari umanitari di MSF con una lunga esperienza in Repubblica Centrafricana. <em>\u201cLa visita del papa sicuramente contribuir\u00e0 a dare visibilit\u00e0 a una crisi che rischia di essere dimenticata. \u00c8 importante che il paese rimanga una priorit\u00e0 a livello di assistenza umanitaria e nell\u2019agenda politica internazionale.\u201d<\/em><\/p>\n<p>Di seguito una scheda sul Paese:<\/p>\n<ul>\n<li><em>La Repubblica Centrafricana (CAR) vive una situazione di emergenza sanitaria cronica e prolungata. La crisi politica e la violenza che scuote il paese dal 2013 hanno aggravato la carenza generale di servizi sanitari e il 72 per cento delle strutture sanitarie sono state danneggiate o distrutte. Allo stato attuale, la stragrande maggioranza delle strutture sanitarie pubbliche dipende dal sostegno di organizzazioni umanitarie e religiose.<\/em><\/li>\n<li><em>Pi\u00f9 di 447.000 persone sono ancora sfollate in CAR, pi\u00f9 di 44.000 nella sola Bangui. A loro si aggiungono i 460.000 rifugiati centrafricani che sono fuggiti nei paesi limitrofi, soprattutto in Camerun, Ciad e nella Repubblica democratica del Congo (RDC). In totale, il 20% della popolazione del CAR \u00e8 sfollato internamente o rifugiato nei paesi vicini.<\/em><\/li>\n<li><em>Il 26 settembre, Bangui \u00e8 stata teatro di una nuova ondata di violenza e da allora l&#8217;insicurezza persiste. Molte altre persone anno cercato rifugio nei gi\u00e0 gremiti campi per sfollati. MSF le assiste attraverso cliniche mobili in sei aree della capitale. I gruppi armati ancora attivi e la criminalit\u00e0 organizzata rendono la sicurezza incerta a Bangui e in molte zone del paese. Questa situazione continua a ostacolare la capacit\u00e0 di MSF di raggiungere le persone bisognose di assistenza. Le cliniche mobili di MSF sono state fermate pi\u00f9 volte da persone armate nelle vicinanze di citt\u00e0 come Batangafo, Kabo, Bambari e Boguila.<\/em><\/li>\n<li><em>Dal mese di maggio, in alcune zone si osserva un forte aumento degli incidenti a scapito delle ONG. Durante le violenze del mese di settembre, molte ONG sono state saccheggiate, prese di mira e derubate.<\/em><\/li>\n<li><em>La situazione delle popolazioni isolate rimane estremamente preoccupante. A Carnot, le popolazioni musulmane vivono intrappolate da oltre un anno. MSF continua a sostenerle attraverso cliniche mobili ed \u00e8 stato istituito un sistema di riferimento per il ricovero dei pazienti. A PK5, l&#8217;enclave musulmana di Bangui, la situazione non migliora e la popolazione non riesce a provvedere ai propri bisogni fondamentali. Per quanto riguarda gli sfollati che cercano rifugio nella Diocesi di Berberati, tutti sono riusciti a tornare alle loro case tra la fine di luglio e i primi di agosto 2015.<\/em><\/li>\n<li><em>Le percentuali di copertura vaccinale nella CAR erano gi\u00e0 ben al di sotto degli obiettivi nazionali prima del 2013, ma la crisi ha provocato la diminuzione delle attivit\u00e0 di vaccinazione nel paese. Per MSF, la vaccinazione rimane una priorit\u00e0 per tutelare la salute dei bambini piccoli. All&#8217;inizio di quest&#8217;anno, MSF ha organizzato campagne di vaccinazione di massa contro il morbillo nel campo sfollati, nella citt\u00e0 di Batangafo e nelle citt\u00e0 di Bria, Nzako e Bakouma, nella parte orientale del paese. Un&#8217;altra campagna di vaccinazione si \u00e8 svolta nelle citt\u00e0 di Berberati e Mbako nel mese di maggio. In totale, oltre 60.000 bambini sono stati vaccinati contro il morbillo.<\/em><\/li>\n<li><em>La malaria \u00e8 la principale causa di morte tra i bambini di et\u00e0 inferiore ai cinque anni. Per proteggere i bambini durante la stagione di punta della malaria, ai primi di luglio MSF ha lanciato una campagna terapeutica preventiva antimalarica nelle regioni di Batangafo, Kabo e Ndele. In totale, durante il primo turno oltre 15.000 bambini hanno ricevuto il trattamento. Il secondo e il terzo turno si sono svolti nel mese di ottobre e novembre e &#8211; nonostante le precarie condizioni di sicurezza &#8211; hanno interessato circa 12.000 bambini.<\/em><\/li>\n<\/ul>\n<p>Ad oggi, MSF gestisce pi\u00f9 di quindici progetti sparsi in tutto il paese. A questi si aggiungono i progetti di assistenza ai rifugiati centrafricani in Camerun, Ciad e nella Repubblica Democratica del Congo. I nostri progetti si concentrano in particolare sulla malaria, le vaccinazioni e la salute materno-infantile. Pi\u00f9 di 2.400 operatori nazionali lavorano insieme a 230 operatori internazionali.<\/p>\n","protected":false},"excerpt":{"rendered":"<p>Papa Francesco si accinge ad andare in Repubblica Centrafricana, un\u2019occasione preziosa per riportare all\u2019attenzione del mondo una crisi gravissima e dimenticata. Dal 2013 il paese vive uno stato di insicurezza politica e violenze continue (l\u2019ultimo picco a fine settembre con&hellip;<\/p>\n","protected":false},"author":1103,"featured_media":250211,"comment_status":"closed","ping_status":"open","sticky":false,"template":"","format":"standard","meta":{"footnotes":""},"categories":[45,150,1259],"tags":[22083,19315,2775,22077,22080,22084,22081,22076,22079,22078,13313,22085,22082,8489],"class_list":["post-250209","post","type-post","status-publish","format-standard","has-post-thumbnail","hentry","category-africa-it","category-comunicati-stampa","category-salute-argomento","tag-bakouma","tag-bambari","tag-bangui","tag-batangafo","tag-berberati","tag-boguila","tag-bria","tag-car","tag-carnot","tag-kabo","tag-malaria-it","tag-ndele","tag-nzako","tag-repubblica-centrafricana"],"yoast_head":"<!-- This site is optimized with the Yoast SEO plugin v27.1.1 - https:\/\/yoast.com\/product\/yoast-seo-wordpress\/ -->\n<title>Repubblica Centrafricana, un Paese dimenticato<\/title>\n<meta name=\"description\" content=\"Papa Francesco si accinge ad andare in Repubblica Centrafricana, un\u2019occasione preziosa per riportare all\u2019attenzione del mondo una crisi gravissima e\" \/>\n<meta name=\"robots\" content=\"index, follow, max-snippet:-1, max-image-preview:large, max-video-preview:-1\" \/>\n<link rel=\"canonical\" href=\"https:\/\/www.pressenza.com\/it\/2015\/11\/repubblica-centrafricana-un-paese-dimenticato\/\" \/>\n<meta property=\"og:locale\" content=\"it_IT\" \/>\n<meta property=\"og:type\" content=\"article\" \/>\n<meta property=\"og:title\" content=\"Repubblica Centrafricana, un Paese dimenticato\" \/>\n<meta property=\"og:description\" content=\"Papa Francesco si accinge ad andare in Repubblica Centrafricana, un\u2019occasione preziosa per riportare all\u2019attenzione del mondo una crisi gravissima e\" \/>\n<meta property=\"og:url\" content=\"https:\/\/www.pressenza.com\/it\/2015\/11\/repubblica-centrafricana-un-paese-dimenticato\/\" \/>\n<meta property=\"og:site_name\" content=\"Pressenza\" \/>\n<meta property=\"article:publisher\" content=\"https:\/\/www.facebook.com\/PressenzaItalia\" \/>\n<meta property=\"article:author\" content=\"https:\/\/www.facebook.com\/msf.italiano\/\" \/>\n<meta property=\"article:published_time\" content=\"2015-11-27T21:13:50+00:00\" \/>\n<meta property=\"article:modified_time\" content=\"2015-11-27T21:19:02+00:00\" \/>\n<meta property=\"og:image\" content=\"https:\/\/www.pressenza.com\/wp-content\/uploads\/2015\/11\/MSF138132-e1448658644763.jpg\" \/>\n\t<meta property=\"og:image:width\" content=\"1440\" \/>\n\t<meta property=\"og:image:height\" content=\"960\" \/>\n\t<meta property=\"og:image:type\" content=\"image\/jpeg\" \/>\n<meta name=\"author\" content=\"Medecins sans Frontieres\" \/>\n<meta name=\"twitter:card\" content=\"summary_large_image\" \/>\n<meta name=\"twitter:creator\" content=\"@MSF\" \/>\n<meta name=\"twitter:site\" content=\"@PressenzaIPA\" \/>\n<meta name=\"twitter:label1\" content=\"Scritto da\" \/>\n\t<meta name=\"twitter:data1\" content=\"Medecins sans Frontieres\" \/>\n\t<meta name=\"twitter:label2\" content=\"Tempo di lettura stimato\" \/>\n\t<meta name=\"twitter:data2\" content=\"4 minuti\" \/>\n<script type=\"application\/ld+json\" class=\"yoast-schema-graph\">{\"@context\":\"https:\/\/schema.org\",\"@graph\":[{\"@type\":\"Article\",\"@id\":\"https:\/\/www.pressenza.com\/it\/2015\/11\/repubblica-centrafricana-un-paese-dimenticato\/#article\",\"isPartOf\":{\"@id\":\"https:\/\/www.pressenza.com\/it\/2015\/11\/repubblica-centrafricana-un-paese-dimenticato\/\"},\"author\":{\"name\":\"Medecins sans Frontieres\",\"@id\":\"https:\/\/www.pressenza.com\/it\/#\/schema\/person\/67dd9334b11345b5e9e171b3a89a22b5\"},\"headline\":\"Repubblica Centrafricana, un Paese dimenticato\",\"datePublished\":\"2015-11-27T21:13:50+00:00\",\"dateModified\":\"2015-11-27T21:19:02+00:00\",\"mainEntityOfPage\":{\"@id\":\"https:\/\/www.pressenza.com\/it\/2015\/11\/repubblica-centrafricana-un-paese-dimenticato\/\"},\"wordCount\":860,\"publisher\":{\"@id\":\"https:\/\/www.pressenza.com\/it\/#organization\"},\"image\":{\"@id\":\"https:\/\/www.pressenza.com\/it\/2015\/11\/repubblica-centrafricana-un-paese-dimenticato\/#primaryimage\"},\"thumbnailUrl\":\"https:\/\/www.pressenza.com\/wp-content\/uploads\/2015\/11\/MSF138132-e1448658644763.jpg\",\"keywords\":[\"Bakouma\",\"bambari\",\"Bangui\",\"Batangafo\",\"Berberati\",\"Boguila\",\"Bria\",\"CAR\",\"Carnot\",\"Kabo\",\"malaria\",\"Ndele\",\"Nzako\",\"Repubblica Centrafricana\"],\"articleSection\":[\"Africa\",\"Comunicati Stampa\",\"Salute\"],\"inLanguage\":\"it-IT\"},{\"@type\":\"WebPage\",\"@id\":\"https:\/\/www.pressenza.com\/it\/2015\/11\/repubblica-centrafricana-un-paese-dimenticato\/\",\"url\":\"https:\/\/www.pressenza.com\/it\/2015\/11\/repubblica-centrafricana-un-paese-dimenticato\/\",\"name\":\"Repubblica Centrafricana, un Paese dimenticato\",\"isPartOf\":{\"@id\":\"https:\/\/www.pressenza.com\/it\/#website\"},\"primaryImageOfPage\":{\"@id\":\"https:\/\/www.pressenza.com\/it\/2015\/11\/repubblica-centrafricana-un-paese-dimenticato\/#primaryimage\"},\"image\":{\"@id\":\"https:\/\/www.pressenza.com\/it\/2015\/11\/repubblica-centrafricana-un-paese-dimenticato\/#primaryimage\"},\"thumbnailUrl\":\"https:\/\/www.pressenza.com\/wp-content\/uploads\/2015\/11\/MSF138132-e1448658644763.jpg\",\"datePublished\":\"2015-11-27T21:13:50+00:00\",\"dateModified\":\"2015-11-27T21:19:02+00:00\",\"description\":\"Papa Francesco si accinge ad andare in Repubblica Centrafricana, un\u2019occasione preziosa per riportare all\u2019attenzione del mondo una crisi gravissima e\",\"breadcrumb\":{\"@id\":\"https:\/\/www.pressenza.com\/it\/2015\/11\/repubblica-centrafricana-un-paese-dimenticato\/#breadcrumb\"},\"inLanguage\":\"it-IT\",\"potentialAction\":[{\"@type\":\"ReadAction\",\"target\":[\"https:\/\/www.pressenza.com\/it\/2015\/11\/repubblica-centrafricana-un-paese-dimenticato\/\"]}]},{\"@type\":\"ImageObject\",\"inLanguage\":\"it-IT\",\"@id\":\"https:\/\/www.pressenza.com\/it\/2015\/11\/repubblica-centrafricana-un-paese-dimenticato\/#primaryimage\",\"url\":\"https:\/\/www.pressenza.com\/wp-content\/uploads\/2015\/11\/MSF138132-e1448658644763.jpg\",\"contentUrl\":\"https:\/\/www.pressenza.com\/wp-content\/uploads\/2015\/11\/MSF138132-e1448658644763.jpg\",\"width\":1440,\"height\":960,\"caption\":\"L\u2019infermiere di Medici Senza Frontiere (MSF) cura un bambino affetto da malaria nella clinica mobile a BolomVillage, Repubblica Centrafricana.\"},{\"@type\":\"BreadcrumbList\",\"@id\":\"https:\/\/www.pressenza.com\/it\/2015\/11\/repubblica-centrafricana-un-paese-dimenticato\/#breadcrumb\",\"itemListElement\":[{\"@type\":\"ListItem\",\"position\":1,\"name\":\"Accueil\",\"item\":\"https:\/\/www.pressenza.com\/it\/\"},{\"@type\":\"ListItem\",\"position\":2,\"name\":\"Repubblica Centrafricana, un Paese dimenticato\"}]},{\"@type\":\"WebSite\",\"@id\":\"https:\/\/www.pressenza.com\/it\/#website\",\"url\":\"https:\/\/www.pressenza.com\/it\/\",\"name\":\"Pressenza\",\"description\":\"Agenzia di Stampa Internazionale\",\"publisher\":{\"@id\":\"https:\/\/www.pressenza.com\/it\/#organization\"},\"potentialAction\":[{\"@type\":\"SearchAction\",\"target\":{\"@type\":\"EntryPoint\",\"urlTemplate\":\"https:\/\/www.pressenza.com\/it\/?s={search_term_string}\"},\"query-input\":{\"@type\":\"PropertyValueSpecification\",\"valueRequired\":true,\"valueName\":\"search_term_string\"}}],\"inLanguage\":\"it-IT\"},{\"@type\":\"Organization\",\"@id\":\"https:\/\/www.pressenza.com\/it\/#organization\",\"name\":\"Pressenza\",\"url\":\"https:\/\/www.pressenza.com\/it\/\",\"logo\":{\"@type\":\"ImageObject\",\"inLanguage\":\"it-IT\",\"@id\":\"https:\/\/www.pressenza.com\/it\/#\/schema\/logo\/image\/\",\"url\":\"https:\/\/www.pressenza.com\/wp-content\/uploads\/2022\/10\/pressenza_logo_200x200.jpg\",\"contentUrl\":\"https:\/\/www.pressenza.com\/wp-content\/uploads\/2022\/10\/pressenza_logo_200x200.jpg\",\"width\":200,\"height\":200,\"caption\":\"Pressenza\"},\"image\":{\"@id\":\"https:\/\/www.pressenza.com\/it\/#\/schema\/logo\/image\/\"},\"sameAs\":[\"https:\/\/www.facebook.com\/PressenzaItalia\",\"https:\/\/x.com\/PressenzaIPA\"]},{\"@type\":\"Person\",\"@id\":\"https:\/\/www.pressenza.com\/it\/#\/schema\/person\/67dd9334b11345b5e9e171b3a89a22b5\",\"name\":\"Medecins sans Frontieres\",\"description\":\"M\u00e9decins Sans Fronti\u00e8res (MSF) is an international, independent, medical humanitarian organisation that delivers emergency aid to people affected by armed conflict, epidemics, natural disasters and exclusion from healthcare. MSF offers assistance to people based on need, irrespective of race, religion, gender or political affiliation. Our actions are guided by medical ethics and the principles of neutrality and impartiality. www.msf.org\",\"sameAs\":[\"https:\/\/www.facebook.com\/msf.italiano\/\",\"https:\/\/x.com\/MSF\"],\"url\":\"https:\/\/www.pressenza.com\/it\/author\/medecins-sans-frontieres\/\"}]}<\/script>\n<!-- \/ Yoast SEO plugin. -->","yoast_head_json":{"title":"Repubblica Centrafricana, un Paese dimenticato","description":"Papa Francesco si accinge ad andare in Repubblica Centrafricana, un\u2019occasione preziosa per riportare all\u2019attenzione del mondo una crisi gravissima e","robots":{"index":"index","follow":"follow","max-snippet":"max-snippet:-1","max-image-preview":"max-image-preview:large","max-video-preview":"max-video-preview:-1"},"canonical":"https:\/\/www.pressenza.com\/it\/2015\/11\/repubblica-centrafricana-un-paese-dimenticato\/","og_locale":"it_IT","og_type":"article","og_title":"Repubblica Centrafricana, un Paese dimenticato","og_description":"Papa Francesco si accinge ad andare in Repubblica Centrafricana, un\u2019occasione preziosa per riportare all\u2019attenzione del mondo una crisi gravissima e","og_url":"https:\/\/www.pressenza.com\/it\/2015\/11\/repubblica-centrafricana-un-paese-dimenticato\/","og_site_name":"Pressenza","article_publisher":"https:\/\/www.facebook.com\/PressenzaItalia","article_author":"https:\/\/www.facebook.com\/msf.italiano\/","article_published_time":"2015-11-27T21:13:50+00:00","article_modified_time":"2015-11-27T21:19:02+00:00","og_image":[{"width":1440,"height":960,"url":"https:\/\/www.pressenza.com\/wp-content\/uploads\/2015\/11\/MSF138132-e1448658644763.jpg","type":"image\/jpeg"}],"author":"Medecins sans Frontieres","twitter_card":"summary_large_image","twitter_creator":"@MSF","twitter_site":"@PressenzaIPA","twitter_misc":{"Scritto da":"Medecins sans Frontieres","Tempo di lettura stimato":"4 minuti"},"schema":{"@context":"https:\/\/schema.org","@graph":[{"@type":"Article","@id":"https:\/\/www.pressenza.com\/it\/2015\/11\/repubblica-centrafricana-un-paese-dimenticato\/#article","isPartOf":{"@id":"https:\/\/www.pressenza.com\/it\/2015\/11\/repubblica-centrafricana-un-paese-dimenticato\/"},"author":{"name":"Medecins sans Frontieres","@id":"https:\/\/www.pressenza.com\/it\/#\/schema\/person\/67dd9334b11345b5e9e171b3a89a22b5"},"headline":"Repubblica Centrafricana, un Paese dimenticato","datePublished":"2015-11-27T21:13:50+00:00","dateModified":"2015-11-27T21:19:02+00:00","mainEntityOfPage":{"@id":"https:\/\/www.pressenza.com\/it\/2015\/11\/repubblica-centrafricana-un-paese-dimenticato\/"},"wordCount":860,"publisher":{"@id":"https:\/\/www.pressenza.com\/it\/#organization"},"image":{"@id":"https:\/\/www.pressenza.com\/it\/2015\/11\/repubblica-centrafricana-un-paese-dimenticato\/#primaryimage"},"thumbnailUrl":"https:\/\/www.pressenza.com\/wp-content\/uploads\/2015\/11\/MSF138132-e1448658644763.jpg","keywords":["Bakouma","bambari","Bangui","Batangafo","Berberati","Boguila","Bria","CAR","Carnot","Kabo","malaria","Ndele","Nzako","Repubblica Centrafricana"],"articleSection":["Africa","Comunicati Stampa","Salute"],"inLanguage":"it-IT"},{"@type":"WebPage","@id":"https:\/\/www.pressenza.com\/it\/2015\/11\/repubblica-centrafricana-un-paese-dimenticato\/","url":"https:\/\/www.pressenza.com\/it\/2015\/11\/repubblica-centrafricana-un-paese-dimenticato\/","name":"Repubblica Centrafricana, un Paese dimenticato","isPartOf":{"@id":"https:\/\/www.pressenza.com\/it\/#website"},"primaryImageOfPage":{"@id":"https:\/\/www.pressenza.com\/it\/2015\/11\/repubblica-centrafricana-un-paese-dimenticato\/#primaryimage"},"image":{"@id":"https:\/\/www.pressenza.com\/it\/2015\/11\/repubblica-centrafricana-un-paese-dimenticato\/#primaryimage"},"thumbnailUrl":"https:\/\/www.pressenza.com\/wp-content\/uploads\/2015\/11\/MSF138132-e1448658644763.jpg","datePublished":"2015-11-27T21:13:50+00:00","dateModified":"2015-11-27T21:19:02+00:00","description":"Papa Francesco si accinge ad andare in Repubblica Centrafricana, un\u2019occasione preziosa per riportare all\u2019attenzione del mondo una crisi gravissima e","breadcrumb":{"@id":"https:\/\/www.pressenza.com\/it\/2015\/11\/repubblica-centrafricana-un-paese-dimenticato\/#breadcrumb"},"inLanguage":"it-IT","potentialAction":[{"@type":"ReadAction","target":["https:\/\/www.pressenza.com\/it\/2015\/11\/repubblica-centrafricana-un-paese-dimenticato\/"]}]},{"@type":"ImageObject","inLanguage":"it-IT","@id":"https:\/\/www.pressenza.com\/it\/2015\/11\/repubblica-centrafricana-un-paese-dimenticato\/#primaryimage","url":"https:\/\/www.pressenza.com\/wp-content\/uploads\/2015\/11\/MSF138132-e1448658644763.jpg","contentUrl":"https:\/\/www.pressenza.com\/wp-content\/uploads\/2015\/11\/MSF138132-e1448658644763.jpg","width":1440,"height":960,"caption":"L\u2019infermiere di Medici Senza Frontiere (MSF) cura un bambino affetto da malaria nella clinica mobile a BolomVillage, Repubblica Centrafricana."},{"@type":"BreadcrumbList","@id":"https:\/\/www.pressenza.com\/it\/2015\/11\/repubblica-centrafricana-un-paese-dimenticato\/#breadcrumb","itemListElement":[{"@type":"ListItem","position":1,"name":"Accueil","item":"https:\/\/www.pressenza.com\/it\/"},{"@type":"ListItem","position":2,"name":"Repubblica Centrafricana, un Paese dimenticato"}]},{"@type":"WebSite","@id":"https:\/\/www.pressenza.com\/it\/#website","url":"https:\/\/www.pressenza.com\/it\/","name":"Pressenza","description":"Agenzia di Stampa Internazionale","publisher":{"@id":"https:\/\/www.pressenza.com\/it\/#organization"},"potentialAction":[{"@type":"SearchAction","target":{"@type":"EntryPoint","urlTemplate":"https:\/\/www.pressenza.com\/it\/?s={search_term_string}"},"query-input":{"@type":"PropertyValueSpecification","valueRequired":true,"valueName":"search_term_string"}}],"inLanguage":"it-IT"},{"@type":"Organization","@id":"https:\/\/www.pressenza.com\/it\/#organization","name":"Pressenza","url":"https:\/\/www.pressenza.com\/it\/","logo":{"@type":"ImageObject","inLanguage":"it-IT","@id":"https:\/\/www.pressenza.com\/it\/#\/schema\/logo\/image\/","url":"https:\/\/www.pressenza.com\/wp-content\/uploads\/2022\/10\/pressenza_logo_200x200.jpg","contentUrl":"https:\/\/www.pressenza.com\/wp-content\/uploads\/2022\/10\/pressenza_logo_200x200.jpg","width":200,"height":200,"caption":"Pressenza"},"image":{"@id":"https:\/\/www.pressenza.com\/it\/#\/schema\/logo\/image\/"},"sameAs":["https:\/\/www.facebook.com\/PressenzaItalia","https:\/\/x.com\/PressenzaIPA"]},{"@type":"Person","@id":"https:\/\/www.pressenza.com\/it\/#\/schema\/person\/67dd9334b11345b5e9e171b3a89a22b5","name":"Medecins sans Frontieres","description":"M\u00e9decins Sans Fronti\u00e8res (MSF) is an international, independent, medical humanitarian organisation that delivers emergency aid to people affected by armed conflict, epidemics, natural disasters and exclusion from healthcare. MSF offers assistance to people based on need, irrespective of race, religion, gender or political affiliation. Our actions are guided by medical ethics and the principles of neutrality and impartiality. www.msf.org","sameAs":["https:\/\/www.facebook.com\/msf.italiano\/","https:\/\/x.com\/MSF"],"url":"https:\/\/www.pressenza.com\/it\/author\/medecins-sans-frontieres\/"}]}},"place":"","original_article_url":"","_links":{"self":[{"href":"https:\/\/www.pressenza.com\/it\/wp-json\/wp\/v2\/posts\/250209","targetHints":{"allow":["GET"]}}],"collection":[{"href":"https:\/\/www.pressenza.com\/it\/wp-json\/wp\/v2\/posts"}],"about":[{"href":"https:\/\/www.pressenza.com\/it\/wp-json\/wp\/v2\/types\/post"}],"author":[{"embeddable":true,"href":"https:\/\/www.pressenza.com\/it\/wp-json\/wp\/v2\/users\/1103"}],"replies":[{"embeddable":true,"href":"https:\/\/www.pressenza.com\/it\/wp-json\/wp\/v2\/comments?post=250209"}],"version-history":[{"count":0,"href":"https:\/\/www.pressenza.com\/it\/wp-json\/wp\/v2\/posts\/250209\/revisions"}],"wp:featuredmedia":[{"embeddable":true,"href":"https:\/\/www.pressenza.com\/it\/wp-json\/wp\/v2\/media\/250211"}],"wp:attachment":[{"href":"https:\/\/www.pressenza.com\/it\/wp-json\/wp\/v2\/media?parent=250209"}],"wp:term":[{"taxonomy":"category","embeddable":true,"href":"https:\/\/www.pressenza.com\/it\/wp-json\/wp\/v2\/categories?post=250209"},{"taxonomy":"post_tag","embeddable":true,"href":"https:\/\/www.pressenza.com\/it\/wp-json\/wp\/v2\/tags?post=250209"}],"curies":[{"name":"wp","href":"https:\/\/api.w.org\/{rel}","templated":true}]}}