{"id":244708,"date":"2015-11-11T16:36:44","date_gmt":"2015-11-11T16:36:44","guid":{"rendered":"http:\/\/www.pressenza.com\/it\/?p=244708"},"modified":"2015-11-11T17:13:39","modified_gmt":"2015-11-11T17:13:39","slug":"portogallo-coalizione-anti-austerity-di-sinistra-caccia-il-governo-di-destra","status":"publish","type":"post","link":"https:\/\/www.pressenza.com\/it\/2015\/11\/portogallo-coalizione-anti-austerity-di-sinistra-caccia-il-governo-di-destra\/","title":{"rendered":"Portogallo, coalizione anti-austerity di sinistra caccia il governo di destra"},"content":{"rendered":"<p>di\u00a0<a href=\"http:\/\/www.commondreams.org\/author\/lauren-mccauley-staff-writer\">Lauren McCauley, staff writer\u00a0<\/a>per\u00a0<a href=\"http:\/\/www.commondreams.org\/news\/2015\/11\/10\/portugal-rejoices-anti-austerity-left-coalition-forms-oust-right-wing\">Common Dreams<\/a><\/p>\n<p>In uno sviluppo sorprendente per il movimento anti-austerity europeo, marted\u00ec 10 novembre i tre partiti di sinistra portoghesi hanno formato un\u2019inattesa coalizione per estromettere il governo di centro-destra e farla finite con anni di tagli punitivi e privazioni economiche.<\/p>\n<p>Il moderato Partito Socialista ha formato un\u2019\u201dalleanza senza precedenti\u201d con il Partito Comunista e il radicale Blocco di Sinistra, affiliato al partito greco Syriza, per assicurare una maggioranza di 122 seggi su 230 e respingere una serie di misure di austerity. La sconfitta ha causato le immediate dimissioni del governo.<\/p>\n<p>Secondo il quotidiano inglese Guardian, \u201cil leader socialista Ant\u00f3nio Costa dovrebbe ora diventare primo ministro, con un\u2019ampia coalizione di sinistra, che spera di attenuare l\u2019austerity continuando per\u00f2 ad aderire alle regole dell\u2019Unione Europea.\u201d<\/p>\n<p>Nelle elezioni del mese scorso il centro-destra ha perso la maggioranza parlamentare che deteneva da quattro anni per la reazione popolare alle misure punitive imposte dopo la crisi finanziaria del\u00a02011 e il salvataggio. Il governo del primo ministro Pedro Passos Coelho ha tagliato salari e pensioni, ridotto i servizi pubblici e aumentato le tasse. All\u2019inizio di quest\u2019anno il 55% della popolazione era disoccupata o faceva un lavoro precario. La nuova coalizione si \u00e8 impegnata a ritirare i tagli e porre fine alla privatizzazione dei beni pubblici.<\/p>\n<p>\u201cIl tab\u00f9 \u00e8 finito, il muro \u00e8 stato abbattuto\u201d, ha detto Costa marted\u00ec dopo il voto. \u201cQuesto \u00e8 un nuovo inquadramento politico. La vecchia maggioranza non pu\u00f2 pretendere di essere ci\u00f2 che non \u00e8 pi\u00f9.\u201d Fuori dalla sede del Parlamento a Lisbona, migliaia di persone si sono riunite in previsione del voto <a href=\"https:\/\/www.facebook.com\/ze.pedro.520\/videos\/1050708244950889\/\">cantando<\/a>\u00a0\u201cIl popolo unito non sar\u00e0 mai vinto.\u201d<\/p>\n<p>La leader del Blocco di Sinistra Catarina Martins ha diffuso quest\u2019<a href=\"https:\/\/instagram.com\/p\/96wMGYLnDD\/\">immagine<\/a> come simbolo di una vittoria lungamente attesa.<\/p>\n<p>Traduzione dall\u2019inglese di Anna Polo<\/p>\n<p>&nbsp;<\/p>\n","protected":false},"excerpt":{"rendered":"<p>di\u00a0Lauren McCauley, staff writer\u00a0per\u00a0Common Dreams In uno sviluppo sorprendente per il movimento anti-austerity europeo, marted\u00ec 10 novembre i tre partiti di sinistra portoghesi hanno formato un\u2019inattesa coalizione per estromettere il governo di centro-destra e farla finite con anni di tagli&hellip;<\/p>\n","protected":false},"author":1013,"featured_media":244710,"comment_status":"closed","ping_status":"open","sticky":false,"template":"","format":"standard","meta":{"footnotes":""},"categories":[47,55],"tags":[8625,2505],"class_list":["post-244708","post","type-post","status-publish","format-standard","has-post-thumbnail","hentry","category-europa","category-politica","tag-austerity-it","tag-portogallo"],"yoast_head":"<!-- This site is optimized with the Yoast SEO plugin v27.1.1 - https:\/\/yoast.com\/product\/yoast-seo-wordpress\/ -->\n<title>Portogallo, coalizione anti-austerity di sinistra caccia il governo di destra<\/title>\n<meta name=\"description\" content=\"di\u00a0Lauren McCauley, staff writer\u00a0per\u00a0Common Dreams In uno sviluppo sorprendente per il movimento anti-austerity europeo, marted\u00ec 10 novembre i tre partiti\" \/>\n<meta name=\"robots\" content=\"index, follow, max-snippet:-1, max-image-preview:large, max-video-preview:-1\" \/>\n<link rel=\"canonical\" href=\"https:\/\/www.pressenza.com\/it\/2015\/11\/portogallo-coalizione-anti-austerity-di-sinistra-caccia-il-governo-di-destra\/\" \/>\n<meta property=\"og:locale\" content=\"it_IT\" \/>\n<meta property=\"og:type\" content=\"article\" \/>\n<meta property=\"og:title\" content=\"Portogallo, coalizione anti-austerity di sinistra caccia il governo di destra\" \/>\n<meta property=\"og:description\" content=\"di\u00a0Lauren McCauley, staff writer\u00a0per\u00a0Common Dreams In uno sviluppo sorprendente per il movimento anti-austerity europeo, marted\u00ec 10 novembre i tre partiti\" \/>\n<meta property=\"og:url\" content=\"https:\/\/www.pressenza.com\/it\/2015\/11\/portogallo-coalizione-anti-austerity-di-sinistra-caccia-il-governo-di-destra\/\" \/>\n<meta property=\"og:site_name\" content=\"Pressenza\" \/>\n<meta property=\"article:publisher\" content=\"https:\/\/www.facebook.com\/PressenzaItalia\" \/>\n<meta property=\"article:author\" content=\"https:\/\/www.facebook.com\/PressenzaEnglish\/\" \/>\n<meta property=\"article:published_time\" content=\"2015-11-11T16:36:44+00:00\" \/>\n<meta property=\"article:modified_time\" content=\"2015-11-11T17:13:39+00:00\" \/>\n<meta property=\"og:image\" content=\"https:\/\/www.pressenza.com\/wp-content\/uploads\/2015\/11\/Partido-Comunista-Oliveira-Portugal-.jpg\" \/>\n\t<meta property=\"og:image:width\" content=\"643\" \/>\n\t<meta property=\"og:image:height\" content=\"362\" \/>\n\t<meta property=\"og:image:type\" content=\"image\/jpeg\" \/>\n<meta name=\"author\" content=\"Pressenza London\" \/>\n<meta name=\"twitter:card\" content=\"summary_large_image\" \/>\n<meta name=\"twitter:creator\" content=\"@PressenzaIPA\" \/>\n<meta name=\"twitter:site\" content=\"@PressenzaIPA\" \/>\n<meta name=\"twitter:label1\" content=\"Scritto da\" \/>\n\t<meta name=\"twitter:data1\" content=\"Pressenza London\" \/>\n\t<meta name=\"twitter:label2\" content=\"Tempo di lettura stimato\" \/>\n\t<meta name=\"twitter:data2\" content=\"2 minuti\" \/>\n<script type=\"application\/ld+json\" class=\"yoast-schema-graph\">{\"@context\":\"https:\/\/schema.org\",\"@graph\":[{\"@type\":\"Article\",\"@id\":\"https:\/\/www.pressenza.com\/it\/2015\/11\/portogallo-coalizione-anti-austerity-di-sinistra-caccia-il-governo-di-destra\/#article\",\"isPartOf\":{\"@id\":\"https:\/\/www.pressenza.com\/it\/2015\/11\/portogallo-coalizione-anti-austerity-di-sinistra-caccia-il-governo-di-destra\/\"},\"author\":{\"name\":\"Pressenza London\",\"@id\":\"https:\/\/www.pressenza.com\/it\/#\/schema\/person\/17c976cc856ec7e8e3f8cdd1a45eb1b0\"},\"headline\":\"Portogallo, coalizione anti-austerity di sinistra caccia il governo di destra\",\"datePublished\":\"2015-11-11T16:36:44+00:00\",\"dateModified\":\"2015-11-11T17:13:39+00:00\",\"mainEntityOfPage\":{\"@id\":\"https:\/\/www.pressenza.com\/it\/2015\/11\/portogallo-coalizione-anti-austerity-di-sinistra-caccia-il-governo-di-destra\/\"},\"wordCount\":311,\"publisher\":{\"@id\":\"https:\/\/www.pressenza.com\/it\/#organization\"},\"image\":{\"@id\":\"https:\/\/www.pressenza.com\/it\/2015\/11\/portogallo-coalizione-anti-austerity-di-sinistra-caccia-il-governo-di-destra\/#primaryimage\"},\"thumbnailUrl\":\"https:\/\/www.pressenza.com\/wp-content\/uploads\/2015\/11\/Partido-Comunista-Oliveira-Portugal-.jpg\",\"keywords\":[\"austerity\",\"Portogallo\"],\"articleSection\":[\"Europa\",\"Politica\"],\"inLanguage\":\"it-IT\"},{\"@type\":\"WebPage\",\"@id\":\"https:\/\/www.pressenza.com\/it\/2015\/11\/portogallo-coalizione-anti-austerity-di-sinistra-caccia-il-governo-di-destra\/\",\"url\":\"https:\/\/www.pressenza.com\/it\/2015\/11\/portogallo-coalizione-anti-austerity-di-sinistra-caccia-il-governo-di-destra\/\",\"name\":\"Portogallo, coalizione anti-austerity di sinistra caccia il governo di destra\",\"isPartOf\":{\"@id\":\"https:\/\/www.pressenza.com\/it\/#website\"},\"primaryImageOfPage\":{\"@id\":\"https:\/\/www.pressenza.com\/it\/2015\/11\/portogallo-coalizione-anti-austerity-di-sinistra-caccia-il-governo-di-destra\/#primaryimage\"},\"image\":{\"@id\":\"https:\/\/www.pressenza.com\/it\/2015\/11\/portogallo-coalizione-anti-austerity-di-sinistra-caccia-il-governo-di-destra\/#primaryimage\"},\"thumbnailUrl\":\"https:\/\/www.pressenza.com\/wp-content\/uploads\/2015\/11\/Partido-Comunista-Oliveira-Portugal-.jpg\",\"datePublished\":\"2015-11-11T16:36:44+00:00\",\"dateModified\":\"2015-11-11T17:13:39+00:00\",\"description\":\"di\u00a0Lauren McCauley, staff writer\u00a0per\u00a0Common Dreams In uno sviluppo sorprendente per il movimento anti-austerity europeo, marted\u00ec 10 novembre i tre partiti\",\"breadcrumb\":{\"@id\":\"https:\/\/www.pressenza.com\/it\/2015\/11\/portogallo-coalizione-anti-austerity-di-sinistra-caccia-il-governo-di-destra\/#breadcrumb\"},\"inLanguage\":\"it-IT\",\"potentialAction\":[{\"@type\":\"ReadAction\",\"target\":[\"https:\/\/www.pressenza.com\/it\/2015\/11\/portogallo-coalizione-anti-austerity-di-sinistra-caccia-il-governo-di-destra\/\"]}]},{\"@type\":\"ImageObject\",\"inLanguage\":\"it-IT\",\"@id\":\"https:\/\/www.pressenza.com\/it\/2015\/11\/portogallo-coalizione-anti-austerity-di-sinistra-caccia-il-governo-di-destra\/#primaryimage\",\"url\":\"https:\/\/www.pressenza.com\/wp-content\/uploads\/2015\/11\/Partido-Comunista-Oliveira-Portugal-.jpg\",\"contentUrl\":\"https:\/\/www.pressenza.com\/wp-content\/uploads\/2015\/11\/Partido-Comunista-Oliveira-Portugal-.jpg\",\"width\":643,\"height\":362},{\"@type\":\"BreadcrumbList\",\"@id\":\"https:\/\/www.pressenza.com\/it\/2015\/11\/portogallo-coalizione-anti-austerity-di-sinistra-caccia-il-governo-di-destra\/#breadcrumb\",\"itemListElement\":[{\"@type\":\"ListItem\",\"position\":1,\"name\":\"Accueil\",\"item\":\"https:\/\/www.pressenza.com\/it\/\"},{\"@type\":\"ListItem\",\"position\":2,\"name\":\"Portogallo, coalizione anti-austerity di sinistra caccia il governo di destra\"}]},{\"@type\":\"WebSite\",\"@id\":\"https:\/\/www.pressenza.com\/it\/#website\",\"url\":\"https:\/\/www.pressenza.com\/it\/\",\"name\":\"Pressenza\",\"description\":\"Agenzia di Stampa Internazionale\",\"publisher\":{\"@id\":\"https:\/\/www.pressenza.com\/it\/#organization\"},\"potentialAction\":[{\"@type\":\"SearchAction\",\"target\":{\"@type\":\"EntryPoint\",\"urlTemplate\":\"https:\/\/www.pressenza.com\/it\/?s={search_term_string}\"},\"query-input\":{\"@type\":\"PropertyValueSpecification\",\"valueRequired\":true,\"valueName\":\"search_term_string\"}}],\"inLanguage\":\"it-IT\"},{\"@type\":\"Organization\",\"@id\":\"https:\/\/www.pressenza.com\/it\/#organization\",\"name\":\"Pressenza\",\"url\":\"https:\/\/www.pressenza.com\/it\/\",\"logo\":{\"@type\":\"ImageObject\",\"inLanguage\":\"it-IT\",\"@id\":\"https:\/\/www.pressenza.com\/it\/#\/schema\/logo\/image\/\",\"url\":\"https:\/\/www.pressenza.com\/wp-content\/uploads\/2022\/10\/pressenza_logo_200x200.jpg\",\"contentUrl\":\"https:\/\/www.pressenza.com\/wp-content\/uploads\/2022\/10\/pressenza_logo_200x200.jpg\",\"width\":200,\"height\":200,\"caption\":\"Pressenza\"},\"image\":{\"@id\":\"https:\/\/www.pressenza.com\/it\/#\/schema\/logo\/image\/\"},\"sameAs\":[\"https:\/\/www.facebook.com\/PressenzaItalia\",\"https:\/\/x.com\/PressenzaIPA\"]},{\"@type\":\"Person\",\"@id\":\"https:\/\/www.pressenza.com\/it\/#\/schema\/person\/17c976cc856ec7e8e3f8cdd1a45eb1b0\",\"name\":\"Pressenza London\",\"description\":\"News published by the Pressenza Bureau in London, United Kingdom\",\"sameAs\":[\"https:\/\/www.facebook.com\/PressenzaEnglish\/\",\"https:\/\/x.com\/PressenzaIPA\"],\"url\":\"https:\/\/www.pressenza.com\/it\/author\/pressenza-london\/\"}]}<\/script>\n<!-- \/ Yoast SEO plugin. -->","yoast_head_json":{"title":"Portogallo, coalizione anti-austerity di sinistra caccia il governo di destra","description":"di\u00a0Lauren McCauley, staff writer\u00a0per\u00a0Common Dreams In uno sviluppo sorprendente per il movimento anti-austerity europeo, marted\u00ec 10 novembre i tre partiti","robots":{"index":"index","follow":"follow","max-snippet":"max-snippet:-1","max-image-preview":"max-image-preview:large","max-video-preview":"max-video-preview:-1"},"canonical":"https:\/\/www.pressenza.com\/it\/2015\/11\/portogallo-coalizione-anti-austerity-di-sinistra-caccia-il-governo-di-destra\/","og_locale":"it_IT","og_type":"article","og_title":"Portogallo, coalizione anti-austerity di sinistra caccia il governo di destra","og_description":"di\u00a0Lauren McCauley, staff writer\u00a0per\u00a0Common Dreams In uno sviluppo sorprendente per il movimento anti-austerity europeo, marted\u00ec 10 novembre i tre partiti","og_url":"https:\/\/www.pressenza.com\/it\/2015\/11\/portogallo-coalizione-anti-austerity-di-sinistra-caccia-il-governo-di-destra\/","og_site_name":"Pressenza","article_publisher":"https:\/\/www.facebook.com\/PressenzaItalia","article_author":"https:\/\/www.facebook.com\/PressenzaEnglish\/","article_published_time":"2015-11-11T16:36:44+00:00","article_modified_time":"2015-11-11T17:13:39+00:00","og_image":[{"width":643,"height":362,"url":"https:\/\/www.pressenza.com\/wp-content\/uploads\/2015\/11\/Partido-Comunista-Oliveira-Portugal-.jpg","type":"image\/jpeg"}],"author":"Pressenza London","twitter_card":"summary_large_image","twitter_creator":"@PressenzaIPA","twitter_site":"@PressenzaIPA","twitter_misc":{"Scritto da":"Pressenza London","Tempo di lettura stimato":"2 minuti"},"schema":{"@context":"https:\/\/schema.org","@graph":[{"@type":"Article","@id":"https:\/\/www.pressenza.com\/it\/2015\/11\/portogallo-coalizione-anti-austerity-di-sinistra-caccia-il-governo-di-destra\/#article","isPartOf":{"@id":"https:\/\/www.pressenza.com\/it\/2015\/11\/portogallo-coalizione-anti-austerity-di-sinistra-caccia-il-governo-di-destra\/"},"author":{"name":"Pressenza London","@id":"https:\/\/www.pressenza.com\/it\/#\/schema\/person\/17c976cc856ec7e8e3f8cdd1a45eb1b0"},"headline":"Portogallo, coalizione anti-austerity di sinistra caccia il governo di destra","datePublished":"2015-11-11T16:36:44+00:00","dateModified":"2015-11-11T17:13:39+00:00","mainEntityOfPage":{"@id":"https:\/\/www.pressenza.com\/it\/2015\/11\/portogallo-coalizione-anti-austerity-di-sinistra-caccia-il-governo-di-destra\/"},"wordCount":311,"publisher":{"@id":"https:\/\/www.pressenza.com\/it\/#organization"},"image":{"@id":"https:\/\/www.pressenza.com\/it\/2015\/11\/portogallo-coalizione-anti-austerity-di-sinistra-caccia-il-governo-di-destra\/#primaryimage"},"thumbnailUrl":"https:\/\/www.pressenza.com\/wp-content\/uploads\/2015\/11\/Partido-Comunista-Oliveira-Portugal-.jpg","keywords":["austerity","Portogallo"],"articleSection":["Europa","Politica"],"inLanguage":"it-IT"},{"@type":"WebPage","@id":"https:\/\/www.pressenza.com\/it\/2015\/11\/portogallo-coalizione-anti-austerity-di-sinistra-caccia-il-governo-di-destra\/","url":"https:\/\/www.pressenza.com\/it\/2015\/11\/portogallo-coalizione-anti-austerity-di-sinistra-caccia-il-governo-di-destra\/","name":"Portogallo, coalizione anti-austerity di sinistra caccia il governo di destra","isPartOf":{"@id":"https:\/\/www.pressenza.com\/it\/#website"},"primaryImageOfPage":{"@id":"https:\/\/www.pressenza.com\/it\/2015\/11\/portogallo-coalizione-anti-austerity-di-sinistra-caccia-il-governo-di-destra\/#primaryimage"},"image":{"@id":"https:\/\/www.pressenza.com\/it\/2015\/11\/portogallo-coalizione-anti-austerity-di-sinistra-caccia-il-governo-di-destra\/#primaryimage"},"thumbnailUrl":"https:\/\/www.pressenza.com\/wp-content\/uploads\/2015\/11\/Partido-Comunista-Oliveira-Portugal-.jpg","datePublished":"2015-11-11T16:36:44+00:00","dateModified":"2015-11-11T17:13:39+00:00","description":"di\u00a0Lauren McCauley, staff writer\u00a0per\u00a0Common Dreams In uno sviluppo sorprendente per il movimento anti-austerity europeo, marted\u00ec 10 novembre i tre partiti","breadcrumb":{"@id":"https:\/\/www.pressenza.com\/it\/2015\/11\/portogallo-coalizione-anti-austerity-di-sinistra-caccia-il-governo-di-destra\/#breadcrumb"},"inLanguage":"it-IT","potentialAction":[{"@type":"ReadAction","target":["https:\/\/www.pressenza.com\/it\/2015\/11\/portogallo-coalizione-anti-austerity-di-sinistra-caccia-il-governo-di-destra\/"]}]},{"@type":"ImageObject","inLanguage":"it-IT","@id":"https:\/\/www.pressenza.com\/it\/2015\/11\/portogallo-coalizione-anti-austerity-di-sinistra-caccia-il-governo-di-destra\/#primaryimage","url":"https:\/\/www.pressenza.com\/wp-content\/uploads\/2015\/11\/Partido-Comunista-Oliveira-Portugal-.jpg","contentUrl":"https:\/\/www.pressenza.com\/wp-content\/uploads\/2015\/11\/Partido-Comunista-Oliveira-Portugal-.jpg","width":643,"height":362},{"@type":"BreadcrumbList","@id":"https:\/\/www.pressenza.com\/it\/2015\/11\/portogallo-coalizione-anti-austerity-di-sinistra-caccia-il-governo-di-destra\/#breadcrumb","itemListElement":[{"@type":"ListItem","position":1,"name":"Accueil","item":"https:\/\/www.pressenza.com\/it\/"},{"@type":"ListItem","position":2,"name":"Portogallo, coalizione anti-austerity di sinistra caccia il governo di destra"}]},{"@type":"WebSite","@id":"https:\/\/www.pressenza.com\/it\/#website","url":"https:\/\/www.pressenza.com\/it\/","name":"Pressenza","description":"Agenzia di Stampa Internazionale","publisher":{"@id":"https:\/\/www.pressenza.com\/it\/#organization"},"potentialAction":[{"@type":"SearchAction","target":{"@type":"EntryPoint","urlTemplate":"https:\/\/www.pressenza.com\/it\/?s={search_term_string}"},"query-input":{"@type":"PropertyValueSpecification","valueRequired":true,"valueName":"search_term_string"}}],"inLanguage":"it-IT"},{"@type":"Organization","@id":"https:\/\/www.pressenza.com\/it\/#organization","name":"Pressenza","url":"https:\/\/www.pressenza.com\/it\/","logo":{"@type":"ImageObject","inLanguage":"it-IT","@id":"https:\/\/www.pressenza.com\/it\/#\/schema\/logo\/image\/","url":"https:\/\/www.pressenza.com\/wp-content\/uploads\/2022\/10\/pressenza_logo_200x200.jpg","contentUrl":"https:\/\/www.pressenza.com\/wp-content\/uploads\/2022\/10\/pressenza_logo_200x200.jpg","width":200,"height":200,"caption":"Pressenza"},"image":{"@id":"https:\/\/www.pressenza.com\/it\/#\/schema\/logo\/image\/"},"sameAs":["https:\/\/www.facebook.com\/PressenzaItalia","https:\/\/x.com\/PressenzaIPA"]},{"@type":"Person","@id":"https:\/\/www.pressenza.com\/it\/#\/schema\/person\/17c976cc856ec7e8e3f8cdd1a45eb1b0","name":"Pressenza London","description":"News published by the Pressenza Bureau in London, United Kingdom","sameAs":["https:\/\/www.facebook.com\/PressenzaEnglish\/","https:\/\/x.com\/PressenzaIPA"],"url":"https:\/\/www.pressenza.com\/it\/author\/pressenza-london\/"}]}},"place":"","original_article_url":"","_links":{"self":[{"href":"https:\/\/www.pressenza.com\/it\/wp-json\/wp\/v2\/posts\/244708","targetHints":{"allow":["GET"]}}],"collection":[{"href":"https:\/\/www.pressenza.com\/it\/wp-json\/wp\/v2\/posts"}],"about":[{"href":"https:\/\/www.pressenza.com\/it\/wp-json\/wp\/v2\/types\/post"}],"author":[{"embeddable":true,"href":"https:\/\/www.pressenza.com\/it\/wp-json\/wp\/v2\/users\/1013"}],"replies":[{"embeddable":true,"href":"https:\/\/www.pressenza.com\/it\/wp-json\/wp\/v2\/comments?post=244708"}],"version-history":[{"count":0,"href":"https:\/\/www.pressenza.com\/it\/wp-json\/wp\/v2\/posts\/244708\/revisions"}],"wp:featuredmedia":[{"embeddable":true,"href":"https:\/\/www.pressenza.com\/it\/wp-json\/wp\/v2\/media\/244710"}],"wp:attachment":[{"href":"https:\/\/www.pressenza.com\/it\/wp-json\/wp\/v2\/media?parent=244708"}],"wp:term":[{"taxonomy":"category","embeddable":true,"href":"https:\/\/www.pressenza.com\/it\/wp-json\/wp\/v2\/categories?post=244708"},{"taxonomy":"post_tag","embeddable":true,"href":"https:\/\/www.pressenza.com\/it\/wp-json\/wp\/v2\/tags?post=244708"}],"curies":[{"name":"wp","href":"https:\/\/api.w.org\/{rel}","templated":true}]}}