{"id":240233,"date":"2015-10-30T20:07:33","date_gmt":"2015-10-30T20:07:33","guid":{"rendered":"http:\/\/www.pressenza.com\/it\/?p=240233"},"modified":"2015-10-30T20:07:45","modified_gmt":"2015-10-30T20:07:45","slug":"per-guarire-la-terra-dobbiamo-curare-la-nostra-mente","status":"publish","type":"post","link":"https:\/\/www.pressenza.com\/it\/2015\/10\/per-guarire-la-terra-dobbiamo-curare-la-nostra-mente\/","title":{"rendered":"Per guarire la terra dobbiamo curare la nostra mente"},"content":{"rendered":"<p>Con il suo saggio \u201cCurare lo spirito, guarire la Terra\u201d, Michel-Maxime Egger c&#8217;invita a comprendere nell&#8217;intimo che noi non siamo separati dal mondo che abitiamo. L&#8217;ecopsicologia rende possibile questo cambiamento radicale della nostra percezione.<\/p>\n<p>Con 250 pagine molto documentate, l&#8217;ultimo libro di Michel-Maxime Egger fa vacillare la visione della psiche, accettata in Occidente da pi\u00f9 di un secolo. L&#8217;esclusivit\u00e0 della teoria freudiana viene messa in discussione in profondit\u00e0, per invitarci ad un vero cambiamento della percezione, a proposito dei legami che uniscono il \u201cS\u00e8\u201d e il \u201ccosmo\u201d. Egger descrive il movimento dell&#8217;ecopsicologia nato negli anni &#8217;90, grazie ad alcuni pensatori anglosassoni che percepirono la necessit\u00e0 di una reciproca relazione tra l&#8217;ecologia e la psicologia. Secondo questo movimento di pensiero, solo la congiunzione tra l&#8217;ecologia e la psicologia pu\u00f2 risolvere la situazione \u201cd&#8217;ecocidio\u201d nella quale ci troviamo, in cui sia l&#8217;umanit\u00e0 che il pianeta sono malati. La sfida terapeutica essenziale \u00e8 riassunta dal filosofo James Hillman: \u201cNoi non possiamo essere analizzati o curati indipendentemente dal pianeta\u201d.<\/p>\n<p>Quindi gli ecopsicologi non considerano l&#8217;individuo separato dal suo ambiente, bens\u00ec come un essere permeabile ai danni e ai disequilibri subiti dalla Terra. Il compito primario sarebbe di smettere con \u201cla terribile illusione della discontinuit\u00e0\u201d; l&#8217;idea di una separazione tra il S\u00e8 e il mondo creato nel pensiero moderno, ai fini di pronunciare la frase \u201cIo sono\u201d. L&#8217;identit\u00e0 umana non comprende solamente l&#8217;individuo, la sua famiglia con la sua comunit\u00e0 e la societ\u00e0 alla quale egli appartiene, ma anche la \u201ctrama della vita\u201d che ha delineato il mondo attuale nel suo insieme e nella sua diversit\u00e0. Tutto \u00e8\u00a0 interrelazionato. Siamo chiamati ad ampliare la nostra prospettiva e il nostro vissuto,\u00a0 per ritrovare un valore che gi\u00e0 ci appartiene nell&#8217;intimo: \u201cLa coscienza dell&#8217;unit\u00e0 della realt\u00e0\u201d. Egger ritraccia le tappe dell&#8217; epopea umana, che ci hanno condotto ad allontanarci da questa coscienza che faceva parte\u00a0 della nostra struttura di base, cos\u00ec come si attesta nello studio delle societ\u00e0 tradizionali.<\/p>\n<p>IL CAMBIAMENTO DELLA MENTE E&#8217; L&#8217;AVVENTURA ESSENZIALE DELLA NOSTRA EPOCA<\/p>\n<p>Sia l&#8217;ecologia che la psicologia conoscono i loro limiti, che si manifestano proprio nella separazione. L&#8217;ecologia non guadagnerebbe l&#8217;adesione collettiva, poich\u00e9 l&#8217;individuo moderno sarebbe dissociato al suo interno, nella relazione tra intelletto e cuore. L&#8217;individuo cos\u00ec si costruirebbe, senza esserne cosciente, una sorta di bolla per proteggersi dalla realt\u00e0. Le emozioni affrontano cos\u00ec \u201cle verit\u00e0 che destabilizzano\u201d e sono quindi rimosse e private del potere di trasformazione, di cui sono portatrici. D&#8217;altro canto la psicologia occidentale dominante si \u00e8 limitata al mondo strettamente umano e soffre di una concenzione atomizzata e riduttrice del S\u00e8. Per Freud \u201cla natura\u201d \u00e8 un oggetto esterno all&#8217;essere umano, una realt\u00e0 materiale, senz&#8217;anima, dalla quale dobbiamo difenderci.<br \/>\nKarl Gustav Jung \u00e8 citato da Egger come precursore fecondo della nuova corrente di pensiero. Avendo esplorato le dimensioni storiche, cosmiche e spirituali della psiche si rivolge alla natura come al \u201cvasto mondo di Dio, pieno di senso misterioso\u201d e riconosce che \u201cl&#8217;esistenza umana deve essere radicata nella Terra\u201d giacch\u00e8 \u201cnel toccare la Terra, non si pu\u00f2 evitarne lo spirito\u201d.<br \/>\nRiannodando l&#8217;antico concetto di anima mundi, i numerosi autori citati da Egger esortano a passare da un ego-umano-centrico ad una prospettiva eco-cosmo-centrica, attestando, pur da prospettive differenti, la realt\u00e0 dell&#8217;\u201danima del mondo\u201d. \u201cIl cambiamento della mente \u00e8 l&#8217;avventura essenziale del nostro tempo. Il seme delle trasformazioni nei nostri cuori, nelle nostre anime e nelle nostre visioni della realt\u00e0\u201d.<br \/>\nQueste parole della statunitense Joanna Macy testimoniano l&#8217;approccio olistico che ci \u00e8 richiesto per seguire il cammino dell&#8217;ecopsicologia e per accettare il paradosso come via regale, verso la coscienza dell&#8217;unit\u00e0.<\/p>\n<p>LAVORARE PARTENDO DAL CORPO<\/p>\n<p>In pratica, i nuovi approcci ecoterapeutici lavorano partendo dal corpo, attraverso la meditazione, l&#8217;interpretazione simbolica e archetipica dei sogni, attraverso la medicina sciamanica, proponendo dei soggiorni d&#8217;immersione nella natura selvaggia ecc.<br \/>\nTheodore Roszak nel suo libro \u201cThe Voice of the Earth\u201d (la voce della Terra) ha lanciato nel 1992 la teoria dell&#8217;ecopsicologia, una linea guida per i militanti ambientalisti che si appellano ad una trasformazione: \u201c dobbiamo sentire ci\u00f2 di cui la terra ha bisogno,\u00a0 come se fosse il nostro pi\u00f9 intimo desiderio\u201d.<\/p>\n<p>La disciplina di pensiero di Egger non esclude il piano politico. A fronte dell&#8217;\u201durgenza spirituale collettiva\u201d il suo programma sfocia nella politica, riconoscendo il bisogno di una teoria sociale. La sfida essenziale si trova nell&#8217;articolazione dell&#8217;individuale e dello strutturale, senza dimenticare ci\u00f2 che ci ha ricordato di recente T. Roszak \u201csolo l&#8217;amore ci pu\u00f2 salvare\u201d.<\/p>\n<p>traduzione dal francese di Paola Mola<\/p>\n","protected":false},"excerpt":{"rendered":"<p>Con il suo saggio \u201cCurare lo spirito, guarire la Terra\u201d, Michel-Maxime Egger c&#8217;invita a comprendere nell&#8217;intimo che noi non siamo separati dal mondo che abitiamo. L&#8217;ecopsicologia rende possibile questo cambiamento radicale della nostra percezione. Con 250 pagine molto documentate, l&#8217;ultimo&hellip;<\/p>\n","protected":false},"author":1138,"featured_media":239509,"comment_status":"closed","ping_status":"open","sticky":false,"template":"","format":"standard","meta":{"footnotes":""},"categories":[47,162,1260],"tags":[21294,21295],"class_list":["post-240233","post","type-post","status-publish","format-standard","has-post-thumbnail","hentry","category-europa","category-opinioni","category-umanesimo-spiritualita","tag-ecoterapia","tag-theodore-roszak"],"yoast_head":"<!-- This site is optimized with the Yoast SEO plugin v27.1.1 - https:\/\/yoast.com\/product\/yoast-seo-wordpress\/ -->\n<title>Per guarire la terra dobbiamo curare la nostra mente<\/title>\n<meta name=\"description\" content=\"Con il suo saggio \u201cCurare lo spirito, guarire la Terra\u201d, Michel-Maxime Egger c&#039;invita a comprendere nell&#039;intimo che noi non siamo separati dal mondo che\" \/>\n<meta name=\"robots\" content=\"index, follow, max-snippet:-1, max-image-preview:large, max-video-preview:-1\" \/>\n<link rel=\"canonical\" href=\"https:\/\/www.pressenza.com\/it\/2015\/10\/per-guarire-la-terra-dobbiamo-curare-la-nostra-mente\/\" \/>\n<meta property=\"og:locale\" content=\"it_IT\" \/>\n<meta property=\"og:type\" content=\"article\" \/>\n<meta property=\"og:title\" content=\"Per guarire la terra dobbiamo curare la nostra mente\" \/>\n<meta property=\"og:description\" content=\"Con il suo saggio \u201cCurare lo spirito, guarire la Terra\u201d, Michel-Maxime Egger c&#039;invita a comprendere nell&#039;intimo che noi non siamo separati dal mondo che\" \/>\n<meta property=\"og:url\" content=\"https:\/\/www.pressenza.com\/it\/2015\/10\/per-guarire-la-terra-dobbiamo-curare-la-nostra-mente\/\" \/>\n<meta property=\"og:site_name\" content=\"Pressenza\" \/>\n<meta property=\"article:publisher\" content=\"https:\/\/www.facebook.com\/PressenzaItalia\" \/>\n<meta property=\"article:published_time\" content=\"2015-10-30T20:07:33+00:00\" \/>\n<meta property=\"article:modified_time\" content=\"2015-10-30T20:07:45+00:00\" \/>\n<meta property=\"og:image\" content=\"https:\/\/www.pressenza.com\/wp-content\/uploads\/2015\/10\/arton8279-b42fd.jpg\" \/>\n\t<meta property=\"og:image:width\" content=\"720\" \/>\n\t<meta property=\"og:image:height\" content=\"468\" \/>\n\t<meta property=\"og:image:type\" content=\"image\/jpeg\" \/>\n<meta name=\"author\" content=\"Reporterre, le quotidien de l\u2019\u00e9cologie\" \/>\n<meta name=\"twitter:card\" content=\"summary_large_image\" \/>\n<meta name=\"twitter:creator\" content=\"@reporterre\" \/>\n<meta name=\"twitter:site\" content=\"@PressenzaIPA\" \/>\n<meta name=\"twitter:label1\" content=\"Scritto da\" \/>\n\t<meta name=\"twitter:data1\" content=\"Reporterre, le quotidien de l\u2019\u00e9cologie\" \/>\n\t<meta name=\"twitter:label2\" content=\"Tempo di lettura stimato\" \/>\n\t<meta name=\"twitter:data2\" content=\"4 minuti\" \/>\n<script type=\"application\/ld+json\" class=\"yoast-schema-graph\">{\"@context\":\"https:\/\/schema.org\",\"@graph\":[{\"@type\":\"Article\",\"@id\":\"https:\/\/www.pressenza.com\/it\/2015\/10\/per-guarire-la-terra-dobbiamo-curare-la-nostra-mente\/#article\",\"isPartOf\":{\"@id\":\"https:\/\/www.pressenza.com\/it\/2015\/10\/per-guarire-la-terra-dobbiamo-curare-la-nostra-mente\/\"},\"author\":{\"name\":\"Reporterre, le quotidien de l\u2019\u00e9cologie\",\"@id\":\"https:\/\/www.pressenza.com\/it\/#\/schema\/person\/de7a73acc724ec52aecb29649b65b9bc\"},\"headline\":\"Per guarire la terra dobbiamo curare la nostra mente\",\"datePublished\":\"2015-10-30T20:07:33+00:00\",\"dateModified\":\"2015-10-30T20:07:45+00:00\",\"mainEntityOfPage\":{\"@id\":\"https:\/\/www.pressenza.com\/it\/2015\/10\/per-guarire-la-terra-dobbiamo-curare-la-nostra-mente\/\"},\"wordCount\":777,\"publisher\":{\"@id\":\"https:\/\/www.pressenza.com\/it\/#organization\"},\"image\":{\"@id\":\"https:\/\/www.pressenza.com\/it\/2015\/10\/per-guarire-la-terra-dobbiamo-curare-la-nostra-mente\/#primaryimage\"},\"thumbnailUrl\":\"https:\/\/www.pressenza.com\/wp-content\/uploads\/2015\/10\/arton8279-b42fd.jpg\",\"keywords\":[\"ecoterapia\",\"Theodore Roszak\"],\"articleSection\":[\"Europa\",\"Opinioni\",\"Umanesimo e Spiritualit\u00e0\"],\"inLanguage\":\"it-IT\"},{\"@type\":\"WebPage\",\"@id\":\"https:\/\/www.pressenza.com\/it\/2015\/10\/per-guarire-la-terra-dobbiamo-curare-la-nostra-mente\/\",\"url\":\"https:\/\/www.pressenza.com\/it\/2015\/10\/per-guarire-la-terra-dobbiamo-curare-la-nostra-mente\/\",\"name\":\"Per guarire la terra dobbiamo curare la nostra mente\",\"isPartOf\":{\"@id\":\"https:\/\/www.pressenza.com\/it\/#website\"},\"primaryImageOfPage\":{\"@id\":\"https:\/\/www.pressenza.com\/it\/2015\/10\/per-guarire-la-terra-dobbiamo-curare-la-nostra-mente\/#primaryimage\"},\"image\":{\"@id\":\"https:\/\/www.pressenza.com\/it\/2015\/10\/per-guarire-la-terra-dobbiamo-curare-la-nostra-mente\/#primaryimage\"},\"thumbnailUrl\":\"https:\/\/www.pressenza.com\/wp-content\/uploads\/2015\/10\/arton8279-b42fd.jpg\",\"datePublished\":\"2015-10-30T20:07:33+00:00\",\"dateModified\":\"2015-10-30T20:07:45+00:00\",\"description\":\"Con il suo saggio \u201cCurare lo spirito, guarire la Terra\u201d, Michel-Maxime Egger c'invita a comprendere nell'intimo che noi non siamo separati dal mondo che\",\"breadcrumb\":{\"@id\":\"https:\/\/www.pressenza.com\/it\/2015\/10\/per-guarire-la-terra-dobbiamo-curare-la-nostra-mente\/#breadcrumb\"},\"inLanguage\":\"it-IT\",\"potentialAction\":[{\"@type\":\"ReadAction\",\"target\":[\"https:\/\/www.pressenza.com\/it\/2015\/10\/per-guarire-la-terra-dobbiamo-curare-la-nostra-mente\/\"]}]},{\"@type\":\"ImageObject\",\"inLanguage\":\"it-IT\",\"@id\":\"https:\/\/www.pressenza.com\/it\/2015\/10\/per-guarire-la-terra-dobbiamo-curare-la-nostra-mente\/#primaryimage\",\"url\":\"https:\/\/www.pressenza.com\/wp-content\/uploads\/2015\/10\/arton8279-b42fd.jpg\",\"contentUrl\":\"https:\/\/www.pressenza.com\/wp-content\/uploads\/2015\/10\/arton8279-b42fd.jpg\",\"width\":720,\"height\":468},{\"@type\":\"BreadcrumbList\",\"@id\":\"https:\/\/www.pressenza.com\/it\/2015\/10\/per-guarire-la-terra-dobbiamo-curare-la-nostra-mente\/#breadcrumb\",\"itemListElement\":[{\"@type\":\"ListItem\",\"position\":1,\"name\":\"Accueil\",\"item\":\"https:\/\/www.pressenza.com\/it\/\"},{\"@type\":\"ListItem\",\"position\":2,\"name\":\"Per guarire la terra dobbiamo curare la nostra mente\"}]},{\"@type\":\"WebSite\",\"@id\":\"https:\/\/www.pressenza.com\/it\/#website\",\"url\":\"https:\/\/www.pressenza.com\/it\/\",\"name\":\"Pressenza\",\"description\":\"Agenzia di Stampa Internazionale\",\"publisher\":{\"@id\":\"https:\/\/www.pressenza.com\/it\/#organization\"},\"potentialAction\":[{\"@type\":\"SearchAction\",\"target\":{\"@type\":\"EntryPoint\",\"urlTemplate\":\"https:\/\/www.pressenza.com\/it\/?s={search_term_string}\"},\"query-input\":{\"@type\":\"PropertyValueSpecification\",\"valueRequired\":true,\"valueName\":\"search_term_string\"}}],\"inLanguage\":\"it-IT\"},{\"@type\":\"Organization\",\"@id\":\"https:\/\/www.pressenza.com\/it\/#organization\",\"name\":\"Pressenza\",\"url\":\"https:\/\/www.pressenza.com\/it\/\",\"logo\":{\"@type\":\"ImageObject\",\"inLanguage\":\"it-IT\",\"@id\":\"https:\/\/www.pressenza.com\/it\/#\/schema\/logo\/image\/\",\"url\":\"https:\/\/www.pressenza.com\/wp-content\/uploads\/2022\/10\/pressenza_logo_200x200.jpg\",\"contentUrl\":\"https:\/\/www.pressenza.com\/wp-content\/uploads\/2022\/10\/pressenza_logo_200x200.jpg\",\"width\":200,\"height\":200,\"caption\":\"Pressenza\"},\"image\":{\"@id\":\"https:\/\/www.pressenza.com\/it\/#\/schema\/logo\/image\/\"},\"sameAs\":[\"https:\/\/www.facebook.com\/PressenzaItalia\",\"https:\/\/x.com\/PressenzaIPA\"]},{\"@type\":\"Person\",\"@id\":\"https:\/\/www.pressenza.com\/it\/#\/schema\/person\/de7a73acc724ec52aecb29649b65b9bc\",\"name\":\"Reporterre, le quotidien de l\u2019\u00e9cologie\",\"description\":\"Reporterre propose des informations claires et pertinentes sur l\u2019\u00e9cologie dans ses dimensions politique et sociale, ainsi qu\u2019un espace de tribunes pour r\u00e9fl\u00e9chir et d\u00e9battre. Pour nous, l\u2019\u00e9cologie ne peut se r\u00e9duire \u00e0 des questions de nature et de pollution - m\u00eame si nous suivons attentivement ces questions vitales. L\u2019\u00e9cologie engage le destin commun, engage l\u2019avenir, sa situation d\u00e9coule largement des rapports sociaux. Reporterre entend aussi relayer toutes les initiatives qui montrent que les alternatives au syst\u00e8me dominant sont possibles et r\u00e9alistes. www.reporterre.net\",\"sameAs\":[\"http:\/\/www.reporterre.net\/\",\"https:\/\/x.com\/@reporterre\"],\"url\":\"https:\/\/www.pressenza.com\/it\/author\/reporterre\/\"}]}<\/script>\n<!-- \/ Yoast SEO plugin. -->","yoast_head_json":{"title":"Per guarire la terra dobbiamo curare la nostra mente","description":"Con il suo saggio \u201cCurare lo spirito, guarire la Terra\u201d, Michel-Maxime Egger c'invita a comprendere nell'intimo che noi non siamo separati dal mondo che","robots":{"index":"index","follow":"follow","max-snippet":"max-snippet:-1","max-image-preview":"max-image-preview:large","max-video-preview":"max-video-preview:-1"},"canonical":"https:\/\/www.pressenza.com\/it\/2015\/10\/per-guarire-la-terra-dobbiamo-curare-la-nostra-mente\/","og_locale":"it_IT","og_type":"article","og_title":"Per guarire la terra dobbiamo curare la nostra mente","og_description":"Con il suo saggio \u201cCurare lo spirito, guarire la Terra\u201d, Michel-Maxime Egger c'invita a comprendere nell'intimo che noi non siamo separati dal mondo che","og_url":"https:\/\/www.pressenza.com\/it\/2015\/10\/per-guarire-la-terra-dobbiamo-curare-la-nostra-mente\/","og_site_name":"Pressenza","article_publisher":"https:\/\/www.facebook.com\/PressenzaItalia","article_published_time":"2015-10-30T20:07:33+00:00","article_modified_time":"2015-10-30T20:07:45+00:00","og_image":[{"width":720,"height":468,"url":"https:\/\/www.pressenza.com\/wp-content\/uploads\/2015\/10\/arton8279-b42fd.jpg","type":"image\/jpeg"}],"author":"Reporterre, le quotidien de l\u2019\u00e9cologie","twitter_card":"summary_large_image","twitter_creator":"@reporterre","twitter_site":"@PressenzaIPA","twitter_misc":{"Scritto da":"Reporterre, le quotidien de l\u2019\u00e9cologie","Tempo di lettura stimato":"4 minuti"},"schema":{"@context":"https:\/\/schema.org","@graph":[{"@type":"Article","@id":"https:\/\/www.pressenza.com\/it\/2015\/10\/per-guarire-la-terra-dobbiamo-curare-la-nostra-mente\/#article","isPartOf":{"@id":"https:\/\/www.pressenza.com\/it\/2015\/10\/per-guarire-la-terra-dobbiamo-curare-la-nostra-mente\/"},"author":{"name":"Reporterre, le quotidien de l\u2019\u00e9cologie","@id":"https:\/\/www.pressenza.com\/it\/#\/schema\/person\/de7a73acc724ec52aecb29649b65b9bc"},"headline":"Per guarire la terra dobbiamo curare la nostra mente","datePublished":"2015-10-30T20:07:33+00:00","dateModified":"2015-10-30T20:07:45+00:00","mainEntityOfPage":{"@id":"https:\/\/www.pressenza.com\/it\/2015\/10\/per-guarire-la-terra-dobbiamo-curare-la-nostra-mente\/"},"wordCount":777,"publisher":{"@id":"https:\/\/www.pressenza.com\/it\/#organization"},"image":{"@id":"https:\/\/www.pressenza.com\/it\/2015\/10\/per-guarire-la-terra-dobbiamo-curare-la-nostra-mente\/#primaryimage"},"thumbnailUrl":"https:\/\/www.pressenza.com\/wp-content\/uploads\/2015\/10\/arton8279-b42fd.jpg","keywords":["ecoterapia","Theodore Roszak"],"articleSection":["Europa","Opinioni","Umanesimo e Spiritualit\u00e0"],"inLanguage":"it-IT"},{"@type":"WebPage","@id":"https:\/\/www.pressenza.com\/it\/2015\/10\/per-guarire-la-terra-dobbiamo-curare-la-nostra-mente\/","url":"https:\/\/www.pressenza.com\/it\/2015\/10\/per-guarire-la-terra-dobbiamo-curare-la-nostra-mente\/","name":"Per guarire la terra dobbiamo curare la nostra mente","isPartOf":{"@id":"https:\/\/www.pressenza.com\/it\/#website"},"primaryImageOfPage":{"@id":"https:\/\/www.pressenza.com\/it\/2015\/10\/per-guarire-la-terra-dobbiamo-curare-la-nostra-mente\/#primaryimage"},"image":{"@id":"https:\/\/www.pressenza.com\/it\/2015\/10\/per-guarire-la-terra-dobbiamo-curare-la-nostra-mente\/#primaryimage"},"thumbnailUrl":"https:\/\/www.pressenza.com\/wp-content\/uploads\/2015\/10\/arton8279-b42fd.jpg","datePublished":"2015-10-30T20:07:33+00:00","dateModified":"2015-10-30T20:07:45+00:00","description":"Con il suo saggio \u201cCurare lo spirito, guarire la Terra\u201d, Michel-Maxime Egger c'invita a comprendere nell'intimo che noi non siamo separati dal mondo che","breadcrumb":{"@id":"https:\/\/www.pressenza.com\/it\/2015\/10\/per-guarire-la-terra-dobbiamo-curare-la-nostra-mente\/#breadcrumb"},"inLanguage":"it-IT","potentialAction":[{"@type":"ReadAction","target":["https:\/\/www.pressenza.com\/it\/2015\/10\/per-guarire-la-terra-dobbiamo-curare-la-nostra-mente\/"]}]},{"@type":"ImageObject","inLanguage":"it-IT","@id":"https:\/\/www.pressenza.com\/it\/2015\/10\/per-guarire-la-terra-dobbiamo-curare-la-nostra-mente\/#primaryimage","url":"https:\/\/www.pressenza.com\/wp-content\/uploads\/2015\/10\/arton8279-b42fd.jpg","contentUrl":"https:\/\/www.pressenza.com\/wp-content\/uploads\/2015\/10\/arton8279-b42fd.jpg","width":720,"height":468},{"@type":"BreadcrumbList","@id":"https:\/\/www.pressenza.com\/it\/2015\/10\/per-guarire-la-terra-dobbiamo-curare-la-nostra-mente\/#breadcrumb","itemListElement":[{"@type":"ListItem","position":1,"name":"Accueil","item":"https:\/\/www.pressenza.com\/it\/"},{"@type":"ListItem","position":2,"name":"Per guarire la terra dobbiamo curare la nostra mente"}]},{"@type":"WebSite","@id":"https:\/\/www.pressenza.com\/it\/#website","url":"https:\/\/www.pressenza.com\/it\/","name":"Pressenza","description":"Agenzia di Stampa Internazionale","publisher":{"@id":"https:\/\/www.pressenza.com\/it\/#organization"},"potentialAction":[{"@type":"SearchAction","target":{"@type":"EntryPoint","urlTemplate":"https:\/\/www.pressenza.com\/it\/?s={search_term_string}"},"query-input":{"@type":"PropertyValueSpecification","valueRequired":true,"valueName":"search_term_string"}}],"inLanguage":"it-IT"},{"@type":"Organization","@id":"https:\/\/www.pressenza.com\/it\/#organization","name":"Pressenza","url":"https:\/\/www.pressenza.com\/it\/","logo":{"@type":"ImageObject","inLanguage":"it-IT","@id":"https:\/\/www.pressenza.com\/it\/#\/schema\/logo\/image\/","url":"https:\/\/www.pressenza.com\/wp-content\/uploads\/2022\/10\/pressenza_logo_200x200.jpg","contentUrl":"https:\/\/www.pressenza.com\/wp-content\/uploads\/2022\/10\/pressenza_logo_200x200.jpg","width":200,"height":200,"caption":"Pressenza"},"image":{"@id":"https:\/\/www.pressenza.com\/it\/#\/schema\/logo\/image\/"},"sameAs":["https:\/\/www.facebook.com\/PressenzaItalia","https:\/\/x.com\/PressenzaIPA"]},{"@type":"Person","@id":"https:\/\/www.pressenza.com\/it\/#\/schema\/person\/de7a73acc724ec52aecb29649b65b9bc","name":"Reporterre, le quotidien de l\u2019\u00e9cologie","description":"Reporterre propose des informations claires et pertinentes sur l\u2019\u00e9cologie dans ses dimensions politique et sociale, ainsi qu\u2019un espace de tribunes pour r\u00e9fl\u00e9chir et d\u00e9battre. Pour nous, l\u2019\u00e9cologie ne peut se r\u00e9duire \u00e0 des questions de nature et de pollution - m\u00eame si nous suivons attentivement ces questions vitales. L\u2019\u00e9cologie engage le destin commun, engage l\u2019avenir, sa situation d\u00e9coule largement des rapports sociaux. Reporterre entend aussi relayer toutes les initiatives qui montrent que les alternatives au syst\u00e8me dominant sont possibles et r\u00e9alistes. www.reporterre.net","sameAs":["http:\/\/www.reporterre.net\/","https:\/\/x.com\/@reporterre"],"url":"https:\/\/www.pressenza.com\/it\/author\/reporterre\/"}]}},"place":"","original_article_url":"","_links":{"self":[{"href":"https:\/\/www.pressenza.com\/it\/wp-json\/wp\/v2\/posts\/240233","targetHints":{"allow":["GET"]}}],"collection":[{"href":"https:\/\/www.pressenza.com\/it\/wp-json\/wp\/v2\/posts"}],"about":[{"href":"https:\/\/www.pressenza.com\/it\/wp-json\/wp\/v2\/types\/post"}],"author":[{"embeddable":true,"href":"https:\/\/www.pressenza.com\/it\/wp-json\/wp\/v2\/users\/1138"}],"replies":[{"embeddable":true,"href":"https:\/\/www.pressenza.com\/it\/wp-json\/wp\/v2\/comments?post=240233"}],"version-history":[{"count":0,"href":"https:\/\/www.pressenza.com\/it\/wp-json\/wp\/v2\/posts\/240233\/revisions"}],"wp:featuredmedia":[{"embeddable":true,"href":"https:\/\/www.pressenza.com\/it\/wp-json\/wp\/v2\/media\/239509"}],"wp:attachment":[{"href":"https:\/\/www.pressenza.com\/it\/wp-json\/wp\/v2\/media?parent=240233"}],"wp:term":[{"taxonomy":"category","embeddable":true,"href":"https:\/\/www.pressenza.com\/it\/wp-json\/wp\/v2\/categories?post=240233"},{"taxonomy":"post_tag","embeddable":true,"href":"https:\/\/www.pressenza.com\/it\/wp-json\/wp\/v2\/tags?post=240233"}],"curies":[{"name":"wp","href":"https:\/\/api.w.org\/{rel}","templated":true}]}}