{"id":2400424,"date":"2024-05-16T22:04:25","date_gmt":"2024-05-16T21:04:25","guid":{"rendered":"https:\/\/www.pressenza.com\/?p=2400424"},"modified":"2024-05-17T08:40:20","modified_gmt":"2024-05-17T07:40:20","slug":"giornata-contro-lomotransfobia-intervista-ad-andrea-vitello-autore-de-il-bullismo-nella-societa","status":"publish","type":"post","link":"https:\/\/www.pressenza.com\/it\/2024\/05\/giornata-contro-lomotransfobia-intervista-ad-andrea-vitello-autore-de-il-bullismo-nella-societa\/","title":{"rendered":"Giornata contro l\u2019omotransfobia, intervista ad Andrea Vitello autore de \u201cIl bullismo nella societ\u00e0\u201d"},"content":{"rendered":"<p>Questo libro, \u201c<em>Il bullismo nella societ\u00e0, storie di razzismo, omofobia, abilismo, sessismo, mobbing, bullismo giovanile e adulto. come prevenire e contrastare il bullismo attraverso la didattica della shoah<\/em>\u201d, edito da Multimage, la casa editrice dei diritti umani, nasce dall\u2019esigenza di far conoscere un fenomeno troppo spesso sottovalutato e a volte sommerso, che per\u00f2 porta tantissima sofferenza e molte volte \u00e8 causa di suicidi. Si tratta del Bullismo giovanile e adulto e di tutte le sue varie forme compresa il Mobbing (bullying at work), quest\u2019ultima sanzionata solo in pochi paesi. Questo fenomeno rappresenta una grave violazione dei diritti umani. L\u2019autore, che \u00e8 stato vittima di bullismo, oltre a dare una spiegazione del fenomeno, nel libro racconta moltissime storie sparse in tutto il mondo, compresa la sua, e fornisce un metodo innovativo per prevenire e contrastare il bullismo: l\u2019insegnamento della didattica della Shoah e dei Diritti Umani. L\u2019obbiettivo del libro tra gli altri \u00e8 quello di far nascere nuove leggi ed una giornata Europea e Mondiale contro il bullismo sia giovanile che adulto. In Appendice la Dichiarazione Universale dei Diritti Umani, che nel 2023 celebra il suo 75\u00b0 anniversario, commentata da Riccardo Noury portavoce Amnesty International Italia. Il 50% dei proventi ricavati dai diritti d\u2019autore, saranno devoluti per volere dello stesso autore ad Amnesty International Italia e Pressenza al fine di contribuire ad una campagna di sensibilizzazione per prevenire e contrastare ogni forma di Bullismo. Ha ricevuto il patrocinio di Amnesty International Italia e Pressenza. La prefazione \u00e8 di Emanuele Fiano, l\u2019introduzione di Riccardo Noury portavoce Amnesty, e la postfazione \u00e8 dell\u2019Onorevole Devis Dori, mentre la copertina \u00e8 stata fatta dal vignettista Mauro Biani, ospite lo scorso anno all\u2019Eirenefest.<\/p>\n<p>A questo Eirenefest sar\u00e0 possibile comprare la nuova edizione aggiornata, con i nuovi dati e con l\u2019approfondimento anche dell\u2019ageismo il bullismo fatto agli anziani.<\/p>\n<p>In vista della giornata internazionale contro l\u2019omotransfobia, 17 maggio, abbiamo deciso di fare una intervista all\u2019autore, Andrea Vitello classe 1992 e vittima di bullismo, che sar\u00e0 presente all\u2019Eirenefest.<\/p>\n<p><strong><em>Che panoramica puoi darci su questo fenomeno spesso sottostimato?<\/em><\/strong><\/p>\n<p>La situazione \u00e8 gravissima. Nel 2019, l\u2019UNESCO ha pubblicato un report dove spiega come uno studente su tre nel mondo sia vittima di bullismo. Nel marzo 2022 e stato riportato, grazie a uno studio descritto sulla rivista The Lancet Child &amp; Adolescent Health, che il 38% dei minori disabili, a livello globale, abbia subito atti di bullismo, quindi circa uno su tre. Save the Children, in merito al bullismo in Italia, nel novembre 2023 ha diffuso un rapporto dove spiega come il 25,3% degli studenti e delle studentesse riportino di essere stati vittima di bullismo, mentre i docenti stimino che la percentuale di studenti e studentesse coinvolti nei fenomeni di bullismo e cyberbullismo sia poco meno del 6%, un dato lontano dalla percentuale di coinvolgimento nei fenomeni dichiarata dagli studenti e dalle studentesse. Per quanto riguarda i dati del Mobbing in Italia, considerando comunque che sono notevolmente sottostimati, nel 2021 l\u2019INAIL ha spiegato come siano circa un milione e mezzo i lavoratori italiani vittime del mobbing su circa 21 milioni di occupati, mentre siano 5 milioni il numero minimo stimato di persone in qualche modo coinvolte nel fenomeno. Naturalmente le conseguenze sulla salute sia del bullismo giovanile che adulto sono devastanti e possono portare al suicidio come spiego bene nel libro.<\/p>\n<p><strong><em>Quali possono essere le conseguenze negative, sulla salute, dovute dal fenomeno?<\/em><\/strong><\/p>\n<p>\u0116 stato appurato che il bullismo porta conseguenze negative per la salute fisica, psicologica e relazionale sia ai bulli, ma soprattutto e in maniera maggiore alle vittime. Tuttavia pu\u00f2 causare ripercussioni negative anche sugli spettatori. Il comportamento prepotente del bullo \u00e8 associato a risultati scolastici scarsi, inoltre rappresenta un fattore di rischio per il consumo e l\u2019abuso di droghe tabacco e alcol. In et\u00e0 adulta, pu\u00f2 manifestare inoltre comportamenti antisociali, violenti e criminali, oltre ad avere pi\u00f9 possibilit\u00e0 di sviluppare disturbi mentali. Le vittime a causa di quello che subiscono manifestano grossi livelli di ansia, stress e depressione, che possono portare a tentativi di suicidio. A causa della loro situazione hanno una buona probabilit\u00e0 si soffrire di disturbi psicosomatici, come mal di testa, mal di stomaco, disturbi del sonno e dermatiti. Tutto ci\u00f2 porta la vittima ad avere una scarsa autostima e a soffrire di solitudine. Per evitare di soffrire, avendo paura del reiterarsi delle prepotenze, cerca di evitare la scuola, dove tra l\u2019altro non riesce ad ottenere un rendimento alto, e le interazioni coi coetanei deprivandosi cos\u00ec di importanti esperienze sociali. Tuttavia bisogna considerare che la maggior parte delle volte sono i bulli a relegarla in una condizione di isolamento sociale. Raggiunta l\u2019et\u00e0 adulta, la vittima tende a mantenere il comportamento evitante, che pu\u00f2 finire per causarle un isolamento e un basso livello relazionale sia con la famiglia che con gli altri. Inoltre pu\u00f2 sviluppare delle malattie psichiatriche come la depressione, il disturbo ossessivo compulsivo e gli attacchi di panico. Tale situazione comporta difficolt\u00e0 lavorative e una rischiosa inclinazione al suicidio. Risulta evidente come le conseguenze per le vittime siano maggiori rispetto a quelle dei bulli, che dai loro comportamenti aggressivi ottengono anche dei vantaggi come quello di avere un gruppo di sodali, di essere rispettati e considerati popolari. Il Mobbing pu\u00f2 colpire molto duramente le persone, che al fine di non soffrire aumentano l\u2019assenteismo con i giorni di malattia, dovuti anche ad una perdita di soddisfazione lavorativa, e infine una maggior propensione a lasciare l\u2019azienda o il luogo dove lavorano. I problemi di salute sono caratterizzati dalla perdita dell\u2019autostima, e dal presentarsi di sintomi depressivi, emicranie, ipertensione, dermatiti, dolori all\u2019addome e al torace, tensioni e dolori muscolari, vomito, diarrea, tosse e asma, stress, problemi del sonno, sbalzi d\u2019umore e idee autolesioniste. Inoltre possono anche presentarsi disturbi somatici gravi come pressione alta e trombosi.<\/p>\n<p><strong><em>Pu\u00f2 spiegarci la situazione normativa riguardante il mobbing, in Europa e nel nostro paese?<\/em><\/strong><\/p>\n<p>I paesi nordeuropei sono stati i primi a riconoscere nei testi normativi il fenomeno del mobbing, grazie agli studi scientifici del Professor Heinz Leymann, pioniere degli studi di settore nel contesto lavorativo. Gi\u00e0 dal 1975 in Danimarca e due anni dopo in Norvegia e Svezia, vi e un riferimento nelle leggi \u2013 alle conseguenze psicologiche che un ambiente di lavoro umanamente ostile pu\u00f2 avere sulla salute delle persone -. Tuttavia il riferimento esplicito al fenomeno delle molestie morali, quindi al mobbing, nei testi normativi si e avuto soltanto tra il 1993 e il 1994 a seguito di nuovi studi. In Francia, dove si usa il termine harcelement moral, il 17 gennaio 2002 \u00e8 stata approvata la legge n. 2002-73, che definisce uno strumento legislativo specifico per la lotta contro il mobbing, mentre negli altri paesi europei non \u00e8 stata emanata alcuna legge in merito, nemmeno dal parlamento europeo. Per quanto riguarda il contesto italiano non esiste ancora, nonostante si tratti di un fenomeno sociale, una chiara e specifica definizione legislativa.<em> cosa consiste?<\/em><\/p>\n<p><strong><em>Nel tuo libro parli di un nuovo modo per contrastare e prevenire questo fenomeno. Pu\u00f2 spiegarci brevemente in cosa consiste?<\/em><\/strong><\/p>\n<p>Si tratta della didattica della Shoah e dei diritti umani. Partendo dallo studio della Shoah e studiando tutte le differenti tipologie di vittime, che oltre agli ebrei comprese i rom e i sinti, gli omosessuali, i testimoni di Geova, i disabili psichici e fisici e gli oppositori politici, possiamo renderci conto quanto qualsiasi forma di violenza sia sbagliata verso qualsiasi persona. Certo in merito alla Shoah mi si potrebbe dire che vi erano gli indifferenti e gli aiutanti dei nazisti, figure presenti anche nel bullismo come indifferenti e aiutanti del bullo, ma io risponderei parlando dell\u2019esempio dei Giusti tra le Nazioni. Lo studio dei diritti umani e della Dichiarazione Universale dei Diritti Umani viene dopo ed \u00e8 una logica conseguenza, visto e considerando anche che, come riporto nel libro il bullismo e il mobbing rappresentano una grave violazione dei diritti umani. La stessa senatrice Liliana Segre, che io cito nel libro, ha condannato pi\u00f9 volte il bullismo, le sue conseguenze, e coloro che rimangono indifferenti in luogo di denunciare. Infine ci tengo a sottolineare che bisognerebbe investire molto di pi\u00f9 nella scuola, perch\u00e9 purtroppo l\u2019Italia \u00e8 uno dei paesi dell\u2019Unione Europea che ci investe di meno.<\/p>\n<p><strong><em>Puoi dare qualche consiglio a chi \u00e8 dentro questo fenomeno?<\/em><\/strong><\/p>\n<p>A chi sta subendo bullismo invito a denunciare, e se non trova aiuto ed un cambiamento di rotta, a cercare di cambiare scuola o luogo di lavoro, anche se delle volte e molto difficile o quasi impossibile. Mentre a chi sta subendo in questo momento le conseguenze del bullismo invito a cercare aiuto sia nei familiari sia in chi vi vuole bene, ma in maniera categorica non rimanete da soli ma apritevi, inoltre cercate un valevole supporto medico, pero sia chiaro non voglio farvi illusioni si tratta di un percorso lungo, doloroso e difficile e non sempre troverete un sostegno medico valevole alla prima, io ne ho frequentati svariati prima di trovare quello giusto, tuttavia non perdetevi d\u2019animo e non arrendetevi mai. Aggrappatevi sempre alla speranza senza perdere mai la voglia di portare avanti le vostre aspirazioni. A chi fa bullismo, e ai coetanei o adulti, che rimangono indifferenti di fronte a tali atti, e ai\/le docenti chiedo di non rimanere indifferenti, ma di prendere provvedimenti, perch\u00e9 \u00e8 un vostro dovere ed inoltre sapete che pu\u00f2 subire conseguenze sulla salute anche chi bullizza, quindi non restate a guardare, non siate indifferenti.<\/p>\n<p>&nbsp;<\/p>\n<p><iframe loading=\"lazy\" title=\"Breve presentazione di Il Bullismo nella societ\u00e0 - Andrea Vitello\" width=\"500\" height=\"281\" src=\"https:\/\/www.youtube.com\/embed\/TTm46W8_VfQ?feature=oembed\" frameborder=\"0\" allow=\"accelerometer; autoplay; clipboard-write; encrypted-media; gyroscope; picture-in-picture; web-share\" referrerpolicy=\"strict-origin-when-cross-origin\" allowfullscreen><\/iframe><\/p>\n","protected":false},"excerpt":{"rendered":"<p>Questo libro, \u201cIl bullismo nella societ\u00e0, storie di razzismo, omofobia, abilismo, sessismo, mobbing, bullismo giovanile e adulto. come prevenire e contrastare il bullismo attraverso la didattica della shoah\u201d, edito da Multimage, la casa editrice dei diritti umani, nasce dall\u2019esigenza di&hellip;<\/p>\n","protected":false},"author":1305,"featured_media":2401590,"comment_status":"closed","ping_status":"closed","sticky":false,"template":"","format":"standard","meta":{"footnotes":""},"categories":[11388,56,47,157],"tags":[4500,121763,22224],"class_list":["post-2400424","post","type-post","status-publish","format-standard","has-post-thumbnail","hentry","category-contenuti-originali","category-cultura","category-europa","category-interviste","tag-bullismo","tag-eirenefest-2024","tag-cap-multimage"],"yoast_head":"<!-- This site is optimized with the Yoast SEO plugin v27.1.1 - https:\/\/yoast.com\/product\/yoast-seo-wordpress\/ -->\n<title>Giornata contro l\u2019omotransfobia, intervista ad Andrea Vitello autore de \u201cIl bullismo nella societ\u00e0\u201d<\/title>\n<meta name=\"description\" content=\"Questo libro, \u201cIl bullismo nella societ\u00e0, storie di razzismo, omofobia, abilismo, sessismo, mobbing, bullismo giovanile e adulto. come prevenire e\" \/>\n<meta name=\"robots\" content=\"index, follow, max-snippet:-1, max-image-preview:large, max-video-preview:-1\" \/>\n<link rel=\"canonical\" href=\"https:\/\/www.pressenza.com\/it\/2024\/05\/giornata-contro-lomotransfobia-intervista-ad-andrea-vitello-autore-de-il-bullismo-nella-societa\/\" \/>\n<meta property=\"og:locale\" content=\"it_IT\" \/>\n<meta property=\"og:type\" content=\"article\" \/>\n<meta property=\"og:title\" content=\"Giornata contro l\u2019omotransfobia, intervista ad Andrea Vitello autore de \u201cIl bullismo nella societ\u00e0\u201d\" \/>\n<meta property=\"og:description\" content=\"Questo libro, \u201cIl bullismo nella societ\u00e0, storie di razzismo, omofobia, abilismo, sessismo, mobbing, bullismo giovanile e adulto. come prevenire e\" \/>\n<meta property=\"og:url\" content=\"https:\/\/www.pressenza.com\/it\/2024\/05\/giornata-contro-lomotransfobia-intervista-ad-andrea-vitello-autore-de-il-bullismo-nella-societa\/\" \/>\n<meta property=\"og:site_name\" content=\"Pressenza\" \/>\n<meta property=\"article:publisher\" content=\"https:\/\/www.facebook.com\/PressenzaItalia\" \/>\n<meta property=\"article:author\" content=\"https:\/\/www.facebook.com\/giorgio.mancuso\" \/>\n<meta property=\"article:published_time\" content=\"2024-05-16T21:04:25+00:00\" \/>\n<meta property=\"article:modified_time\" content=\"2024-05-17T07:40:20+00:00\" \/>\n<meta property=\"og:image\" content=\"https:\/\/www.pressenza.com\/wp-content\/uploads\/2024\/05\/BullismoAndreaVitello.png\" \/>\n\t<meta property=\"og:image:width\" content=\"1328\" \/>\n\t<meta property=\"og:image:height\" content=\"996\" \/>\n\t<meta property=\"og:image:type\" content=\"image\/png\" \/>\n<meta name=\"author\" content=\"Giorgio Mancuso\" \/>\n<meta name=\"twitter:card\" content=\"summary_large_image\" \/>\n<meta name=\"twitter:creator\" content=\"@gmancuso68\" \/>\n<meta name=\"twitter:site\" content=\"@PressenzaIPA\" \/>\n<meta name=\"twitter:label1\" content=\"Scritto da\" \/>\n\t<meta name=\"twitter:data1\" content=\"Giorgio Mancuso\" \/>\n\t<meta name=\"twitter:label2\" content=\"Tempo di lettura stimato\" \/>\n\t<meta name=\"twitter:data2\" content=\"9 minuti\" \/>\n<script type=\"application\/ld+json\" class=\"yoast-schema-graph\">{\"@context\":\"https:\/\/schema.org\",\"@graph\":[{\"@type\":\"Article\",\"@id\":\"https:\/\/www.pressenza.com\/it\/2024\/05\/giornata-contro-lomotransfobia-intervista-ad-andrea-vitello-autore-de-il-bullismo-nella-societa\/#article\",\"isPartOf\":{\"@id\":\"https:\/\/www.pressenza.com\/it\/2024\/05\/giornata-contro-lomotransfobia-intervista-ad-andrea-vitello-autore-de-il-bullismo-nella-societa\/\"},\"author\":{\"name\":\"Giorgio Mancuso\",\"@id\":\"https:\/\/www.pressenza.com\/it\/#\/schema\/person\/8cfc203db0ed2da77683068e54ba46af\"},\"headline\":\"Giornata contro l\u2019omotransfobia, intervista ad Andrea Vitello autore de \u201cIl bullismo nella societ\u00e0\u201d\",\"datePublished\":\"2024-05-16T21:04:25+00:00\",\"dateModified\":\"2024-05-17T07:40:20+00:00\",\"mainEntityOfPage\":{\"@id\":\"https:\/\/www.pressenza.com\/it\/2024\/05\/giornata-contro-lomotransfobia-intervista-ad-andrea-vitello-autore-de-il-bullismo-nella-societa\/\"},\"wordCount\":1573,\"publisher\":{\"@id\":\"https:\/\/www.pressenza.com\/it\/#organization\"},\"image\":{\"@id\":\"https:\/\/www.pressenza.com\/it\/2024\/05\/giornata-contro-lomotransfobia-intervista-ad-andrea-vitello-autore-de-il-bullismo-nella-societa\/#primaryimage\"},\"thumbnailUrl\":\"https:\/\/www.pressenza.com\/wp-content\/uploads\/2024\/05\/BullismoAndreaVitello.png\",\"keywords\":[\"bullismo\",\"Eirenefest 2024\",\"Multimage\"],\"articleSection\":[\"contenuti originali\",\"Cultura e Media\",\"Europa\",\"Interviste\"],\"inLanguage\":\"it-IT\"},{\"@type\":\"WebPage\",\"@id\":\"https:\/\/www.pressenza.com\/it\/2024\/05\/giornata-contro-lomotransfobia-intervista-ad-andrea-vitello-autore-de-il-bullismo-nella-societa\/\",\"url\":\"https:\/\/www.pressenza.com\/it\/2024\/05\/giornata-contro-lomotransfobia-intervista-ad-andrea-vitello-autore-de-il-bullismo-nella-societa\/\",\"name\":\"Giornata contro l\u2019omotransfobia, intervista ad Andrea Vitello autore de \u201cIl bullismo nella societ\u00e0\u201d\",\"isPartOf\":{\"@id\":\"https:\/\/www.pressenza.com\/it\/#website\"},\"primaryImageOfPage\":{\"@id\":\"https:\/\/www.pressenza.com\/it\/2024\/05\/giornata-contro-lomotransfobia-intervista-ad-andrea-vitello-autore-de-il-bullismo-nella-societa\/#primaryimage\"},\"image\":{\"@id\":\"https:\/\/www.pressenza.com\/it\/2024\/05\/giornata-contro-lomotransfobia-intervista-ad-andrea-vitello-autore-de-il-bullismo-nella-societa\/#primaryimage\"},\"thumbnailUrl\":\"https:\/\/www.pressenza.com\/wp-content\/uploads\/2024\/05\/BullismoAndreaVitello.png\",\"datePublished\":\"2024-05-16T21:04:25+00:00\",\"dateModified\":\"2024-05-17T07:40:20+00:00\",\"description\":\"Questo libro, \u201cIl bullismo nella societ\u00e0, storie di razzismo, omofobia, abilismo, sessismo, mobbing, bullismo giovanile e adulto. come prevenire e\",\"breadcrumb\":{\"@id\":\"https:\/\/www.pressenza.com\/it\/2024\/05\/giornata-contro-lomotransfobia-intervista-ad-andrea-vitello-autore-de-il-bullismo-nella-societa\/#breadcrumb\"},\"inLanguage\":\"it-IT\",\"potentialAction\":[{\"@type\":\"ReadAction\",\"target\":[\"https:\/\/www.pressenza.com\/it\/2024\/05\/giornata-contro-lomotransfobia-intervista-ad-andrea-vitello-autore-de-il-bullismo-nella-societa\/\"]}]},{\"@type\":\"ImageObject\",\"inLanguage\":\"it-IT\",\"@id\":\"https:\/\/www.pressenza.com\/it\/2024\/05\/giornata-contro-lomotransfobia-intervista-ad-andrea-vitello-autore-de-il-bullismo-nella-societa\/#primaryimage\",\"url\":\"https:\/\/www.pressenza.com\/wp-content\/uploads\/2024\/05\/BullismoAndreaVitello.png\",\"contentUrl\":\"https:\/\/www.pressenza.com\/wp-content\/uploads\/2024\/05\/BullismoAndreaVitello.png\",\"width\":1328,\"height\":996},{\"@type\":\"BreadcrumbList\",\"@id\":\"https:\/\/www.pressenza.com\/it\/2024\/05\/giornata-contro-lomotransfobia-intervista-ad-andrea-vitello-autore-de-il-bullismo-nella-societa\/#breadcrumb\",\"itemListElement\":[{\"@type\":\"ListItem\",\"position\":1,\"name\":\"Accueil\",\"item\":\"https:\/\/www.pressenza.com\/it\/\"},{\"@type\":\"ListItem\",\"position\":2,\"name\":\"Giornata contro l\u2019omotransfobia, intervista ad Andrea Vitello autore de \u201cIl bullismo nella societ\u00e0\u201d\"}]},{\"@type\":\"WebSite\",\"@id\":\"https:\/\/www.pressenza.com\/it\/#website\",\"url\":\"https:\/\/www.pressenza.com\/it\/\",\"name\":\"Pressenza\",\"description\":\"Agenzia di Stampa Internazionale\",\"publisher\":{\"@id\":\"https:\/\/www.pressenza.com\/it\/#organization\"},\"potentialAction\":[{\"@type\":\"SearchAction\",\"target\":{\"@type\":\"EntryPoint\",\"urlTemplate\":\"https:\/\/www.pressenza.com\/it\/?s={search_term_string}\"},\"query-input\":{\"@type\":\"PropertyValueSpecification\",\"valueRequired\":true,\"valueName\":\"search_term_string\"}}],\"inLanguage\":\"it-IT\"},{\"@type\":\"Organization\",\"@id\":\"https:\/\/www.pressenza.com\/it\/#organization\",\"name\":\"Pressenza\",\"url\":\"https:\/\/www.pressenza.com\/it\/\",\"logo\":{\"@type\":\"ImageObject\",\"inLanguage\":\"it-IT\",\"@id\":\"https:\/\/www.pressenza.com\/it\/#\/schema\/logo\/image\/\",\"url\":\"https:\/\/www.pressenza.com\/wp-content\/uploads\/2022\/10\/pressenza_logo_200x200.jpg\",\"contentUrl\":\"https:\/\/www.pressenza.com\/wp-content\/uploads\/2022\/10\/pressenza_logo_200x200.jpg\",\"width\":200,\"height\":200,\"caption\":\"Pressenza\"},\"image\":{\"@id\":\"https:\/\/www.pressenza.com\/it\/#\/schema\/logo\/image\/\"},\"sameAs\":[\"https:\/\/www.facebook.com\/PressenzaItalia\",\"https:\/\/x.com\/PressenzaIPA\"]},{\"@type\":\"Person\",\"@id\":\"https:\/\/www.pressenza.com\/it\/#\/schema\/person\/8cfc203db0ed2da77683068e54ba46af\",\"name\":\"Giorgio Mancuso\",\"description\":\"Giorgio is a lifelong humanist with a deep faith in the possibility and the need to build a new world, based on solidarity, where the human being is the central value and concern. His interests include: economics, especially those movements that propose alternative economic systems, and open source programming. Since 2010 he has been a member of The Community for Human Development, a cultural organisation of the Humanist Movement.\",\"sameAs\":[\"https:\/\/vocidalvillaggio.blogspot.com\/\",\"https:\/\/www.facebook.com\/giorgio.mancuso\",\"https:\/\/x.com\/gmancuso68\"],\"url\":\"https:\/\/www.pressenza.com\/it\/author\/giorgio-mancuso\/\"}]}<\/script>\n<!-- \/ Yoast SEO plugin. -->","yoast_head_json":{"title":"Giornata contro l\u2019omotransfobia, intervista ad Andrea Vitello autore de \u201cIl bullismo nella societ\u00e0\u201d","description":"Questo libro, \u201cIl bullismo nella societ\u00e0, storie di razzismo, omofobia, abilismo, sessismo, mobbing, bullismo giovanile e adulto. come prevenire e","robots":{"index":"index","follow":"follow","max-snippet":"max-snippet:-1","max-image-preview":"max-image-preview:large","max-video-preview":"max-video-preview:-1"},"canonical":"https:\/\/www.pressenza.com\/it\/2024\/05\/giornata-contro-lomotransfobia-intervista-ad-andrea-vitello-autore-de-il-bullismo-nella-societa\/","og_locale":"it_IT","og_type":"article","og_title":"Giornata contro l\u2019omotransfobia, intervista ad Andrea Vitello autore de \u201cIl bullismo nella societ\u00e0\u201d","og_description":"Questo libro, \u201cIl bullismo nella societ\u00e0, storie di razzismo, omofobia, abilismo, sessismo, mobbing, bullismo giovanile e adulto. come prevenire e","og_url":"https:\/\/www.pressenza.com\/it\/2024\/05\/giornata-contro-lomotransfobia-intervista-ad-andrea-vitello-autore-de-il-bullismo-nella-societa\/","og_site_name":"Pressenza","article_publisher":"https:\/\/www.facebook.com\/PressenzaItalia","article_author":"https:\/\/www.facebook.com\/giorgio.mancuso","article_published_time":"2024-05-16T21:04:25+00:00","article_modified_time":"2024-05-17T07:40:20+00:00","og_image":[{"width":1328,"height":996,"url":"https:\/\/www.pressenza.com\/wp-content\/uploads\/2024\/05\/BullismoAndreaVitello.png","type":"image\/png"}],"author":"Giorgio Mancuso","twitter_card":"summary_large_image","twitter_creator":"@gmancuso68","twitter_site":"@PressenzaIPA","twitter_misc":{"Scritto da":"Giorgio Mancuso","Tempo di lettura stimato":"9 minuti"},"schema":{"@context":"https:\/\/schema.org","@graph":[{"@type":"Article","@id":"https:\/\/www.pressenza.com\/it\/2024\/05\/giornata-contro-lomotransfobia-intervista-ad-andrea-vitello-autore-de-il-bullismo-nella-societa\/#article","isPartOf":{"@id":"https:\/\/www.pressenza.com\/it\/2024\/05\/giornata-contro-lomotransfobia-intervista-ad-andrea-vitello-autore-de-il-bullismo-nella-societa\/"},"author":{"name":"Giorgio Mancuso","@id":"https:\/\/www.pressenza.com\/it\/#\/schema\/person\/8cfc203db0ed2da77683068e54ba46af"},"headline":"Giornata contro l\u2019omotransfobia, intervista ad Andrea Vitello autore de \u201cIl bullismo nella societ\u00e0\u201d","datePublished":"2024-05-16T21:04:25+00:00","dateModified":"2024-05-17T07:40:20+00:00","mainEntityOfPage":{"@id":"https:\/\/www.pressenza.com\/it\/2024\/05\/giornata-contro-lomotransfobia-intervista-ad-andrea-vitello-autore-de-il-bullismo-nella-societa\/"},"wordCount":1573,"publisher":{"@id":"https:\/\/www.pressenza.com\/it\/#organization"},"image":{"@id":"https:\/\/www.pressenza.com\/it\/2024\/05\/giornata-contro-lomotransfobia-intervista-ad-andrea-vitello-autore-de-il-bullismo-nella-societa\/#primaryimage"},"thumbnailUrl":"https:\/\/www.pressenza.com\/wp-content\/uploads\/2024\/05\/BullismoAndreaVitello.png","keywords":["bullismo","Eirenefest 2024","Multimage"],"articleSection":["contenuti originali","Cultura e Media","Europa","Interviste"],"inLanguage":"it-IT"},{"@type":"WebPage","@id":"https:\/\/www.pressenza.com\/it\/2024\/05\/giornata-contro-lomotransfobia-intervista-ad-andrea-vitello-autore-de-il-bullismo-nella-societa\/","url":"https:\/\/www.pressenza.com\/it\/2024\/05\/giornata-contro-lomotransfobia-intervista-ad-andrea-vitello-autore-de-il-bullismo-nella-societa\/","name":"Giornata contro l\u2019omotransfobia, intervista ad Andrea Vitello autore de \u201cIl bullismo nella societ\u00e0\u201d","isPartOf":{"@id":"https:\/\/www.pressenza.com\/it\/#website"},"primaryImageOfPage":{"@id":"https:\/\/www.pressenza.com\/it\/2024\/05\/giornata-contro-lomotransfobia-intervista-ad-andrea-vitello-autore-de-il-bullismo-nella-societa\/#primaryimage"},"image":{"@id":"https:\/\/www.pressenza.com\/it\/2024\/05\/giornata-contro-lomotransfobia-intervista-ad-andrea-vitello-autore-de-il-bullismo-nella-societa\/#primaryimage"},"thumbnailUrl":"https:\/\/www.pressenza.com\/wp-content\/uploads\/2024\/05\/BullismoAndreaVitello.png","datePublished":"2024-05-16T21:04:25+00:00","dateModified":"2024-05-17T07:40:20+00:00","description":"Questo libro, \u201cIl bullismo nella societ\u00e0, storie di razzismo, omofobia, abilismo, sessismo, mobbing, bullismo giovanile e adulto. come prevenire e","breadcrumb":{"@id":"https:\/\/www.pressenza.com\/it\/2024\/05\/giornata-contro-lomotransfobia-intervista-ad-andrea-vitello-autore-de-il-bullismo-nella-societa\/#breadcrumb"},"inLanguage":"it-IT","potentialAction":[{"@type":"ReadAction","target":["https:\/\/www.pressenza.com\/it\/2024\/05\/giornata-contro-lomotransfobia-intervista-ad-andrea-vitello-autore-de-il-bullismo-nella-societa\/"]}]},{"@type":"ImageObject","inLanguage":"it-IT","@id":"https:\/\/www.pressenza.com\/it\/2024\/05\/giornata-contro-lomotransfobia-intervista-ad-andrea-vitello-autore-de-il-bullismo-nella-societa\/#primaryimage","url":"https:\/\/www.pressenza.com\/wp-content\/uploads\/2024\/05\/BullismoAndreaVitello.png","contentUrl":"https:\/\/www.pressenza.com\/wp-content\/uploads\/2024\/05\/BullismoAndreaVitello.png","width":1328,"height":996},{"@type":"BreadcrumbList","@id":"https:\/\/www.pressenza.com\/it\/2024\/05\/giornata-contro-lomotransfobia-intervista-ad-andrea-vitello-autore-de-il-bullismo-nella-societa\/#breadcrumb","itemListElement":[{"@type":"ListItem","position":1,"name":"Accueil","item":"https:\/\/www.pressenza.com\/it\/"},{"@type":"ListItem","position":2,"name":"Giornata contro l\u2019omotransfobia, intervista ad Andrea Vitello autore de \u201cIl bullismo nella societ\u00e0\u201d"}]},{"@type":"WebSite","@id":"https:\/\/www.pressenza.com\/it\/#website","url":"https:\/\/www.pressenza.com\/it\/","name":"Pressenza","description":"Agenzia di Stampa Internazionale","publisher":{"@id":"https:\/\/www.pressenza.com\/it\/#organization"},"potentialAction":[{"@type":"SearchAction","target":{"@type":"EntryPoint","urlTemplate":"https:\/\/www.pressenza.com\/it\/?s={search_term_string}"},"query-input":{"@type":"PropertyValueSpecification","valueRequired":true,"valueName":"search_term_string"}}],"inLanguage":"it-IT"},{"@type":"Organization","@id":"https:\/\/www.pressenza.com\/it\/#organization","name":"Pressenza","url":"https:\/\/www.pressenza.com\/it\/","logo":{"@type":"ImageObject","inLanguage":"it-IT","@id":"https:\/\/www.pressenza.com\/it\/#\/schema\/logo\/image\/","url":"https:\/\/www.pressenza.com\/wp-content\/uploads\/2022\/10\/pressenza_logo_200x200.jpg","contentUrl":"https:\/\/www.pressenza.com\/wp-content\/uploads\/2022\/10\/pressenza_logo_200x200.jpg","width":200,"height":200,"caption":"Pressenza"},"image":{"@id":"https:\/\/www.pressenza.com\/it\/#\/schema\/logo\/image\/"},"sameAs":["https:\/\/www.facebook.com\/PressenzaItalia","https:\/\/x.com\/PressenzaIPA"]},{"@type":"Person","@id":"https:\/\/www.pressenza.com\/it\/#\/schema\/person\/8cfc203db0ed2da77683068e54ba46af","name":"Giorgio Mancuso","description":"Giorgio is a lifelong humanist with a deep faith in the possibility and the need to build a new world, based on solidarity, where the human being is the central value and concern. His interests include: economics, especially those movements that propose alternative economic systems, and open source programming. Since 2010 he has been a member of The Community for Human Development, a cultural organisation of the Humanist Movement.","sameAs":["https:\/\/vocidalvillaggio.blogspot.com\/","https:\/\/www.facebook.com\/giorgio.mancuso","https:\/\/x.com\/gmancuso68"],"url":"https:\/\/www.pressenza.com\/it\/author\/giorgio-mancuso\/"}]}},"place":"","original_article_url":"","_links":{"self":[{"href":"https:\/\/www.pressenza.com\/it\/wp-json\/wp\/v2\/posts\/2400424","targetHints":{"allow":["GET"]}}],"collection":[{"href":"https:\/\/www.pressenza.com\/it\/wp-json\/wp\/v2\/posts"}],"about":[{"href":"https:\/\/www.pressenza.com\/it\/wp-json\/wp\/v2\/types\/post"}],"author":[{"embeddable":true,"href":"https:\/\/www.pressenza.com\/it\/wp-json\/wp\/v2\/users\/1305"}],"replies":[{"embeddable":true,"href":"https:\/\/www.pressenza.com\/it\/wp-json\/wp\/v2\/comments?post=2400424"}],"version-history":[{"count":0,"href":"https:\/\/www.pressenza.com\/it\/wp-json\/wp\/v2\/posts\/2400424\/revisions"}],"wp:featuredmedia":[{"embeddable":true,"href":"https:\/\/www.pressenza.com\/it\/wp-json\/wp\/v2\/media\/2401590"}],"wp:attachment":[{"href":"https:\/\/www.pressenza.com\/it\/wp-json\/wp\/v2\/media?parent=2400424"}],"wp:term":[{"taxonomy":"category","embeddable":true,"href":"https:\/\/www.pressenza.com\/it\/wp-json\/wp\/v2\/categories?post=2400424"},{"taxonomy":"post_tag","embeddable":true,"href":"https:\/\/www.pressenza.com\/it\/wp-json\/wp\/v2\/tags?post=2400424"}],"curies":[{"name":"wp","href":"https:\/\/api.w.org\/{rel}","templated":true}]}}