{"id":2400401,"date":"2024-05-16T20:26:25","date_gmt":"2024-05-16T19:26:25","guid":{"rendered":"https:\/\/www.pressenza.com\/?p=2400401"},"modified":"2024-05-16T20:27:50","modified_gmt":"2024-05-16T19:27:50","slug":"giornata-mondiale-del-vivere-insieme-in-pace","status":"publish","type":"post","link":"https:\/\/www.pressenza.com\/it\/2024\/05\/giornata-mondiale-del-vivere-insieme-in-pace\/","title":{"rendered":"Giornata Mondiale del vivere insieme in Pace"},"content":{"rendered":"<p align=\"justify\">Il Coordinamento Nazionale dei Docenti della Disciplina dei Diritti Umani in occasione della Giornata Mondiale del vivere insieme in Pace, che si celebra il 16 maggio, intende condividere un pensiero di speranza, di progresso e di pace per un futuro migliore.<\/p>\n<p align=\"justify\">La giornata celebrativa \u00e8 stata istituita l\u20198 dicembre 2017 dalla risoluzione 72\/130 dell\u2019Assemblea Generale delle Nazioni Unite che volle dedicare un giorno all\u2019anno all\u2019inestimabile valore della Pace tra i Popoli. Questo giorno infatti intende sottolineare con fermezza che la Pace non \u00e8 solo assenza di conflitto, ma un processo partecipativo di crescita finalizzato al dialogo tra i popoli e di conseguenza alla comprensione reciproca e al superamento dei conflitti.<\/p>\n<p align=\"justify\">Alla base di questo giorno cos\u00ec importante per tutti i popoli c\u2019\u00e8 il pensiero che ogni essere umano ha il diritto di vivere liberamente, ci\u00f2 vuol dire vivere in un mondo in cui i diritti umani di tutti siano riconosciuti e rispettati. Inoltre, fondamentale ogni 16 maggio \u00e8 riuscire a porre l\u2019accento sulla questione legata al senso di responsabilit\u00e0 di tutti gli uomini e di tutte le donne chiamati a partecipare nella costruzione di un futuro pi\u00f9 pacifico e inclusivo. Le guerre che ancora devastano molti Paesi dimostrano che la strada che abbiamo davanti, prima di raggiungere l\u2019obiettivo della pace, \u00e8 ancora molto lunga e complessa. Attualmente si registrano oltre 147 mila eventi di conflitti armati nel mondo e almeno 167.800 vittime. Ben 50 Paesi sono caratterizzati da conflitti definiti come \u201cestremi\u201d (ASVIS, Alleanza Italiana per lo Sviluppo Sostenibile).<\/p>\n<p align=\"justify\">Per tale ragione in occasione della Giornata mondiale del vivere insieme vengono promossi eventi pubblici per discutere del tema della coesistenza. Inoltre si promuove la tolleranza a tutti i livelli e attraverso attivit\u00e0 di sensibilizzazione, come ad esempio dibattiti, conferenze, seminari, mostre e spettacoli musicali e teatrali; un supporto importante ed efficace arriva anche dal cinema, ovviamente, che narra un mondo possibile anche attraverso storie di sofferenza e guerre.<\/p>\n<p align=\"justify\">La giornata mondiale si propone di sensibilizzare certamente la popolazione, ma in modo particolare i leader spirituali e i governanti affinch\u00e9 possano fare tutto il possibile per orientare il mondo verso la pace.<\/p>\n<p align=\"justify\">La Pace \u00e8 un valore, e come tutti i valori si costruisce giorno dopo giorno dentro noi e insieme agli altri, collaborando come un\u2019unica comunit\u00e0 di essere umani che si riconoscono ognuno nell\u2019altro. Per arrivare a questo agognato traguardo occorre lavorare tanto e bene, occorre promuovere l\u2019espressione di opinioni diverse, occorre promuovere la cultura della solidariet\u00e0 umana e della riconciliazione nella vita di tutti i giorni, occorre promuovere la cultura della colomba bianca di pace.<\/p>\n<p align=\"justify\">La colomba con il ramoscello d\u2019ulivo \u00e8 un simbolo antico che compare nella Genesi contenuta nella Bibbia. E ancora una colomba ha riempito i muri delle citt\u00e0 europee a met\u00e0 del \u2019900, dopo uno schizzo di Pablo Picasso del 1949. L\u2019ONU, fedele a questo simbolo di pace ormai accolto e riconosciuto da tutti, ha scelto per l\u2019obiettivo 16 dell\u2019Agenda 2030 (finalizzato a ottenere societ\u00e0 pacifiche e inclusive entro la data indicata dall\u2019agenda) ancora una volta una colomba su uno sfondo azzurro. E il CNDDU, in linea con tutti questi precedenti illustri, intende consegnare idealmente il simbolo della colomba bianca a tutti gli uomini e a tutte le donne di pace, agli studenti e alle studentesse della scuola italiana che, ogni giorno nelle loro aule con l\u2019aiuto dei docenti, non imparano solo il teorema di Pitagora, il genitivo sassone, l\u2019analisi del periodo e tanto altro, ma imparano anche a crescere come cittadini portatori di valori umani indispensabili per vivere insieme in comunit\u00e0.<\/p>\n<p align=\"justify\">\u201cPossano i fedeli cristiani, i credenti di varie religioni e gli uomini e le donne di buona volont\u00e0 collaborare in armonia per cogliere le opportunit\u00e0 e affrontate le sfide poste dalla rivoluzione digitale, e consegnare alle generazioni future un mondo pi\u00f9 solidale, giusto e pacifico\u201d (Papa Francesco).<\/p>\n<p align=\"justify\">La Pace \u00e8 una condizione sociale, relazionale e politica di armonia che deve essere perseguita costantemente, \u00e8 una condizione di benessere interna all\u2019uomo il quale per natura deve ripudiare la guerra.<\/p>\n<p align=\"justify\"><em>\u201cLa Pace \u00e8 artigianale, perch\u00e9 la costruiamo con i nostri gesti\u201d. <\/em><\/p>\n<p align=\"justify\">La Pace \u00e8 la condizione pi\u00f9 intelligente per il genere umano e per lo sviluppo sostenibile delle societ\u00e0.<\/p>\n<p align=\"justify\">La Pace \u00e8 anche Fabiha Islam, un\u2019alunna straordinaria che vive a 968 km da me e che ha realizzato con impegno e convinzione la locandina, Bianca colomba, abbinata a questo comunicato con il quale docenti e alunni vi stanno dicendo: cessate le armi!<\/p>\n<p align=\"right\"><span style=\"font-family: Times New Roman, serif;\"><span style=\"font-size: medium;\"><b>Prof.ssa Rosa Manco<\/b><\/span><\/span><\/p>\n<p align=\"right\"><span style=\"font-family: Times New Roman, serif;\"><span style=\"font-size: medium;\"><b>Segreteria Nazionale CNDDU<\/b><\/span><\/span><\/p>\n","protected":false},"excerpt":{"rendered":"<p>Il Coordinamento Nazionale dei Docenti della Disciplina dei Diritti Umani in occasione della Giornata Mondiale del vivere insieme in Pace, che si celebra il 16 maggio, intende condividere un pensiero di speranza, di progresso e di pace per un futuro&hellip;<\/p>\n","protected":false},"author":594,"featured_media":791009,"comment_status":"closed","ping_status":"closed","sticky":false,"template":"","format":"standard","meta":{"footnotes":""},"categories":[150,1263],"tags":[46852,122960,294],"class_list":["post-2400401","post","type-post","status-publish","format-standard","has-post-thumbnail","hentry","category-comunicati-stampa","category-pace-disarmo","tag-coordinamento-nazionale-dei-docenti-della-disciplina-dei-diritti-umani","tag-giornata-mondiale-del-vivere-insieme-in-pace","tag-pace"],"yoast_head":"<!-- This site is optimized with the Yoast SEO plugin v27.1.1 - https:\/\/yoast.com\/product\/yoast-seo-wordpress\/ -->\n<title>Giornata Mondiale del vivere insieme in Pace<\/title>\n<meta name=\"description\" content=\"Il Coordinamento Nazionale dei Docenti della Disciplina dei Diritti Umani in occasione della Giornata Mondiale del vivere insieme in Pace, che si celebra\" \/>\n<meta name=\"robots\" content=\"index, follow, max-snippet:-1, max-image-preview:large, max-video-preview:-1\" \/>\n<link rel=\"canonical\" href=\"https:\/\/www.pressenza.com\/it\/2024\/05\/giornata-mondiale-del-vivere-insieme-in-pace\/\" \/>\n<meta property=\"og:locale\" content=\"it_IT\" \/>\n<meta property=\"og:type\" content=\"article\" \/>\n<meta property=\"og:title\" content=\"Giornata Mondiale del vivere insieme in Pace\" \/>\n<meta property=\"og:description\" content=\"Il Coordinamento Nazionale dei Docenti della Disciplina dei Diritti Umani in occasione della Giornata Mondiale del vivere insieme in Pace, che si celebra\" \/>\n<meta property=\"og:url\" content=\"https:\/\/www.pressenza.com\/it\/2024\/05\/giornata-mondiale-del-vivere-insieme-in-pace\/\" \/>\n<meta property=\"og:site_name\" content=\"Pressenza\" \/>\n<meta property=\"article:publisher\" content=\"https:\/\/www.facebook.com\/PressenzaItalia\" \/>\n<meta property=\"article:author\" content=\"https:\/\/www.facebook.com\/PressenzaItalia\" \/>\n<meta property=\"article:published_time\" content=\"2024-05-16T19:26:25+00:00\" \/>\n<meta property=\"article:modified_time\" content=\"2024-05-16T19:27:50+00:00\" \/>\n<meta property=\"og:image\" content=\"https:\/\/www.pressenza.com\/wp-content\/uploads\/2019\/01\/colomba-della-pace-picasso-500x297-1.jpg\" \/>\n\t<meta property=\"og:image:width\" content=\"500\" \/>\n\t<meta property=\"og:image:height\" content=\"297\" \/>\n\t<meta property=\"og:image:type\" content=\"image\/jpeg\" \/>\n<meta name=\"author\" content=\"Redazione Italia\" \/>\n<meta name=\"twitter:card\" content=\"summary_large_image\" \/>\n<meta name=\"twitter:creator\" content=\"@pressenza_it\" \/>\n<meta name=\"twitter:site\" content=\"@PressenzaIPA\" \/>\n<meta name=\"twitter:label1\" content=\"Scritto da\" \/>\n\t<meta name=\"twitter:data1\" content=\"Redazione Italia\" \/>\n\t<meta name=\"twitter:label2\" content=\"Tempo di lettura stimato\" \/>\n\t<meta name=\"twitter:data2\" content=\"4 minuti\" \/>\n<script type=\"application\/ld+json\" class=\"yoast-schema-graph\">{\"@context\":\"https:\/\/schema.org\",\"@graph\":[{\"@type\":\"Article\",\"@id\":\"https:\/\/www.pressenza.com\/it\/2024\/05\/giornata-mondiale-del-vivere-insieme-in-pace\/#article\",\"isPartOf\":{\"@id\":\"https:\/\/www.pressenza.com\/it\/2024\/05\/giornata-mondiale-del-vivere-insieme-in-pace\/\"},\"author\":{\"name\":\"Redazione Italia\",\"@id\":\"https:\/\/www.pressenza.com\/it\/#\/schema\/person\/d983e81827ae24f2c7b1a2123d197f8d\"},\"headline\":\"Giornata Mondiale del vivere insieme in Pace\",\"datePublished\":\"2024-05-16T19:26:25+00:00\",\"dateModified\":\"2024-05-16T19:27:50+00:00\",\"mainEntityOfPage\":{\"@id\":\"https:\/\/www.pressenza.com\/it\/2024\/05\/giornata-mondiale-del-vivere-insieme-in-pace\/\"},\"wordCount\":745,\"publisher\":{\"@id\":\"https:\/\/www.pressenza.com\/it\/#organization\"},\"image\":{\"@id\":\"https:\/\/www.pressenza.com\/it\/2024\/05\/giornata-mondiale-del-vivere-insieme-in-pace\/#primaryimage\"},\"thumbnailUrl\":\"https:\/\/www.pressenza.com\/wp-content\/uploads\/2019\/01\/colomba-della-pace-picasso-500x297-1.jpg\",\"keywords\":[\"Coordinamento Nazionale dei Docenti della disciplina dei Diritti Umani\",\"Giornata Mondiale del vivere insieme in Pace\",\"Pace\"],\"articleSection\":[\"Comunicati Stampa\",\"Pace e Disarmo\"],\"inLanguage\":\"it-IT\"},{\"@type\":\"WebPage\",\"@id\":\"https:\/\/www.pressenza.com\/it\/2024\/05\/giornata-mondiale-del-vivere-insieme-in-pace\/\",\"url\":\"https:\/\/www.pressenza.com\/it\/2024\/05\/giornata-mondiale-del-vivere-insieme-in-pace\/\",\"name\":\"Giornata Mondiale del vivere insieme in Pace\",\"isPartOf\":{\"@id\":\"https:\/\/www.pressenza.com\/it\/#website\"},\"primaryImageOfPage\":{\"@id\":\"https:\/\/www.pressenza.com\/it\/2024\/05\/giornata-mondiale-del-vivere-insieme-in-pace\/#primaryimage\"},\"image\":{\"@id\":\"https:\/\/www.pressenza.com\/it\/2024\/05\/giornata-mondiale-del-vivere-insieme-in-pace\/#primaryimage\"},\"thumbnailUrl\":\"https:\/\/www.pressenza.com\/wp-content\/uploads\/2019\/01\/colomba-della-pace-picasso-500x297-1.jpg\",\"datePublished\":\"2024-05-16T19:26:25+00:00\",\"dateModified\":\"2024-05-16T19:27:50+00:00\",\"description\":\"Il Coordinamento Nazionale dei Docenti della Disciplina dei Diritti Umani in occasione della Giornata Mondiale del vivere insieme in Pace, che si celebra\",\"breadcrumb\":{\"@id\":\"https:\/\/www.pressenza.com\/it\/2024\/05\/giornata-mondiale-del-vivere-insieme-in-pace\/#breadcrumb\"},\"inLanguage\":\"it-IT\",\"potentialAction\":[{\"@type\":\"ReadAction\",\"target\":[\"https:\/\/www.pressenza.com\/it\/2024\/05\/giornata-mondiale-del-vivere-insieme-in-pace\/\"]}]},{\"@type\":\"ImageObject\",\"inLanguage\":\"it-IT\",\"@id\":\"https:\/\/www.pressenza.com\/it\/2024\/05\/giornata-mondiale-del-vivere-insieme-in-pace\/#primaryimage\",\"url\":\"https:\/\/www.pressenza.com\/wp-content\/uploads\/2019\/01\/colomba-della-pace-picasso-500x297-1.jpg\",\"contentUrl\":\"https:\/\/www.pressenza.com\/wp-content\/uploads\/2019\/01\/colomba-della-pace-picasso-500x297-1.jpg\",\"width\":500,\"height\":297},{\"@type\":\"BreadcrumbList\",\"@id\":\"https:\/\/www.pressenza.com\/it\/2024\/05\/giornata-mondiale-del-vivere-insieme-in-pace\/#breadcrumb\",\"itemListElement\":[{\"@type\":\"ListItem\",\"position\":1,\"name\":\"Accueil\",\"item\":\"https:\/\/www.pressenza.com\/it\/\"},{\"@type\":\"ListItem\",\"position\":2,\"name\":\"Giornata Mondiale del vivere insieme in Pace\"}]},{\"@type\":\"WebSite\",\"@id\":\"https:\/\/www.pressenza.com\/it\/#website\",\"url\":\"https:\/\/www.pressenza.com\/it\/\",\"name\":\"Pressenza\",\"description\":\"Agenzia di Stampa Internazionale\",\"publisher\":{\"@id\":\"https:\/\/www.pressenza.com\/it\/#organization\"},\"potentialAction\":[{\"@type\":\"SearchAction\",\"target\":{\"@type\":\"EntryPoint\",\"urlTemplate\":\"https:\/\/www.pressenza.com\/it\/?s={search_term_string}\"},\"query-input\":{\"@type\":\"PropertyValueSpecification\",\"valueRequired\":true,\"valueName\":\"search_term_string\"}}],\"inLanguage\":\"it-IT\"},{\"@type\":\"Organization\",\"@id\":\"https:\/\/www.pressenza.com\/it\/#organization\",\"name\":\"Pressenza\",\"url\":\"https:\/\/www.pressenza.com\/it\/\",\"logo\":{\"@type\":\"ImageObject\",\"inLanguage\":\"it-IT\",\"@id\":\"https:\/\/www.pressenza.com\/it\/#\/schema\/logo\/image\/\",\"url\":\"https:\/\/www.pressenza.com\/wp-content\/uploads\/2022\/10\/pressenza_logo_200x200.jpg\",\"contentUrl\":\"https:\/\/www.pressenza.com\/wp-content\/uploads\/2022\/10\/pressenza_logo_200x200.jpg\",\"width\":200,\"height\":200,\"caption\":\"Pressenza\"},\"image\":{\"@id\":\"https:\/\/www.pressenza.com\/it\/#\/schema\/logo\/image\/\"},\"sameAs\":[\"https:\/\/www.facebook.com\/PressenzaItalia\",\"https:\/\/x.com\/PressenzaIPA\"]},{\"@type\":\"Person\",\"@id\":\"https:\/\/www.pressenza.com\/it\/#\/schema\/person\/d983e81827ae24f2c7b1a2123d197f8d\",\"name\":\"Redazione Italia\",\"description\":\"News from the Pressenza Bureau in Italy\",\"sameAs\":[\"https:\/\/www.pressenza.com\/it\/author\/redazione-italia\/\",\"https:\/\/www.facebook.com\/PressenzaItalia\",\"https:\/\/www.instagram.com\/pressenza_italia\/\",\"https:\/\/x.com\/pressenza_it\",\"https:\/\/www.youtube.com\/channel\/UCSalEIWjE1RSxkwjfftFuqg\"],\"url\":\"https:\/\/www.pressenza.com\/it\/author\/redazione-italia\/\"}]}<\/script>\n<!-- \/ Yoast SEO plugin. -->","yoast_head_json":{"title":"Giornata Mondiale del vivere insieme in Pace","description":"Il Coordinamento Nazionale dei Docenti della Disciplina dei Diritti Umani in occasione della Giornata Mondiale del vivere insieme in Pace, che si celebra","robots":{"index":"index","follow":"follow","max-snippet":"max-snippet:-1","max-image-preview":"max-image-preview:large","max-video-preview":"max-video-preview:-1"},"canonical":"https:\/\/www.pressenza.com\/it\/2024\/05\/giornata-mondiale-del-vivere-insieme-in-pace\/","og_locale":"it_IT","og_type":"article","og_title":"Giornata Mondiale del vivere insieme in Pace","og_description":"Il Coordinamento Nazionale dei Docenti della Disciplina dei Diritti Umani in occasione della Giornata Mondiale del vivere insieme in Pace, che si celebra","og_url":"https:\/\/www.pressenza.com\/it\/2024\/05\/giornata-mondiale-del-vivere-insieme-in-pace\/","og_site_name":"Pressenza","article_publisher":"https:\/\/www.facebook.com\/PressenzaItalia","article_author":"https:\/\/www.facebook.com\/PressenzaItalia","article_published_time":"2024-05-16T19:26:25+00:00","article_modified_time":"2024-05-16T19:27:50+00:00","og_image":[{"width":500,"height":297,"url":"https:\/\/www.pressenza.com\/wp-content\/uploads\/2019\/01\/colomba-della-pace-picasso-500x297-1.jpg","type":"image\/jpeg"}],"author":"Redazione Italia","twitter_card":"summary_large_image","twitter_creator":"@pressenza_it","twitter_site":"@PressenzaIPA","twitter_misc":{"Scritto da":"Redazione Italia","Tempo di lettura stimato":"4 minuti"},"schema":{"@context":"https:\/\/schema.org","@graph":[{"@type":"Article","@id":"https:\/\/www.pressenza.com\/it\/2024\/05\/giornata-mondiale-del-vivere-insieme-in-pace\/#article","isPartOf":{"@id":"https:\/\/www.pressenza.com\/it\/2024\/05\/giornata-mondiale-del-vivere-insieme-in-pace\/"},"author":{"name":"Redazione Italia","@id":"https:\/\/www.pressenza.com\/it\/#\/schema\/person\/d983e81827ae24f2c7b1a2123d197f8d"},"headline":"Giornata Mondiale del vivere insieme in Pace","datePublished":"2024-05-16T19:26:25+00:00","dateModified":"2024-05-16T19:27:50+00:00","mainEntityOfPage":{"@id":"https:\/\/www.pressenza.com\/it\/2024\/05\/giornata-mondiale-del-vivere-insieme-in-pace\/"},"wordCount":745,"publisher":{"@id":"https:\/\/www.pressenza.com\/it\/#organization"},"image":{"@id":"https:\/\/www.pressenza.com\/it\/2024\/05\/giornata-mondiale-del-vivere-insieme-in-pace\/#primaryimage"},"thumbnailUrl":"https:\/\/www.pressenza.com\/wp-content\/uploads\/2019\/01\/colomba-della-pace-picasso-500x297-1.jpg","keywords":["Coordinamento Nazionale dei Docenti della disciplina dei Diritti Umani","Giornata Mondiale del vivere insieme in Pace","Pace"],"articleSection":["Comunicati Stampa","Pace e Disarmo"],"inLanguage":"it-IT"},{"@type":"WebPage","@id":"https:\/\/www.pressenza.com\/it\/2024\/05\/giornata-mondiale-del-vivere-insieme-in-pace\/","url":"https:\/\/www.pressenza.com\/it\/2024\/05\/giornata-mondiale-del-vivere-insieme-in-pace\/","name":"Giornata Mondiale del vivere insieme in Pace","isPartOf":{"@id":"https:\/\/www.pressenza.com\/it\/#website"},"primaryImageOfPage":{"@id":"https:\/\/www.pressenza.com\/it\/2024\/05\/giornata-mondiale-del-vivere-insieme-in-pace\/#primaryimage"},"image":{"@id":"https:\/\/www.pressenza.com\/it\/2024\/05\/giornata-mondiale-del-vivere-insieme-in-pace\/#primaryimage"},"thumbnailUrl":"https:\/\/www.pressenza.com\/wp-content\/uploads\/2019\/01\/colomba-della-pace-picasso-500x297-1.jpg","datePublished":"2024-05-16T19:26:25+00:00","dateModified":"2024-05-16T19:27:50+00:00","description":"Il Coordinamento Nazionale dei Docenti della Disciplina dei Diritti Umani in occasione della Giornata Mondiale del vivere insieme in Pace, che si celebra","breadcrumb":{"@id":"https:\/\/www.pressenza.com\/it\/2024\/05\/giornata-mondiale-del-vivere-insieme-in-pace\/#breadcrumb"},"inLanguage":"it-IT","potentialAction":[{"@type":"ReadAction","target":["https:\/\/www.pressenza.com\/it\/2024\/05\/giornata-mondiale-del-vivere-insieme-in-pace\/"]}]},{"@type":"ImageObject","inLanguage":"it-IT","@id":"https:\/\/www.pressenza.com\/it\/2024\/05\/giornata-mondiale-del-vivere-insieme-in-pace\/#primaryimage","url":"https:\/\/www.pressenza.com\/wp-content\/uploads\/2019\/01\/colomba-della-pace-picasso-500x297-1.jpg","contentUrl":"https:\/\/www.pressenza.com\/wp-content\/uploads\/2019\/01\/colomba-della-pace-picasso-500x297-1.jpg","width":500,"height":297},{"@type":"BreadcrumbList","@id":"https:\/\/www.pressenza.com\/it\/2024\/05\/giornata-mondiale-del-vivere-insieme-in-pace\/#breadcrumb","itemListElement":[{"@type":"ListItem","position":1,"name":"Accueil","item":"https:\/\/www.pressenza.com\/it\/"},{"@type":"ListItem","position":2,"name":"Giornata Mondiale del vivere insieme in Pace"}]},{"@type":"WebSite","@id":"https:\/\/www.pressenza.com\/it\/#website","url":"https:\/\/www.pressenza.com\/it\/","name":"Pressenza","description":"Agenzia di Stampa Internazionale","publisher":{"@id":"https:\/\/www.pressenza.com\/it\/#organization"},"potentialAction":[{"@type":"SearchAction","target":{"@type":"EntryPoint","urlTemplate":"https:\/\/www.pressenza.com\/it\/?s={search_term_string}"},"query-input":{"@type":"PropertyValueSpecification","valueRequired":true,"valueName":"search_term_string"}}],"inLanguage":"it-IT"},{"@type":"Organization","@id":"https:\/\/www.pressenza.com\/it\/#organization","name":"Pressenza","url":"https:\/\/www.pressenza.com\/it\/","logo":{"@type":"ImageObject","inLanguage":"it-IT","@id":"https:\/\/www.pressenza.com\/it\/#\/schema\/logo\/image\/","url":"https:\/\/www.pressenza.com\/wp-content\/uploads\/2022\/10\/pressenza_logo_200x200.jpg","contentUrl":"https:\/\/www.pressenza.com\/wp-content\/uploads\/2022\/10\/pressenza_logo_200x200.jpg","width":200,"height":200,"caption":"Pressenza"},"image":{"@id":"https:\/\/www.pressenza.com\/it\/#\/schema\/logo\/image\/"},"sameAs":["https:\/\/www.facebook.com\/PressenzaItalia","https:\/\/x.com\/PressenzaIPA"]},{"@type":"Person","@id":"https:\/\/www.pressenza.com\/it\/#\/schema\/person\/d983e81827ae24f2c7b1a2123d197f8d","name":"Redazione Italia","description":"News from the Pressenza Bureau in Italy","sameAs":["https:\/\/www.pressenza.com\/it\/author\/redazione-italia\/","https:\/\/www.facebook.com\/PressenzaItalia","https:\/\/www.instagram.com\/pressenza_italia\/","https:\/\/x.com\/pressenza_it","https:\/\/www.youtube.com\/channel\/UCSalEIWjE1RSxkwjfftFuqg"],"url":"https:\/\/www.pressenza.com\/it\/author\/redazione-italia\/"}]}},"place":"","original_article_url":"","_links":{"self":[{"href":"https:\/\/www.pressenza.com\/it\/wp-json\/wp\/v2\/posts\/2400401","targetHints":{"allow":["GET"]}}],"collection":[{"href":"https:\/\/www.pressenza.com\/it\/wp-json\/wp\/v2\/posts"}],"about":[{"href":"https:\/\/www.pressenza.com\/it\/wp-json\/wp\/v2\/types\/post"}],"author":[{"embeddable":true,"href":"https:\/\/www.pressenza.com\/it\/wp-json\/wp\/v2\/users\/594"}],"replies":[{"embeddable":true,"href":"https:\/\/www.pressenza.com\/it\/wp-json\/wp\/v2\/comments?post=2400401"}],"version-history":[{"count":0,"href":"https:\/\/www.pressenza.com\/it\/wp-json\/wp\/v2\/posts\/2400401\/revisions"}],"wp:featuredmedia":[{"embeddable":true,"href":"https:\/\/www.pressenza.com\/it\/wp-json\/wp\/v2\/media\/791009"}],"wp:attachment":[{"href":"https:\/\/www.pressenza.com\/it\/wp-json\/wp\/v2\/media?parent=2400401"}],"wp:term":[{"taxonomy":"category","embeddable":true,"href":"https:\/\/www.pressenza.com\/it\/wp-json\/wp\/v2\/categories?post=2400401"},{"taxonomy":"post_tag","embeddable":true,"href":"https:\/\/www.pressenza.com\/it\/wp-json\/wp\/v2\/tags?post=2400401"}],"curies":[{"name":"wp","href":"https:\/\/api.w.org\/{rel}","templated":true}]}}