{"id":239624,"date":"2015-10-28T19:51:49","date_gmt":"2015-10-28T19:51:49","guid":{"rendered":"http:\/\/www.pressenza.com\/it\/?p=239624"},"modified":"2015-10-29T00:29:37","modified_gmt":"2015-10-29T00:29:37","slug":"lutopia-per-mettersi-in-cammino-dario-lo-scalzo","status":"publish","type":"post","link":"https:\/\/www.pressenza.com\/it\/2015\/10\/lutopia-per-mettersi-in-cammino-dario-lo-scalzo\/","title":{"rendered":"L&#8217;utopia per mettersi in cammino: Dario Lo Scalzo"},"content":{"rendered":"<p style=\"text-align: justify;\"><strong><em>\u00a0Una bellissima intervista con l&#8217;attivista dell&#8217;attivismo come lo definiscono in molti Dario Lo Scalzo, anche poeta. Abbiamo parlato di umanesimo, cosmopolitismo e del cammino verso l&#8217;utopia della pace che si sposta sempre e rimane sempre irragiungibile, ma ci fa camminare, rimanere in azione. Vorrei ringraziare Dario di cuore per il suo contributo. <\/em><\/strong><strong><em>Giornalista, scrittore e videomaker. Ha un background professionale nel mondo bancario, del microcredito e dell&#8217;organizzazione aziendale e da anni si occupa principalmente di Diritti Umani e Nonviolenza. Promotore e realizzatore di vari progetti umanitari in America Latina e Sudamerica. Ha scritto per Terranauta e per Il Cambiamento (editorialista e ideatore della rubrica &#8220;Storie Invisibili&#8221;) e ha anche collaborato con altre testate on-line (Girodivite) e cartacee (Left Avvenimenti, Il Clandestino con permesso di soggiorno). Attualmente fa parte della redazione italiana di Pressenza. <\/em> <\/strong><\/p>\n<p style=\"text-align: justify;\"><strong>Che cosa significano per te umanesimo e cosmopolitismo e come viverli per testimoniarli al mondo?<\/strong><\/p>\n<p style=\"text-align: justify;\">L\u2019umanesimo \u00e8 la testimonianza della valorizzazione della dignit\u00e0 umana. E\u2019 l\u2019identikit dell\u2019inclusione, \u00e8 l\u2019inizio della trasfigurazione dell\u2019umanit\u00e0. E\u2019 tutto ci\u00f2 che comporta intrinsecamente il rispetto, il rispetto a 360\u00b0 e per questo motivo l\u2019umanesimo non deve intendersi esclusivamente come centralit\u00e0 dell\u2019essere umano ma anche di tutti gli esseri viventi e della materia intorno a noi. Il cosmopolitismo l\u2019associo al concetto di Madre Terra o Terra Madre che \u00e8 essenziale nella mia visione di approcciare il mondo e l\u2019esistenza. Di conseguenza, se la Terra \u00e8 nostra madre siamo tutti figli di questa terra e quindi dovremmo considerarci pi\u00f9 semplicemente abitanti\/ospiti del pianeta, il resto \u00e8 convenzione, frontiera, limite, burocrazia. Non ho indicazioni da offrire su come vivere e testimoniare l\u2019umanesimo e il cosmopolitismo perch\u00e9, dal un lato, credo fortemente nelle potenzialit\u00e0 di ogni essere umano e nella sua capacit\u00e0 di trovare il proprio percorso esistenziale e, dall\u2019altro, perch\u00e9 non ho alcun requisito n\u00e9 alcuna particolare condizione che mi possano portare a dare un indirizzo, o consigliare o guidare gli altri. Posso solamente raccontare come li vivo personalmente e cio\u00e8 attraverso la continua e inarrestabile scoperta della Bellezza del mondo accompagnata da tanta energia positiva e dalla forza del sorriso.<\/p>\n<p style=\"text-align: justify;\"><strong>Vieni definito un attivista dell\u2019attivismo\u2026 che cosa significa per te attivismo e quali sono i temi principali in cui credi e di cui ti occupi?<\/strong><\/p>\n<p style=\"text-align: justify;\">Attivista dell\u2019attivismo \u00e8 essere nell\u2019azione e nella concretezza. E\u2019 non fermarsi al sapere ma \u00e8 fare ci\u00f2 che si sa. Viviamo un\u2019epoca particolare in cui il tempo per le parole \u00e8 scaduto e si \u00e8 aperto quello dell\u2019agire.<br \/>\nSeguo la luce dell\u2019amore per gli esseri viventi e per ci\u00f2 che mi circonda; le attivit\u00e0 sulle quali m\u2019investo sono quelle che entrano nel cono di quella luce. Pi\u00f9 specificamente mi occupo di diritti umani, di sociale e solidariet\u00e0, di ambiente, di veganesimo, di nonviolenza cercando di esprimermi attraverso tutto ci\u00f2 che ruota intorno alla scrittura (racconti, poesia, romanzi, musica, sceneggiature, giornalismo) ma anche attraverso l&#8217;immagine (video, reportage).<\/p>\n<p style=\"text-align: justify;\"><strong>Raccontaci della tua poesia, dell\u2019importanza della poesia e facci qualche esempio di temi che hai trattato nelle tue poesie.<\/strong><\/p>\n<p style=\"text-align: justify;\">La poesia \u00e8 lo spazio di libert\u00e0 vera di ogni persona e in ogni persona. E\u2019 natura, \u00e8 l\u2019oltre dentro noi stessi; a volte \u00e8 un salvagente, altre la via di fuga e altre l\u2019ancora di salvezza o di certezza irrazionale. E\u2019 sospensione, \u00e8 qui e non qui, l\u2019essere e il non essere. Le mie poesie? Le leggo di tanto in tanto scoprendole cos\u00ec come fa un lettore esterno perch\u00e9, proprio per quello che affermavo in precedenza, probabilmente sono la voce di un altro me o di tanti altri. Leggendole e penetrando in esse riscopro di avere parlato di diritti, di socialit\u00e0, di condizioni dell\u2019essere, della musica del vivere e di altro che sta a voi scoprire. In qualsiasi poesia c\u2019\u00e8 un pezzo di ognuno di noi.<\/p>\n<p style=\"text-align: justify;\"><strong>Come ritrovare nella vita personale e nella vita sociale il superamento delle paure e la via verso la pace interiore?<\/strong><\/p>\n<p style=\"text-align: justify;\">Una domanda alla quale \u00e8 complicato rispondere. Non posso proporre soluzioni magiche n\u00e9 scientifiche ovviamente. La paura \u00e8 intrinseca nell\u2019essere umano, \u00e8 quasi onnipresente in noi come il respiro e d\u2019altro canto la pace interiore \u00e8 forse un concetto troppo soggettivo per indicarne delle vie universali, quantomeno nella vita terrena. Personalmente i miei due enormi sostegni sono la gratitudine e l\u2019amore incondizionato. Ho acquisito la consapevolezza della gratitudine e ne ho compreso (da cum-prehendere) la sua profondit\u00e0; una profondit\u00e0 semplice che sorge dal fatto, dato per scontato, che viviamo, che abbiamo il diritto e la fortuna di vivere, di aprire gli occhi al mondo giorno dopo giorno per respirarne l\u2019essenza e la sua Bellezza. Pian pianino ho imparato a oltrepassare le differenti forme di paura, quelle che ci incatenano alle sovrastrutture create ad arte dalla societ\u00e0. Successivamente ho affiancato alla gratitudine il senso dell\u2019Amore, dell\u2019amore guaritore, dell\u2019amore come via, con le sue sfumature di attenzione (volgere l&#8217;animo agli altri) e i suoi colori di nonviolenza. Le paure poi sono anche la conseguenza di una visione a mio parere distorta della morte che per me \u00e8 il pi\u00f9 grande atto di perfezione della vita. Ovviamente ci\u00f2 non significa affatto che abbia superato tutte le paure n\u00e9 che sia sempre e perennemente in uno stato di pace interiore, ma il mio essere oggi, effetto di un cammino tanto lungo quanto faticoso e tortuoso, mi aiuta a raggiungere un livello di pacatezza e di intuito dell\u2019esistenza.<\/p>\n<p style=\"text-align: justify;\"><strong>Facci 3 esempi di quello che deve cambiare urgentemente in Italia.<\/strong><\/p>\n<p style=\"text-align: justify;\">Per prima cosa direi che la gente dovrebbe spegnere pi\u00f9 spesso la TV per andare a passeggiare per la natura, per i boschi, per le foreste, per i parchi, per le montagne, per le colline, per le spiagge; sostanzialmente, per re-imparare a respirare la Bellezza e alzare gli occhi al cielo, magari verso le stelle e la luna. Basterebbe perennizzare tutto ci\u00f2 per cambiare in meglio il paese e tutto quello che c\u2019\u00e8 dentro; in fondo \u00e8 qualcosa di semplice ma di molto potente, prendete il tempo di rifletterci a mente fresca e provate a sforzarvi nell\u2019immaginare cosa significherebbe, nel lungo termine, \u201cstaccare la spina\u201d. Pensante a quanti italiani illuminati in pi\u00f9 ci sarebbero, pensateci. Chiederei inoltre un sistema d\u2019informazione che informi realmente invece di lobotomizzare le menti. L\u2019informazione vera \u00e8 cruciale per la crescita e la maturazione di un paese. Oggi quello che siamo come popolo e come generazione moderna \u00e8 il frutto dell\u2019informazione che abbiamo ricevuto e che riceviamo, ri-pensateci. Per quello assicurare e consentire un\u2019informazione libera e svincolata da lobby e poteri vari aprirebbe nel tempo le porte a nuovi paradigmi e a nuove sensibilit\u00e0 sia nell\u2019ambito della societ\u00e0 civile che in quello della classe politica e dirigente. Infine, per un verso, premierei la meritocrazia in ogni campo, accertandomi preventivamente che per tutti si possano creare opportunit\u00e0 e condizioni di equit\u00e0, e per l\u2019altro, investirei nell\u2019inclusione sociale.<\/p>\n<p style=\"text-align: justify;\">Detto questo, \u00e8 bene sapere che c\u2019\u00e8 un\u2019Italia diciamo 2.0, un\u2019Italia che cambia, che crea incessantemente realt\u00e0 positive concrete, fattive, di campo, che crea autonomamente e parallelamente vite e maniere di vivere alternative. C\u2019\u00e8 un\u2019Italia, forse scomoda, per l\u2019appunto trascurata dai media mainstream, che cresce silenziosamente e pazientemente, che semina genialit\u00e0 e spirito d\u2019iniziativa comunitario in controtendenza con il resto di paese. C\u2019\u00e8 quest\u2019Italia che comincia a divenire massa critica e che sviluppa una cultura del mondo differente. E infine ci sono pur sempre due grandi pilastri che da decenni reggono il Belpaese, spesso unici garanti dello stato di diritto: l\u2019associazionismo e il volontariato.<\/p>\n<p style=\"text-align: justify;\"><strong>NO NATO, NO GUERRA per te che significa. Perch\u00e9 vale la pena che i piccoli come noi lottino contro le potenze mondiali?<\/strong><\/p>\n<p style=\"text-align: justify;\">Significa rifiutare ogni forma di violenza, di sopruso, d\u2019invasione e di aggressione delle persone, degli esseri viventi e dell\u2019ambiente. Significa pretendere il diritto alla vita, il rispetto dei diritti umani e della dignit\u00e0 della persona. L\u2019uomo \u00e8 l\u2019animale pi\u00f9 feroce del pianeta ed \u00e8 l\u2019unico che uccide deliberatamente e ingiustificatamente altri suoi simili. Significa pi\u00f9 concretamente dire no alle spese folli e incontrollate per la Difesa, mentre si spremono le popolazioni con piani di austerit\u00e0 e di abbrutimento sociale. Significa questo e tanto altro, significare alzare la testa e non accettare lo stato di fatto, significa non fare parte degli indifferenti o degli scettici che magari si lamentano e delegano agli altri, nelle migliori delle ipotesi, o che addirittura depositano in frigo la propria capacit\u00e0 intellettiva.<\/p>\n<p style=\"text-align: justify;\">Da anni ormai sono convinto che tanti \u201cmicro\u201d a lungo termine possono impattare il macro. In breve, tante piccole azioni lentamente, prima o poi, devono finire con modificare il sistema o il modello sociale. Magari non faremo in tempo a vederlo in questa vita, ma vale la pena esserci. Io credo in questo a tal punto che ne faccio una delle mie missioni di vita. Di conseguenza, a mio avviso, le lotte silenziose, oscurate e trascurate delle minoranze sono importanti per creare una coscienza differente, per informare, per sviluppare nuove identit\u00e0 e sensibilizzazioni. Occorre crederci e proseguire mettendo una bella dose di vibrazioni energetiche positive per seminare nuovi alberi di ulivo.<\/p>\n<p style=\"text-align: justify;\">Sar\u00f2 ripetitivo ma l\u2019<em>Utopia<\/em> di Eduardo Galeano \u00e8 un pensiero che leggo e rileggo spesso e al quale sono molto grato:<\/p>\n<p style=\"text-align: justify;\"><em>\u201cLei \u00e8 all&#8217;orizzonte. Mi avvicino di due passi, lei si allontana di due passi. Cammino per dieci passi e l&#8217;orizzonte si sposta di dieci passi pi\u00f9 in l\u00e0. Per quanto io cammini, non la raggiunger\u00f2 mai. A cosa serve l&#8217;utopia? Serve proprio a questo: a camminare. (Eduardo Galeano)<\/em><\/p>\n","protected":false},"excerpt":{"rendered":"<p>\u00a0Una bellissima intervista con l&#8217;attivista dell&#8217;attivismo come lo definiscono in molti Dario Lo Scalzo, anche poeta. Abbiamo parlato di umanesimo, cosmopolitismo e del cammino verso l&#8217;utopia della pace che si sposta sempre e rimane sempre irragiungibile, ma ci fa camminare,&hellip;<\/p>\n","protected":false},"author":1149,"featured_media":240590,"comment_status":"closed","ping_status":"open","sticky":false,"template":"","format":"standard","meta":{"footnotes":""},"categories":[56,1260],"tags":[4380,21244,19692,5390,12793,2792],"class_list":["post-239624","post","type-post","status-publish","format-standard","has-post-thumbnail","hentry","category-cultura","category-umanesimo-spiritualita","tag-attivismo","tag-dario-lo-scalzo","tag-no-nato","tag-poesia-it","tag-promosaik","tag-umanesimo"],"yoast_head":"<!-- This site is optimized with the Yoast SEO plugin v27.1.1 - https:\/\/yoast.com\/product\/yoast-seo-wordpress\/ -->\n<title>L&#039;utopia per mettersi in cammino: Dario Lo Scalzo<\/title>\n<meta name=\"description\" content=\"\u00a0Una bellissima intervista con l&#039;attivista dell&#039;attivismo come lo definiscono in molti Dario Lo Scalzo, anche poeta. Abbiamo parlato di umanesimo,\" \/>\n<meta name=\"robots\" content=\"index, follow, max-snippet:-1, max-image-preview:large, max-video-preview:-1\" \/>\n<link rel=\"canonical\" href=\"https:\/\/www.pressenza.com\/it\/2015\/10\/lutopia-per-mettersi-in-cammino-dario-lo-scalzo\/\" \/>\n<meta property=\"og:locale\" content=\"it_IT\" \/>\n<meta property=\"og:type\" content=\"article\" \/>\n<meta property=\"og:title\" content=\"L&#039;utopia per mettersi in cammino: Dario Lo Scalzo\" \/>\n<meta property=\"og:description\" content=\"\u00a0Una bellissima intervista con l&#039;attivista dell&#039;attivismo come lo definiscono in molti Dario Lo Scalzo, anche poeta. Abbiamo parlato di umanesimo,\" \/>\n<meta property=\"og:url\" content=\"https:\/\/www.pressenza.com\/it\/2015\/10\/lutopia-per-mettersi-in-cammino-dario-lo-scalzo\/\" \/>\n<meta property=\"og:site_name\" content=\"Pressenza\" \/>\n<meta property=\"article:publisher\" content=\"https:\/\/www.facebook.com\/PressenzaItalia\" \/>\n<meta property=\"article:published_time\" content=\"2015-10-28T19:51:49+00:00\" \/>\n<meta property=\"article:modified_time\" content=\"2015-10-29T00:29:37+00:00\" \/>\n<meta property=\"og:image\" content=\"https:\/\/www.pressenza.com\/wp-content\/uploads\/2015\/10\/Dario-sans-veste.jpg\" \/>\n\t<meta property=\"og:image:width\" content=\"2592\" \/>\n\t<meta property=\"og:image:height\" content=\"1728\" \/>\n\t<meta property=\"og:image:type\" content=\"image\/jpeg\" \/>\n<meta name=\"author\" content=\"Milena Rampoldi\" \/>\n<meta name=\"twitter:card\" content=\"summary_large_image\" \/>\n<meta name=\"twitter:creator\" content=\"@PressenzaIPA\" \/>\n<meta name=\"twitter:site\" content=\"@PressenzaIPA\" \/>\n<meta name=\"twitter:label1\" content=\"Scritto da\" \/>\n\t<meta name=\"twitter:data1\" content=\"Milena Rampoldi\" \/>\n\t<meta name=\"twitter:label2\" content=\"Tempo di lettura stimato\" \/>\n\t<meta name=\"twitter:data2\" content=\"8 minuti\" \/>\n<script type=\"application\/ld+json\" class=\"yoast-schema-graph\">{\"@context\":\"https:\/\/schema.org\",\"@graph\":[{\"@type\":\"Article\",\"@id\":\"https:\/\/www.pressenza.com\/it\/2015\/10\/lutopia-per-mettersi-in-cammino-dario-lo-scalzo\/#article\",\"isPartOf\":{\"@id\":\"https:\/\/www.pressenza.com\/it\/2015\/10\/lutopia-per-mettersi-in-cammino-dario-lo-scalzo\/\"},\"author\":{\"name\":\"Milena Rampoldi\",\"@id\":\"https:\/\/www.pressenza.com\/it\/#\/schema\/person\/1f3113f1dbef2a8376909f563854e5e5\"},\"headline\":\"L&#8217;utopia per mettersi in cammino: Dario Lo Scalzo\",\"datePublished\":\"2015-10-28T19:51:49+00:00\",\"dateModified\":\"2015-10-29T00:29:37+00:00\",\"mainEntityOfPage\":{\"@id\":\"https:\/\/www.pressenza.com\/it\/2015\/10\/lutopia-per-mettersi-in-cammino-dario-lo-scalzo\/\"},\"wordCount\":1601,\"publisher\":{\"@id\":\"https:\/\/www.pressenza.com\/it\/#organization\"},\"image\":{\"@id\":\"https:\/\/www.pressenza.com\/it\/2015\/10\/lutopia-per-mettersi-in-cammino-dario-lo-scalzo\/#primaryimage\"},\"thumbnailUrl\":\"https:\/\/www.pressenza.com\/wp-content\/uploads\/2015\/10\/Dario-sans-veste.jpg\",\"keywords\":[\"attivismo\",\"Dario Lo Scalzo\",\"NO NATO\",\"poesia\",\"Promosaik\",\"umanesimo\"],\"articleSection\":[\"Cultura e Media\",\"Umanesimo e Spiritualit\u00e0\"],\"inLanguage\":\"it-IT\"},{\"@type\":\"WebPage\",\"@id\":\"https:\/\/www.pressenza.com\/it\/2015\/10\/lutopia-per-mettersi-in-cammino-dario-lo-scalzo\/\",\"url\":\"https:\/\/www.pressenza.com\/it\/2015\/10\/lutopia-per-mettersi-in-cammino-dario-lo-scalzo\/\",\"name\":\"L'utopia per mettersi in cammino: Dario Lo Scalzo\",\"isPartOf\":{\"@id\":\"https:\/\/www.pressenza.com\/it\/#website\"},\"primaryImageOfPage\":{\"@id\":\"https:\/\/www.pressenza.com\/it\/2015\/10\/lutopia-per-mettersi-in-cammino-dario-lo-scalzo\/#primaryimage\"},\"image\":{\"@id\":\"https:\/\/www.pressenza.com\/it\/2015\/10\/lutopia-per-mettersi-in-cammino-dario-lo-scalzo\/#primaryimage\"},\"thumbnailUrl\":\"https:\/\/www.pressenza.com\/wp-content\/uploads\/2015\/10\/Dario-sans-veste.jpg\",\"datePublished\":\"2015-10-28T19:51:49+00:00\",\"dateModified\":\"2015-10-29T00:29:37+00:00\",\"description\":\"\u00a0Una bellissima intervista con l'attivista dell'attivismo come lo definiscono in molti Dario Lo Scalzo, anche poeta. Abbiamo parlato di umanesimo,\",\"breadcrumb\":{\"@id\":\"https:\/\/www.pressenza.com\/it\/2015\/10\/lutopia-per-mettersi-in-cammino-dario-lo-scalzo\/#breadcrumb\"},\"inLanguage\":\"it-IT\",\"potentialAction\":[{\"@type\":\"ReadAction\",\"target\":[\"https:\/\/www.pressenza.com\/it\/2015\/10\/lutopia-per-mettersi-in-cammino-dario-lo-scalzo\/\"]}]},{\"@type\":\"ImageObject\",\"inLanguage\":\"it-IT\",\"@id\":\"https:\/\/www.pressenza.com\/it\/2015\/10\/lutopia-per-mettersi-in-cammino-dario-lo-scalzo\/#primaryimage\",\"url\":\"https:\/\/www.pressenza.com\/wp-content\/uploads\/2015\/10\/Dario-sans-veste.jpg\",\"contentUrl\":\"https:\/\/www.pressenza.com\/wp-content\/uploads\/2015\/10\/Dario-sans-veste.jpg\",\"width\":2592,\"height\":1728},{\"@type\":\"BreadcrumbList\",\"@id\":\"https:\/\/www.pressenza.com\/it\/2015\/10\/lutopia-per-mettersi-in-cammino-dario-lo-scalzo\/#breadcrumb\",\"itemListElement\":[{\"@type\":\"ListItem\",\"position\":1,\"name\":\"Accueil\",\"item\":\"https:\/\/www.pressenza.com\/it\/\"},{\"@type\":\"ListItem\",\"position\":2,\"name\":\"L&#8217;utopia per mettersi in cammino: Dario Lo Scalzo\"}]},{\"@type\":\"WebSite\",\"@id\":\"https:\/\/www.pressenza.com\/it\/#website\",\"url\":\"https:\/\/www.pressenza.com\/it\/\",\"name\":\"Pressenza\",\"description\":\"Agenzia di Stampa Internazionale\",\"publisher\":{\"@id\":\"https:\/\/www.pressenza.com\/it\/#organization\"},\"potentialAction\":[{\"@type\":\"SearchAction\",\"target\":{\"@type\":\"EntryPoint\",\"urlTemplate\":\"https:\/\/www.pressenza.com\/it\/?s={search_term_string}\"},\"query-input\":{\"@type\":\"PropertyValueSpecification\",\"valueRequired\":true,\"valueName\":\"search_term_string\"}}],\"inLanguage\":\"it-IT\"},{\"@type\":\"Organization\",\"@id\":\"https:\/\/www.pressenza.com\/it\/#organization\",\"name\":\"Pressenza\",\"url\":\"https:\/\/www.pressenza.com\/it\/\",\"logo\":{\"@type\":\"ImageObject\",\"inLanguage\":\"it-IT\",\"@id\":\"https:\/\/www.pressenza.com\/it\/#\/schema\/logo\/image\/\",\"url\":\"https:\/\/www.pressenza.com\/wp-content\/uploads\/2022\/10\/pressenza_logo_200x200.jpg\",\"contentUrl\":\"https:\/\/www.pressenza.com\/wp-content\/uploads\/2022\/10\/pressenza_logo_200x200.jpg\",\"width\":200,\"height\":200,\"caption\":\"Pressenza\"},\"image\":{\"@id\":\"https:\/\/www.pressenza.com\/it\/#\/schema\/logo\/image\/\"},\"sameAs\":[\"https:\/\/www.facebook.com\/PressenzaItalia\",\"https:\/\/x.com\/PressenzaIPA\"]},{\"@type\":\"Person\",\"@id\":\"https:\/\/www.pressenza.com\/it\/#\/schema\/person\/1f3113f1dbef2a8376909f563854e5e5\",\"name\":\"Milena Rampoldi\",\"description\":\"Milena Rampoldi \u00e8 nata a Bolzano nel 1973 e dopo i suoi studi teologici, pedagogici, filosofici e orientali in Italia ha proseguito con il dottorato di arabistica sul tema della didattica arabofona del Corano a Vienna. Insegnante di lingue e traduttrice, da anni si occupa di storia e religione islamica, di questioni politiche ed umanitarie, di femminismo e diritti umani e di storia medio-orientale ed africana. Tra le varie pubblicazioni, soprattutto in lingua tedesca, figurano i testi italiani sui Corsari del Mediterraneo e sul filosofo Ren\u00e9 Gu\u00e9non. E' promotrice dell'Associazione per il dialogo interculturale e interreligioso Promosaik www.promosaik.com\",\"url\":\"https:\/\/www.pressenza.com\/it\/author\/milena-rampoldi\/\"}]}<\/script>\n<!-- \/ Yoast SEO plugin. -->","yoast_head_json":{"title":"L'utopia per mettersi in cammino: Dario Lo Scalzo","description":"\u00a0Una bellissima intervista con l'attivista dell'attivismo come lo definiscono in molti Dario Lo Scalzo, anche poeta. Abbiamo parlato di umanesimo,","robots":{"index":"index","follow":"follow","max-snippet":"max-snippet:-1","max-image-preview":"max-image-preview:large","max-video-preview":"max-video-preview:-1"},"canonical":"https:\/\/www.pressenza.com\/it\/2015\/10\/lutopia-per-mettersi-in-cammino-dario-lo-scalzo\/","og_locale":"it_IT","og_type":"article","og_title":"L'utopia per mettersi in cammino: Dario Lo Scalzo","og_description":"\u00a0Una bellissima intervista con l'attivista dell'attivismo come lo definiscono in molti Dario Lo Scalzo, anche poeta. Abbiamo parlato di umanesimo,","og_url":"https:\/\/www.pressenza.com\/it\/2015\/10\/lutopia-per-mettersi-in-cammino-dario-lo-scalzo\/","og_site_name":"Pressenza","article_publisher":"https:\/\/www.facebook.com\/PressenzaItalia","article_published_time":"2015-10-28T19:51:49+00:00","article_modified_time":"2015-10-29T00:29:37+00:00","og_image":[{"width":2592,"height":1728,"url":"https:\/\/www.pressenza.com\/wp-content\/uploads\/2015\/10\/Dario-sans-veste.jpg","type":"image\/jpeg"}],"author":"Milena Rampoldi","twitter_card":"summary_large_image","twitter_creator":"@PressenzaIPA","twitter_site":"@PressenzaIPA","twitter_misc":{"Scritto da":"Milena Rampoldi","Tempo di lettura stimato":"8 minuti"},"schema":{"@context":"https:\/\/schema.org","@graph":[{"@type":"Article","@id":"https:\/\/www.pressenza.com\/it\/2015\/10\/lutopia-per-mettersi-in-cammino-dario-lo-scalzo\/#article","isPartOf":{"@id":"https:\/\/www.pressenza.com\/it\/2015\/10\/lutopia-per-mettersi-in-cammino-dario-lo-scalzo\/"},"author":{"name":"Milena Rampoldi","@id":"https:\/\/www.pressenza.com\/it\/#\/schema\/person\/1f3113f1dbef2a8376909f563854e5e5"},"headline":"L&#8217;utopia per mettersi in cammino: Dario Lo Scalzo","datePublished":"2015-10-28T19:51:49+00:00","dateModified":"2015-10-29T00:29:37+00:00","mainEntityOfPage":{"@id":"https:\/\/www.pressenza.com\/it\/2015\/10\/lutopia-per-mettersi-in-cammino-dario-lo-scalzo\/"},"wordCount":1601,"publisher":{"@id":"https:\/\/www.pressenza.com\/it\/#organization"},"image":{"@id":"https:\/\/www.pressenza.com\/it\/2015\/10\/lutopia-per-mettersi-in-cammino-dario-lo-scalzo\/#primaryimage"},"thumbnailUrl":"https:\/\/www.pressenza.com\/wp-content\/uploads\/2015\/10\/Dario-sans-veste.jpg","keywords":["attivismo","Dario Lo Scalzo","NO NATO","poesia","Promosaik","umanesimo"],"articleSection":["Cultura e Media","Umanesimo e Spiritualit\u00e0"],"inLanguage":"it-IT"},{"@type":"WebPage","@id":"https:\/\/www.pressenza.com\/it\/2015\/10\/lutopia-per-mettersi-in-cammino-dario-lo-scalzo\/","url":"https:\/\/www.pressenza.com\/it\/2015\/10\/lutopia-per-mettersi-in-cammino-dario-lo-scalzo\/","name":"L'utopia per mettersi in cammino: Dario Lo Scalzo","isPartOf":{"@id":"https:\/\/www.pressenza.com\/it\/#website"},"primaryImageOfPage":{"@id":"https:\/\/www.pressenza.com\/it\/2015\/10\/lutopia-per-mettersi-in-cammino-dario-lo-scalzo\/#primaryimage"},"image":{"@id":"https:\/\/www.pressenza.com\/it\/2015\/10\/lutopia-per-mettersi-in-cammino-dario-lo-scalzo\/#primaryimage"},"thumbnailUrl":"https:\/\/www.pressenza.com\/wp-content\/uploads\/2015\/10\/Dario-sans-veste.jpg","datePublished":"2015-10-28T19:51:49+00:00","dateModified":"2015-10-29T00:29:37+00:00","description":"\u00a0Una bellissima intervista con l'attivista dell'attivismo come lo definiscono in molti Dario Lo Scalzo, anche poeta. Abbiamo parlato di umanesimo,","breadcrumb":{"@id":"https:\/\/www.pressenza.com\/it\/2015\/10\/lutopia-per-mettersi-in-cammino-dario-lo-scalzo\/#breadcrumb"},"inLanguage":"it-IT","potentialAction":[{"@type":"ReadAction","target":["https:\/\/www.pressenza.com\/it\/2015\/10\/lutopia-per-mettersi-in-cammino-dario-lo-scalzo\/"]}]},{"@type":"ImageObject","inLanguage":"it-IT","@id":"https:\/\/www.pressenza.com\/it\/2015\/10\/lutopia-per-mettersi-in-cammino-dario-lo-scalzo\/#primaryimage","url":"https:\/\/www.pressenza.com\/wp-content\/uploads\/2015\/10\/Dario-sans-veste.jpg","contentUrl":"https:\/\/www.pressenza.com\/wp-content\/uploads\/2015\/10\/Dario-sans-veste.jpg","width":2592,"height":1728},{"@type":"BreadcrumbList","@id":"https:\/\/www.pressenza.com\/it\/2015\/10\/lutopia-per-mettersi-in-cammino-dario-lo-scalzo\/#breadcrumb","itemListElement":[{"@type":"ListItem","position":1,"name":"Accueil","item":"https:\/\/www.pressenza.com\/it\/"},{"@type":"ListItem","position":2,"name":"L&#8217;utopia per mettersi in cammino: Dario Lo Scalzo"}]},{"@type":"WebSite","@id":"https:\/\/www.pressenza.com\/it\/#website","url":"https:\/\/www.pressenza.com\/it\/","name":"Pressenza","description":"Agenzia di Stampa Internazionale","publisher":{"@id":"https:\/\/www.pressenza.com\/it\/#organization"},"potentialAction":[{"@type":"SearchAction","target":{"@type":"EntryPoint","urlTemplate":"https:\/\/www.pressenza.com\/it\/?s={search_term_string}"},"query-input":{"@type":"PropertyValueSpecification","valueRequired":true,"valueName":"search_term_string"}}],"inLanguage":"it-IT"},{"@type":"Organization","@id":"https:\/\/www.pressenza.com\/it\/#organization","name":"Pressenza","url":"https:\/\/www.pressenza.com\/it\/","logo":{"@type":"ImageObject","inLanguage":"it-IT","@id":"https:\/\/www.pressenza.com\/it\/#\/schema\/logo\/image\/","url":"https:\/\/www.pressenza.com\/wp-content\/uploads\/2022\/10\/pressenza_logo_200x200.jpg","contentUrl":"https:\/\/www.pressenza.com\/wp-content\/uploads\/2022\/10\/pressenza_logo_200x200.jpg","width":200,"height":200,"caption":"Pressenza"},"image":{"@id":"https:\/\/www.pressenza.com\/it\/#\/schema\/logo\/image\/"},"sameAs":["https:\/\/www.facebook.com\/PressenzaItalia","https:\/\/x.com\/PressenzaIPA"]},{"@type":"Person","@id":"https:\/\/www.pressenza.com\/it\/#\/schema\/person\/1f3113f1dbef2a8376909f563854e5e5","name":"Milena Rampoldi","description":"Milena Rampoldi \u00e8 nata a Bolzano nel 1973 e dopo i suoi studi teologici, pedagogici, filosofici e orientali in Italia ha proseguito con il dottorato di arabistica sul tema della didattica arabofona del Corano a Vienna. Insegnante di lingue e traduttrice, da anni si occupa di storia e religione islamica, di questioni politiche ed umanitarie, di femminismo e diritti umani e di storia medio-orientale ed africana. Tra le varie pubblicazioni, soprattutto in lingua tedesca, figurano i testi italiani sui Corsari del Mediterraneo e sul filosofo Ren\u00e9 Gu\u00e9non. E' promotrice dell'Associazione per il dialogo interculturale e interreligioso Promosaik www.promosaik.com","url":"https:\/\/www.pressenza.com\/it\/author\/milena-rampoldi\/"}]}},"place":"","original_article_url":"http:\/\/www.promosaik.blogspot.de\/2015\/10\/lutopia-per-mettersi-in-cammino-dario.html#sthash.3lTI3i8K.dpuf","_links":{"self":[{"href":"https:\/\/www.pressenza.com\/it\/wp-json\/wp\/v2\/posts\/239624","targetHints":{"allow":["GET"]}}],"collection":[{"href":"https:\/\/www.pressenza.com\/it\/wp-json\/wp\/v2\/posts"}],"about":[{"href":"https:\/\/www.pressenza.com\/it\/wp-json\/wp\/v2\/types\/post"}],"author":[{"embeddable":true,"href":"https:\/\/www.pressenza.com\/it\/wp-json\/wp\/v2\/users\/1149"}],"replies":[{"embeddable":true,"href":"https:\/\/www.pressenza.com\/it\/wp-json\/wp\/v2\/comments?post=239624"}],"version-history":[{"count":0,"href":"https:\/\/www.pressenza.com\/it\/wp-json\/wp\/v2\/posts\/239624\/revisions"}],"wp:featuredmedia":[{"embeddable":true,"href":"https:\/\/www.pressenza.com\/it\/wp-json\/wp\/v2\/media\/240590"}],"wp:attachment":[{"href":"https:\/\/www.pressenza.com\/it\/wp-json\/wp\/v2\/media?parent=239624"}],"wp:term":[{"taxonomy":"category","embeddable":true,"href":"https:\/\/www.pressenza.com\/it\/wp-json\/wp\/v2\/categories?post=239624"},{"taxonomy":"post_tag","embeddable":true,"href":"https:\/\/www.pressenza.com\/it\/wp-json\/wp\/v2\/tags?post=239624"}],"curies":[{"name":"wp","href":"https:\/\/api.w.org\/{rel}","templated":true}]}}