{"id":238863,"date":"2015-10-26T19:00:27","date_gmt":"2015-10-26T19:00:27","guid":{"rendered":"http:\/\/www.pressenza.com\/it\/?p=238863"},"modified":"2015-10-26T19:01:04","modified_gmt":"2015-10-26T19:01:04","slug":"aguas-de-oro-il-reportage-su-maxima-la-donna-che-ha-sconfitto-le-multinazionali","status":"publish","type":"post","link":"https:\/\/www.pressenza.com\/it\/2015\/10\/aguas-de-oro-il-reportage-su-maxima-la-donna-che-ha-sconfitto-le-multinazionali\/","title":{"rendered":"Aguas de Oro, il reportage su M\u00e1xima, la donna che ha sconfitto le multinazionali"},"content":{"rendered":"<p style=\"text-align: justify;\"><em>E&#8217; pronto il documentario che racconta la storia di Maxima Acu\u00f1a de Chaupe, la contadina peruviana che ha combattuto contro la multinazionale mineraria che voleva portarle via la terra. Il Cambiamento ha sostenuto gli autori, Simona Carnino e Luciano Gorriti Robles, che con il loro progetto si sono aggiudicati il primo premio del Dev Reporter Network promosso dal Consorzio delle Ong Piemontesi.<\/em><\/p>\n<p><iframe loading=\"lazy\" title=\"Aguas de Oro (Italiano)\" width=\"500\" height=\"281\" src=\"https:\/\/www.youtube.com\/embed\/f02LbhNniGk?start=19&#038;feature=oembed\" frameborder=\"0\" allow=\"accelerometer; autoplay; clipboard-write; encrypted-media; gyroscope; picture-in-picture; web-share\" referrerpolicy=\"strict-origin-when-cross-origin\" allowfullscreen><\/iframe><\/p>\n<p style=\"text-align: justify;\"><strong>M<\/strong><strong>axima Acu\u00f1a de Chaupe<\/strong> ha rughe profonde, una piccola statura e una volont\u00e0 granitica. Per quattro anni ha rifiutato di sottostare alle pressioni e alle azioni della multinazionale americana <strong>Yanacocha<\/strong>, che vuole acquistare e trasformare la sua terra in una miniera per l\u2019estrazione dell\u2019oro, attraverso il Progetto Conga. Di lei, e della sua battaglia umana e legale, finora vincente con la sentenza del 2014, ne abbiamo parlato gi\u00e0 in due precedenti articoli, <a href=\"http:\/\/www.ilcambiamento.it\/popoli_nativi\/lotta_multinazionali_minerie_peru.html\" target=\"_blank\"><em>Maxima ha combattuto le multinazionali minerarie e\u2026ha vinto!<\/em><\/a>, e <a href=\"http:\/\/www.ilcambiamento.it\/popoli_nativi\/reportage_oro_peru.html\" target=\"_blank\"><em>Per\u00f9: il reportage su chi si oppone alle multinazionali<\/em><\/a>. Oggi riprendiamo la storia della 44enne contadina peruviana, intervistando <strong>Simona Carnino<\/strong>, autrice del documentario <a href=\"http:\/\/www.aguasdeoro.org\/\" target=\"_blank\"><em>Aguas de Oro<\/em><\/a>, realizzato con la collaborazione, per la parte tecnica, del videomaker Luciano Gorriti Robles, e vincitore del primo premio del progetto europeo Dev Reporter Grant.<\/p>\n<p style=\"text-align: justify;\"><strong>Simona, prima di parlare di questo reportage, come sta Maxima?<\/strong><br \/>\nSono stata ospite a casa di Maxima, il 18 e il 19 luglio scorso. Ho visto una donna forte, dalle mani dure e dagli occhi dolci. E&#8217; stata molto felice di ricevere ospiti che dormissero da lei. Maxima vive in uno stato di quasi isolamento. Non ci sono altre case nel circondario e ultimamente l&#8217;azienda mineraria Yanacocha ha recintato le sue propriet\u00e0, ostruendo alcuni sentieri che Maxima utilizzava per i propri spostamenti. Lei \u00e8 continuamente osservata dagli uomini di sicurezza dell&#8217;impresa che hanno un avamposto permanente sulla collina al confine con la sua propriet\u00e0. Ogni tanto si lascia prendere dallo sconforto. Sa che Yanacocha lotter\u00e0 duramente per poter avere la sua terra e\u00a0 prova una forte ansia per il futuro. Nel presente per\u00f2 \u00e8 una persona semplice,che sa vivere il momento. Siamo riuscite anche a raccontarci episodi di vita quotidiana, davanti a un bicchiere condiviso di limoncello puro italiano.<\/p>\n<p style=\"text-align: justify;\"><strong>Oltre ad aver vinto il Dev Reporter Grant, il documentario ha ottenuto la collaborazione della ong torinese M.A.I.S. e il patrocinio di Amnesty International ed \u00e8 stato presentato in anteprima al Festival di Cinemambiente di Torino. Com&#8217;\u00e8 nata l&#8217;idea di questo reportage? Perch\u00e8 proprio il caso di Maxima?<\/strong><br \/>\nAnni fa scrivevo per un giornale locale della valle di Susa. Era una sfida per me documentare i costi umani e ambientali delle grandi opere che impattavano in quella zona. Da l\u00ec il mio interesse per la macro-tematica del consumo del territorio. Nel 2012-2013 ho vissuto in Per\u00f9 dove ho iniziato a prendere informazioni su &#8220;Conga&#8221;, il progetto di espansione di Yanacocha, la miniera d&#8217;oro pi\u00f9 grande dell&#8217;America Latina. Nei mesi successivi sono andata a Cajamarca e ho visto il tipo di repressione che il governo peruviano attuava nei confronti di chi si opponeva. Dopo il Per\u00f9 ho viaggiato per l&#8217;Europa, mantenendomi sempre informata sul tema e mi sono imbattuta nella storia di landgrabbing di cui Maxima \u00e8 vittima. L&#8217;anno scorso ho avuto la possibilit\u00e0 di partecipare a un premio giornalistico, il Dev Reporter Grant, e ho pensato che era ora di raccontare questa storia anche qui in Italia.<\/p>\n<p style=\"text-align: justify;\"><strong>Nel dicembre 2014 Maxima ha vinto la causa legale contro la multinazionale Yanacocha, che, non accettando la sentenza, \u00e8 ricorsa in Cassazione. Ci sono novit\u00e0 giudiziarie in merito?<\/strong><br \/>\nIl processo \u00e8 in corso. Dal punto di vista penale Maxima \u00e8 stata riconosciuta innocente del reato di usurpazione, ossia di appropriazione illegale di terra. Attualmente il ricorso \u00e8 amministrativo e il giudice dovr\u00e0 decidere definitivamente di chi \u00e8 la propriet\u00e0 della terra. L&#8217;azienda sostiene di aver comprato un lotto di terra di circa 250 ettari all&#8217;interno del quale ci sarebbe anche la parcella di Maxima, che per\u00f2, avendo ottenuto nel 1994 la concessione a lavorare quel campo dalla comunit\u00e0 contadina in cui \u00e8 inserita, avrebbe dovuto dare il proprio consenso per la vendita. Questo non \u00e8 mai avvenuto, per questo l&#8217;avvocata della donna, Mirtha Vasquez, sostiene che l\u2019acquisto effettuato da Yanacocha \u00e8 irregolare. Se il giudice dovesse emettere una sentenza di questo tipo, saremmo di fronte a un fatto ben documentato di landgrabbing.<\/p>\n<p style=\"text-align: justify;\"><strong>Quali sono le difficolt\u00e0 che hai incontrato nel girare il documentario?<\/strong><br \/>\nLe difficolt\u00e0 logistiche sono quelle che ti tolgono il sonno. Si ha il timore che qualche pezzo della macchina organizzativa non funzioni sul pi\u00f9 bello e tutto vada a rotoli. Un esempio per tutti: arrivo a Lima e non riesco pi\u00f9 a comunicare con Maxima in nessun modo. Mi sono chiesta: ma la vedr\u00f2 quando raggiunger\u00f2 la sua terra sulle vette andine o sar\u00e0 sparita? Poi mi sono rilassata, non ho condiviso la mia ansia con nessuno dei miei collaboratori e siamo partiti ugualmente. In fondo dove poteva essere? E infatti quel sabato mattino arrivo a casa di Maxima e la vedo sbucare con un sacco sulla schiena e da l\u00ec inizia l&#8217;avventura. Il lavoro diplomatico per poter entrare in miniera \u00e8 stato lungo e duro, ma anche in quel caso ce l&#8217;abbiamo fatta. Forse ho avuto anche un po&#8217; di fortuna. Mi sono imbattuta per caso in uno dei personaggi del video, un contadino di una comunit\u00e0 rurale contaminata da Yanacocha, e la sua storia ha dato molto spessore al video.<\/p>\n<p style=\"text-align: justify;\"><strong>Hai sub\u00ecto anche tu, come Maxima, delle pressioni da parte degli uomini di Yanacocha?<\/strong><br \/>\nNei due giorni vissuti a casa di Maxima sono stata filmata e fotografata. Anche io per\u00f2 ho filmato e fotografato gli uomini di Yanacocha. Non mi spaventa, ma mi infastidisce. E&#8217; parte del gioco. Per il resto mi sono relazionata con l&#8217;ufficio stampa e la direzione dell&#8217;impresa che\u00a0 mi hanno lasciata entrare in miniera e anche arrivare a casa di Maxima. L&#8217;unica strada percorribile dai mezzi a quattro ruote \u00e8 di propriet\u00e0 della miniera. Questo significa che in teoria si deve chiedere il permesso a un&#8217;azienda privata (cosa che io trovo inquietante) per fare visita a Maxima, proprio come se fosse in carcere. Io ho comunicato all&#8217;ufficio stampa di Yanacocha che sarei andata a casa della donna in qualsiasi modo. Alla fine mi hanno fatto passare. Domenica notte, scendendo da casa di Maxima, abbiamo dovuto attraversare 2 posti di blocco della miniera e 2 informali di briganti. Tutto bene alla fine, ma l&#8217;area alto-andina in cui si dovrebbe sviluppare il progetto Conga \u00e8 immersa in un&#8217;atmosfera violenta e di illegalit\u00e0.<\/p>\n<p style=\"text-align: justify;\"><strong>Nell&#8217;intervista di maggio, ti ponevi alcuni obiettivi: parlare del modello di sviluppo promosso dai contadini di Cajamarca; intervistare Hugo Blanco, leader della riforma agraria peruviana; e scoprire chi deve essere il destinatario ultimo dell&#8217;innovazione tecnica. Sei riuscita in tutto questo?<\/strong><br \/>\nPer Maxima, per Hugo e per numerosi esponenti della comunit\u00e0 rurale di Cajamarca l&#8217;acqua e la terra sono la base del sostentamento individuale e collettivo. La loro regione, che al momento \u00e8 la pi\u00f9 povera del Per\u00f9, ha una vocazione agricola. Cajamarca \u00e8 famosa per i prodotti caseari, la cui produzione per\u00f2 non viene sostenuta dal governo centrale. A questo si aggiunge la destrutturazione del territorio favorita da politiche estrattive che mettono in grave pericolo il settore agro-alimentare. Maxima avrebbe potuto vendere la sua terra? Forse s\u00ec, ma in cambio avrebbe dovuto spostarsi in zona urbana dove i livelli di povert\u00e0 sociale e umana sono generalmente pi\u00f9 alti che nelle zone rurali. Nonostante a casa di Maxima manchino i servizi di base, allo stesso modo che nelle periferie urbane, si pu\u00f2 per\u00f2 avere accesso alle risorse naturali, dalla terra per coltivazioni di sussistenza a sorgenti di acqua di qualit\u00e0 accettabile per il consumo umano e animale. Una libert\u00e0 di questo tipo \u00e8 impossibile in un contesto urbano.<\/p>\n<p style=\"text-align: justify;\">Hugo Blanco \u00e8 stato un grande incontro. Nel video interviene per circa un minuto, ma siamo stati insieme un intero pomeriggio&#8230;E che il destinatario ultimo dell&#8217;innovazione tecnica dovrebbe essere l&#8217;uomo nel suo essere collettivo \u00e8 chiaro a entrambi. Attualmente per\u00f2 Hugo sostiene che la scienza e la tecnica siano al servizio degli interessi economici delle grandi multinazionali. Ogni opera deve essere realizzata nel minimo tempo, basse spese e alti profitti. Il costo di questo principio si vede sulla pelle della maggioranza degli esseri umani, schiacciati da logiche che non li riguardano, e sull&#8217;ambiente che, laddove vengono realizzate miniere a cielo aperto, viene destrutturato per sempre.<\/p>\n<p style=\"text-align: justify;\"><strong>Perch\u00e8 il caso di Maxima \u00e8 cos\u00ec importante? E perch\u00e8 non c&#8217;\u00e8 interesse su questa storia da parte degli Stati nazionali e dei maggiori organi di informazione?<\/strong><br \/>\nMaxima rappresenta un precedente. Una contadina che affronta una multinazionale provando a difendere con legittimit\u00e0 un terreno in cui vive da 21 anni. Non ha paura di pretendere gli stessi diritti di una grande impresa. E&#8217; pronta a vendere tutte le sue vacche, e impoverirsi definitivamente, per poter sostenere un processo e provare, riuscendoci al momento, a vincere.<br \/>\nMaxima rappresenta una forza che viene dal basso che destabilizzerebbe una qualsiasi multinazionale che, generalmente, raggiunge i propri obiettivi attraverso contrattazione economica. Lei, sola nel suo campo, ci dice che i soldi non bastano. Lei vuole vivere l\u00ec e vuole che l&#8217;ecosistema che la circonda rimanga inalterato in nome di uno sviluppo agricolo e umano pi\u00f9 consono alle sue esigenze e a quello di tanti contadini come lei.<br \/>\nMaxima \u00e8 un soggetto scomodo e i mezzi di comunicazione nazionali, sostenuti dal governo centrale e, in alcuni casi proprio dalle grandi imprese, non hanno nessun interesse a diffondere una notizia come questa.<\/p>\n<p style=\"text-align: justify;\"><strong>E se altri contadini volessero alzare la testa e la imitassero? Cosa pensi possa succedere?<\/strong><br \/>\nLe violenze fisiche e psicologiche che subisce Maxima accendono un faro di luce oscura sulla multinazionale che da 22 anni cerca di costruire un&#8217;immagine affidabile di s\u00e8, ma che, nei fatti, rischia di essere additata dalla comunit\u00e0 internazionale come simbolo di mal gestione dei conflitti e violazione dei diritti umani.<\/p>\n<p>Trovate il reportage completo sul sito\u00a0<a href=\"http:\/\/www.aguasdeoro.org\/\" target=\"_blank\">www.aguasdeoro.org<\/a><\/p>\n","protected":false},"excerpt":{"rendered":"<p>E&#8217; pronto il documentario che racconta la storia di Maxima Acu\u00f1a de Chaupe, la contadina peruviana che ha combattuto contro la multinazionale mineraria che voleva portarle via la terra. Il Cambiamento ha sostenuto gli autori, Simona Carnino e Luciano Gorriti&hellip;<\/p>\n","protected":false},"author":665,"featured_media":238882,"comment_status":"closed","ping_status":"open","sticky":false,"template":"","format":"standard","meta":{"footnotes":""},"categories":[56,157,162,61,48],"tags":[21170,21166,21171,21169,21167,21165,10376,3770,7208,21168,21164],"class_list":["post-238863","post","type-post","status-publish","format-standard","has-post-thumbnail","hentry","category-cultura","category-interviste","category-opinioni","category-popoli-aborigeni","category-sud-america","tag-consorzio-delle-ong-piemontesi","tag-dev-reporter-grant","tag-dev-reporter-network","tag-luciano-gorriti-robles","tag-maxima-acuna-de-chaupe","tag-mirtha-vasquez","tag-multinational-corporations","tag-multinazionali","tag-peru-it","tag-simona-carnino","tag-yanacocha"],"yoast_head":"<!-- This site is optimized with the Yoast SEO plugin v27.1.1 - https:\/\/yoast.com\/product\/yoast-seo-wordpress\/ -->\n<title>Aguas de Oro, il reportage su M\u00e1xima, la donna che ha sconfitto le multinazionali<\/title>\n<meta name=\"description\" content=\"E&#039; pronto il documentario che racconta la storia di Maxima Acu\u00f1a de Chaupe, la contadina peruviana che ha combattuto contro la multinazionale mineraria\" \/>\n<meta name=\"robots\" content=\"index, follow, max-snippet:-1, max-image-preview:large, max-video-preview:-1\" \/>\n<link rel=\"canonical\" href=\"https:\/\/www.pressenza.com\/it\/2015\/10\/aguas-de-oro-il-reportage-su-maxima-la-donna-che-ha-sconfitto-le-multinazionali\/\" \/>\n<meta property=\"og:locale\" content=\"it_IT\" \/>\n<meta property=\"og:type\" content=\"article\" \/>\n<meta property=\"og:title\" content=\"Aguas de Oro, il reportage su M\u00e1xima, la donna che ha sconfitto le multinazionali\" \/>\n<meta property=\"og:description\" content=\"E&#039; pronto il documentario che racconta la storia di Maxima Acu\u00f1a de Chaupe, la contadina peruviana che ha combattuto contro la multinazionale mineraria\" \/>\n<meta property=\"og:url\" content=\"https:\/\/www.pressenza.com\/it\/2015\/10\/aguas-de-oro-il-reportage-su-maxima-la-donna-che-ha-sconfitto-le-multinazionali\/\" \/>\n<meta property=\"og:site_name\" content=\"Pressenza\" \/>\n<meta property=\"article:publisher\" content=\"https:\/\/www.facebook.com\/PressenzaItalia\" \/>\n<meta property=\"article:author\" content=\"https:\/\/www.facebook.com\/ilcambiamento.it\" \/>\n<meta property=\"article:published_time\" content=\"2015-10-26T19:00:27+00:00\" \/>\n<meta property=\"article:modified_time\" content=\"2015-10-26T19:01:04+00:00\" \/>\n<meta property=\"og:image\" content=\"https:\/\/www.pressenza.com\/wp-content\/uploads\/2015\/10\/IMG_1737.jpg\" \/>\n\t<meta property=\"og:image:width\" content=\"1024\" \/>\n\t<meta property=\"og:image:height\" content=\"683\" \/>\n\t<meta property=\"og:image:type\" content=\"image\/jpeg\" \/>\n<meta name=\"author\" content=\"Il Cambiamento\" \/>\n<meta name=\"twitter:card\" content=\"summary_large_image\" \/>\n<meta name=\"twitter:creator\" content=\"@Il_Cambiamento\" \/>\n<meta name=\"twitter:site\" content=\"@PressenzaIPA\" \/>\n<meta name=\"twitter:label1\" content=\"Scritto da\" \/>\n\t<meta name=\"twitter:data1\" content=\"Il Cambiamento\" \/>\n\t<meta name=\"twitter:label2\" content=\"Tempo di lettura stimato\" \/>\n\t<meta name=\"twitter:data2\" content=\"8 minuti\" \/>\n<script type=\"application\/ld+json\" class=\"yoast-schema-graph\">{\"@context\":\"https:\/\/schema.org\",\"@graph\":[{\"@type\":\"Article\",\"@id\":\"https:\/\/www.pressenza.com\/it\/2015\/10\/aguas-de-oro-il-reportage-su-maxima-la-donna-che-ha-sconfitto-le-multinazionali\/#article\",\"isPartOf\":{\"@id\":\"https:\/\/www.pressenza.com\/it\/2015\/10\/aguas-de-oro-il-reportage-su-maxima-la-donna-che-ha-sconfitto-le-multinazionali\/\"},\"author\":{\"name\":\"Il Cambiamento\",\"@id\":\"https:\/\/www.pressenza.com\/it\/#\/schema\/person\/39392bb9ae1201c4b749453969a04008\"},\"headline\":\"Aguas de Oro, il reportage su M\u00e1xima, la donna che ha sconfitto le multinazionali\",\"datePublished\":\"2015-10-26T19:00:27+00:00\",\"dateModified\":\"2015-10-26T19:01:04+00:00\",\"mainEntityOfPage\":{\"@id\":\"https:\/\/www.pressenza.com\/it\/2015\/10\/aguas-de-oro-il-reportage-su-maxima-la-donna-che-ha-sconfitto-le-multinazionali\/\"},\"wordCount\":1683,\"publisher\":{\"@id\":\"https:\/\/www.pressenza.com\/it\/#organization\"},\"image\":{\"@id\":\"https:\/\/www.pressenza.com\/it\/2015\/10\/aguas-de-oro-il-reportage-su-maxima-la-donna-che-ha-sconfitto-le-multinazionali\/#primaryimage\"},\"thumbnailUrl\":\"https:\/\/www.pressenza.com\/wp-content\/uploads\/2015\/10\/IMG_1737.jpg\",\"keywords\":[\"Consorzio delle Ong Piemontesi\",\"Dev Reporter Grant\",\"Dev Reporter Network\",\"Luciano Gorriti Robles\",\"Maxima Acu\u00f1a de Chaupe\",\"Mirtha Vasquez\",\"Multinational corporations\",\"multinazionali\",\"Per\u00f9\",\"Simona Carnino\",\"Yanacocha\"],\"articleSection\":[\"Cultura e Media\",\"Interviste\",\"Opinioni\",\"Popoli originari\",\"Sud America\"],\"inLanguage\":\"it-IT\"},{\"@type\":\"WebPage\",\"@id\":\"https:\/\/www.pressenza.com\/it\/2015\/10\/aguas-de-oro-il-reportage-su-maxima-la-donna-che-ha-sconfitto-le-multinazionali\/\",\"url\":\"https:\/\/www.pressenza.com\/it\/2015\/10\/aguas-de-oro-il-reportage-su-maxima-la-donna-che-ha-sconfitto-le-multinazionali\/\",\"name\":\"Aguas de Oro, il reportage su M\u00e1xima, la donna che ha sconfitto le multinazionali\",\"isPartOf\":{\"@id\":\"https:\/\/www.pressenza.com\/it\/#website\"},\"primaryImageOfPage\":{\"@id\":\"https:\/\/www.pressenza.com\/it\/2015\/10\/aguas-de-oro-il-reportage-su-maxima-la-donna-che-ha-sconfitto-le-multinazionali\/#primaryimage\"},\"image\":{\"@id\":\"https:\/\/www.pressenza.com\/it\/2015\/10\/aguas-de-oro-il-reportage-su-maxima-la-donna-che-ha-sconfitto-le-multinazionali\/#primaryimage\"},\"thumbnailUrl\":\"https:\/\/www.pressenza.com\/wp-content\/uploads\/2015\/10\/IMG_1737.jpg\",\"datePublished\":\"2015-10-26T19:00:27+00:00\",\"dateModified\":\"2015-10-26T19:01:04+00:00\",\"description\":\"E' pronto il documentario che racconta la storia di Maxima Acu\u00f1a de Chaupe, la contadina peruviana che ha combattuto contro la multinazionale mineraria\",\"breadcrumb\":{\"@id\":\"https:\/\/www.pressenza.com\/it\/2015\/10\/aguas-de-oro-il-reportage-su-maxima-la-donna-che-ha-sconfitto-le-multinazionali\/#breadcrumb\"},\"inLanguage\":\"it-IT\",\"potentialAction\":[{\"@type\":\"ReadAction\",\"target\":[\"https:\/\/www.pressenza.com\/it\/2015\/10\/aguas-de-oro-il-reportage-su-maxima-la-donna-che-ha-sconfitto-le-multinazionali\/\"]}]},{\"@type\":\"ImageObject\",\"inLanguage\":\"it-IT\",\"@id\":\"https:\/\/www.pressenza.com\/it\/2015\/10\/aguas-de-oro-il-reportage-su-maxima-la-donna-che-ha-sconfitto-le-multinazionali\/#primaryimage\",\"url\":\"https:\/\/www.pressenza.com\/wp-content\/uploads\/2015\/10\/IMG_1737.jpg\",\"contentUrl\":\"https:\/\/www.pressenza.com\/wp-content\/uploads\/2015\/10\/IMG_1737.jpg\",\"width\":1024,\"height\":683},{\"@type\":\"BreadcrumbList\",\"@id\":\"https:\/\/www.pressenza.com\/it\/2015\/10\/aguas-de-oro-il-reportage-su-maxima-la-donna-che-ha-sconfitto-le-multinazionali\/#breadcrumb\",\"itemListElement\":[{\"@type\":\"ListItem\",\"position\":1,\"name\":\"Accueil\",\"item\":\"https:\/\/www.pressenza.com\/it\/\"},{\"@type\":\"ListItem\",\"position\":2,\"name\":\"Aguas de Oro, il reportage su M\u00e1xima, la donna che ha sconfitto le multinazionali\"}]},{\"@type\":\"WebSite\",\"@id\":\"https:\/\/www.pressenza.com\/it\/#website\",\"url\":\"https:\/\/www.pressenza.com\/it\/\",\"name\":\"Pressenza\",\"description\":\"Agenzia di Stampa Internazionale\",\"publisher\":{\"@id\":\"https:\/\/www.pressenza.com\/it\/#organization\"},\"potentialAction\":[{\"@type\":\"SearchAction\",\"target\":{\"@type\":\"EntryPoint\",\"urlTemplate\":\"https:\/\/www.pressenza.com\/it\/?s={search_term_string}\"},\"query-input\":{\"@type\":\"PropertyValueSpecification\",\"valueRequired\":true,\"valueName\":\"search_term_string\"}}],\"inLanguage\":\"it-IT\"},{\"@type\":\"Organization\",\"@id\":\"https:\/\/www.pressenza.com\/it\/#organization\",\"name\":\"Pressenza\",\"url\":\"https:\/\/www.pressenza.com\/it\/\",\"logo\":{\"@type\":\"ImageObject\",\"inLanguage\":\"it-IT\",\"@id\":\"https:\/\/www.pressenza.com\/it\/#\/schema\/logo\/image\/\",\"url\":\"https:\/\/www.pressenza.com\/wp-content\/uploads\/2022\/10\/pressenza_logo_200x200.jpg\",\"contentUrl\":\"https:\/\/www.pressenza.com\/wp-content\/uploads\/2022\/10\/pressenza_logo_200x200.jpg\",\"width\":200,\"height\":200,\"caption\":\"Pressenza\"},\"image\":{\"@id\":\"https:\/\/www.pressenza.com\/it\/#\/schema\/logo\/image\/\"},\"sameAs\":[\"https:\/\/www.facebook.com\/PressenzaItalia\",\"https:\/\/x.com\/PressenzaIPA\"]},{\"@type\":\"Person\",\"@id\":\"https:\/\/www.pressenza.com\/it\/#\/schema\/person\/39392bb9ae1201c4b749453969a04008\",\"name\":\"Il Cambiamento\",\"description\":\"www.ilcambiamento.it\",\"sameAs\":[\"https:\/\/www.facebook.com\/ilcambiamento.it\",\"https:\/\/x.com\/Il_Cambiamento\"],\"url\":\"https:\/\/www.pressenza.com\/it\/author\/il-cambiamento\/\"}]}<\/script>\n<!-- \/ Yoast SEO plugin. -->","yoast_head_json":{"title":"Aguas de Oro, il reportage su M\u00e1xima, la donna che ha sconfitto le multinazionali","description":"E' pronto il documentario che racconta la storia di Maxima Acu\u00f1a de Chaupe, la contadina peruviana che ha combattuto contro la multinazionale mineraria","robots":{"index":"index","follow":"follow","max-snippet":"max-snippet:-1","max-image-preview":"max-image-preview:large","max-video-preview":"max-video-preview:-1"},"canonical":"https:\/\/www.pressenza.com\/it\/2015\/10\/aguas-de-oro-il-reportage-su-maxima-la-donna-che-ha-sconfitto-le-multinazionali\/","og_locale":"it_IT","og_type":"article","og_title":"Aguas de Oro, il reportage su M\u00e1xima, la donna che ha sconfitto le multinazionali","og_description":"E' pronto il documentario che racconta la storia di Maxima Acu\u00f1a de Chaupe, la contadina peruviana che ha combattuto contro la multinazionale mineraria","og_url":"https:\/\/www.pressenza.com\/it\/2015\/10\/aguas-de-oro-il-reportage-su-maxima-la-donna-che-ha-sconfitto-le-multinazionali\/","og_site_name":"Pressenza","article_publisher":"https:\/\/www.facebook.com\/PressenzaItalia","article_author":"https:\/\/www.facebook.com\/ilcambiamento.it","article_published_time":"2015-10-26T19:00:27+00:00","article_modified_time":"2015-10-26T19:01:04+00:00","og_image":[{"width":1024,"height":683,"url":"https:\/\/www.pressenza.com\/wp-content\/uploads\/2015\/10\/IMG_1737.jpg","type":"image\/jpeg"}],"author":"Il Cambiamento","twitter_card":"summary_large_image","twitter_creator":"@Il_Cambiamento","twitter_site":"@PressenzaIPA","twitter_misc":{"Scritto da":"Il Cambiamento","Tempo di lettura stimato":"8 minuti"},"schema":{"@context":"https:\/\/schema.org","@graph":[{"@type":"Article","@id":"https:\/\/www.pressenza.com\/it\/2015\/10\/aguas-de-oro-il-reportage-su-maxima-la-donna-che-ha-sconfitto-le-multinazionali\/#article","isPartOf":{"@id":"https:\/\/www.pressenza.com\/it\/2015\/10\/aguas-de-oro-il-reportage-su-maxima-la-donna-che-ha-sconfitto-le-multinazionali\/"},"author":{"name":"Il Cambiamento","@id":"https:\/\/www.pressenza.com\/it\/#\/schema\/person\/39392bb9ae1201c4b749453969a04008"},"headline":"Aguas de Oro, il reportage su M\u00e1xima, la donna che ha sconfitto le multinazionali","datePublished":"2015-10-26T19:00:27+00:00","dateModified":"2015-10-26T19:01:04+00:00","mainEntityOfPage":{"@id":"https:\/\/www.pressenza.com\/it\/2015\/10\/aguas-de-oro-il-reportage-su-maxima-la-donna-che-ha-sconfitto-le-multinazionali\/"},"wordCount":1683,"publisher":{"@id":"https:\/\/www.pressenza.com\/it\/#organization"},"image":{"@id":"https:\/\/www.pressenza.com\/it\/2015\/10\/aguas-de-oro-il-reportage-su-maxima-la-donna-che-ha-sconfitto-le-multinazionali\/#primaryimage"},"thumbnailUrl":"https:\/\/www.pressenza.com\/wp-content\/uploads\/2015\/10\/IMG_1737.jpg","keywords":["Consorzio delle Ong Piemontesi","Dev Reporter Grant","Dev Reporter Network","Luciano Gorriti Robles","Maxima Acu\u00f1a de Chaupe","Mirtha Vasquez","Multinational corporations","multinazionali","Per\u00f9","Simona Carnino","Yanacocha"],"articleSection":["Cultura e Media","Interviste","Opinioni","Popoli originari","Sud America"],"inLanguage":"it-IT"},{"@type":"WebPage","@id":"https:\/\/www.pressenza.com\/it\/2015\/10\/aguas-de-oro-il-reportage-su-maxima-la-donna-che-ha-sconfitto-le-multinazionali\/","url":"https:\/\/www.pressenza.com\/it\/2015\/10\/aguas-de-oro-il-reportage-su-maxima-la-donna-che-ha-sconfitto-le-multinazionali\/","name":"Aguas de Oro, il reportage su M\u00e1xima, la donna che ha sconfitto le multinazionali","isPartOf":{"@id":"https:\/\/www.pressenza.com\/it\/#website"},"primaryImageOfPage":{"@id":"https:\/\/www.pressenza.com\/it\/2015\/10\/aguas-de-oro-il-reportage-su-maxima-la-donna-che-ha-sconfitto-le-multinazionali\/#primaryimage"},"image":{"@id":"https:\/\/www.pressenza.com\/it\/2015\/10\/aguas-de-oro-il-reportage-su-maxima-la-donna-che-ha-sconfitto-le-multinazionali\/#primaryimage"},"thumbnailUrl":"https:\/\/www.pressenza.com\/wp-content\/uploads\/2015\/10\/IMG_1737.jpg","datePublished":"2015-10-26T19:00:27+00:00","dateModified":"2015-10-26T19:01:04+00:00","description":"E' pronto il documentario che racconta la storia di Maxima Acu\u00f1a de Chaupe, la contadina peruviana che ha combattuto contro la multinazionale mineraria","breadcrumb":{"@id":"https:\/\/www.pressenza.com\/it\/2015\/10\/aguas-de-oro-il-reportage-su-maxima-la-donna-che-ha-sconfitto-le-multinazionali\/#breadcrumb"},"inLanguage":"it-IT","potentialAction":[{"@type":"ReadAction","target":["https:\/\/www.pressenza.com\/it\/2015\/10\/aguas-de-oro-il-reportage-su-maxima-la-donna-che-ha-sconfitto-le-multinazionali\/"]}]},{"@type":"ImageObject","inLanguage":"it-IT","@id":"https:\/\/www.pressenza.com\/it\/2015\/10\/aguas-de-oro-il-reportage-su-maxima-la-donna-che-ha-sconfitto-le-multinazionali\/#primaryimage","url":"https:\/\/www.pressenza.com\/wp-content\/uploads\/2015\/10\/IMG_1737.jpg","contentUrl":"https:\/\/www.pressenza.com\/wp-content\/uploads\/2015\/10\/IMG_1737.jpg","width":1024,"height":683},{"@type":"BreadcrumbList","@id":"https:\/\/www.pressenza.com\/it\/2015\/10\/aguas-de-oro-il-reportage-su-maxima-la-donna-che-ha-sconfitto-le-multinazionali\/#breadcrumb","itemListElement":[{"@type":"ListItem","position":1,"name":"Accueil","item":"https:\/\/www.pressenza.com\/it\/"},{"@type":"ListItem","position":2,"name":"Aguas de Oro, il reportage su M\u00e1xima, la donna che ha sconfitto le multinazionali"}]},{"@type":"WebSite","@id":"https:\/\/www.pressenza.com\/it\/#website","url":"https:\/\/www.pressenza.com\/it\/","name":"Pressenza","description":"Agenzia di Stampa Internazionale","publisher":{"@id":"https:\/\/www.pressenza.com\/it\/#organization"},"potentialAction":[{"@type":"SearchAction","target":{"@type":"EntryPoint","urlTemplate":"https:\/\/www.pressenza.com\/it\/?s={search_term_string}"},"query-input":{"@type":"PropertyValueSpecification","valueRequired":true,"valueName":"search_term_string"}}],"inLanguage":"it-IT"},{"@type":"Organization","@id":"https:\/\/www.pressenza.com\/it\/#organization","name":"Pressenza","url":"https:\/\/www.pressenza.com\/it\/","logo":{"@type":"ImageObject","inLanguage":"it-IT","@id":"https:\/\/www.pressenza.com\/it\/#\/schema\/logo\/image\/","url":"https:\/\/www.pressenza.com\/wp-content\/uploads\/2022\/10\/pressenza_logo_200x200.jpg","contentUrl":"https:\/\/www.pressenza.com\/wp-content\/uploads\/2022\/10\/pressenza_logo_200x200.jpg","width":200,"height":200,"caption":"Pressenza"},"image":{"@id":"https:\/\/www.pressenza.com\/it\/#\/schema\/logo\/image\/"},"sameAs":["https:\/\/www.facebook.com\/PressenzaItalia","https:\/\/x.com\/PressenzaIPA"]},{"@type":"Person","@id":"https:\/\/www.pressenza.com\/it\/#\/schema\/person\/39392bb9ae1201c4b749453969a04008","name":"Il Cambiamento","description":"www.ilcambiamento.it","sameAs":["https:\/\/www.facebook.com\/ilcambiamento.it","https:\/\/x.com\/Il_Cambiamento"],"url":"https:\/\/www.pressenza.com\/it\/author\/il-cambiamento\/"}]}},"place":"","original_article_url":"http:\/\/www.ilcambiamento.it\/popoli_nativi\/aguas_de_oro.html","_links":{"self":[{"href":"https:\/\/www.pressenza.com\/it\/wp-json\/wp\/v2\/posts\/238863","targetHints":{"allow":["GET"]}}],"collection":[{"href":"https:\/\/www.pressenza.com\/it\/wp-json\/wp\/v2\/posts"}],"about":[{"href":"https:\/\/www.pressenza.com\/it\/wp-json\/wp\/v2\/types\/post"}],"author":[{"embeddable":true,"href":"https:\/\/www.pressenza.com\/it\/wp-json\/wp\/v2\/users\/665"}],"replies":[{"embeddable":true,"href":"https:\/\/www.pressenza.com\/it\/wp-json\/wp\/v2\/comments?post=238863"}],"version-history":[{"count":0,"href":"https:\/\/www.pressenza.com\/it\/wp-json\/wp\/v2\/posts\/238863\/revisions"}],"wp:featuredmedia":[{"embeddable":true,"href":"https:\/\/www.pressenza.com\/it\/wp-json\/wp\/v2\/media\/238882"}],"wp:attachment":[{"href":"https:\/\/www.pressenza.com\/it\/wp-json\/wp\/v2\/media?parent=238863"}],"wp:term":[{"taxonomy":"category","embeddable":true,"href":"https:\/\/www.pressenza.com\/it\/wp-json\/wp\/v2\/categories?post=238863"},{"taxonomy":"post_tag","embeddable":true,"href":"https:\/\/www.pressenza.com\/it\/wp-json\/wp\/v2\/tags?post=238863"}],"curies":[{"name":"wp","href":"https:\/\/api.w.org\/{rel}","templated":true}]}}