{"id":238855,"date":"2015-10-26T18:41:03","date_gmt":"2015-10-26T18:41:03","guid":{"rendered":"http:\/\/www.pressenza.com\/it\/?p=238855"},"modified":"2015-10-26T18:45:11","modified_gmt":"2015-10-26T18:45:11","slug":"grecia-crisi-economica-e-solidarieta-con-i-profughi","status":"publish","type":"post","link":"https:\/\/www.pressenza.com\/it\/2015\/10\/grecia-crisi-economica-e-solidarieta-con-i-profughi\/","title":{"rendered":"Grecia, crisi economica e solidariet\u00e0 con i profughi"},"content":{"rendered":"<p>L\u2019enorme afflusso di profughi arrivati in Europa attraverso la Grecia non \u00e8 una novit\u00e0, anche se nel 2015 si \u00e8 registrato un notevole aumento: 450.000 persone provenienti soprattutto da Siria, Afghanistan e in misura minore Iraq.<\/p>\n<p>Se in passato i numeri erano minori, il trattamento era per\u00f2 cos\u00ec duro da suscitare parecchie denunce per violazione dei diritti umani da parte di Amnesty International e Medici senza Frontiere e perfino le critiche del Commissario Europeo per i Diritti Umani Muiznieks. I migranti senza documenti restavano fino a un anno e mezzo nei centri di detenzione e le procedure per ottenere l\u2019asilo erano lunghissime. A volte venivano liberati e poi imprigionati di nuovo.<\/p>\n<p>Le cose hanno cominciato a cambiare a partire dal gennaio di quest\u2019anno, \u00a0con il nuovo governo di Syriza e l\u2019insediamento al Ministero dell\u2019Immigrazione di un\u2019avvocatessa conosciuta per il suo impegno nel campo dei diritti umani. E\u2019 stata creata una squadra di esperti per facilitare e velocizzare le procedure per ottenere l\u2019asilo e i centri di detenzione sono stati chiusi e sostituiti da 4 campi aperti, da cui \u00e8 possibile andarsene in qualsiasi momento. Dal Pireo e dal centro di Atene hanno cominciato a partire autobus diretti in Macedonia e Serbia, da cui poi i rifugiati proseguono verso nord. E\u2019 cambiata perfino la terminologia, da \u201cmigranti illegali\u201d a \u201cprofughi\u201d.<\/p>\n<p>Questa svolta ha provocato la reazione degli elementi pi\u00f9 conservatori, di Alba Dorata e di gran parte dei mass-media, che hanno unito alle abituali campagne terroristiche contro i profughi attacchi denigratori al nuovo ministro. Come \u00e8 successo in altri paesi, per\u00f2, tutto questo ha spinto molta gente a offrire aiuto e solidariet\u00e0 ai rifugiati. Gli abitanti di isole come Lesbos, Leros, Kos e Samos, dove ancora adesso arrivano fino a 2.000 persone al giorno, si sono mobilitati per raccogliere e distribuire \u00a0cibo e vestiti. A Kos si sono spesso scontrati con il sindaco vicino ad Alba Dorata, sempre pronto a ostacolare le iniziative di solidariet\u00e0 e le misure del governo. In pieno agosto, ossia nell\u2019abituale periodo delle vacanze, ad Atene e in altri luoghi, tra cui la frontiera con la Macedonia, associazioni e cittadini si sono organizzati per cucinare,\u00a0 occuparsi dei bambini, procurare cure mediche, ecc. Al Pireo vengono forniti ancora adesso 500 pasti al giorno per i profughi, ma anche per i senzatetto greci. Facebook si \u00e8 trasformato in un utile strumento di informazione e coordinamento per conoscere le necessit\u00e0 pi\u00f9 urgenti e soddisfarle ogni giorno. Accanto a questa incredibile ondata di solidariet\u00e0 si \u00e8 manifestata anche gente pronta ad approfittare della situazione, chiedendo somme esorbitanti per cibo o passaggi in taxi, oltre ai malviventi in combutta con chi fa arrivare a caro prezzo i profughi in Grecia.<\/p>\n<p>La situazione potrebbe precipitare di nuovo con il nuovo governo insediatosi dopo le elezioni di settembre: l\u2019avvocatessa-attivista \u00e8 stata sostituita da un nuovo Ministro dell\u2019Immigrazione che ha accennato alla possibilit\u00e0 di riaprire i centri di detenzione, questa volta per\u00f2 \u201crispettando i diritti umani\u201d. Una nota positiva rimane comunque: l\u2019ondata di solidariet\u00e0 verso i migranti si \u00e8 manifestata nel mezzo della gravissima crisi economica che sta prostrando il popolo greco.<\/p>\n<p><em>Si ringraziano Marianella Kloka e Jai Mexis per le informazioni fornite.<\/em><\/p>\n","protected":false},"excerpt":{"rendered":"<p>L\u2019enorme afflusso di profughi arrivati in Europa attraverso la Grecia non \u00e8 una novit\u00e0, anche se nel 2015 si \u00e8 registrato un notevole aumento: 450.000 persone provenienti soprattutto da Siria, Afghanistan e in misura minore Iraq. Se in passato i&hellip;<\/p>\n","protected":false},"author":500,"featured_media":238856,"comment_status":"closed","ping_status":"open","sticky":false,"template":"","format":"standard","meta":{"footnotes":""},"categories":[11388,60,47,162],"tags":[1174,3580,1634],"class_list":["post-238855","post","type-post","status-publish","format-standard","has-post-thumbnail","hentry","category-contenuti-originali","category-diritti-umani","category-europa","category-opinioni","tag-grecia","tag-profughi","tag-solidarieta"],"yoast_head":"<!-- This site is optimized with the Yoast SEO plugin v27.1.1 - https:\/\/yoast.com\/product\/yoast-seo-wordpress\/ -->\n<title>Grecia, crisi economica e solidariet\u00e0 con i profughi<\/title>\n<meta name=\"description\" content=\"L\u2019enorme afflusso di profughi arrivati in Europa attraverso la Grecia non \u00e8 una novit\u00e0, anche se nel 2015 si \u00e8 registrato un notevole aumento: 450.000\" \/>\n<meta name=\"robots\" content=\"index, follow, max-snippet:-1, max-image-preview:large, max-video-preview:-1\" \/>\n<link rel=\"canonical\" href=\"https:\/\/www.pressenza.com\/it\/2015\/10\/grecia-crisi-economica-e-solidarieta-con-i-profughi\/\" \/>\n<meta property=\"og:locale\" content=\"it_IT\" \/>\n<meta property=\"og:type\" content=\"article\" \/>\n<meta property=\"og:title\" content=\"Grecia, crisi economica e solidariet\u00e0 con i profughi\" \/>\n<meta property=\"og:description\" content=\"L\u2019enorme afflusso di profughi arrivati in Europa attraverso la Grecia non \u00e8 una novit\u00e0, anche se nel 2015 si \u00e8 registrato un notevole aumento: 450.000\" \/>\n<meta property=\"og:url\" content=\"https:\/\/www.pressenza.com\/it\/2015\/10\/grecia-crisi-economica-e-solidarieta-con-i-profughi\/\" \/>\n<meta property=\"og:site_name\" content=\"Pressenza\" \/>\n<meta property=\"article:publisher\" content=\"https:\/\/www.facebook.com\/PressenzaItalia\" \/>\n<meta property=\"article:published_time\" content=\"2015-10-26T18:41:03+00:00\" \/>\n<meta property=\"article:modified_time\" content=\"2015-10-26T18:45:11+00:00\" \/>\n<meta property=\"og:image\" content=\"https:\/\/www.pressenza.com\/wp-content\/uploads\/2015\/10\/refugees-1.jpg\" \/>\n\t<meta property=\"og:image:width\" content=\"960\" \/>\n\t<meta property=\"og:image:height\" content=\"639\" \/>\n\t<meta property=\"og:image:type\" content=\"image\/jpeg\" \/>\n<meta name=\"author\" content=\"Anna Polo\" \/>\n<meta name=\"twitter:card\" content=\"summary_large_image\" \/>\n<meta name=\"twitter:creator\" content=\"@PressenzaIPA\" \/>\n<meta name=\"twitter:site\" content=\"@PressenzaIPA\" \/>\n<meta name=\"twitter:label1\" content=\"Scritto da\" \/>\n\t<meta name=\"twitter:data1\" content=\"Anna Polo\" \/>\n\t<meta name=\"twitter:label2\" content=\"Tempo di lettura stimato\" \/>\n\t<meta name=\"twitter:data2\" content=\"3 minuti\" \/>\n<script type=\"application\/ld+json\" class=\"yoast-schema-graph\">{\"@context\":\"https:\/\/schema.org\",\"@graph\":[{\"@type\":\"Article\",\"@id\":\"https:\/\/www.pressenza.com\/it\/2015\/10\/grecia-crisi-economica-e-solidarieta-con-i-profughi\/#article\",\"isPartOf\":{\"@id\":\"https:\/\/www.pressenza.com\/it\/2015\/10\/grecia-crisi-economica-e-solidarieta-con-i-profughi\/\"},\"author\":{\"name\":\"Anna Polo\",\"@id\":\"https:\/\/www.pressenza.com\/it\/#\/schema\/person\/f361ce2dfe3d4331d5ae6840551ffe67\"},\"headline\":\"Grecia, crisi economica e solidariet\u00e0 con i profughi\",\"datePublished\":\"2015-10-26T18:41:03+00:00\",\"dateModified\":\"2015-10-26T18:45:11+00:00\",\"mainEntityOfPage\":{\"@id\":\"https:\/\/www.pressenza.com\/it\/2015\/10\/grecia-crisi-economica-e-solidarieta-con-i-profughi\/\"},\"wordCount\":534,\"publisher\":{\"@id\":\"https:\/\/www.pressenza.com\/it\/#organization\"},\"image\":{\"@id\":\"https:\/\/www.pressenza.com\/it\/2015\/10\/grecia-crisi-economica-e-solidarieta-con-i-profughi\/#primaryimage\"},\"thumbnailUrl\":\"https:\/\/www.pressenza.com\/wp-content\/uploads\/2015\/10\/refugees-1.jpg\",\"keywords\":[\"Grecia\",\"profughi\",\"solidariet\u00e0\"],\"articleSection\":[\"contenuti originali\",\"Diritti Umani\",\"Europa\",\"Opinioni\"],\"inLanguage\":\"it-IT\"},{\"@type\":\"WebPage\",\"@id\":\"https:\/\/www.pressenza.com\/it\/2015\/10\/grecia-crisi-economica-e-solidarieta-con-i-profughi\/\",\"url\":\"https:\/\/www.pressenza.com\/it\/2015\/10\/grecia-crisi-economica-e-solidarieta-con-i-profughi\/\",\"name\":\"Grecia, crisi economica e solidariet\u00e0 con i profughi\",\"isPartOf\":{\"@id\":\"https:\/\/www.pressenza.com\/it\/#website\"},\"primaryImageOfPage\":{\"@id\":\"https:\/\/www.pressenza.com\/it\/2015\/10\/grecia-crisi-economica-e-solidarieta-con-i-profughi\/#primaryimage\"},\"image\":{\"@id\":\"https:\/\/www.pressenza.com\/it\/2015\/10\/grecia-crisi-economica-e-solidarieta-con-i-profughi\/#primaryimage\"},\"thumbnailUrl\":\"https:\/\/www.pressenza.com\/wp-content\/uploads\/2015\/10\/refugees-1.jpg\",\"datePublished\":\"2015-10-26T18:41:03+00:00\",\"dateModified\":\"2015-10-26T18:45:11+00:00\",\"description\":\"L\u2019enorme afflusso di profughi arrivati in Europa attraverso la Grecia non \u00e8 una novit\u00e0, anche se nel 2015 si \u00e8 registrato un notevole aumento: 450.000\",\"breadcrumb\":{\"@id\":\"https:\/\/www.pressenza.com\/it\/2015\/10\/grecia-crisi-economica-e-solidarieta-con-i-profughi\/#breadcrumb\"},\"inLanguage\":\"it-IT\",\"potentialAction\":[{\"@type\":\"ReadAction\",\"target\":[\"https:\/\/www.pressenza.com\/it\/2015\/10\/grecia-crisi-economica-e-solidarieta-con-i-profughi\/\"]}]},{\"@type\":\"ImageObject\",\"inLanguage\":\"it-IT\",\"@id\":\"https:\/\/www.pressenza.com\/it\/2015\/10\/grecia-crisi-economica-e-solidarieta-con-i-profughi\/#primaryimage\",\"url\":\"https:\/\/www.pressenza.com\/wp-content\/uploads\/2015\/10\/refugees-1.jpg\",\"contentUrl\":\"https:\/\/www.pressenza.com\/wp-content\/uploads\/2015\/10\/refugees-1.jpg\",\"width\":960,\"height\":639},{\"@type\":\"BreadcrumbList\",\"@id\":\"https:\/\/www.pressenza.com\/it\/2015\/10\/grecia-crisi-economica-e-solidarieta-con-i-profughi\/#breadcrumb\",\"itemListElement\":[{\"@type\":\"ListItem\",\"position\":1,\"name\":\"Accueil\",\"item\":\"https:\/\/www.pressenza.com\/it\/\"},{\"@type\":\"ListItem\",\"position\":2,\"name\":\"Grecia, crisi economica e solidariet\u00e0 con i profughi\"}]},{\"@type\":\"WebSite\",\"@id\":\"https:\/\/www.pressenza.com\/it\/#website\",\"url\":\"https:\/\/www.pressenza.com\/it\/\",\"name\":\"Pressenza\",\"description\":\"Agenzia di Stampa Internazionale\",\"publisher\":{\"@id\":\"https:\/\/www.pressenza.com\/it\/#organization\"},\"potentialAction\":[{\"@type\":\"SearchAction\",\"target\":{\"@type\":\"EntryPoint\",\"urlTemplate\":\"https:\/\/www.pressenza.com\/it\/?s={search_term_string}\"},\"query-input\":{\"@type\":\"PropertyValueSpecification\",\"valueRequired\":true,\"valueName\":\"search_term_string\"}}],\"inLanguage\":\"it-IT\"},{\"@type\":\"Organization\",\"@id\":\"https:\/\/www.pressenza.com\/it\/#organization\",\"name\":\"Pressenza\",\"url\":\"https:\/\/www.pressenza.com\/it\/\",\"logo\":{\"@type\":\"ImageObject\",\"inLanguage\":\"it-IT\",\"@id\":\"https:\/\/www.pressenza.com\/it\/#\/schema\/logo\/image\/\",\"url\":\"https:\/\/www.pressenza.com\/wp-content\/uploads\/2022\/10\/pressenza_logo_200x200.jpg\",\"contentUrl\":\"https:\/\/www.pressenza.com\/wp-content\/uploads\/2022\/10\/pressenza_logo_200x200.jpg\",\"width\":200,\"height\":200,\"caption\":\"Pressenza\"},\"image\":{\"@id\":\"https:\/\/www.pressenza.com\/it\/#\/schema\/logo\/image\/\"},\"sameAs\":[\"https:\/\/www.facebook.com\/PressenzaItalia\",\"https:\/\/x.com\/PressenzaIPA\"]},{\"@type\":\"Person\",\"@id\":\"https:\/\/www.pressenza.com\/it\/#\/schema\/person\/f361ce2dfe3d4331d5ae6840551ffe67\",\"name\":\"Anna Polo\",\"description\":\"Impegnata per anni nel campo della pace e della nonviolenza, ha fatto parte dell'equipe relazioni della Marcia Mondiale per la Pace e la Nonviolenza e in seguito di Mondo senza guerre e senza violenza. Attualmente partecipa alla redazione italiana di Pressenza e si occupa principalmente del tema migrazioni, pubblicando articoli e interviste e organizzando eventi.\",\"url\":\"https:\/\/www.pressenza.com\/it\/author\/anna-polo\/\"}]}<\/script>\n<!-- \/ Yoast SEO plugin. -->","yoast_head_json":{"title":"Grecia, crisi economica e solidariet\u00e0 con i profughi","description":"L\u2019enorme afflusso di profughi arrivati in Europa attraverso la Grecia non \u00e8 una novit\u00e0, anche se nel 2015 si \u00e8 registrato un notevole aumento: 450.000","robots":{"index":"index","follow":"follow","max-snippet":"max-snippet:-1","max-image-preview":"max-image-preview:large","max-video-preview":"max-video-preview:-1"},"canonical":"https:\/\/www.pressenza.com\/it\/2015\/10\/grecia-crisi-economica-e-solidarieta-con-i-profughi\/","og_locale":"it_IT","og_type":"article","og_title":"Grecia, crisi economica e solidariet\u00e0 con i profughi","og_description":"L\u2019enorme afflusso di profughi arrivati in Europa attraverso la Grecia non \u00e8 una novit\u00e0, anche se nel 2015 si \u00e8 registrato un notevole aumento: 450.000","og_url":"https:\/\/www.pressenza.com\/it\/2015\/10\/grecia-crisi-economica-e-solidarieta-con-i-profughi\/","og_site_name":"Pressenza","article_publisher":"https:\/\/www.facebook.com\/PressenzaItalia","article_published_time":"2015-10-26T18:41:03+00:00","article_modified_time":"2015-10-26T18:45:11+00:00","og_image":[{"width":960,"height":639,"url":"https:\/\/www.pressenza.com\/wp-content\/uploads\/2015\/10\/refugees-1.jpg","type":"image\/jpeg"}],"author":"Anna Polo","twitter_card":"summary_large_image","twitter_creator":"@PressenzaIPA","twitter_site":"@PressenzaIPA","twitter_misc":{"Scritto da":"Anna Polo","Tempo di lettura stimato":"3 minuti"},"schema":{"@context":"https:\/\/schema.org","@graph":[{"@type":"Article","@id":"https:\/\/www.pressenza.com\/it\/2015\/10\/grecia-crisi-economica-e-solidarieta-con-i-profughi\/#article","isPartOf":{"@id":"https:\/\/www.pressenza.com\/it\/2015\/10\/grecia-crisi-economica-e-solidarieta-con-i-profughi\/"},"author":{"name":"Anna Polo","@id":"https:\/\/www.pressenza.com\/it\/#\/schema\/person\/f361ce2dfe3d4331d5ae6840551ffe67"},"headline":"Grecia, crisi economica e solidariet\u00e0 con i profughi","datePublished":"2015-10-26T18:41:03+00:00","dateModified":"2015-10-26T18:45:11+00:00","mainEntityOfPage":{"@id":"https:\/\/www.pressenza.com\/it\/2015\/10\/grecia-crisi-economica-e-solidarieta-con-i-profughi\/"},"wordCount":534,"publisher":{"@id":"https:\/\/www.pressenza.com\/it\/#organization"},"image":{"@id":"https:\/\/www.pressenza.com\/it\/2015\/10\/grecia-crisi-economica-e-solidarieta-con-i-profughi\/#primaryimage"},"thumbnailUrl":"https:\/\/www.pressenza.com\/wp-content\/uploads\/2015\/10\/refugees-1.jpg","keywords":["Grecia","profughi","solidariet\u00e0"],"articleSection":["contenuti originali","Diritti Umani","Europa","Opinioni"],"inLanguage":"it-IT"},{"@type":"WebPage","@id":"https:\/\/www.pressenza.com\/it\/2015\/10\/grecia-crisi-economica-e-solidarieta-con-i-profughi\/","url":"https:\/\/www.pressenza.com\/it\/2015\/10\/grecia-crisi-economica-e-solidarieta-con-i-profughi\/","name":"Grecia, crisi economica e solidariet\u00e0 con i profughi","isPartOf":{"@id":"https:\/\/www.pressenza.com\/it\/#website"},"primaryImageOfPage":{"@id":"https:\/\/www.pressenza.com\/it\/2015\/10\/grecia-crisi-economica-e-solidarieta-con-i-profughi\/#primaryimage"},"image":{"@id":"https:\/\/www.pressenza.com\/it\/2015\/10\/grecia-crisi-economica-e-solidarieta-con-i-profughi\/#primaryimage"},"thumbnailUrl":"https:\/\/www.pressenza.com\/wp-content\/uploads\/2015\/10\/refugees-1.jpg","datePublished":"2015-10-26T18:41:03+00:00","dateModified":"2015-10-26T18:45:11+00:00","description":"L\u2019enorme afflusso di profughi arrivati in Europa attraverso la Grecia non \u00e8 una novit\u00e0, anche se nel 2015 si \u00e8 registrato un notevole aumento: 450.000","breadcrumb":{"@id":"https:\/\/www.pressenza.com\/it\/2015\/10\/grecia-crisi-economica-e-solidarieta-con-i-profughi\/#breadcrumb"},"inLanguage":"it-IT","potentialAction":[{"@type":"ReadAction","target":["https:\/\/www.pressenza.com\/it\/2015\/10\/grecia-crisi-economica-e-solidarieta-con-i-profughi\/"]}]},{"@type":"ImageObject","inLanguage":"it-IT","@id":"https:\/\/www.pressenza.com\/it\/2015\/10\/grecia-crisi-economica-e-solidarieta-con-i-profughi\/#primaryimage","url":"https:\/\/www.pressenza.com\/wp-content\/uploads\/2015\/10\/refugees-1.jpg","contentUrl":"https:\/\/www.pressenza.com\/wp-content\/uploads\/2015\/10\/refugees-1.jpg","width":960,"height":639},{"@type":"BreadcrumbList","@id":"https:\/\/www.pressenza.com\/it\/2015\/10\/grecia-crisi-economica-e-solidarieta-con-i-profughi\/#breadcrumb","itemListElement":[{"@type":"ListItem","position":1,"name":"Accueil","item":"https:\/\/www.pressenza.com\/it\/"},{"@type":"ListItem","position":2,"name":"Grecia, crisi economica e solidariet\u00e0 con i profughi"}]},{"@type":"WebSite","@id":"https:\/\/www.pressenza.com\/it\/#website","url":"https:\/\/www.pressenza.com\/it\/","name":"Pressenza","description":"Agenzia di Stampa Internazionale","publisher":{"@id":"https:\/\/www.pressenza.com\/it\/#organization"},"potentialAction":[{"@type":"SearchAction","target":{"@type":"EntryPoint","urlTemplate":"https:\/\/www.pressenza.com\/it\/?s={search_term_string}"},"query-input":{"@type":"PropertyValueSpecification","valueRequired":true,"valueName":"search_term_string"}}],"inLanguage":"it-IT"},{"@type":"Organization","@id":"https:\/\/www.pressenza.com\/it\/#organization","name":"Pressenza","url":"https:\/\/www.pressenza.com\/it\/","logo":{"@type":"ImageObject","inLanguage":"it-IT","@id":"https:\/\/www.pressenza.com\/it\/#\/schema\/logo\/image\/","url":"https:\/\/www.pressenza.com\/wp-content\/uploads\/2022\/10\/pressenza_logo_200x200.jpg","contentUrl":"https:\/\/www.pressenza.com\/wp-content\/uploads\/2022\/10\/pressenza_logo_200x200.jpg","width":200,"height":200,"caption":"Pressenza"},"image":{"@id":"https:\/\/www.pressenza.com\/it\/#\/schema\/logo\/image\/"},"sameAs":["https:\/\/www.facebook.com\/PressenzaItalia","https:\/\/x.com\/PressenzaIPA"]},{"@type":"Person","@id":"https:\/\/www.pressenza.com\/it\/#\/schema\/person\/f361ce2dfe3d4331d5ae6840551ffe67","name":"Anna Polo","description":"Impegnata per anni nel campo della pace e della nonviolenza, ha fatto parte dell'equipe relazioni della Marcia Mondiale per la Pace e la Nonviolenza e in seguito di Mondo senza guerre e senza violenza. Attualmente partecipa alla redazione italiana di Pressenza e si occupa principalmente del tema migrazioni, pubblicando articoli e interviste e organizzando eventi.","url":"https:\/\/www.pressenza.com\/it\/author\/anna-polo\/"}]}},"place":"","original_article_url":"","_links":{"self":[{"href":"https:\/\/www.pressenza.com\/it\/wp-json\/wp\/v2\/posts\/238855","targetHints":{"allow":["GET"]}}],"collection":[{"href":"https:\/\/www.pressenza.com\/it\/wp-json\/wp\/v2\/posts"}],"about":[{"href":"https:\/\/www.pressenza.com\/it\/wp-json\/wp\/v2\/types\/post"}],"author":[{"embeddable":true,"href":"https:\/\/www.pressenza.com\/it\/wp-json\/wp\/v2\/users\/500"}],"replies":[{"embeddable":true,"href":"https:\/\/www.pressenza.com\/it\/wp-json\/wp\/v2\/comments?post=238855"}],"version-history":[{"count":0,"href":"https:\/\/www.pressenza.com\/it\/wp-json\/wp\/v2\/posts\/238855\/revisions"}],"wp:featuredmedia":[{"embeddable":true,"href":"https:\/\/www.pressenza.com\/it\/wp-json\/wp\/v2\/media\/238856"}],"wp:attachment":[{"href":"https:\/\/www.pressenza.com\/it\/wp-json\/wp\/v2\/media?parent=238855"}],"wp:term":[{"taxonomy":"category","embeddable":true,"href":"https:\/\/www.pressenza.com\/it\/wp-json\/wp\/v2\/categories?post=238855"},{"taxonomy":"post_tag","embeddable":true,"href":"https:\/\/www.pressenza.com\/it\/wp-json\/wp\/v2\/tags?post=238855"}],"curies":[{"name":"wp","href":"https:\/\/api.w.org\/{rel}","templated":true}]}}