{"id":23733,"date":"2012-11-11T14:23:55","date_gmt":"2012-11-11T14:23:55","guid":{"rendered":"http:\/\/www.pressenza.com\/?p=23733"},"modified":"2012-11-12T17:33:34","modified_gmt":"2012-11-12T17:33:34","slug":"mobilitazione-per-la-scuola-statale","status":"publish","type":"post","link":"https:\/\/www.pressenza.com\/it\/2012\/11\/mobilitazione-per-la-scuola-statale\/","title":{"rendered":"Mobilitazione per la Scuola Statale"},"content":{"rendered":"<p>\u201cUna grande manifestazione di oltre 30.000 fra studenti, genitori, insegnanti, sereni e determinati, che ha ribadito con forza la piattaforma del Coordinamento delle Scuole a cui USB ha aderito\u00a0 sin dal primo momento\u201d, cos\u00ec Barbara Battista, dell\u2019USB P.I. Scuola, descrive il corteo sfilato sabato pomeriggio nelle vie della capitale dove, come in altre citt\u00e0 d\u2019Italia, ci si \u00e8 mobilitati in tanti per la Scuola Statale.<\/p>\n<p>La giornata di lotta \u00e8 stata indetta contro la legge di stabilit\u00e0 e la spending review, che hanno continuato a taglieggiare la Scuola; contro la legge ex-Aprea, che con mano pesante interviene sulla vita democratica della scuola lasciando campo libero all\u2019ingresso dei privati; per la stabilizzazione di tutti i precari e contro il concorso truffa.<\/p>\n<p>Nelle manifestazioni di Roma, Milano e Bologna, la USB Scuola ha raccolto fondi\u00a0 per la Cassa di Resistenza destinata ai lavoratori dell\u2019ILVA, in sciopero da 11 giorni ed in corteo oggi a Taranto, ai quali sono andati gli applausi ed il sostegno concreto dei lavoratori della Scuola.<\/p>\n<p>\u201cPer il Governo abbiamo una proposta \u2013 annuncia Battista &#8211; \u00a0vogliamo che il miliardo e seicento milioni destinato alle imprese ed all\u2019aumento della contrattazione aziendale, previsto nell\u2019accordo di produttivit\u00e0 che Cgil Cisl Uil stanno contrattando, venga invece destinato a Scuola e Sanit\u00e0. Un cambio destinazione di risorse che, oltretutto, sarebbe a parit\u00e0 di saldo\u201d.<\/p>\n<p>\u201cProponiamo inoltre \u2013 aggiunge la dirigente USB &#8211; che i soldi sperperati nel concorso truffa e nelle prove INVALSI, vengano invece dirottati per la sicurezza degli edifici scolastici. E se ci regalassero l\u2019equivalente di quanto viene speso per un F35, potremmo ripristinare integralmente il tempo pieno nella scuola primaria, ed anche le ore negli istituti tecnici industriali\u201d, conclude Battista.<\/p>\n<p>&nbsp;<\/p>\n<p>Fonte: Comunicato Stampa USB, Roma, 10 novembre 2012<\/p>\n<p>&nbsp;<\/p>\n","protected":false},"excerpt":{"rendered":"<p>\u201cUna grande manifestazione di oltre 30.000 fra studenti, genitori, insegnanti, sereni e determinati, che ha ribadito con forza la piattaforma del Coordinamento delle Scuole a cui USB ha aderito\u00a0 sin dal primo momento\u201d, cos\u00ec Barbara Battista, dell\u2019USB P.I. Scuola, descrive&hellip;<\/p>\n","protected":false},"author":594,"featured_media":23749,"comment_status":"closed","ping_status":"open","sticky":false,"template":"","format":"standard","meta":{"footnotes":""},"categories":[150,1258,55],"tags":[1414,1413],"class_list":["post-23733","post","type-post","status-publish","format-standard","has-post-thumbnail","hentry","category-comunicati-stampa","category-educazione","category-politica","tag-scuola-pubblica","tag-spending-rewiew"],"yoast_head":"<!-- This site is optimized with the Yoast SEO plugin v27.1.1 - https:\/\/yoast.com\/product\/yoast-seo-wordpress\/ -->\n<title>Mobilitazione per la Scuola Statale<\/title>\n<meta name=\"description\" content=\"\u201cUna grande manifestazione di oltre 30.000 fra studenti, genitori, insegnanti, sereni e determinati, che ha ribadito con forza la piattaforma del\" \/>\n<meta name=\"robots\" content=\"index, follow, max-snippet:-1, max-image-preview:large, max-video-preview:-1\" \/>\n<link rel=\"canonical\" href=\"https:\/\/www.pressenza.com\/it\/2012\/11\/mobilitazione-per-la-scuola-statale\/\" \/>\n<meta property=\"og:locale\" content=\"it_IT\" \/>\n<meta property=\"og:type\" content=\"article\" \/>\n<meta property=\"og:title\" content=\"Mobilitazione per la Scuola Statale\" \/>\n<meta property=\"og:description\" content=\"\u201cUna grande manifestazione di oltre 30.000 fra studenti, genitori, insegnanti, sereni e determinati, che ha ribadito con forza la piattaforma del\" \/>\n<meta property=\"og:url\" content=\"https:\/\/www.pressenza.com\/it\/2012\/11\/mobilitazione-per-la-scuola-statale\/\" \/>\n<meta property=\"og:site_name\" content=\"Pressenza\" \/>\n<meta property=\"article:publisher\" content=\"https:\/\/www.facebook.com\/PressenzaItalia\" \/>\n<meta property=\"article:author\" content=\"https:\/\/www.facebook.com\/PressenzaItalia\" \/>\n<meta property=\"article:published_time\" content=\"2012-11-11T14:23:55+00:00\" \/>\n<meta property=\"article:modified_time\" content=\"2012-11-12T17:33:34+00:00\" \/>\n<meta property=\"og:image\" content=\"https:\/\/www.pressenza.com\/wp-content\/uploads\/2012\/11\/20121110_rm_scuola_corteo__1_.jpg\" \/>\n\t<meta property=\"og:image:width\" content=\"600\" \/>\n\t<meta property=\"og:image:height\" content=\"450\" \/>\n\t<meta property=\"og:image:type\" content=\"image\/jpeg\" \/>\n<meta name=\"author\" content=\"Redazione Italia\" \/>\n<meta name=\"twitter:card\" content=\"summary_large_image\" \/>\n<meta name=\"twitter:creator\" content=\"@pressenza_it\" \/>\n<meta name=\"twitter:site\" content=\"@PressenzaIPA\" \/>\n<meta name=\"twitter:label1\" content=\"Scritto da\" \/>\n\t<meta name=\"twitter:data1\" content=\"Redazione Italia\" \/>\n\t<meta name=\"twitter:label2\" content=\"Tempo di lettura stimato\" \/>\n\t<meta name=\"twitter:data2\" content=\"1 minuto\" \/>\n<script type=\"application\/ld+json\" class=\"yoast-schema-graph\">{\"@context\":\"https:\/\/schema.org\",\"@graph\":[{\"@type\":\"Article\",\"@id\":\"https:\/\/www.pressenza.com\/it\/2012\/11\/mobilitazione-per-la-scuola-statale\/#article\",\"isPartOf\":{\"@id\":\"https:\/\/www.pressenza.com\/it\/2012\/11\/mobilitazione-per-la-scuola-statale\/\"},\"author\":{\"name\":\"Redazione Italia\",\"@id\":\"https:\/\/www.pressenza.com\/it\/#\/schema\/person\/d983e81827ae24f2c7b1a2123d197f8d\"},\"headline\":\"Mobilitazione per la Scuola Statale\",\"datePublished\":\"2012-11-11T14:23:55+00:00\",\"dateModified\":\"2012-11-12T17:33:34+00:00\",\"mainEntityOfPage\":{\"@id\":\"https:\/\/www.pressenza.com\/it\/2012\/11\/mobilitazione-per-la-scuola-statale\/\"},\"wordCount\":295,\"publisher\":{\"@id\":\"https:\/\/www.pressenza.com\/it\/#organization\"},\"image\":{\"@id\":\"https:\/\/www.pressenza.com\/it\/2012\/11\/mobilitazione-per-la-scuola-statale\/#primaryimage\"},\"thumbnailUrl\":\"https:\/\/www.pressenza.com\/wp-content\/uploads\/2012\/11\/20121110_rm_scuola_corteo__1_.jpg\",\"keywords\":[\"scuola pubblica\",\"spending rewiew\"],\"articleSection\":[\"Comunicati Stampa\",\"Educazione\",\"Politica\"],\"inLanguage\":\"it-IT\"},{\"@type\":\"WebPage\",\"@id\":\"https:\/\/www.pressenza.com\/it\/2012\/11\/mobilitazione-per-la-scuola-statale\/\",\"url\":\"https:\/\/www.pressenza.com\/it\/2012\/11\/mobilitazione-per-la-scuola-statale\/\",\"name\":\"Mobilitazione per la Scuola Statale\",\"isPartOf\":{\"@id\":\"https:\/\/www.pressenza.com\/it\/#website\"},\"primaryImageOfPage\":{\"@id\":\"https:\/\/www.pressenza.com\/it\/2012\/11\/mobilitazione-per-la-scuola-statale\/#primaryimage\"},\"image\":{\"@id\":\"https:\/\/www.pressenza.com\/it\/2012\/11\/mobilitazione-per-la-scuola-statale\/#primaryimage\"},\"thumbnailUrl\":\"https:\/\/www.pressenza.com\/wp-content\/uploads\/2012\/11\/20121110_rm_scuola_corteo__1_.jpg\",\"datePublished\":\"2012-11-11T14:23:55+00:00\",\"dateModified\":\"2012-11-12T17:33:34+00:00\",\"description\":\"\u201cUna grande manifestazione di oltre 30.000 fra studenti, genitori, insegnanti, sereni e determinati, che ha ribadito con forza la piattaforma del\",\"breadcrumb\":{\"@id\":\"https:\/\/www.pressenza.com\/it\/2012\/11\/mobilitazione-per-la-scuola-statale\/#breadcrumb\"},\"inLanguage\":\"it-IT\",\"potentialAction\":[{\"@type\":\"ReadAction\",\"target\":[\"https:\/\/www.pressenza.com\/it\/2012\/11\/mobilitazione-per-la-scuola-statale\/\"]}]},{\"@type\":\"ImageObject\",\"inLanguage\":\"it-IT\",\"@id\":\"https:\/\/www.pressenza.com\/it\/2012\/11\/mobilitazione-per-la-scuola-statale\/#primaryimage\",\"url\":\"https:\/\/www.pressenza.com\/wp-content\/uploads\/2012\/11\/20121110_rm_scuola_corteo__1_.jpg\",\"contentUrl\":\"https:\/\/www.pressenza.com\/wp-content\/uploads\/2012\/11\/20121110_rm_scuola_corteo__1_.jpg\",\"width\":\"600\",\"height\":\"450\"},{\"@type\":\"BreadcrumbList\",\"@id\":\"https:\/\/www.pressenza.com\/it\/2012\/11\/mobilitazione-per-la-scuola-statale\/#breadcrumb\",\"itemListElement\":[{\"@type\":\"ListItem\",\"position\":1,\"name\":\"Accueil\",\"item\":\"https:\/\/www.pressenza.com\/it\/\"},{\"@type\":\"ListItem\",\"position\":2,\"name\":\"Mobilitazione per la Scuola Statale\"}]},{\"@type\":\"WebSite\",\"@id\":\"https:\/\/www.pressenza.com\/it\/#website\",\"url\":\"https:\/\/www.pressenza.com\/it\/\",\"name\":\"Pressenza\",\"description\":\"Agenzia di Stampa Internazionale\",\"publisher\":{\"@id\":\"https:\/\/www.pressenza.com\/it\/#organization\"},\"potentialAction\":[{\"@type\":\"SearchAction\",\"target\":{\"@type\":\"EntryPoint\",\"urlTemplate\":\"https:\/\/www.pressenza.com\/it\/?s={search_term_string}\"},\"query-input\":{\"@type\":\"PropertyValueSpecification\",\"valueRequired\":true,\"valueName\":\"search_term_string\"}}],\"inLanguage\":\"it-IT\"},{\"@type\":\"Organization\",\"@id\":\"https:\/\/www.pressenza.com\/it\/#organization\",\"name\":\"Pressenza\",\"url\":\"https:\/\/www.pressenza.com\/it\/\",\"logo\":{\"@type\":\"ImageObject\",\"inLanguage\":\"it-IT\",\"@id\":\"https:\/\/www.pressenza.com\/it\/#\/schema\/logo\/image\/\",\"url\":\"https:\/\/www.pressenza.com\/wp-content\/uploads\/2022\/10\/pressenza_logo_200x200.jpg\",\"contentUrl\":\"https:\/\/www.pressenza.com\/wp-content\/uploads\/2022\/10\/pressenza_logo_200x200.jpg\",\"width\":200,\"height\":200,\"caption\":\"Pressenza\"},\"image\":{\"@id\":\"https:\/\/www.pressenza.com\/it\/#\/schema\/logo\/image\/\"},\"sameAs\":[\"https:\/\/www.facebook.com\/PressenzaItalia\",\"https:\/\/x.com\/PressenzaIPA\"]},{\"@type\":\"Person\",\"@id\":\"https:\/\/www.pressenza.com\/it\/#\/schema\/person\/d983e81827ae24f2c7b1a2123d197f8d\",\"name\":\"Redazione Italia\",\"description\":\"News from the Pressenza Bureau in Italy\",\"sameAs\":[\"https:\/\/www.pressenza.com\/it\/author\/redazione-italia\/\",\"https:\/\/www.facebook.com\/PressenzaItalia\",\"https:\/\/www.instagram.com\/pressenza_italia\/\",\"https:\/\/x.com\/pressenza_it\",\"https:\/\/www.youtube.com\/channel\/UCSalEIWjE1RSxkwjfftFuqg\"],\"url\":\"https:\/\/www.pressenza.com\/it\/author\/redazione-italia\/\"}]}<\/script>\n<!-- \/ Yoast SEO plugin. -->","yoast_head_json":{"title":"Mobilitazione per la Scuola Statale","description":"\u201cUna grande manifestazione di oltre 30.000 fra studenti, genitori, insegnanti, sereni e determinati, che ha ribadito con forza la piattaforma del","robots":{"index":"index","follow":"follow","max-snippet":"max-snippet:-1","max-image-preview":"max-image-preview:large","max-video-preview":"max-video-preview:-1"},"canonical":"https:\/\/www.pressenza.com\/it\/2012\/11\/mobilitazione-per-la-scuola-statale\/","og_locale":"it_IT","og_type":"article","og_title":"Mobilitazione per la Scuola Statale","og_description":"\u201cUna grande manifestazione di oltre 30.000 fra studenti, genitori, insegnanti, sereni e determinati, che ha ribadito con forza la piattaforma del","og_url":"https:\/\/www.pressenza.com\/it\/2012\/11\/mobilitazione-per-la-scuola-statale\/","og_site_name":"Pressenza","article_publisher":"https:\/\/www.facebook.com\/PressenzaItalia","article_author":"https:\/\/www.facebook.com\/PressenzaItalia","article_published_time":"2012-11-11T14:23:55+00:00","article_modified_time":"2012-11-12T17:33:34+00:00","og_image":[{"width":600,"height":450,"url":"https:\/\/www.pressenza.com\/wp-content\/uploads\/2012\/11\/20121110_rm_scuola_corteo__1_.jpg","type":"image\/jpeg"}],"author":"Redazione Italia","twitter_card":"summary_large_image","twitter_creator":"@pressenza_it","twitter_site":"@PressenzaIPA","twitter_misc":{"Scritto da":"Redazione Italia","Tempo di lettura stimato":"1 minuto"},"schema":{"@context":"https:\/\/schema.org","@graph":[{"@type":"Article","@id":"https:\/\/www.pressenza.com\/it\/2012\/11\/mobilitazione-per-la-scuola-statale\/#article","isPartOf":{"@id":"https:\/\/www.pressenza.com\/it\/2012\/11\/mobilitazione-per-la-scuola-statale\/"},"author":{"name":"Redazione Italia","@id":"https:\/\/www.pressenza.com\/it\/#\/schema\/person\/d983e81827ae24f2c7b1a2123d197f8d"},"headline":"Mobilitazione per la Scuola Statale","datePublished":"2012-11-11T14:23:55+00:00","dateModified":"2012-11-12T17:33:34+00:00","mainEntityOfPage":{"@id":"https:\/\/www.pressenza.com\/it\/2012\/11\/mobilitazione-per-la-scuola-statale\/"},"wordCount":295,"publisher":{"@id":"https:\/\/www.pressenza.com\/it\/#organization"},"image":{"@id":"https:\/\/www.pressenza.com\/it\/2012\/11\/mobilitazione-per-la-scuola-statale\/#primaryimage"},"thumbnailUrl":"https:\/\/www.pressenza.com\/wp-content\/uploads\/2012\/11\/20121110_rm_scuola_corteo__1_.jpg","keywords":["scuola pubblica","spending rewiew"],"articleSection":["Comunicati Stampa","Educazione","Politica"],"inLanguage":"it-IT"},{"@type":"WebPage","@id":"https:\/\/www.pressenza.com\/it\/2012\/11\/mobilitazione-per-la-scuola-statale\/","url":"https:\/\/www.pressenza.com\/it\/2012\/11\/mobilitazione-per-la-scuola-statale\/","name":"Mobilitazione per la Scuola Statale","isPartOf":{"@id":"https:\/\/www.pressenza.com\/it\/#website"},"primaryImageOfPage":{"@id":"https:\/\/www.pressenza.com\/it\/2012\/11\/mobilitazione-per-la-scuola-statale\/#primaryimage"},"image":{"@id":"https:\/\/www.pressenza.com\/it\/2012\/11\/mobilitazione-per-la-scuola-statale\/#primaryimage"},"thumbnailUrl":"https:\/\/www.pressenza.com\/wp-content\/uploads\/2012\/11\/20121110_rm_scuola_corteo__1_.jpg","datePublished":"2012-11-11T14:23:55+00:00","dateModified":"2012-11-12T17:33:34+00:00","description":"\u201cUna grande manifestazione di oltre 30.000 fra studenti, genitori, insegnanti, sereni e determinati, che ha ribadito con forza la piattaforma del","breadcrumb":{"@id":"https:\/\/www.pressenza.com\/it\/2012\/11\/mobilitazione-per-la-scuola-statale\/#breadcrumb"},"inLanguage":"it-IT","potentialAction":[{"@type":"ReadAction","target":["https:\/\/www.pressenza.com\/it\/2012\/11\/mobilitazione-per-la-scuola-statale\/"]}]},{"@type":"ImageObject","inLanguage":"it-IT","@id":"https:\/\/www.pressenza.com\/it\/2012\/11\/mobilitazione-per-la-scuola-statale\/#primaryimage","url":"https:\/\/www.pressenza.com\/wp-content\/uploads\/2012\/11\/20121110_rm_scuola_corteo__1_.jpg","contentUrl":"https:\/\/www.pressenza.com\/wp-content\/uploads\/2012\/11\/20121110_rm_scuola_corteo__1_.jpg","width":"600","height":"450"},{"@type":"BreadcrumbList","@id":"https:\/\/www.pressenza.com\/it\/2012\/11\/mobilitazione-per-la-scuola-statale\/#breadcrumb","itemListElement":[{"@type":"ListItem","position":1,"name":"Accueil","item":"https:\/\/www.pressenza.com\/it\/"},{"@type":"ListItem","position":2,"name":"Mobilitazione per la Scuola Statale"}]},{"@type":"WebSite","@id":"https:\/\/www.pressenza.com\/it\/#website","url":"https:\/\/www.pressenza.com\/it\/","name":"Pressenza","description":"Agenzia di Stampa Internazionale","publisher":{"@id":"https:\/\/www.pressenza.com\/it\/#organization"},"potentialAction":[{"@type":"SearchAction","target":{"@type":"EntryPoint","urlTemplate":"https:\/\/www.pressenza.com\/it\/?s={search_term_string}"},"query-input":{"@type":"PropertyValueSpecification","valueRequired":true,"valueName":"search_term_string"}}],"inLanguage":"it-IT"},{"@type":"Organization","@id":"https:\/\/www.pressenza.com\/it\/#organization","name":"Pressenza","url":"https:\/\/www.pressenza.com\/it\/","logo":{"@type":"ImageObject","inLanguage":"it-IT","@id":"https:\/\/www.pressenza.com\/it\/#\/schema\/logo\/image\/","url":"https:\/\/www.pressenza.com\/wp-content\/uploads\/2022\/10\/pressenza_logo_200x200.jpg","contentUrl":"https:\/\/www.pressenza.com\/wp-content\/uploads\/2022\/10\/pressenza_logo_200x200.jpg","width":200,"height":200,"caption":"Pressenza"},"image":{"@id":"https:\/\/www.pressenza.com\/it\/#\/schema\/logo\/image\/"},"sameAs":["https:\/\/www.facebook.com\/PressenzaItalia","https:\/\/x.com\/PressenzaIPA"]},{"@type":"Person","@id":"https:\/\/www.pressenza.com\/it\/#\/schema\/person\/d983e81827ae24f2c7b1a2123d197f8d","name":"Redazione Italia","description":"News from the Pressenza Bureau in Italy","sameAs":["https:\/\/www.pressenza.com\/it\/author\/redazione-italia\/","https:\/\/www.facebook.com\/PressenzaItalia","https:\/\/www.instagram.com\/pressenza_italia\/","https:\/\/x.com\/pressenza_it","https:\/\/www.youtube.com\/channel\/UCSalEIWjE1RSxkwjfftFuqg"],"url":"https:\/\/www.pressenza.com\/it\/author\/redazione-italia\/"}]}},"place":"","original_article_url":"","_links":{"self":[{"href":"https:\/\/www.pressenza.com\/it\/wp-json\/wp\/v2\/posts\/23733","targetHints":{"allow":["GET"]}}],"collection":[{"href":"https:\/\/www.pressenza.com\/it\/wp-json\/wp\/v2\/posts"}],"about":[{"href":"https:\/\/www.pressenza.com\/it\/wp-json\/wp\/v2\/types\/post"}],"author":[{"embeddable":true,"href":"https:\/\/www.pressenza.com\/it\/wp-json\/wp\/v2\/users\/594"}],"replies":[{"embeddable":true,"href":"https:\/\/www.pressenza.com\/it\/wp-json\/wp\/v2\/comments?post=23733"}],"version-history":[{"count":0,"href":"https:\/\/www.pressenza.com\/it\/wp-json\/wp\/v2\/posts\/23733\/revisions"}],"wp:featuredmedia":[{"embeddable":true,"href":"https:\/\/www.pressenza.com\/it\/wp-json\/wp\/v2\/media\/23749"}],"wp:attachment":[{"href":"https:\/\/www.pressenza.com\/it\/wp-json\/wp\/v2\/media?parent=23733"}],"wp:term":[{"taxonomy":"category","embeddable":true,"href":"https:\/\/www.pressenza.com\/it\/wp-json\/wp\/v2\/categories?post=23733"},{"taxonomy":"post_tag","embeddable":true,"href":"https:\/\/www.pressenza.com\/it\/wp-json\/wp\/v2\/tags?post=23733"}],"curies":[{"name":"wp","href":"https:\/\/api.w.org\/{rel}","templated":true}]}}