{"id":2359123,"date":"2024-05-15T22:57:19","date_gmt":"2024-05-15T21:57:19","guid":{"rendered":"https:\/\/www.pressenza.com\/?p=2359123"},"modified":"2024-05-15T22:58:48","modified_gmt":"2024-05-15T21:58:48","slug":"nomina-dei-ministri-e-abusi-del-potere","status":"publish","type":"post","link":"https:\/\/www.pressenza.com\/it\/2024\/05\/nomina-dei-ministri-e-abusi-del-potere\/","title":{"rendered":"Nomina dei ministri e abusi del potere"},"content":{"rendered":"<p>Intervistata da Maurizio Belpietro, direttore del quotidiano La Verit\u00e0, il 14 maggio la Presidente del Consiglio Giorgia Meloni ha dichiarato: \u201cNon ho mai pensato di fare un rimpasto di Governo. Anzi, tra gli obiettivi che mi sono data, tra le cose sulle quali mi piacerebbe fare la differenza, c\u2019\u00e8 proprio di arrivare a cinque anni con il governo che ho nominato. Questo non \u00e8 mai accaduto nella storia d\u2019Italia\u201d.<\/p>\n<p>Nella Costituzione vigente sta scritto che \u201cil Presidente della Repubblica nomina il Presidente del Consiglio dei ministri e, su proposta di questo, i ministri\u201d (art. 92). Non esiste nessun governo che \u00e8 stato nominato da Giorgia Meloni!<\/p>\n<p>Non solo. Nel disegno di revisione costituzionale presentato nel novembre scorso dall\u2019attuale Presidente del Consiglio dei ministri Meloni e dal Ministro per le riforme istituzionali e la semplificazione normativa Alberti Casellati l\u2019art. 92 della Costituzione viene cos\u00ec riformulato: \u201cIl Presidente della Repubblica conferisce al Presidente del Consiglio dei ministri eletto l\u2019incarico di formare il Governo e nomina, su proposta del Presidente del Consiglio, i ministri\u201d. Quindi, nemmeno la riforma costituzionale del premierato prevede che il governo sia nominato dal Presidente del Consiglio dei ministri!<\/p>\n<p>La Presidente del Consiglio probabilmente crede di aver nominato l\u2019attuale governo, anche se cos\u00ec evidentemente non \u00e8 (e non sar\u00e0). Per dare una spiegazione alla dichiarazione di Giorgia Meloni forse bisogna prendere atto che il potere pu\u00f2 creare dipendenza, euforia e allucinazioni. La storia ci insegna \u2013 purtroppo \u2013 che il potere di norma tende ad eccedere. Le Costituzioni servono proprio a questo: evitare o contenere gli abusi del potere.<\/p>\n<p>Nello stesso giorno in cui Giorgia Meloni si \u00e8 attribuita illecitamente il potere di nominare il governo, la senatrice Liliana Segre \u00e8 intervenuta in Parlamento a proposito del \u201cpremierato\u201d, dicendo: \u201cContinuo anche a ritenere che occorrerebbe impegnarsi per attuare la Costituzione esistente. E innanzitutto per rispettarla. Confesso, ad esempio, che mi stupisce che gli eletti dal popolo \u2013 di ogni colore \u2013 non reagiscano al sistematico e inveterato abuso della potest\u00e0 legislativa da parte dei Governi, in casi che non hanno nulla di straordinariamente necessario e urgente. Ed a maggior ragione mi colpisce il fatto che oggi, di fronte alla palese mortificazione del potere legislativo, si proponga invece di riformare la Carta per rafforzare il gi\u00e0 debordante potere esecutivo\u201d.<\/p>\n<p>Da mesi gli esponenti del governo in carica &#8211; contro ogni evidenza &#8211; continuano a sostenere che il premierato non toccher\u00e0 i poteri del Presidente della Repubblica. Invece Liliana Segre con acutezza ha detto: \u201cUlteriore motivo di allarme \u00e8 provocato dal drastico declassamento che la riforma produce a danno del Presidente della Repubblica. Il Capo dello Stato infatti non solo viene privato di alcune fondamentali prerogative, ma sarebbe fatalmente costretto a guardare dal basso in alto un Presidente del Consiglio forte di una diretta investitura popolare\u201d.<\/p>\n<p>\u00c8 evidente che negli ultimi decenni la politica \u00e8 scivolata dalla partecipazione attiva dei cittadini alla scelta di un capo al quale delegare le decisioni per tutti. Liliana Segre ne \u00e8 consapevole e non pu\u00f2 tacere di fronte a questa deriva: \u201cNon tutto pu\u00f2 essere sacrificato in nome dello slogan \u201cscegliete voi il capo del governo!\u201d Anche le trib\u00f9 della preistoria avevano un capo, ma solo le democrazie costituzionali hanno separazione dei poteri, controlli e bilanciamenti, cio\u00e8 gli argini per evitare di ricadere in quelle autocrazie contro le quali tutte le Costituzioni sono nate\u201d.<\/p>\n","protected":false},"excerpt":{"rendered":"<p>Intervistata da Maurizio Belpietro, direttore del quotidiano La Verit\u00e0, il 14 maggio la Presidente del Consiglio Giorgia Meloni ha dichiarato: \u201cNon ho mai pensato di fare un rimpasto di Governo. Anzi, tra gli obiettivi che mi sono data, tra le&hellip;<\/p>\n","protected":false},"author":1280,"featured_media":1706562,"comment_status":"closed","ping_status":"closed","sticky":false,"template":"","format":"standard","meta":{"footnotes":""},"categories":[11388,47,55],"tags":[185,58871,24776],"class_list":["post-2359123","post","type-post","status-publish","format-standard","has-post-thumbnail","hentry","category-contenuti-originali","category-europa","category-politica","tag-governo","tag-presidente-del-consiglio","tag-riforma-costituzionale"],"yoast_head":"<!-- This site is optimized with the Yoast SEO plugin v27.1.1 - https:\/\/yoast.com\/product\/yoast-seo-wordpress\/ -->\n<title>Nomina dei ministri e abusi del potere<\/title>\n<meta name=\"description\" content=\"Intervistata da Maurizio Belpietro, direttore del quotidiano La Verit\u00e0, il 14 maggio la Presidente del Consiglio Giorgia Meloni ha dichiarato: \u201cNon ho mai\" \/>\n<meta name=\"robots\" content=\"index, follow, max-snippet:-1, max-image-preview:large, max-video-preview:-1\" \/>\n<link rel=\"canonical\" href=\"https:\/\/www.pressenza.com\/it\/2024\/05\/nomina-dei-ministri-e-abusi-del-potere\/\" \/>\n<meta property=\"og:locale\" content=\"it_IT\" \/>\n<meta property=\"og:type\" content=\"article\" \/>\n<meta property=\"og:title\" content=\"Nomina dei ministri e abusi del potere\" \/>\n<meta property=\"og:description\" content=\"Intervistata da Maurizio Belpietro, direttore del quotidiano La Verit\u00e0, il 14 maggio la Presidente del Consiglio Giorgia Meloni ha dichiarato: \u201cNon ho mai\" \/>\n<meta property=\"og:url\" content=\"https:\/\/www.pressenza.com\/it\/2024\/05\/nomina-dei-ministri-e-abusi-del-potere\/\" \/>\n<meta property=\"og:site_name\" content=\"Pressenza\" \/>\n<meta property=\"article:publisher\" content=\"https:\/\/www.facebook.com\/PressenzaItalia\" \/>\n<meta property=\"article:published_time\" content=\"2024-05-15T21:57:19+00:00\" \/>\n<meta property=\"article:modified_time\" content=\"2024-05-15T21:58:48+00:00\" \/>\n<meta property=\"og:image\" content=\"https:\/\/www.pressenza.com\/wp-content\/uploads\/2023\/01\/costituzione-respect.jpg\" \/>\n\t<meta property=\"og:image:width\" content=\"610\" \/>\n\t<meta property=\"og:image:height\" content=\"280\" \/>\n\t<meta property=\"og:image:type\" content=\"image\/jpeg\" \/>\n<meta name=\"author\" content=\"Rocco Artifoni\" \/>\n<meta name=\"twitter:card\" content=\"summary_large_image\" \/>\n<meta name=\"twitter:creator\" content=\"@PressenzaIPA\" \/>\n<meta name=\"twitter:site\" content=\"@PressenzaIPA\" \/>\n<meta name=\"twitter:label1\" content=\"Scritto da\" \/>\n\t<meta name=\"twitter:data1\" content=\"Rocco Artifoni\" \/>\n\t<meta name=\"twitter:label2\" content=\"Tempo di lettura stimato\" \/>\n\t<meta name=\"twitter:data2\" content=\"3 minuti\" \/>\n<script type=\"application\/ld+json\" class=\"yoast-schema-graph\">{\"@context\":\"https:\/\/schema.org\",\"@graph\":[{\"@type\":\"Article\",\"@id\":\"https:\/\/www.pressenza.com\/it\/2024\/05\/nomina-dei-ministri-e-abusi-del-potere\/#article\",\"isPartOf\":{\"@id\":\"https:\/\/www.pressenza.com\/it\/2024\/05\/nomina-dei-ministri-e-abusi-del-potere\/\"},\"author\":{\"name\":\"Rocco Artifoni\",\"@id\":\"https:\/\/www.pressenza.com\/it\/#\/schema\/person\/47253bd773bfdc8f669fc1a490a0d099\"},\"headline\":\"Nomina dei ministri e abusi del potere\",\"datePublished\":\"2024-05-15T21:57:19+00:00\",\"dateModified\":\"2024-05-15T21:58:48+00:00\",\"mainEntityOfPage\":{\"@id\":\"https:\/\/www.pressenza.com\/it\/2024\/05\/nomina-dei-ministri-e-abusi-del-potere\/\"},\"wordCount\":555,\"publisher\":{\"@id\":\"https:\/\/www.pressenza.com\/it\/#organization\"},\"image\":{\"@id\":\"https:\/\/www.pressenza.com\/it\/2024\/05\/nomina-dei-ministri-e-abusi-del-potere\/#primaryimage\"},\"thumbnailUrl\":\"https:\/\/www.pressenza.com\/wp-content\/uploads\/2023\/01\/costituzione-respect.jpg\",\"keywords\":[\"governo\",\"Presidente del Consiglio\",\"riforma costituzionale\"],\"articleSection\":[\"contenuti originali\",\"Europa\",\"Politica\"],\"inLanguage\":\"it-IT\"},{\"@type\":\"WebPage\",\"@id\":\"https:\/\/www.pressenza.com\/it\/2024\/05\/nomina-dei-ministri-e-abusi-del-potere\/\",\"url\":\"https:\/\/www.pressenza.com\/it\/2024\/05\/nomina-dei-ministri-e-abusi-del-potere\/\",\"name\":\"Nomina dei ministri e abusi del potere\",\"isPartOf\":{\"@id\":\"https:\/\/www.pressenza.com\/it\/#website\"},\"primaryImageOfPage\":{\"@id\":\"https:\/\/www.pressenza.com\/it\/2024\/05\/nomina-dei-ministri-e-abusi-del-potere\/#primaryimage\"},\"image\":{\"@id\":\"https:\/\/www.pressenza.com\/it\/2024\/05\/nomina-dei-ministri-e-abusi-del-potere\/#primaryimage\"},\"thumbnailUrl\":\"https:\/\/www.pressenza.com\/wp-content\/uploads\/2023\/01\/costituzione-respect.jpg\",\"datePublished\":\"2024-05-15T21:57:19+00:00\",\"dateModified\":\"2024-05-15T21:58:48+00:00\",\"description\":\"Intervistata da Maurizio Belpietro, direttore del quotidiano La Verit\u00e0, il 14 maggio la Presidente del Consiglio Giorgia Meloni ha dichiarato: \u201cNon ho mai\",\"breadcrumb\":{\"@id\":\"https:\/\/www.pressenza.com\/it\/2024\/05\/nomina-dei-ministri-e-abusi-del-potere\/#breadcrumb\"},\"inLanguage\":\"it-IT\",\"potentialAction\":[{\"@type\":\"ReadAction\",\"target\":[\"https:\/\/www.pressenza.com\/it\/2024\/05\/nomina-dei-ministri-e-abusi-del-potere\/\"]}]},{\"@type\":\"ImageObject\",\"inLanguage\":\"it-IT\",\"@id\":\"https:\/\/www.pressenza.com\/it\/2024\/05\/nomina-dei-ministri-e-abusi-del-potere\/#primaryimage\",\"url\":\"https:\/\/www.pressenza.com\/wp-content\/uploads\/2023\/01\/costituzione-respect.jpg\",\"contentUrl\":\"https:\/\/www.pressenza.com\/wp-content\/uploads\/2023\/01\/costituzione-respect.jpg\",\"width\":610,\"height\":280,\"caption\":\"Foto Mauro Scrobogna \/LaPresse 23-09-2011 Roma Politica Quirinale - Cerimonia di inaugurazione dell'anno scolastico 2011-2012 Nella foto: invito al rispetto della costituzione da parte del pubblico al passaggio del Presidente della Repubblica Giorgio Napolitano Photo Mauro Scrobogna \/LaPresse 23-09-2011 Rome Politics Quirinale - school year 2011-2012 opening cerimony In the picture: The President of the Republic Giorgio Napolitano\"},{\"@type\":\"BreadcrumbList\",\"@id\":\"https:\/\/www.pressenza.com\/it\/2024\/05\/nomina-dei-ministri-e-abusi-del-potere\/#breadcrumb\",\"itemListElement\":[{\"@type\":\"ListItem\",\"position\":1,\"name\":\"Accueil\",\"item\":\"https:\/\/www.pressenza.com\/it\/\"},{\"@type\":\"ListItem\",\"position\":2,\"name\":\"Nomina dei ministri e abusi del potere\"}]},{\"@type\":\"WebSite\",\"@id\":\"https:\/\/www.pressenza.com\/it\/#website\",\"url\":\"https:\/\/www.pressenza.com\/it\/\",\"name\":\"Pressenza\",\"description\":\"Agenzia di Stampa Internazionale\",\"publisher\":{\"@id\":\"https:\/\/www.pressenza.com\/it\/#organization\"},\"potentialAction\":[{\"@type\":\"SearchAction\",\"target\":{\"@type\":\"EntryPoint\",\"urlTemplate\":\"https:\/\/www.pressenza.com\/it\/?s={search_term_string}\"},\"query-input\":{\"@type\":\"PropertyValueSpecification\",\"valueRequired\":true,\"valueName\":\"search_term_string\"}}],\"inLanguage\":\"it-IT\"},{\"@type\":\"Organization\",\"@id\":\"https:\/\/www.pressenza.com\/it\/#organization\",\"name\":\"Pressenza\",\"url\":\"https:\/\/www.pressenza.com\/it\/\",\"logo\":{\"@type\":\"ImageObject\",\"inLanguage\":\"it-IT\",\"@id\":\"https:\/\/www.pressenza.com\/it\/#\/schema\/logo\/image\/\",\"url\":\"https:\/\/www.pressenza.com\/wp-content\/uploads\/2022\/10\/pressenza_logo_200x200.jpg\",\"contentUrl\":\"https:\/\/www.pressenza.com\/wp-content\/uploads\/2022\/10\/pressenza_logo_200x200.jpg\",\"width\":200,\"height\":200,\"caption\":\"Pressenza\"},\"image\":{\"@id\":\"https:\/\/www.pressenza.com\/it\/#\/schema\/logo\/image\/\"},\"sameAs\":[\"https:\/\/www.facebook.com\/PressenzaItalia\",\"https:\/\/x.com\/PressenzaIPA\"]},{\"@type\":\"Person\",\"@id\":\"https:\/\/www.pressenza.com\/it\/#\/schema\/person\/47253bd773bfdc8f669fc1a490a0d099\",\"name\":\"Rocco Artifoni\",\"description\":\"Rocco Artifoni \u00e8 nato a Bergamo nel 1960. \u00c8 presidente nazionale dell\u2019Associazione per la Riduzione del Debito Pubblico (www.ardep.it) e referente per la Lombardia dell\u2019Associazione Art. 53 (www.articolo53.it). Principali appartenenze e impegni locali (provincia di Bergamo): Consiglio Direttivo della Fondazione Serughetti La Porta (www.laportabergamo.it), Comitato provinciale per l\u2019abolizione delle barriere architettoniche (www.diversabile.it), Coordinamento provinciale di Libera (www.liberabg.it), Comitato bergamasco per la difesa della Costituzione (www.salviamolacostituzione.bg.it), Scuola di educazione e formazione alla politica We Care (www.scuolawecare.it), Redazione della rivista L\u2019Incontro e delle Edizioni Gruppo Aeper (www.aeper.it). Nel 2014 ha pubblicato insieme a Filippo Pizzolato \u201cL\u2019ABC della Costituzione\u201d per le Edizioni Gruppo Aeper con prefazione di don Luigi Ciotti. Nel 2018, insieme a Francesco Gesualdi e Antonio De Lellis, per CADTM Italia ha pubblicato il dossier \u201cFisco &amp; Debito. Gli effetti delle controriforme fiscali sul nostro debito pubblico\u201d.\",\"url\":\"https:\/\/www.pressenza.com\/it\/author\/rocco-artifoni\/\"}]}<\/script>\n<!-- \/ Yoast SEO plugin. -->","yoast_head_json":{"title":"Nomina dei ministri e abusi del potere","description":"Intervistata da Maurizio Belpietro, direttore del quotidiano La Verit\u00e0, il 14 maggio la Presidente del Consiglio Giorgia Meloni ha dichiarato: \u201cNon ho mai","robots":{"index":"index","follow":"follow","max-snippet":"max-snippet:-1","max-image-preview":"max-image-preview:large","max-video-preview":"max-video-preview:-1"},"canonical":"https:\/\/www.pressenza.com\/it\/2024\/05\/nomina-dei-ministri-e-abusi-del-potere\/","og_locale":"it_IT","og_type":"article","og_title":"Nomina dei ministri e abusi del potere","og_description":"Intervistata da Maurizio Belpietro, direttore del quotidiano La Verit\u00e0, il 14 maggio la Presidente del Consiglio Giorgia Meloni ha dichiarato: \u201cNon ho mai","og_url":"https:\/\/www.pressenza.com\/it\/2024\/05\/nomina-dei-ministri-e-abusi-del-potere\/","og_site_name":"Pressenza","article_publisher":"https:\/\/www.facebook.com\/PressenzaItalia","article_published_time":"2024-05-15T21:57:19+00:00","article_modified_time":"2024-05-15T21:58:48+00:00","og_image":[{"width":610,"height":280,"url":"https:\/\/www.pressenza.com\/wp-content\/uploads\/2023\/01\/costituzione-respect.jpg","type":"image\/jpeg"}],"author":"Rocco Artifoni","twitter_card":"summary_large_image","twitter_creator":"@PressenzaIPA","twitter_site":"@PressenzaIPA","twitter_misc":{"Scritto da":"Rocco Artifoni","Tempo di lettura stimato":"3 minuti"},"schema":{"@context":"https:\/\/schema.org","@graph":[{"@type":"Article","@id":"https:\/\/www.pressenza.com\/it\/2024\/05\/nomina-dei-ministri-e-abusi-del-potere\/#article","isPartOf":{"@id":"https:\/\/www.pressenza.com\/it\/2024\/05\/nomina-dei-ministri-e-abusi-del-potere\/"},"author":{"name":"Rocco Artifoni","@id":"https:\/\/www.pressenza.com\/it\/#\/schema\/person\/47253bd773bfdc8f669fc1a490a0d099"},"headline":"Nomina dei ministri e abusi del potere","datePublished":"2024-05-15T21:57:19+00:00","dateModified":"2024-05-15T21:58:48+00:00","mainEntityOfPage":{"@id":"https:\/\/www.pressenza.com\/it\/2024\/05\/nomina-dei-ministri-e-abusi-del-potere\/"},"wordCount":555,"publisher":{"@id":"https:\/\/www.pressenza.com\/it\/#organization"},"image":{"@id":"https:\/\/www.pressenza.com\/it\/2024\/05\/nomina-dei-ministri-e-abusi-del-potere\/#primaryimage"},"thumbnailUrl":"https:\/\/www.pressenza.com\/wp-content\/uploads\/2023\/01\/costituzione-respect.jpg","keywords":["governo","Presidente del Consiglio","riforma costituzionale"],"articleSection":["contenuti originali","Europa","Politica"],"inLanguage":"it-IT"},{"@type":"WebPage","@id":"https:\/\/www.pressenza.com\/it\/2024\/05\/nomina-dei-ministri-e-abusi-del-potere\/","url":"https:\/\/www.pressenza.com\/it\/2024\/05\/nomina-dei-ministri-e-abusi-del-potere\/","name":"Nomina dei ministri e abusi del potere","isPartOf":{"@id":"https:\/\/www.pressenza.com\/it\/#website"},"primaryImageOfPage":{"@id":"https:\/\/www.pressenza.com\/it\/2024\/05\/nomina-dei-ministri-e-abusi-del-potere\/#primaryimage"},"image":{"@id":"https:\/\/www.pressenza.com\/it\/2024\/05\/nomina-dei-ministri-e-abusi-del-potere\/#primaryimage"},"thumbnailUrl":"https:\/\/www.pressenza.com\/wp-content\/uploads\/2023\/01\/costituzione-respect.jpg","datePublished":"2024-05-15T21:57:19+00:00","dateModified":"2024-05-15T21:58:48+00:00","description":"Intervistata da Maurizio Belpietro, direttore del quotidiano La Verit\u00e0, il 14 maggio la Presidente del Consiglio Giorgia Meloni ha dichiarato: \u201cNon ho mai","breadcrumb":{"@id":"https:\/\/www.pressenza.com\/it\/2024\/05\/nomina-dei-ministri-e-abusi-del-potere\/#breadcrumb"},"inLanguage":"it-IT","potentialAction":[{"@type":"ReadAction","target":["https:\/\/www.pressenza.com\/it\/2024\/05\/nomina-dei-ministri-e-abusi-del-potere\/"]}]},{"@type":"ImageObject","inLanguage":"it-IT","@id":"https:\/\/www.pressenza.com\/it\/2024\/05\/nomina-dei-ministri-e-abusi-del-potere\/#primaryimage","url":"https:\/\/www.pressenza.com\/wp-content\/uploads\/2023\/01\/costituzione-respect.jpg","contentUrl":"https:\/\/www.pressenza.com\/wp-content\/uploads\/2023\/01\/costituzione-respect.jpg","width":610,"height":280,"caption":"Foto Mauro Scrobogna \/LaPresse 23-09-2011 Roma Politica Quirinale - Cerimonia di inaugurazione dell'anno scolastico 2011-2012 Nella foto: invito al rispetto della costituzione da parte del pubblico al passaggio del Presidente della Repubblica Giorgio Napolitano Photo Mauro Scrobogna \/LaPresse 23-09-2011 Rome Politics Quirinale - school year 2011-2012 opening cerimony In the picture: The President of the Republic Giorgio Napolitano"},{"@type":"BreadcrumbList","@id":"https:\/\/www.pressenza.com\/it\/2024\/05\/nomina-dei-ministri-e-abusi-del-potere\/#breadcrumb","itemListElement":[{"@type":"ListItem","position":1,"name":"Accueil","item":"https:\/\/www.pressenza.com\/it\/"},{"@type":"ListItem","position":2,"name":"Nomina dei ministri e abusi del potere"}]},{"@type":"WebSite","@id":"https:\/\/www.pressenza.com\/it\/#website","url":"https:\/\/www.pressenza.com\/it\/","name":"Pressenza","description":"Agenzia di Stampa Internazionale","publisher":{"@id":"https:\/\/www.pressenza.com\/it\/#organization"},"potentialAction":[{"@type":"SearchAction","target":{"@type":"EntryPoint","urlTemplate":"https:\/\/www.pressenza.com\/it\/?s={search_term_string}"},"query-input":{"@type":"PropertyValueSpecification","valueRequired":true,"valueName":"search_term_string"}}],"inLanguage":"it-IT"},{"@type":"Organization","@id":"https:\/\/www.pressenza.com\/it\/#organization","name":"Pressenza","url":"https:\/\/www.pressenza.com\/it\/","logo":{"@type":"ImageObject","inLanguage":"it-IT","@id":"https:\/\/www.pressenza.com\/it\/#\/schema\/logo\/image\/","url":"https:\/\/www.pressenza.com\/wp-content\/uploads\/2022\/10\/pressenza_logo_200x200.jpg","contentUrl":"https:\/\/www.pressenza.com\/wp-content\/uploads\/2022\/10\/pressenza_logo_200x200.jpg","width":200,"height":200,"caption":"Pressenza"},"image":{"@id":"https:\/\/www.pressenza.com\/it\/#\/schema\/logo\/image\/"},"sameAs":["https:\/\/www.facebook.com\/PressenzaItalia","https:\/\/x.com\/PressenzaIPA"]},{"@type":"Person","@id":"https:\/\/www.pressenza.com\/it\/#\/schema\/person\/47253bd773bfdc8f669fc1a490a0d099","name":"Rocco Artifoni","description":"Rocco Artifoni \u00e8 nato a Bergamo nel 1960. \u00c8 presidente nazionale dell\u2019Associazione per la Riduzione del Debito Pubblico (www.ardep.it) e referente per la Lombardia dell\u2019Associazione Art. 53 (www.articolo53.it). Principali appartenenze e impegni locali (provincia di Bergamo): Consiglio Direttivo della Fondazione Serughetti La Porta (www.laportabergamo.it), Comitato provinciale per l\u2019abolizione delle barriere architettoniche (www.diversabile.it), Coordinamento provinciale di Libera (www.liberabg.it), Comitato bergamasco per la difesa della Costituzione (www.salviamolacostituzione.bg.it), Scuola di educazione e formazione alla politica We Care (www.scuolawecare.it), Redazione della rivista L\u2019Incontro e delle Edizioni Gruppo Aeper (www.aeper.it). Nel 2014 ha pubblicato insieme a Filippo Pizzolato \u201cL\u2019ABC della Costituzione\u201d per le Edizioni Gruppo Aeper con prefazione di don Luigi Ciotti. Nel 2018, insieme a Francesco Gesualdi e Antonio De Lellis, per CADTM Italia ha pubblicato il dossier \u201cFisco &amp; Debito. Gli effetti delle controriforme fiscali sul nostro debito pubblico\u201d.","url":"https:\/\/www.pressenza.com\/it\/author\/rocco-artifoni\/"}]}},"place":"","original_article_url":"","_links":{"self":[{"href":"https:\/\/www.pressenza.com\/it\/wp-json\/wp\/v2\/posts\/2359123","targetHints":{"allow":["GET"]}}],"collection":[{"href":"https:\/\/www.pressenza.com\/it\/wp-json\/wp\/v2\/posts"}],"about":[{"href":"https:\/\/www.pressenza.com\/it\/wp-json\/wp\/v2\/types\/post"}],"author":[{"embeddable":true,"href":"https:\/\/www.pressenza.com\/it\/wp-json\/wp\/v2\/users\/1280"}],"replies":[{"embeddable":true,"href":"https:\/\/www.pressenza.com\/it\/wp-json\/wp\/v2\/comments?post=2359123"}],"version-history":[{"count":0,"href":"https:\/\/www.pressenza.com\/it\/wp-json\/wp\/v2\/posts\/2359123\/revisions"}],"wp:featuredmedia":[{"embeddable":true,"href":"https:\/\/www.pressenza.com\/it\/wp-json\/wp\/v2\/media\/1706562"}],"wp:attachment":[{"href":"https:\/\/www.pressenza.com\/it\/wp-json\/wp\/v2\/media?parent=2359123"}],"wp:term":[{"taxonomy":"category","embeddable":true,"href":"https:\/\/www.pressenza.com\/it\/wp-json\/wp\/v2\/categories?post=2359123"},{"taxonomy":"post_tag","embeddable":true,"href":"https:\/\/www.pressenza.com\/it\/wp-json\/wp\/v2\/tags?post=2359123"}],"curies":[{"name":"wp","href":"https:\/\/api.w.org\/{rel}","templated":true}]}}