{"id":235362,"date":"2015-10-17T15:44:07","date_gmt":"2015-10-17T14:44:07","guid":{"rendered":"http:\/\/www.pressenza.com\/it\/?p=235362"},"modified":"2015-10-17T15:46:21","modified_gmt":"2015-10-17T14:46:21","slug":"conferenza-sulla-nonviolenza-in-mali","status":"publish","type":"post","link":"https:\/\/www.pressenza.com\/it\/2015\/10\/conferenza-sulla-nonviolenza-in-mali\/","title":{"rendered":"Conferenza sulla nonviolenza in Mali"},"content":{"rendered":"<p>Sabato 10 ottobre 2015 la scuola di Banakabogou a Bamako ha organizzato una conferenza nell&#8217;ambito delle celebrazioni del 2 ottobre, Giornata Internazionale della Nonviolenza<\/p>\n<p>Promossa dalle organizzazioni umaniste Mondo senza guerre e senza violenza, la Comunit\u00e0 per lo sviluppo umano, Partito Umanista e dall&#8217;associazione Abarek\u00e0 nandree, questa giornata si prefiggeva l&#8217;obiettivo di sensibilizzare gli alunni delle classi quinta e sesta sul metodo della nonviolenza attiva.<\/p>\n<p>La conferenza si \u00e8 aperta con gli interventi del direttore della scuola e di Mohamed Kanout\u00e9, per La Comunit\u00e0 per lo sviluppo umano, mentre il responsabile di Mondo senza guerre ha introdotto i seguenti temi:<\/p>\n<ul>\n<li>La violenza e le sue differenti forme;<\/li>\n<li>La nonviolenza attiva;<\/li>\n<li>La violenza in ambito scolastico;<\/li>\n<li>L&#8217;impegno dei giovani alunni nella lotta contro la violenza in ambito scolastico, in famiglia e nei quartieri;<\/li>\n<li>I precursori della nonviolenza\u00a0: Gandhi, Martin Luther King, Silo, Mandela.<\/li>\n<\/ul>\n<p>L&#8217;interscambio su queste tematiche \u00e8 stato accompagnato dalla proiezione di foto sulla marcia del sale di\u00a0 Gandhi e da immagini relative alle conseguenze disastrose della guerra e della violenza:<\/p>\n<p>L&#8217;attiva partecipazione degli alunni e degli insegnanti alla giornata ha spinto il direttore della scuola a programmare altri incontri sulle tematiche della nonviolenza nel corso del prossimo anno scolastico, \u00a0con l&#8217;aiuto delle organizzazioni umaniste.<\/p>\n","protected":false},"excerpt":{"rendered":"<p>Sabato 10 ottobre 2015 la scuola di Banakabogou a Bamako ha organizzato una conferenza nell&#8217;ambito delle celebrazioni del 2 ottobre, Giornata Internazionale della Nonviolenza Promossa dalle organizzazioni umaniste Mondo senza guerre e senza violenza, la Comunit\u00e0 per lo sviluppo umano,&hellip;<\/p>\n","protected":false},"author":941,"featured_media":235363,"comment_status":"closed","ping_status":"open","sticky":false,"template":"","format":"standard","meta":{"footnotes":""},"categories":[45,150,1262],"tags":[1782,460],"class_list":["post-235362","post","type-post","status-publish","format-standard","has-post-thumbnail","hentry","category-africa-it","category-comunicati-stampa","category-nonviolenza-argomento","tag-mali-it","tag-nonviolenza"],"yoast_head":"<!-- This site is optimized with the Yoast SEO plugin v27.1.1 - https:\/\/yoast.com\/product\/yoast-seo-wordpress\/ -->\n<title>Conferenza sulla nonviolenza in Mali<\/title>\n<meta name=\"description\" content=\"Sabato 10 ottobre 2015 la scuola di Banakabogou a Bamako ha organizzato una conferenza nell&#039;ambito delle celebrazioni del 2 ottobre, Giornata\" \/>\n<meta name=\"robots\" content=\"index, follow, max-snippet:-1, max-image-preview:large, max-video-preview:-1\" \/>\n<link rel=\"canonical\" href=\"https:\/\/www.pressenza.com\/it\/2015\/10\/conferenza-sulla-nonviolenza-in-mali\/\" \/>\n<meta property=\"og:locale\" content=\"it_IT\" \/>\n<meta property=\"og:type\" content=\"article\" \/>\n<meta property=\"og:title\" content=\"Conferenza sulla nonviolenza in Mali\" \/>\n<meta property=\"og:description\" content=\"Sabato 10 ottobre 2015 la scuola di Banakabogou a Bamako ha organizzato una conferenza nell&#039;ambito delle celebrazioni del 2 ottobre, Giornata\" \/>\n<meta property=\"og:url\" content=\"https:\/\/www.pressenza.com\/it\/2015\/10\/conferenza-sulla-nonviolenza-in-mali\/\" \/>\n<meta property=\"og:site_name\" content=\"Pressenza\" \/>\n<meta property=\"article:publisher\" content=\"https:\/\/www.facebook.com\/PressenzaItalia\" \/>\n<meta property=\"article:published_time\" content=\"2015-10-17T14:44:07+00:00\" \/>\n<meta property=\"article:modified_time\" content=\"2015-10-17T14:46:21+00:00\" \/>\n<meta property=\"og:image\" content=\"https:\/\/www.pressenza.com\/wp-content\/uploads\/2015\/10\/2-ottobre-Mali.jpg\" \/>\n\t<meta property=\"og:image:width\" content=\"4320\" \/>\n\t<meta property=\"og:image:height\" content=\"2432\" \/>\n\t<meta property=\"og:image:type\" content=\"image\/jpeg\" \/>\n<meta name=\"author\" content=\"Antonella Freggiaro\" \/>\n<meta name=\"twitter:card\" content=\"summary_large_image\" \/>\n<meta name=\"twitter:creator\" content=\"@PressenzaIPA\" \/>\n<meta name=\"twitter:site\" content=\"@PressenzaIPA\" \/>\n<meta name=\"twitter:label1\" content=\"Scritto da\" \/>\n\t<meta name=\"twitter:data1\" content=\"Antonella Freggiaro\" \/>\n\t<meta name=\"twitter:label2\" content=\"Tempo di lettura stimato\" \/>\n\t<meta name=\"twitter:data2\" content=\"1 minuto\" \/>\n<script type=\"application\/ld+json\" class=\"yoast-schema-graph\">{\"@context\":\"https:\/\/schema.org\",\"@graph\":[{\"@type\":\"Article\",\"@id\":\"https:\/\/www.pressenza.com\/it\/2015\/10\/conferenza-sulla-nonviolenza-in-mali\/#article\",\"isPartOf\":{\"@id\":\"https:\/\/www.pressenza.com\/it\/2015\/10\/conferenza-sulla-nonviolenza-in-mali\/\"},\"author\":{\"name\":\"Antonella Freggiaro\",\"@id\":\"https:\/\/www.pressenza.com\/it\/#\/schema\/person\/3e5837299c96e9fe8354a3f2dcd7d89f\"},\"headline\":\"Conferenza sulla nonviolenza in Mali\",\"datePublished\":\"2015-10-17T14:44:07+00:00\",\"dateModified\":\"2015-10-17T14:46:21+00:00\",\"mainEntityOfPage\":{\"@id\":\"https:\/\/www.pressenza.com\/it\/2015\/10\/conferenza-sulla-nonviolenza-in-mali\/\"},\"wordCount\":212,\"publisher\":{\"@id\":\"https:\/\/www.pressenza.com\/it\/#organization\"},\"image\":{\"@id\":\"https:\/\/www.pressenza.com\/it\/2015\/10\/conferenza-sulla-nonviolenza-in-mali\/#primaryimage\"},\"thumbnailUrl\":\"https:\/\/www.pressenza.com\/wp-content\/uploads\/2015\/10\/2-ottobre-Mali.jpg\",\"keywords\":[\"Mali\",\"nonviolenza\"],\"articleSection\":[\"Africa\",\"Comunicati Stampa\",\"Nonviolenza\"],\"inLanguage\":\"it-IT\"},{\"@type\":\"WebPage\",\"@id\":\"https:\/\/www.pressenza.com\/it\/2015\/10\/conferenza-sulla-nonviolenza-in-mali\/\",\"url\":\"https:\/\/www.pressenza.com\/it\/2015\/10\/conferenza-sulla-nonviolenza-in-mali\/\",\"name\":\"Conferenza sulla nonviolenza in Mali\",\"isPartOf\":{\"@id\":\"https:\/\/www.pressenza.com\/it\/#website\"},\"primaryImageOfPage\":{\"@id\":\"https:\/\/www.pressenza.com\/it\/2015\/10\/conferenza-sulla-nonviolenza-in-mali\/#primaryimage\"},\"image\":{\"@id\":\"https:\/\/www.pressenza.com\/it\/2015\/10\/conferenza-sulla-nonviolenza-in-mali\/#primaryimage\"},\"thumbnailUrl\":\"https:\/\/www.pressenza.com\/wp-content\/uploads\/2015\/10\/2-ottobre-Mali.jpg\",\"datePublished\":\"2015-10-17T14:44:07+00:00\",\"dateModified\":\"2015-10-17T14:46:21+00:00\",\"description\":\"Sabato 10 ottobre 2015 la scuola di Banakabogou a Bamako ha organizzato una conferenza nell'ambito delle celebrazioni del 2 ottobre, Giornata\",\"breadcrumb\":{\"@id\":\"https:\/\/www.pressenza.com\/it\/2015\/10\/conferenza-sulla-nonviolenza-in-mali\/#breadcrumb\"},\"inLanguage\":\"it-IT\",\"potentialAction\":[{\"@type\":\"ReadAction\",\"target\":[\"https:\/\/www.pressenza.com\/it\/2015\/10\/conferenza-sulla-nonviolenza-in-mali\/\"]}]},{\"@type\":\"ImageObject\",\"inLanguage\":\"it-IT\",\"@id\":\"https:\/\/www.pressenza.com\/it\/2015\/10\/conferenza-sulla-nonviolenza-in-mali\/#primaryimage\",\"url\":\"https:\/\/www.pressenza.com\/wp-content\/uploads\/2015\/10\/2-ottobre-Mali.jpg\",\"contentUrl\":\"https:\/\/www.pressenza.com\/wp-content\/uploads\/2015\/10\/2-ottobre-Mali.jpg\",\"width\":4320,\"height\":2432},{\"@type\":\"BreadcrumbList\",\"@id\":\"https:\/\/www.pressenza.com\/it\/2015\/10\/conferenza-sulla-nonviolenza-in-mali\/#breadcrumb\",\"itemListElement\":[{\"@type\":\"ListItem\",\"position\":1,\"name\":\"Accueil\",\"item\":\"https:\/\/www.pressenza.com\/it\/\"},{\"@type\":\"ListItem\",\"position\":2,\"name\":\"Conferenza sulla nonviolenza in Mali\"}]},{\"@type\":\"WebSite\",\"@id\":\"https:\/\/www.pressenza.com\/it\/#website\",\"url\":\"https:\/\/www.pressenza.com\/it\/\",\"name\":\"Pressenza\",\"description\":\"Agenzia di Stampa Internazionale\",\"publisher\":{\"@id\":\"https:\/\/www.pressenza.com\/it\/#organization\"},\"potentialAction\":[{\"@type\":\"SearchAction\",\"target\":{\"@type\":\"EntryPoint\",\"urlTemplate\":\"https:\/\/www.pressenza.com\/it\/?s={search_term_string}\"},\"query-input\":{\"@type\":\"PropertyValueSpecification\",\"valueRequired\":true,\"valueName\":\"search_term_string\"}}],\"inLanguage\":\"it-IT\"},{\"@type\":\"Organization\",\"@id\":\"https:\/\/www.pressenza.com\/it\/#organization\",\"name\":\"Pressenza\",\"url\":\"https:\/\/www.pressenza.com\/it\/\",\"logo\":{\"@type\":\"ImageObject\",\"inLanguage\":\"it-IT\",\"@id\":\"https:\/\/www.pressenza.com\/it\/#\/schema\/logo\/image\/\",\"url\":\"https:\/\/www.pressenza.com\/wp-content\/uploads\/2022\/10\/pressenza_logo_200x200.jpg\",\"contentUrl\":\"https:\/\/www.pressenza.com\/wp-content\/uploads\/2022\/10\/pressenza_logo_200x200.jpg\",\"width\":200,\"height\":200,\"caption\":\"Pressenza\"},\"image\":{\"@id\":\"https:\/\/www.pressenza.com\/it\/#\/schema\/logo\/image\/\"},\"sameAs\":[\"https:\/\/www.facebook.com\/PressenzaItalia\",\"https:\/\/x.com\/PressenzaIPA\"]},{\"@type\":\"Person\",\"@id\":\"https:\/\/www.pressenza.com\/it\/#\/schema\/person\/3e5837299c96e9fe8354a3f2dcd7d89f\",\"name\":\"Antonella Freggiaro\",\"description\":\"Antonella Freggiaro, presidente dell'associazione Abarek\u00e0-Nandree, \u00e8 impegnata da anni in Mali in progetti nel campo dell'educazione, della nonviolenza e della sanit\u00e0.\",\"url\":\"https:\/\/www.pressenza.com\/it\/author\/antonella-freggiaro\/\"}]}<\/script>\n<!-- \/ Yoast SEO plugin. -->","yoast_head_json":{"title":"Conferenza sulla nonviolenza in Mali","description":"Sabato 10 ottobre 2015 la scuola di Banakabogou a Bamako ha organizzato una conferenza nell'ambito delle celebrazioni del 2 ottobre, Giornata","robots":{"index":"index","follow":"follow","max-snippet":"max-snippet:-1","max-image-preview":"max-image-preview:large","max-video-preview":"max-video-preview:-1"},"canonical":"https:\/\/www.pressenza.com\/it\/2015\/10\/conferenza-sulla-nonviolenza-in-mali\/","og_locale":"it_IT","og_type":"article","og_title":"Conferenza sulla nonviolenza in Mali","og_description":"Sabato 10 ottobre 2015 la scuola di Banakabogou a Bamako ha organizzato una conferenza nell'ambito delle celebrazioni del 2 ottobre, Giornata","og_url":"https:\/\/www.pressenza.com\/it\/2015\/10\/conferenza-sulla-nonviolenza-in-mali\/","og_site_name":"Pressenza","article_publisher":"https:\/\/www.facebook.com\/PressenzaItalia","article_published_time":"2015-10-17T14:44:07+00:00","article_modified_time":"2015-10-17T14:46:21+00:00","og_image":[{"width":4320,"height":2432,"url":"https:\/\/www.pressenza.com\/wp-content\/uploads\/2015\/10\/2-ottobre-Mali.jpg","type":"image\/jpeg"}],"author":"Antonella Freggiaro","twitter_card":"summary_large_image","twitter_creator":"@PressenzaIPA","twitter_site":"@PressenzaIPA","twitter_misc":{"Scritto da":"Antonella Freggiaro","Tempo di lettura stimato":"1 minuto"},"schema":{"@context":"https:\/\/schema.org","@graph":[{"@type":"Article","@id":"https:\/\/www.pressenza.com\/it\/2015\/10\/conferenza-sulla-nonviolenza-in-mali\/#article","isPartOf":{"@id":"https:\/\/www.pressenza.com\/it\/2015\/10\/conferenza-sulla-nonviolenza-in-mali\/"},"author":{"name":"Antonella Freggiaro","@id":"https:\/\/www.pressenza.com\/it\/#\/schema\/person\/3e5837299c96e9fe8354a3f2dcd7d89f"},"headline":"Conferenza sulla nonviolenza in Mali","datePublished":"2015-10-17T14:44:07+00:00","dateModified":"2015-10-17T14:46:21+00:00","mainEntityOfPage":{"@id":"https:\/\/www.pressenza.com\/it\/2015\/10\/conferenza-sulla-nonviolenza-in-mali\/"},"wordCount":212,"publisher":{"@id":"https:\/\/www.pressenza.com\/it\/#organization"},"image":{"@id":"https:\/\/www.pressenza.com\/it\/2015\/10\/conferenza-sulla-nonviolenza-in-mali\/#primaryimage"},"thumbnailUrl":"https:\/\/www.pressenza.com\/wp-content\/uploads\/2015\/10\/2-ottobre-Mali.jpg","keywords":["Mali","nonviolenza"],"articleSection":["Africa","Comunicati Stampa","Nonviolenza"],"inLanguage":"it-IT"},{"@type":"WebPage","@id":"https:\/\/www.pressenza.com\/it\/2015\/10\/conferenza-sulla-nonviolenza-in-mali\/","url":"https:\/\/www.pressenza.com\/it\/2015\/10\/conferenza-sulla-nonviolenza-in-mali\/","name":"Conferenza sulla nonviolenza in Mali","isPartOf":{"@id":"https:\/\/www.pressenza.com\/it\/#website"},"primaryImageOfPage":{"@id":"https:\/\/www.pressenza.com\/it\/2015\/10\/conferenza-sulla-nonviolenza-in-mali\/#primaryimage"},"image":{"@id":"https:\/\/www.pressenza.com\/it\/2015\/10\/conferenza-sulla-nonviolenza-in-mali\/#primaryimage"},"thumbnailUrl":"https:\/\/www.pressenza.com\/wp-content\/uploads\/2015\/10\/2-ottobre-Mali.jpg","datePublished":"2015-10-17T14:44:07+00:00","dateModified":"2015-10-17T14:46:21+00:00","description":"Sabato 10 ottobre 2015 la scuola di Banakabogou a Bamako ha organizzato una conferenza nell'ambito delle celebrazioni del 2 ottobre, Giornata","breadcrumb":{"@id":"https:\/\/www.pressenza.com\/it\/2015\/10\/conferenza-sulla-nonviolenza-in-mali\/#breadcrumb"},"inLanguage":"it-IT","potentialAction":[{"@type":"ReadAction","target":["https:\/\/www.pressenza.com\/it\/2015\/10\/conferenza-sulla-nonviolenza-in-mali\/"]}]},{"@type":"ImageObject","inLanguage":"it-IT","@id":"https:\/\/www.pressenza.com\/it\/2015\/10\/conferenza-sulla-nonviolenza-in-mali\/#primaryimage","url":"https:\/\/www.pressenza.com\/wp-content\/uploads\/2015\/10\/2-ottobre-Mali.jpg","contentUrl":"https:\/\/www.pressenza.com\/wp-content\/uploads\/2015\/10\/2-ottobre-Mali.jpg","width":4320,"height":2432},{"@type":"BreadcrumbList","@id":"https:\/\/www.pressenza.com\/it\/2015\/10\/conferenza-sulla-nonviolenza-in-mali\/#breadcrumb","itemListElement":[{"@type":"ListItem","position":1,"name":"Accueil","item":"https:\/\/www.pressenza.com\/it\/"},{"@type":"ListItem","position":2,"name":"Conferenza sulla nonviolenza in Mali"}]},{"@type":"WebSite","@id":"https:\/\/www.pressenza.com\/it\/#website","url":"https:\/\/www.pressenza.com\/it\/","name":"Pressenza","description":"Agenzia di Stampa Internazionale","publisher":{"@id":"https:\/\/www.pressenza.com\/it\/#organization"},"potentialAction":[{"@type":"SearchAction","target":{"@type":"EntryPoint","urlTemplate":"https:\/\/www.pressenza.com\/it\/?s={search_term_string}"},"query-input":{"@type":"PropertyValueSpecification","valueRequired":true,"valueName":"search_term_string"}}],"inLanguage":"it-IT"},{"@type":"Organization","@id":"https:\/\/www.pressenza.com\/it\/#organization","name":"Pressenza","url":"https:\/\/www.pressenza.com\/it\/","logo":{"@type":"ImageObject","inLanguage":"it-IT","@id":"https:\/\/www.pressenza.com\/it\/#\/schema\/logo\/image\/","url":"https:\/\/www.pressenza.com\/wp-content\/uploads\/2022\/10\/pressenza_logo_200x200.jpg","contentUrl":"https:\/\/www.pressenza.com\/wp-content\/uploads\/2022\/10\/pressenza_logo_200x200.jpg","width":200,"height":200,"caption":"Pressenza"},"image":{"@id":"https:\/\/www.pressenza.com\/it\/#\/schema\/logo\/image\/"},"sameAs":["https:\/\/www.facebook.com\/PressenzaItalia","https:\/\/x.com\/PressenzaIPA"]},{"@type":"Person","@id":"https:\/\/www.pressenza.com\/it\/#\/schema\/person\/3e5837299c96e9fe8354a3f2dcd7d89f","name":"Antonella Freggiaro","description":"Antonella Freggiaro, presidente dell'associazione Abarek\u00e0-Nandree, \u00e8 impegnata da anni in Mali in progetti nel campo dell'educazione, della nonviolenza e della sanit\u00e0.","url":"https:\/\/www.pressenza.com\/it\/author\/antonella-freggiaro\/"}]}},"place":"Bamako, Mali","original_article_url":"","_links":{"self":[{"href":"https:\/\/www.pressenza.com\/it\/wp-json\/wp\/v2\/posts\/235362","targetHints":{"allow":["GET"]}}],"collection":[{"href":"https:\/\/www.pressenza.com\/it\/wp-json\/wp\/v2\/posts"}],"about":[{"href":"https:\/\/www.pressenza.com\/it\/wp-json\/wp\/v2\/types\/post"}],"author":[{"embeddable":true,"href":"https:\/\/www.pressenza.com\/it\/wp-json\/wp\/v2\/users\/941"}],"replies":[{"embeddable":true,"href":"https:\/\/www.pressenza.com\/it\/wp-json\/wp\/v2\/comments?post=235362"}],"version-history":[{"count":0,"href":"https:\/\/www.pressenza.com\/it\/wp-json\/wp\/v2\/posts\/235362\/revisions"}],"wp:featuredmedia":[{"embeddable":true,"href":"https:\/\/www.pressenza.com\/it\/wp-json\/wp\/v2\/media\/235363"}],"wp:attachment":[{"href":"https:\/\/www.pressenza.com\/it\/wp-json\/wp\/v2\/media?parent=235362"}],"wp:term":[{"taxonomy":"category","embeddable":true,"href":"https:\/\/www.pressenza.com\/it\/wp-json\/wp\/v2\/categories?post=235362"},{"taxonomy":"post_tag","embeddable":true,"href":"https:\/\/www.pressenza.com\/it\/wp-json\/wp\/v2\/tags?post=235362"}],"curies":[{"name":"wp","href":"https:\/\/api.w.org\/{rel}","templated":true}]}}